{"id":66922,"date":"2017-05-10T13:00:10","date_gmt":"2017-05-10T11:00:10","guid":{"rendered":"https:\/\/www.iemj.org\/conference-musique-yiddish-dans-les-cabarets-dapres-guerre\/"},"modified":"2022-01-18T16:42:24","modified_gmt":"2022-01-18T15:42:24","slug":"conference-musique-yiddish-dans-les-cabarets-dapres-guerre","status":"publish","type":"post","link":"https:\/\/www.iemj.org\/it\/conference-musique-yiddish-dans-les-cabarets-dapres-guerre\/","title":{"rendered":"Musica yiddish nei cabaret parigini del dopoguerra"},"content":{"rendered":"\n<p><strong>Conferenza filmata, nell&#8217;ambito della prima edizione &#8220;Campus en musique&#8221; del \u00a0centro Medem-Arbeter Ring, incentrata sulla musica dei cabaret yiddish nella Parigi del dopoguerra, di Herv\u00e9 Roten, direttore dell&#8217;Istituto Europeo di Musiche Ebraiche e David Winter, pro-nipote del cantante Dave Cash<\/strong><\/p>\n\n\n\n<!--more-->\n\n\n\n<p><\/p>\n\n\n\n<p>Nell&#8217;immediato dopoguerra, gli ebrei cercano di ricostruire essi stessi, sia individualmente che collettivamente. Parigi cristallizza le speranze di rivitalizzazione della vita ebraica in Europa, mentre serve come punto di passaggio o di aNell&#8217;immediato dopoguerra, gli ebrei tentano di ricostruirsi, sia individualmente che collettivamente. Parigi cristallizza in quel momento le speranze per una rivitalizzazione della vita ebraica in Europa, fungendo ugualmente di punto di passaggio o di legame per i sopravvissuti in cerca di una nuova casa. Una moltitudine di strutture organizzano la vita culturale: societ\u00e0 ebraiche, teatri, ma anche caff\u00e8 e cabaret, come <em>La Riviera<\/em> di Bernard Potock e Dave Cash, <em>l&#8217;Habibi Club<\/em> di Sigmunt Berland (precedentemente chiamato Petit Rancho) od ancora il cabaret-dancing <em>Le Zodiac<\/em>. All&#8217;inizio degli anni &#8217;60, <a href=\"https:\/\/www.iemj.org\/en\/cash-dave-louis-ludwig-slomniker-1910-1981\/\" target=\"_blank\" rel=\"noreferrer noopener\">Dave Cash<\/a> apre il <em>Cabaret Bagatelle<\/em>, al 29 di rue de Clichy. Qualche anno dopo si trasferisce e crea <em>Le Cabaret Yiddish<\/em> a Pigalle, che chiude negli anni &#8217;70 per mancanza di clienti.<\/p>\n\n\n\n<p>Foto, manifesti, articoli di stampa e numerosi dischi 78 e 33 giri hanno conservato le tracce di questa brillante epoca dei cabaret yiddish. Tra il 1948 e il 1953, la casa discografica Elesdisc registra almeno 154 titoli interpretati da grandi artisti come Henri Gerro, Dave Cash, Sarah Gorby, Richard Inger, Elvira Boczkowska, Simon Nussbaum, Max Neufeld&#8230;<\/p>\n\n\n\n<p>Nel 2015, le Edizioni dell\u2019Istituto Europeo di Musiche Ebraiche hanno pubblicato un&nbsp;<a href=\"https:\/\/www.iemj.org\/it\/reedition-du-coffret-musiques-juives-dans-le-paris-dapres-guerre-elesdisc-1948-1953\/\" target=\"_blank\" rel=\"noreferrer noopener\">cofanetto di 6 CD<\/a>&nbsp;contenente pi\u00f9 di 120 canzoni che testimoniano l\u2019atmosfera creativa dei cabaret ebraici del dopoguerra, dove gli artisti combinavano audacemente folklore e samba, tanghi nostalgici o swings satirici, in yiddish, ma anche in russo, ebraico e persino in rumeno \u2026<\/p>\n\n\n\n<p><a href=\"https:\/\/www.iemj.org\/it\/produit\/casket-of-the-jewish-musics-in-paris-in-the-aftermath-of-ww-ii\/\" target=\"_blank\" rel=\"noreferrer noopener\"><a href=\"https:\/\/www.iemj.org\/produit\/coffret-6-cds-musiques-juives-dans-le-paris-d-apres-guerre\/\" target=\"_blank\" rel=\"noreferrer noopener\">Ordinare il cofanetto online sul sito dell\u2019IEMJ<\/a><\/a><\/p>\n\n\n\n<p><a href=\"https:\/\/www.iemj.org\/it\/video-musique-juives-dans-le-paris-dapres-guerre\/\" target=\"_blank\" rel=\"noreferrer noopener\">Guarda il video La musica ebraica nella Parigi del dopoguer<a href=\"https:\/\/www.iemj.org\/video-musique-juives-dans-le-paris-dapres-guerre\/\" target=\"_blank\" rel=\"noreferrer noopener\">Vedere la vid\u00e9o Musiche ebraiche nella Parigi del dopoguerra<\/a><\/a><\/p>\n\n\n\n<p>Produttore <strong>: <\/strong>Les Editions de l\u2019IEMJ<br>Con il contributo di : El\u00e9onore Biezunski, L\u00e9a Couderc, Herv\u00e9 Roten<\/p>\n\n\n\n<p><\/p>\n\n\n\n<figure class=\"wp-block-video\"><video controls src=\"https:\/\/www.iemj.org\/wp-content\/uploads\/2021\/09\/Conf-Musiques-yiddish-dans-les-cabarets-dAG_compresse.mp4\"><\/video><figcaption><strong>Guardare la conferenza (in francese) <em>La musica yiddish nei cabaret parigini del dopoguerra<\/em><\/strong><\/figcaption><\/figure>\n\n\n\n<p><\/p>\n","protected":false},"excerpt":{"rendered":"<p>Conferenza filmata, nell&#8217;ambito della prima edizione &#8220;Campus en musique&#8221; del \u00a0centro Medem-Arbeter Ring, incentrata sulla musica dei cabaret yiddish nella Parigi del dopoguerra, di Herv\u00e9 Roten, direttore dell&#8217;Istituto Europeo di<\/p>\n","protected":false},"author":1052,"featured_media":66923,"comment_status":"closed","ping_status":"closed","sticky":false,"template":"","format":"standard","meta":{"_acf_changed":false,"footnotes":""},"categories":[1419],"tags":[],"technique":[],"squelettes":[],"sujet":[],"formation":[],"genre":[1676],"fonds":[],"tradition":[],"type-de-contenu":[],"interprete-compositeur":[],"frise":[],"type-devenement":[],"tableaux-liens-externes":[],"class_list":["post-66922","post","type-post","status-publish","format-standard","has-post-thumbnail","hentry","category-corsi-conferenze-2-it","genre-yiddish-it-2"],"acf":[],"yoast_head":"<!-- This site is optimized with the Yoast SEO plugin v27.3 - https:\/\/yoast.com\/product\/yoast-seo-wordpress\/ -->\n<title>Musica yiddish nei cabaret parigini del dopoguerra - Institut Europ\u00e9en des Musiques Juives<\/title>\n<meta name=\"robots\" content=\"index, follow, max-snippet:-1, max-image-preview:large, max-video-preview:-1\" \/>\n<link rel=\"canonical\" href=\"https:\/\/www.iemj.org\/it\/conference-musique-yiddish-dans-les-cabarets-dapres-guerre\/\" \/>\n<meta property=\"og:locale\" content=\"it_IT\" \/>\n<meta property=\"og:type\" content=\"article\" \/>\n<meta property=\"og:title\" content=\"Musica yiddish nei cabaret parigini del dopoguerra - Institut Europ\u00e9en des Musiques Juives\" \/>\n<meta property=\"og:description\" content=\"Conferenza filmata, nell&#8217;ambito della prima edizione &#8220;Campus en musique&#8221; del \u00a0centro Medem-Arbeter Ring, incentrata sulla musica dei cabaret yiddish nella Parigi del dopoguerra, di Herv\u00e9 Roten, direttore dell&#8217;Istituto Europeo di\" \/>\n<meta property=\"og:url\" content=\"https:\/\/www.iemj.org\/it\/conference-musique-yiddish-dans-les-cabarets-dapres-guerre\/\" \/>\n<meta property=\"og:site_name\" content=\"Institut Europ\u00e9en des Musiques Juives\" \/>\n<meta property=\"article:publisher\" content=\"https:\/\/www.facebook.com\/MusiquesJuives\/\" \/>\n<meta property=\"article:published_time\" content=\"2017-05-10T11:00:10+00:00\" \/>\n<meta property=\"article:modified_time\" content=\"2022-01-18T15:42:24+00:00\" \/>\n<meta property=\"og:image\" content=\"https:\/\/www.iemj.org\/wp-content\/uploads\/2017\/05\/arton2287-e1632390636837.jpg\" \/>\n\t<meta property=\"og:image:width\" content=\"350\" \/>\n\t<meta property=\"og:image:height\" content=\"220\" \/>\n\t<meta property=\"og:image:type\" content=\"image\/jpeg\" \/>\n<meta name=\"author\" content=\"Lea Couderc\" \/>\n<meta name=\"twitter:card\" content=\"summary_large_image\" \/>\n<meta name=\"twitter:label1\" content=\"Scritto da\" \/>\n\t<meta name=\"twitter:data1\" content=\"Lea Couderc\" \/>\n\t<meta name=\"twitter:label2\" content=\"Tempo di lettura stimato\" \/>\n\t<meta name=\"twitter:data2\" content=\"2 minuti\" \/>\n<script type=\"application\/ld+json\" class=\"yoast-schema-graph\">{\"@context\":\"https:\\\/\\\/schema.org\",\"@graph\":[{\"@type\":\"Article\",\"@id\":\"https:\\\/\\\/www.iemj.org\\\/it\\\/conference-musique-yiddish-dans-les-cabarets-dapres-guerre\\\/#article\",\"isPartOf\":{\"@id\":\"https:\\\/\\\/www.iemj.org\\\/it\\\/conference-musique-yiddish-dans-les-cabarets-dapres-guerre\\\/\"},\"author\":{\"name\":\"Lea Couderc\",\"@id\":\"https:\\\/\\\/www.iemj.org\\\/it\\\/#\\\/schema\\\/person\\\/e2ad57f2c4be119c7ed8ab79036807a9\"},\"headline\":\"Musica yiddish nei cabaret parigini del dopoguerra\",\"datePublished\":\"2017-05-10T11:00:10+00:00\",\"dateModified\":\"2022-01-18T15:42:24+00:00\",\"mainEntityOfPage\":{\"@id\":\"https:\\\/\\\/www.iemj.org\\\/it\\\/conference-musique-yiddish-dans-les-cabarets-dapres-guerre\\\/\"},\"wordCount\":366,\"publisher\":{\"@id\":\"https:\\\/\\\/www.iemj.org\\\/it\\\/#organization\"},\"image\":{\"@id\":\"https:\\\/\\\/www.iemj.org\\\/it\\\/conference-musique-yiddish-dans-les-cabarets-dapres-guerre\\\/#primaryimage\"},\"thumbnailUrl\":\"https:\\\/\\\/www.iemj.org\\\/wp-content\\\/uploads\\\/2017\\\/05\\\/arton2287-e1632390636837.jpg\",\"articleSection\":[\"Corsi \\\/ Conferenze\"],\"inLanguage\":\"it-IT\"},{\"@type\":\"WebPage\",\"@id\":\"https:\\\/\\\/www.iemj.org\\\/it\\\/conference-musique-yiddish-dans-les-cabarets-dapres-guerre\\\/\",\"url\":\"https:\\\/\\\/www.iemj.org\\\/it\\\/conference-musique-yiddish-dans-les-cabarets-dapres-guerre\\\/\",\"name\":\"Musica yiddish nei cabaret parigini del dopoguerra - Institut Europ\u00e9en des Musiques Juives\",\"isPartOf\":{\"@id\":\"https:\\\/\\\/www.iemj.org\\\/it\\\/#website\"},\"primaryImageOfPage\":{\"@id\":\"https:\\\/\\\/www.iemj.org\\\/it\\\/conference-musique-yiddish-dans-les-cabarets-dapres-guerre\\\/#primaryimage\"},\"image\":{\"@id\":\"https:\\\/\\\/www.iemj.org\\\/it\\\/conference-musique-yiddish-dans-les-cabarets-dapres-guerre\\\/#primaryimage\"},\"thumbnailUrl\":\"https:\\\/\\\/www.iemj.org\\\/wp-content\\\/uploads\\\/2017\\\/05\\\/arton2287-e1632390636837.jpg\",\"datePublished\":\"2017-05-10T11:00:10+00:00\",\"dateModified\":\"2022-01-18T15:42:24+00:00\",\"breadcrumb\":{\"@id\":\"https:\\\/\\\/www.iemj.org\\\/it\\\/conference-musique-yiddish-dans-les-cabarets-dapres-guerre\\\/#breadcrumb\"},\"inLanguage\":\"it-IT\",\"potentialAction\":[{\"@type\":\"ReadAction\",\"target\":[\"https:\\\/\\\/www.iemj.org\\\/it\\\/conference-musique-yiddish-dans-les-cabarets-dapres-guerre\\\/\"]}]},{\"@type\":\"ImageObject\",\"inLanguage\":\"it-IT\",\"@id\":\"https:\\\/\\\/www.iemj.org\\\/it\\\/conference-musique-yiddish-dans-les-cabarets-dapres-guerre\\\/#primaryimage\",\"url\":\"https:\\\/\\\/www.iemj.org\\\/wp-content\\\/uploads\\\/2017\\\/05\\\/arton2287-e1632390636837.jpg\",\"contentUrl\":\"https:\\\/\\\/www.iemj.org\\\/wp-content\\\/uploads\\\/2017\\\/05\\\/arton2287-e1632390636837.jpg\",\"width\":350,\"height\":220},{\"@type\":\"BreadcrumbList\",\"@id\":\"https:\\\/\\\/www.iemj.org\\\/it\\\/conference-musique-yiddish-dans-les-cabarets-dapres-guerre\\\/#breadcrumb\",\"itemListElement\":[{\"@type\":\"ListItem\",\"position\":1,\"name\":\"Accueil\",\"item\":\"https:\\\/\\\/www.iemj.org\\\/it\\\/\"},{\"@type\":\"ListItem\",\"position\":2,\"name\":\"Musica yiddish nei cabaret parigini del dopoguerra\"}]},{\"@type\":\"WebSite\",\"@id\":\"https:\\\/\\\/www.iemj.org\\\/it\\\/#website\",\"url\":\"https:\\\/\\\/www.iemj.org\\\/it\\\/\",\"name\":\"Institut Europ\u00e9en des Musiques Juives\",\"description\":\"Des traditions musicales \u00e0 la port\u00e9e de tous\",\"publisher\":{\"@id\":\"https:\\\/\\\/www.iemj.org\\\/it\\\/#organization\"},\"potentialAction\":[{\"@type\":\"SearchAction\",\"target\":{\"@type\":\"EntryPoint\",\"urlTemplate\":\"https:\\\/\\\/www.iemj.org\\\/it\\\/?s={search_term_string}\"},\"query-input\":{\"@type\":\"PropertyValueSpecification\",\"valueRequired\":true,\"valueName\":\"search_term_string\"}}],\"inLanguage\":\"it-IT\"},{\"@type\":\"Organization\",\"@id\":\"https:\\\/\\\/www.iemj.org\\\/it\\\/#organization\",\"name\":\"Institut Europ\u00e9en des Musiques Juives\",\"url\":\"https:\\\/\\\/www.iemj.org\\\/it\\\/\",\"logo\":{\"@type\":\"ImageObject\",\"inLanguage\":\"it-IT\",\"@id\":\"https:\\\/\\\/www.iemj.org\\\/it\\\/#\\\/schema\\\/logo\\\/image\\\/\",\"url\":\"https:\\\/\\\/www.iemj.org\\\/wp-content\\\/uploads\\\/2021\\\/09\\\/Logo-IEMJ-Paypal.jpg\",\"contentUrl\":\"https:\\\/\\\/www.iemj.org\\\/wp-content\\\/uploads\\\/2021\\\/09\\\/Logo-IEMJ-Paypal.jpg\",\"width\":150,\"height\":50,\"caption\":\"Institut Europ\u00e9en des Musiques Juives\"},\"image\":{\"@id\":\"https:\\\/\\\/www.iemj.org\\\/it\\\/#\\\/schema\\\/logo\\\/image\\\/\"},\"sameAs\":[\"https:\\\/\\\/www.facebook.com\\\/MusiquesJuives\\\/\",\"https:\\\/\\\/www.instagram.com\\\/musiquesjuives\\\/\",\"https:\\\/\\\/www.youtube.com\\\/user\\\/musiquesjuives\"]},{\"@type\":\"Person\",\"@id\":\"https:\\\/\\\/www.iemj.org\\\/it\\\/#\\\/schema\\\/person\\\/e2ad57f2c4be119c7ed8ab79036807a9\",\"name\":\"Lea Couderc\",\"image\":{\"@type\":\"ImageObject\",\"inLanguage\":\"it-IT\",\"@id\":\"https:\\\/\\\/secure.gravatar.com\\\/avatar\\\/46ee021475d60aeff17a7e490b79dea5a5684bb392ab7fd1494027411df8ba23?s=96&d=mm&r=g\",\"url\":\"https:\\\/\\\/secure.gravatar.com\\\/avatar\\\/46ee021475d60aeff17a7e490b79dea5a5684bb392ab7fd1494027411df8ba23?s=96&d=mm&r=g\",\"contentUrl\":\"https:\\\/\\\/secure.gravatar.com\\\/avatar\\\/46ee021475d60aeff17a7e490b79dea5a5684bb392ab7fd1494027411df8ba23?s=96&d=mm&r=g\",\"caption\":\"Lea Couderc\"}}]}<\/script>\n<!-- \/ Yoast SEO plugin. -->","yoast_head_json":{"title":"Musica yiddish nei cabaret parigini del dopoguerra - Institut Europ\u00e9en des Musiques Juives","robots":{"index":"index","follow":"follow","max-snippet":"max-snippet:-1","max-image-preview":"max-image-preview:large","max-video-preview":"max-video-preview:-1"},"canonical":"https:\/\/www.iemj.org\/it\/conference-musique-yiddish-dans-les-cabarets-dapres-guerre\/","og_locale":"it_IT","og_type":"article","og_title":"Musica yiddish nei cabaret parigini del dopoguerra - Institut Europ\u00e9en des Musiques Juives","og_description":"Conferenza filmata, nell&#8217;ambito della prima edizione &#8220;Campus en musique&#8221; del \u00a0centro Medem-Arbeter Ring, incentrata sulla musica dei cabaret yiddish nella Parigi del dopoguerra, di Herv\u00e9 Roten, direttore dell&#8217;Istituto Europeo di","og_url":"https:\/\/www.iemj.org\/it\/conference-musique-yiddish-dans-les-cabarets-dapres-guerre\/","og_site_name":"Institut Europ\u00e9en des Musiques Juives","article_publisher":"https:\/\/www.facebook.com\/MusiquesJuives\/","article_published_time":"2017-05-10T11:00:10+00:00","article_modified_time":"2022-01-18T15:42:24+00:00","og_image":[{"width":350,"height":220,"url":"https:\/\/www.iemj.org\/wp-content\/uploads\/2017\/05\/arton2287-e1632390636837.jpg","type":"image\/jpeg"}],"author":"Lea Couderc","twitter_card":"summary_large_image","twitter_misc":{"Scritto da":"Lea Couderc","Tempo di lettura stimato":"2 minuti"},"schema":{"@context":"https:\/\/schema.org","@graph":[{"@type":"Article","@id":"https:\/\/www.iemj.org\/it\/conference-musique-yiddish-dans-les-cabarets-dapres-guerre\/#article","isPartOf":{"@id":"https:\/\/www.iemj.org\/it\/conference-musique-yiddish-dans-les-cabarets-dapres-guerre\/"},"author":{"name":"Lea Couderc","@id":"https:\/\/www.iemj.org\/it\/#\/schema\/person\/e2ad57f2c4be119c7ed8ab79036807a9"},"headline":"Musica yiddish nei cabaret parigini del dopoguerra","datePublished":"2017-05-10T11:00:10+00:00","dateModified":"2022-01-18T15:42:24+00:00","mainEntityOfPage":{"@id":"https:\/\/www.iemj.org\/it\/conference-musique-yiddish-dans-les-cabarets-dapres-guerre\/"},"wordCount":366,"publisher":{"@id":"https:\/\/www.iemj.org\/it\/#organization"},"image":{"@id":"https:\/\/www.iemj.org\/it\/conference-musique-yiddish-dans-les-cabarets-dapres-guerre\/#primaryimage"},"thumbnailUrl":"https:\/\/www.iemj.org\/wp-content\/uploads\/2017\/05\/arton2287-e1632390636837.jpg","articleSection":["Corsi \/ Conferenze"],"inLanguage":"it-IT"},{"@type":"WebPage","@id":"https:\/\/www.iemj.org\/it\/conference-musique-yiddish-dans-les-cabarets-dapres-guerre\/","url":"https:\/\/www.iemj.org\/it\/conference-musique-yiddish-dans-les-cabarets-dapres-guerre\/","name":"Musica yiddish nei cabaret parigini del dopoguerra - Institut Europ\u00e9en des Musiques Juives","isPartOf":{"@id":"https:\/\/www.iemj.org\/it\/#website"},"primaryImageOfPage":{"@id":"https:\/\/www.iemj.org\/it\/conference-musique-yiddish-dans-les-cabarets-dapres-guerre\/#primaryimage"},"image":{"@id":"https:\/\/www.iemj.org\/it\/conference-musique-yiddish-dans-les-cabarets-dapres-guerre\/#primaryimage"},"thumbnailUrl":"https:\/\/www.iemj.org\/wp-content\/uploads\/2017\/05\/arton2287-e1632390636837.jpg","datePublished":"2017-05-10T11:00:10+00:00","dateModified":"2022-01-18T15:42:24+00:00","breadcrumb":{"@id":"https:\/\/www.iemj.org\/it\/conference-musique-yiddish-dans-les-cabarets-dapres-guerre\/#breadcrumb"},"inLanguage":"it-IT","potentialAction":[{"@type":"ReadAction","target":["https:\/\/www.iemj.org\/it\/conference-musique-yiddish-dans-les-cabarets-dapres-guerre\/"]}]},{"@type":"ImageObject","inLanguage":"it-IT","@id":"https:\/\/www.iemj.org\/it\/conference-musique-yiddish-dans-les-cabarets-dapres-guerre\/#primaryimage","url":"https:\/\/www.iemj.org\/wp-content\/uploads\/2017\/05\/arton2287-e1632390636837.jpg","contentUrl":"https:\/\/www.iemj.org\/wp-content\/uploads\/2017\/05\/arton2287-e1632390636837.jpg","width":350,"height":220},{"@type":"BreadcrumbList","@id":"https:\/\/www.iemj.org\/it\/conference-musique-yiddish-dans-les-cabarets-dapres-guerre\/#breadcrumb","itemListElement":[{"@type":"ListItem","position":1,"name":"Accueil","item":"https:\/\/www.iemj.org\/it\/"},{"@type":"ListItem","position":2,"name":"Musica yiddish nei cabaret parigini del dopoguerra"}]},{"@type":"WebSite","@id":"https:\/\/www.iemj.org\/it\/#website","url":"https:\/\/www.iemj.org\/it\/","name":"Institut Europ\u00e9en des Musiques Juives","description":"Des traditions musicales \u00e0 la port\u00e9e de tous","publisher":{"@id":"https:\/\/www.iemj.org\/it\/#organization"},"potentialAction":[{"@type":"SearchAction","target":{"@type":"EntryPoint","urlTemplate":"https:\/\/www.iemj.org\/it\/?s={search_term_string}"},"query-input":{"@type":"PropertyValueSpecification","valueRequired":true,"valueName":"search_term_string"}}],"inLanguage":"it-IT"},{"@type":"Organization","@id":"https:\/\/www.iemj.org\/it\/#organization","name":"Institut Europ\u00e9en des Musiques Juives","url":"https:\/\/www.iemj.org\/it\/","logo":{"@type":"ImageObject","inLanguage":"it-IT","@id":"https:\/\/www.iemj.org\/it\/#\/schema\/logo\/image\/","url":"https:\/\/www.iemj.org\/wp-content\/uploads\/2021\/09\/Logo-IEMJ-Paypal.jpg","contentUrl":"https:\/\/www.iemj.org\/wp-content\/uploads\/2021\/09\/Logo-IEMJ-Paypal.jpg","width":150,"height":50,"caption":"Institut Europ\u00e9en des Musiques Juives"},"image":{"@id":"https:\/\/www.iemj.org\/it\/#\/schema\/logo\/image\/"},"sameAs":["https:\/\/www.facebook.com\/MusiquesJuives\/","https:\/\/www.instagram.com\/musiquesjuives\/","https:\/\/www.youtube.com\/user\/musiquesjuives"]},{"@type":"Person","@id":"https:\/\/www.iemj.org\/it\/#\/schema\/person\/e2ad57f2c4be119c7ed8ab79036807a9","name":"Lea Couderc","image":{"@type":"ImageObject","inLanguage":"it-IT","@id":"https:\/\/secure.gravatar.com\/avatar\/46ee021475d60aeff17a7e490b79dea5a5684bb392ab7fd1494027411df8ba23?s=96&d=mm&r=g","url":"https:\/\/secure.gravatar.com\/avatar\/46ee021475d60aeff17a7e490b79dea5a5684bb392ab7fd1494027411df8ba23?s=96&d=mm&r=g","contentUrl":"https:\/\/secure.gravatar.com\/avatar\/46ee021475d60aeff17a7e490b79dea5a5684bb392ab7fd1494027411df8ba23?s=96&d=mm&r=g","caption":"Lea Couderc"}}]}},"_links":{"self":[{"href":"https:\/\/www.iemj.org\/it\/wp-json\/wp\/v2\/posts\/66922","targetHints":{"allow":["GET"]}}],"collection":[{"href":"https:\/\/www.iemj.org\/it\/wp-json\/wp\/v2\/posts"}],"about":[{"href":"https:\/\/www.iemj.org\/it\/wp-json\/wp\/v2\/types\/post"}],"author":[{"embeddable":true,"href":"https:\/\/www.iemj.org\/it\/wp-json\/wp\/v2\/users\/1052"}],"replies":[{"embeddable":true,"href":"https:\/\/www.iemj.org\/it\/wp-json\/wp\/v2\/comments?post=66922"}],"version-history":[{"count":1,"href":"https:\/\/www.iemj.org\/it\/wp-json\/wp\/v2\/posts\/66922\/revisions"}],"predecessor-version":[{"id":130305,"href":"https:\/\/www.iemj.org\/it\/wp-json\/wp\/v2\/posts\/66922\/revisions\/130305"}],"wp:featuredmedia":[{"embeddable":true,"href":"https:\/\/www.iemj.org\/it\/wp-json\/wp\/v2\/media\/66923"}],"wp:attachment":[{"href":"https:\/\/www.iemj.org\/it\/wp-json\/wp\/v2\/media?parent=66922"}],"wp:term":[{"taxonomy":"category","embeddable":true,"href":"https:\/\/www.iemj.org\/it\/wp-json\/wp\/v2\/categories?post=66922"},{"taxonomy":"post_tag","embeddable":true,"href":"https:\/\/www.iemj.org\/it\/wp-json\/wp\/v2\/tags?post=66922"},{"taxonomy":"technique","embeddable":true,"href":"https:\/\/www.iemj.org\/it\/wp-json\/wp\/v2\/technique?post=66922"},{"taxonomy":"squelettes","embeddable":true,"href":"https:\/\/www.iemj.org\/it\/wp-json\/wp\/v2\/squelettes?post=66922"},{"taxonomy":"sujet","embeddable":true,"href":"https:\/\/www.iemj.org\/it\/wp-json\/wp\/v2\/sujet?post=66922"},{"taxonomy":"formation","embeddable":true,"href":"https:\/\/www.iemj.org\/it\/wp-json\/wp\/v2\/formation?post=66922"},{"taxonomy":"genre","embeddable":true,"href":"https:\/\/www.iemj.org\/it\/wp-json\/wp\/v2\/genre?post=66922"},{"taxonomy":"fonds","embeddable":true,"href":"https:\/\/www.iemj.org\/it\/wp-json\/wp\/v2\/fonds?post=66922"},{"taxonomy":"tradition","embeddable":true,"href":"https:\/\/www.iemj.org\/it\/wp-json\/wp\/v2\/tradition?post=66922"},{"taxonomy":"type-de-contenu","embeddable":true,"href":"https:\/\/www.iemj.org\/it\/wp-json\/wp\/v2\/type-de-contenu?post=66922"},{"taxonomy":"interprete-compositeur","embeddable":true,"href":"https:\/\/www.iemj.org\/it\/wp-json\/wp\/v2\/interprete-compositeur?post=66922"},{"taxonomy":"frise","embeddable":true,"href":"https:\/\/www.iemj.org\/it\/wp-json\/wp\/v2\/frise?post=66922"},{"taxonomy":"type-devenement","embeddable":true,"href":"https:\/\/www.iemj.org\/it\/wp-json\/wp\/v2\/type-devenement?post=66922"},{"taxonomy":"tableaux-liens-externes","embeddable":true,"href":"https:\/\/www.iemj.org\/it\/wp-json\/wp\/v2\/tableaux-liens-externes?post=66922"}],"curies":[{"name":"wp","href":"https:\/\/api.w.org\/{rel}","templated":true}]}}