{"id":68551,"date":"2021-02-17T11:37:52","date_gmt":"2021-02-17T10:37:52","guid":{"rendered":"https:\/\/www.iemj.org\/les-chants-de-shabbat-hassidiques\/"},"modified":"2024-02-15T17:30:26","modified_gmt":"2024-02-15T16:30:26","slug":"les-chants-de-shabbat-hassidiques","status":"publish","type":"post","link":"https:\/\/www.iemj.org\/it\/les-chants-de-shabbat-hassidiques\/","title":{"rendered":"I CANTI DELLO SHABBAT HASSIDICO"},"content":{"rendered":"<p><strong>Una selezione di canti di Shabbat delle diverse dinastie chassidiche (Gur, Loubavitch, Bratslav&#8230;) accanto ad interpretazioni pi\u00f9 contemporanee di Shlomo Carlebach, Mordechai Ben David, Avraham Fried od ancora Yaakov Shwekey<\/strong><\/p>\n<p><!--more--><\/p>\n<p>Lo shabbat, giorno di riposo, \u00e8 un\u2019istituzione della vita ebraica. Ed i canti che ritmano questo giorno particolare, occupano un posto importante, sia alla sinagoga con i cinque uffizi da\u00a0<em>Kabbalat shabbat<\/em>\u00a0a\u00a0<em>Motsei shabbat<\/em>, sia a casa con i rituali dell\u2019accensione delle candele, il\u00a0<em>Kiddush<\/em> (benedizione del vino) il venerd\u00ec sera, la <em><a href=\"https:\/\/it.wikipedia.org\/wiki\/Birkat_Hamazon\" target=\"_blank\" rel=\"noopener\">Birkat hamazon<\/a><\/em> (ringraziamento alla fine del pasto), o anche l\u2019<em><a href=\"https:\/\/it.wikipedia.org\/wiki\/Havdalah\" target=\"_blank\" rel=\"noopener\">Havdala<\/a><\/em>\u00a0(l\u2019ultimo\u00a0<em>Kiddush<\/em>\u00a0che chiude lo shabbat). \u00c8 anche consuetudine cantare, durante i quattro pasti dello shabbat, molte poesie religiose chiamate\u00a0<em>Zemirot<\/em>\u00a0(o\u00a0<em>Tish nigounim\u00a0<\/em>dagli hassidim).<\/p>\n<p>Lo shabbat rende cos\u00ec possibile trovare il proprio percorso interiore attraverso la sua voce esteriore.<\/p>\n<p>La seguente playlist presenta una selezione di preghiere di Shabbat e di <em>nigunim<\/em> (melodie) da ogni parte del mondo dove il movimento mistico chassidico si \u00e8 diffuso dalla sua creazione in Podolia a met\u00e0 del XVIII\u00b0 secolo da Israel ben Eliezer Baal Shem Tov. Ad uso di tutti, le melodie chassidiche sono generalmente facili da memorizzare, come nel caso della nostra playlist, che comprende melodie tradizionali delle diverse dinastie chassidiche (Gur, Loubavitch, Bratslav&#8230;) accanto ad interpretazioni pi\u00f9 contemporanee di <a href=\"https:\/\/fr.wikipedia.org\/wiki\/Shlomo_Carlebach\">Shlomo Carlebach<\/a>,\u00a0<a href=\"https:\/\/fr.wikipedia.org\/wiki\/Mordechai_Ben_David\">Mordechai Ben David<\/a>,\u00a0<a href=\"https:\/\/www.iemj.org\/it\/fried-avraham-1959\/\" target=\"_blank\" rel=\"noopener\">Avraham Fried<\/a>\u00a0od ancora\u00a0<a href=\"https:\/\/fr.wikipedia.org\/wiki\/Yaakov_Shwekey\">Yaakov Shwekey<\/a>\u2026<\/p>\n<p><a href=\"https:\/\/www.iemj.org\/it\/les-chants-de-shabbat\/\" target=\"_blank\" rel=\"noopener\">Leggere l\u2019articolo sui canti dello shabbat<\/a><br \/><a href=\"https:\/\/www.iemj.org\/it\/le-hassidisme-et-ses-musiques\/\" target=\"_blank\" rel=\"noopener\">Leggere l\u2019articolo sul hassidismo e la sua musica<\/a><br \/><a href=\"https:\/\/www.iemj.org\/it\/?s=hassidique\" target=\"_blank\" rel=\"noopener\">Per saperne di pi\u00f9 sull&#8217;argomento ed ascoltare altra musica hassidica<\/a><\/p>\n\n\n<figure class=\"wp-block-image size-large\"><img fetchpriority=\"high\" decoding=\"async\" width=\"1024\" height=\"146\" src=\"https:\/\/www.iemj.org\/wp-content\/uploads\/2023\/01\/Bandeau-Playlist_IT2-1024x146.jpg\" alt=\"\" class=\"wp-image-93106\" srcset=\"https:\/\/www.iemj.org\/wp-content\/uploads\/2023\/01\/Bandeau-Playlist_IT2-1024x146.jpg 1024w, https:\/\/www.iemj.org\/wp-content\/uploads\/2023\/01\/Bandeau-Playlist_IT2-300x43.jpg 300w, https:\/\/www.iemj.org\/wp-content\/uploads\/2023\/01\/Bandeau-Playlist_IT2-768x110.jpg 768w, https:\/\/www.iemj.org\/wp-content\/uploads\/2023\/01\/Bandeau-Playlist_IT2-1536x220.jpg 1536w, https:\/\/www.iemj.org\/wp-content\/uploads\/2023\/01\/Bandeau-Playlist_IT2-600x86.jpg 600w, https:\/\/www.iemj.org\/wp-content\/uploads\/2023\/01\/Bandeau-Playlist_IT2.jpg 1608w\" sizes=\"(max-width: 1024px) 100vw, 1024px\" \/><\/figure>\n\n\n\n<div class=\"wp-block-file\"><a id=\"wp-block-file--media-5664a0e7-2343-4275-8fcd-68f67d755575\" href=\"https:\/\/www.iemj.org\/wp-content\/uploads\/2021\/02\/01_shalom_aleicheim_mordechai_ben_david_extrait_.mp3\">Shalom Aleicheim &#8211; Mordechai Ben David (Extrait)<\/a><\/div>\n\n\n\n<div class=\"wp-block-file\"><a id=\"wp-block-file--media-58c53424-5158-46b7-9e81-c951f81b4d62\" href=\"https:\/\/www.iemj.org\/wp-content\/uploads\/2021\/02\/02_vetaher_libbenu_effi_netzer_singers.mp3\">Vetaher Libbenu &#8211; Effi Netzer Singers<\/a><\/div>\n\n\n\n<div class=\"wp-block-file\"><a id=\"wp-block-file--media-e69e84d9-7c3b-446f-8c39-2ff6b59df490\" href=\"https:\/\/www.iemj.org\/wp-content\/uploads\/2021\/02\/03_uveyom_hashabat_effi_netzer_singers.mp3\">Uveyom hashabat &#8211; Effi Netzer Singers<\/a><\/div>\n\n\n\n<div class=\"wp-block-file\"><a id=\"wp-block-file--media-055c5859-c866-4f1e-bb1d-1ea060089251\" href=\"https:\/\/www.iemj.org\/wp-content\/uploads\/2021\/02\/04_lecha_dodi_hasidic_tune__nira_rabinovitz.mp3\">Lecha Dodi (Hasidic tune) &#8211; Nira Rabinovitz<\/a><\/div>\n\n\n\n<div class=\"wp-block-file\"><a id=\"wp-block-file--media-c077d364-f088-4cd1-b398-80743799f2f1\" href=\"https:\/\/www.iemj.org\/wp-content\/uploads\/2021\/02\/05_sabbath-festival_nigun_loubavitch_extrait_.mp3\">Sabbath festival nigun (Loubavitch) (Extrait) <\/a><\/div>\n\n\n\n<div class=\"wp-block-file\"><a id=\"wp-block-file--media-1a0e2cdf-fd33-4ca5-b3da-c24dba048e70\" href=\"https:\/\/www.iemj.org\/wp-content\/uploads\/2021\/02\/06_shabbos_kodsheinu_rebbe_nachman_s_songs_extrait_.mp3\">Shabbos kodsheinu &#8211; Rebbe Nachman&#8217;s Songs (Extrait)<\/a><\/div>\n\n\n\n<div class=\"wp-block-file\"><a id=\"wp-block-file--media-c25e1cfc-d893-4f37-983b-69a387e0c7a6\" href=\"https:\/\/www.iemj.org\/wp-content\/uploads\/2021\/02\/07_march_tune_for_lekhah_dodi_gur_hasidim_choir_extrait_.mp3\">March Tune for Lekhah Dodi &#8211; Gur Hasidim choir (Extrait)<\/a><\/div>\n\n\n\n<div class=\"wp-block-file\"><a id=\"wp-block-file--media-a9e90c00-468e-4309-826a-f5f30d1f6ca1\" href=\"https:\/\/www.iemj.org\/wp-content\/uploads\/2021\/02\/08_rejoicing_niggun_for_deror_yiqera_avrohom_weingarten.mp3\">Rejoicing Niggun for Deror Yiqera &#8211; Avrohom Weingarten<\/a><\/div>\n\n\n\n<div class=\"wp-block-file\"><a id=\"wp-block-file--media-6e3818f3-03c8-40d3-a545-9a5f63e96987\" href=\"https:\/\/www.iemj.org\/wp-content\/uploads\/2021\/02\/09_eshes_chayil_carlebach_shlomo_extrait_.mp3\">Eshes Chayil &#8211; Carlebach Shlomo (Extrait)<\/a><\/div>\n\n\n\n<div class=\"wp-block-file\"><a id=\"wp-block-file--media-7f275ff4-43a2-42b0-8035-4e1b20000cc7\" href=\"https:\/\/www.iemj.org\/wp-content\/uploads\/2021\/02\/10_yedid_nefesh_yaakov_shwekey_extrait_.mp3\">Yedid Nefesh &#8211; Yaakov Shwekey (Extrait)<\/a><\/div>\n\n\n\n<div class=\"wp-block-file\"><a id=\"wp-block-file--media-b113b490-1b0b-4a74-8f9e-06472669d2f0\" href=\"https:\/\/www.iemj.org\/wp-content\/uploads\/2021\/02\/11_keil_adon_mordechai_ben_david.mp3\">Keil Adon &#8211; Mordechai Ben David<\/a><\/div>\n\n\n\n<div class=\"wp-block-file\"><a id=\"wp-block-file--media-7c65c855-c318-4f96-b451-32000008d8e4\" href=\"https:\/\/www.iemj.org\/wp-content\/uploads\/2021\/02\/12_koh_ribon_avraham_fried_extrait_.mp3\">Koh Ribon &#8211; Avraham Fried (Extrait)<\/a><\/div>\n","protected":false},"excerpt":{"rendered":"<p>Una selezione di canti di Shabbat delle diverse dinastie chassidiche (Gur, Loubavitch, Bratslav&#8230;) accanto ad interpretazioni pi\u00f9 contemporanee di Shlomo Carlebach, Mordechai Ben David, Avraham Fried od ancora Yaakov Shwekey<\/p>\n","protected":false},"author":1045,"featured_media":68552,"comment_status":"closed","ping_status":"closed","sticky":false,"template":"","format":"standard","meta":{"_acf_changed":false,"footnotes":""},"categories":[1536],"tags":[],"technique":[],"squelettes":[],"sujet":[1855],"formation":[],"genre":[1892],"fonds":[],"tradition":[],"type-de-contenu":[],"interprete-compositeur":[],"frise":[],"type-devenement":[],"tableaux-liens-externes":[],"class_list":["post-68551","post","type-post","status-publish","format-standard","has-post-thumbnail","hentry","category-playlist-it","sujet-shabbat-it","genre-liturgia-it"],"acf":[],"yoast_head":"<!-- This site is optimized with the Yoast SEO plugin v27.3 - https:\/\/yoast.com\/product\/yoast-seo-wordpress\/ -->\n<title>I CANTI DELLO SHABBAT HASSIDICO - Institut Europ\u00e9en des Musiques Juives<\/title>\n<meta name=\"robots\" content=\"index, follow, max-snippet:-1, max-image-preview:large, max-video-preview:-1\" \/>\n<link rel=\"canonical\" href=\"https:\/\/www.iemj.org\/it\/les-chants-de-shabbat-hassidiques\/\" \/>\n<meta property=\"og:locale\" content=\"it_IT\" \/>\n<meta property=\"og:type\" content=\"article\" \/>\n<meta property=\"og:title\" content=\"I CANTI DELLO SHABBAT HASSIDICO - Institut Europ\u00e9en des Musiques Juives\" \/>\n<meta property=\"og:description\" content=\"Una selezione di canti di Shabbat delle diverse dinastie chassidiche (Gur, Loubavitch, Bratslav&#8230;) accanto ad interpretazioni pi\u00f9 contemporanee di Shlomo Carlebach, Mordechai Ben David, Avraham Fried od ancora Yaakov Shwekey\" \/>\n<meta property=\"og:url\" content=\"https:\/\/www.iemj.org\/it\/les-chants-de-shabbat-hassidiques\/\" \/>\n<meta property=\"og:site_name\" content=\"Institut Europ\u00e9en des Musiques Juives\" \/>\n<meta property=\"article:publisher\" content=\"https:\/\/www.facebook.com\/MusiquesJuives\/\" \/>\n<meta property=\"article:published_time\" content=\"2021-02-17T10:37:52+00:00\" \/>\n<meta property=\"article:modified_time\" content=\"2024-02-15T16:30:26+00:00\" \/>\n<meta property=\"og:image\" content=\"https:\/\/www.iemj.org\/wp-content\/uploads\/2021\/02\/arton5028-e1618484302778.jpg\" \/>\n\t<meta property=\"og:image:width\" content=\"350\" \/>\n\t<meta property=\"og:image:height\" content=\"350\" \/>\n\t<meta property=\"og:image:type\" content=\"image\/jpeg\" \/>\n<meta name=\"author\" content=\"Herv\u00e9 Roten\" \/>\n<meta name=\"twitter:card\" content=\"summary_large_image\" \/>\n<meta name=\"twitter:label1\" content=\"Scritto da\" \/>\n\t<meta name=\"twitter:data1\" content=\"Herv\u00e9 Roten\" \/>\n\t<meta name=\"twitter:label2\" content=\"Tempo di lettura stimato\" \/>\n\t<meta name=\"twitter:data2\" content=\"3 minuti\" \/>\n<script type=\"application\/ld+json\" class=\"yoast-schema-graph\">{\"@context\":\"https:\\\/\\\/schema.org\",\"@graph\":[{\"@type\":\"Article\",\"@id\":\"https:\\\/\\\/www.iemj.org\\\/it\\\/les-chants-de-shabbat-hassidiques\\\/#article\",\"isPartOf\":{\"@id\":\"https:\\\/\\\/www.iemj.org\\\/it\\\/les-chants-de-shabbat-hassidiques\\\/\"},\"author\":{\"name\":\"Herv\u00e9 Roten\",\"@id\":\"https:\\\/\\\/www.iemj.org\\\/it\\\/#\\\/schema\\\/person\\\/906134402c29d5c76e7b726261dd4bbd\"},\"headline\":\"I CANTI DELLO SHABBAT HASSIDICO\",\"datePublished\":\"2021-02-17T10:37:52+00:00\",\"dateModified\":\"2024-02-15T16:30:26+00:00\",\"mainEntityOfPage\":{\"@id\":\"https:\\\/\\\/www.iemj.org\\\/it\\\/les-chants-de-shabbat-hassidiques\\\/\"},\"wordCount\":338,\"publisher\":{\"@id\":\"https:\\\/\\\/www.iemj.org\\\/it\\\/#organization\"},\"image\":{\"@id\":\"https:\\\/\\\/www.iemj.org\\\/it\\\/les-chants-de-shabbat-hassidiques\\\/#primaryimage\"},\"thumbnailUrl\":\"https:\\\/\\\/www.iemj.org\\\/wp-content\\\/uploads\\\/2021\\\/02\\\/arton5028-e1618484302778.jpg\",\"articleSection\":[\"Playlist\"],\"inLanguage\":\"it-IT\"},{\"@type\":\"WebPage\",\"@id\":\"https:\\\/\\\/www.iemj.org\\\/it\\\/les-chants-de-shabbat-hassidiques\\\/\",\"url\":\"https:\\\/\\\/www.iemj.org\\\/it\\\/les-chants-de-shabbat-hassidiques\\\/\",\"name\":\"I CANTI DELLO SHABBAT HASSIDICO - Institut Europ\u00e9en des Musiques Juives\",\"isPartOf\":{\"@id\":\"https:\\\/\\\/www.iemj.org\\\/it\\\/#website\"},\"primaryImageOfPage\":{\"@id\":\"https:\\\/\\\/www.iemj.org\\\/it\\\/les-chants-de-shabbat-hassidiques\\\/#primaryimage\"},\"image\":{\"@id\":\"https:\\\/\\\/www.iemj.org\\\/it\\\/les-chants-de-shabbat-hassidiques\\\/#primaryimage\"},\"thumbnailUrl\":\"https:\\\/\\\/www.iemj.org\\\/wp-content\\\/uploads\\\/2021\\\/02\\\/arton5028-e1618484302778.jpg\",\"datePublished\":\"2021-02-17T10:37:52+00:00\",\"dateModified\":\"2024-02-15T16:30:26+00:00\",\"breadcrumb\":{\"@id\":\"https:\\\/\\\/www.iemj.org\\\/it\\\/les-chants-de-shabbat-hassidiques\\\/#breadcrumb\"},\"inLanguage\":\"it-IT\",\"potentialAction\":[{\"@type\":\"ReadAction\",\"target\":[\"https:\\\/\\\/www.iemj.org\\\/it\\\/les-chants-de-shabbat-hassidiques\\\/\"]}]},{\"@type\":\"ImageObject\",\"inLanguage\":\"it-IT\",\"@id\":\"https:\\\/\\\/www.iemj.org\\\/it\\\/les-chants-de-shabbat-hassidiques\\\/#primaryimage\",\"url\":\"https:\\\/\\\/www.iemj.org\\\/wp-content\\\/uploads\\\/2021\\\/02\\\/arton5028-e1618484302778.jpg\",\"contentUrl\":\"https:\\\/\\\/www.iemj.org\\\/wp-content\\\/uploads\\\/2021\\\/02\\\/arton5028-e1618484302778.jpg\",\"width\":350,\"height\":350},{\"@type\":\"BreadcrumbList\",\"@id\":\"https:\\\/\\\/www.iemj.org\\\/it\\\/les-chants-de-shabbat-hassidiques\\\/#breadcrumb\",\"itemListElement\":[{\"@type\":\"ListItem\",\"position\":1,\"name\":\"Accueil\",\"item\":\"https:\\\/\\\/www.iemj.org\\\/it\\\/\"},{\"@type\":\"ListItem\",\"position\":2,\"name\":\"I CANTI DELLO SHABBAT HASSIDICO\"}]},{\"@type\":\"WebSite\",\"@id\":\"https:\\\/\\\/www.iemj.org\\\/it\\\/#website\",\"url\":\"https:\\\/\\\/www.iemj.org\\\/it\\\/\",\"name\":\"Institut Europ\u00e9en des Musiques Juives\",\"description\":\"Des traditions musicales \u00e0 la port\u00e9e de tous\",\"publisher\":{\"@id\":\"https:\\\/\\\/www.iemj.org\\\/it\\\/#organization\"},\"potentialAction\":[{\"@type\":\"SearchAction\",\"target\":{\"@type\":\"EntryPoint\",\"urlTemplate\":\"https:\\\/\\\/www.iemj.org\\\/it\\\/?s={search_term_string}\"},\"query-input\":{\"@type\":\"PropertyValueSpecification\",\"valueRequired\":true,\"valueName\":\"search_term_string\"}}],\"inLanguage\":\"it-IT\"},{\"@type\":\"Organization\",\"@id\":\"https:\\\/\\\/www.iemj.org\\\/it\\\/#organization\",\"name\":\"Institut Europ\u00e9en des Musiques Juives\",\"url\":\"https:\\\/\\\/www.iemj.org\\\/it\\\/\",\"logo\":{\"@type\":\"ImageObject\",\"inLanguage\":\"it-IT\",\"@id\":\"https:\\\/\\\/www.iemj.org\\\/it\\\/#\\\/schema\\\/logo\\\/image\\\/\",\"url\":\"https:\\\/\\\/www.iemj.org\\\/wp-content\\\/uploads\\\/2021\\\/09\\\/Logo-IEMJ-Paypal.jpg\",\"contentUrl\":\"https:\\\/\\\/www.iemj.org\\\/wp-content\\\/uploads\\\/2021\\\/09\\\/Logo-IEMJ-Paypal.jpg\",\"width\":150,\"height\":50,\"caption\":\"Institut Europ\u00e9en des Musiques Juives\"},\"image\":{\"@id\":\"https:\\\/\\\/www.iemj.org\\\/it\\\/#\\\/schema\\\/logo\\\/image\\\/\"},\"sameAs\":[\"https:\\\/\\\/www.facebook.com\\\/MusiquesJuives\\\/\",\"https:\\\/\\\/www.instagram.com\\\/musiquesjuives\\\/\",\"https:\\\/\\\/www.youtube.com\\\/user\\\/musiquesjuives\"]},{\"@type\":\"Person\",\"@id\":\"https:\\\/\\\/www.iemj.org\\\/it\\\/#\\\/schema\\\/person\\\/906134402c29d5c76e7b726261dd4bbd\",\"name\":\"Herv\u00e9 Roten\",\"image\":{\"@type\":\"ImageObject\",\"inLanguage\":\"it-IT\",\"@id\":\"https:\\\/\\\/secure.gravatar.com\\\/avatar\\\/f96ad2db538a26481f18384936b5cd0610c92d390c4dc382209216d455f685ff?s=96&d=mm&r=g\",\"url\":\"https:\\\/\\\/secure.gravatar.com\\\/avatar\\\/f96ad2db538a26481f18384936b5cd0610c92d390c4dc382209216d455f685ff?s=96&d=mm&r=g\",\"contentUrl\":\"https:\\\/\\\/secure.gravatar.com\\\/avatar\\\/f96ad2db538a26481f18384936b5cd0610c92d390c4dc382209216d455f685ff?s=96&d=mm&r=g\",\"caption\":\"Herv\u00e9 Roten\"}}]}<\/script>\n<!-- \/ Yoast SEO plugin. -->","yoast_head_json":{"title":"I CANTI DELLO SHABBAT HASSIDICO - Institut Europ\u00e9en des Musiques Juives","robots":{"index":"index","follow":"follow","max-snippet":"max-snippet:-1","max-image-preview":"max-image-preview:large","max-video-preview":"max-video-preview:-1"},"canonical":"https:\/\/www.iemj.org\/it\/les-chants-de-shabbat-hassidiques\/","og_locale":"it_IT","og_type":"article","og_title":"I CANTI DELLO SHABBAT HASSIDICO - Institut Europ\u00e9en des Musiques Juives","og_description":"Una selezione di canti di Shabbat delle diverse dinastie chassidiche (Gur, Loubavitch, Bratslav&#8230;) accanto ad interpretazioni pi\u00f9 contemporanee di Shlomo Carlebach, Mordechai Ben David, Avraham Fried od ancora Yaakov Shwekey","og_url":"https:\/\/www.iemj.org\/it\/les-chants-de-shabbat-hassidiques\/","og_site_name":"Institut Europ\u00e9en des Musiques Juives","article_publisher":"https:\/\/www.facebook.com\/MusiquesJuives\/","article_published_time":"2021-02-17T10:37:52+00:00","article_modified_time":"2024-02-15T16:30:26+00:00","og_image":[{"width":350,"height":350,"url":"https:\/\/www.iemj.org\/wp-content\/uploads\/2021\/02\/arton5028-e1618484302778.jpg","type":"image\/jpeg"}],"author":"Herv\u00e9 Roten","twitter_card":"summary_large_image","twitter_misc":{"Scritto da":"Herv\u00e9 Roten","Tempo di lettura stimato":"3 minuti"},"schema":{"@context":"https:\/\/schema.org","@graph":[{"@type":"Article","@id":"https:\/\/www.iemj.org\/it\/les-chants-de-shabbat-hassidiques\/#article","isPartOf":{"@id":"https:\/\/www.iemj.org\/it\/les-chants-de-shabbat-hassidiques\/"},"author":{"name":"Herv\u00e9 Roten","@id":"https:\/\/www.iemj.org\/it\/#\/schema\/person\/906134402c29d5c76e7b726261dd4bbd"},"headline":"I CANTI DELLO SHABBAT HASSIDICO","datePublished":"2021-02-17T10:37:52+00:00","dateModified":"2024-02-15T16:30:26+00:00","mainEntityOfPage":{"@id":"https:\/\/www.iemj.org\/it\/les-chants-de-shabbat-hassidiques\/"},"wordCount":338,"publisher":{"@id":"https:\/\/www.iemj.org\/it\/#organization"},"image":{"@id":"https:\/\/www.iemj.org\/it\/les-chants-de-shabbat-hassidiques\/#primaryimage"},"thumbnailUrl":"https:\/\/www.iemj.org\/wp-content\/uploads\/2021\/02\/arton5028-e1618484302778.jpg","articleSection":["Playlist"],"inLanguage":"it-IT"},{"@type":"WebPage","@id":"https:\/\/www.iemj.org\/it\/les-chants-de-shabbat-hassidiques\/","url":"https:\/\/www.iemj.org\/it\/les-chants-de-shabbat-hassidiques\/","name":"I CANTI DELLO SHABBAT HASSIDICO - Institut Europ\u00e9en des Musiques Juives","isPartOf":{"@id":"https:\/\/www.iemj.org\/it\/#website"},"primaryImageOfPage":{"@id":"https:\/\/www.iemj.org\/it\/les-chants-de-shabbat-hassidiques\/#primaryimage"},"image":{"@id":"https:\/\/www.iemj.org\/it\/les-chants-de-shabbat-hassidiques\/#primaryimage"},"thumbnailUrl":"https:\/\/www.iemj.org\/wp-content\/uploads\/2021\/02\/arton5028-e1618484302778.jpg","datePublished":"2021-02-17T10:37:52+00:00","dateModified":"2024-02-15T16:30:26+00:00","breadcrumb":{"@id":"https:\/\/www.iemj.org\/it\/les-chants-de-shabbat-hassidiques\/#breadcrumb"},"inLanguage":"it-IT","potentialAction":[{"@type":"ReadAction","target":["https:\/\/www.iemj.org\/it\/les-chants-de-shabbat-hassidiques\/"]}]},{"@type":"ImageObject","inLanguage":"it-IT","@id":"https:\/\/www.iemj.org\/it\/les-chants-de-shabbat-hassidiques\/#primaryimage","url":"https:\/\/www.iemj.org\/wp-content\/uploads\/2021\/02\/arton5028-e1618484302778.jpg","contentUrl":"https:\/\/www.iemj.org\/wp-content\/uploads\/2021\/02\/arton5028-e1618484302778.jpg","width":350,"height":350},{"@type":"BreadcrumbList","@id":"https:\/\/www.iemj.org\/it\/les-chants-de-shabbat-hassidiques\/#breadcrumb","itemListElement":[{"@type":"ListItem","position":1,"name":"Accueil","item":"https:\/\/www.iemj.org\/it\/"},{"@type":"ListItem","position":2,"name":"I CANTI DELLO SHABBAT HASSIDICO"}]},{"@type":"WebSite","@id":"https:\/\/www.iemj.org\/it\/#website","url":"https:\/\/www.iemj.org\/it\/","name":"Institut Europ\u00e9en des Musiques Juives","description":"Des traditions musicales \u00e0 la port\u00e9e de tous","publisher":{"@id":"https:\/\/www.iemj.org\/it\/#organization"},"potentialAction":[{"@type":"SearchAction","target":{"@type":"EntryPoint","urlTemplate":"https:\/\/www.iemj.org\/it\/?s={search_term_string}"},"query-input":{"@type":"PropertyValueSpecification","valueRequired":true,"valueName":"search_term_string"}}],"inLanguage":"it-IT"},{"@type":"Organization","@id":"https:\/\/www.iemj.org\/it\/#organization","name":"Institut Europ\u00e9en des Musiques Juives","url":"https:\/\/www.iemj.org\/it\/","logo":{"@type":"ImageObject","inLanguage":"it-IT","@id":"https:\/\/www.iemj.org\/it\/#\/schema\/logo\/image\/","url":"https:\/\/www.iemj.org\/wp-content\/uploads\/2021\/09\/Logo-IEMJ-Paypal.jpg","contentUrl":"https:\/\/www.iemj.org\/wp-content\/uploads\/2021\/09\/Logo-IEMJ-Paypal.jpg","width":150,"height":50,"caption":"Institut Europ\u00e9en des Musiques Juives"},"image":{"@id":"https:\/\/www.iemj.org\/it\/#\/schema\/logo\/image\/"},"sameAs":["https:\/\/www.facebook.com\/MusiquesJuives\/","https:\/\/www.instagram.com\/musiquesjuives\/","https:\/\/www.youtube.com\/user\/musiquesjuives"]},{"@type":"Person","@id":"https:\/\/www.iemj.org\/it\/#\/schema\/person\/906134402c29d5c76e7b726261dd4bbd","name":"Herv\u00e9 Roten","image":{"@type":"ImageObject","inLanguage":"it-IT","@id":"https:\/\/secure.gravatar.com\/avatar\/f96ad2db538a26481f18384936b5cd0610c92d390c4dc382209216d455f685ff?s=96&d=mm&r=g","url":"https:\/\/secure.gravatar.com\/avatar\/f96ad2db538a26481f18384936b5cd0610c92d390c4dc382209216d455f685ff?s=96&d=mm&r=g","contentUrl":"https:\/\/secure.gravatar.com\/avatar\/f96ad2db538a26481f18384936b5cd0610c92d390c4dc382209216d455f685ff?s=96&d=mm&r=g","caption":"Herv\u00e9 Roten"}}]}},"_links":{"self":[{"href":"https:\/\/www.iemj.org\/it\/wp-json\/wp\/v2\/posts\/68551","targetHints":{"allow":["GET"]}}],"collection":[{"href":"https:\/\/www.iemj.org\/it\/wp-json\/wp\/v2\/posts"}],"about":[{"href":"https:\/\/www.iemj.org\/it\/wp-json\/wp\/v2\/types\/post"}],"author":[{"embeddable":true,"href":"https:\/\/www.iemj.org\/it\/wp-json\/wp\/v2\/users\/1045"}],"replies":[{"embeddable":true,"href":"https:\/\/www.iemj.org\/it\/wp-json\/wp\/v2\/comments?post=68551"}],"version-history":[{"count":0,"href":"https:\/\/www.iemj.org\/it\/wp-json\/wp\/v2\/posts\/68551\/revisions"}],"wp:featuredmedia":[{"embeddable":true,"href":"https:\/\/www.iemj.org\/it\/wp-json\/wp\/v2\/media\/68552"}],"wp:attachment":[{"href":"https:\/\/www.iemj.org\/it\/wp-json\/wp\/v2\/media?parent=68551"}],"wp:term":[{"taxonomy":"category","embeddable":true,"href":"https:\/\/www.iemj.org\/it\/wp-json\/wp\/v2\/categories?post=68551"},{"taxonomy":"post_tag","embeddable":true,"href":"https:\/\/www.iemj.org\/it\/wp-json\/wp\/v2\/tags?post=68551"},{"taxonomy":"technique","embeddable":true,"href":"https:\/\/www.iemj.org\/it\/wp-json\/wp\/v2\/technique?post=68551"},{"taxonomy":"squelettes","embeddable":true,"href":"https:\/\/www.iemj.org\/it\/wp-json\/wp\/v2\/squelettes?post=68551"},{"taxonomy":"sujet","embeddable":true,"href":"https:\/\/www.iemj.org\/it\/wp-json\/wp\/v2\/sujet?post=68551"},{"taxonomy":"formation","embeddable":true,"href":"https:\/\/www.iemj.org\/it\/wp-json\/wp\/v2\/formation?post=68551"},{"taxonomy":"genre","embeddable":true,"href":"https:\/\/www.iemj.org\/it\/wp-json\/wp\/v2\/genre?post=68551"},{"taxonomy":"fonds","embeddable":true,"href":"https:\/\/www.iemj.org\/it\/wp-json\/wp\/v2\/fonds?post=68551"},{"taxonomy":"tradition","embeddable":true,"href":"https:\/\/www.iemj.org\/it\/wp-json\/wp\/v2\/tradition?post=68551"},{"taxonomy":"type-de-contenu","embeddable":true,"href":"https:\/\/www.iemj.org\/it\/wp-json\/wp\/v2\/type-de-contenu?post=68551"},{"taxonomy":"interprete-compositeur","embeddable":true,"href":"https:\/\/www.iemj.org\/it\/wp-json\/wp\/v2\/interprete-compositeur?post=68551"},{"taxonomy":"frise","embeddable":true,"href":"https:\/\/www.iemj.org\/it\/wp-json\/wp\/v2\/frise?post=68551"},{"taxonomy":"type-devenement","embeddable":true,"href":"https:\/\/www.iemj.org\/it\/wp-json\/wp\/v2\/type-devenement?post=68551"},{"taxonomy":"tableaux-liens-externes","embeddable":true,"href":"https:\/\/www.iemj.org\/it\/wp-json\/wp\/v2\/tableaux-liens-externes?post=68551"}],"curies":[{"name":"wp","href":"https:\/\/api.w.org\/{rel}","templated":true}]}}