{"id":68601,"date":"2021-02-10T11:11:28","date_gmt":"2021-02-10T10:11:28","guid":{"rendered":"https:\/\/www.iemj.org\/les-chants-de-shabbat-dans-le-rite-ashkenaze-de-lest\/"},"modified":"2024-02-15T17:46:21","modified_gmt":"2024-02-15T16:46:21","slug":"les-chants-de-shabbat-dans-le-rite-ashkenaze-de-lest","status":"publish","type":"post","link":"https:\/\/www.iemj.org\/it\/les-chants-de-shabbat-dans-le-rite-ashkenaze-de-lest\/","title":{"rendered":"I canti dello Shabbat nel rito askenazita dell\u2019Est"},"content":{"rendered":"<p><strong>Una selezione di canti di Shabbat dell&#8217;Europa dell&#8217;Est, comprese registrazioni storiche di Yossele Rosenblatt, Gershon Sirota, Leibele Waldmann, Pierre Pinchick, Zawel Kwartin, Moshe Koussevitzky, Richard Tucker od ancora Abraham Adler<\/strong><\/p>\n<p><!--more--><\/p>\n<p>Lo shabbat, giorno di riposo, \u00e8 un\u2019istituzione della vita ebraica. Ed i canti che ritmano questo giorno particolare, occupano un posto importante, sia alla sinagoga con i cinque uffizi da\u00a0<em>Kabbalat shabbat<\/em>\u00a0a\u00a0<em>Motsei shabbat<\/em>, sia a casa con i rituali dell\u2019accensione delle candele, il\u00a0<em>Kiddush<\/em>\u00a0(benedizione del vino) il venerd\u00ec sera, la\u00a0<em><a href=\"https:\/\/it.wikipedia.org\/wiki\/Birkat_Hamazon\" target=\"_blank\" rel=\"noopener\">Birkat hamazon<\/a><\/em>\u00a0(ringraziamento alla fine del pasto), o anche l\u2019<em><a href=\"https:\/\/it.wikipedia.org\/wiki\/Havdalah\" target=\"_blank\" rel=\"noopener\">Havdala<\/a><\/em>\u00a0\u00a0(l\u2019ultimo\u00a0<em>Kiddush<\/em>\u00a0che chiude lo shabbat). \u00c8 anche consuetudine cantare, durante i quattro pasti dello shabbat, molte poesie religiose chiamate\u00a0<em>Zemirot<\/em>\u00a0(o\u00a0<em>Tish nigounim\u00a0<\/em>dagli hassidim).<\/p>\n<p>Lo shabbat rende cos\u00ec possibile trovare il proprio percorso interiore attraverso la sua voce esteriore.<\/p>\n<p>La seguente playlist presenta una selezione di canti dello Shabbat, con le grandi voci della hazzanut dell&#8217;Europa orientale: Yossele Rosenblatt, Gershon Sirota, Leibele Waldmann, Pierre Pinchick, Zawel Kwartin, Moshe Koussevitzky, Richard Tucker od ancora Abraham Adler. Voci che ci fanno piangere e commuovere.<\/p>\n<p>Va notato che la maggior parte dei canti di questa playlist sono, ai fini della registrazione, accompagnati da strumenti musicali, cosa che ovviamente non avveniva nello Shabbat nella maggior parte delle sinagoghe dell&#8217;Europa orientale.<\/p>\n<p><a href=\"https:\/\/www.iemj.org\/it\/les-chants-de-shabbat\/\" target=\"_blank\" rel=\"noopener\">Leggere l\u2019articolo sui canti dello shabbat<\/a><\/p>\n\n\n<figure class=\"wp-block-image size-large\"><img fetchpriority=\"high\" decoding=\"async\" width=\"1024\" height=\"146\" src=\"https:\/\/www.iemj.org\/wp-content\/uploads\/2023\/01\/Bandeau-Playlist_IT2-1024x146.jpg\" alt=\"\" class=\"wp-image-93106\" srcset=\"https:\/\/www.iemj.org\/wp-content\/uploads\/2023\/01\/Bandeau-Playlist_IT2-1024x146.jpg 1024w, https:\/\/www.iemj.org\/wp-content\/uploads\/2023\/01\/Bandeau-Playlist_IT2-300x43.jpg 300w, https:\/\/www.iemj.org\/wp-content\/uploads\/2023\/01\/Bandeau-Playlist_IT2-768x110.jpg 768w, https:\/\/www.iemj.org\/wp-content\/uploads\/2023\/01\/Bandeau-Playlist_IT2-1536x220.jpg 1536w, https:\/\/www.iemj.org\/wp-content\/uploads\/2023\/01\/Bandeau-Playlist_IT2-600x86.jpg 600w, https:\/\/www.iemj.org\/wp-content\/uploads\/2023\/01\/Bandeau-Playlist_IT2.jpg 1608w\" sizes=\"(max-width: 1024px) 100vw, 1024px\" \/><\/figure>\n\n\n\n<div class=\"wp-block-file\"><a id=\"wp-block-file--media-9fc7341f-4d2a-4d42-a6a8-59c684c25471\" href=\"https:\/\/www.iemj.org\/wp-content\/uploads\/2021\/02\/01_rozo_deshabos_pierre_pinchik_extrait_.mp3\">Rozo Deshabos &#8211; Pierre Pinchik (Extrait)<\/a><\/div>\n\n\n\n<div class=\"wp-block-file\"><a id=\"wp-block-file--media-76cd3d8e-e643-4006-8cea-44c5ca90b608\" href=\"https:\/\/www.iemj.org\/wp-content\/uploads\/2021\/02\/02_kol_dodi_moshe_koussevitzky_extrait_.mp3\">Kol dodi &#8211; Moshe Koussevitzky (Extrait)<\/a><\/div>\n\n\n\n<div class=\"wp-block-file\"><a id=\"wp-block-file--media-e5f65036-50a5-42ae-9269-9f1fef7adc08\" href=\"https:\/\/www.iemj.org\/wp-content\/uploads\/2021\/02\/03_omar_rabbi_elozor_yossele_rosenblatt_extrait_.mp3\">Omar Rabbi Elozor &#8211; Yossele Rosenblatt (Extrait)<\/a><\/div>\n\n\n\n<div class=\"wp-block-file\"><a id=\"wp-block-file--media-0c83d377-ab07-48f5-95d3-ff563b62d075\" href=\"https:\/\/www.iemj.org\/wp-content\/uploads\/2021\/02\/04_ki_lekah_tov_leibele_waldman_extrait_.mp3\">Ki lekah tov &#8211; Leibele Waldman (Extrait)<\/a><\/div>\n\n\n\n<div class=\"wp-block-file\"><a id=\"wp-block-file--media-275415ca-a373-4065-ac7e-f587fa198708\" href=\"https:\/\/www.iemj.org\/wp-content\/uploads\/2021\/02\/05_veshomru_gershon_sirota.mp3\">Veshomru &#8211; Gershon Sirota<\/a><\/div>\n\n\n\n<div class=\"wp-block-file\"><a id=\"wp-block-file--media-8dbdcaac-c167-4943-b4da-974b039cff1e\" href=\"https:\/\/www.iemj.org\/wp-content\/uploads\/2021\/02\/06_weal_yedei_zavel_kwartin_extrait_.mp3\">Weal Yedei &#8211; Zavel Kwartin (Extrait)<\/a><\/div>\n\n\n\n<div class=\"wp-block-file\"><a id=\"wp-block-file--media-b9eda735-5d9e-4372-b6be-ff2c97d1bf0f\" href=\"https:\/\/www.iemj.org\/wp-content\/uploads\/2021\/02\/07_hashkiwenu_abraham_adler_extrait_.mp3\">Hashkiwenu &#8211; Abraham Adler (Extrait)<\/a><\/div>\n\n\n\n<div class=\"wp-block-file\"><a id=\"wp-block-file--media-961b8a6c-15f2-49b0-a73c-13007f4bf1d7\" href=\"https:\/\/www.iemj.org\/wp-content\/uploads\/2021\/02\/08_havdolah_richard_tucker_extrait_.mp3\">Havdolah &#8211; Richard Tucker (Extrait)<\/a><\/div>\n","protected":false},"excerpt":{"rendered":"<p>Una selezione di canti di Shabbat dell&#8217;Europa dell&#8217;Est, comprese registrazioni storiche di Yossele Rosenblatt, Gershon Sirota, Leibele Waldmann, Pierre Pinchick, Zawel Kwartin, Moshe Koussevitzky, Richard Tucker od ancora Abraham Adler<\/p>\n","protected":false},"author":1045,"featured_media":68602,"comment_status":"closed","ping_status":"closed","sticky":false,"template":"","format":"standard","meta":{"_acf_changed":false,"footnotes":""},"categories":[1536],"tags":[],"technique":[],"squelettes":[],"sujet":[1855],"formation":[],"genre":[1892],"fonds":[],"tradition":[1984],"type-de-contenu":[],"interprete-compositeur":[],"frise":[],"type-devenement":[],"tableaux-liens-externes":[],"class_list":["post-68601","post","type-post","status-publish","format-standard","has-post-thumbnail","hentry","category-playlist-it","sujet-shabbat-it","genre-liturgia-it","tradition-rito-ashkenazita-it"],"acf":[],"yoast_head":"<!-- This site is optimized with the Yoast SEO plugin v27.3 - https:\/\/yoast.com\/product\/yoast-seo-wordpress\/ -->\n<title>I canti dello Shabbat nel rito askenazita dell\u2019Est - Institut Europ\u00e9en des Musiques Juives<\/title>\n<meta name=\"robots\" content=\"index, follow, max-snippet:-1, max-image-preview:large, max-video-preview:-1\" \/>\n<link rel=\"canonical\" href=\"https:\/\/www.iemj.org\/it\/les-chants-de-shabbat-dans-le-rite-ashkenaze-de-lest\/\" \/>\n<meta property=\"og:locale\" content=\"it_IT\" \/>\n<meta property=\"og:type\" content=\"article\" \/>\n<meta property=\"og:title\" content=\"I canti dello Shabbat nel rito askenazita dell\u2019Est - Institut Europ\u00e9en des Musiques Juives\" \/>\n<meta property=\"og:description\" content=\"Una selezione di canti di Shabbat dell&#8217;Europa dell&#8217;Est, comprese registrazioni storiche di Yossele Rosenblatt, Gershon Sirota, Leibele Waldmann, Pierre Pinchick, Zawel Kwartin, Moshe Koussevitzky, Richard Tucker od ancora Abraham Adler\" \/>\n<meta property=\"og:url\" content=\"https:\/\/www.iemj.org\/it\/les-chants-de-shabbat-dans-le-rite-ashkenaze-de-lest\/\" \/>\n<meta property=\"og:site_name\" content=\"Institut Europ\u00e9en des Musiques Juives\" \/>\n<meta property=\"article:publisher\" content=\"https:\/\/www.facebook.com\/MusiquesJuives\/\" \/>\n<meta property=\"article:published_time\" content=\"2021-02-10T10:11:28+00:00\" \/>\n<meta property=\"article:modified_time\" content=\"2024-02-15T16:46:21+00:00\" \/>\n<meta property=\"og:image\" content=\"https:\/\/www.iemj.org\/wp-content\/uploads\/2021\/02\/arton5006-e1618491800611.jpg\" \/>\n\t<meta property=\"og:image:width\" content=\"350\" \/>\n\t<meta property=\"og:image:height\" content=\"348\" \/>\n\t<meta property=\"og:image:type\" content=\"image\/jpeg\" \/>\n<meta name=\"author\" content=\"Herv\u00e9 Roten\" \/>\n<meta name=\"twitter:card\" content=\"summary_large_image\" \/>\n<meta name=\"twitter:label1\" content=\"Scritto da\" \/>\n\t<meta name=\"twitter:data1\" content=\"Herv\u00e9 Roten\" \/>\n\t<meta name=\"twitter:label2\" content=\"Tempo di lettura stimato\" \/>\n\t<meta name=\"twitter:data2\" content=\"2 minuti\" \/>\n<script type=\"application\/ld+json\" class=\"yoast-schema-graph\">{\"@context\":\"https:\\\/\\\/schema.org\",\"@graph\":[{\"@type\":\"Article\",\"@id\":\"https:\\\/\\\/www.iemj.org\\\/it\\\/les-chants-de-shabbat-dans-le-rite-ashkenaze-de-lest\\\/#article\",\"isPartOf\":{\"@id\":\"https:\\\/\\\/www.iemj.org\\\/it\\\/les-chants-de-shabbat-dans-le-rite-ashkenaze-de-lest\\\/\"},\"author\":{\"name\":\"Herv\u00e9 Roten\",\"@id\":\"https:\\\/\\\/www.iemj.org\\\/it\\\/#\\\/schema\\\/person\\\/906134402c29d5c76e7b726261dd4bbd\"},\"headline\":\"I canti dello Shabbat nel rito askenazita dell\u2019Est\",\"datePublished\":\"2021-02-10T10:11:28+00:00\",\"dateModified\":\"2024-02-15T16:46:21+00:00\",\"mainEntityOfPage\":{\"@id\":\"https:\\\/\\\/www.iemj.org\\\/it\\\/les-chants-de-shabbat-dans-le-rite-ashkenaze-de-lest\\\/\"},\"wordCount\":279,\"publisher\":{\"@id\":\"https:\\\/\\\/www.iemj.org\\\/it\\\/#organization\"},\"image\":{\"@id\":\"https:\\\/\\\/www.iemj.org\\\/it\\\/les-chants-de-shabbat-dans-le-rite-ashkenaze-de-lest\\\/#primaryimage\"},\"thumbnailUrl\":\"https:\\\/\\\/www.iemj.org\\\/wp-content\\\/uploads\\\/2021\\\/02\\\/arton5006-e1618491800611.jpg\",\"articleSection\":[\"Playlist\"],\"inLanguage\":\"it-IT\"},{\"@type\":\"WebPage\",\"@id\":\"https:\\\/\\\/www.iemj.org\\\/it\\\/les-chants-de-shabbat-dans-le-rite-ashkenaze-de-lest\\\/\",\"url\":\"https:\\\/\\\/www.iemj.org\\\/it\\\/les-chants-de-shabbat-dans-le-rite-ashkenaze-de-lest\\\/\",\"name\":\"I canti dello Shabbat nel rito askenazita dell\u2019Est - Institut Europ\u00e9en des Musiques Juives\",\"isPartOf\":{\"@id\":\"https:\\\/\\\/www.iemj.org\\\/it\\\/#website\"},\"primaryImageOfPage\":{\"@id\":\"https:\\\/\\\/www.iemj.org\\\/it\\\/les-chants-de-shabbat-dans-le-rite-ashkenaze-de-lest\\\/#primaryimage\"},\"image\":{\"@id\":\"https:\\\/\\\/www.iemj.org\\\/it\\\/les-chants-de-shabbat-dans-le-rite-ashkenaze-de-lest\\\/#primaryimage\"},\"thumbnailUrl\":\"https:\\\/\\\/www.iemj.org\\\/wp-content\\\/uploads\\\/2021\\\/02\\\/arton5006-e1618491800611.jpg\",\"datePublished\":\"2021-02-10T10:11:28+00:00\",\"dateModified\":\"2024-02-15T16:46:21+00:00\",\"breadcrumb\":{\"@id\":\"https:\\\/\\\/www.iemj.org\\\/it\\\/les-chants-de-shabbat-dans-le-rite-ashkenaze-de-lest\\\/#breadcrumb\"},\"inLanguage\":\"it-IT\",\"potentialAction\":[{\"@type\":\"ReadAction\",\"target\":[\"https:\\\/\\\/www.iemj.org\\\/it\\\/les-chants-de-shabbat-dans-le-rite-ashkenaze-de-lest\\\/\"]}]},{\"@type\":\"ImageObject\",\"inLanguage\":\"it-IT\",\"@id\":\"https:\\\/\\\/www.iemj.org\\\/it\\\/les-chants-de-shabbat-dans-le-rite-ashkenaze-de-lest\\\/#primaryimage\",\"url\":\"https:\\\/\\\/www.iemj.org\\\/wp-content\\\/uploads\\\/2021\\\/02\\\/arton5006-e1618491800611.jpg\",\"contentUrl\":\"https:\\\/\\\/www.iemj.org\\\/wp-content\\\/uploads\\\/2021\\\/02\\\/arton5006-e1618491800611.jpg\",\"width\":350,\"height\":348},{\"@type\":\"BreadcrumbList\",\"@id\":\"https:\\\/\\\/www.iemj.org\\\/it\\\/les-chants-de-shabbat-dans-le-rite-ashkenaze-de-lest\\\/#breadcrumb\",\"itemListElement\":[{\"@type\":\"ListItem\",\"position\":1,\"name\":\"Accueil\",\"item\":\"https:\\\/\\\/www.iemj.org\\\/it\\\/\"},{\"@type\":\"ListItem\",\"position\":2,\"name\":\"I canti dello Shabbat nel rito askenazita dell\u2019Est\"}]},{\"@type\":\"WebSite\",\"@id\":\"https:\\\/\\\/www.iemj.org\\\/it\\\/#website\",\"url\":\"https:\\\/\\\/www.iemj.org\\\/it\\\/\",\"name\":\"Institut Europ\u00e9en des Musiques Juives\",\"description\":\"Des traditions musicales \u00e0 la port\u00e9e de tous\",\"publisher\":{\"@id\":\"https:\\\/\\\/www.iemj.org\\\/it\\\/#organization\"},\"potentialAction\":[{\"@type\":\"SearchAction\",\"target\":{\"@type\":\"EntryPoint\",\"urlTemplate\":\"https:\\\/\\\/www.iemj.org\\\/it\\\/?s={search_term_string}\"},\"query-input\":{\"@type\":\"PropertyValueSpecification\",\"valueRequired\":true,\"valueName\":\"search_term_string\"}}],\"inLanguage\":\"it-IT\"},{\"@type\":\"Organization\",\"@id\":\"https:\\\/\\\/www.iemj.org\\\/it\\\/#organization\",\"name\":\"Institut Europ\u00e9en des Musiques Juives\",\"url\":\"https:\\\/\\\/www.iemj.org\\\/it\\\/\",\"logo\":{\"@type\":\"ImageObject\",\"inLanguage\":\"it-IT\",\"@id\":\"https:\\\/\\\/www.iemj.org\\\/it\\\/#\\\/schema\\\/logo\\\/image\\\/\",\"url\":\"https:\\\/\\\/www.iemj.org\\\/wp-content\\\/uploads\\\/2021\\\/09\\\/Logo-IEMJ-Paypal.jpg\",\"contentUrl\":\"https:\\\/\\\/www.iemj.org\\\/wp-content\\\/uploads\\\/2021\\\/09\\\/Logo-IEMJ-Paypal.jpg\",\"width\":150,\"height\":50,\"caption\":\"Institut Europ\u00e9en des Musiques Juives\"},\"image\":{\"@id\":\"https:\\\/\\\/www.iemj.org\\\/it\\\/#\\\/schema\\\/logo\\\/image\\\/\"},\"sameAs\":[\"https:\\\/\\\/www.facebook.com\\\/MusiquesJuives\\\/\",\"https:\\\/\\\/www.instagram.com\\\/musiquesjuives\\\/\",\"https:\\\/\\\/www.youtube.com\\\/user\\\/musiquesjuives\"]},{\"@type\":\"Person\",\"@id\":\"https:\\\/\\\/www.iemj.org\\\/it\\\/#\\\/schema\\\/person\\\/906134402c29d5c76e7b726261dd4bbd\",\"name\":\"Herv\u00e9 Roten\",\"image\":{\"@type\":\"ImageObject\",\"inLanguage\":\"it-IT\",\"@id\":\"https:\\\/\\\/secure.gravatar.com\\\/avatar\\\/f96ad2db538a26481f18384936b5cd0610c92d390c4dc382209216d455f685ff?s=96&d=mm&r=g\",\"url\":\"https:\\\/\\\/secure.gravatar.com\\\/avatar\\\/f96ad2db538a26481f18384936b5cd0610c92d390c4dc382209216d455f685ff?s=96&d=mm&r=g\",\"contentUrl\":\"https:\\\/\\\/secure.gravatar.com\\\/avatar\\\/f96ad2db538a26481f18384936b5cd0610c92d390c4dc382209216d455f685ff?s=96&d=mm&r=g\",\"caption\":\"Herv\u00e9 Roten\"}}]}<\/script>\n<!-- \/ Yoast SEO plugin. -->","yoast_head_json":{"title":"I canti dello Shabbat nel rito askenazita dell\u2019Est - Institut Europ\u00e9en des Musiques Juives","robots":{"index":"index","follow":"follow","max-snippet":"max-snippet:-1","max-image-preview":"max-image-preview:large","max-video-preview":"max-video-preview:-1"},"canonical":"https:\/\/www.iemj.org\/it\/les-chants-de-shabbat-dans-le-rite-ashkenaze-de-lest\/","og_locale":"it_IT","og_type":"article","og_title":"I canti dello Shabbat nel rito askenazita dell\u2019Est - Institut Europ\u00e9en des Musiques Juives","og_description":"Una selezione di canti di Shabbat dell&#8217;Europa dell&#8217;Est, comprese registrazioni storiche di Yossele Rosenblatt, Gershon Sirota, Leibele Waldmann, Pierre Pinchick, Zawel Kwartin, Moshe Koussevitzky, Richard Tucker od ancora Abraham Adler","og_url":"https:\/\/www.iemj.org\/it\/les-chants-de-shabbat-dans-le-rite-ashkenaze-de-lest\/","og_site_name":"Institut Europ\u00e9en des Musiques Juives","article_publisher":"https:\/\/www.facebook.com\/MusiquesJuives\/","article_published_time":"2021-02-10T10:11:28+00:00","article_modified_time":"2024-02-15T16:46:21+00:00","og_image":[{"width":350,"height":348,"url":"https:\/\/www.iemj.org\/wp-content\/uploads\/2021\/02\/arton5006-e1618491800611.jpg","type":"image\/jpeg"}],"author":"Herv\u00e9 Roten","twitter_card":"summary_large_image","twitter_misc":{"Scritto da":"Herv\u00e9 Roten","Tempo di lettura stimato":"2 minuti"},"schema":{"@context":"https:\/\/schema.org","@graph":[{"@type":"Article","@id":"https:\/\/www.iemj.org\/it\/les-chants-de-shabbat-dans-le-rite-ashkenaze-de-lest\/#article","isPartOf":{"@id":"https:\/\/www.iemj.org\/it\/les-chants-de-shabbat-dans-le-rite-ashkenaze-de-lest\/"},"author":{"name":"Herv\u00e9 Roten","@id":"https:\/\/www.iemj.org\/it\/#\/schema\/person\/906134402c29d5c76e7b726261dd4bbd"},"headline":"I canti dello Shabbat nel rito askenazita dell\u2019Est","datePublished":"2021-02-10T10:11:28+00:00","dateModified":"2024-02-15T16:46:21+00:00","mainEntityOfPage":{"@id":"https:\/\/www.iemj.org\/it\/les-chants-de-shabbat-dans-le-rite-ashkenaze-de-lest\/"},"wordCount":279,"publisher":{"@id":"https:\/\/www.iemj.org\/it\/#organization"},"image":{"@id":"https:\/\/www.iemj.org\/it\/les-chants-de-shabbat-dans-le-rite-ashkenaze-de-lest\/#primaryimage"},"thumbnailUrl":"https:\/\/www.iemj.org\/wp-content\/uploads\/2021\/02\/arton5006-e1618491800611.jpg","articleSection":["Playlist"],"inLanguage":"it-IT"},{"@type":"WebPage","@id":"https:\/\/www.iemj.org\/it\/les-chants-de-shabbat-dans-le-rite-ashkenaze-de-lest\/","url":"https:\/\/www.iemj.org\/it\/les-chants-de-shabbat-dans-le-rite-ashkenaze-de-lest\/","name":"I canti dello Shabbat nel rito askenazita dell\u2019Est - Institut Europ\u00e9en des Musiques Juives","isPartOf":{"@id":"https:\/\/www.iemj.org\/it\/#website"},"primaryImageOfPage":{"@id":"https:\/\/www.iemj.org\/it\/les-chants-de-shabbat-dans-le-rite-ashkenaze-de-lest\/#primaryimage"},"image":{"@id":"https:\/\/www.iemj.org\/it\/les-chants-de-shabbat-dans-le-rite-ashkenaze-de-lest\/#primaryimage"},"thumbnailUrl":"https:\/\/www.iemj.org\/wp-content\/uploads\/2021\/02\/arton5006-e1618491800611.jpg","datePublished":"2021-02-10T10:11:28+00:00","dateModified":"2024-02-15T16:46:21+00:00","breadcrumb":{"@id":"https:\/\/www.iemj.org\/it\/les-chants-de-shabbat-dans-le-rite-ashkenaze-de-lest\/#breadcrumb"},"inLanguage":"it-IT","potentialAction":[{"@type":"ReadAction","target":["https:\/\/www.iemj.org\/it\/les-chants-de-shabbat-dans-le-rite-ashkenaze-de-lest\/"]}]},{"@type":"ImageObject","inLanguage":"it-IT","@id":"https:\/\/www.iemj.org\/it\/les-chants-de-shabbat-dans-le-rite-ashkenaze-de-lest\/#primaryimage","url":"https:\/\/www.iemj.org\/wp-content\/uploads\/2021\/02\/arton5006-e1618491800611.jpg","contentUrl":"https:\/\/www.iemj.org\/wp-content\/uploads\/2021\/02\/arton5006-e1618491800611.jpg","width":350,"height":348},{"@type":"BreadcrumbList","@id":"https:\/\/www.iemj.org\/it\/les-chants-de-shabbat-dans-le-rite-ashkenaze-de-lest\/#breadcrumb","itemListElement":[{"@type":"ListItem","position":1,"name":"Accueil","item":"https:\/\/www.iemj.org\/it\/"},{"@type":"ListItem","position":2,"name":"I canti dello Shabbat nel rito askenazita dell\u2019Est"}]},{"@type":"WebSite","@id":"https:\/\/www.iemj.org\/it\/#website","url":"https:\/\/www.iemj.org\/it\/","name":"Institut Europ\u00e9en des Musiques Juives","description":"Des traditions musicales \u00e0 la port\u00e9e de tous","publisher":{"@id":"https:\/\/www.iemj.org\/it\/#organization"},"potentialAction":[{"@type":"SearchAction","target":{"@type":"EntryPoint","urlTemplate":"https:\/\/www.iemj.org\/it\/?s={search_term_string}"},"query-input":{"@type":"PropertyValueSpecification","valueRequired":true,"valueName":"search_term_string"}}],"inLanguage":"it-IT"},{"@type":"Organization","@id":"https:\/\/www.iemj.org\/it\/#organization","name":"Institut Europ\u00e9en des Musiques Juives","url":"https:\/\/www.iemj.org\/it\/","logo":{"@type":"ImageObject","inLanguage":"it-IT","@id":"https:\/\/www.iemj.org\/it\/#\/schema\/logo\/image\/","url":"https:\/\/www.iemj.org\/wp-content\/uploads\/2021\/09\/Logo-IEMJ-Paypal.jpg","contentUrl":"https:\/\/www.iemj.org\/wp-content\/uploads\/2021\/09\/Logo-IEMJ-Paypal.jpg","width":150,"height":50,"caption":"Institut Europ\u00e9en des Musiques Juives"},"image":{"@id":"https:\/\/www.iemj.org\/it\/#\/schema\/logo\/image\/"},"sameAs":["https:\/\/www.facebook.com\/MusiquesJuives\/","https:\/\/www.instagram.com\/musiquesjuives\/","https:\/\/www.youtube.com\/user\/musiquesjuives"]},{"@type":"Person","@id":"https:\/\/www.iemj.org\/it\/#\/schema\/person\/906134402c29d5c76e7b726261dd4bbd","name":"Herv\u00e9 Roten","image":{"@type":"ImageObject","inLanguage":"it-IT","@id":"https:\/\/secure.gravatar.com\/avatar\/f96ad2db538a26481f18384936b5cd0610c92d390c4dc382209216d455f685ff?s=96&d=mm&r=g","url":"https:\/\/secure.gravatar.com\/avatar\/f96ad2db538a26481f18384936b5cd0610c92d390c4dc382209216d455f685ff?s=96&d=mm&r=g","contentUrl":"https:\/\/secure.gravatar.com\/avatar\/f96ad2db538a26481f18384936b5cd0610c92d390c4dc382209216d455f685ff?s=96&d=mm&r=g","caption":"Herv\u00e9 Roten"}}]}},"_links":{"self":[{"href":"https:\/\/www.iemj.org\/it\/wp-json\/wp\/v2\/posts\/68601","targetHints":{"allow":["GET"]}}],"collection":[{"href":"https:\/\/www.iemj.org\/it\/wp-json\/wp\/v2\/posts"}],"about":[{"href":"https:\/\/www.iemj.org\/it\/wp-json\/wp\/v2\/types\/post"}],"author":[{"embeddable":true,"href":"https:\/\/www.iemj.org\/it\/wp-json\/wp\/v2\/users\/1045"}],"replies":[{"embeddable":true,"href":"https:\/\/www.iemj.org\/it\/wp-json\/wp\/v2\/comments?post=68601"}],"version-history":[{"count":0,"href":"https:\/\/www.iemj.org\/it\/wp-json\/wp\/v2\/posts\/68601\/revisions"}],"wp:featuredmedia":[{"embeddable":true,"href":"https:\/\/www.iemj.org\/it\/wp-json\/wp\/v2\/media\/68602"}],"wp:attachment":[{"href":"https:\/\/www.iemj.org\/it\/wp-json\/wp\/v2\/media?parent=68601"}],"wp:term":[{"taxonomy":"category","embeddable":true,"href":"https:\/\/www.iemj.org\/it\/wp-json\/wp\/v2\/categories?post=68601"},{"taxonomy":"post_tag","embeddable":true,"href":"https:\/\/www.iemj.org\/it\/wp-json\/wp\/v2\/tags?post=68601"},{"taxonomy":"technique","embeddable":true,"href":"https:\/\/www.iemj.org\/it\/wp-json\/wp\/v2\/technique?post=68601"},{"taxonomy":"squelettes","embeddable":true,"href":"https:\/\/www.iemj.org\/it\/wp-json\/wp\/v2\/squelettes?post=68601"},{"taxonomy":"sujet","embeddable":true,"href":"https:\/\/www.iemj.org\/it\/wp-json\/wp\/v2\/sujet?post=68601"},{"taxonomy":"formation","embeddable":true,"href":"https:\/\/www.iemj.org\/it\/wp-json\/wp\/v2\/formation?post=68601"},{"taxonomy":"genre","embeddable":true,"href":"https:\/\/www.iemj.org\/it\/wp-json\/wp\/v2\/genre?post=68601"},{"taxonomy":"fonds","embeddable":true,"href":"https:\/\/www.iemj.org\/it\/wp-json\/wp\/v2\/fonds?post=68601"},{"taxonomy":"tradition","embeddable":true,"href":"https:\/\/www.iemj.org\/it\/wp-json\/wp\/v2\/tradition?post=68601"},{"taxonomy":"type-de-contenu","embeddable":true,"href":"https:\/\/www.iemj.org\/it\/wp-json\/wp\/v2\/type-de-contenu?post=68601"},{"taxonomy":"interprete-compositeur","embeddable":true,"href":"https:\/\/www.iemj.org\/it\/wp-json\/wp\/v2\/interprete-compositeur?post=68601"},{"taxonomy":"frise","embeddable":true,"href":"https:\/\/www.iemj.org\/it\/wp-json\/wp\/v2\/frise?post=68601"},{"taxonomy":"type-devenement","embeddable":true,"href":"https:\/\/www.iemj.org\/it\/wp-json\/wp\/v2\/type-devenement?post=68601"},{"taxonomy":"tableaux-liens-externes","embeddable":true,"href":"https:\/\/www.iemj.org\/it\/wp-json\/wp\/v2\/tableaux-liens-externes?post=68601"}],"curies":[{"name":"wp","href":"https:\/\/api.w.org\/{rel}","templated":true}]}}