{"id":68934,"date":"2021-01-20T13:36:29","date_gmt":"2021-01-20T12:36:29","guid":{"rendered":"https:\/\/www.iemj.org\/les-chants-de-shabbat-dans-les-rites-italiens\/"},"modified":"2024-02-16T15:46:27","modified_gmt":"2024-02-16T14:46:27","slug":"les-chants-de-shabbat-dans-les-rites-italiens","status":"publish","type":"post","link":"https:\/\/www.iemj.org\/it\/les-chants-de-shabbat-dans-les-rites-italiens\/","title":{"rendered":"I canti dello Shabbat nei riti italiani"},"content":{"rendered":"<p><strong>Una selezione di canti dello Shabbat italiani (rito romano, rito sefardito, rito provenzale&#8230;) eseguiti da Albert Funaro, Gadiel Liscia, Bruno Polacco, David Prato<\/strong><\/p>\n<p><!--more--><\/p>\n<p>Lo shabbat, giorno di riposo, \u00e8 un\u2019istituzione della vita ebraica. Ed i canti che ritmano questo giorno particolare, occupano un posto importante, sia alla sinagoga con i cinque uffizi da\u00a0<em>Kabbalat shabbat<\/em>\u00a0a\u00a0<em>Motsei shabbat<\/em>, sia a casa con i rituali dell\u2019accensione delle candele, il\u00a0<em>Kiddush<\/em>\u00a0(benedizione del vino) il venerd\u00ec sera, la\u00a0<em><a href=\"https:\/\/it.wikipedia.org\/wiki\/Birkat_Hamazon\" target=\"_blank\" rel=\"noopener\">Birkat hamazon<\/a><\/em>\u00a0(ringraziamento alla fine del pasto), o anche l\u2019<em><a href=\"https:\/\/it.wikipedia.org\/wiki\/Havdalah\" target=\"_blank\" rel=\"noopener\">Havdala<\/a><\/em>\u00a0(l\u2019ultimo\u00a0<em>Kiddush<\/em>\u00a0che chiude lo shabbat). \u00c8 anche consuetudine cantare, durante i quattro pasti dello shabbat, molte poesie religiose chiamate\u00a0<em>Zemirot<\/em>\u00a0(o\u00a0<em>Tish nigounim\u00a0<\/em>dagli hassidim).<\/p>\n<p>Lo shabbat rende cos\u00ec possibile trovare il proprio percorso interiore attraverso la sua voce esteriore.<\/p>\n<p>La seguente playlist presenta una selezione d\u2019arie di Shabbat eseguite da cantanti di Roma, Firenze, Venezia, Padova e Pitilgliano, come Albert Funaro, Gadiel Liscia, Bruno Polacco e David Prato&#8230; Si prega di notare che un certo numero d\u2019arie in questa playlist sono, ai fini della registrazione, accompagnate da strumenti musicali, che sono vietati per essere suonati durante lo Shabbat nella maggior parte delle comunit\u00e0 ebraiche.<\/p>\n<p><a href=\"https:\/\/www.iemj.org\/it\/les-chants-de-shabbat\/\" target=\"_blank\" rel=\"noopener\">Leggere l\u2019articolo sui canti dello shabbat<\/a><\/p>\n\n\n<figure class=\"wp-block-image size-large\"><img fetchpriority=\"high\" decoding=\"async\" width=\"1024\" height=\"146\" src=\"https:\/\/www.iemj.org\/wp-content\/uploads\/2023\/01\/Bandeau-Playlist_IT2-1024x146.jpg\" alt=\"\" class=\"wp-image-93106\" srcset=\"https:\/\/www.iemj.org\/wp-content\/uploads\/2023\/01\/Bandeau-Playlist_IT2-1024x146.jpg 1024w, https:\/\/www.iemj.org\/wp-content\/uploads\/2023\/01\/Bandeau-Playlist_IT2-300x43.jpg 300w, https:\/\/www.iemj.org\/wp-content\/uploads\/2023\/01\/Bandeau-Playlist_IT2-768x110.jpg 768w, https:\/\/www.iemj.org\/wp-content\/uploads\/2023\/01\/Bandeau-Playlist_IT2-1536x220.jpg 1536w, https:\/\/www.iemj.org\/wp-content\/uploads\/2023\/01\/Bandeau-Playlist_IT2-600x86.jpg 600w, https:\/\/www.iemj.org\/wp-content\/uploads\/2023\/01\/Bandeau-Playlist_IT2.jpg 1608w\" sizes=\"(max-width: 1024px) 100vw, 1024px\" \/><\/figure>\n\n\n\n<div class=\"wp-block-file\"><a id=\"wp-block-file--media-6cc79302-e696-480a-9f60-51c37e882e5d\" href=\"https:\/\/www.iemj.org\/wp-content\/uploads\/2021\/01\/01_lekha_dodi_rome__alberto_funaro.mp3\">Lekha dodi (Rome) &#8211;  Alberto Funaro<\/a><\/div>\n\n\n\n<div class=\"wp-block-file\"><a id=\"wp-block-file--media-c027b214-a466-4d2d-b9f1-b676656b245d\" href=\"https:\/\/www.iemj.org\/wp-content\/uploads\/2021\/01\/02_eshet_chail_padoue_-_shire_miqdash.mp3\">Eshet chail (Padoue) &#8211; Shire Miqdash<\/a><\/div>\n\n\n\n<div class=\"wp-block-file\"><a id=\"wp-block-file--media-a273cc55-9356-4ab7-8486-dc0f52a7a5bd\" href=\"https:\/\/www.iemj.org\/wp-content\/uploads\/2021\/01\/03_jom_hashishi_rome_-_salvatore_saya_-_coro_ha-kol.mp3\">Jom Hashishi (Rome) &#8211; Salvatore Saya &#8211; Coro Ha kol<\/a><\/div>\n\n\n\n<div class=\"wp-block-file\"><a id=\"wp-block-file--media-354b37ed-c1cc-4be0-962c-b303f7e5c79f\" href=\"https:\/\/www.iemj.org\/wp-content\/uploads\/2021\/01\/04_ba-me_madliqin_venise_-_rite_sefarade_-_bruno_polacco.mp3\">Ba-me madliqin (Venise) (rite sefarade) &#8211; Bruno Polacco<\/a><\/div>\n\n\n\n<div class=\"wp-block-file\"><a id=\"wp-block-file--media-0a527a43-bb44-4740-8860-74d2e8c99edd\" href=\"https:\/\/www.iemj.org\/wp-content\/uploads\/2021\/01\/05_yigdal_pitilgliano_.mp3\">Yigdal (Pitilgliano) <\/a><\/div>\n\n\n\n<div class=\"wp-block-file\"><a id=\"wp-block-file--media-ec6daa9b-eac6-4a74-acbd-6222acfc4e85\" href=\"https:\/\/www.iemj.org\/wp-content\/uploads\/2021\/01\/06_kiddushim_di_shabbat_florence_-_gadiel_liscia.mp3\">Kiddushim di shabbat (Florence) &#8211; Gadiel Liscia<\/a><\/div>\n\n\n\n<div class=\"wp-block-file\"><a id=\"wp-block-file--media-9184e109-f965-4d87-9c5a-136b1a262c99\" href=\"https:\/\/www.iemj.org\/wp-content\/uploads\/2021\/01\/07_mizmor_shir_le-yom_ha-shabbat_venise_-_rite_sefarade_-_bruno_polacco.mp3\">Mizmor shir le-yom ha-Shabbat (Venise) (rite sefarade) &#8211; Bruno Polacco<\/a><\/div>\n\n\n\n<div class=\"wp-block-file\"><a id=\"wp-block-file--media-764d8ef0-35a4-47c8-bb99-6be63ee33d04\" href=\"https:\/\/www.iemj.org\/wp-content\/uploads\/2021\/01\/08_mizmor_ledavid_-_florence_synagogue_choir_extrait_.mp3\">Mizmor LeDavid &#8211; Florence Synagogue Choir (Extrait)<\/a><\/div>\n\n\n\n<div class=\"wp-block-file\"><a id=\"wp-block-file--media-e09b9d9f-961a-4644-9d46-ec79d50239fc\" href=\"https:\/\/www.iemj.org\/wp-content\/uploads\/2021\/01\/09_hashkivenu_-_salomone_rossi_-_jeremy_avis_extrait_.mp3\">Hashkivenu &#8211; Salomone Rossi &#8211; Jeremy Avis (Extrait)<\/a><\/div>\n\n\n\n<div class=\"wp-block-file\"><a id=\"wp-block-file--media-a1d03b90-51db-4205-8529-6ec18159f79f\" href=\"https:\/\/www.iemj.org\/wp-content\/uploads\/2021\/01\/10_keduscia_-_canti_liturgici_sefarditi_-_david_prato_extrait_.mp3\">Keduscia &#8211; Canti liturgici sefarditi &#8211; David Prato (Extrait)<\/a><\/div>\n\n\n\n<div class=\"wp-block-file\"><a id=\"wp-block-file--media-1cd3231d-1c22-4f76-9303-29d23b298df6\" href=\"https:\/\/www.iemj.org\/wp-content\/uploads\/2021\/01\/11_kedoucha_-_salomone_rossi_-_yaacov_toledano_extrait_.mp3\">Kedoucha &#8211; Salomone Rossi &#8211; Yaacov Toledano (Extrait) <\/a><\/div>\n\n\n\n<div class=\"wp-block-file\"><a id=\"wp-block-file--media-cf0882a3-550c-4587-a7ea-0224bfe5e7e9\" href=\"https:\/\/www.iemj.org\/wp-content\/uploads\/2021\/01\/12_ose_shalom_rome_-_coro_ha-kol.mp3\">Ose shalom (Rome) &#8211; Coro Ha kol<\/a><\/div>\n","protected":false},"excerpt":{"rendered":"<p>Una selezione di canti dello Shabbat italiani (rito romano, rito sefardito, rito provenzale&#8230;) eseguiti da Albert Funaro, Gadiel Liscia, Bruno Polacco, David Prato<\/p>\n","protected":false},"author":1045,"featured_media":68935,"comment_status":"closed","ping_status":"closed","sticky":false,"template":"","format":"standard","meta":{"_acf_changed":false,"footnotes":""},"categories":[1536],"tags":[2091],"technique":[],"squelettes":[],"sujet":[1855],"formation":[],"genre":[1892],"fonds":[],"tradition":[1977],"type-de-contenu":[],"interprete-compositeur":[],"frise":[],"type-devenement":[],"tableaux-liens-externes":[],"class_list":["post-68934","post","type-post","status-publish","format-standard","has-post-thumbnail","hentry","category-playlist-it","tag-italia-it","sujet-shabbat-it","genre-liturgia-it","tradition-rito-italiano-it"],"acf":[],"yoast_head":"<!-- This site is optimized with the Yoast SEO plugin v27.3 - https:\/\/yoast.com\/product\/yoast-seo-wordpress\/ -->\n<title>I canti dello Shabbat nei riti italiani - Institut Europ\u00e9en des Musiques Juives<\/title>\n<meta name=\"robots\" content=\"index, follow, max-snippet:-1, max-image-preview:large, max-video-preview:-1\" \/>\n<link rel=\"canonical\" href=\"https:\/\/www.iemj.org\/it\/les-chants-de-shabbat-dans-les-rites-italiens\/\" \/>\n<meta property=\"og:locale\" content=\"it_IT\" \/>\n<meta property=\"og:type\" content=\"article\" \/>\n<meta property=\"og:title\" content=\"I canti dello Shabbat nei riti italiani - Institut Europ\u00e9en des Musiques Juives\" \/>\n<meta property=\"og:description\" content=\"Una selezione di canti dello Shabbat italiani (rito romano, rito sefardito, rito provenzale&#8230;) eseguiti da Albert Funaro, Gadiel Liscia, Bruno Polacco, David Prato\" \/>\n<meta property=\"og:url\" content=\"https:\/\/www.iemj.org\/it\/les-chants-de-shabbat-dans-les-rites-italiens\/\" \/>\n<meta property=\"og:site_name\" content=\"Institut Europ\u00e9en des Musiques Juives\" \/>\n<meta property=\"article:publisher\" content=\"https:\/\/www.facebook.com\/MusiquesJuives\/\" \/>\n<meta property=\"article:published_time\" content=\"2021-01-20T12:36:29+00:00\" \/>\n<meta property=\"article:modified_time\" content=\"2024-02-16T14:46:27+00:00\" \/>\n<meta property=\"og:image\" content=\"https:\/\/www.iemj.org\/wp-content\/uploads\/2021\/01\/arton4981-e1618493140991.jpg\" \/>\n\t<meta property=\"og:image:width\" content=\"350\" \/>\n\t<meta property=\"og:image:height\" content=\"349\" \/>\n\t<meta property=\"og:image:type\" content=\"image\/jpeg\" \/>\n<meta name=\"author\" content=\"Herv\u00e9 Roten\" \/>\n<meta name=\"twitter:card\" content=\"summary_large_image\" \/>\n<meta name=\"twitter:label1\" content=\"Scritto da\" \/>\n\t<meta name=\"twitter:data1\" content=\"Herv\u00e9 Roten\" \/>\n\t<meta name=\"twitter:label2\" content=\"Tempo di lettura stimato\" \/>\n\t<meta name=\"twitter:data2\" content=\"2 minuti\" \/>\n<script type=\"application\/ld+json\" class=\"yoast-schema-graph\">{\"@context\":\"https:\\\/\\\/schema.org\",\"@graph\":[{\"@type\":\"Article\",\"@id\":\"https:\\\/\\\/www.iemj.org\\\/it\\\/les-chants-de-shabbat-dans-les-rites-italiens\\\/#article\",\"isPartOf\":{\"@id\":\"https:\\\/\\\/www.iemj.org\\\/it\\\/les-chants-de-shabbat-dans-les-rites-italiens\\\/\"},\"author\":{\"name\":\"Herv\u00e9 Roten\",\"@id\":\"https:\\\/\\\/www.iemj.org\\\/it\\\/#\\\/schema\\\/person\\\/906134402c29d5c76e7b726261dd4bbd\"},\"headline\":\"I canti dello Shabbat nei riti italiani\",\"datePublished\":\"2021-01-20T12:36:29+00:00\",\"dateModified\":\"2024-02-16T14:46:27+00:00\",\"mainEntityOfPage\":{\"@id\":\"https:\\\/\\\/www.iemj.org\\\/it\\\/les-chants-de-shabbat-dans-les-rites-italiens\\\/\"},\"wordCount\":298,\"publisher\":{\"@id\":\"https:\\\/\\\/www.iemj.org\\\/it\\\/#organization\"},\"image\":{\"@id\":\"https:\\\/\\\/www.iemj.org\\\/it\\\/les-chants-de-shabbat-dans-les-rites-italiens\\\/#primaryimage\"},\"thumbnailUrl\":\"https:\\\/\\\/www.iemj.org\\\/wp-content\\\/uploads\\\/2021\\\/01\\\/arton4981-e1618493140991.jpg\",\"keywords\":[\"Italia\"],\"articleSection\":[\"Playlist\"],\"inLanguage\":\"it-IT\"},{\"@type\":\"WebPage\",\"@id\":\"https:\\\/\\\/www.iemj.org\\\/it\\\/les-chants-de-shabbat-dans-les-rites-italiens\\\/\",\"url\":\"https:\\\/\\\/www.iemj.org\\\/it\\\/les-chants-de-shabbat-dans-les-rites-italiens\\\/\",\"name\":\"I canti dello Shabbat nei riti italiani - Institut Europ\u00e9en des Musiques Juives\",\"isPartOf\":{\"@id\":\"https:\\\/\\\/www.iemj.org\\\/it\\\/#website\"},\"primaryImageOfPage\":{\"@id\":\"https:\\\/\\\/www.iemj.org\\\/it\\\/les-chants-de-shabbat-dans-les-rites-italiens\\\/#primaryimage\"},\"image\":{\"@id\":\"https:\\\/\\\/www.iemj.org\\\/it\\\/les-chants-de-shabbat-dans-les-rites-italiens\\\/#primaryimage\"},\"thumbnailUrl\":\"https:\\\/\\\/www.iemj.org\\\/wp-content\\\/uploads\\\/2021\\\/01\\\/arton4981-e1618493140991.jpg\",\"datePublished\":\"2021-01-20T12:36:29+00:00\",\"dateModified\":\"2024-02-16T14:46:27+00:00\",\"breadcrumb\":{\"@id\":\"https:\\\/\\\/www.iemj.org\\\/it\\\/les-chants-de-shabbat-dans-les-rites-italiens\\\/#breadcrumb\"},\"inLanguage\":\"it-IT\",\"potentialAction\":[{\"@type\":\"ReadAction\",\"target\":[\"https:\\\/\\\/www.iemj.org\\\/it\\\/les-chants-de-shabbat-dans-les-rites-italiens\\\/\"]}]},{\"@type\":\"ImageObject\",\"inLanguage\":\"it-IT\",\"@id\":\"https:\\\/\\\/www.iemj.org\\\/it\\\/les-chants-de-shabbat-dans-les-rites-italiens\\\/#primaryimage\",\"url\":\"https:\\\/\\\/www.iemj.org\\\/wp-content\\\/uploads\\\/2021\\\/01\\\/arton4981-e1618493140991.jpg\",\"contentUrl\":\"https:\\\/\\\/www.iemj.org\\\/wp-content\\\/uploads\\\/2021\\\/01\\\/arton4981-e1618493140991.jpg\",\"width\":350,\"height\":349},{\"@type\":\"BreadcrumbList\",\"@id\":\"https:\\\/\\\/www.iemj.org\\\/it\\\/les-chants-de-shabbat-dans-les-rites-italiens\\\/#breadcrumb\",\"itemListElement\":[{\"@type\":\"ListItem\",\"position\":1,\"name\":\"Accueil\",\"item\":\"https:\\\/\\\/www.iemj.org\\\/it\\\/\"},{\"@type\":\"ListItem\",\"position\":2,\"name\":\"I canti dello Shabbat nei riti italiani\"}]},{\"@type\":\"WebSite\",\"@id\":\"https:\\\/\\\/www.iemj.org\\\/it\\\/#website\",\"url\":\"https:\\\/\\\/www.iemj.org\\\/it\\\/\",\"name\":\"Institut Europ\u00e9en des Musiques Juives\",\"description\":\"Des traditions musicales \u00e0 la port\u00e9e de tous\",\"publisher\":{\"@id\":\"https:\\\/\\\/www.iemj.org\\\/it\\\/#organization\"},\"potentialAction\":[{\"@type\":\"SearchAction\",\"target\":{\"@type\":\"EntryPoint\",\"urlTemplate\":\"https:\\\/\\\/www.iemj.org\\\/it\\\/?s={search_term_string}\"},\"query-input\":{\"@type\":\"PropertyValueSpecification\",\"valueRequired\":true,\"valueName\":\"search_term_string\"}}],\"inLanguage\":\"it-IT\"},{\"@type\":\"Organization\",\"@id\":\"https:\\\/\\\/www.iemj.org\\\/it\\\/#organization\",\"name\":\"Institut Europ\u00e9en des Musiques Juives\",\"url\":\"https:\\\/\\\/www.iemj.org\\\/it\\\/\",\"logo\":{\"@type\":\"ImageObject\",\"inLanguage\":\"it-IT\",\"@id\":\"https:\\\/\\\/www.iemj.org\\\/it\\\/#\\\/schema\\\/logo\\\/image\\\/\",\"url\":\"https:\\\/\\\/www.iemj.org\\\/wp-content\\\/uploads\\\/2021\\\/09\\\/Logo-IEMJ-Paypal.jpg\",\"contentUrl\":\"https:\\\/\\\/www.iemj.org\\\/wp-content\\\/uploads\\\/2021\\\/09\\\/Logo-IEMJ-Paypal.jpg\",\"width\":150,\"height\":50,\"caption\":\"Institut Europ\u00e9en des Musiques Juives\"},\"image\":{\"@id\":\"https:\\\/\\\/www.iemj.org\\\/it\\\/#\\\/schema\\\/logo\\\/image\\\/\"},\"sameAs\":[\"https:\\\/\\\/www.facebook.com\\\/MusiquesJuives\\\/\",\"https:\\\/\\\/www.instagram.com\\\/musiquesjuives\\\/\",\"https:\\\/\\\/www.youtube.com\\\/user\\\/musiquesjuives\"]},{\"@type\":\"Person\",\"@id\":\"https:\\\/\\\/www.iemj.org\\\/it\\\/#\\\/schema\\\/person\\\/906134402c29d5c76e7b726261dd4bbd\",\"name\":\"Herv\u00e9 Roten\",\"image\":{\"@type\":\"ImageObject\",\"inLanguage\":\"it-IT\",\"@id\":\"https:\\\/\\\/secure.gravatar.com\\\/avatar\\\/f96ad2db538a26481f18384936b5cd0610c92d390c4dc382209216d455f685ff?s=96&d=mm&r=g\",\"url\":\"https:\\\/\\\/secure.gravatar.com\\\/avatar\\\/f96ad2db538a26481f18384936b5cd0610c92d390c4dc382209216d455f685ff?s=96&d=mm&r=g\",\"contentUrl\":\"https:\\\/\\\/secure.gravatar.com\\\/avatar\\\/f96ad2db538a26481f18384936b5cd0610c92d390c4dc382209216d455f685ff?s=96&d=mm&r=g\",\"caption\":\"Herv\u00e9 Roten\"}}]}<\/script>\n<!-- \/ Yoast SEO plugin. -->","yoast_head_json":{"title":"I canti dello Shabbat nei riti italiani - Institut Europ\u00e9en des Musiques Juives","robots":{"index":"index","follow":"follow","max-snippet":"max-snippet:-1","max-image-preview":"max-image-preview:large","max-video-preview":"max-video-preview:-1"},"canonical":"https:\/\/www.iemj.org\/it\/les-chants-de-shabbat-dans-les-rites-italiens\/","og_locale":"it_IT","og_type":"article","og_title":"I canti dello Shabbat nei riti italiani - Institut Europ\u00e9en des Musiques Juives","og_description":"Una selezione di canti dello Shabbat italiani (rito romano, rito sefardito, rito provenzale&#8230;) eseguiti da Albert Funaro, Gadiel Liscia, Bruno Polacco, David Prato","og_url":"https:\/\/www.iemj.org\/it\/les-chants-de-shabbat-dans-les-rites-italiens\/","og_site_name":"Institut Europ\u00e9en des Musiques Juives","article_publisher":"https:\/\/www.facebook.com\/MusiquesJuives\/","article_published_time":"2021-01-20T12:36:29+00:00","article_modified_time":"2024-02-16T14:46:27+00:00","og_image":[{"width":350,"height":349,"url":"https:\/\/www.iemj.org\/wp-content\/uploads\/2021\/01\/arton4981-e1618493140991.jpg","type":"image\/jpeg"}],"author":"Herv\u00e9 Roten","twitter_card":"summary_large_image","twitter_misc":{"Scritto da":"Herv\u00e9 Roten","Tempo di lettura stimato":"2 minuti"},"schema":{"@context":"https:\/\/schema.org","@graph":[{"@type":"Article","@id":"https:\/\/www.iemj.org\/it\/les-chants-de-shabbat-dans-les-rites-italiens\/#article","isPartOf":{"@id":"https:\/\/www.iemj.org\/it\/les-chants-de-shabbat-dans-les-rites-italiens\/"},"author":{"name":"Herv\u00e9 Roten","@id":"https:\/\/www.iemj.org\/it\/#\/schema\/person\/906134402c29d5c76e7b726261dd4bbd"},"headline":"I canti dello Shabbat nei riti italiani","datePublished":"2021-01-20T12:36:29+00:00","dateModified":"2024-02-16T14:46:27+00:00","mainEntityOfPage":{"@id":"https:\/\/www.iemj.org\/it\/les-chants-de-shabbat-dans-les-rites-italiens\/"},"wordCount":298,"publisher":{"@id":"https:\/\/www.iemj.org\/it\/#organization"},"image":{"@id":"https:\/\/www.iemj.org\/it\/les-chants-de-shabbat-dans-les-rites-italiens\/#primaryimage"},"thumbnailUrl":"https:\/\/www.iemj.org\/wp-content\/uploads\/2021\/01\/arton4981-e1618493140991.jpg","keywords":["Italia"],"articleSection":["Playlist"],"inLanguage":"it-IT"},{"@type":"WebPage","@id":"https:\/\/www.iemj.org\/it\/les-chants-de-shabbat-dans-les-rites-italiens\/","url":"https:\/\/www.iemj.org\/it\/les-chants-de-shabbat-dans-les-rites-italiens\/","name":"I canti dello Shabbat nei riti italiani - Institut Europ\u00e9en des Musiques Juives","isPartOf":{"@id":"https:\/\/www.iemj.org\/it\/#website"},"primaryImageOfPage":{"@id":"https:\/\/www.iemj.org\/it\/les-chants-de-shabbat-dans-les-rites-italiens\/#primaryimage"},"image":{"@id":"https:\/\/www.iemj.org\/it\/les-chants-de-shabbat-dans-les-rites-italiens\/#primaryimage"},"thumbnailUrl":"https:\/\/www.iemj.org\/wp-content\/uploads\/2021\/01\/arton4981-e1618493140991.jpg","datePublished":"2021-01-20T12:36:29+00:00","dateModified":"2024-02-16T14:46:27+00:00","breadcrumb":{"@id":"https:\/\/www.iemj.org\/it\/les-chants-de-shabbat-dans-les-rites-italiens\/#breadcrumb"},"inLanguage":"it-IT","potentialAction":[{"@type":"ReadAction","target":["https:\/\/www.iemj.org\/it\/les-chants-de-shabbat-dans-les-rites-italiens\/"]}]},{"@type":"ImageObject","inLanguage":"it-IT","@id":"https:\/\/www.iemj.org\/it\/les-chants-de-shabbat-dans-les-rites-italiens\/#primaryimage","url":"https:\/\/www.iemj.org\/wp-content\/uploads\/2021\/01\/arton4981-e1618493140991.jpg","contentUrl":"https:\/\/www.iemj.org\/wp-content\/uploads\/2021\/01\/arton4981-e1618493140991.jpg","width":350,"height":349},{"@type":"BreadcrumbList","@id":"https:\/\/www.iemj.org\/it\/les-chants-de-shabbat-dans-les-rites-italiens\/#breadcrumb","itemListElement":[{"@type":"ListItem","position":1,"name":"Accueil","item":"https:\/\/www.iemj.org\/it\/"},{"@type":"ListItem","position":2,"name":"I canti dello Shabbat nei riti italiani"}]},{"@type":"WebSite","@id":"https:\/\/www.iemj.org\/it\/#website","url":"https:\/\/www.iemj.org\/it\/","name":"Institut Europ\u00e9en des Musiques Juives","description":"Des traditions musicales \u00e0 la port\u00e9e de tous","publisher":{"@id":"https:\/\/www.iemj.org\/it\/#organization"},"potentialAction":[{"@type":"SearchAction","target":{"@type":"EntryPoint","urlTemplate":"https:\/\/www.iemj.org\/it\/?s={search_term_string}"},"query-input":{"@type":"PropertyValueSpecification","valueRequired":true,"valueName":"search_term_string"}}],"inLanguage":"it-IT"},{"@type":"Organization","@id":"https:\/\/www.iemj.org\/it\/#organization","name":"Institut Europ\u00e9en des Musiques Juives","url":"https:\/\/www.iemj.org\/it\/","logo":{"@type":"ImageObject","inLanguage":"it-IT","@id":"https:\/\/www.iemj.org\/it\/#\/schema\/logo\/image\/","url":"https:\/\/www.iemj.org\/wp-content\/uploads\/2021\/09\/Logo-IEMJ-Paypal.jpg","contentUrl":"https:\/\/www.iemj.org\/wp-content\/uploads\/2021\/09\/Logo-IEMJ-Paypal.jpg","width":150,"height":50,"caption":"Institut Europ\u00e9en des Musiques Juives"},"image":{"@id":"https:\/\/www.iemj.org\/it\/#\/schema\/logo\/image\/"},"sameAs":["https:\/\/www.facebook.com\/MusiquesJuives\/","https:\/\/www.instagram.com\/musiquesjuives\/","https:\/\/www.youtube.com\/user\/musiquesjuives"]},{"@type":"Person","@id":"https:\/\/www.iemj.org\/it\/#\/schema\/person\/906134402c29d5c76e7b726261dd4bbd","name":"Herv\u00e9 Roten","image":{"@type":"ImageObject","inLanguage":"it-IT","@id":"https:\/\/secure.gravatar.com\/avatar\/f96ad2db538a26481f18384936b5cd0610c92d390c4dc382209216d455f685ff?s=96&d=mm&r=g","url":"https:\/\/secure.gravatar.com\/avatar\/f96ad2db538a26481f18384936b5cd0610c92d390c4dc382209216d455f685ff?s=96&d=mm&r=g","contentUrl":"https:\/\/secure.gravatar.com\/avatar\/f96ad2db538a26481f18384936b5cd0610c92d390c4dc382209216d455f685ff?s=96&d=mm&r=g","caption":"Herv\u00e9 Roten"}}]}},"_links":{"self":[{"href":"https:\/\/www.iemj.org\/it\/wp-json\/wp\/v2\/posts\/68934","targetHints":{"allow":["GET"]}}],"collection":[{"href":"https:\/\/www.iemj.org\/it\/wp-json\/wp\/v2\/posts"}],"about":[{"href":"https:\/\/www.iemj.org\/it\/wp-json\/wp\/v2\/types\/post"}],"author":[{"embeddable":true,"href":"https:\/\/www.iemj.org\/it\/wp-json\/wp\/v2\/users\/1045"}],"replies":[{"embeddable":true,"href":"https:\/\/www.iemj.org\/it\/wp-json\/wp\/v2\/comments?post=68934"}],"version-history":[{"count":0,"href":"https:\/\/www.iemj.org\/it\/wp-json\/wp\/v2\/posts\/68934\/revisions"}],"wp:featuredmedia":[{"embeddable":true,"href":"https:\/\/www.iemj.org\/it\/wp-json\/wp\/v2\/media\/68935"}],"wp:attachment":[{"href":"https:\/\/www.iemj.org\/it\/wp-json\/wp\/v2\/media?parent=68934"}],"wp:term":[{"taxonomy":"category","embeddable":true,"href":"https:\/\/www.iemj.org\/it\/wp-json\/wp\/v2\/categories?post=68934"},{"taxonomy":"post_tag","embeddable":true,"href":"https:\/\/www.iemj.org\/it\/wp-json\/wp\/v2\/tags?post=68934"},{"taxonomy":"technique","embeddable":true,"href":"https:\/\/www.iemj.org\/it\/wp-json\/wp\/v2\/technique?post=68934"},{"taxonomy":"squelettes","embeddable":true,"href":"https:\/\/www.iemj.org\/it\/wp-json\/wp\/v2\/squelettes?post=68934"},{"taxonomy":"sujet","embeddable":true,"href":"https:\/\/www.iemj.org\/it\/wp-json\/wp\/v2\/sujet?post=68934"},{"taxonomy":"formation","embeddable":true,"href":"https:\/\/www.iemj.org\/it\/wp-json\/wp\/v2\/formation?post=68934"},{"taxonomy":"genre","embeddable":true,"href":"https:\/\/www.iemj.org\/it\/wp-json\/wp\/v2\/genre?post=68934"},{"taxonomy":"fonds","embeddable":true,"href":"https:\/\/www.iemj.org\/it\/wp-json\/wp\/v2\/fonds?post=68934"},{"taxonomy":"tradition","embeddable":true,"href":"https:\/\/www.iemj.org\/it\/wp-json\/wp\/v2\/tradition?post=68934"},{"taxonomy":"type-de-contenu","embeddable":true,"href":"https:\/\/www.iemj.org\/it\/wp-json\/wp\/v2\/type-de-contenu?post=68934"},{"taxonomy":"interprete-compositeur","embeddable":true,"href":"https:\/\/www.iemj.org\/it\/wp-json\/wp\/v2\/interprete-compositeur?post=68934"},{"taxonomy":"frise","embeddable":true,"href":"https:\/\/www.iemj.org\/it\/wp-json\/wp\/v2\/frise?post=68934"},{"taxonomy":"type-devenement","embeddable":true,"href":"https:\/\/www.iemj.org\/it\/wp-json\/wp\/v2\/type-devenement?post=68934"},{"taxonomy":"tableaux-liens-externes","embeddable":true,"href":"https:\/\/www.iemj.org\/it\/wp-json\/wp\/v2\/tableaux-liens-externes?post=68934"}],"curies":[{"name":"wp","href":"https:\/\/api.w.org\/{rel}","templated":true}]}}