{"id":69330,"date":"2016-04-19T13:01:23","date_gmt":"2016-04-19T11:01:23","guid":{"rendered":"https:\/\/www.iemj.org\/le-chant-des-juifs-sefarades\/"},"modified":"2026-02-16T16:40:15","modified_gmt":"2026-02-16T15:40:15","slug":"le-chant-des-juifs-sefarades","status":"publish","type":"post","link":"https:\/\/www.iemj.org\/it\/le-chant-des-juifs-sefarades\/","title":{"rendered":"Il canto degli ebrei sefarditi"},"content":{"rendered":"<p><em>Sefardita<\/em> significa Spagnolo in ebraico. Questa parola si riferisce ai discendenti degli ebrei espulsi dalla Spagna nel 1492, dopo la caduta del Regno di Granada, ultimo episodio della riconquista cristiana della penisola iberica. Pi\u00f9 generalmente, il termine sefardita comprende le comunit\u00e0 ebraiche del mondo arabo-musulmano, in particolare nel Maghreb, anche se la maggior parte di esse era composta da ebrei di origine africana provenienti da trib\u00f9 berbere che erano state giudaizzate fin dall&#8217;antichit\u00e0, e non dagli espulsi dalla Spagna del XV secolo.<\/p>\n<p>I canti sefarditi comprendono tutte e due le definizioni: i canti degli esuli dalla Spagna, trasmessi ed arricchiti di secolo in secolo dalle comunit\u00e0 nate da questa diaspora, e pi\u00f9 in generale, la musica secolare o liturgica degli ebrei orientali.<\/p>\n<p><strong>Sfondo storico<\/strong><br \/>\nNon\u00a0si pu\u00f2 studiare la musica degli ebrei sefarditi &#8211; nel senso etimologico del termine &#8211; cio\u00e8 coloro che provenivano dalla penisola iberica prima della loro espulsione dalla Spagna (1492) e dal Portogallo (1497) senza ricordare l&#8217;importanza della cultura ebraica nella Spagna medievale. A quel tempo, gli ebrei, in contatto con la cultura araba, svilupparono la loro attivit\u00e0 in campi diversi come l&#8217;economia, la scienza e le arti. Spesso occuparono un posto importante nella societ\u00e0 spagnola medievale, come medici, filosofi [Maimonide (1135-1204)] od ancora poeti [Salomon Ibn Gabirol (ca. 1020-1057), Judah Halevi (ca. 1075-1141), ecc]. Durante tutto il Medioevo e fino al XV secolo, si parla anche di musicisti ebrei impiegati in varie corti di dignitari cristiani o arabi. I re cristiani di Spagna tenevano in grande stima i musicisti ebrei.<\/p>\n<p>Per\u00f2 nel 1492, dopo un secolo di persecuzioni e conversioni forzate, la regina Isabella la Cattolica emise un decreto per espellere tutti gli ebrei dalla Spagna. Nel 1497, il re Manuel I del Portogallo estese questa misura ai suoi sudditi ebrei. Costretti all&#8217;esilio, gli ebrei sefarditi si rifugiarono in terre protestanti (Inghilterra, Germania, Province Unite, colonie olandesi e inglesi) e soprattutto in terre islamiche (Impero Ottomano e Africa del Nord), portando con loro una cultura secolare che conservarono gelosamente.<\/p>\n<p>Cos\u00ec, pi\u00f9 di cinque secoli dopo l&#8217;espulsione, gli ebrei sefarditi si trovano ancora oggi a parlare il giudeo-spagnolo, l&#8217;antico castigliano del XV secolo. Ma fino a quando?<\/p>\n<p><strong>Il repertorio giudeo-spagnolo<\/strong><br \/>\nDiscendente\u00a0dagli ebrei di Spagna, questo popolo ha cercato di conservare una parte della tradizione spagnola attraverso la pratica della lingua e della musica, essenzialmente trasmessa oralmente, soprattutto per quanto riguarda il repertorio delle sue coplas, romanze e cantigas.<\/p>\n<p>Durante il suo esilio, la cultura giudeo-spagnola fu esposta alle numerose influenze dei paesi che furono attraversati e delle terre di accoglienza. La vitalit\u00e0 del Cancionero (cantautore) sefardita non \u00e8 un fenomeno nuovo. Come la conosciamo oggi, la musica giudeo-spagnola \u00e8 un mosaico in cui il sacro coesiste con il profano, i temi ebraici con quelli non ebraici, il vecchio con il nuovo.<\/p>\n<p>Cos\u00ec, in alcune cantigas giudeo-spagnole, troviamo arie di opere del XIX secolo, zarzuelas, ritmi foxtrot, tanghi, valzer, ed antichissimi testi spagnoli alternati a traduzioni moderne di canti popolari turchi, greci ed italiani.<\/p>\n<p>Dall&#8217;inizio del XX secolo in poi, le comunit\u00e0 sefardite, influenzate in particolare dal sistema educativo dell&#8217;Alliance Isra\u00e9lite Universelle, furono anche bagnate dalle tradizioni europee come il canto canonico, le bande di ottoni e i gruppi di music-hall. La musica strumentale ha addirittura soppiantato i cantanti tradizionali.<\/p>\n<p>All&#8217;inizio del XX secolo, i compositori si interessarono molto alle musiche tradizionali, e questo interesse port\u00f2 alla creazione di numerosi pezzi ispirati a queste diverse tradizioni.<\/p>\n<p>Mai prima d&#8217;ora la cultura ispano-ebraica ha dato vita a cos\u00ec tanti progetti, sogni e creazioni. Il senso di urgenza che ha preso molti discendenti di famiglie sefardite li sta spingendo ad agire ed a riappropriarsi di tutti i pezzi di questo immenso puzzle: la lingua, la cucina, le canzoni, la poesia, la letteratura e soprattutto un modo di essere e di vedere il mondo, un&#8217;arte di vivere insieme.<\/p>\n<p>Numerosi ricercatori hanno studiato questa parte del patrimonio ebraico, come <a href=\"https:\/\/fr.wikipedia.org\/wiki\/Edwin_Seroussi\">Edwin Seroussi<\/a>, Jessica Roda, <a href=\"https:\/\/www.iemj.org\/it\/cohen-judith\/\" target=\"_blank\" rel=\"noopener\">Judith Cohen<\/a> od ancora <a href=\"https:\/\/www.iemj.org\/it\/weich-shahak-susana\/\" target=\"_blank\" rel=\"noopener\">Susana Weich-Shahak<\/a>, la quale ha realizzato una notevole raccolta e ricerca sulla musica che accompagna i diversi momenti della vita delle comunit\u00e0 giudeo-spagnole del Mediterraneo orientale, dalla nascita alla morte, includendo ninne nanne, filastrocche e canti di nozze, ecc.<\/p>\n<p><strong>La rinascita della musica giudeo-spagnola<\/strong><br \/>\nNegli ultimi anni, la musica giudeo-spagnola sta vivendo una rinascita, con l&#8217;emergere di una nuova generazione di artisti che sono determinati a scuotere il repertorio di canti tradizionali. La musica elettro-sefardita \u00e8 cos\u00ec una prova significativa di questo fenomeno di aggiornare e rendere la musica giudeo-spagnola parte del nostro patrimonio.<\/p>\n<p><a href=\"http:\/\/www.sephardicmusic.org\/about.htm\">Visitare il sito di Jo\u00ebl Bresler : Sephardic Music: a century of recordings<\/a><br \/>\n<a href=\"https:\/\/www.iemj.org\/le-renouveau-des-musiques-judeo-espagnoles\/\" target=\"_blank\" rel=\"noopener\">Ascoltare il programma radiofonoico (<em>in francese<\/em>): Le renouveau des musiques jud\u00e9o-espagnoles, presentato da Herv\u00e9 Roten<\/a><br \/>\n<a href=\"https:\/\/www.iemj.org\/it\/les-chants-judeo-espagnols-1\/\" target=\"_blank\" rel=\"noopener\">Ascoltare la playlist sui canti giudeo-spagnoli<\/a><br \/>\n<a href=\"https:\/\/www.iemj.org\/it\/musiques-des-juifs-de-turquie\/\" target=\"_blank\" rel=\"noopener\">Ascoltare la playlist sulla musica degli ebrei di Turchia<\/a><\/p>\n","protected":false},"excerpt":{"rendered":"<p>Sefardita significa Spagnolo in ebraico. Questa parola si riferisce ai discendenti degli ebrei espulsi dalla Spagna nel 1492, dopo la caduta del Regno di Granada, ultimo episodio della riconquista cristiana<\/p>\n","protected":false},"author":5,"featured_media":69331,"comment_status":"closed","ping_status":"closed","sticky":false,"template":"","format":"standard","meta":{"_acf_changed":false,"footnotes":""},"categories":[1407,1413],"tags":[],"technique":[],"squelettes":[],"sujet":[2132],"formation":[],"genre":[1675],"fonds":[],"tradition":[],"type-de-contenu":[],"interprete-compositeur":[],"frise":[],"type-devenement":[],"tableaux-liens-externes":[],"class_list":["post-69330","post","type-post","status-publish","format-standard","has-post-thumbnail","hentry","category-articoli-di-fondo-it","category-musica-laica","sujet-turchia-it","genre-giudeo-spagnolo-it"],"acf":[],"yoast_head":"<!-- This site is optimized with the Yoast SEO plugin v27.3 - https:\/\/yoast.com\/product\/yoast-seo-wordpress\/ -->\n<title>Il canto degli ebrei sefarditi - Institut Europ\u00e9en des Musiques Juives<\/title>\n<meta name=\"robots\" content=\"index, follow, max-snippet:-1, max-image-preview:large, max-video-preview:-1\" \/>\n<link rel=\"canonical\" href=\"https:\/\/www.iemj.org\/it\/le-chant-des-juifs-sefarades\/\" \/>\n<meta property=\"og:locale\" content=\"it_IT\" \/>\n<meta property=\"og:type\" content=\"article\" \/>\n<meta property=\"og:title\" content=\"Il canto degli ebrei sefarditi - Institut Europ\u00e9en des Musiques Juives\" \/>\n<meta property=\"og:description\" content=\"Sefardita significa Spagnolo in ebraico. Questa parola si riferisce ai discendenti degli ebrei espulsi dalla Spagna nel 1492, dopo la caduta del Regno di Granada, ultimo episodio della riconquista cristiana\" \/>\n<meta property=\"og:url\" content=\"https:\/\/www.iemj.org\/it\/le-chant-des-juifs-sefarades\/\" \/>\n<meta property=\"og:site_name\" content=\"Institut Europ\u00e9en des Musiques Juives\" \/>\n<meta property=\"article:publisher\" content=\"https:\/\/www.facebook.com\/MusiquesJuives\/\" \/>\n<meta property=\"article:published_time\" content=\"2016-04-19T11:01:23+00:00\" \/>\n<meta property=\"article:modified_time\" content=\"2026-02-16T15:40:15+00:00\" \/>\n<meta property=\"og:image\" content=\"https:\/\/www.iemj.org\/wp-content\/uploads\/2016\/04\/arton1563-e1618388133409.jpg\" \/>\n\t<meta property=\"og:image:width\" content=\"350\" \/>\n\t<meta property=\"og:image:height\" content=\"255\" \/>\n\t<meta property=\"og:image:type\" content=\"image\/jpeg\" \/>\n<meta name=\"author\" content=\"Jacqueline ROTEN\" \/>\n<meta name=\"twitter:card\" content=\"summary_large_image\" \/>\n<meta name=\"twitter:label1\" content=\"Scritto da\" \/>\n\t<meta name=\"twitter:data1\" content=\"Jacqueline ROTEN\" \/>\n\t<meta name=\"twitter:label2\" content=\"Tempo di lettura stimato\" \/>\n\t<meta name=\"twitter:data2\" content=\"5 minuti\" \/>\n<script type=\"application\/ld+json\" class=\"yoast-schema-graph\">{\"@context\":\"https:\\\/\\\/schema.org\",\"@graph\":[{\"@type\":\"Article\",\"@id\":\"https:\\\/\\\/www.iemj.org\\\/it\\\/le-chant-des-juifs-sefarades\\\/#article\",\"isPartOf\":{\"@id\":\"https:\\\/\\\/www.iemj.org\\\/it\\\/le-chant-des-juifs-sefarades\\\/\"},\"author\":{\"name\":\"Jacqueline ROTEN\",\"@id\":\"https:\\\/\\\/www.iemj.org\\\/it\\\/#\\\/schema\\\/person\\\/358e26c18aca017fcc4cc15437f7279c\"},\"headline\":\"Il canto degli ebrei sefarditi\",\"datePublished\":\"2016-04-19T11:01:23+00:00\",\"dateModified\":\"2026-02-16T15:40:15+00:00\",\"mainEntityOfPage\":{\"@id\":\"https:\\\/\\\/www.iemj.org\\\/it\\\/le-chant-des-juifs-sefarades\\\/\"},\"wordCount\":805,\"publisher\":{\"@id\":\"https:\\\/\\\/www.iemj.org\\\/it\\\/#organization\"},\"image\":{\"@id\":\"https:\\\/\\\/www.iemj.org\\\/it\\\/le-chant-des-juifs-sefarades\\\/#primaryimage\"},\"thumbnailUrl\":\"https:\\\/\\\/www.iemj.org\\\/wp-content\\\/uploads\\\/2016\\\/04\\\/arton1563-e1618388133409.jpg\",\"articleSection\":[\"Articoli di fondo\",\"Musica laica\"],\"inLanguage\":\"it-IT\"},{\"@type\":\"WebPage\",\"@id\":\"https:\\\/\\\/www.iemj.org\\\/it\\\/le-chant-des-juifs-sefarades\\\/\",\"url\":\"https:\\\/\\\/www.iemj.org\\\/it\\\/le-chant-des-juifs-sefarades\\\/\",\"name\":\"Il canto degli ebrei sefarditi - Institut Europ\u00e9en des Musiques Juives\",\"isPartOf\":{\"@id\":\"https:\\\/\\\/www.iemj.org\\\/it\\\/#website\"},\"primaryImageOfPage\":{\"@id\":\"https:\\\/\\\/www.iemj.org\\\/it\\\/le-chant-des-juifs-sefarades\\\/#primaryimage\"},\"image\":{\"@id\":\"https:\\\/\\\/www.iemj.org\\\/it\\\/le-chant-des-juifs-sefarades\\\/#primaryimage\"},\"thumbnailUrl\":\"https:\\\/\\\/www.iemj.org\\\/wp-content\\\/uploads\\\/2016\\\/04\\\/arton1563-e1618388133409.jpg\",\"datePublished\":\"2016-04-19T11:01:23+00:00\",\"dateModified\":\"2026-02-16T15:40:15+00:00\",\"breadcrumb\":{\"@id\":\"https:\\\/\\\/www.iemj.org\\\/it\\\/le-chant-des-juifs-sefarades\\\/#breadcrumb\"},\"inLanguage\":\"it-IT\",\"potentialAction\":[{\"@type\":\"ReadAction\",\"target\":[\"https:\\\/\\\/www.iemj.org\\\/it\\\/le-chant-des-juifs-sefarades\\\/\"]}]},{\"@type\":\"ImageObject\",\"inLanguage\":\"it-IT\",\"@id\":\"https:\\\/\\\/www.iemj.org\\\/it\\\/le-chant-des-juifs-sefarades\\\/#primaryimage\",\"url\":\"https:\\\/\\\/www.iemj.org\\\/wp-content\\\/uploads\\\/2016\\\/04\\\/arton1563-e1618388133409.jpg\",\"contentUrl\":\"https:\\\/\\\/www.iemj.org\\\/wp-content\\\/uploads\\\/2016\\\/04\\\/arton1563-e1618388133409.jpg\",\"width\":350,\"height\":255},{\"@type\":\"BreadcrumbList\",\"@id\":\"https:\\\/\\\/www.iemj.org\\\/it\\\/le-chant-des-juifs-sefarades\\\/#breadcrumb\",\"itemListElement\":[{\"@type\":\"ListItem\",\"position\":1,\"name\":\"Accueil\",\"item\":\"https:\\\/\\\/www.iemj.org\\\/it\\\/\"},{\"@type\":\"ListItem\",\"position\":2,\"name\":\"Il canto degli ebrei sefarditi\"}]},{\"@type\":\"WebSite\",\"@id\":\"https:\\\/\\\/www.iemj.org\\\/it\\\/#website\",\"url\":\"https:\\\/\\\/www.iemj.org\\\/it\\\/\",\"name\":\"Institut Europ\u00e9en des Musiques Juives\",\"description\":\"Des traditions musicales \u00e0 la port\u00e9e de tous\",\"publisher\":{\"@id\":\"https:\\\/\\\/www.iemj.org\\\/it\\\/#organization\"},\"potentialAction\":[{\"@type\":\"SearchAction\",\"target\":{\"@type\":\"EntryPoint\",\"urlTemplate\":\"https:\\\/\\\/www.iemj.org\\\/it\\\/?s={search_term_string}\"},\"query-input\":{\"@type\":\"PropertyValueSpecification\",\"valueRequired\":true,\"valueName\":\"search_term_string\"}}],\"inLanguage\":\"it-IT\"},{\"@type\":\"Organization\",\"@id\":\"https:\\\/\\\/www.iemj.org\\\/it\\\/#organization\",\"name\":\"Institut Europ\u00e9en des Musiques Juives\",\"url\":\"https:\\\/\\\/www.iemj.org\\\/it\\\/\",\"logo\":{\"@type\":\"ImageObject\",\"inLanguage\":\"it-IT\",\"@id\":\"https:\\\/\\\/www.iemj.org\\\/it\\\/#\\\/schema\\\/logo\\\/image\\\/\",\"url\":\"https:\\\/\\\/www.iemj.org\\\/wp-content\\\/uploads\\\/2021\\\/09\\\/Logo-IEMJ-Paypal.jpg\",\"contentUrl\":\"https:\\\/\\\/www.iemj.org\\\/wp-content\\\/uploads\\\/2021\\\/09\\\/Logo-IEMJ-Paypal.jpg\",\"width\":150,\"height\":50,\"caption\":\"Institut Europ\u00e9en des Musiques Juives\"},\"image\":{\"@id\":\"https:\\\/\\\/www.iemj.org\\\/it\\\/#\\\/schema\\\/logo\\\/image\\\/\"},\"sameAs\":[\"https:\\\/\\\/www.facebook.com\\\/MusiquesJuives\\\/\",\"https:\\\/\\\/www.instagram.com\\\/musiquesjuives\\\/\",\"https:\\\/\\\/www.youtube.com\\\/user\\\/musiquesjuives\"]},{\"@type\":\"Person\",\"@id\":\"https:\\\/\\\/www.iemj.org\\\/it\\\/#\\\/schema\\\/person\\\/358e26c18aca017fcc4cc15437f7279c\",\"name\":\"Jacqueline ROTEN\",\"image\":{\"@type\":\"ImageObject\",\"inLanguage\":\"it-IT\",\"@id\":\"https:\\\/\\\/secure.gravatar.com\\\/avatar\\\/5964256d6c6957de3a3505278957e0fb2a35119ac47ea41827a65301213c810b?s=96&d=mm&r=g\",\"url\":\"https:\\\/\\\/secure.gravatar.com\\\/avatar\\\/5964256d6c6957de3a3505278957e0fb2a35119ac47ea41827a65301213c810b?s=96&d=mm&r=g\",\"contentUrl\":\"https:\\\/\\\/secure.gravatar.com\\\/avatar\\\/5964256d6c6957de3a3505278957e0fb2a35119ac47ea41827a65301213c810b?s=96&d=mm&r=g\",\"caption\":\"Jacqueline ROTEN\"}}]}<\/script>\n<!-- \/ Yoast SEO plugin. -->","yoast_head_json":{"title":"Il canto degli ebrei sefarditi - Institut Europ\u00e9en des Musiques Juives","robots":{"index":"index","follow":"follow","max-snippet":"max-snippet:-1","max-image-preview":"max-image-preview:large","max-video-preview":"max-video-preview:-1"},"canonical":"https:\/\/www.iemj.org\/it\/le-chant-des-juifs-sefarades\/","og_locale":"it_IT","og_type":"article","og_title":"Il canto degli ebrei sefarditi - Institut Europ\u00e9en des Musiques Juives","og_description":"Sefardita significa Spagnolo in ebraico. Questa parola si riferisce ai discendenti degli ebrei espulsi dalla Spagna nel 1492, dopo la caduta del Regno di Granada, ultimo episodio della riconquista cristiana","og_url":"https:\/\/www.iemj.org\/it\/le-chant-des-juifs-sefarades\/","og_site_name":"Institut Europ\u00e9en des Musiques Juives","article_publisher":"https:\/\/www.facebook.com\/MusiquesJuives\/","article_published_time":"2016-04-19T11:01:23+00:00","article_modified_time":"2026-02-16T15:40:15+00:00","og_image":[{"width":350,"height":255,"url":"https:\/\/www.iemj.org\/wp-content\/uploads\/2016\/04\/arton1563-e1618388133409.jpg","type":"image\/jpeg"}],"author":"Jacqueline ROTEN","twitter_card":"summary_large_image","twitter_misc":{"Scritto da":"Jacqueline ROTEN","Tempo di lettura stimato":"5 minuti"},"schema":{"@context":"https:\/\/schema.org","@graph":[{"@type":"Article","@id":"https:\/\/www.iemj.org\/it\/le-chant-des-juifs-sefarades\/#article","isPartOf":{"@id":"https:\/\/www.iemj.org\/it\/le-chant-des-juifs-sefarades\/"},"author":{"name":"Jacqueline ROTEN","@id":"https:\/\/www.iemj.org\/it\/#\/schema\/person\/358e26c18aca017fcc4cc15437f7279c"},"headline":"Il canto degli ebrei sefarditi","datePublished":"2016-04-19T11:01:23+00:00","dateModified":"2026-02-16T15:40:15+00:00","mainEntityOfPage":{"@id":"https:\/\/www.iemj.org\/it\/le-chant-des-juifs-sefarades\/"},"wordCount":805,"publisher":{"@id":"https:\/\/www.iemj.org\/it\/#organization"},"image":{"@id":"https:\/\/www.iemj.org\/it\/le-chant-des-juifs-sefarades\/#primaryimage"},"thumbnailUrl":"https:\/\/www.iemj.org\/wp-content\/uploads\/2016\/04\/arton1563-e1618388133409.jpg","articleSection":["Articoli di fondo","Musica laica"],"inLanguage":"it-IT"},{"@type":"WebPage","@id":"https:\/\/www.iemj.org\/it\/le-chant-des-juifs-sefarades\/","url":"https:\/\/www.iemj.org\/it\/le-chant-des-juifs-sefarades\/","name":"Il canto degli ebrei sefarditi - Institut Europ\u00e9en des Musiques Juives","isPartOf":{"@id":"https:\/\/www.iemj.org\/it\/#website"},"primaryImageOfPage":{"@id":"https:\/\/www.iemj.org\/it\/le-chant-des-juifs-sefarades\/#primaryimage"},"image":{"@id":"https:\/\/www.iemj.org\/it\/le-chant-des-juifs-sefarades\/#primaryimage"},"thumbnailUrl":"https:\/\/www.iemj.org\/wp-content\/uploads\/2016\/04\/arton1563-e1618388133409.jpg","datePublished":"2016-04-19T11:01:23+00:00","dateModified":"2026-02-16T15:40:15+00:00","breadcrumb":{"@id":"https:\/\/www.iemj.org\/it\/le-chant-des-juifs-sefarades\/#breadcrumb"},"inLanguage":"it-IT","potentialAction":[{"@type":"ReadAction","target":["https:\/\/www.iemj.org\/it\/le-chant-des-juifs-sefarades\/"]}]},{"@type":"ImageObject","inLanguage":"it-IT","@id":"https:\/\/www.iemj.org\/it\/le-chant-des-juifs-sefarades\/#primaryimage","url":"https:\/\/www.iemj.org\/wp-content\/uploads\/2016\/04\/arton1563-e1618388133409.jpg","contentUrl":"https:\/\/www.iemj.org\/wp-content\/uploads\/2016\/04\/arton1563-e1618388133409.jpg","width":350,"height":255},{"@type":"BreadcrumbList","@id":"https:\/\/www.iemj.org\/it\/le-chant-des-juifs-sefarades\/#breadcrumb","itemListElement":[{"@type":"ListItem","position":1,"name":"Accueil","item":"https:\/\/www.iemj.org\/it\/"},{"@type":"ListItem","position":2,"name":"Il canto degli ebrei sefarditi"}]},{"@type":"WebSite","@id":"https:\/\/www.iemj.org\/it\/#website","url":"https:\/\/www.iemj.org\/it\/","name":"Institut Europ\u00e9en des Musiques Juives","description":"Des traditions musicales \u00e0 la port\u00e9e de tous","publisher":{"@id":"https:\/\/www.iemj.org\/it\/#organization"},"potentialAction":[{"@type":"SearchAction","target":{"@type":"EntryPoint","urlTemplate":"https:\/\/www.iemj.org\/it\/?s={search_term_string}"},"query-input":{"@type":"PropertyValueSpecification","valueRequired":true,"valueName":"search_term_string"}}],"inLanguage":"it-IT"},{"@type":"Organization","@id":"https:\/\/www.iemj.org\/it\/#organization","name":"Institut Europ\u00e9en des Musiques Juives","url":"https:\/\/www.iemj.org\/it\/","logo":{"@type":"ImageObject","inLanguage":"it-IT","@id":"https:\/\/www.iemj.org\/it\/#\/schema\/logo\/image\/","url":"https:\/\/www.iemj.org\/wp-content\/uploads\/2021\/09\/Logo-IEMJ-Paypal.jpg","contentUrl":"https:\/\/www.iemj.org\/wp-content\/uploads\/2021\/09\/Logo-IEMJ-Paypal.jpg","width":150,"height":50,"caption":"Institut Europ\u00e9en des Musiques Juives"},"image":{"@id":"https:\/\/www.iemj.org\/it\/#\/schema\/logo\/image\/"},"sameAs":["https:\/\/www.facebook.com\/MusiquesJuives\/","https:\/\/www.instagram.com\/musiquesjuives\/","https:\/\/www.youtube.com\/user\/musiquesjuives"]},{"@type":"Person","@id":"https:\/\/www.iemj.org\/it\/#\/schema\/person\/358e26c18aca017fcc4cc15437f7279c","name":"Jacqueline ROTEN","image":{"@type":"ImageObject","inLanguage":"it-IT","@id":"https:\/\/secure.gravatar.com\/avatar\/5964256d6c6957de3a3505278957e0fb2a35119ac47ea41827a65301213c810b?s=96&d=mm&r=g","url":"https:\/\/secure.gravatar.com\/avatar\/5964256d6c6957de3a3505278957e0fb2a35119ac47ea41827a65301213c810b?s=96&d=mm&r=g","contentUrl":"https:\/\/secure.gravatar.com\/avatar\/5964256d6c6957de3a3505278957e0fb2a35119ac47ea41827a65301213c810b?s=96&d=mm&r=g","caption":"Jacqueline ROTEN"}}]}},"_links":{"self":[{"href":"https:\/\/www.iemj.org\/it\/wp-json\/wp\/v2\/posts\/69330","targetHints":{"allow":["GET"]}}],"collection":[{"href":"https:\/\/www.iemj.org\/it\/wp-json\/wp\/v2\/posts"}],"about":[{"href":"https:\/\/www.iemj.org\/it\/wp-json\/wp\/v2\/types\/post"}],"author":[{"embeddable":true,"href":"https:\/\/www.iemj.org\/it\/wp-json\/wp\/v2\/users\/5"}],"replies":[{"embeddable":true,"href":"https:\/\/www.iemj.org\/it\/wp-json\/wp\/v2\/comments?post=69330"}],"version-history":[{"count":2,"href":"https:\/\/www.iemj.org\/it\/wp-json\/wp\/v2\/posts\/69330\/revisions"}],"predecessor-version":[{"id":130154,"href":"https:\/\/www.iemj.org\/it\/wp-json\/wp\/v2\/posts\/69330\/revisions\/130154"}],"wp:featuredmedia":[{"embeddable":true,"href":"https:\/\/www.iemj.org\/it\/wp-json\/wp\/v2\/media\/69331"}],"wp:attachment":[{"href":"https:\/\/www.iemj.org\/it\/wp-json\/wp\/v2\/media?parent=69330"}],"wp:term":[{"taxonomy":"category","embeddable":true,"href":"https:\/\/www.iemj.org\/it\/wp-json\/wp\/v2\/categories?post=69330"},{"taxonomy":"post_tag","embeddable":true,"href":"https:\/\/www.iemj.org\/it\/wp-json\/wp\/v2\/tags?post=69330"},{"taxonomy":"technique","embeddable":true,"href":"https:\/\/www.iemj.org\/it\/wp-json\/wp\/v2\/technique?post=69330"},{"taxonomy":"squelettes","embeddable":true,"href":"https:\/\/www.iemj.org\/it\/wp-json\/wp\/v2\/squelettes?post=69330"},{"taxonomy":"sujet","embeddable":true,"href":"https:\/\/www.iemj.org\/it\/wp-json\/wp\/v2\/sujet?post=69330"},{"taxonomy":"formation","embeddable":true,"href":"https:\/\/www.iemj.org\/it\/wp-json\/wp\/v2\/formation?post=69330"},{"taxonomy":"genre","embeddable":true,"href":"https:\/\/www.iemj.org\/it\/wp-json\/wp\/v2\/genre?post=69330"},{"taxonomy":"fonds","embeddable":true,"href":"https:\/\/www.iemj.org\/it\/wp-json\/wp\/v2\/fonds?post=69330"},{"taxonomy":"tradition","embeddable":true,"href":"https:\/\/www.iemj.org\/it\/wp-json\/wp\/v2\/tradition?post=69330"},{"taxonomy":"type-de-contenu","embeddable":true,"href":"https:\/\/www.iemj.org\/it\/wp-json\/wp\/v2\/type-de-contenu?post=69330"},{"taxonomy":"interprete-compositeur","embeddable":true,"href":"https:\/\/www.iemj.org\/it\/wp-json\/wp\/v2\/interprete-compositeur?post=69330"},{"taxonomy":"frise","embeddable":true,"href":"https:\/\/www.iemj.org\/it\/wp-json\/wp\/v2\/frise?post=69330"},{"taxonomy":"type-devenement","embeddable":true,"href":"https:\/\/www.iemj.org\/it\/wp-json\/wp\/v2\/type-devenement?post=69330"},{"taxonomy":"tableaux-liens-externes","embeddable":true,"href":"https:\/\/www.iemj.org\/it\/wp-json\/wp\/v2\/tableaux-liens-externes?post=69330"}],"curies":[{"name":"wp","href":"https:\/\/api.w.org\/{rel}","templated":true}]}}