{"id":69462,"date":"2021-01-14T10:27:54","date_gmt":"2021-01-14T09:27:54","guid":{"rendered":"https:\/\/www.iemj.org\/les-chants-de-shabbat-dans-le-rite-marocain\/"},"modified":"2024-02-16T15:53:32","modified_gmt":"2024-02-16T14:53:32","slug":"les-chants-de-shabbat-dans-le-rite-marocain","status":"publish","type":"post","link":"https:\/\/www.iemj.org\/it\/les-chants-de-shabbat-dans-le-rite-marocain\/","title":{"rendered":"I canti dello Shabbat nel rito marocchino"},"content":{"rendered":"<p><strong>Una selezione di canti dello Shabbat dal Marocco eseguiti da David Abikzer, Jo Amar, Yossi Azoulay, Simon Berdugo, Ouriel Elbilia, Haim Louk, Moshe Louk e Emile Zrihen<\/strong><\/p>\n<p><!--more--><\/p>\n<p>Lo shabbat, giorno di riposo, \u00e8 un\u2019istituzione della vita ebraica. Ed i canti che ritmano questo giorno particolare, occupano un posto importante, sia alla sinagoga con i cinque uffizi da\u00a0<em>Kabbalat shabbat<\/em>\u00a0a\u00a0<em>Motsei shabbat<\/em>, sia a casa con i rituali dell\u2019accensione delle candele, il\u00a0<em>Kiddush<\/em>\u00a0(benedizione del vino) il venerd\u00ec sera, la\u00a0<em><a href=\"https:\/\/it.wikipedia.org\/wiki\/Birkat_Hamazon\" target=\"_blank\" rel=\"noopener\">Birkat hamazon<\/a><\/em>\u00a0(ringraziamento alla fine del pasto), o anche l\u2019<em><a href=\"https:\/\/it.wikipedia.org\/wiki\/Havdalah\" target=\"_blank\" rel=\"noopener\">Havdala<\/a><\/em>\u00a0(l\u2019ultimo\u00a0<em>Kiddush<\/em>\u00a0che chiude lo shabbat). \u00c8 anche consuetudine cantare, durante i quattro pasti dello shabbat, molte poesie religiose chiamate\u00a0<em>Zemirot<\/em>\u00a0(o\u00a0<em>Tish nigounim\u00a0<\/em>dagli hassidim).<\/p>\n<p>Lo shabbat rende cos\u00ec possibile trovare il proprio percorso interiore attraverso la sua voce esteriore.<\/p>\n<p>La seguente playlist presenta una selezione di melodie dello Shabbat eseguite da famosi cantanti o artisti di origine marocchina, come David Abikzer, Jo Amar, Yossi Azoulay, Simon Berdugo, Ouriel Elbilia, Haim Louk, Moshe Louk od ancora Emile Zrihen. Va notato che le canzoni in questa playlist sono, ai fini della registrazione, accompagnate da strumenti musicali, la cui pratica \u00e8 vietata durante lo Shabbat nella maggior parte delle comunit\u00e0 ebraiche.<\/p>\n<p><a href=\"https:\/\/www.iemj.org\/it\/les-chants-de-shabbat\/\" target=\"_blank\" rel=\"noopener\">Leggere l\u2019articolo sui canti dello shabbat<\/a><\/p>\n\n\n<figure class=\"wp-block-image size-large\"><img fetchpriority=\"high\" decoding=\"async\" width=\"1024\" height=\"146\" src=\"https:\/\/www.iemj.org\/wp-content\/uploads\/2023\/01\/Bandeau-Playlist_IT2-1024x146.jpg\" alt=\"\" class=\"wp-image-93106\" srcset=\"https:\/\/www.iemj.org\/wp-content\/uploads\/2023\/01\/Bandeau-Playlist_IT2-1024x146.jpg 1024w, https:\/\/www.iemj.org\/wp-content\/uploads\/2023\/01\/Bandeau-Playlist_IT2-300x43.jpg 300w, https:\/\/www.iemj.org\/wp-content\/uploads\/2023\/01\/Bandeau-Playlist_IT2-768x110.jpg 768w, https:\/\/www.iemj.org\/wp-content\/uploads\/2023\/01\/Bandeau-Playlist_IT2-1536x220.jpg 1536w, https:\/\/www.iemj.org\/wp-content\/uploads\/2023\/01\/Bandeau-Playlist_IT2-600x86.jpg 600w, https:\/\/www.iemj.org\/wp-content\/uploads\/2023\/01\/Bandeau-Playlist_IT2.jpg 1608w\" sizes=\"(max-width: 1024px) 100vw, 1024px\" \/><\/figure>\n\n\n\n<div class=\"wp-block-file\"><a id=\"wp-block-file--media-b1a067c4-a5fd-40d3-9c85-0a50cd0c42e8\" href=\"https:\/\/www.iemj.org\/wp-content\/uploads\/2021\/01\/01_achorere_chira_-_haim_louk_extrait_.mp3\">Achorere Chira &#8211; Haim Louk (Extrait)<\/a><\/div>\n\n\n\n<div class=\"wp-block-file\"><a id=\"wp-block-file--media-04cfc737-a632-4e37-a32a-2db221cf64ae\" href=\"https:\/\/www.iemj.org\/wp-content\/uploads\/2021\/01\/02_elekha_ekra_ya_-_jo_amar_extrait_.mp3\">Elekha Ekra Ya &#8211; Jo Amar (Extrait) <\/a><\/div>\n\n\n\n<div class=\"wp-block-file\"><a id=\"wp-block-file--media-d412f19b-64af-4a56-afe3-4e4578b3eb2c\" href=\"https:\/\/www.iemj.org\/wp-content\/uploads\/2021\/01\/03_ki_echmera_chabbat_-_projet_israel_extrait_.mp3\">Ki Echmera &#8211; Chabbat Projet Israel (Extrait)<\/a><\/div>\n\n\n\n<div class=\"wp-block-file\"><a id=\"wp-block-file--media-9f9a9e50-678d-423e-9313-46c6c841c790\" href=\"https:\/\/www.iemj.org\/wp-content\/uploads\/2021\/01\/04_yom_ze_le_israel_-_david_abikzer_extrait_.mp3\">Yom Ze Le Israel &#8211; David Abikzer (Extrait)<\/a><\/div>\n\n\n\n<div class=\"wp-block-file\"><a id=\"wp-block-file--media-2ddbe779-a362-4d96-92cd-349f87c36a44\" href=\"https:\/\/www.iemj.org\/wp-content\/uploads\/2021\/01\/05_deror_yikra_-_emile_zrihen.mp3\">Deror Yikra &#8211; Emile Zrihen<\/a><\/div>\n\n\n\n<div class=\"wp-block-file\"><a id=\"wp-block-file--media-ce8dca31-5191-4b53-a2ca-6b96170e5c3c\" href=\"https:\/\/www.iemj.org\/wp-content\/uploads\/2021\/01\/06_el_adone_-_yossi_azoulay_extrait_.mp3\">El Adone &#8211; Yossi Azoulay (Extrait)<\/a><\/div>\n\n\n\n<div class=\"wp-block-file\"><a id=\"wp-block-file--media-4ce9d655-b715-426b-8563-173d734c911d\" href=\"https:\/\/www.iemj.org\/wp-content\/uploads\/2021\/01\/07_koss_yechouot_essa_-_simon_berdugo_extrait_.mp3\">Koss Yechouot Essa &#8211; Simon Berdugo (Extrait)<\/a><\/div>\n\n\n\n<div class=\"wp-block-file\"><a id=\"wp-block-file--media-48144ef7-a544-4993-b1b7-1fd52421e774\" href=\"https:\/\/www.iemj.org\/wp-content\/uploads\/2021\/01\/08_yafa_vetama_-_moshe_louk_extrait_.mp3\">Yafa Vetama &#8211; Moshe Louk (Extrait)<\/a><\/div>\n\n\n\n<div class=\"wp-block-file\"><a id=\"wp-block-file--media-bd12efd4-46ea-48f9-a7fb-27208a544edb\" href=\"https:\/\/www.iemj.org\/wp-content\/uploads\/2021\/01\/09_yodoukha_rayonai_-_ouriel_elbilia_extrait_.mp3\">Yodoukha Rayonai &#8211; Ouriel Elbilia (Extrait)<\/a><\/div>\n","protected":false},"excerpt":{"rendered":"<p>Una selezione di canti dello Shabbat dal Marocco eseguiti da David Abikzer, Jo Amar, Yossi Azoulay, Simon Berdugo, Ouriel Elbilia, Haim Louk, Moshe Louk e Emile Zrihen<\/p>\n","protected":false},"author":1045,"featured_media":69463,"comment_status":"closed","ping_status":"closed","sticky":false,"template":"","format":"standard","meta":{"_acf_changed":false,"footnotes":""},"categories":[1536],"tags":[],"technique":[],"squelettes":[],"sujet":[1855],"formation":[],"genre":[1892],"fonds":[],"tradition":[1971],"type-de-contenu":[],"interprete-compositeur":[],"frise":[],"type-devenement":[],"tableaux-liens-externes":[],"class_list":["post-69462","post","type-post","status-publish","format-standard","has-post-thumbnail","hentry","category-playlist-it","sujet-shabbat-it","genre-liturgia-it","tradition-rito-marocchino-it"],"acf":[],"yoast_head":"<!-- This site is optimized with the Yoast SEO plugin v27.3 - https:\/\/yoast.com\/product\/yoast-seo-wordpress\/ -->\n<title>I canti dello Shabbat nel rito marocchino - Institut Europ\u00e9en des Musiques Juives<\/title>\n<meta name=\"robots\" content=\"index, follow, max-snippet:-1, max-image-preview:large, max-video-preview:-1\" \/>\n<link rel=\"canonical\" href=\"https:\/\/www.iemj.org\/it\/les-chants-de-shabbat-dans-le-rite-marocain\/\" \/>\n<meta property=\"og:locale\" content=\"it_IT\" \/>\n<meta property=\"og:type\" content=\"article\" \/>\n<meta property=\"og:title\" content=\"I canti dello Shabbat nel rito marocchino - Institut Europ\u00e9en des Musiques Juives\" \/>\n<meta property=\"og:description\" content=\"Una selezione di canti dello Shabbat dal Marocco eseguiti da David Abikzer, Jo Amar, Yossi Azoulay, Simon Berdugo, Ouriel Elbilia, Haim Louk, Moshe Louk e Emile Zrihen\" \/>\n<meta property=\"og:url\" content=\"https:\/\/www.iemj.org\/it\/les-chants-de-shabbat-dans-le-rite-marocain\/\" \/>\n<meta property=\"og:site_name\" content=\"Institut Europ\u00e9en des Musiques Juives\" \/>\n<meta property=\"article:publisher\" content=\"https:\/\/www.facebook.com\/MusiquesJuives\/\" \/>\n<meta property=\"article:published_time\" content=\"2021-01-14T09:27:54+00:00\" \/>\n<meta property=\"article:modified_time\" content=\"2024-02-16T14:53:32+00:00\" \/>\n<meta property=\"og:image\" content=\"https:\/\/www.iemj.org\/wp-content\/uploads\/2021\/01\/arton4968-e1618493276175.jpg\" \/>\n\t<meta property=\"og:image:width\" content=\"350\" \/>\n\t<meta property=\"og:image:height\" content=\"346\" \/>\n\t<meta property=\"og:image:type\" content=\"image\/jpeg\" \/>\n<meta name=\"author\" content=\"Herv\u00e9 Roten\" \/>\n<meta name=\"twitter:card\" content=\"summary_large_image\" \/>\n<meta name=\"twitter:label1\" content=\"Scritto da\" \/>\n\t<meta name=\"twitter:data1\" content=\"Herv\u00e9 Roten\" \/>\n\t<meta name=\"twitter:label2\" content=\"Tempo di lettura stimato\" \/>\n\t<meta name=\"twitter:data2\" content=\"2 minuti\" \/>\n<script type=\"application\/ld+json\" class=\"yoast-schema-graph\">{\"@context\":\"https:\\\/\\\/schema.org\",\"@graph\":[{\"@type\":\"Article\",\"@id\":\"https:\\\/\\\/www.iemj.org\\\/it\\\/les-chants-de-shabbat-dans-le-rite-marocain\\\/#article\",\"isPartOf\":{\"@id\":\"https:\\\/\\\/www.iemj.org\\\/it\\\/les-chants-de-shabbat-dans-le-rite-marocain\\\/\"},\"author\":{\"name\":\"Herv\u00e9 Roten\",\"@id\":\"https:\\\/\\\/www.iemj.org\\\/it\\\/#\\\/schema\\\/person\\\/906134402c29d5c76e7b726261dd4bbd\"},\"headline\":\"I canti dello Shabbat nel rito marocchino\",\"datePublished\":\"2021-01-14T09:27:54+00:00\",\"dateModified\":\"2024-02-16T14:53:32+00:00\",\"mainEntityOfPage\":{\"@id\":\"https:\\\/\\\/www.iemj.org\\\/it\\\/les-chants-de-shabbat-dans-le-rite-marocain\\\/\"},\"wordCount\":273,\"publisher\":{\"@id\":\"https:\\\/\\\/www.iemj.org\\\/it\\\/#organization\"},\"image\":{\"@id\":\"https:\\\/\\\/www.iemj.org\\\/it\\\/les-chants-de-shabbat-dans-le-rite-marocain\\\/#primaryimage\"},\"thumbnailUrl\":\"https:\\\/\\\/www.iemj.org\\\/wp-content\\\/uploads\\\/2021\\\/01\\\/arton4968-e1618493276175.jpg\",\"articleSection\":[\"Playlist\"],\"inLanguage\":\"it-IT\"},{\"@type\":\"WebPage\",\"@id\":\"https:\\\/\\\/www.iemj.org\\\/it\\\/les-chants-de-shabbat-dans-le-rite-marocain\\\/\",\"url\":\"https:\\\/\\\/www.iemj.org\\\/it\\\/les-chants-de-shabbat-dans-le-rite-marocain\\\/\",\"name\":\"I canti dello Shabbat nel rito marocchino - Institut Europ\u00e9en des Musiques Juives\",\"isPartOf\":{\"@id\":\"https:\\\/\\\/www.iemj.org\\\/it\\\/#website\"},\"primaryImageOfPage\":{\"@id\":\"https:\\\/\\\/www.iemj.org\\\/it\\\/les-chants-de-shabbat-dans-le-rite-marocain\\\/#primaryimage\"},\"image\":{\"@id\":\"https:\\\/\\\/www.iemj.org\\\/it\\\/les-chants-de-shabbat-dans-le-rite-marocain\\\/#primaryimage\"},\"thumbnailUrl\":\"https:\\\/\\\/www.iemj.org\\\/wp-content\\\/uploads\\\/2021\\\/01\\\/arton4968-e1618493276175.jpg\",\"datePublished\":\"2021-01-14T09:27:54+00:00\",\"dateModified\":\"2024-02-16T14:53:32+00:00\",\"breadcrumb\":{\"@id\":\"https:\\\/\\\/www.iemj.org\\\/it\\\/les-chants-de-shabbat-dans-le-rite-marocain\\\/#breadcrumb\"},\"inLanguage\":\"it-IT\",\"potentialAction\":[{\"@type\":\"ReadAction\",\"target\":[\"https:\\\/\\\/www.iemj.org\\\/it\\\/les-chants-de-shabbat-dans-le-rite-marocain\\\/\"]}]},{\"@type\":\"ImageObject\",\"inLanguage\":\"it-IT\",\"@id\":\"https:\\\/\\\/www.iemj.org\\\/it\\\/les-chants-de-shabbat-dans-le-rite-marocain\\\/#primaryimage\",\"url\":\"https:\\\/\\\/www.iemj.org\\\/wp-content\\\/uploads\\\/2021\\\/01\\\/arton4968-e1618493276175.jpg\",\"contentUrl\":\"https:\\\/\\\/www.iemj.org\\\/wp-content\\\/uploads\\\/2021\\\/01\\\/arton4968-e1618493276175.jpg\",\"width\":350,\"height\":346},{\"@type\":\"BreadcrumbList\",\"@id\":\"https:\\\/\\\/www.iemj.org\\\/it\\\/les-chants-de-shabbat-dans-le-rite-marocain\\\/#breadcrumb\",\"itemListElement\":[{\"@type\":\"ListItem\",\"position\":1,\"name\":\"Accueil\",\"item\":\"https:\\\/\\\/www.iemj.org\\\/it\\\/\"},{\"@type\":\"ListItem\",\"position\":2,\"name\":\"I canti dello Shabbat nel rito marocchino\"}]},{\"@type\":\"WebSite\",\"@id\":\"https:\\\/\\\/www.iemj.org\\\/it\\\/#website\",\"url\":\"https:\\\/\\\/www.iemj.org\\\/it\\\/\",\"name\":\"Institut Europ\u00e9en des Musiques Juives\",\"description\":\"Des traditions musicales \u00e0 la port\u00e9e de tous\",\"publisher\":{\"@id\":\"https:\\\/\\\/www.iemj.org\\\/it\\\/#organization\"},\"potentialAction\":[{\"@type\":\"SearchAction\",\"target\":{\"@type\":\"EntryPoint\",\"urlTemplate\":\"https:\\\/\\\/www.iemj.org\\\/it\\\/?s={search_term_string}\"},\"query-input\":{\"@type\":\"PropertyValueSpecification\",\"valueRequired\":true,\"valueName\":\"search_term_string\"}}],\"inLanguage\":\"it-IT\"},{\"@type\":\"Organization\",\"@id\":\"https:\\\/\\\/www.iemj.org\\\/it\\\/#organization\",\"name\":\"Institut Europ\u00e9en des Musiques Juives\",\"url\":\"https:\\\/\\\/www.iemj.org\\\/it\\\/\",\"logo\":{\"@type\":\"ImageObject\",\"inLanguage\":\"it-IT\",\"@id\":\"https:\\\/\\\/www.iemj.org\\\/it\\\/#\\\/schema\\\/logo\\\/image\\\/\",\"url\":\"https:\\\/\\\/www.iemj.org\\\/wp-content\\\/uploads\\\/2021\\\/09\\\/Logo-IEMJ-Paypal.jpg\",\"contentUrl\":\"https:\\\/\\\/www.iemj.org\\\/wp-content\\\/uploads\\\/2021\\\/09\\\/Logo-IEMJ-Paypal.jpg\",\"width\":150,\"height\":50,\"caption\":\"Institut Europ\u00e9en des Musiques Juives\"},\"image\":{\"@id\":\"https:\\\/\\\/www.iemj.org\\\/it\\\/#\\\/schema\\\/logo\\\/image\\\/\"},\"sameAs\":[\"https:\\\/\\\/www.facebook.com\\\/MusiquesJuives\\\/\",\"https:\\\/\\\/www.instagram.com\\\/musiquesjuives\\\/\",\"https:\\\/\\\/www.youtube.com\\\/user\\\/musiquesjuives\"]},{\"@type\":\"Person\",\"@id\":\"https:\\\/\\\/www.iemj.org\\\/it\\\/#\\\/schema\\\/person\\\/906134402c29d5c76e7b726261dd4bbd\",\"name\":\"Herv\u00e9 Roten\",\"image\":{\"@type\":\"ImageObject\",\"inLanguage\":\"it-IT\",\"@id\":\"https:\\\/\\\/secure.gravatar.com\\\/avatar\\\/f96ad2db538a26481f18384936b5cd0610c92d390c4dc382209216d455f685ff?s=96&d=mm&r=g\",\"url\":\"https:\\\/\\\/secure.gravatar.com\\\/avatar\\\/f96ad2db538a26481f18384936b5cd0610c92d390c4dc382209216d455f685ff?s=96&d=mm&r=g\",\"contentUrl\":\"https:\\\/\\\/secure.gravatar.com\\\/avatar\\\/f96ad2db538a26481f18384936b5cd0610c92d390c4dc382209216d455f685ff?s=96&d=mm&r=g\",\"caption\":\"Herv\u00e9 Roten\"}}]}<\/script>\n<!-- \/ Yoast SEO plugin. -->","yoast_head_json":{"title":"I canti dello Shabbat nel rito marocchino - Institut Europ\u00e9en des Musiques Juives","robots":{"index":"index","follow":"follow","max-snippet":"max-snippet:-1","max-image-preview":"max-image-preview:large","max-video-preview":"max-video-preview:-1"},"canonical":"https:\/\/www.iemj.org\/it\/les-chants-de-shabbat-dans-le-rite-marocain\/","og_locale":"it_IT","og_type":"article","og_title":"I canti dello Shabbat nel rito marocchino - Institut Europ\u00e9en des Musiques Juives","og_description":"Una selezione di canti dello Shabbat dal Marocco eseguiti da David Abikzer, Jo Amar, Yossi Azoulay, Simon Berdugo, Ouriel Elbilia, Haim Louk, Moshe Louk e Emile Zrihen","og_url":"https:\/\/www.iemj.org\/it\/les-chants-de-shabbat-dans-le-rite-marocain\/","og_site_name":"Institut Europ\u00e9en des Musiques Juives","article_publisher":"https:\/\/www.facebook.com\/MusiquesJuives\/","article_published_time":"2021-01-14T09:27:54+00:00","article_modified_time":"2024-02-16T14:53:32+00:00","og_image":[{"width":350,"height":346,"url":"https:\/\/www.iemj.org\/wp-content\/uploads\/2021\/01\/arton4968-e1618493276175.jpg","type":"image\/jpeg"}],"author":"Herv\u00e9 Roten","twitter_card":"summary_large_image","twitter_misc":{"Scritto da":"Herv\u00e9 Roten","Tempo di lettura stimato":"2 minuti"},"schema":{"@context":"https:\/\/schema.org","@graph":[{"@type":"Article","@id":"https:\/\/www.iemj.org\/it\/les-chants-de-shabbat-dans-le-rite-marocain\/#article","isPartOf":{"@id":"https:\/\/www.iemj.org\/it\/les-chants-de-shabbat-dans-le-rite-marocain\/"},"author":{"name":"Herv\u00e9 Roten","@id":"https:\/\/www.iemj.org\/it\/#\/schema\/person\/906134402c29d5c76e7b726261dd4bbd"},"headline":"I canti dello Shabbat nel rito marocchino","datePublished":"2021-01-14T09:27:54+00:00","dateModified":"2024-02-16T14:53:32+00:00","mainEntityOfPage":{"@id":"https:\/\/www.iemj.org\/it\/les-chants-de-shabbat-dans-le-rite-marocain\/"},"wordCount":273,"publisher":{"@id":"https:\/\/www.iemj.org\/it\/#organization"},"image":{"@id":"https:\/\/www.iemj.org\/it\/les-chants-de-shabbat-dans-le-rite-marocain\/#primaryimage"},"thumbnailUrl":"https:\/\/www.iemj.org\/wp-content\/uploads\/2021\/01\/arton4968-e1618493276175.jpg","articleSection":["Playlist"],"inLanguage":"it-IT"},{"@type":"WebPage","@id":"https:\/\/www.iemj.org\/it\/les-chants-de-shabbat-dans-le-rite-marocain\/","url":"https:\/\/www.iemj.org\/it\/les-chants-de-shabbat-dans-le-rite-marocain\/","name":"I canti dello Shabbat nel rito marocchino - Institut Europ\u00e9en des Musiques Juives","isPartOf":{"@id":"https:\/\/www.iemj.org\/it\/#website"},"primaryImageOfPage":{"@id":"https:\/\/www.iemj.org\/it\/les-chants-de-shabbat-dans-le-rite-marocain\/#primaryimage"},"image":{"@id":"https:\/\/www.iemj.org\/it\/les-chants-de-shabbat-dans-le-rite-marocain\/#primaryimage"},"thumbnailUrl":"https:\/\/www.iemj.org\/wp-content\/uploads\/2021\/01\/arton4968-e1618493276175.jpg","datePublished":"2021-01-14T09:27:54+00:00","dateModified":"2024-02-16T14:53:32+00:00","breadcrumb":{"@id":"https:\/\/www.iemj.org\/it\/les-chants-de-shabbat-dans-le-rite-marocain\/#breadcrumb"},"inLanguage":"it-IT","potentialAction":[{"@type":"ReadAction","target":["https:\/\/www.iemj.org\/it\/les-chants-de-shabbat-dans-le-rite-marocain\/"]}]},{"@type":"ImageObject","inLanguage":"it-IT","@id":"https:\/\/www.iemj.org\/it\/les-chants-de-shabbat-dans-le-rite-marocain\/#primaryimage","url":"https:\/\/www.iemj.org\/wp-content\/uploads\/2021\/01\/arton4968-e1618493276175.jpg","contentUrl":"https:\/\/www.iemj.org\/wp-content\/uploads\/2021\/01\/arton4968-e1618493276175.jpg","width":350,"height":346},{"@type":"BreadcrumbList","@id":"https:\/\/www.iemj.org\/it\/les-chants-de-shabbat-dans-le-rite-marocain\/#breadcrumb","itemListElement":[{"@type":"ListItem","position":1,"name":"Accueil","item":"https:\/\/www.iemj.org\/it\/"},{"@type":"ListItem","position":2,"name":"I canti dello Shabbat nel rito marocchino"}]},{"@type":"WebSite","@id":"https:\/\/www.iemj.org\/it\/#website","url":"https:\/\/www.iemj.org\/it\/","name":"Institut Europ\u00e9en des Musiques Juives","description":"Des traditions musicales \u00e0 la port\u00e9e de tous","publisher":{"@id":"https:\/\/www.iemj.org\/it\/#organization"},"potentialAction":[{"@type":"SearchAction","target":{"@type":"EntryPoint","urlTemplate":"https:\/\/www.iemj.org\/it\/?s={search_term_string}"},"query-input":{"@type":"PropertyValueSpecification","valueRequired":true,"valueName":"search_term_string"}}],"inLanguage":"it-IT"},{"@type":"Organization","@id":"https:\/\/www.iemj.org\/it\/#organization","name":"Institut Europ\u00e9en des Musiques Juives","url":"https:\/\/www.iemj.org\/it\/","logo":{"@type":"ImageObject","inLanguage":"it-IT","@id":"https:\/\/www.iemj.org\/it\/#\/schema\/logo\/image\/","url":"https:\/\/www.iemj.org\/wp-content\/uploads\/2021\/09\/Logo-IEMJ-Paypal.jpg","contentUrl":"https:\/\/www.iemj.org\/wp-content\/uploads\/2021\/09\/Logo-IEMJ-Paypal.jpg","width":150,"height":50,"caption":"Institut Europ\u00e9en des Musiques Juives"},"image":{"@id":"https:\/\/www.iemj.org\/it\/#\/schema\/logo\/image\/"},"sameAs":["https:\/\/www.facebook.com\/MusiquesJuives\/","https:\/\/www.instagram.com\/musiquesjuives\/","https:\/\/www.youtube.com\/user\/musiquesjuives"]},{"@type":"Person","@id":"https:\/\/www.iemj.org\/it\/#\/schema\/person\/906134402c29d5c76e7b726261dd4bbd","name":"Herv\u00e9 Roten","image":{"@type":"ImageObject","inLanguage":"it-IT","@id":"https:\/\/secure.gravatar.com\/avatar\/f96ad2db538a26481f18384936b5cd0610c92d390c4dc382209216d455f685ff?s=96&d=mm&r=g","url":"https:\/\/secure.gravatar.com\/avatar\/f96ad2db538a26481f18384936b5cd0610c92d390c4dc382209216d455f685ff?s=96&d=mm&r=g","contentUrl":"https:\/\/secure.gravatar.com\/avatar\/f96ad2db538a26481f18384936b5cd0610c92d390c4dc382209216d455f685ff?s=96&d=mm&r=g","caption":"Herv\u00e9 Roten"}}]}},"_links":{"self":[{"href":"https:\/\/www.iemj.org\/it\/wp-json\/wp\/v2\/posts\/69462","targetHints":{"allow":["GET"]}}],"collection":[{"href":"https:\/\/www.iemj.org\/it\/wp-json\/wp\/v2\/posts"}],"about":[{"href":"https:\/\/www.iemj.org\/it\/wp-json\/wp\/v2\/types\/post"}],"author":[{"embeddable":true,"href":"https:\/\/www.iemj.org\/it\/wp-json\/wp\/v2\/users\/1045"}],"replies":[{"embeddable":true,"href":"https:\/\/www.iemj.org\/it\/wp-json\/wp\/v2\/comments?post=69462"}],"version-history":[{"count":0,"href":"https:\/\/www.iemj.org\/it\/wp-json\/wp\/v2\/posts\/69462\/revisions"}],"wp:featuredmedia":[{"embeddable":true,"href":"https:\/\/www.iemj.org\/it\/wp-json\/wp\/v2\/media\/69463"}],"wp:attachment":[{"href":"https:\/\/www.iemj.org\/it\/wp-json\/wp\/v2\/media?parent=69462"}],"wp:term":[{"taxonomy":"category","embeddable":true,"href":"https:\/\/www.iemj.org\/it\/wp-json\/wp\/v2\/categories?post=69462"},{"taxonomy":"post_tag","embeddable":true,"href":"https:\/\/www.iemj.org\/it\/wp-json\/wp\/v2\/tags?post=69462"},{"taxonomy":"technique","embeddable":true,"href":"https:\/\/www.iemj.org\/it\/wp-json\/wp\/v2\/technique?post=69462"},{"taxonomy":"squelettes","embeddable":true,"href":"https:\/\/www.iemj.org\/it\/wp-json\/wp\/v2\/squelettes?post=69462"},{"taxonomy":"sujet","embeddable":true,"href":"https:\/\/www.iemj.org\/it\/wp-json\/wp\/v2\/sujet?post=69462"},{"taxonomy":"formation","embeddable":true,"href":"https:\/\/www.iemj.org\/it\/wp-json\/wp\/v2\/formation?post=69462"},{"taxonomy":"genre","embeddable":true,"href":"https:\/\/www.iemj.org\/it\/wp-json\/wp\/v2\/genre?post=69462"},{"taxonomy":"fonds","embeddable":true,"href":"https:\/\/www.iemj.org\/it\/wp-json\/wp\/v2\/fonds?post=69462"},{"taxonomy":"tradition","embeddable":true,"href":"https:\/\/www.iemj.org\/it\/wp-json\/wp\/v2\/tradition?post=69462"},{"taxonomy":"type-de-contenu","embeddable":true,"href":"https:\/\/www.iemj.org\/it\/wp-json\/wp\/v2\/type-de-contenu?post=69462"},{"taxonomy":"interprete-compositeur","embeddable":true,"href":"https:\/\/www.iemj.org\/it\/wp-json\/wp\/v2\/interprete-compositeur?post=69462"},{"taxonomy":"frise","embeddable":true,"href":"https:\/\/www.iemj.org\/it\/wp-json\/wp\/v2\/frise?post=69462"},{"taxonomy":"type-devenement","embeddable":true,"href":"https:\/\/www.iemj.org\/it\/wp-json\/wp\/v2\/type-devenement?post=69462"},{"taxonomy":"tableaux-liens-externes","embeddable":true,"href":"https:\/\/www.iemj.org\/it\/wp-json\/wp\/v2\/tableaux-liens-externes?post=69462"}],"curies":[{"name":"wp","href":"https:\/\/api.w.org\/{rel}","templated":true}]}}