{"id":69500,"date":"2021-01-14T10:27:05","date_gmt":"2021-01-14T09:27:05","guid":{"rendered":"https:\/\/www.iemj.org\/les-chants-de-shabbat-dans-le-rite-ashkenaze-de-louest\/"},"modified":"2024-02-16T16:01:10","modified_gmt":"2024-02-16T15:01:10","slug":"les-chants-de-shabbat-dans-le-rite-ashkenaze-de-louest","status":"publish","type":"post","link":"https:\/\/www.iemj.org\/it\/les-chants-de-shabbat-dans-le-rite-ashkenaze-de-louest\/","title":{"rendered":"I canti dello Shabbat nel rito askenazita dell\u2019Ovest"},"content":{"rendered":"<p><strong>Una selezione di canti dello shabbat dell&#8217;Europa dell&#8217;Ovest, tradizionali o colti, eseguiti da Adolphe Attia, Shalom Berlinski, Joseph Borin, Michel Heymann e molti altri<\/strong><\/p>\n<p><!--more--><\/p>\n<p>Lo shabbat, giorno di riposo, \u00e8 un\u2019istituzione della vita ebraica. Ed i canti che ritmano questo giorno particolare, occupano un posto importante, sia alla sinagoga con i cinque uffizi da\u00a0<em>Kabbalat shabbat<\/em>\u00a0a\u00a0<em>Motsei shabbat<\/em>, sia a casa con i rituali dell\u2019accensione delle candele, il\u00a0<em>Kiddush<\/em>\u00a0(benedizione del vino) il venerd\u00ec sera, la\u00a0<em><a href=\"https:\/\/it.wikipedia.org\/wiki\/Birkat_Hamazon\" target=\"_blank\" rel=\"noopener\">Birkat hamazon<\/a><\/em>\u00a0(ringraziamento alla fine del pasto), o anche l\u2019<em><a href=\"https:\/\/it.wikipedia.org\/wiki\/Havdalah\" target=\"_blank\" rel=\"noopener\">Havdala<\/a><\/em>\u00a0(l\u2019ultimo\u00a0<em>Kiddush<\/em>\u00a0che chiude lo shabbat). \u00c8 anche consuetudine cantare, durante i quattro pasti dello shabbat, molte poesie religiose chiamate\u00a0<em>Zemirot<\/em>\u00a0(o\u00a0<em>Tish nigounim\u00a0<\/em>dagli hassidim).<\/p>\n<p>Lo shabbat rende cos\u00ec possibile trovare il proprio percorso interiore attraverso la sua voce esteriore.<\/p>\n<p>La seguente playlist presenta una selezione di canti di Shabbat, tradizionali o eruditi, delle comunit\u00e0 ashkenazite di Francia (composizioni di <a href=\"https:\/\/www.iemj.org\/it\/samuel-naumbourg-1817-1880\/\" target=\"_blank\" rel=\"noopener\">Samuel Naumbourg<\/a>, <a href=\"https:\/\/www.iemj.org\/it\/franck-jules-1858-1941\/\" target=\"_blank\" rel=\"noopener\">Jules Franck<\/a> e <a href=\"https:\/\/www.iemj.org\/it\/algazi-leon-1890-1971\/\" target=\"_blank\" rel=\"noopener\">L\u00e9on Algazi<\/a>), di Germania (<a href=\"https:\/\/www.iemj.org\/it\/lewandowski-louis-lazarus-1821-1894\/\" target=\"_blank\" rel=\"noopener\">Louis Lewandowski<\/a>) e dell&#8217;Austria (<a href=\"https:\/\/www.iemj.org\/it\/sulzer-salomon-1804-1890\/\" target=\"_blank\" rel=\"noopener\">Salomon Sulzer<\/a> e <a href=\"https:\/\/www.iemj.org\/it\/ledor-vador-la-vienne-imperiale-de-franz-schubert-et-salomon-sulzer\/\" target=\"_blank\" rel=\"noopener\">Franz Schubert<\/a>. Va notato che la maggior parte delle melodie di questa playlist sono accompagnate da strumenti musicali, come l&#8217;organo, la cui pratica \u00e8 oggi proibita nello Shabbat nella maggior parte delle comunit\u00e0 ebraiche, ad eccezione delle sinagoghe liberali.<\/p>\n<p><a href=\"https:\/\/www.iemj.org\/it\/les-chants-de-shabbat\/\" target=\"_blank\" rel=\"noopener\">Leggere l\u2019articolo sui canti dello shabbat<\/a><\/p>\n\n\n<figure class=\"wp-block-image size-large\"><img fetchpriority=\"high\" decoding=\"async\" width=\"1024\" height=\"146\" src=\"https:\/\/www.iemj.org\/wp-content\/uploads\/2023\/01\/Bandeau-Playlist_IT2-1024x146.jpg\" alt=\"\" class=\"wp-image-93106\" srcset=\"https:\/\/www.iemj.org\/wp-content\/uploads\/2023\/01\/Bandeau-Playlist_IT2-1024x146.jpg 1024w, https:\/\/www.iemj.org\/wp-content\/uploads\/2023\/01\/Bandeau-Playlist_IT2-300x43.jpg 300w, https:\/\/www.iemj.org\/wp-content\/uploads\/2023\/01\/Bandeau-Playlist_IT2-768x110.jpg 768w, https:\/\/www.iemj.org\/wp-content\/uploads\/2023\/01\/Bandeau-Playlist_IT2-1536x220.jpg 1536w, https:\/\/www.iemj.org\/wp-content\/uploads\/2023\/01\/Bandeau-Playlist_IT2-600x86.jpg 600w, https:\/\/www.iemj.org\/wp-content\/uploads\/2023\/01\/Bandeau-Playlist_IT2.jpg 1608w\" sizes=\"(max-width: 1024px) 100vw, 1024px\" \/><\/figure>\n\n\n\n<div class=\"wp-block-file\"><a id=\"wp-block-file--media-08511441-184a-4d8c-8e23-fe85c80db0b2\" href=\"https:\/\/www.iemj.org\/wp-content\/uploads\/2021\/01\/01_lecho_dodi_samuel_naumbourg-shalom_berlinski_extrait_.mp3\">Lecho Dodi &#8211; Samuel Naumbourg &#8211; Shalom Berlinski (Extrait)<\/a><\/div>\n\n\n\n<div class=\"wp-block-file\"><a id=\"wp-block-file--media-ca659db7-c7db-4431-b59b-aa5209b34947\" href=\"https:\/\/www.iemj.org\/wp-content\/uploads\/2021\/01\/02_lekho_dodi_leon_algazi_adolphe_attia_extrait_.mp3\">Lekho dodi &#8211; Leon Algazi &#8211; Adolphe Attia (Extrait)<\/a><\/div>\n\n\n\n<div class=\"wp-block-file\"><a id=\"wp-block-file--media-b6a32c53-6183-4c54-a23c-4801028e2367\" href=\"https:\/\/www.iemj.org\/wp-content\/uploads\/2021\/01\/03_leho_dodi_salomon_sulzer_ensemble_vocal_hebraica_dir_hector_sabo_extrait_.mp3\">Leho dodi &#8211; Salomon Sulzer &#8211; Ensemble vocal hebraica dir Hector Sabo (Extrait)<\/a><\/div>\n\n\n\n<div class=\"wp-block-file\"><a id=\"wp-block-file--media-80027708-a49d-45ca-8da2-47970ea349ae\" href=\"https:\/\/www.iemj.org\/wp-content\/uploads\/2021\/01\/04_chir_hamalaus_ps_126__trad__michel_heymann_et_jean-marc_israel.mp3\">Chir Hamalaus (ps 126) &#8211; trad. &#8211; Michel Heymann et Jean Marc Israel<\/a><\/div>\n\n\n\n<div class=\"wp-block-file\"><a id=\"wp-block-file--media-e6bdd377-6dd2-4c0e-b950-1b08b4a1e323\" href=\"https:\/\/www.iemj.org\/wp-content\/uploads\/2021\/01\/05_kidoush_jules_franck_shalom_berlinski.mp3\">Kidoush &#8211; Jules Franck &#8211; Shalom Berlinski<\/a><\/div>\n\n\n\n<div class=\"wp-block-file\"><a id=\"wp-block-file--media-d0800c69-8ad0-44b6-93a6-f9f0750af6b7\" href=\"https:\/\/www.iemj.org\/wp-content\/uploads\/2021\/01\/06_hachiwenou_trad_joseph_borin_extrait_.mp3\">Hachiwenou &#8211; trad. &#8211; Joseph Borin (Extrait)<\/a><\/div>\n\n\n\n<div class=\"wp-block-file\"><a id=\"wp-block-file--media-5b3612df-9fc0-43d4-9188-95daf44849a5\" href=\"https:\/\/www.iemj.org\/wp-content\/uploads\/2021\/01\/07_w-shomru_leo_roth_and_the_leipzig_choir.mp3\">W&#8217;shomru &#8211; Leo Roth and the Leipzig Choir<\/a><\/div>\n\n\n\n<div class=\"wp-block-file\"><a id=\"wp-block-file--media-faed9f75-a7b8-4088-ab0a-eb7fd638e9df\" href=\"https:\/\/www.iemj.org\/wp-content\/uploads\/2021\/01\/08_ouvnou_ho_yomar_priere_sortie_de_la_torah_louis_lewandowski_adolphe_attia.mp3\">Ouvnou&#8217;ho yomar (priere sortie de la Torah) &#8211; Louis Lewandowski &#8211; Adolphe Attia<\/a><\/div>\n\n\n\n<div class=\"wp-block-file\"><a id=\"wp-block-file--media-e6da036d-105d-449b-95f1-a3947825a3f8\" href=\"https:\/\/www.iemj.org\/wp-content\/uploads\/2021\/01\/09_tow_lehodos_ps_92__franz_schubert_europaischer_synagogalchor_dir_andor_izsak_extrait_.mp3\">Tow lehodos (ps 92) &#8211; Franz Schubert &#8211; Europaischer Synagogalchor, dir Andor Izsak (Extrait)<\/a><\/div>\n","protected":false},"excerpt":{"rendered":"<p>Una selezione di canti dello shabbat dell&#8217;Europa dell&#8217;Ovest, tradizionali o colti, eseguiti da Adolphe Attia, Shalom Berlinski, Joseph Borin, Michel Heymann e molti altri<\/p>\n","protected":false},"author":1045,"featured_media":69501,"comment_status":"closed","ping_status":"closed","sticky":false,"template":"","format":"standard","meta":{"_acf_changed":false,"footnotes":""},"categories":[1536],"tags":[],"technique":[],"squelettes":[],"sujet":[1855],"formation":[],"genre":[1892],"fonds":[],"tradition":[1984],"type-de-contenu":[],"interprete-compositeur":[],"frise":[],"type-devenement":[],"tableaux-liens-externes":[],"class_list":["post-69500","post","type-post","status-publish","format-standard","has-post-thumbnail","hentry","category-playlist-it","sujet-shabbat-it","genre-liturgia-it","tradition-rito-ashkenazita-it"],"acf":[],"yoast_head":"<!-- This site is optimized with the Yoast SEO plugin v27.3 - https:\/\/yoast.com\/product\/yoast-seo-wordpress\/ -->\n<title>I canti dello Shabbat nel rito askenazita dell\u2019Ovest - Institut Europ\u00e9en des Musiques Juives<\/title>\n<meta name=\"robots\" content=\"index, follow, max-snippet:-1, max-image-preview:large, max-video-preview:-1\" \/>\n<link rel=\"canonical\" href=\"https:\/\/www.iemj.org\/it\/les-chants-de-shabbat-dans-le-rite-ashkenaze-de-louest\/\" \/>\n<meta property=\"og:locale\" content=\"it_IT\" \/>\n<meta property=\"og:type\" content=\"article\" \/>\n<meta property=\"og:title\" content=\"I canti dello Shabbat nel rito askenazita dell\u2019Ovest - Institut Europ\u00e9en des Musiques Juives\" \/>\n<meta property=\"og:description\" content=\"Una selezione di canti dello shabbat dell&#8217;Europa dell&#8217;Ovest, tradizionali o colti, eseguiti da Adolphe Attia, Shalom Berlinski, Joseph Borin, Michel Heymann e molti altri\" \/>\n<meta property=\"og:url\" content=\"https:\/\/www.iemj.org\/it\/les-chants-de-shabbat-dans-le-rite-ashkenaze-de-louest\/\" \/>\n<meta property=\"og:site_name\" content=\"Institut Europ\u00e9en des Musiques Juives\" \/>\n<meta property=\"article:publisher\" content=\"https:\/\/www.facebook.com\/MusiquesJuives\/\" \/>\n<meta property=\"article:published_time\" content=\"2021-01-14T09:27:05+00:00\" \/>\n<meta property=\"article:modified_time\" content=\"2024-02-16T15:01:10+00:00\" \/>\n<meta property=\"og:image\" content=\"https:\/\/www.iemj.org\/wp-content\/uploads\/2021\/01\/arton4965-e1618493385767.jpg\" \/>\n\t<meta property=\"og:image:width\" content=\"350\" \/>\n\t<meta property=\"og:image:height\" content=\"347\" \/>\n\t<meta property=\"og:image:type\" content=\"image\/jpeg\" \/>\n<meta name=\"author\" content=\"Herv\u00e9 Roten\" \/>\n<meta name=\"twitter:card\" content=\"summary_large_image\" \/>\n<meta name=\"twitter:label1\" content=\"Scritto da\" \/>\n\t<meta name=\"twitter:data1\" content=\"Herv\u00e9 Roten\" \/>\n\t<meta name=\"twitter:label2\" content=\"Tempo di lettura stimato\" \/>\n\t<meta name=\"twitter:data2\" content=\"2 minuti\" \/>\n<script type=\"application\/ld+json\" class=\"yoast-schema-graph\">{\"@context\":\"https:\\\/\\\/schema.org\",\"@graph\":[{\"@type\":\"Article\",\"@id\":\"https:\\\/\\\/www.iemj.org\\\/it\\\/les-chants-de-shabbat-dans-le-rite-ashkenaze-de-louest\\\/#article\",\"isPartOf\":{\"@id\":\"https:\\\/\\\/www.iemj.org\\\/it\\\/les-chants-de-shabbat-dans-le-rite-ashkenaze-de-louest\\\/\"},\"author\":{\"name\":\"Herv\u00e9 Roten\",\"@id\":\"https:\\\/\\\/www.iemj.org\\\/it\\\/#\\\/schema\\\/person\\\/906134402c29d5c76e7b726261dd4bbd\"},\"headline\":\"I canti dello Shabbat nel rito askenazita dell\u2019Ovest\",\"datePublished\":\"2021-01-14T09:27:05+00:00\",\"dateModified\":\"2024-02-16T15:01:10+00:00\",\"mainEntityOfPage\":{\"@id\":\"https:\\\/\\\/www.iemj.org\\\/it\\\/les-chants-de-shabbat-dans-le-rite-ashkenaze-de-louest\\\/\"},\"wordCount\":318,\"publisher\":{\"@id\":\"https:\\\/\\\/www.iemj.org\\\/it\\\/#organization\"},\"image\":{\"@id\":\"https:\\\/\\\/www.iemj.org\\\/it\\\/les-chants-de-shabbat-dans-le-rite-ashkenaze-de-louest\\\/#primaryimage\"},\"thumbnailUrl\":\"https:\\\/\\\/www.iemj.org\\\/wp-content\\\/uploads\\\/2021\\\/01\\\/arton4965-e1618493385767.jpg\",\"articleSection\":[\"Playlist\"],\"inLanguage\":\"it-IT\"},{\"@type\":\"WebPage\",\"@id\":\"https:\\\/\\\/www.iemj.org\\\/it\\\/les-chants-de-shabbat-dans-le-rite-ashkenaze-de-louest\\\/\",\"url\":\"https:\\\/\\\/www.iemj.org\\\/it\\\/les-chants-de-shabbat-dans-le-rite-ashkenaze-de-louest\\\/\",\"name\":\"I canti dello Shabbat nel rito askenazita dell\u2019Ovest - Institut Europ\u00e9en des Musiques Juives\",\"isPartOf\":{\"@id\":\"https:\\\/\\\/www.iemj.org\\\/it\\\/#website\"},\"primaryImageOfPage\":{\"@id\":\"https:\\\/\\\/www.iemj.org\\\/it\\\/les-chants-de-shabbat-dans-le-rite-ashkenaze-de-louest\\\/#primaryimage\"},\"image\":{\"@id\":\"https:\\\/\\\/www.iemj.org\\\/it\\\/les-chants-de-shabbat-dans-le-rite-ashkenaze-de-louest\\\/#primaryimage\"},\"thumbnailUrl\":\"https:\\\/\\\/www.iemj.org\\\/wp-content\\\/uploads\\\/2021\\\/01\\\/arton4965-e1618493385767.jpg\",\"datePublished\":\"2021-01-14T09:27:05+00:00\",\"dateModified\":\"2024-02-16T15:01:10+00:00\",\"breadcrumb\":{\"@id\":\"https:\\\/\\\/www.iemj.org\\\/it\\\/les-chants-de-shabbat-dans-le-rite-ashkenaze-de-louest\\\/#breadcrumb\"},\"inLanguage\":\"it-IT\",\"potentialAction\":[{\"@type\":\"ReadAction\",\"target\":[\"https:\\\/\\\/www.iemj.org\\\/it\\\/les-chants-de-shabbat-dans-le-rite-ashkenaze-de-louest\\\/\"]}]},{\"@type\":\"ImageObject\",\"inLanguage\":\"it-IT\",\"@id\":\"https:\\\/\\\/www.iemj.org\\\/it\\\/les-chants-de-shabbat-dans-le-rite-ashkenaze-de-louest\\\/#primaryimage\",\"url\":\"https:\\\/\\\/www.iemj.org\\\/wp-content\\\/uploads\\\/2021\\\/01\\\/arton4965-e1618493385767.jpg\",\"contentUrl\":\"https:\\\/\\\/www.iemj.org\\\/wp-content\\\/uploads\\\/2021\\\/01\\\/arton4965-e1618493385767.jpg\",\"width\":350,\"height\":347},{\"@type\":\"BreadcrumbList\",\"@id\":\"https:\\\/\\\/www.iemj.org\\\/it\\\/les-chants-de-shabbat-dans-le-rite-ashkenaze-de-louest\\\/#breadcrumb\",\"itemListElement\":[{\"@type\":\"ListItem\",\"position\":1,\"name\":\"Accueil\",\"item\":\"https:\\\/\\\/www.iemj.org\\\/it\\\/\"},{\"@type\":\"ListItem\",\"position\":2,\"name\":\"I canti dello Shabbat nel rito askenazita dell\u2019Ovest\"}]},{\"@type\":\"WebSite\",\"@id\":\"https:\\\/\\\/www.iemj.org\\\/it\\\/#website\",\"url\":\"https:\\\/\\\/www.iemj.org\\\/it\\\/\",\"name\":\"Institut Europ\u00e9en des Musiques Juives\",\"description\":\"Des traditions musicales \u00e0 la port\u00e9e de tous\",\"publisher\":{\"@id\":\"https:\\\/\\\/www.iemj.org\\\/it\\\/#organization\"},\"potentialAction\":[{\"@type\":\"SearchAction\",\"target\":{\"@type\":\"EntryPoint\",\"urlTemplate\":\"https:\\\/\\\/www.iemj.org\\\/it\\\/?s={search_term_string}\"},\"query-input\":{\"@type\":\"PropertyValueSpecification\",\"valueRequired\":true,\"valueName\":\"search_term_string\"}}],\"inLanguage\":\"it-IT\"},{\"@type\":\"Organization\",\"@id\":\"https:\\\/\\\/www.iemj.org\\\/it\\\/#organization\",\"name\":\"Institut Europ\u00e9en des Musiques Juives\",\"url\":\"https:\\\/\\\/www.iemj.org\\\/it\\\/\",\"logo\":{\"@type\":\"ImageObject\",\"inLanguage\":\"it-IT\",\"@id\":\"https:\\\/\\\/www.iemj.org\\\/it\\\/#\\\/schema\\\/logo\\\/image\\\/\",\"url\":\"https:\\\/\\\/www.iemj.org\\\/wp-content\\\/uploads\\\/2021\\\/09\\\/Logo-IEMJ-Paypal.jpg\",\"contentUrl\":\"https:\\\/\\\/www.iemj.org\\\/wp-content\\\/uploads\\\/2021\\\/09\\\/Logo-IEMJ-Paypal.jpg\",\"width\":150,\"height\":50,\"caption\":\"Institut Europ\u00e9en des Musiques Juives\"},\"image\":{\"@id\":\"https:\\\/\\\/www.iemj.org\\\/it\\\/#\\\/schema\\\/logo\\\/image\\\/\"},\"sameAs\":[\"https:\\\/\\\/www.facebook.com\\\/MusiquesJuives\\\/\",\"https:\\\/\\\/www.instagram.com\\\/musiquesjuives\\\/\",\"https:\\\/\\\/www.youtube.com\\\/user\\\/musiquesjuives\"]},{\"@type\":\"Person\",\"@id\":\"https:\\\/\\\/www.iemj.org\\\/it\\\/#\\\/schema\\\/person\\\/906134402c29d5c76e7b726261dd4bbd\",\"name\":\"Herv\u00e9 Roten\",\"image\":{\"@type\":\"ImageObject\",\"inLanguage\":\"it-IT\",\"@id\":\"https:\\\/\\\/secure.gravatar.com\\\/avatar\\\/f96ad2db538a26481f18384936b5cd0610c92d390c4dc382209216d455f685ff?s=96&d=mm&r=g\",\"url\":\"https:\\\/\\\/secure.gravatar.com\\\/avatar\\\/f96ad2db538a26481f18384936b5cd0610c92d390c4dc382209216d455f685ff?s=96&d=mm&r=g\",\"contentUrl\":\"https:\\\/\\\/secure.gravatar.com\\\/avatar\\\/f96ad2db538a26481f18384936b5cd0610c92d390c4dc382209216d455f685ff?s=96&d=mm&r=g\",\"caption\":\"Herv\u00e9 Roten\"}}]}<\/script>\n<!-- \/ Yoast SEO plugin. -->","yoast_head_json":{"title":"I canti dello Shabbat nel rito askenazita dell\u2019Ovest - Institut Europ\u00e9en des Musiques Juives","robots":{"index":"index","follow":"follow","max-snippet":"max-snippet:-1","max-image-preview":"max-image-preview:large","max-video-preview":"max-video-preview:-1"},"canonical":"https:\/\/www.iemj.org\/it\/les-chants-de-shabbat-dans-le-rite-ashkenaze-de-louest\/","og_locale":"it_IT","og_type":"article","og_title":"I canti dello Shabbat nel rito askenazita dell\u2019Ovest - Institut Europ\u00e9en des Musiques Juives","og_description":"Una selezione di canti dello shabbat dell&#8217;Europa dell&#8217;Ovest, tradizionali o colti, eseguiti da Adolphe Attia, Shalom Berlinski, Joseph Borin, Michel Heymann e molti altri","og_url":"https:\/\/www.iemj.org\/it\/les-chants-de-shabbat-dans-le-rite-ashkenaze-de-louest\/","og_site_name":"Institut Europ\u00e9en des Musiques Juives","article_publisher":"https:\/\/www.facebook.com\/MusiquesJuives\/","article_published_time":"2021-01-14T09:27:05+00:00","article_modified_time":"2024-02-16T15:01:10+00:00","og_image":[{"width":350,"height":347,"url":"https:\/\/www.iemj.org\/wp-content\/uploads\/2021\/01\/arton4965-e1618493385767.jpg","type":"image\/jpeg"}],"author":"Herv\u00e9 Roten","twitter_card":"summary_large_image","twitter_misc":{"Scritto da":"Herv\u00e9 Roten","Tempo di lettura stimato":"2 minuti"},"schema":{"@context":"https:\/\/schema.org","@graph":[{"@type":"Article","@id":"https:\/\/www.iemj.org\/it\/les-chants-de-shabbat-dans-le-rite-ashkenaze-de-louest\/#article","isPartOf":{"@id":"https:\/\/www.iemj.org\/it\/les-chants-de-shabbat-dans-le-rite-ashkenaze-de-louest\/"},"author":{"name":"Herv\u00e9 Roten","@id":"https:\/\/www.iemj.org\/it\/#\/schema\/person\/906134402c29d5c76e7b726261dd4bbd"},"headline":"I canti dello Shabbat nel rito askenazita dell\u2019Ovest","datePublished":"2021-01-14T09:27:05+00:00","dateModified":"2024-02-16T15:01:10+00:00","mainEntityOfPage":{"@id":"https:\/\/www.iemj.org\/it\/les-chants-de-shabbat-dans-le-rite-ashkenaze-de-louest\/"},"wordCount":318,"publisher":{"@id":"https:\/\/www.iemj.org\/it\/#organization"},"image":{"@id":"https:\/\/www.iemj.org\/it\/les-chants-de-shabbat-dans-le-rite-ashkenaze-de-louest\/#primaryimage"},"thumbnailUrl":"https:\/\/www.iemj.org\/wp-content\/uploads\/2021\/01\/arton4965-e1618493385767.jpg","articleSection":["Playlist"],"inLanguage":"it-IT"},{"@type":"WebPage","@id":"https:\/\/www.iemj.org\/it\/les-chants-de-shabbat-dans-le-rite-ashkenaze-de-louest\/","url":"https:\/\/www.iemj.org\/it\/les-chants-de-shabbat-dans-le-rite-ashkenaze-de-louest\/","name":"I canti dello Shabbat nel rito askenazita dell\u2019Ovest - Institut Europ\u00e9en des Musiques Juives","isPartOf":{"@id":"https:\/\/www.iemj.org\/it\/#website"},"primaryImageOfPage":{"@id":"https:\/\/www.iemj.org\/it\/les-chants-de-shabbat-dans-le-rite-ashkenaze-de-louest\/#primaryimage"},"image":{"@id":"https:\/\/www.iemj.org\/it\/les-chants-de-shabbat-dans-le-rite-ashkenaze-de-louest\/#primaryimage"},"thumbnailUrl":"https:\/\/www.iemj.org\/wp-content\/uploads\/2021\/01\/arton4965-e1618493385767.jpg","datePublished":"2021-01-14T09:27:05+00:00","dateModified":"2024-02-16T15:01:10+00:00","breadcrumb":{"@id":"https:\/\/www.iemj.org\/it\/les-chants-de-shabbat-dans-le-rite-ashkenaze-de-louest\/#breadcrumb"},"inLanguage":"it-IT","potentialAction":[{"@type":"ReadAction","target":["https:\/\/www.iemj.org\/it\/les-chants-de-shabbat-dans-le-rite-ashkenaze-de-louest\/"]}]},{"@type":"ImageObject","inLanguage":"it-IT","@id":"https:\/\/www.iemj.org\/it\/les-chants-de-shabbat-dans-le-rite-ashkenaze-de-louest\/#primaryimage","url":"https:\/\/www.iemj.org\/wp-content\/uploads\/2021\/01\/arton4965-e1618493385767.jpg","contentUrl":"https:\/\/www.iemj.org\/wp-content\/uploads\/2021\/01\/arton4965-e1618493385767.jpg","width":350,"height":347},{"@type":"BreadcrumbList","@id":"https:\/\/www.iemj.org\/it\/les-chants-de-shabbat-dans-le-rite-ashkenaze-de-louest\/#breadcrumb","itemListElement":[{"@type":"ListItem","position":1,"name":"Accueil","item":"https:\/\/www.iemj.org\/it\/"},{"@type":"ListItem","position":2,"name":"I canti dello Shabbat nel rito askenazita dell\u2019Ovest"}]},{"@type":"WebSite","@id":"https:\/\/www.iemj.org\/it\/#website","url":"https:\/\/www.iemj.org\/it\/","name":"Institut Europ\u00e9en des Musiques Juives","description":"Des traditions musicales \u00e0 la port\u00e9e de tous","publisher":{"@id":"https:\/\/www.iemj.org\/it\/#organization"},"potentialAction":[{"@type":"SearchAction","target":{"@type":"EntryPoint","urlTemplate":"https:\/\/www.iemj.org\/it\/?s={search_term_string}"},"query-input":{"@type":"PropertyValueSpecification","valueRequired":true,"valueName":"search_term_string"}}],"inLanguage":"it-IT"},{"@type":"Organization","@id":"https:\/\/www.iemj.org\/it\/#organization","name":"Institut Europ\u00e9en des Musiques Juives","url":"https:\/\/www.iemj.org\/it\/","logo":{"@type":"ImageObject","inLanguage":"it-IT","@id":"https:\/\/www.iemj.org\/it\/#\/schema\/logo\/image\/","url":"https:\/\/www.iemj.org\/wp-content\/uploads\/2021\/09\/Logo-IEMJ-Paypal.jpg","contentUrl":"https:\/\/www.iemj.org\/wp-content\/uploads\/2021\/09\/Logo-IEMJ-Paypal.jpg","width":150,"height":50,"caption":"Institut Europ\u00e9en des Musiques Juives"},"image":{"@id":"https:\/\/www.iemj.org\/it\/#\/schema\/logo\/image\/"},"sameAs":["https:\/\/www.facebook.com\/MusiquesJuives\/","https:\/\/www.instagram.com\/musiquesjuives\/","https:\/\/www.youtube.com\/user\/musiquesjuives"]},{"@type":"Person","@id":"https:\/\/www.iemj.org\/it\/#\/schema\/person\/906134402c29d5c76e7b726261dd4bbd","name":"Herv\u00e9 Roten","image":{"@type":"ImageObject","inLanguage":"it-IT","@id":"https:\/\/secure.gravatar.com\/avatar\/f96ad2db538a26481f18384936b5cd0610c92d390c4dc382209216d455f685ff?s=96&d=mm&r=g","url":"https:\/\/secure.gravatar.com\/avatar\/f96ad2db538a26481f18384936b5cd0610c92d390c4dc382209216d455f685ff?s=96&d=mm&r=g","contentUrl":"https:\/\/secure.gravatar.com\/avatar\/f96ad2db538a26481f18384936b5cd0610c92d390c4dc382209216d455f685ff?s=96&d=mm&r=g","caption":"Herv\u00e9 Roten"}}]}},"_links":{"self":[{"href":"https:\/\/www.iemj.org\/it\/wp-json\/wp\/v2\/posts\/69500","targetHints":{"allow":["GET"]}}],"collection":[{"href":"https:\/\/www.iemj.org\/it\/wp-json\/wp\/v2\/posts"}],"about":[{"href":"https:\/\/www.iemj.org\/it\/wp-json\/wp\/v2\/types\/post"}],"author":[{"embeddable":true,"href":"https:\/\/www.iemj.org\/it\/wp-json\/wp\/v2\/users\/1045"}],"replies":[{"embeddable":true,"href":"https:\/\/www.iemj.org\/it\/wp-json\/wp\/v2\/comments?post=69500"}],"version-history":[{"count":0,"href":"https:\/\/www.iemj.org\/it\/wp-json\/wp\/v2\/posts\/69500\/revisions"}],"wp:featuredmedia":[{"embeddable":true,"href":"https:\/\/www.iemj.org\/it\/wp-json\/wp\/v2\/media\/69501"}],"wp:attachment":[{"href":"https:\/\/www.iemj.org\/it\/wp-json\/wp\/v2\/media?parent=69500"}],"wp:term":[{"taxonomy":"category","embeddable":true,"href":"https:\/\/www.iemj.org\/it\/wp-json\/wp\/v2\/categories?post=69500"},{"taxonomy":"post_tag","embeddable":true,"href":"https:\/\/www.iemj.org\/it\/wp-json\/wp\/v2\/tags?post=69500"},{"taxonomy":"technique","embeddable":true,"href":"https:\/\/www.iemj.org\/it\/wp-json\/wp\/v2\/technique?post=69500"},{"taxonomy":"squelettes","embeddable":true,"href":"https:\/\/www.iemj.org\/it\/wp-json\/wp\/v2\/squelettes?post=69500"},{"taxonomy":"sujet","embeddable":true,"href":"https:\/\/www.iemj.org\/it\/wp-json\/wp\/v2\/sujet?post=69500"},{"taxonomy":"formation","embeddable":true,"href":"https:\/\/www.iemj.org\/it\/wp-json\/wp\/v2\/formation?post=69500"},{"taxonomy":"genre","embeddable":true,"href":"https:\/\/www.iemj.org\/it\/wp-json\/wp\/v2\/genre?post=69500"},{"taxonomy":"fonds","embeddable":true,"href":"https:\/\/www.iemj.org\/it\/wp-json\/wp\/v2\/fonds?post=69500"},{"taxonomy":"tradition","embeddable":true,"href":"https:\/\/www.iemj.org\/it\/wp-json\/wp\/v2\/tradition?post=69500"},{"taxonomy":"type-de-contenu","embeddable":true,"href":"https:\/\/www.iemj.org\/it\/wp-json\/wp\/v2\/type-de-contenu?post=69500"},{"taxonomy":"interprete-compositeur","embeddable":true,"href":"https:\/\/www.iemj.org\/it\/wp-json\/wp\/v2\/interprete-compositeur?post=69500"},{"taxonomy":"frise","embeddable":true,"href":"https:\/\/www.iemj.org\/it\/wp-json\/wp\/v2\/frise?post=69500"},{"taxonomy":"type-devenement","embeddable":true,"href":"https:\/\/www.iemj.org\/it\/wp-json\/wp\/v2\/type-devenement?post=69500"},{"taxonomy":"tableaux-liens-externes","embeddable":true,"href":"https:\/\/www.iemj.org\/it\/wp-json\/wp\/v2\/tableaux-liens-externes?post=69500"}],"curies":[{"name":"wp","href":"https:\/\/api.w.org\/{rel}","templated":true}]}}