{"id":69626,"date":"2021-10-19T14:57:56","date_gmt":"2021-10-19T12:57:56","guid":{"rendered":"https:\/\/www.iemj.org\/conference-la-place-de-lorgue-dans-la-tradition-juive-herve-roten\/"},"modified":"2021-10-20T10:33:37","modified_gmt":"2021-10-20T08:33:37","slug":"conference-la-place-de-lorgue-dans-la-tradition-juive-herve-roten","status":"publish","type":"post","link":"https:\/\/www.iemj.org\/it\/conference-la-place-de-lorgue-dans-la-tradition-juive-herve-roten\/","title":{"rendered":"CONFERENZA &#8211; IL POSTO DELL&#8217;ORGANO NELLA TRADIZIONE EBRAICA &#8211; HERV\u00c9 ROTEN"},"content":{"rendered":"<p><strong>Domenica 24 ottobre 2021 dalle 14:00-15:00<\/strong><\/p>\n<p><strong>LE KARE &#8211; 45 bis avenue Edouard-Vaillant &#8211; 92100 Boulogne-Billancourt<\/strong><\/p>\n<p><!--more--><\/p>\n<h3>Conferenza tenuta durante il 10\u00b0 anniversario di Orgue en France*<\/h3>\n<p>L&#8217;organo \u00e8 tradizionalmente associato alle religioni cattolica e protestante. Tuttavia, occupa anche un posto nella tradizione ebraica e molte sinagoghe a Parigi e nelle province (Bordeaux, Mulhouse in particolare) sono dotate di un organo a canne. La conferenza ci permetter\u00e0 di capire l&#8217;evoluzione del ruolo dell&#8217;organo nella liturgia e la controversia che ha circondato la sua introduzione nelle sinagoghe in Francia nel XIX secolo.<\/p>\n<p><em><strong>Herv\u00e9 Roten<\/strong> \u00e8 un etnomusicologo e Dottore in Musicologia all&#8217;Universit\u00e0 di Parigi IV Sorbona. \u00c8 direttore dell&#8217;Istituto Europeo di Musica Ebraica e autore di numerosi articoli, libri e dischi su vari aspetti delle tradizioni musicali ebraiche in Francia e nel mondo.<\/em><\/p>\n<p><strong>Link per registrarsi:<\/strong> <a href=\"https:\/\/docs.google.com\/forms\/d\/e\/1FAIpQLSdW6kE3Arcc7MCZGiQNG59t6aiOH4AjUSyXmEsouA7s4skL5w\/viewform\" target=\"_blank\" rel=\"noopener\">https:\/\/docs.google.com\/forms\/d\/e\/1FAIpQLSdW6kE3Arcc7MCZGiQNG59t6aiOH4AjUSyXmEsouA7s4skL5w\/viewform<\/a><\/p>\n<p><em><strong>Ingresso gratuito<\/strong><\/em><\/p>\n<p><a href=\"https:\/\/www.iemj.org\/wp-content\/uploads\/2021\/10\/10-ANS-DORGUE-EN-FRANCE-Programme.pdf\">Scaricare il programma dei 10 anni di Organo in Francia<\/a><\/p>\n<p><a href=\"https:\/\/www.orgue-en-france.org\/wp-content\/uploads\/2021\/09\/10-ANS-DORGUE-EN-FRANCE-Notices-explicatives-22-09-21.pdf\" target=\"_blank\" rel=\"noopener\">Consultare le note esplicative del programma<\/a><\/p>\n<p>*L&#8217;associazione Orgue en France celebra quest&#8217;anno il suo decimo anniversario e propone quattro giorni di dibattiti, workshop, tavole rotonde e momenti musicali intorno all&#8217;organo<\/p>\n<p><a href=\"https:\/\/www.orgue-en-france.org\/journees-anniversaire-10-ans-dorgue-en-france-paris-22-au-25-octobre-2021\/#_C10\" target=\"_blank\" rel=\"noopener\">Per saperne di pi\u00f9<\/a><\/p>\n\n\n<p><\/p>\n","protected":false},"excerpt":{"rendered":"<p>Domenica 24 ottobre 2021 dalle 14:00-15:00 LE KARE &#8211; 45 bis avenue Edouard-Vaillant &#8211; 92100 Boulogne-Billancourt<\/p>\n","protected":false},"author":5,"featured_media":69611,"comment_status":"closed","ping_status":"closed","sticky":false,"template":"","format":"standard","meta":{"_acf_changed":false,"footnotes":""},"categories":[1383,1371],"tags":[3421],"technique":[],"squelettes":[],"sujet":[],"formation":[],"genre":[],"fonds":[],"tradition":[],"type-de-contenu":[],"interprete-compositeur":[],"frise":[],"type-devenement":[],"tableaux-liens-externes":[],"class_list":["post-69626","post","type-post","status-publish","format-standard","has-post-thumbnail","hentry","category-corsi-conferenze-it","category-manifestazioni-it","tag-eventi-partner-it"],"acf":[],"yoast_head":"<!-- This site is optimized with the Yoast SEO plugin v27.3 - https:\/\/yoast.com\/product\/yoast-seo-wordpress\/ -->\n<title>CONFERENZA - IL POSTO DELL&#039;ORGANO NELLA TRADIZIONE EBRAICA - HERV\u00c9 ROTEN - Institut Europ\u00e9en des Musiques Juives<\/title>\n<meta name=\"robots\" content=\"index, follow, max-snippet:-1, max-image-preview:large, max-video-preview:-1\" \/>\n<link rel=\"canonical\" href=\"https:\/\/www.iemj.org\/it\/conference-la-place-de-lorgue-dans-la-tradition-juive-herve-roten\/\" \/>\n<meta property=\"og:locale\" content=\"it_IT\" \/>\n<meta property=\"og:type\" content=\"article\" \/>\n<meta property=\"og:title\" content=\"CONFERENZA - IL POSTO DELL&#039;ORGANO NELLA TRADIZIONE EBRAICA - HERV\u00c9 ROTEN - Institut Europ\u00e9en des Musiques Juives\" \/>\n<meta property=\"og:description\" content=\"Domenica 24 ottobre 2021 dalle 14:00-15:00 LE KARE &#8211; 45 bis avenue Edouard-Vaillant &#8211; 92100 Boulogne-Billancourt\" \/>\n<meta property=\"og:url\" content=\"https:\/\/www.iemj.org\/it\/conference-la-place-de-lorgue-dans-la-tradition-juive-herve-roten\/\" \/>\n<meta property=\"og:site_name\" content=\"Institut Europ\u00e9en des Musiques Juives\" \/>\n<meta property=\"article:publisher\" content=\"https:\/\/www.facebook.com\/MusiquesJuives\/\" \/>\n<meta property=\"article:published_time\" content=\"2021-10-19T12:57:56+00:00\" \/>\n<meta property=\"article:modified_time\" content=\"2021-10-20T08:33:37+00:00\" \/>\n<meta property=\"og:image\" content=\"https:\/\/www.iemj.org\/wp-content\/uploads\/2021\/10\/logo-conf.-Orgue_carre.jpg\" \/>\n\t<meta property=\"og:image:width\" content=\"300\" \/>\n\t<meta property=\"og:image:height\" content=\"294\" \/>\n\t<meta property=\"og:image:type\" content=\"image\/jpeg\" \/>\n<meta name=\"author\" content=\"Jacqueline ROTEN\" \/>\n<meta name=\"twitter:card\" content=\"summary_large_image\" \/>\n<meta name=\"twitter:label1\" content=\"Scritto da\" \/>\n\t<meta name=\"twitter:data1\" content=\"Jacqueline ROTEN\" \/>\n\t<meta name=\"twitter:label2\" content=\"Tempo di lettura stimato\" \/>\n\t<meta name=\"twitter:data2\" content=\"1 minuto\" \/>\n<script type=\"application\/ld+json\" class=\"yoast-schema-graph\">{\"@context\":\"https:\\\/\\\/schema.org\",\"@graph\":[{\"@type\":\"Article\",\"@id\":\"https:\\\/\\\/www.iemj.org\\\/it\\\/conference-la-place-de-lorgue-dans-la-tradition-juive-herve-roten\\\/#article\",\"isPartOf\":{\"@id\":\"https:\\\/\\\/www.iemj.org\\\/it\\\/conference-la-place-de-lorgue-dans-la-tradition-juive-herve-roten\\\/\"},\"author\":{\"name\":\"Jacqueline ROTEN\",\"@id\":\"https:\\\/\\\/www.iemj.org\\\/it\\\/#\\\/schema\\\/person\\\/358e26c18aca017fcc4cc15437f7279c\"},\"headline\":\"CONFERENZA &#8211; IL POSTO DELL&#8217;ORGANO NELLA TRADIZIONE EBRAICA &#8211; HERV\u00c9 ROTEN\",\"datePublished\":\"2021-10-19T12:57:56+00:00\",\"dateModified\":\"2021-10-20T08:33:37+00:00\",\"mainEntityOfPage\":{\"@id\":\"https:\\\/\\\/www.iemj.org\\\/it\\\/conference-la-place-de-lorgue-dans-la-tradition-juive-herve-roten\\\/\"},\"wordCount\":209,\"publisher\":{\"@id\":\"https:\\\/\\\/www.iemj.org\\\/it\\\/#organization\"},\"image\":{\"@id\":\"https:\\\/\\\/www.iemj.org\\\/it\\\/conference-la-place-de-lorgue-dans-la-tradition-juive-herve-roten\\\/#primaryimage\"},\"thumbnailUrl\":\"https:\\\/\\\/www.iemj.org\\\/wp-content\\\/uploads\\\/2021\\\/10\\\/logo-conf.-Orgue_carre.jpg\",\"keywords\":[\"Eventi partner\"],\"articleSection\":[\"Corsi \\\/ Conferenze\",\"Manifestazioni\"],\"inLanguage\":\"it-IT\"},{\"@type\":\"WebPage\",\"@id\":\"https:\\\/\\\/www.iemj.org\\\/it\\\/conference-la-place-de-lorgue-dans-la-tradition-juive-herve-roten\\\/\",\"url\":\"https:\\\/\\\/www.iemj.org\\\/it\\\/conference-la-place-de-lorgue-dans-la-tradition-juive-herve-roten\\\/\",\"name\":\"CONFERENZA - IL POSTO DELL'ORGANO NELLA TRADIZIONE EBRAICA - HERV\u00c9 ROTEN - Institut Europ\u00e9en des Musiques Juives\",\"isPartOf\":{\"@id\":\"https:\\\/\\\/www.iemj.org\\\/it\\\/#website\"},\"primaryImageOfPage\":{\"@id\":\"https:\\\/\\\/www.iemj.org\\\/it\\\/conference-la-place-de-lorgue-dans-la-tradition-juive-herve-roten\\\/#primaryimage\"},\"image\":{\"@id\":\"https:\\\/\\\/www.iemj.org\\\/it\\\/conference-la-place-de-lorgue-dans-la-tradition-juive-herve-roten\\\/#primaryimage\"},\"thumbnailUrl\":\"https:\\\/\\\/www.iemj.org\\\/wp-content\\\/uploads\\\/2021\\\/10\\\/logo-conf.-Orgue_carre.jpg\",\"datePublished\":\"2021-10-19T12:57:56+00:00\",\"dateModified\":\"2021-10-20T08:33:37+00:00\",\"breadcrumb\":{\"@id\":\"https:\\\/\\\/www.iemj.org\\\/it\\\/conference-la-place-de-lorgue-dans-la-tradition-juive-herve-roten\\\/#breadcrumb\"},\"inLanguage\":\"it-IT\",\"potentialAction\":[{\"@type\":\"ReadAction\",\"target\":[\"https:\\\/\\\/www.iemj.org\\\/it\\\/conference-la-place-de-lorgue-dans-la-tradition-juive-herve-roten\\\/\"]}]},{\"@type\":\"ImageObject\",\"inLanguage\":\"it-IT\",\"@id\":\"https:\\\/\\\/www.iemj.org\\\/it\\\/conference-la-place-de-lorgue-dans-la-tradition-juive-herve-roten\\\/#primaryimage\",\"url\":\"https:\\\/\\\/www.iemj.org\\\/wp-content\\\/uploads\\\/2021\\\/10\\\/logo-conf.-Orgue_carre.jpg\",\"contentUrl\":\"https:\\\/\\\/www.iemj.org\\\/wp-content\\\/uploads\\\/2021\\\/10\\\/logo-conf.-Orgue_carre.jpg\",\"width\":300,\"height\":294},{\"@type\":\"BreadcrumbList\",\"@id\":\"https:\\\/\\\/www.iemj.org\\\/it\\\/conference-la-place-de-lorgue-dans-la-tradition-juive-herve-roten\\\/#breadcrumb\",\"itemListElement\":[{\"@type\":\"ListItem\",\"position\":1,\"name\":\"Accueil\",\"item\":\"https:\\\/\\\/www.iemj.org\\\/it\\\/\"},{\"@type\":\"ListItem\",\"position\":2,\"name\":\"CONFERENZA &#8211; IL POSTO DELL&#8217;ORGANO NELLA TRADIZIONE EBRAICA &#8211; HERV\u00c9 ROTEN\"}]},{\"@type\":\"WebSite\",\"@id\":\"https:\\\/\\\/www.iemj.org\\\/it\\\/#website\",\"url\":\"https:\\\/\\\/www.iemj.org\\\/it\\\/\",\"name\":\"Institut Europ\u00e9en des Musiques Juives\",\"description\":\"Des traditions musicales \u00e0 la port\u00e9e de tous\",\"publisher\":{\"@id\":\"https:\\\/\\\/www.iemj.org\\\/it\\\/#organization\"},\"potentialAction\":[{\"@type\":\"SearchAction\",\"target\":{\"@type\":\"EntryPoint\",\"urlTemplate\":\"https:\\\/\\\/www.iemj.org\\\/it\\\/?s={search_term_string}\"},\"query-input\":{\"@type\":\"PropertyValueSpecification\",\"valueRequired\":true,\"valueName\":\"search_term_string\"}}],\"inLanguage\":\"it-IT\"},{\"@type\":\"Organization\",\"@id\":\"https:\\\/\\\/www.iemj.org\\\/it\\\/#organization\",\"name\":\"Institut Europ\u00e9en des Musiques Juives\",\"url\":\"https:\\\/\\\/www.iemj.org\\\/it\\\/\",\"logo\":{\"@type\":\"ImageObject\",\"inLanguage\":\"it-IT\",\"@id\":\"https:\\\/\\\/www.iemj.org\\\/it\\\/#\\\/schema\\\/logo\\\/image\\\/\",\"url\":\"https:\\\/\\\/www.iemj.org\\\/wp-content\\\/uploads\\\/2021\\\/09\\\/Logo-IEMJ-Paypal.jpg\",\"contentUrl\":\"https:\\\/\\\/www.iemj.org\\\/wp-content\\\/uploads\\\/2021\\\/09\\\/Logo-IEMJ-Paypal.jpg\",\"width\":150,\"height\":50,\"caption\":\"Institut Europ\u00e9en des Musiques Juives\"},\"image\":{\"@id\":\"https:\\\/\\\/www.iemj.org\\\/it\\\/#\\\/schema\\\/logo\\\/image\\\/\"},\"sameAs\":[\"https:\\\/\\\/www.facebook.com\\\/MusiquesJuives\\\/\",\"https:\\\/\\\/www.instagram.com\\\/musiquesjuives\\\/\",\"https:\\\/\\\/www.youtube.com\\\/user\\\/musiquesjuives\"]},{\"@type\":\"Person\",\"@id\":\"https:\\\/\\\/www.iemj.org\\\/it\\\/#\\\/schema\\\/person\\\/358e26c18aca017fcc4cc15437f7279c\",\"name\":\"Jacqueline ROTEN\",\"image\":{\"@type\":\"ImageObject\",\"inLanguage\":\"it-IT\",\"@id\":\"https:\\\/\\\/secure.gravatar.com\\\/avatar\\\/5964256d6c6957de3a3505278957e0fb2a35119ac47ea41827a65301213c810b?s=96&d=mm&r=g\",\"url\":\"https:\\\/\\\/secure.gravatar.com\\\/avatar\\\/5964256d6c6957de3a3505278957e0fb2a35119ac47ea41827a65301213c810b?s=96&d=mm&r=g\",\"contentUrl\":\"https:\\\/\\\/secure.gravatar.com\\\/avatar\\\/5964256d6c6957de3a3505278957e0fb2a35119ac47ea41827a65301213c810b?s=96&d=mm&r=g\",\"caption\":\"Jacqueline ROTEN\"}}]}<\/script>\n<!-- \/ Yoast SEO plugin. -->","yoast_head_json":{"title":"CONFERENZA - IL POSTO DELL'ORGANO NELLA TRADIZIONE EBRAICA - HERV\u00c9 ROTEN - Institut Europ\u00e9en des Musiques Juives","robots":{"index":"index","follow":"follow","max-snippet":"max-snippet:-1","max-image-preview":"max-image-preview:large","max-video-preview":"max-video-preview:-1"},"canonical":"https:\/\/www.iemj.org\/it\/conference-la-place-de-lorgue-dans-la-tradition-juive-herve-roten\/","og_locale":"it_IT","og_type":"article","og_title":"CONFERENZA - IL POSTO DELL'ORGANO NELLA TRADIZIONE EBRAICA - HERV\u00c9 ROTEN - Institut Europ\u00e9en des Musiques Juives","og_description":"Domenica 24 ottobre 2021 dalle 14:00-15:00 LE KARE &#8211; 45 bis avenue Edouard-Vaillant &#8211; 92100 Boulogne-Billancourt","og_url":"https:\/\/www.iemj.org\/it\/conference-la-place-de-lorgue-dans-la-tradition-juive-herve-roten\/","og_site_name":"Institut Europ\u00e9en des Musiques Juives","article_publisher":"https:\/\/www.facebook.com\/MusiquesJuives\/","article_published_time":"2021-10-19T12:57:56+00:00","article_modified_time":"2021-10-20T08:33:37+00:00","og_image":[{"width":300,"height":294,"url":"https:\/\/www.iemj.org\/wp-content\/uploads\/2021\/10\/logo-conf.-Orgue_carre.jpg","type":"image\/jpeg"}],"author":"Jacqueline ROTEN","twitter_card":"summary_large_image","twitter_misc":{"Scritto da":"Jacqueline ROTEN","Tempo di lettura stimato":"1 minuto"},"schema":{"@context":"https:\/\/schema.org","@graph":[{"@type":"Article","@id":"https:\/\/www.iemj.org\/it\/conference-la-place-de-lorgue-dans-la-tradition-juive-herve-roten\/#article","isPartOf":{"@id":"https:\/\/www.iemj.org\/it\/conference-la-place-de-lorgue-dans-la-tradition-juive-herve-roten\/"},"author":{"name":"Jacqueline ROTEN","@id":"https:\/\/www.iemj.org\/it\/#\/schema\/person\/358e26c18aca017fcc4cc15437f7279c"},"headline":"CONFERENZA &#8211; IL POSTO DELL&#8217;ORGANO NELLA TRADIZIONE EBRAICA &#8211; HERV\u00c9 ROTEN","datePublished":"2021-10-19T12:57:56+00:00","dateModified":"2021-10-20T08:33:37+00:00","mainEntityOfPage":{"@id":"https:\/\/www.iemj.org\/it\/conference-la-place-de-lorgue-dans-la-tradition-juive-herve-roten\/"},"wordCount":209,"publisher":{"@id":"https:\/\/www.iemj.org\/it\/#organization"},"image":{"@id":"https:\/\/www.iemj.org\/it\/conference-la-place-de-lorgue-dans-la-tradition-juive-herve-roten\/#primaryimage"},"thumbnailUrl":"https:\/\/www.iemj.org\/wp-content\/uploads\/2021\/10\/logo-conf.-Orgue_carre.jpg","keywords":["Eventi partner"],"articleSection":["Corsi \/ Conferenze","Manifestazioni"],"inLanguage":"it-IT"},{"@type":"WebPage","@id":"https:\/\/www.iemj.org\/it\/conference-la-place-de-lorgue-dans-la-tradition-juive-herve-roten\/","url":"https:\/\/www.iemj.org\/it\/conference-la-place-de-lorgue-dans-la-tradition-juive-herve-roten\/","name":"CONFERENZA - IL POSTO DELL'ORGANO NELLA TRADIZIONE EBRAICA - HERV\u00c9 ROTEN - Institut Europ\u00e9en des Musiques Juives","isPartOf":{"@id":"https:\/\/www.iemj.org\/it\/#website"},"primaryImageOfPage":{"@id":"https:\/\/www.iemj.org\/it\/conference-la-place-de-lorgue-dans-la-tradition-juive-herve-roten\/#primaryimage"},"image":{"@id":"https:\/\/www.iemj.org\/it\/conference-la-place-de-lorgue-dans-la-tradition-juive-herve-roten\/#primaryimage"},"thumbnailUrl":"https:\/\/www.iemj.org\/wp-content\/uploads\/2021\/10\/logo-conf.-Orgue_carre.jpg","datePublished":"2021-10-19T12:57:56+00:00","dateModified":"2021-10-20T08:33:37+00:00","breadcrumb":{"@id":"https:\/\/www.iemj.org\/it\/conference-la-place-de-lorgue-dans-la-tradition-juive-herve-roten\/#breadcrumb"},"inLanguage":"it-IT","potentialAction":[{"@type":"ReadAction","target":["https:\/\/www.iemj.org\/it\/conference-la-place-de-lorgue-dans-la-tradition-juive-herve-roten\/"]}]},{"@type":"ImageObject","inLanguage":"it-IT","@id":"https:\/\/www.iemj.org\/it\/conference-la-place-de-lorgue-dans-la-tradition-juive-herve-roten\/#primaryimage","url":"https:\/\/www.iemj.org\/wp-content\/uploads\/2021\/10\/logo-conf.-Orgue_carre.jpg","contentUrl":"https:\/\/www.iemj.org\/wp-content\/uploads\/2021\/10\/logo-conf.-Orgue_carre.jpg","width":300,"height":294},{"@type":"BreadcrumbList","@id":"https:\/\/www.iemj.org\/it\/conference-la-place-de-lorgue-dans-la-tradition-juive-herve-roten\/#breadcrumb","itemListElement":[{"@type":"ListItem","position":1,"name":"Accueil","item":"https:\/\/www.iemj.org\/it\/"},{"@type":"ListItem","position":2,"name":"CONFERENZA &#8211; IL POSTO DELL&#8217;ORGANO NELLA TRADIZIONE EBRAICA &#8211; HERV\u00c9 ROTEN"}]},{"@type":"WebSite","@id":"https:\/\/www.iemj.org\/it\/#website","url":"https:\/\/www.iemj.org\/it\/","name":"Institut Europ\u00e9en des Musiques Juives","description":"Des traditions musicales \u00e0 la port\u00e9e de tous","publisher":{"@id":"https:\/\/www.iemj.org\/it\/#organization"},"potentialAction":[{"@type":"SearchAction","target":{"@type":"EntryPoint","urlTemplate":"https:\/\/www.iemj.org\/it\/?s={search_term_string}"},"query-input":{"@type":"PropertyValueSpecification","valueRequired":true,"valueName":"search_term_string"}}],"inLanguage":"it-IT"},{"@type":"Organization","@id":"https:\/\/www.iemj.org\/it\/#organization","name":"Institut Europ\u00e9en des Musiques Juives","url":"https:\/\/www.iemj.org\/it\/","logo":{"@type":"ImageObject","inLanguage":"it-IT","@id":"https:\/\/www.iemj.org\/it\/#\/schema\/logo\/image\/","url":"https:\/\/www.iemj.org\/wp-content\/uploads\/2021\/09\/Logo-IEMJ-Paypal.jpg","contentUrl":"https:\/\/www.iemj.org\/wp-content\/uploads\/2021\/09\/Logo-IEMJ-Paypal.jpg","width":150,"height":50,"caption":"Institut Europ\u00e9en des Musiques Juives"},"image":{"@id":"https:\/\/www.iemj.org\/it\/#\/schema\/logo\/image\/"},"sameAs":["https:\/\/www.facebook.com\/MusiquesJuives\/","https:\/\/www.instagram.com\/musiquesjuives\/","https:\/\/www.youtube.com\/user\/musiquesjuives"]},{"@type":"Person","@id":"https:\/\/www.iemj.org\/it\/#\/schema\/person\/358e26c18aca017fcc4cc15437f7279c","name":"Jacqueline ROTEN","image":{"@type":"ImageObject","inLanguage":"it-IT","@id":"https:\/\/secure.gravatar.com\/avatar\/5964256d6c6957de3a3505278957e0fb2a35119ac47ea41827a65301213c810b?s=96&d=mm&r=g","url":"https:\/\/secure.gravatar.com\/avatar\/5964256d6c6957de3a3505278957e0fb2a35119ac47ea41827a65301213c810b?s=96&d=mm&r=g","contentUrl":"https:\/\/secure.gravatar.com\/avatar\/5964256d6c6957de3a3505278957e0fb2a35119ac47ea41827a65301213c810b?s=96&d=mm&r=g","caption":"Jacqueline ROTEN"}}]}},"_links":{"self":[{"href":"https:\/\/www.iemj.org\/it\/wp-json\/wp\/v2\/posts\/69626","targetHints":{"allow":["GET"]}}],"collection":[{"href":"https:\/\/www.iemj.org\/it\/wp-json\/wp\/v2\/posts"}],"about":[{"href":"https:\/\/www.iemj.org\/it\/wp-json\/wp\/v2\/types\/post"}],"author":[{"embeddable":true,"href":"https:\/\/www.iemj.org\/it\/wp-json\/wp\/v2\/users\/5"}],"replies":[{"embeddable":true,"href":"https:\/\/www.iemj.org\/it\/wp-json\/wp\/v2\/comments?post=69626"}],"version-history":[{"count":0,"href":"https:\/\/www.iemj.org\/it\/wp-json\/wp\/v2\/posts\/69626\/revisions"}],"wp:featuredmedia":[{"embeddable":true,"href":"https:\/\/www.iemj.org\/it\/wp-json\/wp\/v2\/media\/69611"}],"wp:attachment":[{"href":"https:\/\/www.iemj.org\/it\/wp-json\/wp\/v2\/media?parent=69626"}],"wp:term":[{"taxonomy":"category","embeddable":true,"href":"https:\/\/www.iemj.org\/it\/wp-json\/wp\/v2\/categories?post=69626"},{"taxonomy":"post_tag","embeddable":true,"href":"https:\/\/www.iemj.org\/it\/wp-json\/wp\/v2\/tags?post=69626"},{"taxonomy":"technique","embeddable":true,"href":"https:\/\/www.iemj.org\/it\/wp-json\/wp\/v2\/technique?post=69626"},{"taxonomy":"squelettes","embeddable":true,"href":"https:\/\/www.iemj.org\/it\/wp-json\/wp\/v2\/squelettes?post=69626"},{"taxonomy":"sujet","embeddable":true,"href":"https:\/\/www.iemj.org\/it\/wp-json\/wp\/v2\/sujet?post=69626"},{"taxonomy":"formation","embeddable":true,"href":"https:\/\/www.iemj.org\/it\/wp-json\/wp\/v2\/formation?post=69626"},{"taxonomy":"genre","embeddable":true,"href":"https:\/\/www.iemj.org\/it\/wp-json\/wp\/v2\/genre?post=69626"},{"taxonomy":"fonds","embeddable":true,"href":"https:\/\/www.iemj.org\/it\/wp-json\/wp\/v2\/fonds?post=69626"},{"taxonomy":"tradition","embeddable":true,"href":"https:\/\/www.iemj.org\/it\/wp-json\/wp\/v2\/tradition?post=69626"},{"taxonomy":"type-de-contenu","embeddable":true,"href":"https:\/\/www.iemj.org\/it\/wp-json\/wp\/v2\/type-de-contenu?post=69626"},{"taxonomy":"interprete-compositeur","embeddable":true,"href":"https:\/\/www.iemj.org\/it\/wp-json\/wp\/v2\/interprete-compositeur?post=69626"},{"taxonomy":"frise","embeddable":true,"href":"https:\/\/www.iemj.org\/it\/wp-json\/wp\/v2\/frise?post=69626"},{"taxonomy":"type-devenement","embeddable":true,"href":"https:\/\/www.iemj.org\/it\/wp-json\/wp\/v2\/type-devenement?post=69626"},{"taxonomy":"tableaux-liens-externes","embeddable":true,"href":"https:\/\/www.iemj.org\/it\/wp-json\/wp\/v2\/tableaux-liens-externes?post=69626"}],"curies":[{"name":"wp","href":"https:\/\/api.w.org\/{rel}","templated":true}]}}