{"id":70256,"date":"2021-10-04T13:03:51","date_gmt":"2021-10-04T11:03:51","guid":{"rendered":"https:\/\/www.iemj.org\/dorothee-a-bikhele-lider\/"},"modified":"2025-10-16T18:00:12","modified_gmt":"2025-10-16T16:00:12","slug":"dorothee-a-bikhele-lider","status":"publish","type":"post","link":"https:\/\/www.iemj.org\/it\/dorothee-a-bikhele-lider\/","title":{"rendered":"Doroth\u00e9e &#8211; A bikhele Lider"},"content":{"rendered":"<p>Omaggio a Doroth\u00e9e Vienney, professoressa di yiddish scomparsa il 23 febbraio 2021 all&#8217;et\u00e0 di 86 anni, questo bikhele lider (piccolo libro cantante) di Isabelle Georges \u00e8 un gioiello nella sua semplicit\u00e0, intimit\u00e0 e bellezza.<\/p>\n<p>Inizia con un libro, una compilazione di vari testi tra cui una breve biografia di Doroth\u00e9e Vienney, testi di canzoni in francese e yiddish, uno scherzo, una ricetta, una poesia, testimonianze di amicizia&#8230; Sentiamo in particolare come \u00e8 sfuggita alla barbarie nazista durante la sua infanzia, la morte di suo padre, il passaggio alla zona libera, il campo di internamento di Douadic, la separazione dai suoi fratelli e\u00a0 la loro riunione nel 1944, cos\u00ec come la sua vita dopo la guerra e il suo apprendimento delle lingue, tra cui lo yiddish, che avrebbe poi insegnato.<\/p>\n<p>Poi, mentre sfogli il libro, dovresti ascoltare il CD di accompagnamento. Otto canzoni in yiddish, e anche in francese, cantate da Isabelle Georges, la famosa cantante con la voce di velluto. Canzoni che riflettono tutti i sentimenti dell&#8217;anima yiddish: nostalgia<em> (Di hoydlke<\/em>, <em>Du du<\/em>), tristezza (<em>Zol zayn<\/em>,<em> Shtil di nakht<\/em> <em>is oysgeshternt<\/em>), o gioia (<em>Shpil zhe mir a lidele in yiddish<\/em>, <em>Kum Leybke tantsn<\/em>). <img fetchpriority=\"high\" decoding=\"async\" class=\"wp-image-68742 alignright\" src=\"https:\/\/www.iemj.org\/wp-content\/uploads\/2021\/10\/Isabelle-Georges-Dorothee-294x300.png\" alt=\"\" width=\"293\" height=\"298\" srcset=\"https:\/\/www.iemj.org\/wp-content\/uploads\/2021\/10\/Isabelle-Georges-Dorothee-294x300.png 294w, https:\/\/www.iemj.org\/wp-content\/uploads\/2021\/10\/Isabelle-Georges-Dorothee.png 446w\" sizes=\"(max-width: 293px) 100vw, 293px\" \/><span style=\"font-size: revert;\">Le diverse strumentazioni ci immergono in un&#8217;atmosfera intima, triste o festosa. Sia in duo con il chitarrista J\u00e9r\u00f4me Brajtman, che ha anche arrangiato la musica di quasi tutte le canzoni, o in un gruppo pi\u00f9 grande con il quartetto Anouman o il pianista Frederik Steenbrink, queste canzoni rivelano l&#8217;amore di Isabelle Georges per la grande signora Doroth\u00e9e Vienney.<\/span><\/p>\n<p>E anche se lo yiddish non \u00e8 la nostra cultura, la nostra lingua, anche se non conoscessimo Doroth\u00e9e Vienney, non possiamo rimanere insensibili a tanta franchezza e bellezza, sia letteraria che musicale.<\/p>\n<p>&#8220;Non piangere perch\u00e9 \u00e8 finita, ma rallegrarsi perch\u00e9 \u00e8 successo!&#8221;<br \/>\u05f0\u05f2\u05e0\u05d8 \u05e0\u05d9\u05e9\u05d8 \u05f0\ufb1f\u05dc \u05e1&#8217;\u05d0\u05d9\u05d6 \u05d2\u05e2\u05e2\u05e0\u05d3\u05d9\u05e7\u05d8, \u05e9\u05de\u05f2\u05db\u05dc\u05d8 \u05f0\ufb1f\u05dc \u05e1&#8217;\u05d0\u05d9\u05d6 \u05d2\u05e2\u05e9\u05e2\u05df !<br \/>Vaynt nisht vayl s&#8217;iz geendikt, shmaykhlt vayl s&#8217;iz geshen !<\/p>\n<p>Isabelle Georges<\/p>\n<p>&#8220;Ogni messaggio d&#8217;amore, per quanto piccolo, ha bisogno di essere espresso. Anche questo canta e vuole esistere in nome di altri, che forse si riconosceranno.<\/p>\n<p>J\u00e9r\u00f4me Brajtman<\/p>\n<p>Un libro-disco con belle illustrazioni di Myriam Racine, sostenuto dalla Maison de la Culture Yiddish, la Fondation pour la M\u00e9moire de la Shoah e l&#8217;associazione Yiddish Pour Tous.<\/p>\n<p><a href=\"https:\/\/www.isabellegeorges.com\/en\/\" target=\"_blank\" rel=\"noopener\">Visita il sito web di Isabelle Georges<\/a><\/p>\n<p><a href=\"https:\/\/www.isabellegeorges.com\/produit\/dorothee-a-bikhele-lider-cd-livre\/\" target=\"_blank\" rel=\"noopener\">Acquista il libro CD Doroth\u00e9e &#8211; <em>A bikhele Lider<\/em><\/a><\/p>\n\n\n<figure class=\"wp-block-embed is-type-video is-provider-youtube wp-block-embed-youtube wp-embed-aspect-16-9 wp-has-aspect-ratio\"><div class=\"wp-block-embed__wrapper\">\n<iframe title=\"Isabelle Georges Di Hoydlke (A. Gendler)\" width=\"640\" height=\"360\" src=\"https:\/\/www.youtube.com\/embed\/cT4N4xvfdDc?feature=oembed\" frameborder=\"0\" allow=\"accelerometer; autoplay; clipboard-write; encrypted-media; gyroscope; picture-in-picture; web-share\" referrerpolicy=\"strict-origin-when-cross-origin\" allowfullscreen><\/iframe>\n<\/div><\/figure>\n\n\n<div class=\"wp-block-image\">\n<figure class=\"aligncenter size-large\"><img decoding=\"async\" width=\"1024\" height=\"133\" src=\"https:\/\/www.iemj.org\/wp-content\/uploads\/2024\/03\/AUDIO-PLAYER-1024x133.png\" alt=\"\" class=\"wp-image-110609\" srcset=\"https:\/\/www.iemj.org\/wp-content\/uploads\/2024\/03\/AUDIO-PLAYER-1024x133.png 1024w, https:\/\/www.iemj.org\/wp-content\/uploads\/2024\/03\/AUDIO-PLAYER-300x39.png 300w, https:\/\/www.iemj.org\/wp-content\/uploads\/2024\/03\/AUDIO-PLAYER-768x100.png 768w, https:\/\/www.iemj.org\/wp-content\/uploads\/2024\/03\/AUDIO-PLAYER-600x78.png 600w, https:\/\/www.iemj.org\/wp-content\/uploads\/2024\/03\/AUDIO-PLAYER.png 1210w\" sizes=\"(max-width: 1024px) 100vw, 1024px\" \/><\/figure>\n<\/div>","protected":false},"excerpt":{"rendered":"<p>Omaggio a Doroth\u00e9e Vienney, professoressa di yiddish scomparsa il 23 febbraio 2021 all&#8217;et\u00e0 di 86 anni, questo bikhele lider (piccolo libro cantante) di Isabelle Georges \u00e8 un gioiello nella sua<\/p>\n","protected":false},"author":5,"featured_media":68678,"comment_status":"closed","ping_status":"closed","sticky":false,"template":"","format":"standard","meta":{"_acf_changed":false,"footnotes":""},"categories":[1569,1576,1564],"tags":[],"technique":[],"squelettes":[],"sujet":[],"formation":[],"genre":[1676],"fonds":[],"tradition":[],"type-de-contenu":[],"interprete-compositeur":[],"frise":[],"type-devenement":[],"tableaux-liens-externes":[],"class_list":["post-70256","post","type-post","status-publish","format-standard","has-post-thumbnail","hentry","category-cd-it","category-libri-articoli-it","category-ultimi-acquisti-it","genre-yiddish-it-2"],"acf":[],"yoast_head":"<!-- This site is optimized with the Yoast SEO plugin v27.3 - https:\/\/yoast.com\/product\/yoast-seo-wordpress\/ -->\n<title>Doroth\u00e9e - A bikhele Lider - Institut Europ\u00e9en des Musiques Juives<\/title>\n<meta name=\"robots\" content=\"index, follow, max-snippet:-1, max-image-preview:large, max-video-preview:-1\" \/>\n<link rel=\"canonical\" href=\"https:\/\/www.iemj.org\/it\/dorothee-a-bikhele-lider\/\" \/>\n<meta property=\"og:locale\" content=\"it_IT\" \/>\n<meta property=\"og:type\" content=\"article\" \/>\n<meta property=\"og:title\" content=\"Doroth\u00e9e - A bikhele Lider - Institut Europ\u00e9en des Musiques Juives\" \/>\n<meta property=\"og:description\" content=\"Omaggio a Doroth\u00e9e Vienney, professoressa di yiddish scomparsa il 23 febbraio 2021 all&#8217;et\u00e0 di 86 anni, questo bikhele lider (piccolo libro cantante) di Isabelle Georges \u00e8 un gioiello nella sua\" \/>\n<meta property=\"og:url\" content=\"https:\/\/www.iemj.org\/it\/dorothee-a-bikhele-lider\/\" \/>\n<meta property=\"og:site_name\" content=\"Institut Europ\u00e9en des Musiques Juives\" \/>\n<meta property=\"article:publisher\" content=\"https:\/\/www.facebook.com\/MusiquesJuives\/\" \/>\n<meta property=\"article:published_time\" content=\"2021-10-04T11:03:51+00:00\" \/>\n<meta property=\"article:modified_time\" content=\"2025-10-16T16:00:12+00:00\" \/>\n<meta property=\"og:image\" content=\"https:\/\/www.iemj.org\/wp-content\/uploads\/2021\/10\/L_879_VIG-e1633343410133.jpg\" \/>\n\t<meta property=\"og:image:width\" content=\"400\" \/>\n\t<meta property=\"og:image:height\" content=\"514\" \/>\n\t<meta property=\"og:image:type\" content=\"image\/jpeg\" \/>\n<meta name=\"author\" content=\"Jacqueline ROTEN\" \/>\n<meta name=\"twitter:card\" content=\"summary_large_image\" \/>\n<meta name=\"twitter:label1\" content=\"Scritto da\" \/>\n\t<meta name=\"twitter:data1\" content=\"Jacqueline ROTEN\" \/>\n\t<meta name=\"twitter:label2\" content=\"Tempo di lettura stimato\" \/>\n\t<meta name=\"twitter:data2\" content=\"3 minuti\" \/>\n<script type=\"application\/ld+json\" class=\"yoast-schema-graph\">{\"@context\":\"https:\\\/\\\/schema.org\",\"@graph\":[{\"@type\":\"Article\",\"@id\":\"https:\\\/\\\/www.iemj.org\\\/it\\\/dorothee-a-bikhele-lider\\\/#article\",\"isPartOf\":{\"@id\":\"https:\\\/\\\/www.iemj.org\\\/it\\\/dorothee-a-bikhele-lider\\\/\"},\"author\":{\"name\":\"Jacqueline ROTEN\",\"@id\":\"https:\\\/\\\/www.iemj.org\\\/it\\\/#\\\/schema\\\/person\\\/358e26c18aca017fcc4cc15437f7279c\"},\"headline\":\"Doroth\u00e9e &#8211; A bikhele Lider\",\"datePublished\":\"2021-10-04T11:03:51+00:00\",\"dateModified\":\"2025-10-16T16:00:12+00:00\",\"mainEntityOfPage\":{\"@id\":\"https:\\\/\\\/www.iemj.org\\\/it\\\/dorothee-a-bikhele-lider\\\/\"},\"wordCount\":396,\"publisher\":{\"@id\":\"https:\\\/\\\/www.iemj.org\\\/it\\\/#organization\"},\"image\":{\"@id\":\"https:\\\/\\\/www.iemj.org\\\/it\\\/dorothee-a-bikhele-lider\\\/#primaryimage\"},\"thumbnailUrl\":\"https:\\\/\\\/www.iemj.org\\\/wp-content\\\/uploads\\\/2021\\\/10\\\/L_879_VIG-e1633343410133.jpg\",\"articleSection\":[\"CD\",\"Libri, articoli\",\"Ultimi acquisti\"],\"inLanguage\":\"it-IT\"},{\"@type\":\"WebPage\",\"@id\":\"https:\\\/\\\/www.iemj.org\\\/it\\\/dorothee-a-bikhele-lider\\\/\",\"url\":\"https:\\\/\\\/www.iemj.org\\\/it\\\/dorothee-a-bikhele-lider\\\/\",\"name\":\"Doroth\u00e9e - A bikhele Lider - Institut Europ\u00e9en des Musiques Juives\",\"isPartOf\":{\"@id\":\"https:\\\/\\\/www.iemj.org\\\/it\\\/#website\"},\"primaryImageOfPage\":{\"@id\":\"https:\\\/\\\/www.iemj.org\\\/it\\\/dorothee-a-bikhele-lider\\\/#primaryimage\"},\"image\":{\"@id\":\"https:\\\/\\\/www.iemj.org\\\/it\\\/dorothee-a-bikhele-lider\\\/#primaryimage\"},\"thumbnailUrl\":\"https:\\\/\\\/www.iemj.org\\\/wp-content\\\/uploads\\\/2021\\\/10\\\/L_879_VIG-e1633343410133.jpg\",\"datePublished\":\"2021-10-04T11:03:51+00:00\",\"dateModified\":\"2025-10-16T16:00:12+00:00\",\"breadcrumb\":{\"@id\":\"https:\\\/\\\/www.iemj.org\\\/it\\\/dorothee-a-bikhele-lider\\\/#breadcrumb\"},\"inLanguage\":\"it-IT\",\"potentialAction\":[{\"@type\":\"ReadAction\",\"target\":[\"https:\\\/\\\/www.iemj.org\\\/it\\\/dorothee-a-bikhele-lider\\\/\"]}]},{\"@type\":\"ImageObject\",\"inLanguage\":\"it-IT\",\"@id\":\"https:\\\/\\\/www.iemj.org\\\/it\\\/dorothee-a-bikhele-lider\\\/#primaryimage\",\"url\":\"https:\\\/\\\/www.iemj.org\\\/wp-content\\\/uploads\\\/2021\\\/10\\\/L_879_VIG-e1633343410133.jpg\",\"contentUrl\":\"https:\\\/\\\/www.iemj.org\\\/wp-content\\\/uploads\\\/2021\\\/10\\\/L_879_VIG-e1633343410133.jpg\",\"width\":400,\"height\":514},{\"@type\":\"BreadcrumbList\",\"@id\":\"https:\\\/\\\/www.iemj.org\\\/it\\\/dorothee-a-bikhele-lider\\\/#breadcrumb\",\"itemListElement\":[{\"@type\":\"ListItem\",\"position\":1,\"name\":\"Accueil\",\"item\":\"https:\\\/\\\/www.iemj.org\\\/it\\\/\"},{\"@type\":\"ListItem\",\"position\":2,\"name\":\"Doroth\u00e9e &#8211; A bikhele Lider\"}]},{\"@type\":\"WebSite\",\"@id\":\"https:\\\/\\\/www.iemj.org\\\/it\\\/#website\",\"url\":\"https:\\\/\\\/www.iemj.org\\\/it\\\/\",\"name\":\"Institut Europ\u00e9en des Musiques Juives\",\"description\":\"Des traditions musicales \u00e0 la port\u00e9e de tous\",\"publisher\":{\"@id\":\"https:\\\/\\\/www.iemj.org\\\/it\\\/#organization\"},\"potentialAction\":[{\"@type\":\"SearchAction\",\"target\":{\"@type\":\"EntryPoint\",\"urlTemplate\":\"https:\\\/\\\/www.iemj.org\\\/it\\\/?s={search_term_string}\"},\"query-input\":{\"@type\":\"PropertyValueSpecification\",\"valueRequired\":true,\"valueName\":\"search_term_string\"}}],\"inLanguage\":\"it-IT\"},{\"@type\":\"Organization\",\"@id\":\"https:\\\/\\\/www.iemj.org\\\/it\\\/#organization\",\"name\":\"Institut Europ\u00e9en des Musiques Juives\",\"url\":\"https:\\\/\\\/www.iemj.org\\\/it\\\/\",\"logo\":{\"@type\":\"ImageObject\",\"inLanguage\":\"it-IT\",\"@id\":\"https:\\\/\\\/www.iemj.org\\\/it\\\/#\\\/schema\\\/logo\\\/image\\\/\",\"url\":\"https:\\\/\\\/www.iemj.org\\\/wp-content\\\/uploads\\\/2021\\\/09\\\/Logo-IEMJ-Paypal.jpg\",\"contentUrl\":\"https:\\\/\\\/www.iemj.org\\\/wp-content\\\/uploads\\\/2021\\\/09\\\/Logo-IEMJ-Paypal.jpg\",\"width\":150,\"height\":50,\"caption\":\"Institut Europ\u00e9en des Musiques Juives\"},\"image\":{\"@id\":\"https:\\\/\\\/www.iemj.org\\\/it\\\/#\\\/schema\\\/logo\\\/image\\\/\"},\"sameAs\":[\"https:\\\/\\\/www.facebook.com\\\/MusiquesJuives\\\/\",\"https:\\\/\\\/www.instagram.com\\\/musiquesjuives\\\/\",\"https:\\\/\\\/www.youtube.com\\\/user\\\/musiquesjuives\"]},{\"@type\":\"Person\",\"@id\":\"https:\\\/\\\/www.iemj.org\\\/it\\\/#\\\/schema\\\/person\\\/358e26c18aca017fcc4cc15437f7279c\",\"name\":\"Jacqueline ROTEN\",\"image\":{\"@type\":\"ImageObject\",\"inLanguage\":\"it-IT\",\"@id\":\"https:\\\/\\\/secure.gravatar.com\\\/avatar\\\/5964256d6c6957de3a3505278957e0fb2a35119ac47ea41827a65301213c810b?s=96&d=mm&r=g\",\"url\":\"https:\\\/\\\/secure.gravatar.com\\\/avatar\\\/5964256d6c6957de3a3505278957e0fb2a35119ac47ea41827a65301213c810b?s=96&d=mm&r=g\",\"contentUrl\":\"https:\\\/\\\/secure.gravatar.com\\\/avatar\\\/5964256d6c6957de3a3505278957e0fb2a35119ac47ea41827a65301213c810b?s=96&d=mm&r=g\",\"caption\":\"Jacqueline ROTEN\"}}]}<\/script>\n<!-- \/ Yoast SEO plugin. -->","yoast_head_json":{"title":"Doroth\u00e9e - A bikhele Lider - Institut Europ\u00e9en des Musiques Juives","robots":{"index":"index","follow":"follow","max-snippet":"max-snippet:-1","max-image-preview":"max-image-preview:large","max-video-preview":"max-video-preview:-1"},"canonical":"https:\/\/www.iemj.org\/it\/dorothee-a-bikhele-lider\/","og_locale":"it_IT","og_type":"article","og_title":"Doroth\u00e9e - A bikhele Lider - Institut Europ\u00e9en des Musiques Juives","og_description":"Omaggio a Doroth\u00e9e Vienney, professoressa di yiddish scomparsa il 23 febbraio 2021 all&#8217;et\u00e0 di 86 anni, questo bikhele lider (piccolo libro cantante) di Isabelle Georges \u00e8 un gioiello nella sua","og_url":"https:\/\/www.iemj.org\/it\/dorothee-a-bikhele-lider\/","og_site_name":"Institut Europ\u00e9en des Musiques Juives","article_publisher":"https:\/\/www.facebook.com\/MusiquesJuives\/","article_published_time":"2021-10-04T11:03:51+00:00","article_modified_time":"2025-10-16T16:00:12+00:00","og_image":[{"width":400,"height":514,"url":"https:\/\/www.iemj.org\/wp-content\/uploads\/2021\/10\/L_879_VIG-e1633343410133.jpg","type":"image\/jpeg"}],"author":"Jacqueline ROTEN","twitter_card":"summary_large_image","twitter_misc":{"Scritto da":"Jacqueline ROTEN","Tempo di lettura stimato":"3 minuti"},"schema":{"@context":"https:\/\/schema.org","@graph":[{"@type":"Article","@id":"https:\/\/www.iemj.org\/it\/dorothee-a-bikhele-lider\/#article","isPartOf":{"@id":"https:\/\/www.iemj.org\/it\/dorothee-a-bikhele-lider\/"},"author":{"name":"Jacqueline ROTEN","@id":"https:\/\/www.iemj.org\/it\/#\/schema\/person\/358e26c18aca017fcc4cc15437f7279c"},"headline":"Doroth\u00e9e &#8211; A bikhele Lider","datePublished":"2021-10-04T11:03:51+00:00","dateModified":"2025-10-16T16:00:12+00:00","mainEntityOfPage":{"@id":"https:\/\/www.iemj.org\/it\/dorothee-a-bikhele-lider\/"},"wordCount":396,"publisher":{"@id":"https:\/\/www.iemj.org\/it\/#organization"},"image":{"@id":"https:\/\/www.iemj.org\/it\/dorothee-a-bikhele-lider\/#primaryimage"},"thumbnailUrl":"https:\/\/www.iemj.org\/wp-content\/uploads\/2021\/10\/L_879_VIG-e1633343410133.jpg","articleSection":["CD","Libri, articoli","Ultimi acquisti"],"inLanguage":"it-IT"},{"@type":"WebPage","@id":"https:\/\/www.iemj.org\/it\/dorothee-a-bikhele-lider\/","url":"https:\/\/www.iemj.org\/it\/dorothee-a-bikhele-lider\/","name":"Doroth\u00e9e - A bikhele Lider - Institut Europ\u00e9en des Musiques Juives","isPartOf":{"@id":"https:\/\/www.iemj.org\/it\/#website"},"primaryImageOfPage":{"@id":"https:\/\/www.iemj.org\/it\/dorothee-a-bikhele-lider\/#primaryimage"},"image":{"@id":"https:\/\/www.iemj.org\/it\/dorothee-a-bikhele-lider\/#primaryimage"},"thumbnailUrl":"https:\/\/www.iemj.org\/wp-content\/uploads\/2021\/10\/L_879_VIG-e1633343410133.jpg","datePublished":"2021-10-04T11:03:51+00:00","dateModified":"2025-10-16T16:00:12+00:00","breadcrumb":{"@id":"https:\/\/www.iemj.org\/it\/dorothee-a-bikhele-lider\/#breadcrumb"},"inLanguage":"it-IT","potentialAction":[{"@type":"ReadAction","target":["https:\/\/www.iemj.org\/it\/dorothee-a-bikhele-lider\/"]}]},{"@type":"ImageObject","inLanguage":"it-IT","@id":"https:\/\/www.iemj.org\/it\/dorothee-a-bikhele-lider\/#primaryimage","url":"https:\/\/www.iemj.org\/wp-content\/uploads\/2021\/10\/L_879_VIG-e1633343410133.jpg","contentUrl":"https:\/\/www.iemj.org\/wp-content\/uploads\/2021\/10\/L_879_VIG-e1633343410133.jpg","width":400,"height":514},{"@type":"BreadcrumbList","@id":"https:\/\/www.iemj.org\/it\/dorothee-a-bikhele-lider\/#breadcrumb","itemListElement":[{"@type":"ListItem","position":1,"name":"Accueil","item":"https:\/\/www.iemj.org\/it\/"},{"@type":"ListItem","position":2,"name":"Doroth\u00e9e &#8211; A bikhele Lider"}]},{"@type":"WebSite","@id":"https:\/\/www.iemj.org\/it\/#website","url":"https:\/\/www.iemj.org\/it\/","name":"Institut Europ\u00e9en des Musiques Juives","description":"Des traditions musicales \u00e0 la port\u00e9e de tous","publisher":{"@id":"https:\/\/www.iemj.org\/it\/#organization"},"potentialAction":[{"@type":"SearchAction","target":{"@type":"EntryPoint","urlTemplate":"https:\/\/www.iemj.org\/it\/?s={search_term_string}"},"query-input":{"@type":"PropertyValueSpecification","valueRequired":true,"valueName":"search_term_string"}}],"inLanguage":"it-IT"},{"@type":"Organization","@id":"https:\/\/www.iemj.org\/it\/#organization","name":"Institut Europ\u00e9en des Musiques Juives","url":"https:\/\/www.iemj.org\/it\/","logo":{"@type":"ImageObject","inLanguage":"it-IT","@id":"https:\/\/www.iemj.org\/it\/#\/schema\/logo\/image\/","url":"https:\/\/www.iemj.org\/wp-content\/uploads\/2021\/09\/Logo-IEMJ-Paypal.jpg","contentUrl":"https:\/\/www.iemj.org\/wp-content\/uploads\/2021\/09\/Logo-IEMJ-Paypal.jpg","width":150,"height":50,"caption":"Institut Europ\u00e9en des Musiques Juives"},"image":{"@id":"https:\/\/www.iemj.org\/it\/#\/schema\/logo\/image\/"},"sameAs":["https:\/\/www.facebook.com\/MusiquesJuives\/","https:\/\/www.instagram.com\/musiquesjuives\/","https:\/\/www.youtube.com\/user\/musiquesjuives"]},{"@type":"Person","@id":"https:\/\/www.iemj.org\/it\/#\/schema\/person\/358e26c18aca017fcc4cc15437f7279c","name":"Jacqueline ROTEN","image":{"@type":"ImageObject","inLanguage":"it-IT","@id":"https:\/\/secure.gravatar.com\/avatar\/5964256d6c6957de3a3505278957e0fb2a35119ac47ea41827a65301213c810b?s=96&d=mm&r=g","url":"https:\/\/secure.gravatar.com\/avatar\/5964256d6c6957de3a3505278957e0fb2a35119ac47ea41827a65301213c810b?s=96&d=mm&r=g","contentUrl":"https:\/\/secure.gravatar.com\/avatar\/5964256d6c6957de3a3505278957e0fb2a35119ac47ea41827a65301213c810b?s=96&d=mm&r=g","caption":"Jacqueline ROTEN"}}]}},"_links":{"self":[{"href":"https:\/\/www.iemj.org\/it\/wp-json\/wp\/v2\/posts\/70256","targetHints":{"allow":["GET"]}}],"collection":[{"href":"https:\/\/www.iemj.org\/it\/wp-json\/wp\/v2\/posts"}],"about":[{"href":"https:\/\/www.iemj.org\/it\/wp-json\/wp\/v2\/types\/post"}],"author":[{"embeddable":true,"href":"https:\/\/www.iemj.org\/it\/wp-json\/wp\/v2\/users\/5"}],"replies":[{"embeddable":true,"href":"https:\/\/www.iemj.org\/it\/wp-json\/wp\/v2\/comments?post=70256"}],"version-history":[{"count":1,"href":"https:\/\/www.iemj.org\/it\/wp-json\/wp\/v2\/posts\/70256\/revisions"}],"predecessor-version":[{"id":127081,"href":"https:\/\/www.iemj.org\/it\/wp-json\/wp\/v2\/posts\/70256\/revisions\/127081"}],"wp:featuredmedia":[{"embeddable":true,"href":"https:\/\/www.iemj.org\/it\/wp-json\/wp\/v2\/media\/68678"}],"wp:attachment":[{"href":"https:\/\/www.iemj.org\/it\/wp-json\/wp\/v2\/media?parent=70256"}],"wp:term":[{"taxonomy":"category","embeddable":true,"href":"https:\/\/www.iemj.org\/it\/wp-json\/wp\/v2\/categories?post=70256"},{"taxonomy":"post_tag","embeddable":true,"href":"https:\/\/www.iemj.org\/it\/wp-json\/wp\/v2\/tags?post=70256"},{"taxonomy":"technique","embeddable":true,"href":"https:\/\/www.iemj.org\/it\/wp-json\/wp\/v2\/technique?post=70256"},{"taxonomy":"squelettes","embeddable":true,"href":"https:\/\/www.iemj.org\/it\/wp-json\/wp\/v2\/squelettes?post=70256"},{"taxonomy":"sujet","embeddable":true,"href":"https:\/\/www.iemj.org\/it\/wp-json\/wp\/v2\/sujet?post=70256"},{"taxonomy":"formation","embeddable":true,"href":"https:\/\/www.iemj.org\/it\/wp-json\/wp\/v2\/formation?post=70256"},{"taxonomy":"genre","embeddable":true,"href":"https:\/\/www.iemj.org\/it\/wp-json\/wp\/v2\/genre?post=70256"},{"taxonomy":"fonds","embeddable":true,"href":"https:\/\/www.iemj.org\/it\/wp-json\/wp\/v2\/fonds?post=70256"},{"taxonomy":"tradition","embeddable":true,"href":"https:\/\/www.iemj.org\/it\/wp-json\/wp\/v2\/tradition?post=70256"},{"taxonomy":"type-de-contenu","embeddable":true,"href":"https:\/\/www.iemj.org\/it\/wp-json\/wp\/v2\/type-de-contenu?post=70256"},{"taxonomy":"interprete-compositeur","embeddable":true,"href":"https:\/\/www.iemj.org\/it\/wp-json\/wp\/v2\/interprete-compositeur?post=70256"},{"taxonomy":"frise","embeddable":true,"href":"https:\/\/www.iemj.org\/it\/wp-json\/wp\/v2\/frise?post=70256"},{"taxonomy":"type-devenement","embeddable":true,"href":"https:\/\/www.iemj.org\/it\/wp-json\/wp\/v2\/type-devenement?post=70256"},{"taxonomy":"tableaux-liens-externes","embeddable":true,"href":"https:\/\/www.iemj.org\/it\/wp-json\/wp\/v2\/tableaux-liens-externes?post=70256"}],"curies":[{"name":"wp","href":"https:\/\/api.w.org\/{rel}","templated":true}]}}