{"id":70324,"date":"2017-10-03T17:32:32","date_gmt":"2017-10-03T15:32:32","guid":{"rendered":"https:\/\/www.iemj.org\/israel-lovy-1773-1852\/"},"modified":"2025-06-19T15:19:19","modified_gmt":"2025-06-19T13:19:19","slug":"israel-lovy-1773-1852","status":"publish","type":"post","link":"https:\/\/www.iemj.org\/it\/israel-lovy-1773-1852\/","title":{"rendered":"Isra\u00ebl Lovy (1773-1832)"},"content":{"rendered":"<p class=\"post_excerpt\"><strong>Ascoltate le opere di Isra\u00ebl Lovy, iniziatore della riforma del culto ebraico francese all&#8217;inizio del XIX secolo<\/strong><\/p>\n<p><!--more--><\/p>\n<p>Discendente da una stirpe di cantori polacchi e di Pomerania, Israel Lovy, nato il 31 agosto 1773 vicino a Danzica (Germania) fu uno dei precursori della riforma del culto ebraico francese.<\/p>\n<p>Assunto nel 1818 dal Consistoire de Paris, poi assunto come ministro officiante capo del nuovo tempio in rue Notre Dame de Nazareth nel 1822, Isra\u00ebl Lovy struttur\u00f2 per 10 anni il culto musicale del primo tempio concistoriale di Parigi, introducendo numerosi elementi musicali riferibili alla musica classica (canto corale polifonico, accompagnamento di organo, regolazione del cerimoniale, composizione di nuovi canti in maggiore o minore, ecc.)<\/p>\n<p>Soffrendo di una malattia di petto, mor\u00ec prematuramente il 7 gennaio 1832, all&#8217;et\u00e0 di 59 anni.<\/p>\n<p>Secondo suo nipote Eugene Emmanuel, Israel Lovy cre\u00f2 per il nuovo concistoro \u00ab un coro composto da quindici o venti bambini, ai quali aggiungeva i suoi aiutanti-cantori. Oltre alle melodie che aveva portato dalla Germania, compose nuovi canti per tutte le cerimonie. Nello stesso tempo, contribu\u00ec, in accordo con i notabili del Concistoro, a regolare il cerimoniale della lettura dei libri sacri, l&#8217;uscita del Pentateuco e quello delle grandi feste dell&#8217;anno. \u00bb*<\/p>\n<p><a href=\"https:\/\/www.iemj.org\/it\/lovy-israel-1773-1832\/\">Consultare la biografia completa di Isra\u00ebl Lovy<\/a><\/p>\n<hr \/>\n<p>* <em>Vedere<\/em> Eug\u00e8ne Manuel, Nota biografica su Isra\u00ebl Lovy, che serve da prefazione alla raccolta Chants religieux compos\u00e9s pour les pri\u00e8res h\u00e9bra\u00efques par I. L., ancien ministre-officiant du Temple Isra\u00e9lite de Paris, pubblicata dalla sua famiglia, Paris, \u00e0 l&#8217;administration du Temple Isra\u00e9lite de Paris et au M\u00e9nestrel, 1862, 159 p.<\/p>\n\n<div class=\"wp-block-image\">\n<figure class=\"aligncenter size-large\"><img fetchpriority=\"high\" decoding=\"async\" width=\"1024\" height=\"133\" src=\"https:\/\/www.iemj.org\/wp-content\/uploads\/2024\/03\/AUDIO-PLAYER-1024x133.png\" alt=\"\" class=\"wp-image-110609\" srcset=\"https:\/\/www.iemj.org\/wp-content\/uploads\/2024\/03\/AUDIO-PLAYER-1024x133.png 1024w, https:\/\/www.iemj.org\/wp-content\/uploads\/2024\/03\/AUDIO-PLAYER-300x39.png 300w, https:\/\/www.iemj.org\/wp-content\/uploads\/2024\/03\/AUDIO-PLAYER-768x100.png 768w, https:\/\/www.iemj.org\/wp-content\/uploads\/2024\/03\/AUDIO-PLAYER-600x78.png 600w, https:\/\/www.iemj.org\/wp-content\/uploads\/2024\/03\/AUDIO-PLAYER.png 1210w\" sizes=\"(max-width: 1024px) 100vw, 1024px\" \/><\/figure>\n<\/div>\n\n\n<h2 class=\"wp-block-heading\"><\/h2>\n\n\n\n<div class=\"wp-block-file\"><a id=\"wp-block-file--media-51bb99a3-b122-41d7-abe0-f9373171565f\" href=\"https:\/\/www.iemj.org\/wp-content\/uploads\/2022\/04\/1-Ato-Hou_Lovy-Israel_Marcel-Lorand-et-le-choeur-de-la-synagogue-de-Strasbourg_T.mp3\">Ato Hou_Lovy Israel_Marcel Lorand et le choeur de la synagogue de Strasbourg<\/a><\/div>\n\n\n\n<div class=\"wp-block-file\"><a id=\"wp-block-file--media-e340eedd-c96b-4244-bb38-cda36c5136f9\" href=\"https:\/\/www.iemj.org\/wp-content\/uploads\/2017\/10\/2-berouchim_lovy_israel_michel_heymann.mp3\">Berouchim_Lovy Israel_Michel Heymann<\/a><\/div>\n\n\n\n<div class=\"wp-block-file\"><a id=\"wp-block-file--media-c6980843-6a02-45b6-98ce-eae794e500c5\" href=\"https:\/\/www.iemj.org\/wp-content\/uploads\/2017\/10\/3-leel_aulom_lovy_israel_michel_heymann.mp3\">Leel Aulom_Lovy Israel_Michel Heymann<\/a><\/div>\n\n\n\n<div class=\"wp-block-file\"><a id=\"wp-block-file--media-04f0f4b8-837c-49f0-aceb-38f65035e357\" href=\"https:\/\/www.iemj.org\/wp-content\/uploads\/2017\/10\/4-ochamnou_lovy_israel_michel_heymann.mp3\">Ochamnou_Lovy Israel_Michel Heymann<\/a><\/div>\n\n\n\n<div class=\"wp-block-file\"><a id=\"wp-block-file--media-e5129005-7664-4ead-ab3a-908b6faf5b4d\" href=\"https:\/\/www.iemj.org\/wp-content\/uploads\/2017\/10\/5-yigdal_lovy_israel_michel_heymann.mp3\">Yigdal_Lovy Israel_Michel Heymann<\/a><\/div>\n\n\n\n<div class=\"wp-block-file\"><a id=\"wp-block-file--media-9c534ef9-e292-4032-b719-cf17ab43c808\" href=\"https:\/\/www.iemj.org\/wp-content\/uploads\/2017\/10\/6-ki_kechimho_lovy_israel_hector_sabo_polyphonie_hebraiques_de_strasbourg.mp3\">Ki kechimho_Lovy Israel_Hector Sabo_polyphonie hebraiques de Strasbourg<\/a><\/div>\n","protected":false},"excerpt":{"rendered":"<p>Ascoltate le opere di Isra\u00ebl Lovy, iniziatore della riforma del culto ebraico francese all&#8217;inizio del XIX secolo<\/p>\n","protected":false},"author":1045,"featured_media":70325,"comment_status":"closed","ping_status":"open","sticky":false,"template":"","format":"standard","meta":{"_acf_changed":false,"footnotes":""},"categories":[1536],"tags":[],"technique":[],"squelettes":[],"sujet":[],"formation":[],"genre":[1892],"fonds":[],"tradition":[1984],"type-de-contenu":[],"interprete-compositeur":[],"frise":[],"type-devenement":[],"tableaux-liens-externes":[],"class_list":["post-70324","post","type-post","status-publish","format-standard","has-post-thumbnail","hentry","category-playlist-it","genre-liturgia-it","tradition-rito-ashkenazita-it"],"acf":[],"yoast_head":"<!-- This site is optimized with the Yoast SEO plugin v27.3 - https:\/\/yoast.com\/product\/yoast-seo-wordpress\/ -->\n<title>Isra\u00ebl Lovy (1773-1832) - Institut Europ\u00e9en des Musiques Juives<\/title>\n<meta name=\"robots\" content=\"index, follow, max-snippet:-1, max-image-preview:large, max-video-preview:-1\" \/>\n<link rel=\"canonical\" href=\"https:\/\/www.iemj.org\/it\/israel-lovy-1773-1852\/\" \/>\n<meta property=\"og:locale\" content=\"it_IT\" \/>\n<meta property=\"og:type\" content=\"article\" \/>\n<meta property=\"og:title\" content=\"Isra\u00ebl Lovy (1773-1832) - Institut Europ\u00e9en des Musiques Juives\" \/>\n<meta property=\"og:description\" content=\"Ascoltate le opere di Isra\u00ebl Lovy, iniziatore della riforma del culto ebraico francese all&#8217;inizio del XIX secolo\" \/>\n<meta property=\"og:url\" content=\"https:\/\/www.iemj.org\/it\/israel-lovy-1773-1852\/\" \/>\n<meta property=\"og:site_name\" content=\"Institut Europ\u00e9en des Musiques Juives\" \/>\n<meta property=\"article:publisher\" content=\"https:\/\/www.facebook.com\/MusiquesJuives\/\" \/>\n<meta property=\"article:published_time\" content=\"2017-10-03T15:32:32+00:00\" \/>\n<meta property=\"article:modified_time\" content=\"2025-06-19T13:19:19+00:00\" \/>\n<meta property=\"og:image\" content=\"https:\/\/www.iemj.org\/wp-content\/uploads\/2017\/10\/arton2503.jpg\" \/>\n\t<meta property=\"og:image:width\" content=\"400\" \/>\n\t<meta property=\"og:image:height\" content=\"540\" \/>\n\t<meta property=\"og:image:type\" content=\"image\/jpeg\" \/>\n<meta name=\"author\" content=\"Herv\u00e9 Roten\" \/>\n<meta name=\"twitter:card\" content=\"summary_large_image\" \/>\n<meta name=\"twitter:label1\" content=\"Scritto da\" \/>\n\t<meta name=\"twitter:data1\" content=\"Herv\u00e9 Roten\" \/>\n\t<meta name=\"twitter:label2\" content=\"Tempo di lettura stimato\" \/>\n\t<meta name=\"twitter:data2\" content=\"2 minuti\" \/>\n<script type=\"application\/ld+json\" class=\"yoast-schema-graph\">{\"@context\":\"https:\\\/\\\/schema.org\",\"@graph\":[{\"@type\":\"Article\",\"@id\":\"https:\\\/\\\/www.iemj.org\\\/it\\\/israel-lovy-1773-1852\\\/#article\",\"isPartOf\":{\"@id\":\"https:\\\/\\\/www.iemj.org\\\/it\\\/israel-lovy-1773-1852\\\/\"},\"author\":{\"name\":\"Herv\u00e9 Roten\",\"@id\":\"https:\\\/\\\/www.iemj.org\\\/it\\\/#\\\/schema\\\/person\\\/906134402c29d5c76e7b726261dd4bbd\"},\"headline\":\"Isra\u00ebl Lovy (1773-1832)\",\"datePublished\":\"2017-10-03T15:32:32+00:00\",\"dateModified\":\"2025-06-19T13:19:19+00:00\",\"mainEntityOfPage\":{\"@id\":\"https:\\\/\\\/www.iemj.org\\\/it\\\/israel-lovy-1773-1852\\\/\"},\"wordCount\":310,\"publisher\":{\"@id\":\"https:\\\/\\\/www.iemj.org\\\/it\\\/#organization\"},\"image\":{\"@id\":\"https:\\\/\\\/www.iemj.org\\\/it\\\/israel-lovy-1773-1852\\\/#primaryimage\"},\"thumbnailUrl\":\"https:\\\/\\\/www.iemj.org\\\/wp-content\\\/uploads\\\/2017\\\/10\\\/arton2503.jpg\",\"articleSection\":[\"Playlist\"],\"inLanguage\":\"it-IT\"},{\"@type\":\"WebPage\",\"@id\":\"https:\\\/\\\/www.iemj.org\\\/it\\\/israel-lovy-1773-1852\\\/\",\"url\":\"https:\\\/\\\/www.iemj.org\\\/it\\\/israel-lovy-1773-1852\\\/\",\"name\":\"Isra\u00ebl Lovy (1773-1832) - Institut Europ\u00e9en des Musiques Juives\",\"isPartOf\":{\"@id\":\"https:\\\/\\\/www.iemj.org\\\/it\\\/#website\"},\"primaryImageOfPage\":{\"@id\":\"https:\\\/\\\/www.iemj.org\\\/it\\\/israel-lovy-1773-1852\\\/#primaryimage\"},\"image\":{\"@id\":\"https:\\\/\\\/www.iemj.org\\\/it\\\/israel-lovy-1773-1852\\\/#primaryimage\"},\"thumbnailUrl\":\"https:\\\/\\\/www.iemj.org\\\/wp-content\\\/uploads\\\/2017\\\/10\\\/arton2503.jpg\",\"datePublished\":\"2017-10-03T15:32:32+00:00\",\"dateModified\":\"2025-06-19T13:19:19+00:00\",\"breadcrumb\":{\"@id\":\"https:\\\/\\\/www.iemj.org\\\/it\\\/israel-lovy-1773-1852\\\/#breadcrumb\"},\"inLanguage\":\"it-IT\",\"potentialAction\":[{\"@type\":\"ReadAction\",\"target\":[\"https:\\\/\\\/www.iemj.org\\\/it\\\/israel-lovy-1773-1852\\\/\"]}]},{\"@type\":\"ImageObject\",\"inLanguage\":\"it-IT\",\"@id\":\"https:\\\/\\\/www.iemj.org\\\/it\\\/israel-lovy-1773-1852\\\/#primaryimage\",\"url\":\"https:\\\/\\\/www.iemj.org\\\/wp-content\\\/uploads\\\/2017\\\/10\\\/arton2503.jpg\",\"contentUrl\":\"https:\\\/\\\/www.iemj.org\\\/wp-content\\\/uploads\\\/2017\\\/10\\\/arton2503.jpg\",\"width\":400,\"height\":540},{\"@type\":\"BreadcrumbList\",\"@id\":\"https:\\\/\\\/www.iemj.org\\\/it\\\/israel-lovy-1773-1852\\\/#breadcrumb\",\"itemListElement\":[{\"@type\":\"ListItem\",\"position\":1,\"name\":\"Accueil\",\"item\":\"https:\\\/\\\/www.iemj.org\\\/it\\\/\"},{\"@type\":\"ListItem\",\"position\":2,\"name\":\"Isra\u00ebl Lovy (1773-1832)\"}]},{\"@type\":\"WebSite\",\"@id\":\"https:\\\/\\\/www.iemj.org\\\/it\\\/#website\",\"url\":\"https:\\\/\\\/www.iemj.org\\\/it\\\/\",\"name\":\"Institut Europ\u00e9en des Musiques Juives\",\"description\":\"Des traditions musicales \u00e0 la port\u00e9e de tous\",\"publisher\":{\"@id\":\"https:\\\/\\\/www.iemj.org\\\/it\\\/#organization\"},\"potentialAction\":[{\"@type\":\"SearchAction\",\"target\":{\"@type\":\"EntryPoint\",\"urlTemplate\":\"https:\\\/\\\/www.iemj.org\\\/it\\\/?s={search_term_string}\"},\"query-input\":{\"@type\":\"PropertyValueSpecification\",\"valueRequired\":true,\"valueName\":\"search_term_string\"}}],\"inLanguage\":\"it-IT\"},{\"@type\":\"Organization\",\"@id\":\"https:\\\/\\\/www.iemj.org\\\/it\\\/#organization\",\"name\":\"Institut Europ\u00e9en des Musiques Juives\",\"url\":\"https:\\\/\\\/www.iemj.org\\\/it\\\/\",\"logo\":{\"@type\":\"ImageObject\",\"inLanguage\":\"it-IT\",\"@id\":\"https:\\\/\\\/www.iemj.org\\\/it\\\/#\\\/schema\\\/logo\\\/image\\\/\",\"url\":\"https:\\\/\\\/www.iemj.org\\\/wp-content\\\/uploads\\\/2021\\\/09\\\/Logo-IEMJ-Paypal.jpg\",\"contentUrl\":\"https:\\\/\\\/www.iemj.org\\\/wp-content\\\/uploads\\\/2021\\\/09\\\/Logo-IEMJ-Paypal.jpg\",\"width\":150,\"height\":50,\"caption\":\"Institut Europ\u00e9en des Musiques Juives\"},\"image\":{\"@id\":\"https:\\\/\\\/www.iemj.org\\\/it\\\/#\\\/schema\\\/logo\\\/image\\\/\"},\"sameAs\":[\"https:\\\/\\\/www.facebook.com\\\/MusiquesJuives\\\/\",\"https:\\\/\\\/www.instagram.com\\\/musiquesjuives\\\/\",\"https:\\\/\\\/www.youtube.com\\\/user\\\/musiquesjuives\"]},{\"@type\":\"Person\",\"@id\":\"https:\\\/\\\/www.iemj.org\\\/it\\\/#\\\/schema\\\/person\\\/906134402c29d5c76e7b726261dd4bbd\",\"name\":\"Herv\u00e9 Roten\",\"image\":{\"@type\":\"ImageObject\",\"inLanguage\":\"it-IT\",\"@id\":\"https:\\\/\\\/secure.gravatar.com\\\/avatar\\\/f96ad2db538a26481f18384936b5cd0610c92d390c4dc382209216d455f685ff?s=96&d=mm&r=g\",\"url\":\"https:\\\/\\\/secure.gravatar.com\\\/avatar\\\/f96ad2db538a26481f18384936b5cd0610c92d390c4dc382209216d455f685ff?s=96&d=mm&r=g\",\"contentUrl\":\"https:\\\/\\\/secure.gravatar.com\\\/avatar\\\/f96ad2db538a26481f18384936b5cd0610c92d390c4dc382209216d455f685ff?s=96&d=mm&r=g\",\"caption\":\"Herv\u00e9 Roten\"}}]}<\/script>\n<!-- \/ Yoast SEO plugin. -->","yoast_head_json":{"title":"Isra\u00ebl Lovy (1773-1832) - Institut Europ\u00e9en des Musiques Juives","robots":{"index":"index","follow":"follow","max-snippet":"max-snippet:-1","max-image-preview":"max-image-preview:large","max-video-preview":"max-video-preview:-1"},"canonical":"https:\/\/www.iemj.org\/it\/israel-lovy-1773-1852\/","og_locale":"it_IT","og_type":"article","og_title":"Isra\u00ebl Lovy (1773-1832) - Institut Europ\u00e9en des Musiques Juives","og_description":"Ascoltate le opere di Isra\u00ebl Lovy, iniziatore della riforma del culto ebraico francese all&#8217;inizio del XIX secolo","og_url":"https:\/\/www.iemj.org\/it\/israel-lovy-1773-1852\/","og_site_name":"Institut Europ\u00e9en des Musiques Juives","article_publisher":"https:\/\/www.facebook.com\/MusiquesJuives\/","article_published_time":"2017-10-03T15:32:32+00:00","article_modified_time":"2025-06-19T13:19:19+00:00","og_image":[{"width":400,"height":540,"url":"https:\/\/www.iemj.org\/wp-content\/uploads\/2017\/10\/arton2503.jpg","type":"image\/jpeg"}],"author":"Herv\u00e9 Roten","twitter_card":"summary_large_image","twitter_misc":{"Scritto da":"Herv\u00e9 Roten","Tempo di lettura stimato":"2 minuti"},"schema":{"@context":"https:\/\/schema.org","@graph":[{"@type":"Article","@id":"https:\/\/www.iemj.org\/it\/israel-lovy-1773-1852\/#article","isPartOf":{"@id":"https:\/\/www.iemj.org\/it\/israel-lovy-1773-1852\/"},"author":{"name":"Herv\u00e9 Roten","@id":"https:\/\/www.iemj.org\/it\/#\/schema\/person\/906134402c29d5c76e7b726261dd4bbd"},"headline":"Isra\u00ebl Lovy (1773-1832)","datePublished":"2017-10-03T15:32:32+00:00","dateModified":"2025-06-19T13:19:19+00:00","mainEntityOfPage":{"@id":"https:\/\/www.iemj.org\/it\/israel-lovy-1773-1852\/"},"wordCount":310,"publisher":{"@id":"https:\/\/www.iemj.org\/it\/#organization"},"image":{"@id":"https:\/\/www.iemj.org\/it\/israel-lovy-1773-1852\/#primaryimage"},"thumbnailUrl":"https:\/\/www.iemj.org\/wp-content\/uploads\/2017\/10\/arton2503.jpg","articleSection":["Playlist"],"inLanguage":"it-IT"},{"@type":"WebPage","@id":"https:\/\/www.iemj.org\/it\/israel-lovy-1773-1852\/","url":"https:\/\/www.iemj.org\/it\/israel-lovy-1773-1852\/","name":"Isra\u00ebl Lovy (1773-1832) - Institut Europ\u00e9en des Musiques Juives","isPartOf":{"@id":"https:\/\/www.iemj.org\/it\/#website"},"primaryImageOfPage":{"@id":"https:\/\/www.iemj.org\/it\/israel-lovy-1773-1852\/#primaryimage"},"image":{"@id":"https:\/\/www.iemj.org\/it\/israel-lovy-1773-1852\/#primaryimage"},"thumbnailUrl":"https:\/\/www.iemj.org\/wp-content\/uploads\/2017\/10\/arton2503.jpg","datePublished":"2017-10-03T15:32:32+00:00","dateModified":"2025-06-19T13:19:19+00:00","breadcrumb":{"@id":"https:\/\/www.iemj.org\/it\/israel-lovy-1773-1852\/#breadcrumb"},"inLanguage":"it-IT","potentialAction":[{"@type":"ReadAction","target":["https:\/\/www.iemj.org\/it\/israel-lovy-1773-1852\/"]}]},{"@type":"ImageObject","inLanguage":"it-IT","@id":"https:\/\/www.iemj.org\/it\/israel-lovy-1773-1852\/#primaryimage","url":"https:\/\/www.iemj.org\/wp-content\/uploads\/2017\/10\/arton2503.jpg","contentUrl":"https:\/\/www.iemj.org\/wp-content\/uploads\/2017\/10\/arton2503.jpg","width":400,"height":540},{"@type":"BreadcrumbList","@id":"https:\/\/www.iemj.org\/it\/israel-lovy-1773-1852\/#breadcrumb","itemListElement":[{"@type":"ListItem","position":1,"name":"Accueil","item":"https:\/\/www.iemj.org\/it\/"},{"@type":"ListItem","position":2,"name":"Isra\u00ebl Lovy (1773-1832)"}]},{"@type":"WebSite","@id":"https:\/\/www.iemj.org\/it\/#website","url":"https:\/\/www.iemj.org\/it\/","name":"Institut Europ\u00e9en des Musiques Juives","description":"Des traditions musicales \u00e0 la port\u00e9e de tous","publisher":{"@id":"https:\/\/www.iemj.org\/it\/#organization"},"potentialAction":[{"@type":"SearchAction","target":{"@type":"EntryPoint","urlTemplate":"https:\/\/www.iemj.org\/it\/?s={search_term_string}"},"query-input":{"@type":"PropertyValueSpecification","valueRequired":true,"valueName":"search_term_string"}}],"inLanguage":"it-IT"},{"@type":"Organization","@id":"https:\/\/www.iemj.org\/it\/#organization","name":"Institut Europ\u00e9en des Musiques Juives","url":"https:\/\/www.iemj.org\/it\/","logo":{"@type":"ImageObject","inLanguage":"it-IT","@id":"https:\/\/www.iemj.org\/it\/#\/schema\/logo\/image\/","url":"https:\/\/www.iemj.org\/wp-content\/uploads\/2021\/09\/Logo-IEMJ-Paypal.jpg","contentUrl":"https:\/\/www.iemj.org\/wp-content\/uploads\/2021\/09\/Logo-IEMJ-Paypal.jpg","width":150,"height":50,"caption":"Institut Europ\u00e9en des Musiques Juives"},"image":{"@id":"https:\/\/www.iemj.org\/it\/#\/schema\/logo\/image\/"},"sameAs":["https:\/\/www.facebook.com\/MusiquesJuives\/","https:\/\/www.instagram.com\/musiquesjuives\/","https:\/\/www.youtube.com\/user\/musiquesjuives"]},{"@type":"Person","@id":"https:\/\/www.iemj.org\/it\/#\/schema\/person\/906134402c29d5c76e7b726261dd4bbd","name":"Herv\u00e9 Roten","image":{"@type":"ImageObject","inLanguage":"it-IT","@id":"https:\/\/secure.gravatar.com\/avatar\/f96ad2db538a26481f18384936b5cd0610c92d390c4dc382209216d455f685ff?s=96&d=mm&r=g","url":"https:\/\/secure.gravatar.com\/avatar\/f96ad2db538a26481f18384936b5cd0610c92d390c4dc382209216d455f685ff?s=96&d=mm&r=g","contentUrl":"https:\/\/secure.gravatar.com\/avatar\/f96ad2db538a26481f18384936b5cd0610c92d390c4dc382209216d455f685ff?s=96&d=mm&r=g","caption":"Herv\u00e9 Roten"}}]}},"_links":{"self":[{"href":"https:\/\/www.iemj.org\/it\/wp-json\/wp\/v2\/posts\/70324","targetHints":{"allow":["GET"]}}],"collection":[{"href":"https:\/\/www.iemj.org\/it\/wp-json\/wp\/v2\/posts"}],"about":[{"href":"https:\/\/www.iemj.org\/it\/wp-json\/wp\/v2\/types\/post"}],"author":[{"embeddable":true,"href":"https:\/\/www.iemj.org\/it\/wp-json\/wp\/v2\/users\/1045"}],"replies":[{"embeddable":true,"href":"https:\/\/www.iemj.org\/it\/wp-json\/wp\/v2\/comments?post=70324"}],"version-history":[{"count":0,"href":"https:\/\/www.iemj.org\/it\/wp-json\/wp\/v2\/posts\/70324\/revisions"}],"wp:featuredmedia":[{"embeddable":true,"href":"https:\/\/www.iemj.org\/it\/wp-json\/wp\/v2\/media\/70325"}],"wp:attachment":[{"href":"https:\/\/www.iemj.org\/it\/wp-json\/wp\/v2\/media?parent=70324"}],"wp:term":[{"taxonomy":"category","embeddable":true,"href":"https:\/\/www.iemj.org\/it\/wp-json\/wp\/v2\/categories?post=70324"},{"taxonomy":"post_tag","embeddable":true,"href":"https:\/\/www.iemj.org\/it\/wp-json\/wp\/v2\/tags?post=70324"},{"taxonomy":"technique","embeddable":true,"href":"https:\/\/www.iemj.org\/it\/wp-json\/wp\/v2\/technique?post=70324"},{"taxonomy":"squelettes","embeddable":true,"href":"https:\/\/www.iemj.org\/it\/wp-json\/wp\/v2\/squelettes?post=70324"},{"taxonomy":"sujet","embeddable":true,"href":"https:\/\/www.iemj.org\/it\/wp-json\/wp\/v2\/sujet?post=70324"},{"taxonomy":"formation","embeddable":true,"href":"https:\/\/www.iemj.org\/it\/wp-json\/wp\/v2\/formation?post=70324"},{"taxonomy":"genre","embeddable":true,"href":"https:\/\/www.iemj.org\/it\/wp-json\/wp\/v2\/genre?post=70324"},{"taxonomy":"fonds","embeddable":true,"href":"https:\/\/www.iemj.org\/it\/wp-json\/wp\/v2\/fonds?post=70324"},{"taxonomy":"tradition","embeddable":true,"href":"https:\/\/www.iemj.org\/it\/wp-json\/wp\/v2\/tradition?post=70324"},{"taxonomy":"type-de-contenu","embeddable":true,"href":"https:\/\/www.iemj.org\/it\/wp-json\/wp\/v2\/type-de-contenu?post=70324"},{"taxonomy":"interprete-compositeur","embeddable":true,"href":"https:\/\/www.iemj.org\/it\/wp-json\/wp\/v2\/interprete-compositeur?post=70324"},{"taxonomy":"frise","embeddable":true,"href":"https:\/\/www.iemj.org\/it\/wp-json\/wp\/v2\/frise?post=70324"},{"taxonomy":"type-devenement","embeddable":true,"href":"https:\/\/www.iemj.org\/it\/wp-json\/wp\/v2\/type-devenement?post=70324"},{"taxonomy":"tableaux-liens-externes","embeddable":true,"href":"https:\/\/www.iemj.org\/it\/wp-json\/wp\/v2\/tableaux-liens-externes?post=70324"}],"curies":[{"name":"wp","href":"https:\/\/api.w.org\/{rel}","templated":true}]}}