{"id":70615,"date":"2021-11-02T16:12:54","date_gmt":"2021-11-02T15:12:54","guid":{"rendered":"https:\/\/www.iemj.org\/soul-of-yiddish\/"},"modified":"2025-10-19T18:25:29","modified_gmt":"2025-10-19T16:25:29","slug":"soul-of-yiddish","status":"publish","type":"post","link":"https:\/\/www.iemj.org\/it\/soul-of-yiddish\/","title":{"rendered":"Soul of Yiddish"},"content":{"rendered":"<p>Evolvendosi tra il suo amore per la musica classica e il repertorio popolare dell&#8217;Europa dell&#8217;Est dove ha le sue radici, <strong>No\u00ebmi Waysfeld<\/strong> ha concepito un percorso musicale che le permette di collegare queste due fonti. <em>Soul of Yiddish<\/em>, pubblicato nel marzo 2021 da AWZ, ci porta nella bellezza malinconica delle canzoni tradizionali yiddish, mescolate a composizioni originali su dei testi della poetessa <strong>Rivka Kope<\/strong> (1910-1995), oltre ad una rivisitazione in yiddish della canzone <em>A peine<\/em> di Barbara.<\/p>\n<p>No\u00ebmi Waysfeld ha cantato molte volte sull&#8217; assenza e sulla perdita. Le canzoni dei prigionieri russi in Siberia in <em>Kalyma<\/em> (2012), la malinconia del fado portoghese in <em>Alfama<\/em> (2015), e la solitudine della perdita di una persona cara in <em>Zimlya<\/em> (2019).<\/p>\n<p>In <em>Soul of Yiddish<\/em>, il suo quinto album, non \u00e8 pi\u00f9 una questione di esilio ma piuttosto di viaggio. No\u00ebmi Waysfeld offre un racconto intimo e spirituale di un essere alla ricerca del proprio volo. Un&#8217;esplorazione delle sue radici, per la quale \u00e8 circondata dalla violinista Sarah Nemtanu, il chitarrista Kevin Seddiki e il contrabbassista Antoine Rozenbaum.<\/p>\n<p>Cos\u00ec come un cantastorie, la voce di No\u00ebmi Waysfeld \u00e8 sabbiosa, velata, come il tenue bagliore di una candela. E per finire in bellezza, conclude l&#8217;album con una magnifica interpretazione del <em>Kol Nidrei<\/em>, la preghiera che apre le celebrazioni dello Yom Kippur.<\/p>\n<p>A questo proposito, come ci ricorda la rabbina Delphine Horvilleur nell&#8217;introduzione del libretto di <em>Soul of Yiddish<\/em>, la storia della religione ebraica ha spesso privato le donne di cantare le preghiere. Questo <em>Kol Nidrei<\/em> pu\u00f2 essere visto come un modo di provocare un putiferio: \u00ab Questa liturgia dello Yom Kippur afferma che le nostre parole non sono n\u00e9 affidabili n\u00e9 credibili. Le donne, nel corso della storia, sono state precisamente accusate di essere inaffidabili. Ora \u00e8 il momento di far risuonare altre parole. Quando le loro voci si alzano per guidare la preghiera o per rivisitarla, questa verit\u00e0 &#8220;nuda&#8221; appare bruscamente. \u00bb<\/p>\n<ul>\n<li>No\u00ebmi Waysfeld, canto<\/li>\n<li>Sarah Nemtanu, viola<\/li>\n<li>Antoine Rozenbaum, contrabbasso<\/li>\n<li>K\u00e9vin Seddiki, chitarra, arrangiamenti e composizioni<\/li>\n<\/ul>\n<p><a href=\"https:\/\/www.qobuz.com\/fr-fr\/album\/soul-of-yiddish-noemi-waysfeld\/j5r984oeb63va\">Comprare l&#8217;Album<\/a><\/p>\n<p><em>Fonti:<\/em><\/p>\n<ul>\n<li><a href=\"https:\/\/classiquemaispashasbeen.fr\/2021\/04\/19\/soul-of-yiddish-la-voix-intime\/\" target=\"_blank\" rel=\"noopener\">Classique mais pas has been<\/a><\/li>\n<li><a href=\"http:\/\/www.noemiwaysfeld.com\/?page_id=349\" target=\"_blank\" rel=\"noopener\">http:\/\/www.noemiwaysfeld.com\/?page_id=349<\/a><\/li>\n<\/ul>\n<p><img fetchpriority=\"high\" decoding=\"async\" class=\"wp-image-110609 aligncenter\" src=\"https:\/\/www.iemj.org\/wp-content\/uploads\/2024\/03\/AUDIO-PLAYER-300x39.png\" alt=\"\" width=\"900\" height=\"117\" srcset=\"https:\/\/www.iemj.org\/wp-content\/uploads\/2024\/03\/AUDIO-PLAYER-300x39.png 300w, https:\/\/www.iemj.org\/wp-content\/uploads\/2024\/03\/AUDIO-PLAYER-1024x133.png 1024w, https:\/\/www.iemj.org\/wp-content\/uploads\/2024\/03\/AUDIO-PLAYER-768x100.png 768w, https:\/\/www.iemj.org\/wp-content\/uploads\/2024\/03\/AUDIO-PLAYER-600x78.png 600w, https:\/\/www.iemj.org\/wp-content\/uploads\/2024\/03\/AUDIO-PLAYER.png 1210w\" sizes=\"(max-width: 900px) 100vw, 900px\" \/><\/p>\n","protected":false},"excerpt":{"rendered":"<p>Evolvendosi tra il suo amore per la musica classica e il repertorio popolare dell&#8217;Europa dell&#8217;Est dove ha le sue radici, No\u00ebmi Waysfeld ha concepito un percorso musicale che le permette<\/p>\n","protected":false},"author":5,"featured_media":70912,"comment_status":"closed","ping_status":"closed","sticky":false,"template":"","format":"standard","meta":{"_acf_changed":false,"footnotes":""},"categories":[1569,1564],"tags":[],"technique":[],"squelettes":[],"sujet":[],"formation":[],"genre":[1676],"fonds":[],"tradition":[],"type-de-contenu":[],"interprete-compositeur":[],"frise":[],"type-devenement":[],"tableaux-liens-externes":[],"class_list":["post-70615","post","type-post","status-publish","format-standard","has-post-thumbnail","hentry","category-cd-it","category-ultimi-acquisti-it","genre-yiddish-it-2"],"acf":[],"yoast_head":"<!-- This site is optimized with the Yoast SEO plugin v27.3 - https:\/\/yoast.com\/product\/yoast-seo-wordpress\/ -->\n<title>Soul of Yiddish - Institut Europ\u00e9en des Musiques Juives<\/title>\n<meta name=\"robots\" content=\"index, follow, max-snippet:-1, max-image-preview:large, max-video-preview:-1\" \/>\n<link rel=\"canonical\" href=\"https:\/\/www.iemj.org\/it\/soul-of-yiddish\/\" \/>\n<meta property=\"og:locale\" content=\"it_IT\" \/>\n<meta property=\"og:type\" content=\"article\" \/>\n<meta property=\"og:title\" content=\"Soul of Yiddish - Institut Europ\u00e9en des Musiques Juives\" \/>\n<meta property=\"og:description\" content=\"Evolvendosi tra il suo amore per la musica classica e il repertorio popolare dell&#8217;Europa dell&#8217;Est dove ha le sue radici, No\u00ebmi Waysfeld ha concepito un percorso musicale che le permette\" \/>\n<meta property=\"og:url\" content=\"https:\/\/www.iemj.org\/it\/soul-of-yiddish\/\" \/>\n<meta property=\"og:site_name\" content=\"Institut Europ\u00e9en des Musiques Juives\" \/>\n<meta property=\"article:publisher\" content=\"https:\/\/www.facebook.com\/MusiquesJuives\/\" \/>\n<meta property=\"article:published_time\" content=\"2021-11-02T15:12:54+00:00\" \/>\n<meta property=\"article:modified_time\" content=\"2025-10-19T16:25:29+00:00\" \/>\n<meta property=\"og:image\" content=\"https:\/\/www.iemj.org\/wp-content\/uploads\/2021\/11\/COUV-CD-Soul-of-Yiddish-1.jpg\" \/>\n\t<meta property=\"og:image:width\" content=\"367\" \/>\n\t<meta property=\"og:image:height\" content=\"336\" \/>\n\t<meta property=\"og:image:type\" content=\"image\/jpeg\" \/>\n<meta name=\"author\" content=\"Jacqueline ROTEN\" \/>\n<meta name=\"twitter:card\" content=\"summary_large_image\" \/>\n<meta name=\"twitter:label1\" content=\"Scritto da\" \/>\n\t<meta name=\"twitter:data1\" content=\"Jacqueline ROTEN\" \/>\n\t<meta name=\"twitter:label2\" content=\"Tempo di lettura stimato\" \/>\n\t<meta name=\"twitter:data2\" content=\"3 minuti\" \/>\n<script type=\"application\/ld+json\" class=\"yoast-schema-graph\">{\"@context\":\"https:\\\/\\\/schema.org\",\"@graph\":[{\"@type\":\"Article\",\"@id\":\"https:\\\/\\\/www.iemj.org\\\/it\\\/soul-of-yiddish\\\/#article\",\"isPartOf\":{\"@id\":\"https:\\\/\\\/www.iemj.org\\\/it\\\/soul-of-yiddish\\\/\"},\"author\":{\"name\":\"Jacqueline ROTEN\",\"@id\":\"https:\\\/\\\/www.iemj.org\\\/it\\\/#\\\/schema\\\/person\\\/358e26c18aca017fcc4cc15437f7279c\"},\"headline\":\"Soul of Yiddish\",\"datePublished\":\"2021-11-02T15:12:54+00:00\",\"dateModified\":\"2025-10-19T16:25:29+00:00\",\"mainEntityOfPage\":{\"@id\":\"https:\\\/\\\/www.iemj.org\\\/it\\\/soul-of-yiddish\\\/\"},\"wordCount\":353,\"publisher\":{\"@id\":\"https:\\\/\\\/www.iemj.org\\\/it\\\/#organization\"},\"image\":{\"@id\":\"https:\\\/\\\/www.iemj.org\\\/it\\\/soul-of-yiddish\\\/#primaryimage\"},\"thumbnailUrl\":\"https:\\\/\\\/www.iemj.org\\\/wp-content\\\/uploads\\\/2021\\\/11\\\/COUV-CD-Soul-of-Yiddish-1.jpg\",\"articleSection\":[\"CD\",\"Ultimi acquisti\"],\"inLanguage\":\"it-IT\"},{\"@type\":\"WebPage\",\"@id\":\"https:\\\/\\\/www.iemj.org\\\/it\\\/soul-of-yiddish\\\/\",\"url\":\"https:\\\/\\\/www.iemj.org\\\/it\\\/soul-of-yiddish\\\/\",\"name\":\"Soul of Yiddish - Institut Europ\u00e9en des Musiques Juives\",\"isPartOf\":{\"@id\":\"https:\\\/\\\/www.iemj.org\\\/it\\\/#website\"},\"primaryImageOfPage\":{\"@id\":\"https:\\\/\\\/www.iemj.org\\\/it\\\/soul-of-yiddish\\\/#primaryimage\"},\"image\":{\"@id\":\"https:\\\/\\\/www.iemj.org\\\/it\\\/soul-of-yiddish\\\/#primaryimage\"},\"thumbnailUrl\":\"https:\\\/\\\/www.iemj.org\\\/wp-content\\\/uploads\\\/2021\\\/11\\\/COUV-CD-Soul-of-Yiddish-1.jpg\",\"datePublished\":\"2021-11-02T15:12:54+00:00\",\"dateModified\":\"2025-10-19T16:25:29+00:00\",\"breadcrumb\":{\"@id\":\"https:\\\/\\\/www.iemj.org\\\/it\\\/soul-of-yiddish\\\/#breadcrumb\"},\"inLanguage\":\"it-IT\",\"potentialAction\":[{\"@type\":\"ReadAction\",\"target\":[\"https:\\\/\\\/www.iemj.org\\\/it\\\/soul-of-yiddish\\\/\"]}]},{\"@type\":\"ImageObject\",\"inLanguage\":\"it-IT\",\"@id\":\"https:\\\/\\\/www.iemj.org\\\/it\\\/soul-of-yiddish\\\/#primaryimage\",\"url\":\"https:\\\/\\\/www.iemj.org\\\/wp-content\\\/uploads\\\/2021\\\/11\\\/COUV-CD-Soul-of-Yiddish-1.jpg\",\"contentUrl\":\"https:\\\/\\\/www.iemj.org\\\/wp-content\\\/uploads\\\/2021\\\/11\\\/COUV-CD-Soul-of-Yiddish-1.jpg\",\"width\":367,\"height\":336},{\"@type\":\"BreadcrumbList\",\"@id\":\"https:\\\/\\\/www.iemj.org\\\/it\\\/soul-of-yiddish\\\/#breadcrumb\",\"itemListElement\":[{\"@type\":\"ListItem\",\"position\":1,\"name\":\"Accueil\",\"item\":\"https:\\\/\\\/www.iemj.org\\\/it\\\/\"},{\"@type\":\"ListItem\",\"position\":2,\"name\":\"Soul of Yiddish\"}]},{\"@type\":\"WebSite\",\"@id\":\"https:\\\/\\\/www.iemj.org\\\/it\\\/#website\",\"url\":\"https:\\\/\\\/www.iemj.org\\\/it\\\/\",\"name\":\"Institut Europ\u00e9en des Musiques Juives\",\"description\":\"Des traditions musicales \u00e0 la port\u00e9e de tous\",\"publisher\":{\"@id\":\"https:\\\/\\\/www.iemj.org\\\/it\\\/#organization\"},\"potentialAction\":[{\"@type\":\"SearchAction\",\"target\":{\"@type\":\"EntryPoint\",\"urlTemplate\":\"https:\\\/\\\/www.iemj.org\\\/it\\\/?s={search_term_string}\"},\"query-input\":{\"@type\":\"PropertyValueSpecification\",\"valueRequired\":true,\"valueName\":\"search_term_string\"}}],\"inLanguage\":\"it-IT\"},{\"@type\":\"Organization\",\"@id\":\"https:\\\/\\\/www.iemj.org\\\/it\\\/#organization\",\"name\":\"Institut Europ\u00e9en des Musiques Juives\",\"url\":\"https:\\\/\\\/www.iemj.org\\\/it\\\/\",\"logo\":{\"@type\":\"ImageObject\",\"inLanguage\":\"it-IT\",\"@id\":\"https:\\\/\\\/www.iemj.org\\\/it\\\/#\\\/schema\\\/logo\\\/image\\\/\",\"url\":\"https:\\\/\\\/www.iemj.org\\\/wp-content\\\/uploads\\\/2021\\\/09\\\/Logo-IEMJ-Paypal.jpg\",\"contentUrl\":\"https:\\\/\\\/www.iemj.org\\\/wp-content\\\/uploads\\\/2021\\\/09\\\/Logo-IEMJ-Paypal.jpg\",\"width\":150,\"height\":50,\"caption\":\"Institut Europ\u00e9en des Musiques Juives\"},\"image\":{\"@id\":\"https:\\\/\\\/www.iemj.org\\\/it\\\/#\\\/schema\\\/logo\\\/image\\\/\"},\"sameAs\":[\"https:\\\/\\\/www.facebook.com\\\/MusiquesJuives\\\/\",\"https:\\\/\\\/www.instagram.com\\\/musiquesjuives\\\/\",\"https:\\\/\\\/www.youtube.com\\\/user\\\/musiquesjuives\"]},{\"@type\":\"Person\",\"@id\":\"https:\\\/\\\/www.iemj.org\\\/it\\\/#\\\/schema\\\/person\\\/358e26c18aca017fcc4cc15437f7279c\",\"name\":\"Jacqueline ROTEN\",\"image\":{\"@type\":\"ImageObject\",\"inLanguage\":\"it-IT\",\"@id\":\"https:\\\/\\\/secure.gravatar.com\\\/avatar\\\/5964256d6c6957de3a3505278957e0fb2a35119ac47ea41827a65301213c810b?s=96&d=mm&r=g\",\"url\":\"https:\\\/\\\/secure.gravatar.com\\\/avatar\\\/5964256d6c6957de3a3505278957e0fb2a35119ac47ea41827a65301213c810b?s=96&d=mm&r=g\",\"contentUrl\":\"https:\\\/\\\/secure.gravatar.com\\\/avatar\\\/5964256d6c6957de3a3505278957e0fb2a35119ac47ea41827a65301213c810b?s=96&d=mm&r=g\",\"caption\":\"Jacqueline ROTEN\"}}]}<\/script>\n<!-- \/ Yoast SEO plugin. -->","yoast_head_json":{"title":"Soul of Yiddish - Institut Europ\u00e9en des Musiques Juives","robots":{"index":"index","follow":"follow","max-snippet":"max-snippet:-1","max-image-preview":"max-image-preview:large","max-video-preview":"max-video-preview:-1"},"canonical":"https:\/\/www.iemj.org\/it\/soul-of-yiddish\/","og_locale":"it_IT","og_type":"article","og_title":"Soul of Yiddish - Institut Europ\u00e9en des Musiques Juives","og_description":"Evolvendosi tra il suo amore per la musica classica e il repertorio popolare dell&#8217;Europa dell&#8217;Est dove ha le sue radici, No\u00ebmi Waysfeld ha concepito un percorso musicale che le permette","og_url":"https:\/\/www.iemj.org\/it\/soul-of-yiddish\/","og_site_name":"Institut Europ\u00e9en des Musiques Juives","article_publisher":"https:\/\/www.facebook.com\/MusiquesJuives\/","article_published_time":"2021-11-02T15:12:54+00:00","article_modified_time":"2025-10-19T16:25:29+00:00","og_image":[{"width":367,"height":336,"url":"https:\/\/www.iemj.org\/wp-content\/uploads\/2021\/11\/COUV-CD-Soul-of-Yiddish-1.jpg","type":"image\/jpeg"}],"author":"Jacqueline ROTEN","twitter_card":"summary_large_image","twitter_misc":{"Scritto da":"Jacqueline ROTEN","Tempo di lettura stimato":"3 minuti"},"schema":{"@context":"https:\/\/schema.org","@graph":[{"@type":"Article","@id":"https:\/\/www.iemj.org\/it\/soul-of-yiddish\/#article","isPartOf":{"@id":"https:\/\/www.iemj.org\/it\/soul-of-yiddish\/"},"author":{"name":"Jacqueline ROTEN","@id":"https:\/\/www.iemj.org\/it\/#\/schema\/person\/358e26c18aca017fcc4cc15437f7279c"},"headline":"Soul of Yiddish","datePublished":"2021-11-02T15:12:54+00:00","dateModified":"2025-10-19T16:25:29+00:00","mainEntityOfPage":{"@id":"https:\/\/www.iemj.org\/it\/soul-of-yiddish\/"},"wordCount":353,"publisher":{"@id":"https:\/\/www.iemj.org\/it\/#organization"},"image":{"@id":"https:\/\/www.iemj.org\/it\/soul-of-yiddish\/#primaryimage"},"thumbnailUrl":"https:\/\/www.iemj.org\/wp-content\/uploads\/2021\/11\/COUV-CD-Soul-of-Yiddish-1.jpg","articleSection":["CD","Ultimi acquisti"],"inLanguage":"it-IT"},{"@type":"WebPage","@id":"https:\/\/www.iemj.org\/it\/soul-of-yiddish\/","url":"https:\/\/www.iemj.org\/it\/soul-of-yiddish\/","name":"Soul of Yiddish - Institut Europ\u00e9en des Musiques Juives","isPartOf":{"@id":"https:\/\/www.iemj.org\/it\/#website"},"primaryImageOfPage":{"@id":"https:\/\/www.iemj.org\/it\/soul-of-yiddish\/#primaryimage"},"image":{"@id":"https:\/\/www.iemj.org\/it\/soul-of-yiddish\/#primaryimage"},"thumbnailUrl":"https:\/\/www.iemj.org\/wp-content\/uploads\/2021\/11\/COUV-CD-Soul-of-Yiddish-1.jpg","datePublished":"2021-11-02T15:12:54+00:00","dateModified":"2025-10-19T16:25:29+00:00","breadcrumb":{"@id":"https:\/\/www.iemj.org\/it\/soul-of-yiddish\/#breadcrumb"},"inLanguage":"it-IT","potentialAction":[{"@type":"ReadAction","target":["https:\/\/www.iemj.org\/it\/soul-of-yiddish\/"]}]},{"@type":"ImageObject","inLanguage":"it-IT","@id":"https:\/\/www.iemj.org\/it\/soul-of-yiddish\/#primaryimage","url":"https:\/\/www.iemj.org\/wp-content\/uploads\/2021\/11\/COUV-CD-Soul-of-Yiddish-1.jpg","contentUrl":"https:\/\/www.iemj.org\/wp-content\/uploads\/2021\/11\/COUV-CD-Soul-of-Yiddish-1.jpg","width":367,"height":336},{"@type":"BreadcrumbList","@id":"https:\/\/www.iemj.org\/it\/soul-of-yiddish\/#breadcrumb","itemListElement":[{"@type":"ListItem","position":1,"name":"Accueil","item":"https:\/\/www.iemj.org\/it\/"},{"@type":"ListItem","position":2,"name":"Soul of Yiddish"}]},{"@type":"WebSite","@id":"https:\/\/www.iemj.org\/it\/#website","url":"https:\/\/www.iemj.org\/it\/","name":"Institut Europ\u00e9en des Musiques Juives","description":"Des traditions musicales \u00e0 la port\u00e9e de tous","publisher":{"@id":"https:\/\/www.iemj.org\/it\/#organization"},"potentialAction":[{"@type":"SearchAction","target":{"@type":"EntryPoint","urlTemplate":"https:\/\/www.iemj.org\/it\/?s={search_term_string}"},"query-input":{"@type":"PropertyValueSpecification","valueRequired":true,"valueName":"search_term_string"}}],"inLanguage":"it-IT"},{"@type":"Organization","@id":"https:\/\/www.iemj.org\/it\/#organization","name":"Institut Europ\u00e9en des Musiques Juives","url":"https:\/\/www.iemj.org\/it\/","logo":{"@type":"ImageObject","inLanguage":"it-IT","@id":"https:\/\/www.iemj.org\/it\/#\/schema\/logo\/image\/","url":"https:\/\/www.iemj.org\/wp-content\/uploads\/2021\/09\/Logo-IEMJ-Paypal.jpg","contentUrl":"https:\/\/www.iemj.org\/wp-content\/uploads\/2021\/09\/Logo-IEMJ-Paypal.jpg","width":150,"height":50,"caption":"Institut Europ\u00e9en des Musiques Juives"},"image":{"@id":"https:\/\/www.iemj.org\/it\/#\/schema\/logo\/image\/"},"sameAs":["https:\/\/www.facebook.com\/MusiquesJuives\/","https:\/\/www.instagram.com\/musiquesjuives\/","https:\/\/www.youtube.com\/user\/musiquesjuives"]},{"@type":"Person","@id":"https:\/\/www.iemj.org\/it\/#\/schema\/person\/358e26c18aca017fcc4cc15437f7279c","name":"Jacqueline ROTEN","image":{"@type":"ImageObject","inLanguage":"it-IT","@id":"https:\/\/secure.gravatar.com\/avatar\/5964256d6c6957de3a3505278957e0fb2a35119ac47ea41827a65301213c810b?s=96&d=mm&r=g","url":"https:\/\/secure.gravatar.com\/avatar\/5964256d6c6957de3a3505278957e0fb2a35119ac47ea41827a65301213c810b?s=96&d=mm&r=g","contentUrl":"https:\/\/secure.gravatar.com\/avatar\/5964256d6c6957de3a3505278957e0fb2a35119ac47ea41827a65301213c810b?s=96&d=mm&r=g","caption":"Jacqueline ROTEN"}}]}},"_links":{"self":[{"href":"https:\/\/www.iemj.org\/it\/wp-json\/wp\/v2\/posts\/70615","targetHints":{"allow":["GET"]}}],"collection":[{"href":"https:\/\/www.iemj.org\/it\/wp-json\/wp\/v2\/posts"}],"about":[{"href":"https:\/\/www.iemj.org\/it\/wp-json\/wp\/v2\/types\/post"}],"author":[{"embeddable":true,"href":"https:\/\/www.iemj.org\/it\/wp-json\/wp\/v2\/users\/5"}],"replies":[{"embeddable":true,"href":"https:\/\/www.iemj.org\/it\/wp-json\/wp\/v2\/comments?post=70615"}],"version-history":[{"count":1,"href":"https:\/\/www.iemj.org\/it\/wp-json\/wp\/v2\/posts\/70615\/revisions"}],"predecessor-version":[{"id":127220,"href":"https:\/\/www.iemj.org\/it\/wp-json\/wp\/v2\/posts\/70615\/revisions\/127220"}],"wp:featuredmedia":[{"embeddable":true,"href":"https:\/\/www.iemj.org\/it\/wp-json\/wp\/v2\/media\/70912"}],"wp:attachment":[{"href":"https:\/\/www.iemj.org\/it\/wp-json\/wp\/v2\/media?parent=70615"}],"wp:term":[{"taxonomy":"category","embeddable":true,"href":"https:\/\/www.iemj.org\/it\/wp-json\/wp\/v2\/categories?post=70615"},{"taxonomy":"post_tag","embeddable":true,"href":"https:\/\/www.iemj.org\/it\/wp-json\/wp\/v2\/tags?post=70615"},{"taxonomy":"technique","embeddable":true,"href":"https:\/\/www.iemj.org\/it\/wp-json\/wp\/v2\/technique?post=70615"},{"taxonomy":"squelettes","embeddable":true,"href":"https:\/\/www.iemj.org\/it\/wp-json\/wp\/v2\/squelettes?post=70615"},{"taxonomy":"sujet","embeddable":true,"href":"https:\/\/www.iemj.org\/it\/wp-json\/wp\/v2\/sujet?post=70615"},{"taxonomy":"formation","embeddable":true,"href":"https:\/\/www.iemj.org\/it\/wp-json\/wp\/v2\/formation?post=70615"},{"taxonomy":"genre","embeddable":true,"href":"https:\/\/www.iemj.org\/it\/wp-json\/wp\/v2\/genre?post=70615"},{"taxonomy":"fonds","embeddable":true,"href":"https:\/\/www.iemj.org\/it\/wp-json\/wp\/v2\/fonds?post=70615"},{"taxonomy":"tradition","embeddable":true,"href":"https:\/\/www.iemj.org\/it\/wp-json\/wp\/v2\/tradition?post=70615"},{"taxonomy":"type-de-contenu","embeddable":true,"href":"https:\/\/www.iemj.org\/it\/wp-json\/wp\/v2\/type-de-contenu?post=70615"},{"taxonomy":"interprete-compositeur","embeddable":true,"href":"https:\/\/www.iemj.org\/it\/wp-json\/wp\/v2\/interprete-compositeur?post=70615"},{"taxonomy":"frise","embeddable":true,"href":"https:\/\/www.iemj.org\/it\/wp-json\/wp\/v2\/frise?post=70615"},{"taxonomy":"type-devenement","embeddable":true,"href":"https:\/\/www.iemj.org\/it\/wp-json\/wp\/v2\/type-devenement?post=70615"},{"taxonomy":"tableaux-liens-externes","embeddable":true,"href":"https:\/\/www.iemj.org\/it\/wp-json\/wp\/v2\/tableaux-liens-externes?post=70615"}],"curies":[{"name":"wp","href":"https:\/\/api.w.org\/{rel}","templated":true}]}}