{"id":71090,"date":"2020-04-02T11:11:02","date_gmt":"2020-04-02T09:11:02","guid":{"rendered":"https:\/\/www.iemj.org\/pessah\/"},"modified":"2025-10-06T12:54:58","modified_gmt":"2025-10-06T10:54:58","slug":"pessah","status":"publish","type":"post","link":"https:\/\/www.iemj.org\/it\/pessah\/","title":{"rendered":"Pessach"},"content":{"rendered":"<p><em>Pessach<\/em>&#8211; \u05e4\u05b6\u05bc\u05e1\u05b7\u05d7 &#8211; \u00e8 una delle tre feste di pellegrinaggio del calendario ebraico (insieme a <em>Shavuot<\/em> e <em>Sukkot)<\/em>, durante le quali viene commemorata l&#8217;uscita degli Ebrei dall&#8217;Egitto. Festa altamente simbolica e gioiosa, viene celebrata con la musica in tutte le comunit\u00e0 ebraiche, dalla prima sera di <em>Pessach<\/em> con il pasto rituale del <em>Sede<\/em>r, all&#8217;8\u00b0 giorno con la tradizione marocchina della <a href=\"https:\/\/www.iemj.org\/it\/a-la-decouverte-de-la-mimouna\/\" target=\"_blank\" rel=\"noopener\"><u>mimouna<\/u><\/a>.<\/p>\n<p>Il <em>Seder<\/em> \u00e8 il pasto rituale pasquale durante il quale viene letta l&#8217;<em>Haggadah<\/em> (narrazione che racconta la storia e le peripezie degli Ebrei e la loro uscita dall&#8217;Egitto). Si celebra una sera in Israele, due sere consecutive nella diaspora (la seconda sera essendo stata istituita nel periodo post-esilio, per permettere al popolo ebraico, disperso nel Levante, di poter osservare i tempi fissati dalla Torah, basati su di un ciclo lunare).<\/p>\n<p><img fetchpriority=\"high\" decoding=\"async\" class=\" alignright size-full wp-image-27876\" src=\"https:\/\/www.iemj.org\/wp-content\/uploads\/2020\/04\/hagada.jpg\" alt=\"hagada.jpg\" width=\"277\" height=\"182\" align=\"right\" \/><\/p>\n<p>La festa inizia il 15 del mese di <em>Nissan<\/em> al calar della notte, e dura sette giorni (otto nella diaspora) di cui solo il primo e l&#8217;ultimo sono totalmente festivi. Particolarmente ricco di riti e tradizioni, in origine si distingueva per l&#8217;offerta pasquale, oggi impossibile dopo la distruzione del Tempio. Resta in vigore l&#8217;obbligo di mangiare <em>matzot<\/em> (cibi azzimi) e di vietare il <em>hametz <\/em>(cibi a base di pasta lievitata e\/o fermentata) per tutta la festa.<\/p>\n<p><strong>l significato della festa di Pessach<br \/><\/strong>La festa di <em>Pessach<\/em> \u00e8 una festa carica di significati. Durante tutto l&#8217;anno si fa riferimento a questa uscita dall&#8217;Egitto, sia durante lo <em>Shabbat<\/em>, sia durante il <em>Kiddush<\/em> (cerimonia di santificazione del giorno sacro per mezzo di una benedizione pronunciata su di una coppa di vino kosher.) sia durante la posa dei <em>tefillin<\/em>, (piccole scatole cubiche) indossati nei giorni profani dagli uomini che hanno raggiunto la maggiorit\u00e0 religiosa.<\/p>\n<p><em>Pessach<\/em> \u00e8 una festa solenne perch\u00e9 rappresenta la prima festa realmente vissuta dal popolo d&#8217;Israele, costituito per la prima volta, all\u2019uscita d&#8217;Egitto, come &#8220;popolo ebraico&#8221;.<\/p>\n<p>Inoltre, \u00e8 una festa agricola, legata all&#8217;inizio della raccolta dell&#8217;orzo, che inaugura il ciclo annuale delle culture.<\/p>\n<p><strong>ll Seder<br \/><\/strong>Durante il <em>Seder<\/em>, che etimologicamente significa &#8220;ordine&#8221;, &#8220;programma&#8221; in riferimento alla lettura della <em>Haggadah<\/em> regna tra gli ospiti una fortissima coesione e dimensione intergenerazionale. L&#8217;idea della festa \u00e8 quella di tornare alle condizioni, allo stato d&#8217;animo di questo periodo di uscita dall&#8217;Egitto, rendendo grazie a Dio per la sua misericordia (inni cantati). \u00c8 cos\u00ec che nello Yemen od in Iraq, ad esempio, gli uomini si travestono da nomadi simulando l&#8217;uscita dall&#8217;Egitto con un bastone in mano e una <em>matza<\/em>, posta sulla spalla in un panno.<\/p>\n<p>L&#8217;officiante, per benedire questa giornata, inizia recitando il <em>Kiddush<\/em> (benedizione con la prima coppa di vino del <em>Seder<\/em> \u2013 ve ne saranno 4 in totale), si lava le mani, bagna un\u2019erba verde, spezza la <em>matza<\/em> mediana e riserva una delle met\u00e0 per l&#8217;<em>Afikomen<\/em> (<em>mezza matza<\/em> riservata, nella tradizione, al bambino che andr\u00e0 a nasconderla per la fine del <em>Seder<\/em>). La cerimonia si svolge secondo la lettura della <em>Haggadah<\/em>. Nella canzone <em>Ma nichtana<\/em>, il pi\u00f9 giovane degli invitati pone all&#8217;officiante quattro domande di rito, sui motivi che differenziano questa notte dalle altre notti. Queste domande sono: perch\u00e9 mangiamo solo pane azzimo? Perch\u00e9 mangiamo erbe amare? Perch\u00e9 inzuppiamo il nostro cibo? Perch\u00e9 dobbiamo mangiare tutti appoggiandosi sul gomito questa sera?<\/p>\n<p>Nella tradizione, <em>Ma nichtana<\/em> \u00e8 dunque il canto che inaugura l&#8217;inizio dei festeggiamenti.<\/p>\n<p><a href=\"https:\/\/www.iemj.org\/wp-content\/uploads\/2020\/04\/1_debut_du_seder_-_rite_algerois_-_extrait.mp3\">Inizio del Seder &#8211; Rito algerino &#8211; Estratto<\/a><a href=\"https:\/\/www.iemj.org\/wp-content\/uploads\/2020\/04\/1_debut_du_seder_-_rite_algerois_-_extrait.mp3\"><img decoding=\"async\" class=\"alignleft\" src=\"https:\/\/www.iemj.org\/wp-content\/uploads\/2021\/09\/Fichier-son-IEMJ.jpg\" alt=\"\" width=\"52\" height=\"52\" \/><\/a><\/p>\n<p><img decoding=\"async\" class=\" alignright size-full wp-image-27882\" src=\"https:\/\/www.iemj.org\/wp-content\/uploads\/2020\/04\/plateau_seder_redim_300px_larg.jpg\" alt=\"plateau_seder_redim_300px_larg.jpg\" width=\"300\" height=\"225\" align=\"right\" \/><\/p>\n<p>\u00a0<\/p>\n<p>Secondo il rito stabilito, tre <em>matzot <\/em>(pane azzimo) una sopra l&#8217;altra, coperte ciascuna separatamente, sono disposte su un vassoio che comprende una serie di cibi simbolici: il <em>Karpass,<\/em> o erbe verdi (sedano, prezzemolo); l\u2019acqua salata per ricordare il sapore delle lacrime dei figli d&#8217;Israele durante la loro schiavit\u00f9; il <em>Maror,<\/em> erbe amare, per ricordare l&#8217;amarezza della vita in Egitto (lattuga, indivia, rafano, ecc.); il <em>Harosset,<\/em> impasto a base di datteri, noci, mele, mandorle, cannella con del vino, simbolo della malta usata dagli schiavi ebrei per fabbricare i mattoni; lo <em>Zerowa<\/em>\u02bf: un osso per ricordare il sacrificio dell&#8217;agnello pasquale all\u2019epoca del Tempio di Gerusalemme; il <em>B\u0113\u1e63a<\/em>: un uovo sodo, in ricordo della distruzione del Tempio di Gerusalemme.<\/p>\n<p><strong>Les particolarit\u00e0 comunitarie<\/strong><br \/>Si osservano differenze culturali soprattutto nella prima parte della <em>Haggadah<\/em>, in particolare attraverso le loro diverse versioni prima manoscritte e poi stampate, riflesso di una grande creativit\u00e0, che si vede anche nella musica. Ogni tradizione ha il suo <em>piyyut <\/em>(poesia religiosa), la sua melodia, poich\u00e9 ogni comunit\u00e0 cerca di attirare il proprio pubblico per solennizare questa celebrazione. Queste differenze si osservano anche dal punto di vista culinario nelle diverse tradizioni, in particolare, con i diversi possibili abbinamenti della ricetta del <em>Harosset<\/em> presente sul vassoio del <em>Seder<\/em>.<\/p>\n<p>Gli yemeniti, per esempio, non usano il <em>Keara<\/em> (vassoio pasquale): ogni ospite riceve un piatto contenente i diversi elementi del vassoio e la tavola del <em>Seder<\/em> \u00e8 decorata con foglie di <em>Maror<\/em>.<\/p>\n<p>In alcune comunit\u00e0 sono state anche definite varie usanze di abbigliamento per sottolineare ancora di pi\u00f9 l&#8217;atmosfera della\/e serata\/e del <em>Seder<\/em>: un lino bianco ad immagine del sommo sacerdote nello <em>Yom Kippur<\/em> tra gli ashkenaziti, una djellaba in alcune comunit\u00e0 del Nord Africa, raffigurante dei &#8220;vestiti di libert\u00e0&#8221;.<\/p>\n<p>In Marocco un&#8217;usanza consiste nel far passare il piatto del <em>Seder <\/em>sopra le teste degli invitati, artificio usato per destare l&#8217;attenzione di bambini ed adulti, ed anche per simboleggiare la presenza divina protettrice che ha risparmiato la morte dei primogeniti Ebrei passando &#8220;sopra&#8221; le loro case (<em>Pessach<\/em> o <em>Pass <\/em>significa passare sopra\/passare oltre), menzionata nella decima piaga d&#8217;Egitto della <em>Haggadah<\/em>.<\/p>\n<p><img decoding=\"async\" class=\"alignleft\" src=\"https:\/\/www.iemj.org\/wp-content\/uploads\/2021\/09\/Fichier-son-IEMJ.jpg\" \/><a href=\"https:\/\/www.iemj.org\/wp-content\/uploads\/2020\/04\/2_bibhilou_et_debut_ma_nishtana_-_rite_marocain_de_casablanca_-_extrait.mp3\">Bibhilou &amp; inizio Ma nishtana \u2013 Rito marocchino di Casablanca \u2013 Estratto<\/a><\/p>\n<p>\u00a0<\/p>\n<p>Per interessare, coinvolgere e suscitare sempre il questionare di tutti i presenti riuniti intorno alla tavola del <em>Seder<\/em> di <em>Pessach<\/em> nelle diverse comunit\u00e0, \u00e8 consuetudine, per coloro che non comprendono l&#8217;ebraico e\/o l&#8217;aramaico presente nei testi, di introdurre la lingua vernacolare, le lingue giudaiche come il giudeo-arabo, il giudeo-spagnolo o lo yiddish.<\/p>\n<p>Tra alcune famiglie yemenite, il figlio pi\u00f9 piccolo canta <em>Ma nichtana<\/em> in arabo e riceve come ricompensa un uovo alla coque! Infine, durante la lettura della parte della <em>Haggadah <\/em>dove tutti gli invitati recitano il famoso <em>Dayenu<\/em> (altro canto del <em>Seder<\/em> che significa \u201csarebbe bastato\u201d), si alza l&#8217;intera tavola, ad ogni pronuncia di quella parola.<\/p>\n<p><img decoding=\"async\" class=\"alignleft\" src=\"https:\/\/www.iemj.org\/wp-content\/uploads\/2021\/09\/Fichier-son-IEMJ.jpg\" \/><a href=\"https:\/\/www.iemj.org\/wp-content\/uploads\/2020\/04\/3_ma_nishtana_nira_rabinovitz_zt_nitzan_shlomo_avec_renanim_choir_passsover_songs_1973.mp3\" target=\"_blank\" rel=\"noopener\">Ma nishtana \u2013 Nira Rabinovitz e Nitzan Shlomo con il Renanim Choir \u2013 Rito ashkenazita \u2013 Estratto<\/a><\/p>\n<p>\u00a0<\/p>\n<p>Dopo il momento delle domande del canto <em>Ma nichtana<\/em>, inizia la vera storia &#8211; il <em>Magghid<\/em> &#8211; dell&#8217;uscita dall&#8217;Egitto, in particolare con le preghiere di <em>Baroukh hamakom<\/em> e di <em>Vehi Sheamda<\/em>.<\/p>\n<p><em>Baroukh hamakom<\/em> \u00e8 una preghiera rivolta a Dio, nella sua dimensione immutabile. Chiunque si sia, qualunque sia il suo carattere, Dio \u00e8 presente per far comprendere a tutti il significato della festa di <em>Pessach<\/em> e invita a riconoscere la dimensione divina, come richiesto, in Egitto al Faraone nei tempi biblici. Come nel canto <em>Dayenou,<\/em> (che significa \u00ab\u00a0che ci sarebbe bastato\u00a0\u00bb), cantato alla fine del <em>Seder<\/em>, l&#8217;idea di fondo \u00e8 : qualunque sia il corso degli avvenimenti, \u00e8 Dio che ha orchestrato ed ha permesso questa uscita dall&#8217;Egitto.<\/p>\n<p><img decoding=\"async\" class=\"alignleft\" src=\"https:\/\/www.iemj.org\/wp-content\/uploads\/2021\/09\/Fichier-son-IEMJ.jpg\" \/><a href=\"https:\/\/www.iemj.org\/wp-content\/uploads\/2020\/04\/4_baroukh_hamakom_marocain_samy_elmaghrebi.mp3\" target=\"_blank\" rel=\"noopener\">Baroukh hamakom \u2013 Samy Elmaghrebi \u2013 Rito marocchino \u2013 Estratto<\/a><\/p>\n<p>\u00a0<\/p>\n<p><a href=\"https:\/\/www.iemj.org\/wp-content\/uploads\/2020\/04\/5_vehi_cheamda_ashkenaze_chant_de_la_hagada_dir_rabbin_jean_schwartz_laszlo_karvaly.mp3\"><img decoding=\"async\" class=\"alignleft\" src=\"https:\/\/www.iemj.org\/wp-content\/uploads\/2021\/09\/Fichier-son-IEMJ.jpg\" \/>Vehi Cheamda \u2013 Canto della Haggadah, dir Rabbin Jean Schwartz, Laszlo Karvaly \u2013 Rito ashkenazita \u2013 Estrattot<\/a><\/p>\n<p>\u00a0<\/p>\n<p>La preghiera <em>Vehi Cheamda<\/em> nella quale ci si rivolge a Dio durante <em>Pessach<\/em>, fa eco a tutte le altre persecuzioni vissute dal popolo ebraico ed il significato di questa preghiera, pu\u00f2 essere quello di augurare di essere sempre in misura di poter superare le prove come quella della schiavit\u00f9 in Egitto.<\/p>\n<p>Un&#8217;altra importante preghiera del <em>Seder <\/em>\u00e8 l<em>&#8216;Hallel<\/em>, insieme di testi composto da 6 salmi (113-118), lode a Dio per tutti i miracoli compiuti. L&#8217;<em>Hallel <\/em>viene generalmente intonato ad alta voce dall&#8217;intera comunit\u00e0 di preghiera in occasione delle tre feste di pellegrinaggio (<em>Pessach, Shavuot e Sukkot<\/em>) e durante il servizio religioso mattutino alla fine dell&#8217;<em>Amid\u00e0<\/em> (insieme di benedizioni che occupano un posto centrale \u00a0nelle preghiere dell&#8217;ebraismo ).<\/p>\n<p><img decoding=\"async\" class=\"alignleft\" src=\"https:\/\/www.iemj.org\/wp-content\/uploads\/2021\/09\/Fichier-son-IEMJ.jpg\" \/><a href=\"https:\/\/www.iemj.org\/wp-content\/uploads\/2020\/04\/6_psaume_halel_debut_rite_italien_corfou_polyphonie.mp3\" target=\"_blank\" rel=\"noopener\">Inizio del Salmo Hallel \u2013 Polifonia \u2013 Rito Italiano di Corf\u00f9 \u2013 Estratto<\/a><\/p>\n<p>\u00a0<\/p>\n<p><a href=\"https:\/\/www.iemj.org\/wp-content\/uploads\/2020\/04\/7_dayeynu_dave_tarras_swingtet_debut_1950.mp3\"><img decoding=\"async\" class=\"alignleft\" src=\"https:\/\/www.iemj.org\/wp-content\/uploads\/2021\/09\/Fichier-son-IEMJ.jpg\" \/><\/a><a href=\"https:\/\/www.iemj.org\/wp-content\/uploads\/2020\/04\/7_dayeynu_dave_tarras_swingtet_debut_1950.mp3\" target=\"_blank\" rel=\"noopener\">Dayenu \u2013 Dave Tarras swingtet \u2013 Estratto<\/a><\/p>\n<p>\u00a0<\/p>\n<p>Tutti questi canti orecchiabili hanno lo scopo di stimolare il pubblico alla fine del <em>Seder<\/em>, fino all&#8217;ora dei pasti in senso stretto dove i piatti e le usanze differiscono, come abbiamo visto, a seconda delle Comunit\u00e0. I piatti si susseguono, <em>Gefilte fish<\/em> (pesce ripieno) o <em>Kneidlers<\/em> (zuppa di <em>matza<\/em>) per alcuni, <em>Msouki <\/em>(misto di verdure, carne e <em>matzot<\/em>) o <em>Fad<\/em> (misto di cuore, fegato&#8230;) per altri&#8230;<\/p>\n<p>La fine del pasto si conclude tradizionalmente con <a href=\"https:\/\/www.iemj.org\/it\/three-passover-songs-adir-hu-echad-mi-yodea-and-chad-gadya\/\" target=\"_blank\" rel=\"noopener\">una serie di 3 canti<\/a>, adattati e cantati in tutte le tradizioni. Questi sono <em>Adir hou,<\/em>\u00a0<a href=\"https:\/\/www.iemj.org\/it\/had-gadya-une-chanson-de-pessah\/\" target=\"_blank\" rel=\"noopener\"><em>Had gadia o il capretto<\/em><\/a> (\u00e8 una canzone di tipo cumulativo) e <a href=\"https:\/\/www.iemj.org\/it\/ehad-mi-yodea-une-chanson-de-pessah\/\" target=\"_blank\" rel=\"noopener\"><em>Ehad mi yod\u00e9a<\/em><\/a>.<\/p>\n<p>La canzone <em>Had gadia<\/em> \u00e8 stata interpretata, in particolare, da Angelo Branduardi in italiano con il titolo <em>Alla fiera dell&#8217;Est<\/em>, simbolo della grande capacit\u00e0 delle musiche ebraiche ad adattarsi al proprio ambiente.<\/p>\n<p><iframe src=\"https:\/\/www.youtube.com\/embed\/zunkIH1iwLg\" width=\"350\" height=\"185\" frameborder=\"0\" allowfullscreen=\"allowfullscreen\"><\/iframe> <iframe src=\"https:\/\/www.youtube.com\/embed\/MsdOVvBgfdk\" width=\"350\" height=\"185\" frameborder=\"0\" allowfullscreen=\"allowfullscreen\"><\/iframe><\/p>\n<p>Articolo realizzato ed avente origine dal programma radiofonico : <a href=\"https:\/\/www.iemj.org\/it\/music-from-passover-seder-journey-into-the-musical-traditions-of-passover\/\" target=\"_blank\" rel=\"noopener\"><u>Musiche del Seder di Pessach &#8211; Viaggio all\u2019interno nelle tradizioni musicali della Pasqua ebraica.<\/u><\/a>.<\/p>\n<p><a href=\"https:\/\/www.iemj.org\/it\/three-passover-songs-adir-hu-echad-mi-yodea-and-chad-gadya\/\" target=\"_blank\" rel=\"noopener\">Per saperne di pi\u00f9 sui tre canti di Pessach<\/a><br \/><a href=\"https:\/\/www.iemj.org\/it\/had-gadya-une-chanson-de-pessah\/\" target=\"_blank\" rel=\"noopener\">Ascoltare la playlist Had gadya<\/a><br \/><a href=\"https:\/\/www.iemj.org\/it\/ehad-mi-yodea-une-chanson-de-pessah\/\" target=\"_blank\" rel=\"noopener\">Ascoltare la playlist E&#8217;had mi yod\u00e9a<\/a><\/p>\n\n<div class=\"wp-block-image\">\n<figure class=\"aligncenter size-large\"><img loading=\"lazy\" decoding=\"async\" width=\"1024\" height=\"133\" src=\"https:\/\/www.iemj.org\/wp-content\/uploads\/2024\/03\/AUDIO-PLAYER-1024x133.png\" alt=\"\" class=\"wp-image-110609\" srcset=\"https:\/\/www.iemj.org\/wp-content\/uploads\/2024\/03\/AUDIO-PLAYER-1024x133.png 1024w, https:\/\/www.iemj.org\/wp-content\/uploads\/2024\/03\/AUDIO-PLAYER-300x39.png 300w, https:\/\/www.iemj.org\/wp-content\/uploads\/2024\/03\/AUDIO-PLAYER-768x100.png 768w, https:\/\/www.iemj.org\/wp-content\/uploads\/2024\/03\/AUDIO-PLAYER-600x78.png 600w, https:\/\/www.iemj.org\/wp-content\/uploads\/2024\/03\/AUDIO-PLAYER.png 1210w\" sizes=\"(max-width: 1024px) 100vw, 1024px\" \/><\/figure>\n<\/div>\n\n\n<div class=\"wp-block-file\"><a href=\"https:\/\/www.iemj.org\/wp-content\/uploads\/2020\/04\/1_debut_du_seder_-_rite_algerois_-_extrait.mp3\">D\u00e9but du S\u00e9der &#8211; Rite alg\u00e9rois &#8211; Extrait<\/a><\/div>\n\n\n\n<div class=\"wp-block-file\"><a href=\"https:\/\/www.iemj.org\/wp-content\/uploads\/2020\/04\/2_bibhilou_et_debut_ma_nishtana_-_rite_marocain_de_casablanca_-_extrait.mp3\">Bibhilou &amp; d\u00e9but Ma nishtana &#8211; Rite marocain de Casablanca &#8211; Extrait<\/a><\/div>\n\n\n\n<div class=\"wp-block-file\"><a href=\"https:\/\/www.iemj.org\/wp-content\/uploads\/2020\/04\/3_ma_nishtana_nira_rabinovitz_zt_nitzan_shlomo_avec_renanim_choir_passsover_songs_1973.mp3\">Ma nishtana &#8211; Nira Rabinovitz et nitzan Shlomo avec Renanim Choir &#8211; Rite ashk\u00e9naze &#8211; Extrait<\/a><\/div>\n\n\n\n<div class=\"wp-block-file\"><a href=\"https:\/\/www.iemj.org\/wp-content\/uploads\/2020\/04\/4_baroukh_hamakom_marocain_samy_elmaghrebi.mp3\">Baroukh hamakom &#8211; Samy Elmaghrebi &#8211; Rite marocain &#8211; Extrait<\/a><\/div>\n\n\n\n<div class=\"wp-block-file\"><a href=\"https:\/\/www.iemj.org\/wp-content\/uploads\/2020\/04\/5_vehi_cheamda_ashkenaze_chant_de_la_hagada_dir_rabbin_jean_schwartz_laszlo_karvaly.mp3\">Vehi Cheamda &#8211; Chant de la Haggada, dir  Rabbin Jean Schwartz, Laszlo Karvaly &#8211; Rite ashk\u00e9naze &#8211; Extrait<\/a><\/div>\n\n\n\n<div class=\"wp-block-file\"><a href=\"https:\/\/www.iemj.org\/wp-content\/uploads\/2020\/04\/6_psaume_halel_debut_rite_italien_corfou_polyphonie.mp3\">D\u00e9but du Psaume Hallel &#8211; Polyphonie &#8211; Rite Italien de Corfou &#8211; Extrait<\/a><\/div>\n\n\n\n<div class=\"wp-block-file\"><a href=\"https:\/\/www.iemj.org\/wp-content\/uploads\/2020\/04\/7_dayeynu_dave_tarras_swingtet_debut_1950.mp3\">Dayenou &#8211; Dave Tarras swingtet &#8211; Extrait<\/a><\/div>\n","protected":false},"excerpt":{"rendered":"<p>Pessach&#8211; \u05e4\u05b6\u05bc\u05e1\u05b7\u05d7 &#8211; \u00e8 una delle tre feste di pellegrinaggio del calendario ebraico (insieme a Shavuot e Sukkot), durante le quali viene commemorata l&#8217;uscita degli Ebrei dall&#8217;Egitto. Festa altamente simbolica<\/p>\n","protected":false},"author":5,"featured_media":111191,"comment_status":"closed","ping_status":"closed","sticky":false,"template":"","format":"standard","meta":{"_acf_changed":false,"footnotes":""},"categories":[1407,1409],"tags":[],"technique":[],"squelettes":[],"sujet":[1827],"formation":[],"genre":[],"fonds":[],"tradition":[],"type-de-contenu":[],"interprete-compositeur":[],"frise":[],"type-devenement":[],"tableaux-liens-externes":[],"class_list":["post-71090","post","type-post","status-publish","format-standard","has-post-thumbnail","hentry","category-articoli-di-fondo-it","category-musica-liturgica-it","sujet-pessach-it"],"acf":[],"yoast_head":"<!-- This site is optimized with the Yoast SEO plugin v27.3 - https:\/\/yoast.com\/product\/yoast-seo-wordpress\/ -->\n<title>Pessach - Institut Europ\u00e9en des Musiques Juives<\/title>\n<meta name=\"robots\" content=\"index, follow, max-snippet:-1, max-image-preview:large, max-video-preview:-1\" \/>\n<link rel=\"canonical\" href=\"https:\/\/www.iemj.org\/it\/pessah\/\" \/>\n<meta property=\"og:locale\" content=\"it_IT\" \/>\n<meta property=\"og:type\" content=\"article\" \/>\n<meta property=\"og:title\" content=\"Pessach - Institut Europ\u00e9en des Musiques Juives\" \/>\n<meta property=\"og:description\" content=\"Pessach&#8211; \u05e4\u05b6\u05bc\u05e1\u05b7\u05d7 &#8211; \u00e8 una delle tre feste di pellegrinaggio del calendario ebraico (insieme a Shavuot e Sukkot), durante le quali viene commemorata l&#8217;uscita degli Ebrei dall&#8217;Egitto. Festa altamente simbolica\" \/>\n<meta property=\"og:url\" content=\"https:\/\/www.iemj.org\/it\/pessah\/\" \/>\n<meta property=\"og:site_name\" content=\"Institut Europ\u00e9en des Musiques Juives\" \/>\n<meta property=\"article:publisher\" content=\"https:\/\/www.facebook.com\/MusiquesJuives\/\" \/>\n<meta property=\"article:published_time\" content=\"2020-04-02T09:11:02+00:00\" \/>\n<meta property=\"article:modified_time\" content=\"2025-10-06T10:54:58+00:00\" \/>\n<meta property=\"og:image\" content=\"https:\/\/www.iemj.org\/wp-content\/uploads\/2020\/04\/Article-fond-Pessah.jpg\" \/>\n\t<meta property=\"og:image:width\" content=\"500\" \/>\n\t<meta property=\"og:image:height\" content=\"500\" \/>\n\t<meta property=\"og:image:type\" content=\"image\/jpeg\" \/>\n<meta name=\"author\" content=\"Jacqueline ROTEN\" \/>\n<meta name=\"twitter:card\" content=\"summary_large_image\" \/>\n<meta name=\"twitter:label1\" content=\"Scritto da\" \/>\n\t<meta name=\"twitter:data1\" content=\"Jacqueline ROTEN\" \/>\n\t<meta name=\"twitter:label2\" content=\"Tempo di lettura stimato\" \/>\n\t<meta name=\"twitter:data2\" content=\"11 minuti\" \/>\n<script type=\"application\/ld+json\" class=\"yoast-schema-graph\">{\"@context\":\"https:\\\/\\\/schema.org\",\"@graph\":[{\"@type\":\"Article\",\"@id\":\"https:\\\/\\\/www.iemj.org\\\/it\\\/pessah\\\/#article\",\"isPartOf\":{\"@id\":\"https:\\\/\\\/www.iemj.org\\\/it\\\/pessah\\\/\"},\"author\":{\"name\":\"Jacqueline ROTEN\",\"@id\":\"https:\\\/\\\/www.iemj.org\\\/it\\\/#\\\/schema\\\/person\\\/358e26c18aca017fcc4cc15437f7279c\"},\"headline\":\"Pessach\",\"datePublished\":\"2020-04-02T09:11:02+00:00\",\"dateModified\":\"2025-10-06T10:54:58+00:00\",\"mainEntityOfPage\":{\"@id\":\"https:\\\/\\\/www.iemj.org\\\/it\\\/pessah\\\/\"},\"wordCount\":1601,\"publisher\":{\"@id\":\"https:\\\/\\\/www.iemj.org\\\/it\\\/#organization\"},\"image\":{\"@id\":\"https:\\\/\\\/www.iemj.org\\\/it\\\/pessah\\\/#primaryimage\"},\"thumbnailUrl\":\"https:\\\/\\\/www.iemj.org\\\/wp-content\\\/uploads\\\/2020\\\/04\\\/Article-fond-Pessah.jpg\",\"articleSection\":[\"Articoli di fondo\",\"Musica liturgica\"],\"inLanguage\":\"it-IT\"},{\"@type\":\"WebPage\",\"@id\":\"https:\\\/\\\/www.iemj.org\\\/it\\\/pessah\\\/\",\"url\":\"https:\\\/\\\/www.iemj.org\\\/it\\\/pessah\\\/\",\"name\":\"Pessach - Institut Europ\u00e9en des Musiques Juives\",\"isPartOf\":{\"@id\":\"https:\\\/\\\/www.iemj.org\\\/it\\\/#website\"},\"primaryImageOfPage\":{\"@id\":\"https:\\\/\\\/www.iemj.org\\\/it\\\/pessah\\\/#primaryimage\"},\"image\":{\"@id\":\"https:\\\/\\\/www.iemj.org\\\/it\\\/pessah\\\/#primaryimage\"},\"thumbnailUrl\":\"https:\\\/\\\/www.iemj.org\\\/wp-content\\\/uploads\\\/2020\\\/04\\\/Article-fond-Pessah.jpg\",\"datePublished\":\"2020-04-02T09:11:02+00:00\",\"dateModified\":\"2025-10-06T10:54:58+00:00\",\"breadcrumb\":{\"@id\":\"https:\\\/\\\/www.iemj.org\\\/it\\\/pessah\\\/#breadcrumb\"},\"inLanguage\":\"it-IT\",\"potentialAction\":[{\"@type\":\"ReadAction\",\"target\":[\"https:\\\/\\\/www.iemj.org\\\/it\\\/pessah\\\/\"]}]},{\"@type\":\"ImageObject\",\"inLanguage\":\"it-IT\",\"@id\":\"https:\\\/\\\/www.iemj.org\\\/it\\\/pessah\\\/#primaryimage\",\"url\":\"https:\\\/\\\/www.iemj.org\\\/wp-content\\\/uploads\\\/2020\\\/04\\\/Article-fond-Pessah.jpg\",\"contentUrl\":\"https:\\\/\\\/www.iemj.org\\\/wp-content\\\/uploads\\\/2020\\\/04\\\/Article-fond-Pessah.jpg\",\"width\":500,\"height\":500},{\"@type\":\"BreadcrumbList\",\"@id\":\"https:\\\/\\\/www.iemj.org\\\/it\\\/pessah\\\/#breadcrumb\",\"itemListElement\":[{\"@type\":\"ListItem\",\"position\":1,\"name\":\"Accueil\",\"item\":\"https:\\\/\\\/www.iemj.org\\\/it\\\/\"},{\"@type\":\"ListItem\",\"position\":2,\"name\":\"Pessach\"}]},{\"@type\":\"WebSite\",\"@id\":\"https:\\\/\\\/www.iemj.org\\\/it\\\/#website\",\"url\":\"https:\\\/\\\/www.iemj.org\\\/it\\\/\",\"name\":\"Institut Europ\u00e9en des Musiques Juives\",\"description\":\"Des traditions musicales \u00e0 la port\u00e9e de tous\",\"publisher\":{\"@id\":\"https:\\\/\\\/www.iemj.org\\\/it\\\/#organization\"},\"potentialAction\":[{\"@type\":\"SearchAction\",\"target\":{\"@type\":\"EntryPoint\",\"urlTemplate\":\"https:\\\/\\\/www.iemj.org\\\/it\\\/?s={search_term_string}\"},\"query-input\":{\"@type\":\"PropertyValueSpecification\",\"valueRequired\":true,\"valueName\":\"search_term_string\"}}],\"inLanguage\":\"it-IT\"},{\"@type\":\"Organization\",\"@id\":\"https:\\\/\\\/www.iemj.org\\\/it\\\/#organization\",\"name\":\"Institut Europ\u00e9en des Musiques Juives\",\"url\":\"https:\\\/\\\/www.iemj.org\\\/it\\\/\",\"logo\":{\"@type\":\"ImageObject\",\"inLanguage\":\"it-IT\",\"@id\":\"https:\\\/\\\/www.iemj.org\\\/it\\\/#\\\/schema\\\/logo\\\/image\\\/\",\"url\":\"https:\\\/\\\/www.iemj.org\\\/wp-content\\\/uploads\\\/2021\\\/09\\\/Logo-IEMJ-Paypal.jpg\",\"contentUrl\":\"https:\\\/\\\/www.iemj.org\\\/wp-content\\\/uploads\\\/2021\\\/09\\\/Logo-IEMJ-Paypal.jpg\",\"width\":150,\"height\":50,\"caption\":\"Institut Europ\u00e9en des Musiques Juives\"},\"image\":{\"@id\":\"https:\\\/\\\/www.iemj.org\\\/it\\\/#\\\/schema\\\/logo\\\/image\\\/\"},\"sameAs\":[\"https:\\\/\\\/www.facebook.com\\\/MusiquesJuives\\\/\",\"https:\\\/\\\/www.instagram.com\\\/musiquesjuives\\\/\",\"https:\\\/\\\/www.youtube.com\\\/user\\\/musiquesjuives\"]},{\"@type\":\"Person\",\"@id\":\"https:\\\/\\\/www.iemj.org\\\/it\\\/#\\\/schema\\\/person\\\/358e26c18aca017fcc4cc15437f7279c\",\"name\":\"Jacqueline ROTEN\",\"image\":{\"@type\":\"ImageObject\",\"inLanguage\":\"it-IT\",\"@id\":\"https:\\\/\\\/secure.gravatar.com\\\/avatar\\\/5964256d6c6957de3a3505278957e0fb2a35119ac47ea41827a65301213c810b?s=96&d=mm&r=g\",\"url\":\"https:\\\/\\\/secure.gravatar.com\\\/avatar\\\/5964256d6c6957de3a3505278957e0fb2a35119ac47ea41827a65301213c810b?s=96&d=mm&r=g\",\"contentUrl\":\"https:\\\/\\\/secure.gravatar.com\\\/avatar\\\/5964256d6c6957de3a3505278957e0fb2a35119ac47ea41827a65301213c810b?s=96&d=mm&r=g\",\"caption\":\"Jacqueline ROTEN\"}}]}<\/script>\n<!-- \/ Yoast SEO plugin. -->","yoast_head_json":{"title":"Pessach - Institut Europ\u00e9en des Musiques Juives","robots":{"index":"index","follow":"follow","max-snippet":"max-snippet:-1","max-image-preview":"max-image-preview:large","max-video-preview":"max-video-preview:-1"},"canonical":"https:\/\/www.iemj.org\/it\/pessah\/","og_locale":"it_IT","og_type":"article","og_title":"Pessach - Institut Europ\u00e9en des Musiques Juives","og_description":"Pessach&#8211; \u05e4\u05b6\u05bc\u05e1\u05b7\u05d7 &#8211; \u00e8 una delle tre feste di pellegrinaggio del calendario ebraico (insieme a Shavuot e Sukkot), durante le quali viene commemorata l&#8217;uscita degli Ebrei dall&#8217;Egitto. Festa altamente simbolica","og_url":"https:\/\/www.iemj.org\/it\/pessah\/","og_site_name":"Institut Europ\u00e9en des Musiques Juives","article_publisher":"https:\/\/www.facebook.com\/MusiquesJuives\/","article_published_time":"2020-04-02T09:11:02+00:00","article_modified_time":"2025-10-06T10:54:58+00:00","og_image":[{"width":500,"height":500,"url":"https:\/\/www.iemj.org\/wp-content\/uploads\/2020\/04\/Article-fond-Pessah.jpg","type":"image\/jpeg"}],"author":"Jacqueline ROTEN","twitter_card":"summary_large_image","twitter_misc":{"Scritto da":"Jacqueline ROTEN","Tempo di lettura stimato":"11 minuti"},"schema":{"@context":"https:\/\/schema.org","@graph":[{"@type":"Article","@id":"https:\/\/www.iemj.org\/it\/pessah\/#article","isPartOf":{"@id":"https:\/\/www.iemj.org\/it\/pessah\/"},"author":{"name":"Jacqueline ROTEN","@id":"https:\/\/www.iemj.org\/it\/#\/schema\/person\/358e26c18aca017fcc4cc15437f7279c"},"headline":"Pessach","datePublished":"2020-04-02T09:11:02+00:00","dateModified":"2025-10-06T10:54:58+00:00","mainEntityOfPage":{"@id":"https:\/\/www.iemj.org\/it\/pessah\/"},"wordCount":1601,"publisher":{"@id":"https:\/\/www.iemj.org\/it\/#organization"},"image":{"@id":"https:\/\/www.iemj.org\/it\/pessah\/#primaryimage"},"thumbnailUrl":"https:\/\/www.iemj.org\/wp-content\/uploads\/2020\/04\/Article-fond-Pessah.jpg","articleSection":["Articoli di fondo","Musica liturgica"],"inLanguage":"it-IT"},{"@type":"WebPage","@id":"https:\/\/www.iemj.org\/it\/pessah\/","url":"https:\/\/www.iemj.org\/it\/pessah\/","name":"Pessach - Institut Europ\u00e9en des Musiques Juives","isPartOf":{"@id":"https:\/\/www.iemj.org\/it\/#website"},"primaryImageOfPage":{"@id":"https:\/\/www.iemj.org\/it\/pessah\/#primaryimage"},"image":{"@id":"https:\/\/www.iemj.org\/it\/pessah\/#primaryimage"},"thumbnailUrl":"https:\/\/www.iemj.org\/wp-content\/uploads\/2020\/04\/Article-fond-Pessah.jpg","datePublished":"2020-04-02T09:11:02+00:00","dateModified":"2025-10-06T10:54:58+00:00","breadcrumb":{"@id":"https:\/\/www.iemj.org\/it\/pessah\/#breadcrumb"},"inLanguage":"it-IT","potentialAction":[{"@type":"ReadAction","target":["https:\/\/www.iemj.org\/it\/pessah\/"]}]},{"@type":"ImageObject","inLanguage":"it-IT","@id":"https:\/\/www.iemj.org\/it\/pessah\/#primaryimage","url":"https:\/\/www.iemj.org\/wp-content\/uploads\/2020\/04\/Article-fond-Pessah.jpg","contentUrl":"https:\/\/www.iemj.org\/wp-content\/uploads\/2020\/04\/Article-fond-Pessah.jpg","width":500,"height":500},{"@type":"BreadcrumbList","@id":"https:\/\/www.iemj.org\/it\/pessah\/#breadcrumb","itemListElement":[{"@type":"ListItem","position":1,"name":"Accueil","item":"https:\/\/www.iemj.org\/it\/"},{"@type":"ListItem","position":2,"name":"Pessach"}]},{"@type":"WebSite","@id":"https:\/\/www.iemj.org\/it\/#website","url":"https:\/\/www.iemj.org\/it\/","name":"Institut Europ\u00e9en des Musiques Juives","description":"Des traditions musicales \u00e0 la port\u00e9e de tous","publisher":{"@id":"https:\/\/www.iemj.org\/it\/#organization"},"potentialAction":[{"@type":"SearchAction","target":{"@type":"EntryPoint","urlTemplate":"https:\/\/www.iemj.org\/it\/?s={search_term_string}"},"query-input":{"@type":"PropertyValueSpecification","valueRequired":true,"valueName":"search_term_string"}}],"inLanguage":"it-IT"},{"@type":"Organization","@id":"https:\/\/www.iemj.org\/it\/#organization","name":"Institut Europ\u00e9en des Musiques Juives","url":"https:\/\/www.iemj.org\/it\/","logo":{"@type":"ImageObject","inLanguage":"it-IT","@id":"https:\/\/www.iemj.org\/it\/#\/schema\/logo\/image\/","url":"https:\/\/www.iemj.org\/wp-content\/uploads\/2021\/09\/Logo-IEMJ-Paypal.jpg","contentUrl":"https:\/\/www.iemj.org\/wp-content\/uploads\/2021\/09\/Logo-IEMJ-Paypal.jpg","width":150,"height":50,"caption":"Institut Europ\u00e9en des Musiques Juives"},"image":{"@id":"https:\/\/www.iemj.org\/it\/#\/schema\/logo\/image\/"},"sameAs":["https:\/\/www.facebook.com\/MusiquesJuives\/","https:\/\/www.instagram.com\/musiquesjuives\/","https:\/\/www.youtube.com\/user\/musiquesjuives"]},{"@type":"Person","@id":"https:\/\/www.iemj.org\/it\/#\/schema\/person\/358e26c18aca017fcc4cc15437f7279c","name":"Jacqueline ROTEN","image":{"@type":"ImageObject","inLanguage":"it-IT","@id":"https:\/\/secure.gravatar.com\/avatar\/5964256d6c6957de3a3505278957e0fb2a35119ac47ea41827a65301213c810b?s=96&d=mm&r=g","url":"https:\/\/secure.gravatar.com\/avatar\/5964256d6c6957de3a3505278957e0fb2a35119ac47ea41827a65301213c810b?s=96&d=mm&r=g","contentUrl":"https:\/\/secure.gravatar.com\/avatar\/5964256d6c6957de3a3505278957e0fb2a35119ac47ea41827a65301213c810b?s=96&d=mm&r=g","caption":"Jacqueline ROTEN"}}]}},"_links":{"self":[{"href":"https:\/\/www.iemj.org\/it\/wp-json\/wp\/v2\/posts\/71090","targetHints":{"allow":["GET"]}}],"collection":[{"href":"https:\/\/www.iemj.org\/it\/wp-json\/wp\/v2\/posts"}],"about":[{"href":"https:\/\/www.iemj.org\/it\/wp-json\/wp\/v2\/types\/post"}],"author":[{"embeddable":true,"href":"https:\/\/www.iemj.org\/it\/wp-json\/wp\/v2\/users\/5"}],"replies":[{"embeddable":true,"href":"https:\/\/www.iemj.org\/it\/wp-json\/wp\/v2\/comments?post=71090"}],"version-history":[{"count":1,"href":"https:\/\/www.iemj.org\/it\/wp-json\/wp\/v2\/posts\/71090\/revisions"}],"predecessor-version":[{"id":126363,"href":"https:\/\/www.iemj.org\/it\/wp-json\/wp\/v2\/posts\/71090\/revisions\/126363"}],"wp:featuredmedia":[{"embeddable":true,"href":"https:\/\/www.iemj.org\/it\/wp-json\/wp\/v2\/media\/111191"}],"wp:attachment":[{"href":"https:\/\/www.iemj.org\/it\/wp-json\/wp\/v2\/media?parent=71090"}],"wp:term":[{"taxonomy":"category","embeddable":true,"href":"https:\/\/www.iemj.org\/it\/wp-json\/wp\/v2\/categories?post=71090"},{"taxonomy":"post_tag","embeddable":true,"href":"https:\/\/www.iemj.org\/it\/wp-json\/wp\/v2\/tags?post=71090"},{"taxonomy":"technique","embeddable":true,"href":"https:\/\/www.iemj.org\/it\/wp-json\/wp\/v2\/technique?post=71090"},{"taxonomy":"squelettes","embeddable":true,"href":"https:\/\/www.iemj.org\/it\/wp-json\/wp\/v2\/squelettes?post=71090"},{"taxonomy":"sujet","embeddable":true,"href":"https:\/\/www.iemj.org\/it\/wp-json\/wp\/v2\/sujet?post=71090"},{"taxonomy":"formation","embeddable":true,"href":"https:\/\/www.iemj.org\/it\/wp-json\/wp\/v2\/formation?post=71090"},{"taxonomy":"genre","embeddable":true,"href":"https:\/\/www.iemj.org\/it\/wp-json\/wp\/v2\/genre?post=71090"},{"taxonomy":"fonds","embeddable":true,"href":"https:\/\/www.iemj.org\/it\/wp-json\/wp\/v2\/fonds?post=71090"},{"taxonomy":"tradition","embeddable":true,"href":"https:\/\/www.iemj.org\/it\/wp-json\/wp\/v2\/tradition?post=71090"},{"taxonomy":"type-de-contenu","embeddable":true,"href":"https:\/\/www.iemj.org\/it\/wp-json\/wp\/v2\/type-de-contenu?post=71090"},{"taxonomy":"interprete-compositeur","embeddable":true,"href":"https:\/\/www.iemj.org\/it\/wp-json\/wp\/v2\/interprete-compositeur?post=71090"},{"taxonomy":"frise","embeddable":true,"href":"https:\/\/www.iemj.org\/it\/wp-json\/wp\/v2\/frise?post=71090"},{"taxonomy":"type-devenement","embeddable":true,"href":"https:\/\/www.iemj.org\/it\/wp-json\/wp\/v2\/type-devenement?post=71090"},{"taxonomy":"tableaux-liens-externes","embeddable":true,"href":"https:\/\/www.iemj.org\/it\/wp-json\/wp\/v2\/tableaux-liens-externes?post=71090"}],"curies":[{"name":"wp","href":"https:\/\/api.w.org\/{rel}","templated":true}]}}