{"id":71231,"date":"2019-01-16T10:47:37","date_gmt":"2019-01-16T09:47:37","guid":{"rendered":"https:\/\/www.iemj.org\/sulzer-salomon-1804-1890\/"},"modified":"2025-09-09T17:16:24","modified_gmt":"2025-09-09T15:16:24","slug":"sulzer-salomon-1804-1890","status":"publish","type":"post","link":"https:\/\/www.iemj.org\/it\/sulzer-salomon-1804-1890\/","title":{"rendered":"Sulzer, Salomon (1804-1890)"},"content":{"rendered":"<p>Salomon Sulzer nasce il 30 marzo 1804 a Hohenems (Austria). La sua famiglia, conosciuta come Loewy (Levi) prima del 1813, era originaria di Sulz (Austria), da cui probabilmente deriva il nome &#8220;Sulzer&#8221;. Nel 1748 la famiglia Sulzer si stabilisce a Hohenems, ad una decina di chilometri a nord di Sulz, ed \u00e8 l\u00ec che nasce il giovane Salomon Sulzer.<\/p>\n<p>Fin da piccolo Salomon Sulzer \u00e8 introdotto al canto liturgico con gli <em>hazzanim<\/em> di Endingen (Svizzera), di Karlsruhe (Germania), e successivamente con Salomon Eichberg, cantore a Hohenems e D\u00fcsseldorf. Nel 1820, all&#8217;et\u00e0 di 16 anni, Sulzer ottiene il posto di cantore e maestro di cappella nella sua citt\u00e0 natale di Hohenems. Assume questa carica per cinque anni, durante i quali modernizza la liturgia e introduce la musica corale durante le funzioni.<\/p>\n<p><img fetchpriority=\"high\" decoding=\"async\" class=\" alignright size-full wp-image-71264\" src=\"https:\/\/www.iemj.org\/wp-content\/uploads\/2019\/01\/young_salomon_sulzer001_redim_verticale_250.jpg\" alt=\"young_salomon_sulzer001_redim_verticale_250.jpg\" width=\"208\" height=\"250\" align=\"right\" \/><\/p>\n<p>Nel 1826, su richiesta del rabbino modernista Isaak Noah Mannheimer di Vienna (Austria), \u00e8 nominato cantore principale della nuova sinagoga Seitenstettengasse a Vienna, dove rimane per 54 anni. L\u00ec riorganizza le parti musicali della liturgia ebraica, conservando le melodie e i canti tradizionali, ma armonizzandoli secondo i concetti musicali del suo tempo. Questa riforma dei canti liturgici, che mirava a istituire un &#8220;servizio ordinato&#8221; (<em>Geordneter Gottesdienst<\/em>) invece del carattere improvvisato del canto degli <em>hazzanim<\/em>, \u00e8 successivamente ampiamente adottata dalle sinagoghe riformate della met\u00e0 del XIX secolo.<\/p>\n<p>Al di fuori dell&#8217;ebraismo viennese, Sulzer \u00e8 rapidamente riconosciuto come una figura di spicco del mondo musicale e il suo meraviglioso timbro baritonale \u00e8 conosciuto ben oltre i confini della citt\u00e0. I compositori Franz Schubert, Franz Liszt, Giacomo Meyerbeer, Robert Schumann e Nicol\u00f2 Paganini erano tra i suoi numerosi ammiratori e amici che spesso si recavano nel tempio nella citt\u00e0 di Vienna per ascoltare Sulzer.<\/p>\n<p><img decoding=\"async\" class=\" alignleft size-full wp-image-71265\" src=\"https:\/\/www.iemj.org\/wp-content\/uploads\/2019\/01\/300px-old_salomon_sulzer001_redim_verticale_285.jpg\" alt=\"300px-old_salomon_sulzer001_redim_verticale_285.jpg\" width=\"187\" height=\"285\" align=\"left\" \/><\/p>\n<p>Sulzer ha pubblicato un gran numero di spartiti, comprese le sue composizioni, cos\u00ec come quelle di altri compositori. Ha anche scritto brani profani (alcuni su dei poemi di Goethe) e, come cantante, fu particolarmente noto per le sue interpretazioni dei Lieder di Schubert. Chiese anche a quest&#8217;ultimo di scrivere la musica per un salmo in ebraico, che Schubert fece per il salmo 92: <em>Mizmor shir leyom hashabbat, Tov lehodos<\/em>&#8230; che fu cantato nella sinagoga di Vienna dallo stesso Sulzer nel corso dell&#8217;estate del 1828.<\/p>\n<p>Tra il 1840 e il 1865 (o 1866), Sulzer pubblica il suo capolavoro: <strong><em>Shir Zion<\/em><\/strong> (Il canto di Sion), una raccolta di musica in due volumi per lo Shabbat e le festivit\u00e0 ebraiche, tra cui Rosh Hashanah e Yom Kippur, per officiante, coro e risposte dell&#8217;assemblea dei fedeli, con accompagnamento, opzionale,.dell&#8217;organo Questa raccolta \u00e8 un compromesso tra il canto tradizionale sinagogale (per l&#8217;officiante) e degli elementi che ricordano la liturgia protestante per il coro.<\/p>\n<p><img decoding=\"async\" class=\" alignright size-full wp-image-71266\" src=\"https:\/\/www.iemj.org\/wp-content\/uploads\/2019\/01\/schir_zion_ausschnitt_redim_verticale_300.jpg\" alt=\"schir_zion_ausschnitt_redim_verticale_300.jpg\" width=\"221\" height=\"300\" align=\"right\" \/><\/p>\n<p>Questo lavoro di compilazione e modernizzazione del canto liturgico valse a Sulzer il soprannome di &#8220;padre della moderna musica sinagogale&#8221;. Ed i suoi scritti musicali e la sua influenza durarono molto tempo dopo la sua morte, avvenuta il 17 gennaio 1890 a Vienna.<\/p>\n<p>Da segnalare infine che Sulzer ha pubblicato anche un volumetto di canti dal titolo <em>Duda&#8217;im<\/em> ed alcune composizioni profane e sacre. In tutte le sue composizioni liturgiche, particolare attenzione \u00e8 riservata al testo ebraico e alla sua prosodia. La compilation<em> Zwanzig Ges\u00e4nge f\u00fcr den Israelitischen Gottesdienst<\/em> (Vienna, 1892) \u00e8 stata stampata postuma.<\/p>\n<p>Fonti\u00a0:<br \/><a href=\"https:\/\/www.britannica.com\/biography\/Salomon-Sulzer\">Encyclopaedia Britannica<\/a><br \/><a href=\"https:\/\/fr.wikipedia.org\/wiki\/Salomon_Sulzer\" target=\"_blank\" rel=\"noopener\">Wikipedia Salomon Sulzer<\/a><br \/><a href=\"http:\/\/www.jm-hohenems.at\/en\/jewish-quarter\/biographies\/salomon-sulzer\">J\u00fcdisches Museum Hohenemes <\/a><\/p>\n<p><a href=\"https:\/\/www.iemj.org\/it\/chants-liturgiques-de-salomon-sulzer-1804-1890\/\" target=\"_blank\" rel=\"noopener\"><u>Ascoltare una selezione di opere di Salomon Sulzer<\/u><\/a><\/p>\n<p><iframe src=\"https:\/\/www.youtube.com\/embed\/UCVJs4PHzgM\" width=\"560\" height=\"315\" frameborder=\"0\" allowfullscreen=\"allowfullscreen\"><\/iframe><\/p>\n\n\n<h2 class=\"wp-block-heading\"><\/h2>\n\n\n<div class=\"wp-block-image\">\n<figure class=\"aligncenter size-large\"><img loading=\"lazy\" decoding=\"async\" width=\"1024\" height=\"133\" src=\"https:\/\/www.iemj.org\/wp-content\/uploads\/2024\/03\/AUDIO-PLAYER-1024x133.png\" alt=\"\" class=\"wp-image-110609\" srcset=\"https:\/\/www.iemj.org\/wp-content\/uploads\/2024\/03\/AUDIO-PLAYER-1024x133.png 1024w, https:\/\/www.iemj.org\/wp-content\/uploads\/2024\/03\/AUDIO-PLAYER-300x39.png 300w, https:\/\/www.iemj.org\/wp-content\/uploads\/2024\/03\/AUDIO-PLAYER-768x100.png 768w, https:\/\/www.iemj.org\/wp-content\/uploads\/2024\/03\/AUDIO-PLAYER-600x78.png 600w, https:\/\/www.iemj.org\/wp-content\/uploads\/2024\/03\/AUDIO-PLAYER.png 1210w\" sizes=\"(max-width: 1024px) 100vw, 1024px\" \/><\/figure>\n<\/div>\n\n\n<div class=\"wp-block-file\"><a href=\"https:\/\/www.iemj.org\/wp-content\/uploads\/2019\/01\/psaume_92_tow_lehodos_-_franz_schubert.mp3\">Psaume 92 Tow Lehodos &#8211; Franz Schubert<\/a><\/div>\n","protected":false},"excerpt":{"rendered":"<p>Salomon Sulzer nasce il 30 marzo 1804 a Hohenems (Austria). La sua famiglia, conosciuta come Loewy (Levi) prima del 1813, era originaria di Sulz (Austria), da cui probabilmente deriva il<\/p>\n","protected":false},"author":5,"featured_media":71232,"comment_status":"closed","ping_status":"closed","sticky":false,"template":"","format":"standard","meta":{"_acf_changed":false,"footnotes":""},"categories":[1416],"tags":[],"technique":[],"squelettes":[],"sujet":[],"formation":[],"genre":[],"fonds":[],"tradition":[],"type-de-contenu":[],"interprete-compositeur":[],"frise":[],"type-devenement":[],"tableaux-liens-externes":[],"class_list":["post-71231","post","type-post","status-publish","format-standard","has-post-thumbnail","hentry","category-biografie-it"],"acf":[],"yoast_head":"<!-- This site is optimized with the Yoast SEO plugin v27.3 - https:\/\/yoast.com\/product\/yoast-seo-wordpress\/ -->\n<title>Sulzer, Salomon (1804-1890) - Institut Europ\u00e9en des Musiques Juives<\/title>\n<meta name=\"robots\" content=\"index, follow, max-snippet:-1, max-image-preview:large, max-video-preview:-1\" \/>\n<link rel=\"canonical\" href=\"https:\/\/www.iemj.org\/it\/sulzer-salomon-1804-1890\/\" \/>\n<meta property=\"og:locale\" content=\"it_IT\" \/>\n<meta property=\"og:type\" content=\"article\" \/>\n<meta property=\"og:title\" content=\"Sulzer, Salomon (1804-1890) - Institut Europ\u00e9en des Musiques Juives\" \/>\n<meta property=\"og:description\" content=\"Salomon Sulzer nasce il 30 marzo 1804 a Hohenems (Austria). La sua famiglia, conosciuta come Loewy (Levi) prima del 1813, era originaria di Sulz (Austria), da cui probabilmente deriva il\" \/>\n<meta property=\"og:url\" content=\"https:\/\/www.iemj.org\/it\/sulzer-salomon-1804-1890\/\" \/>\n<meta property=\"og:site_name\" content=\"Institut Europ\u00e9en des Musiques Juives\" \/>\n<meta property=\"article:publisher\" content=\"https:\/\/www.facebook.com\/MusiquesJuives\/\" \/>\n<meta property=\"article:published_time\" content=\"2019-01-16T09:47:37+00:00\" \/>\n<meta property=\"article:modified_time\" content=\"2025-09-09T15:16:24+00:00\" \/>\n<meta property=\"og:image\" content=\"https:\/\/www.iemj.org\/wp-content\/uploads\/2019\/01\/arton3889-e1617023387857.jpg\" \/>\n\t<meta property=\"og:image:width\" content=\"164\" \/>\n\t<meta property=\"og:image:height\" content=\"218\" \/>\n\t<meta property=\"og:image:type\" content=\"image\/jpeg\" \/>\n<meta name=\"author\" content=\"Jacqueline ROTEN\" \/>\n<meta name=\"twitter:card\" content=\"summary_large_image\" \/>\n<meta name=\"twitter:label1\" content=\"Scritto da\" \/>\n\t<meta name=\"twitter:data1\" content=\"Jacqueline ROTEN\" \/>\n\t<meta name=\"twitter:label2\" content=\"Tempo di lettura stimato\" \/>\n\t<meta name=\"twitter:data2\" content=\"4 minuti\" \/>\n<script type=\"application\/ld+json\" class=\"yoast-schema-graph\">{\"@context\":\"https:\\\/\\\/schema.org\",\"@graph\":[{\"@type\":\"Article\",\"@id\":\"https:\\\/\\\/www.iemj.org\\\/it\\\/sulzer-salomon-1804-1890\\\/#article\",\"isPartOf\":{\"@id\":\"https:\\\/\\\/www.iemj.org\\\/it\\\/sulzer-salomon-1804-1890\\\/\"},\"author\":{\"name\":\"Jacqueline ROTEN\",\"@id\":\"https:\\\/\\\/www.iemj.org\\\/it\\\/#\\\/schema\\\/person\\\/358e26c18aca017fcc4cc15437f7279c\"},\"headline\":\"Sulzer, Salomon (1804-1890)\",\"datePublished\":\"2019-01-16T09:47:37+00:00\",\"dateModified\":\"2025-09-09T15:16:24+00:00\",\"mainEntityOfPage\":{\"@id\":\"https:\\\/\\\/www.iemj.org\\\/it\\\/sulzer-salomon-1804-1890\\\/\"},\"wordCount\":548,\"publisher\":{\"@id\":\"https:\\\/\\\/www.iemj.org\\\/it\\\/#organization\"},\"image\":{\"@id\":\"https:\\\/\\\/www.iemj.org\\\/it\\\/sulzer-salomon-1804-1890\\\/#primaryimage\"},\"thumbnailUrl\":\"https:\\\/\\\/www.iemj.org\\\/wp-content\\\/uploads\\\/2019\\\/01\\\/arton3889-e1617023387857.jpg\",\"articleSection\":[\"Biografie\"],\"inLanguage\":\"it-IT\"},{\"@type\":\"WebPage\",\"@id\":\"https:\\\/\\\/www.iemj.org\\\/it\\\/sulzer-salomon-1804-1890\\\/\",\"url\":\"https:\\\/\\\/www.iemj.org\\\/it\\\/sulzer-salomon-1804-1890\\\/\",\"name\":\"Sulzer, Salomon (1804-1890) - Institut Europ\u00e9en des Musiques Juives\",\"isPartOf\":{\"@id\":\"https:\\\/\\\/www.iemj.org\\\/it\\\/#website\"},\"primaryImageOfPage\":{\"@id\":\"https:\\\/\\\/www.iemj.org\\\/it\\\/sulzer-salomon-1804-1890\\\/#primaryimage\"},\"image\":{\"@id\":\"https:\\\/\\\/www.iemj.org\\\/it\\\/sulzer-salomon-1804-1890\\\/#primaryimage\"},\"thumbnailUrl\":\"https:\\\/\\\/www.iemj.org\\\/wp-content\\\/uploads\\\/2019\\\/01\\\/arton3889-e1617023387857.jpg\",\"datePublished\":\"2019-01-16T09:47:37+00:00\",\"dateModified\":\"2025-09-09T15:16:24+00:00\",\"breadcrumb\":{\"@id\":\"https:\\\/\\\/www.iemj.org\\\/it\\\/sulzer-salomon-1804-1890\\\/#breadcrumb\"},\"inLanguage\":\"it-IT\",\"potentialAction\":[{\"@type\":\"ReadAction\",\"target\":[\"https:\\\/\\\/www.iemj.org\\\/it\\\/sulzer-salomon-1804-1890\\\/\"]}]},{\"@type\":\"ImageObject\",\"inLanguage\":\"it-IT\",\"@id\":\"https:\\\/\\\/www.iemj.org\\\/it\\\/sulzer-salomon-1804-1890\\\/#primaryimage\",\"url\":\"https:\\\/\\\/www.iemj.org\\\/wp-content\\\/uploads\\\/2019\\\/01\\\/arton3889-e1617023387857.jpg\",\"contentUrl\":\"https:\\\/\\\/www.iemj.org\\\/wp-content\\\/uploads\\\/2019\\\/01\\\/arton3889-e1617023387857.jpg\",\"width\":164,\"height\":218},{\"@type\":\"BreadcrumbList\",\"@id\":\"https:\\\/\\\/www.iemj.org\\\/it\\\/sulzer-salomon-1804-1890\\\/#breadcrumb\",\"itemListElement\":[{\"@type\":\"ListItem\",\"position\":1,\"name\":\"Accueil\",\"item\":\"https:\\\/\\\/www.iemj.org\\\/it\\\/\"},{\"@type\":\"ListItem\",\"position\":2,\"name\":\"Sulzer, Salomon (1804-1890)\"}]},{\"@type\":\"WebSite\",\"@id\":\"https:\\\/\\\/www.iemj.org\\\/it\\\/#website\",\"url\":\"https:\\\/\\\/www.iemj.org\\\/it\\\/\",\"name\":\"Institut Europ\u00e9en des Musiques Juives\",\"description\":\"Des traditions musicales \u00e0 la port\u00e9e de tous\",\"publisher\":{\"@id\":\"https:\\\/\\\/www.iemj.org\\\/it\\\/#organization\"},\"potentialAction\":[{\"@type\":\"SearchAction\",\"target\":{\"@type\":\"EntryPoint\",\"urlTemplate\":\"https:\\\/\\\/www.iemj.org\\\/it\\\/?s={search_term_string}\"},\"query-input\":{\"@type\":\"PropertyValueSpecification\",\"valueRequired\":true,\"valueName\":\"search_term_string\"}}],\"inLanguage\":\"it-IT\"},{\"@type\":\"Organization\",\"@id\":\"https:\\\/\\\/www.iemj.org\\\/it\\\/#organization\",\"name\":\"Institut Europ\u00e9en des Musiques Juives\",\"url\":\"https:\\\/\\\/www.iemj.org\\\/it\\\/\",\"logo\":{\"@type\":\"ImageObject\",\"inLanguage\":\"it-IT\",\"@id\":\"https:\\\/\\\/www.iemj.org\\\/it\\\/#\\\/schema\\\/logo\\\/image\\\/\",\"url\":\"https:\\\/\\\/www.iemj.org\\\/wp-content\\\/uploads\\\/2021\\\/09\\\/Logo-IEMJ-Paypal.jpg\",\"contentUrl\":\"https:\\\/\\\/www.iemj.org\\\/wp-content\\\/uploads\\\/2021\\\/09\\\/Logo-IEMJ-Paypal.jpg\",\"width\":150,\"height\":50,\"caption\":\"Institut Europ\u00e9en des Musiques Juives\"},\"image\":{\"@id\":\"https:\\\/\\\/www.iemj.org\\\/it\\\/#\\\/schema\\\/logo\\\/image\\\/\"},\"sameAs\":[\"https:\\\/\\\/www.facebook.com\\\/MusiquesJuives\\\/\",\"https:\\\/\\\/www.instagram.com\\\/musiquesjuives\\\/\",\"https:\\\/\\\/www.youtube.com\\\/user\\\/musiquesjuives\"]},{\"@type\":\"Person\",\"@id\":\"https:\\\/\\\/www.iemj.org\\\/it\\\/#\\\/schema\\\/person\\\/358e26c18aca017fcc4cc15437f7279c\",\"name\":\"Jacqueline ROTEN\",\"image\":{\"@type\":\"ImageObject\",\"inLanguage\":\"it-IT\",\"@id\":\"https:\\\/\\\/secure.gravatar.com\\\/avatar\\\/5964256d6c6957de3a3505278957e0fb2a35119ac47ea41827a65301213c810b?s=96&d=mm&r=g\",\"url\":\"https:\\\/\\\/secure.gravatar.com\\\/avatar\\\/5964256d6c6957de3a3505278957e0fb2a35119ac47ea41827a65301213c810b?s=96&d=mm&r=g\",\"contentUrl\":\"https:\\\/\\\/secure.gravatar.com\\\/avatar\\\/5964256d6c6957de3a3505278957e0fb2a35119ac47ea41827a65301213c810b?s=96&d=mm&r=g\",\"caption\":\"Jacqueline ROTEN\"}}]}<\/script>\n<!-- \/ Yoast SEO plugin. -->","yoast_head_json":{"title":"Sulzer, Salomon (1804-1890) - Institut Europ\u00e9en des Musiques Juives","robots":{"index":"index","follow":"follow","max-snippet":"max-snippet:-1","max-image-preview":"max-image-preview:large","max-video-preview":"max-video-preview:-1"},"canonical":"https:\/\/www.iemj.org\/it\/sulzer-salomon-1804-1890\/","og_locale":"it_IT","og_type":"article","og_title":"Sulzer, Salomon (1804-1890) - Institut Europ\u00e9en des Musiques Juives","og_description":"Salomon Sulzer nasce il 30 marzo 1804 a Hohenems (Austria). La sua famiglia, conosciuta come Loewy (Levi) prima del 1813, era originaria di Sulz (Austria), da cui probabilmente deriva il","og_url":"https:\/\/www.iemj.org\/it\/sulzer-salomon-1804-1890\/","og_site_name":"Institut Europ\u00e9en des Musiques Juives","article_publisher":"https:\/\/www.facebook.com\/MusiquesJuives\/","article_published_time":"2019-01-16T09:47:37+00:00","article_modified_time":"2025-09-09T15:16:24+00:00","og_image":[{"width":164,"height":218,"url":"https:\/\/www.iemj.org\/wp-content\/uploads\/2019\/01\/arton3889-e1617023387857.jpg","type":"image\/jpeg"}],"author":"Jacqueline ROTEN","twitter_card":"summary_large_image","twitter_misc":{"Scritto da":"Jacqueline ROTEN","Tempo di lettura stimato":"4 minuti"},"schema":{"@context":"https:\/\/schema.org","@graph":[{"@type":"Article","@id":"https:\/\/www.iemj.org\/it\/sulzer-salomon-1804-1890\/#article","isPartOf":{"@id":"https:\/\/www.iemj.org\/it\/sulzer-salomon-1804-1890\/"},"author":{"name":"Jacqueline ROTEN","@id":"https:\/\/www.iemj.org\/it\/#\/schema\/person\/358e26c18aca017fcc4cc15437f7279c"},"headline":"Sulzer, Salomon (1804-1890)","datePublished":"2019-01-16T09:47:37+00:00","dateModified":"2025-09-09T15:16:24+00:00","mainEntityOfPage":{"@id":"https:\/\/www.iemj.org\/it\/sulzer-salomon-1804-1890\/"},"wordCount":548,"publisher":{"@id":"https:\/\/www.iemj.org\/it\/#organization"},"image":{"@id":"https:\/\/www.iemj.org\/it\/sulzer-salomon-1804-1890\/#primaryimage"},"thumbnailUrl":"https:\/\/www.iemj.org\/wp-content\/uploads\/2019\/01\/arton3889-e1617023387857.jpg","articleSection":["Biografie"],"inLanguage":"it-IT"},{"@type":"WebPage","@id":"https:\/\/www.iemj.org\/it\/sulzer-salomon-1804-1890\/","url":"https:\/\/www.iemj.org\/it\/sulzer-salomon-1804-1890\/","name":"Sulzer, Salomon (1804-1890) - Institut Europ\u00e9en des Musiques Juives","isPartOf":{"@id":"https:\/\/www.iemj.org\/it\/#website"},"primaryImageOfPage":{"@id":"https:\/\/www.iemj.org\/it\/sulzer-salomon-1804-1890\/#primaryimage"},"image":{"@id":"https:\/\/www.iemj.org\/it\/sulzer-salomon-1804-1890\/#primaryimage"},"thumbnailUrl":"https:\/\/www.iemj.org\/wp-content\/uploads\/2019\/01\/arton3889-e1617023387857.jpg","datePublished":"2019-01-16T09:47:37+00:00","dateModified":"2025-09-09T15:16:24+00:00","breadcrumb":{"@id":"https:\/\/www.iemj.org\/it\/sulzer-salomon-1804-1890\/#breadcrumb"},"inLanguage":"it-IT","potentialAction":[{"@type":"ReadAction","target":["https:\/\/www.iemj.org\/it\/sulzer-salomon-1804-1890\/"]}]},{"@type":"ImageObject","inLanguage":"it-IT","@id":"https:\/\/www.iemj.org\/it\/sulzer-salomon-1804-1890\/#primaryimage","url":"https:\/\/www.iemj.org\/wp-content\/uploads\/2019\/01\/arton3889-e1617023387857.jpg","contentUrl":"https:\/\/www.iemj.org\/wp-content\/uploads\/2019\/01\/arton3889-e1617023387857.jpg","width":164,"height":218},{"@type":"BreadcrumbList","@id":"https:\/\/www.iemj.org\/it\/sulzer-salomon-1804-1890\/#breadcrumb","itemListElement":[{"@type":"ListItem","position":1,"name":"Accueil","item":"https:\/\/www.iemj.org\/it\/"},{"@type":"ListItem","position":2,"name":"Sulzer, Salomon (1804-1890)"}]},{"@type":"WebSite","@id":"https:\/\/www.iemj.org\/it\/#website","url":"https:\/\/www.iemj.org\/it\/","name":"Institut Europ\u00e9en des Musiques Juives","description":"Des traditions musicales \u00e0 la port\u00e9e de tous","publisher":{"@id":"https:\/\/www.iemj.org\/it\/#organization"},"potentialAction":[{"@type":"SearchAction","target":{"@type":"EntryPoint","urlTemplate":"https:\/\/www.iemj.org\/it\/?s={search_term_string}"},"query-input":{"@type":"PropertyValueSpecification","valueRequired":true,"valueName":"search_term_string"}}],"inLanguage":"it-IT"},{"@type":"Organization","@id":"https:\/\/www.iemj.org\/it\/#organization","name":"Institut Europ\u00e9en des Musiques Juives","url":"https:\/\/www.iemj.org\/it\/","logo":{"@type":"ImageObject","inLanguage":"it-IT","@id":"https:\/\/www.iemj.org\/it\/#\/schema\/logo\/image\/","url":"https:\/\/www.iemj.org\/wp-content\/uploads\/2021\/09\/Logo-IEMJ-Paypal.jpg","contentUrl":"https:\/\/www.iemj.org\/wp-content\/uploads\/2021\/09\/Logo-IEMJ-Paypal.jpg","width":150,"height":50,"caption":"Institut Europ\u00e9en des Musiques Juives"},"image":{"@id":"https:\/\/www.iemj.org\/it\/#\/schema\/logo\/image\/"},"sameAs":["https:\/\/www.facebook.com\/MusiquesJuives\/","https:\/\/www.instagram.com\/musiquesjuives\/","https:\/\/www.youtube.com\/user\/musiquesjuives"]},{"@type":"Person","@id":"https:\/\/www.iemj.org\/it\/#\/schema\/person\/358e26c18aca017fcc4cc15437f7279c","name":"Jacqueline ROTEN","image":{"@type":"ImageObject","inLanguage":"it-IT","@id":"https:\/\/secure.gravatar.com\/avatar\/5964256d6c6957de3a3505278957e0fb2a35119ac47ea41827a65301213c810b?s=96&d=mm&r=g","url":"https:\/\/secure.gravatar.com\/avatar\/5964256d6c6957de3a3505278957e0fb2a35119ac47ea41827a65301213c810b?s=96&d=mm&r=g","contentUrl":"https:\/\/secure.gravatar.com\/avatar\/5964256d6c6957de3a3505278957e0fb2a35119ac47ea41827a65301213c810b?s=96&d=mm&r=g","caption":"Jacqueline ROTEN"}}]}},"_links":{"self":[{"href":"https:\/\/www.iemj.org\/it\/wp-json\/wp\/v2\/posts\/71231","targetHints":{"allow":["GET"]}}],"collection":[{"href":"https:\/\/www.iemj.org\/it\/wp-json\/wp\/v2\/posts"}],"about":[{"href":"https:\/\/www.iemj.org\/it\/wp-json\/wp\/v2\/types\/post"}],"author":[{"embeddable":true,"href":"https:\/\/www.iemj.org\/it\/wp-json\/wp\/v2\/users\/5"}],"replies":[{"embeddable":true,"href":"https:\/\/www.iemj.org\/it\/wp-json\/wp\/v2\/comments?post=71231"}],"version-history":[{"count":0,"href":"https:\/\/www.iemj.org\/it\/wp-json\/wp\/v2\/posts\/71231\/revisions"}],"wp:featuredmedia":[{"embeddable":true,"href":"https:\/\/www.iemj.org\/it\/wp-json\/wp\/v2\/media\/71232"}],"wp:attachment":[{"href":"https:\/\/www.iemj.org\/it\/wp-json\/wp\/v2\/media?parent=71231"}],"wp:term":[{"taxonomy":"category","embeddable":true,"href":"https:\/\/www.iemj.org\/it\/wp-json\/wp\/v2\/categories?post=71231"},{"taxonomy":"post_tag","embeddable":true,"href":"https:\/\/www.iemj.org\/it\/wp-json\/wp\/v2\/tags?post=71231"},{"taxonomy":"technique","embeddable":true,"href":"https:\/\/www.iemj.org\/it\/wp-json\/wp\/v2\/technique?post=71231"},{"taxonomy":"squelettes","embeddable":true,"href":"https:\/\/www.iemj.org\/it\/wp-json\/wp\/v2\/squelettes?post=71231"},{"taxonomy":"sujet","embeddable":true,"href":"https:\/\/www.iemj.org\/it\/wp-json\/wp\/v2\/sujet?post=71231"},{"taxonomy":"formation","embeddable":true,"href":"https:\/\/www.iemj.org\/it\/wp-json\/wp\/v2\/formation?post=71231"},{"taxonomy":"genre","embeddable":true,"href":"https:\/\/www.iemj.org\/it\/wp-json\/wp\/v2\/genre?post=71231"},{"taxonomy":"fonds","embeddable":true,"href":"https:\/\/www.iemj.org\/it\/wp-json\/wp\/v2\/fonds?post=71231"},{"taxonomy":"tradition","embeddable":true,"href":"https:\/\/www.iemj.org\/it\/wp-json\/wp\/v2\/tradition?post=71231"},{"taxonomy":"type-de-contenu","embeddable":true,"href":"https:\/\/www.iemj.org\/it\/wp-json\/wp\/v2\/type-de-contenu?post=71231"},{"taxonomy":"interprete-compositeur","embeddable":true,"href":"https:\/\/www.iemj.org\/it\/wp-json\/wp\/v2\/interprete-compositeur?post=71231"},{"taxonomy":"frise","embeddable":true,"href":"https:\/\/www.iemj.org\/it\/wp-json\/wp\/v2\/frise?post=71231"},{"taxonomy":"type-devenement","embeddable":true,"href":"https:\/\/www.iemj.org\/it\/wp-json\/wp\/v2\/type-devenement?post=71231"},{"taxonomy":"tableaux-liens-externes","embeddable":true,"href":"https:\/\/www.iemj.org\/it\/wp-json\/wp\/v2\/tableaux-liens-externes?post=71231"}],"curies":[{"name":"wp","href":"https:\/\/api.w.org\/{rel}","templated":true}]}}