{"id":71324,"date":"2020-01-27T11:20:20","date_gmt":"2020-01-27T10:20:20","guid":{"rendered":"https:\/\/www.iemj.org\/yarkoni-yaffa-1925-2012\/"},"modified":"2021-11-16T16:09:43","modified_gmt":"2021-11-16T15:09:43","slug":"yarkoni-yaffa-1925-2012","status":"publish","type":"post","link":"https:\/\/www.iemj.org\/it\/yarkoni-yaffa-1925-2012\/","title":{"rendered":"Yarkoni, Yaffa (1925-2012)"},"content":{"rendered":"<p>Yaffa Yarkoni nasce a Givatayim nel 1925 nella Palestina mandataria. Una delle sue canzoni pi\u00f9 note \u00e8 &#8220;Bab-el-Oued&#8221; (1948), dedicata ai soldati israeliani morti durante la Guerra d&#8217;Indipendenza.<\/p>\n<p>Yaffa Yarkoni \u00e8 la maggiore di tre figli di Avraham Abramov e Malka Alkhassov. I suoi genitori erano ebrei caucasici emigrati in Palestina all&#8217;inizio del XX secolo.<\/p>\n<p>Trascorre la sua infanzia a Tel Aviv ed a Givat Rambam (ora quartiere di Givatayim), ed inizia la sua carriera artistica in un caff\u00e8 di quartiere chiamato &#8220;Tzlil&#8221; (&#8220;Suono&#8221;), esibendosi con sua sorella Tikva e suo fratello Binyamin in un popolare trio chiamato &#8221; Bamati&#8221; (&#8220;La mia scena&#8221;).<\/p>\n<p>Su raccomandazione del cantante Shmuel Fischer, Yaffa entra a far parte della compagnia di balletto di Gertrud Kraus, una delle pioniere della danza in Israele, e vi balla per una decina d\u2019anni.<\/p>\n<p><strong><img fetchpriority=\"high\" decoding=\"async\" class=\"wp-image-26835 alignright\" src=\"https:\/\/www.iemj.org\/wp-content\/uploads\/2020\/01\/doc_1_yarkoni.jpg\" alt=\"doc_1_yarkoni.jpg\" width=\"287\" height=\"291\" align=\"middle\" srcset=\"https:\/\/www.iemj.org\/wp-content\/uploads\/2020\/01\/doc_1_yarkoni.jpg 493w, https:\/\/www.iemj.org\/wp-content\/uploads\/2020\/01\/doc_1_yarkoni-296x300.jpg 296w, https:\/\/www.iemj.org\/wp-content\/uploads\/2020\/01\/doc_1_yarkoni-100x100.jpg 100w\" sizes=\"(max-width: 287px) 100vw, 287px\" \/><\/strong><\/p>\n<p>Il 21 settembre 1944, sposa Yossef Gustin, che parte alla guerra il giorno dopo il matrimonio come volontario nella Brigata Ebraica, una unit\u00e0 dell&#8217;8\u00b0 Armata britannica. Gustin cade il 29 marzo 1945 combattendo contro i tedeschi sul fiume Senio in Italia. La canzone <em>Ouri<\/em>, parole di Rafael Klatchkin e musica di Issakhar Meron, \u00e8 stata creata in sua memoria.<\/p>\n<p>Nel 1948, Yaffa sposa Shaike Yarkoni (morto nel 1983), comandante dell&#8217;Hagana e uno dei fondatori delle forze armate israeliane. Insieme avranno tre figlie.<\/p>\n<p>Successivamente entra a far parte della compagnia musicale &#8220;Khichtron&#8221; dell\u2019IDF affiliata alla brigata Givati. <em>Bab el-Wad<\/em>, una canzone che cantava all&#8217;epoca, \u00e8 diventata un classico, cantata ogni anno nel Giorno della Memoria (Yom ha-zikaron). Dopo la guerra, interpreta delle canzoni per la stazione radio <strong>Kol Yisrael<\/strong>.<\/p>\n<p>La maggior parte delle canzoni di Yaffa Yarkoni sono state scritte da <strong>Tuli Reviv<\/strong> e <strong>Haim Hefer.<\/strong> Ha anche interpretato alcune delle prime canzoni per bambini di <strong>Naomi Shemer.<\/strong><\/p>\n<p><img decoding=\"async\" class=\"wp-image-26837 alignleft\" src=\"https:\/\/www.iemj.org\/wp-content\/uploads\/2020\/01\/doc_2_yarkoni.jpg\" alt=\"doc_2_yarkoni.jpg\" width=\"302\" height=\"316\" align=\"middle\" srcset=\"https:\/\/www.iemj.org\/wp-content\/uploads\/2020\/01\/doc_2_yarkoni.jpg 478w, https:\/\/www.iemj.org\/wp-content\/uploads\/2020\/01\/doc_2_yarkoni-287x300.jpg 287w\" sizes=\"(max-width: 302px) 100vw, 302px\" \/><\/p>\n<p>Durante una tregua durante la Guerra d&#8217;Indipendenza, Yarkoni registra un primo disco presso lo studio <strong>Radio Doctor<\/strong>, che riceve una grande accoglienza favorevole da parte del pubblico, in particolare l\u2019hit rumeno <em>Eynayim yeroukot<\/em> che \u00e8 considerata oggi la prima canzone pop in Israele. Successivamente la cantante firma un contratto con la nuova casa discografica <strong>Hed Artzi<\/strong> che pubblicher\u00e0 tutti i suoi album.<\/p>\n<p>L&#8217;album <em>Bab el Wad<\/em> contiene brani della Guerra d&#8217;Indipendenza, come <em>Haamini yom yavo, Rabota\u00ef Hahistoria khozeret, Hafindjan, Khen efschar, Doudou, Yatzanu<\/em> <em>at<\/em> che il pubblico identificher\u00e0 come composizioni di Yaffa Yarkoni, anche se molte tra di esse erano state interpretate in precedenza dalla troupe &#8220;Tchizbatron&#8221;.<\/p>\n<p>Negli anni 1950-1960, Yaffa Yarkoni diventa la cantante numero 1 in Israele, in particolare con una serie di canzoni, trasmesse alla radio, che magnificano lo stato di Israele (<em>Baarvot Hanegev, Hasavta baNegev<\/em> (parole : Avchalom Cohen, 1948)) .<\/p>\n<p>Raggiunge il suo pi\u00f9 grande successo nel 1951 con canzoni da salotto, valzer e tanghi, che accompagnano i balli nei caff\u00e8 dell&#8217;epoca.<\/p>\n<p>Nel 1959 esce l&#8217;album <em>Nirkoda im Yaffa Yarkoni<\/em>, che raccoglie le sue canzoni, tra cui <em>Habibi, Artzenu haktantonet, Skharkhoret.<\/em> La stampa scandalistica le attribuisce spesso una rivalit\u00e0 immaginaria con l&#8217;altra grande cantante del momento, <strong>Shoshana Damari<\/strong>.<\/p>\n<p><img decoding=\"async\" class=\"wp-image-26839 alignright\" src=\"https:\/\/www.iemj.org\/wp-content\/uploads\/2020\/01\/doc_3_yarkoni.jpg\" alt=\"doc_3_yarkoni.jpg\" width=\"275\" height=\"288\" align=\"middle\" srcset=\"https:\/\/www.iemj.org\/wp-content\/uploads\/2020\/01\/doc_3_yarkoni.jpg 478w, https:\/\/www.iemj.org\/wp-content\/uploads\/2020\/01\/doc_3_yarkoni-287x300.jpg 287w\" sizes=\"(max-width: 275px) 100vw, 275px\" \/><\/p>\n<p>Sempre negli anni Cinquanta incide alcuni album per bambini, due dei quali riscuotono particolare successo: <em>Chirey yeladim kevakachatkha<\/em>, che comprende le canzoni <em>Agala im<\/em> <em>soussa <\/em>(gi\u00e0 registrata nel 1948) e <em>Doubon Yambo<\/em> o <em>Youmbo<\/em> scritti da Yekhiel Mohar, oltre all&#8217;album <em>Chirim miKineret<\/em> (1957) con delle canzoni di Naomi Shemer, compositrice e poetessa di Kvutzat Kinneret (un kibbutz in Galilea), allora al suo debutto nella musica.<\/p>\n<p>Yaffa Yarkoni registra successivamente un altro disco per bambini, che include l\u2019hit <em>Abba cheli <\/em>con porole di Talma Eligon.<\/p>\n<p>Muore il 1\u00b0 gennaio 2012, all&#8217;ospedale Re&#8217;out di Tel Aviv, della malattia di Alzheimer, i cui primi sintomi erano comparsi nel 2001 e che si erano aggravati nel 2008. Yaffa Yarkoni lascia tre figlie, otto nipoti e otto pronipoti.<\/p>\n<p><strong>Fonti<\/strong> :<br \/>&#8211; Wikipedia : <a href=\"https:\/\/en.wikipedia.org\/wiki\/Yafa_Yarkoni\" target=\"_blank\" rel=\"noopener\">https:\/\/en.wikipedia.org\/wiki\/Yafa_Yarkoni<\/a><br \/>&#8211; CRIF : <a href=\"http:\/\/www.crif.org\/fr\/actualites\/Israel-deces-de-Yaffa-Yarkoni28706\">http:\/\/www.crif.org\/fr\/actualites\/Israel-deces-de-Yaffa-Yarkoni28706<\/a><br \/>&#8211; <a href=\"https:\/\/jwa.org\/encyclopedia\/article\/yarkoni-yaffa\">https:\/\/jwa.org\/encyclopedia\/article\/yarkoni-yaffa<\/a><\/p>\n<p><a href=\"https:\/\/www.iemj.org\/en\/yaffa-yarkoni\/\" target=\"_blank\" rel=\"noopener\"><u>Ascoltare la playlist dedicata a <strong>Yaffa Yarkoni<\/strong><\/u><\/a><\/p>\n<p><a href=\"http:\/\/www.rachelnet.net\/F\/?func=find-c&amp;ccl_term=WRD%3DYaffa+Yarkoni&amp;local_base=iemcg&amp;x=14&amp;y=7\" target=\"_blank\" rel=\"noopener\"><u>Consultare i nostri archivi su <strong>Yaffa Yarkoni<\/strong><\/u><\/a><\/p>\n\n\n<p><\/p>\n","protected":false},"excerpt":{"rendered":"<p>Yaffa Yarkoni nasce a Givatayim nel 1925 nella Palestina mandataria. Una delle sue canzoni pi\u00f9 note \u00e8 &#8220;Bab-el-Oued&#8221; (1948), dedicata ai soldati israeliani morti durante la Guerra d&#8217;Indipendenza. Yaffa Yarkoni<\/p>\n","protected":false},"author":1052,"featured_media":53590,"comment_status":"closed","ping_status":"closed","sticky":false,"template":"","format":"standard","meta":{"_acf_changed":false,"footnotes":""},"categories":[1416],"tags":[2085],"technique":[],"squelettes":[],"sujet":[],"formation":[],"genre":[1674],"fonds":[],"tradition":[],"type-de-contenu":[],"interprete-compositeur":[],"frise":[],"type-devenement":[],"tableaux-liens-externes":[],"class_list":["post-71324","post","type-post","status-publish","format-standard","has-post-thumbnail","hentry","category-biografie-it","tag-israele-it","genre-canzone-israeliena-it"],"acf":[],"yoast_head":"<!-- This site is optimized with the Yoast SEO plugin v27.3 - https:\/\/yoast.com\/product\/yoast-seo-wordpress\/ -->\n<title>Yarkoni, Yaffa (1925-2012) - Institut Europ\u00e9en des Musiques Juives<\/title>\n<meta name=\"robots\" content=\"index, follow, max-snippet:-1, max-image-preview:large, max-video-preview:-1\" \/>\n<link rel=\"canonical\" href=\"https:\/\/www.iemj.org\/it\/yarkoni-yaffa-1925-2012\/\" \/>\n<meta property=\"og:locale\" content=\"it_IT\" \/>\n<meta property=\"og:type\" content=\"article\" \/>\n<meta property=\"og:title\" content=\"Yarkoni, Yaffa (1925-2012) - Institut Europ\u00e9en des Musiques Juives\" \/>\n<meta property=\"og:description\" content=\"Yaffa Yarkoni nasce a Givatayim nel 1925 nella Palestina mandataria. Una delle sue canzoni pi\u00f9 note \u00e8 &#8220;Bab-el-Oued&#8221; (1948), dedicata ai soldati israeliani morti durante la Guerra d&#8217;Indipendenza. Yaffa Yarkoni\" \/>\n<meta property=\"og:url\" content=\"https:\/\/www.iemj.org\/it\/yarkoni-yaffa-1925-2012\/\" \/>\n<meta property=\"og:site_name\" content=\"Institut Europ\u00e9en des Musiques Juives\" \/>\n<meta property=\"article:publisher\" content=\"https:\/\/www.facebook.com\/MusiquesJuives\/\" \/>\n<meta property=\"article:published_time\" content=\"2020-01-27T10:20:20+00:00\" \/>\n<meta property=\"article:modified_time\" content=\"2021-11-16T15:09:43+00:00\" \/>\n<meta property=\"og:image\" content=\"https:\/\/www.iemj.org\/wp-content\/uploads\/2020\/01\/arton4506-e1625476264608.jpg\" \/>\n\t<meta property=\"og:image:width\" content=\"221\" \/>\n\t<meta property=\"og:image:height\" content=\"218\" \/>\n\t<meta property=\"og:image:type\" content=\"image\/jpeg\" \/>\n<meta name=\"author\" content=\"Lea Couderc\" \/>\n<meta name=\"twitter:card\" content=\"summary_large_image\" \/>\n<meta name=\"twitter:label1\" content=\"Scritto da\" \/>\n\t<meta name=\"twitter:data1\" content=\"Lea Couderc\" \/>\n\t<meta name=\"twitter:label2\" content=\"Tempo di lettura stimato\" \/>\n\t<meta name=\"twitter:data2\" content=\"4 minuti\" \/>\n<script type=\"application\/ld+json\" class=\"yoast-schema-graph\">{\"@context\":\"https:\\\/\\\/schema.org\",\"@graph\":[{\"@type\":\"Article\",\"@id\":\"https:\\\/\\\/www.iemj.org\\\/it\\\/yarkoni-yaffa-1925-2012\\\/#article\",\"isPartOf\":{\"@id\":\"https:\\\/\\\/www.iemj.org\\\/it\\\/yarkoni-yaffa-1925-2012\\\/\"},\"author\":{\"name\":\"Lea Couderc\",\"@id\":\"https:\\\/\\\/www.iemj.org\\\/it\\\/#\\\/schema\\\/person\\\/e2ad57f2c4be119c7ed8ab79036807a9\"},\"headline\":\"Yarkoni, Yaffa (1925-2012)\",\"datePublished\":\"2020-01-27T10:20:20+00:00\",\"dateModified\":\"2021-11-16T15:09:43+00:00\",\"mainEntityOfPage\":{\"@id\":\"https:\\\/\\\/www.iemj.org\\\/it\\\/yarkoni-yaffa-1925-2012\\\/\"},\"wordCount\":652,\"publisher\":{\"@id\":\"https:\\\/\\\/www.iemj.org\\\/it\\\/#organization\"},\"image\":{\"@id\":\"https:\\\/\\\/www.iemj.org\\\/it\\\/yarkoni-yaffa-1925-2012\\\/#primaryimage\"},\"thumbnailUrl\":\"https:\\\/\\\/www.iemj.org\\\/wp-content\\\/uploads\\\/2020\\\/01\\\/arton4506-e1625476264608.jpg\",\"keywords\":[\"Israele\"],\"articleSection\":[\"Biografie\"],\"inLanguage\":\"it-IT\"},{\"@type\":\"WebPage\",\"@id\":\"https:\\\/\\\/www.iemj.org\\\/it\\\/yarkoni-yaffa-1925-2012\\\/\",\"url\":\"https:\\\/\\\/www.iemj.org\\\/it\\\/yarkoni-yaffa-1925-2012\\\/\",\"name\":\"Yarkoni, Yaffa (1925-2012) - Institut Europ\u00e9en des Musiques Juives\",\"isPartOf\":{\"@id\":\"https:\\\/\\\/www.iemj.org\\\/it\\\/#website\"},\"primaryImageOfPage\":{\"@id\":\"https:\\\/\\\/www.iemj.org\\\/it\\\/yarkoni-yaffa-1925-2012\\\/#primaryimage\"},\"image\":{\"@id\":\"https:\\\/\\\/www.iemj.org\\\/it\\\/yarkoni-yaffa-1925-2012\\\/#primaryimage\"},\"thumbnailUrl\":\"https:\\\/\\\/www.iemj.org\\\/wp-content\\\/uploads\\\/2020\\\/01\\\/arton4506-e1625476264608.jpg\",\"datePublished\":\"2020-01-27T10:20:20+00:00\",\"dateModified\":\"2021-11-16T15:09:43+00:00\",\"breadcrumb\":{\"@id\":\"https:\\\/\\\/www.iemj.org\\\/it\\\/yarkoni-yaffa-1925-2012\\\/#breadcrumb\"},\"inLanguage\":\"it-IT\",\"potentialAction\":[{\"@type\":\"ReadAction\",\"target\":[\"https:\\\/\\\/www.iemj.org\\\/it\\\/yarkoni-yaffa-1925-2012\\\/\"]}]},{\"@type\":\"ImageObject\",\"inLanguage\":\"it-IT\",\"@id\":\"https:\\\/\\\/www.iemj.org\\\/it\\\/yarkoni-yaffa-1925-2012\\\/#primaryimage\",\"url\":\"https:\\\/\\\/www.iemj.org\\\/wp-content\\\/uploads\\\/2020\\\/01\\\/arton4506-e1625476264608.jpg\",\"contentUrl\":\"https:\\\/\\\/www.iemj.org\\\/wp-content\\\/uploads\\\/2020\\\/01\\\/arton4506-e1625476264608.jpg\",\"width\":221,\"height\":218},{\"@type\":\"BreadcrumbList\",\"@id\":\"https:\\\/\\\/www.iemj.org\\\/it\\\/yarkoni-yaffa-1925-2012\\\/#breadcrumb\",\"itemListElement\":[{\"@type\":\"ListItem\",\"position\":1,\"name\":\"Accueil\",\"item\":\"https:\\\/\\\/www.iemj.org\\\/it\\\/\"},{\"@type\":\"ListItem\",\"position\":2,\"name\":\"Yarkoni, Yaffa (1925-2012)\"}]},{\"@type\":\"WebSite\",\"@id\":\"https:\\\/\\\/www.iemj.org\\\/it\\\/#website\",\"url\":\"https:\\\/\\\/www.iemj.org\\\/it\\\/\",\"name\":\"Institut Europ\u00e9en des Musiques Juives\",\"description\":\"Des traditions musicales \u00e0 la port\u00e9e de tous\",\"publisher\":{\"@id\":\"https:\\\/\\\/www.iemj.org\\\/it\\\/#organization\"},\"potentialAction\":[{\"@type\":\"SearchAction\",\"target\":{\"@type\":\"EntryPoint\",\"urlTemplate\":\"https:\\\/\\\/www.iemj.org\\\/it\\\/?s={search_term_string}\"},\"query-input\":{\"@type\":\"PropertyValueSpecification\",\"valueRequired\":true,\"valueName\":\"search_term_string\"}}],\"inLanguage\":\"it-IT\"},{\"@type\":\"Organization\",\"@id\":\"https:\\\/\\\/www.iemj.org\\\/it\\\/#organization\",\"name\":\"Institut Europ\u00e9en des Musiques Juives\",\"url\":\"https:\\\/\\\/www.iemj.org\\\/it\\\/\",\"logo\":{\"@type\":\"ImageObject\",\"inLanguage\":\"it-IT\",\"@id\":\"https:\\\/\\\/www.iemj.org\\\/it\\\/#\\\/schema\\\/logo\\\/image\\\/\",\"url\":\"https:\\\/\\\/www.iemj.org\\\/wp-content\\\/uploads\\\/2021\\\/09\\\/Logo-IEMJ-Paypal.jpg\",\"contentUrl\":\"https:\\\/\\\/www.iemj.org\\\/wp-content\\\/uploads\\\/2021\\\/09\\\/Logo-IEMJ-Paypal.jpg\",\"width\":150,\"height\":50,\"caption\":\"Institut Europ\u00e9en des Musiques Juives\"},\"image\":{\"@id\":\"https:\\\/\\\/www.iemj.org\\\/it\\\/#\\\/schema\\\/logo\\\/image\\\/\"},\"sameAs\":[\"https:\\\/\\\/www.facebook.com\\\/MusiquesJuives\\\/\",\"https:\\\/\\\/www.instagram.com\\\/musiquesjuives\\\/\",\"https:\\\/\\\/www.youtube.com\\\/user\\\/musiquesjuives\"]},{\"@type\":\"Person\",\"@id\":\"https:\\\/\\\/www.iemj.org\\\/it\\\/#\\\/schema\\\/person\\\/e2ad57f2c4be119c7ed8ab79036807a9\",\"name\":\"Lea Couderc\",\"image\":{\"@type\":\"ImageObject\",\"inLanguage\":\"it-IT\",\"@id\":\"https:\\\/\\\/secure.gravatar.com\\\/avatar\\\/46ee021475d60aeff17a7e490b79dea5a5684bb392ab7fd1494027411df8ba23?s=96&d=mm&r=g\",\"url\":\"https:\\\/\\\/secure.gravatar.com\\\/avatar\\\/46ee021475d60aeff17a7e490b79dea5a5684bb392ab7fd1494027411df8ba23?s=96&d=mm&r=g\",\"contentUrl\":\"https:\\\/\\\/secure.gravatar.com\\\/avatar\\\/46ee021475d60aeff17a7e490b79dea5a5684bb392ab7fd1494027411df8ba23?s=96&d=mm&r=g\",\"caption\":\"Lea Couderc\"}}]}<\/script>\n<!-- \/ Yoast SEO plugin. -->","yoast_head_json":{"title":"Yarkoni, Yaffa (1925-2012) - Institut Europ\u00e9en des Musiques Juives","robots":{"index":"index","follow":"follow","max-snippet":"max-snippet:-1","max-image-preview":"max-image-preview:large","max-video-preview":"max-video-preview:-1"},"canonical":"https:\/\/www.iemj.org\/it\/yarkoni-yaffa-1925-2012\/","og_locale":"it_IT","og_type":"article","og_title":"Yarkoni, Yaffa (1925-2012) - Institut Europ\u00e9en des Musiques Juives","og_description":"Yaffa Yarkoni nasce a Givatayim nel 1925 nella Palestina mandataria. Una delle sue canzoni pi\u00f9 note \u00e8 &#8220;Bab-el-Oued&#8221; (1948), dedicata ai soldati israeliani morti durante la Guerra d&#8217;Indipendenza. Yaffa Yarkoni","og_url":"https:\/\/www.iemj.org\/it\/yarkoni-yaffa-1925-2012\/","og_site_name":"Institut Europ\u00e9en des Musiques Juives","article_publisher":"https:\/\/www.facebook.com\/MusiquesJuives\/","article_published_time":"2020-01-27T10:20:20+00:00","article_modified_time":"2021-11-16T15:09:43+00:00","og_image":[{"width":221,"height":218,"url":"https:\/\/www.iemj.org\/wp-content\/uploads\/2020\/01\/arton4506-e1625476264608.jpg","type":"image\/jpeg"}],"author":"Lea Couderc","twitter_card":"summary_large_image","twitter_misc":{"Scritto da":"Lea Couderc","Tempo di lettura stimato":"4 minuti"},"schema":{"@context":"https:\/\/schema.org","@graph":[{"@type":"Article","@id":"https:\/\/www.iemj.org\/it\/yarkoni-yaffa-1925-2012\/#article","isPartOf":{"@id":"https:\/\/www.iemj.org\/it\/yarkoni-yaffa-1925-2012\/"},"author":{"name":"Lea Couderc","@id":"https:\/\/www.iemj.org\/it\/#\/schema\/person\/e2ad57f2c4be119c7ed8ab79036807a9"},"headline":"Yarkoni, Yaffa (1925-2012)","datePublished":"2020-01-27T10:20:20+00:00","dateModified":"2021-11-16T15:09:43+00:00","mainEntityOfPage":{"@id":"https:\/\/www.iemj.org\/it\/yarkoni-yaffa-1925-2012\/"},"wordCount":652,"publisher":{"@id":"https:\/\/www.iemj.org\/it\/#organization"},"image":{"@id":"https:\/\/www.iemj.org\/it\/yarkoni-yaffa-1925-2012\/#primaryimage"},"thumbnailUrl":"https:\/\/www.iemj.org\/wp-content\/uploads\/2020\/01\/arton4506-e1625476264608.jpg","keywords":["Israele"],"articleSection":["Biografie"],"inLanguage":"it-IT"},{"@type":"WebPage","@id":"https:\/\/www.iemj.org\/it\/yarkoni-yaffa-1925-2012\/","url":"https:\/\/www.iemj.org\/it\/yarkoni-yaffa-1925-2012\/","name":"Yarkoni, Yaffa (1925-2012) - Institut Europ\u00e9en des Musiques Juives","isPartOf":{"@id":"https:\/\/www.iemj.org\/it\/#website"},"primaryImageOfPage":{"@id":"https:\/\/www.iemj.org\/it\/yarkoni-yaffa-1925-2012\/#primaryimage"},"image":{"@id":"https:\/\/www.iemj.org\/it\/yarkoni-yaffa-1925-2012\/#primaryimage"},"thumbnailUrl":"https:\/\/www.iemj.org\/wp-content\/uploads\/2020\/01\/arton4506-e1625476264608.jpg","datePublished":"2020-01-27T10:20:20+00:00","dateModified":"2021-11-16T15:09:43+00:00","breadcrumb":{"@id":"https:\/\/www.iemj.org\/it\/yarkoni-yaffa-1925-2012\/#breadcrumb"},"inLanguage":"it-IT","potentialAction":[{"@type":"ReadAction","target":["https:\/\/www.iemj.org\/it\/yarkoni-yaffa-1925-2012\/"]}]},{"@type":"ImageObject","inLanguage":"it-IT","@id":"https:\/\/www.iemj.org\/it\/yarkoni-yaffa-1925-2012\/#primaryimage","url":"https:\/\/www.iemj.org\/wp-content\/uploads\/2020\/01\/arton4506-e1625476264608.jpg","contentUrl":"https:\/\/www.iemj.org\/wp-content\/uploads\/2020\/01\/arton4506-e1625476264608.jpg","width":221,"height":218},{"@type":"BreadcrumbList","@id":"https:\/\/www.iemj.org\/it\/yarkoni-yaffa-1925-2012\/#breadcrumb","itemListElement":[{"@type":"ListItem","position":1,"name":"Accueil","item":"https:\/\/www.iemj.org\/it\/"},{"@type":"ListItem","position":2,"name":"Yarkoni, Yaffa (1925-2012)"}]},{"@type":"WebSite","@id":"https:\/\/www.iemj.org\/it\/#website","url":"https:\/\/www.iemj.org\/it\/","name":"Institut Europ\u00e9en des Musiques Juives","description":"Des traditions musicales \u00e0 la port\u00e9e de tous","publisher":{"@id":"https:\/\/www.iemj.org\/it\/#organization"},"potentialAction":[{"@type":"SearchAction","target":{"@type":"EntryPoint","urlTemplate":"https:\/\/www.iemj.org\/it\/?s={search_term_string}"},"query-input":{"@type":"PropertyValueSpecification","valueRequired":true,"valueName":"search_term_string"}}],"inLanguage":"it-IT"},{"@type":"Organization","@id":"https:\/\/www.iemj.org\/it\/#organization","name":"Institut Europ\u00e9en des Musiques Juives","url":"https:\/\/www.iemj.org\/it\/","logo":{"@type":"ImageObject","inLanguage":"it-IT","@id":"https:\/\/www.iemj.org\/it\/#\/schema\/logo\/image\/","url":"https:\/\/www.iemj.org\/wp-content\/uploads\/2021\/09\/Logo-IEMJ-Paypal.jpg","contentUrl":"https:\/\/www.iemj.org\/wp-content\/uploads\/2021\/09\/Logo-IEMJ-Paypal.jpg","width":150,"height":50,"caption":"Institut Europ\u00e9en des Musiques Juives"},"image":{"@id":"https:\/\/www.iemj.org\/it\/#\/schema\/logo\/image\/"},"sameAs":["https:\/\/www.facebook.com\/MusiquesJuives\/","https:\/\/www.instagram.com\/musiquesjuives\/","https:\/\/www.youtube.com\/user\/musiquesjuives"]},{"@type":"Person","@id":"https:\/\/www.iemj.org\/it\/#\/schema\/person\/e2ad57f2c4be119c7ed8ab79036807a9","name":"Lea Couderc","image":{"@type":"ImageObject","inLanguage":"it-IT","@id":"https:\/\/secure.gravatar.com\/avatar\/46ee021475d60aeff17a7e490b79dea5a5684bb392ab7fd1494027411df8ba23?s=96&d=mm&r=g","url":"https:\/\/secure.gravatar.com\/avatar\/46ee021475d60aeff17a7e490b79dea5a5684bb392ab7fd1494027411df8ba23?s=96&d=mm&r=g","contentUrl":"https:\/\/secure.gravatar.com\/avatar\/46ee021475d60aeff17a7e490b79dea5a5684bb392ab7fd1494027411df8ba23?s=96&d=mm&r=g","caption":"Lea Couderc"}}]}},"_links":{"self":[{"href":"https:\/\/www.iemj.org\/it\/wp-json\/wp\/v2\/posts\/71324","targetHints":{"allow":["GET"]}}],"collection":[{"href":"https:\/\/www.iemj.org\/it\/wp-json\/wp\/v2\/posts"}],"about":[{"href":"https:\/\/www.iemj.org\/it\/wp-json\/wp\/v2\/types\/post"}],"author":[{"embeddable":true,"href":"https:\/\/www.iemj.org\/it\/wp-json\/wp\/v2\/users\/1052"}],"replies":[{"embeddable":true,"href":"https:\/\/www.iemj.org\/it\/wp-json\/wp\/v2\/comments?post=71324"}],"version-history":[{"count":0,"href":"https:\/\/www.iemj.org\/it\/wp-json\/wp\/v2\/posts\/71324\/revisions"}],"wp:featuredmedia":[{"embeddable":true,"href":"https:\/\/www.iemj.org\/it\/wp-json\/wp\/v2\/media\/53590"}],"wp:attachment":[{"href":"https:\/\/www.iemj.org\/it\/wp-json\/wp\/v2\/media?parent=71324"}],"wp:term":[{"taxonomy":"category","embeddable":true,"href":"https:\/\/www.iemj.org\/it\/wp-json\/wp\/v2\/categories?post=71324"},{"taxonomy":"post_tag","embeddable":true,"href":"https:\/\/www.iemj.org\/it\/wp-json\/wp\/v2\/tags?post=71324"},{"taxonomy":"technique","embeddable":true,"href":"https:\/\/www.iemj.org\/it\/wp-json\/wp\/v2\/technique?post=71324"},{"taxonomy":"squelettes","embeddable":true,"href":"https:\/\/www.iemj.org\/it\/wp-json\/wp\/v2\/squelettes?post=71324"},{"taxonomy":"sujet","embeddable":true,"href":"https:\/\/www.iemj.org\/it\/wp-json\/wp\/v2\/sujet?post=71324"},{"taxonomy":"formation","embeddable":true,"href":"https:\/\/www.iemj.org\/it\/wp-json\/wp\/v2\/formation?post=71324"},{"taxonomy":"genre","embeddable":true,"href":"https:\/\/www.iemj.org\/it\/wp-json\/wp\/v2\/genre?post=71324"},{"taxonomy":"fonds","embeddable":true,"href":"https:\/\/www.iemj.org\/it\/wp-json\/wp\/v2\/fonds?post=71324"},{"taxonomy":"tradition","embeddable":true,"href":"https:\/\/www.iemj.org\/it\/wp-json\/wp\/v2\/tradition?post=71324"},{"taxonomy":"type-de-contenu","embeddable":true,"href":"https:\/\/www.iemj.org\/it\/wp-json\/wp\/v2\/type-de-contenu?post=71324"},{"taxonomy":"interprete-compositeur","embeddable":true,"href":"https:\/\/www.iemj.org\/it\/wp-json\/wp\/v2\/interprete-compositeur?post=71324"},{"taxonomy":"frise","embeddable":true,"href":"https:\/\/www.iemj.org\/it\/wp-json\/wp\/v2\/frise?post=71324"},{"taxonomy":"type-devenement","embeddable":true,"href":"https:\/\/www.iemj.org\/it\/wp-json\/wp\/v2\/type-devenement?post=71324"},{"taxonomy":"tableaux-liens-externes","embeddable":true,"href":"https:\/\/www.iemj.org\/it\/wp-json\/wp\/v2\/tableaux-liens-externes?post=71324"}],"curies":[{"name":"wp","href":"https:\/\/api.w.org\/{rel}","templated":true}]}}