{"id":71384,"date":"2015-12-02T21:00:00","date_gmt":"2015-12-02T20:00:00","guid":{"rendered":"https:\/\/www.iemj.org\/hanouka-la-selection-musicale-de-liemj-1ere-partie\/"},"modified":"2025-04-16T19:19:15","modified_gmt":"2025-04-16T17:19:15","slug":"hanouka-la-selection-musicale-de-liemj-1ere-partie","status":"publish","type":"post","link":"https:\/\/www.iemj.org\/it\/hanouka-la-selection-musicale-de-liemj-1ere-partie\/","title":{"rendered":"Hanuccah : la selezione musicale dell\u2019IEMJ, parte 1"},"content":{"rendered":"<p><strong>La festa di Hanuccah \u00e8 propizia al canto ed alla gioia.<\/strong><br \/><strong>Ecco una seconda selezione di brani da ascoltare\u2026 o da cantare<\/strong><\/p>\n<p><!--more-->Hanuccah o \u201cinaugurazione\u201d in ebraico \u00e8 la festa che commemora la re-inaugurazione della teva nel Secondo Tempio di Gerusalemme. Secondo la tradizione, dopo che i Seleucidi saccheggiarono e profanarono il Tempio, i sacerdoti vi trovarono una piccola fiala contenente abbastanza olio santo per illuminare il Tempio per un giorno. Fu allora che avvenne il miracolo di Hanuccah: la piccola quantit\u00e0 di olio bruci\u00f2 per otto giorni, otto giorni che servirono ad illuminare e purificare il Tempio di Gerusalemme.<\/p>\n<p><img fetchpriority=\"high\" decoding=\"async\" class=\" alignright  wp-image-8570\" src=\"https:\/\/www.iemj.org\/wp-content\/uploads\/2015\/12\/doc_3_hanouka_500px70.jpg\" alt=\"doc_3_hanouka_500px70.jpg\" width=\"272\" height=\"321\" align=\"right\" \/>Chiamata \u201cfesta delle luci\u201d, Hanuccah \u00e8 la festa preferita dei bambini. Per otto giorni si accendono candele, si mangiano latkes e dolci, ci si f\u00e0 regali e si cantano canzoni in famiglia.<\/p>\n<p><a href=\"https:\/\/www.iemj.org\/it\/hanouka-la-selection-musicale-de-liemj-2eme-partie\/\" target=\"_blank\" rel=\"noopener\">Ascoltare la playlist Hanuccah parte 2<\/a><br \/><a href=\"https:\/\/www.iemj.org\/it\/chanukah-voices-of-lights\/\" target=\"_blank\" rel=\"noopener\">Ascoltare l\u2019emissione radio : Hanuccaha, voce di luce, presentata da Herv\u00e9 Roten (in francese)<\/a><br \/><a href=\"https:\/\/www.iemj.org\/it\/hidden-sides-of-jewish-music-chanukah\/\" target=\"_blank\" rel=\"noopener\">Ascoltare l\u2019emissione radio : Le facce nascoste della musica ebraica : Hanuccah, presentata da H\u00e9l\u00e8ne Engel (in francese)<\/a><\/p>\n<p>\u00a0<\/p>\n<p>\u00a0<\/p>\n\n\n<figure class=\"wp-block-image size-large\"><img decoding=\"async\" width=\"1024\" height=\"133\" src=\"https:\/\/www.iemj.org\/wp-content\/uploads\/2024\/03\/AUDIO-PLAYER-1024x133.png\" alt=\"\" class=\"wp-image-110609\" srcset=\"https:\/\/www.iemj.org\/wp-content\/uploads\/2024\/03\/AUDIO-PLAYER-1024x133.png 1024w, https:\/\/www.iemj.org\/wp-content\/uploads\/2024\/03\/AUDIO-PLAYER-300x39.png 300w, https:\/\/www.iemj.org\/wp-content\/uploads\/2024\/03\/AUDIO-PLAYER-768x100.png 768w, https:\/\/www.iemj.org\/wp-content\/uploads\/2024\/03\/AUDIO-PLAYER-600x78.png 600w, https:\/\/www.iemj.org\/wp-content\/uploads\/2024\/03\/AUDIO-PLAYER.png 1210w\" sizes=\"(max-width: 1024px) 100vw, 1024px\" \/><\/figure>\n\n\n\n<div class=\"wp-block-file\"><a id=\"wp-block-file--media-cae6eead-eef3-484d-a1e6-eef6f92d0efe\" href=\"https:\/\/www.iemj.org\/wp-content\/uploads\/2015\/12\/d33-30_38_15.mp3\">Khanuke Oy Khanuke, chant\u00e9 par Benya<\/a><\/div>\n\n\n\n<div class=\"wp-block-file\"><a id=\"wp-block-file--media-027682b1-8ef1-43dd-b7f7-408d91b6255e\" href=\"https:\/\/www.iemj.org\/wp-content\/uploads\/2015\/12\/ochos_kandelicas_voice_of_the_turtle.mp3\">Ochos kandelicas, Voice of the turtle<\/a><\/div>\n\n\n\n<div class=\"wp-block-file\"><a id=\"wp-block-file--media-e127846d-3004-43a3-a5af-93aae29f4d0d\" href=\"https:\/\/www.iemj.org\/wp-content\/uploads\/2015\/12\/d45-17_23_02.mp3\">Le Chandelier, R\u00e9gine [R\u00e9gina Zilberberg] , compos\u00e9e par Emil Stern, paroles : Eddy marnay<\/a><\/div>\n\n\n\n<div class=\"wp-block-file\"><a id=\"wp-block-file--media-7490536f-284f-4b8c-b8c6-d33186ddcf92\" href=\"https:\/\/www.iemj.org\/wp-content\/uploads\/2015\/12\/cd_143a_17.mp3\">Yevanim Niqbezu \u2019alay, The Hassidic Niggun as Sung by the Hassidim. Vol. 1<\/a><\/div>\n\n\n\n<div class=\"wp-block-file\"><a id=\"wp-block-file--media-f5872ef2-c262-4cd0-883a-341b7d73dae5\" href=\"https:\/\/www.iemj.org\/wp-content\/uploads\/2015\/12\/19_the_dreydl_song.mp3\">The dreydl song, Klezmer Conservatory Band<\/a><\/div>\n\n\n\n<div class=\"wp-block-file\"><a id=\"wp-block-file--media-eb056a88-8b7b-4afa-baa6-7346469f64d3\" href=\"https:\/\/www.iemj.org\/wp-content\/uploads\/2015\/12\/11_el_festin_de_hanukah.mp3\">El festin de Hanukah, Bienvenida Aguado<\/a><\/div>\n\n\n\n<div class=\"wp-block-file\"><a id=\"wp-block-file--media-88522336-c550-4cba-a4bc-0513625284ce\" href=\"https:\/\/www.iemj.org\/wp-content\/uploads\/2015\/12\/25_chnei_zetim.mp3\">Chnei zetim, Adolphe Attia, Musiques jud\u00e9o-fran\u00e7aises des 18 et 19e si\u00e8cles <\/a><\/div>\n\n\n\n<div class=\"wp-block-file\"><a id=\"wp-block-file--media-748c05b4-b2b2-4c8c-b7e9-5e2de8354fb4\" href=\"https:\/\/www.iemj.org\/wp-content\/uploads\/2015\/12\/mus3_benediction1_maoz_tsour_heyman.mp3\">B\u00e9n\u00e9dictions de Hannouca et Maoz Tzour, Michel Heymann, Airs Liturgiques Achk\u00e9nazes Traditionnels<\/a><\/div>\n\n\n\n<div class=\"wp-block-file\"><a id=\"wp-block-file--media-1205b9ea-2813-4b17-aac6-9f80a50ff4f7\" href=\"https:\/\/www.iemj.org\/wp-content\/uploads\/2015\/12\/cd_75_04.mp3\">El banco, Blond-Blond, Tr\u00e9sor de la chanson jud\u00e9o-arabe<\/a><\/div>\n\n\n\n<div class=\"wp-block-file\"><a id=\"wp-block-file--media-f33d45f2-73f0-4ea4-a8eb-c299916d808e\" href=\"https:\/\/www.iemj.org\/wp-content\/uploads\/2015\/12\/hanukkah_moroccan-david_kaddosh_hanerot_halalu_berakhot_mizmor.mp3\">Hanerot halalu berakhot mizmor, David Kaddosh<\/a><\/div>\n\n\n\n<div class=\"wp-block-file\"><a id=\"wp-block-file--media-50074427-ee63-44be-a908-9b5cfadf7510\" href=\"https:\/\/www.iemj.org\/wp-content\/uploads\/2015\/12\/mus1_haendel_judas_hava_narima.mp3\">Judas hava narima, Haendel<\/a><\/div>\n\n\n\n<div class=\"wp-block-file\"><a id=\"wp-block-file--media-7cbcd00c-b606-4027-bc7b-fdbb3d9dc868\" href=\"https:\/\/www.iemj.org\/wp-content\/uploads\/2015\/12\/mus9_sovivon_sof_sof_sof_cd_214_06.mp3\">Sevivon sov sov sov<\/a><\/div>\n","protected":false},"excerpt":{"rendered":"<p>La festa di Hanuccah \u00e8 propizia al canto ed alla gioia.Ecco una seconda selezione di brani da ascoltare\u2026 o da cantare<\/p>\n","protected":false},"author":1048,"featured_media":71385,"comment_status":"closed","ping_status":"open","sticky":false,"template":"","format":"standard","meta":{"_acf_changed":false,"footnotes":""},"categories":[1536],"tags":[],"technique":[],"squelettes":[],"sujet":[1741],"formation":[],"genre":[1892],"fonds":[],"tradition":[],"type-de-contenu":[],"interprete-compositeur":[],"frise":[],"type-devenement":[],"tableaux-liens-externes":[],"class_list":["post-71384","post","type-post","status-publish","format-standard","has-post-thumbnail","hentry","category-playlist-it","sujet-hanuccah-it","genre-liturgia-it"],"acf":[],"yoast_head":"<!-- This site is optimized with the Yoast SEO plugin v27.3 - https:\/\/yoast.com\/product\/yoast-seo-wordpress\/ -->\n<title>Hanuccah : la selezione musicale dell\u2019IEMJ, parte 1 - Institut Europ\u00e9en des Musiques Juives<\/title>\n<meta name=\"robots\" content=\"index, follow, max-snippet:-1, max-image-preview:large, max-video-preview:-1\" \/>\n<link rel=\"canonical\" href=\"https:\/\/www.iemj.org\/it\/hanouka-la-selection-musicale-de-liemj-1ere-partie\/\" \/>\n<meta property=\"og:locale\" content=\"it_IT\" \/>\n<meta property=\"og:type\" content=\"article\" \/>\n<meta property=\"og:title\" content=\"Hanuccah : la selezione musicale dell\u2019IEMJ, parte 1 - Institut Europ\u00e9en des Musiques Juives\" \/>\n<meta property=\"og:description\" content=\"La festa di Hanuccah \u00e8 propizia al canto ed alla gioia.Ecco una seconda selezione di brani da ascoltare\u2026 o da cantare\" \/>\n<meta property=\"og:url\" content=\"https:\/\/www.iemj.org\/it\/hanouka-la-selection-musicale-de-liemj-1ere-partie\/\" \/>\n<meta property=\"og:site_name\" content=\"Institut Europ\u00e9en des Musiques Juives\" \/>\n<meta property=\"article:publisher\" content=\"https:\/\/www.facebook.com\/MusiquesJuives\/\" \/>\n<meta property=\"article:published_time\" content=\"2015-12-02T20:00:00+00:00\" \/>\n<meta property=\"article:modified_time\" content=\"2025-04-16T17:19:15+00:00\" \/>\n<meta property=\"og:image\" content=\"https:\/\/www.iemj.org\/wp-content\/uploads\/2015\/12\/arton1287.jpg\" \/>\n\t<meta property=\"og:image:width\" content=\"500\" \/>\n\t<meta property=\"og:image:height\" content=\"451\" \/>\n\t<meta property=\"og:image:type\" content=\"image\/jpeg\" \/>\n<meta name=\"author\" content=\"Jean-Gabriel Davis\" \/>\n<meta name=\"twitter:card\" content=\"summary_large_image\" \/>\n<meta name=\"twitter:label1\" content=\"Scritto da\" \/>\n\t<meta name=\"twitter:data1\" content=\"Jean-Gabriel Davis\" \/>\n\t<meta name=\"twitter:label2\" content=\"Tempo di lettura stimato\" \/>\n\t<meta name=\"twitter:data2\" content=\"2 minuti\" \/>\n<script type=\"application\/ld+json\" class=\"yoast-schema-graph\">{\"@context\":\"https:\\\/\\\/schema.org\",\"@graph\":[{\"@type\":\"Article\",\"@id\":\"https:\\\/\\\/www.iemj.org\\\/it\\\/hanouka-la-selection-musicale-de-liemj-1ere-partie\\\/#article\",\"isPartOf\":{\"@id\":\"https:\\\/\\\/www.iemj.org\\\/it\\\/hanouka-la-selection-musicale-de-liemj-1ere-partie\\\/\"},\"author\":{\"name\":\"Jean-Gabriel Davis\",\"@id\":\"https:\\\/\\\/www.iemj.org\\\/it\\\/#\\\/schema\\\/person\\\/c9bc1c386a3749579a2d675e72a18666\"},\"headline\":\"Hanuccah : la selezione musicale dell\u2019IEMJ, parte 1\",\"datePublished\":\"2015-12-02T20:00:00+00:00\",\"dateModified\":\"2025-04-16T17:19:15+00:00\",\"mainEntityOfPage\":{\"@id\":\"https:\\\/\\\/www.iemj.org\\\/it\\\/hanouka-la-selection-musicale-de-liemj-1ere-partie\\\/\"},\"wordCount\":277,\"publisher\":{\"@id\":\"https:\\\/\\\/www.iemj.org\\\/it\\\/#organization\"},\"image\":{\"@id\":\"https:\\\/\\\/www.iemj.org\\\/it\\\/hanouka-la-selection-musicale-de-liemj-1ere-partie\\\/#primaryimage\"},\"thumbnailUrl\":\"https:\\\/\\\/www.iemj.org\\\/wp-content\\\/uploads\\\/2015\\\/12\\\/arton1287.jpg\",\"articleSection\":[\"Playlist\"],\"inLanguage\":\"it-IT\"},{\"@type\":\"WebPage\",\"@id\":\"https:\\\/\\\/www.iemj.org\\\/it\\\/hanouka-la-selection-musicale-de-liemj-1ere-partie\\\/\",\"url\":\"https:\\\/\\\/www.iemj.org\\\/it\\\/hanouka-la-selection-musicale-de-liemj-1ere-partie\\\/\",\"name\":\"Hanuccah : la selezione musicale dell\u2019IEMJ, parte 1 - Institut Europ\u00e9en des Musiques Juives\",\"isPartOf\":{\"@id\":\"https:\\\/\\\/www.iemj.org\\\/it\\\/#website\"},\"primaryImageOfPage\":{\"@id\":\"https:\\\/\\\/www.iemj.org\\\/it\\\/hanouka-la-selection-musicale-de-liemj-1ere-partie\\\/#primaryimage\"},\"image\":{\"@id\":\"https:\\\/\\\/www.iemj.org\\\/it\\\/hanouka-la-selection-musicale-de-liemj-1ere-partie\\\/#primaryimage\"},\"thumbnailUrl\":\"https:\\\/\\\/www.iemj.org\\\/wp-content\\\/uploads\\\/2015\\\/12\\\/arton1287.jpg\",\"datePublished\":\"2015-12-02T20:00:00+00:00\",\"dateModified\":\"2025-04-16T17:19:15+00:00\",\"breadcrumb\":{\"@id\":\"https:\\\/\\\/www.iemj.org\\\/it\\\/hanouka-la-selection-musicale-de-liemj-1ere-partie\\\/#breadcrumb\"},\"inLanguage\":\"it-IT\",\"potentialAction\":[{\"@type\":\"ReadAction\",\"target\":[\"https:\\\/\\\/www.iemj.org\\\/it\\\/hanouka-la-selection-musicale-de-liemj-1ere-partie\\\/\"]}]},{\"@type\":\"ImageObject\",\"inLanguage\":\"it-IT\",\"@id\":\"https:\\\/\\\/www.iemj.org\\\/it\\\/hanouka-la-selection-musicale-de-liemj-1ere-partie\\\/#primaryimage\",\"url\":\"https:\\\/\\\/www.iemj.org\\\/wp-content\\\/uploads\\\/2015\\\/12\\\/arton1287.jpg\",\"contentUrl\":\"https:\\\/\\\/www.iemj.org\\\/wp-content\\\/uploads\\\/2015\\\/12\\\/arton1287.jpg\",\"width\":500,\"height\":451},{\"@type\":\"BreadcrumbList\",\"@id\":\"https:\\\/\\\/www.iemj.org\\\/it\\\/hanouka-la-selection-musicale-de-liemj-1ere-partie\\\/#breadcrumb\",\"itemListElement\":[{\"@type\":\"ListItem\",\"position\":1,\"name\":\"Accueil\",\"item\":\"https:\\\/\\\/www.iemj.org\\\/it\\\/\"},{\"@type\":\"ListItem\",\"position\":2,\"name\":\"Hanuccah : la selezione musicale dell\u2019IEMJ, parte 1\"}]},{\"@type\":\"WebSite\",\"@id\":\"https:\\\/\\\/www.iemj.org\\\/it\\\/#website\",\"url\":\"https:\\\/\\\/www.iemj.org\\\/it\\\/\",\"name\":\"Institut Europ\u00e9en des Musiques Juives\",\"description\":\"Des traditions musicales \u00e0 la port\u00e9e de tous\",\"publisher\":{\"@id\":\"https:\\\/\\\/www.iemj.org\\\/it\\\/#organization\"},\"potentialAction\":[{\"@type\":\"SearchAction\",\"target\":{\"@type\":\"EntryPoint\",\"urlTemplate\":\"https:\\\/\\\/www.iemj.org\\\/it\\\/?s={search_term_string}\"},\"query-input\":{\"@type\":\"PropertyValueSpecification\",\"valueRequired\":true,\"valueName\":\"search_term_string\"}}],\"inLanguage\":\"it-IT\"},{\"@type\":\"Organization\",\"@id\":\"https:\\\/\\\/www.iemj.org\\\/it\\\/#organization\",\"name\":\"Institut Europ\u00e9en des Musiques Juives\",\"url\":\"https:\\\/\\\/www.iemj.org\\\/it\\\/\",\"logo\":{\"@type\":\"ImageObject\",\"inLanguage\":\"it-IT\",\"@id\":\"https:\\\/\\\/www.iemj.org\\\/it\\\/#\\\/schema\\\/logo\\\/image\\\/\",\"url\":\"https:\\\/\\\/www.iemj.org\\\/wp-content\\\/uploads\\\/2021\\\/09\\\/Logo-IEMJ-Paypal.jpg\",\"contentUrl\":\"https:\\\/\\\/www.iemj.org\\\/wp-content\\\/uploads\\\/2021\\\/09\\\/Logo-IEMJ-Paypal.jpg\",\"width\":150,\"height\":50,\"caption\":\"Institut Europ\u00e9en des Musiques Juives\"},\"image\":{\"@id\":\"https:\\\/\\\/www.iemj.org\\\/it\\\/#\\\/schema\\\/logo\\\/image\\\/\"},\"sameAs\":[\"https:\\\/\\\/www.facebook.com\\\/MusiquesJuives\\\/\",\"https:\\\/\\\/www.instagram.com\\\/musiquesjuives\\\/\",\"https:\\\/\\\/www.youtube.com\\\/user\\\/musiquesjuives\"]},{\"@type\":\"Person\",\"@id\":\"https:\\\/\\\/www.iemj.org\\\/it\\\/#\\\/schema\\\/person\\\/c9bc1c386a3749579a2d675e72a18666\",\"name\":\"Jean-Gabriel Davis\",\"image\":{\"@type\":\"ImageObject\",\"inLanguage\":\"it-IT\",\"@id\":\"https:\\\/\\\/secure.gravatar.com\\\/avatar\\\/2b90d67bdf392c9b3a21fab87c0fa7edaf1fb3a058172a1ffd61033fcec7aec1?s=96&d=mm&r=g\",\"url\":\"https:\\\/\\\/secure.gravatar.com\\\/avatar\\\/2b90d67bdf392c9b3a21fab87c0fa7edaf1fb3a058172a1ffd61033fcec7aec1?s=96&d=mm&r=g\",\"contentUrl\":\"https:\\\/\\\/secure.gravatar.com\\\/avatar\\\/2b90d67bdf392c9b3a21fab87c0fa7edaf1fb3a058172a1ffd61033fcec7aec1?s=96&d=mm&r=g\",\"caption\":\"Jean-Gabriel Davis\"}}]}<\/script>\n<!-- \/ Yoast SEO plugin. -->","yoast_head_json":{"title":"Hanuccah : la selezione musicale dell\u2019IEMJ, parte 1 - Institut Europ\u00e9en des Musiques Juives","robots":{"index":"index","follow":"follow","max-snippet":"max-snippet:-1","max-image-preview":"max-image-preview:large","max-video-preview":"max-video-preview:-1"},"canonical":"https:\/\/www.iemj.org\/it\/hanouka-la-selection-musicale-de-liemj-1ere-partie\/","og_locale":"it_IT","og_type":"article","og_title":"Hanuccah : la selezione musicale dell\u2019IEMJ, parte 1 - Institut Europ\u00e9en des Musiques Juives","og_description":"La festa di Hanuccah \u00e8 propizia al canto ed alla gioia.Ecco una seconda selezione di brani da ascoltare\u2026 o da cantare","og_url":"https:\/\/www.iemj.org\/it\/hanouka-la-selection-musicale-de-liemj-1ere-partie\/","og_site_name":"Institut Europ\u00e9en des Musiques Juives","article_publisher":"https:\/\/www.facebook.com\/MusiquesJuives\/","article_published_time":"2015-12-02T20:00:00+00:00","article_modified_time":"2025-04-16T17:19:15+00:00","og_image":[{"width":500,"height":451,"url":"https:\/\/www.iemj.org\/wp-content\/uploads\/2015\/12\/arton1287.jpg","type":"image\/jpeg"}],"author":"Jean-Gabriel Davis","twitter_card":"summary_large_image","twitter_misc":{"Scritto da":"Jean-Gabriel Davis","Tempo di lettura stimato":"2 minuti"},"schema":{"@context":"https:\/\/schema.org","@graph":[{"@type":"Article","@id":"https:\/\/www.iemj.org\/it\/hanouka-la-selection-musicale-de-liemj-1ere-partie\/#article","isPartOf":{"@id":"https:\/\/www.iemj.org\/it\/hanouka-la-selection-musicale-de-liemj-1ere-partie\/"},"author":{"name":"Jean-Gabriel Davis","@id":"https:\/\/www.iemj.org\/it\/#\/schema\/person\/c9bc1c386a3749579a2d675e72a18666"},"headline":"Hanuccah : la selezione musicale dell\u2019IEMJ, parte 1","datePublished":"2015-12-02T20:00:00+00:00","dateModified":"2025-04-16T17:19:15+00:00","mainEntityOfPage":{"@id":"https:\/\/www.iemj.org\/it\/hanouka-la-selection-musicale-de-liemj-1ere-partie\/"},"wordCount":277,"publisher":{"@id":"https:\/\/www.iemj.org\/it\/#organization"},"image":{"@id":"https:\/\/www.iemj.org\/it\/hanouka-la-selection-musicale-de-liemj-1ere-partie\/#primaryimage"},"thumbnailUrl":"https:\/\/www.iemj.org\/wp-content\/uploads\/2015\/12\/arton1287.jpg","articleSection":["Playlist"],"inLanguage":"it-IT"},{"@type":"WebPage","@id":"https:\/\/www.iemj.org\/it\/hanouka-la-selection-musicale-de-liemj-1ere-partie\/","url":"https:\/\/www.iemj.org\/it\/hanouka-la-selection-musicale-de-liemj-1ere-partie\/","name":"Hanuccah : la selezione musicale dell\u2019IEMJ, parte 1 - Institut Europ\u00e9en des Musiques Juives","isPartOf":{"@id":"https:\/\/www.iemj.org\/it\/#website"},"primaryImageOfPage":{"@id":"https:\/\/www.iemj.org\/it\/hanouka-la-selection-musicale-de-liemj-1ere-partie\/#primaryimage"},"image":{"@id":"https:\/\/www.iemj.org\/it\/hanouka-la-selection-musicale-de-liemj-1ere-partie\/#primaryimage"},"thumbnailUrl":"https:\/\/www.iemj.org\/wp-content\/uploads\/2015\/12\/arton1287.jpg","datePublished":"2015-12-02T20:00:00+00:00","dateModified":"2025-04-16T17:19:15+00:00","breadcrumb":{"@id":"https:\/\/www.iemj.org\/it\/hanouka-la-selection-musicale-de-liemj-1ere-partie\/#breadcrumb"},"inLanguage":"it-IT","potentialAction":[{"@type":"ReadAction","target":["https:\/\/www.iemj.org\/it\/hanouka-la-selection-musicale-de-liemj-1ere-partie\/"]}]},{"@type":"ImageObject","inLanguage":"it-IT","@id":"https:\/\/www.iemj.org\/it\/hanouka-la-selection-musicale-de-liemj-1ere-partie\/#primaryimage","url":"https:\/\/www.iemj.org\/wp-content\/uploads\/2015\/12\/arton1287.jpg","contentUrl":"https:\/\/www.iemj.org\/wp-content\/uploads\/2015\/12\/arton1287.jpg","width":500,"height":451},{"@type":"BreadcrumbList","@id":"https:\/\/www.iemj.org\/it\/hanouka-la-selection-musicale-de-liemj-1ere-partie\/#breadcrumb","itemListElement":[{"@type":"ListItem","position":1,"name":"Accueil","item":"https:\/\/www.iemj.org\/it\/"},{"@type":"ListItem","position":2,"name":"Hanuccah : la selezione musicale dell\u2019IEMJ, parte 1"}]},{"@type":"WebSite","@id":"https:\/\/www.iemj.org\/it\/#website","url":"https:\/\/www.iemj.org\/it\/","name":"Institut Europ\u00e9en des Musiques Juives","description":"Des traditions musicales \u00e0 la port\u00e9e de tous","publisher":{"@id":"https:\/\/www.iemj.org\/it\/#organization"},"potentialAction":[{"@type":"SearchAction","target":{"@type":"EntryPoint","urlTemplate":"https:\/\/www.iemj.org\/it\/?s={search_term_string}"},"query-input":{"@type":"PropertyValueSpecification","valueRequired":true,"valueName":"search_term_string"}}],"inLanguage":"it-IT"},{"@type":"Organization","@id":"https:\/\/www.iemj.org\/it\/#organization","name":"Institut Europ\u00e9en des Musiques Juives","url":"https:\/\/www.iemj.org\/it\/","logo":{"@type":"ImageObject","inLanguage":"it-IT","@id":"https:\/\/www.iemj.org\/it\/#\/schema\/logo\/image\/","url":"https:\/\/www.iemj.org\/wp-content\/uploads\/2021\/09\/Logo-IEMJ-Paypal.jpg","contentUrl":"https:\/\/www.iemj.org\/wp-content\/uploads\/2021\/09\/Logo-IEMJ-Paypal.jpg","width":150,"height":50,"caption":"Institut Europ\u00e9en des Musiques Juives"},"image":{"@id":"https:\/\/www.iemj.org\/it\/#\/schema\/logo\/image\/"},"sameAs":["https:\/\/www.facebook.com\/MusiquesJuives\/","https:\/\/www.instagram.com\/musiquesjuives\/","https:\/\/www.youtube.com\/user\/musiquesjuives"]},{"@type":"Person","@id":"https:\/\/www.iemj.org\/it\/#\/schema\/person\/c9bc1c386a3749579a2d675e72a18666","name":"Jean-Gabriel Davis","image":{"@type":"ImageObject","inLanguage":"it-IT","@id":"https:\/\/secure.gravatar.com\/avatar\/2b90d67bdf392c9b3a21fab87c0fa7edaf1fb3a058172a1ffd61033fcec7aec1?s=96&d=mm&r=g","url":"https:\/\/secure.gravatar.com\/avatar\/2b90d67bdf392c9b3a21fab87c0fa7edaf1fb3a058172a1ffd61033fcec7aec1?s=96&d=mm&r=g","contentUrl":"https:\/\/secure.gravatar.com\/avatar\/2b90d67bdf392c9b3a21fab87c0fa7edaf1fb3a058172a1ffd61033fcec7aec1?s=96&d=mm&r=g","caption":"Jean-Gabriel Davis"}}]}},"_links":{"self":[{"href":"https:\/\/www.iemj.org\/it\/wp-json\/wp\/v2\/posts\/71384","targetHints":{"allow":["GET"]}}],"collection":[{"href":"https:\/\/www.iemj.org\/it\/wp-json\/wp\/v2\/posts"}],"about":[{"href":"https:\/\/www.iemj.org\/it\/wp-json\/wp\/v2\/types\/post"}],"author":[{"embeddable":true,"href":"https:\/\/www.iemj.org\/it\/wp-json\/wp\/v2\/users\/1048"}],"replies":[{"embeddable":true,"href":"https:\/\/www.iemj.org\/it\/wp-json\/wp\/v2\/comments?post=71384"}],"version-history":[{"count":0,"href":"https:\/\/www.iemj.org\/it\/wp-json\/wp\/v2\/posts\/71384\/revisions"}],"wp:featuredmedia":[{"embeddable":true,"href":"https:\/\/www.iemj.org\/it\/wp-json\/wp\/v2\/media\/71385"}],"wp:attachment":[{"href":"https:\/\/www.iemj.org\/it\/wp-json\/wp\/v2\/media?parent=71384"}],"wp:term":[{"taxonomy":"category","embeddable":true,"href":"https:\/\/www.iemj.org\/it\/wp-json\/wp\/v2\/categories?post=71384"},{"taxonomy":"post_tag","embeddable":true,"href":"https:\/\/www.iemj.org\/it\/wp-json\/wp\/v2\/tags?post=71384"},{"taxonomy":"technique","embeddable":true,"href":"https:\/\/www.iemj.org\/it\/wp-json\/wp\/v2\/technique?post=71384"},{"taxonomy":"squelettes","embeddable":true,"href":"https:\/\/www.iemj.org\/it\/wp-json\/wp\/v2\/squelettes?post=71384"},{"taxonomy":"sujet","embeddable":true,"href":"https:\/\/www.iemj.org\/it\/wp-json\/wp\/v2\/sujet?post=71384"},{"taxonomy":"formation","embeddable":true,"href":"https:\/\/www.iemj.org\/it\/wp-json\/wp\/v2\/formation?post=71384"},{"taxonomy":"genre","embeddable":true,"href":"https:\/\/www.iemj.org\/it\/wp-json\/wp\/v2\/genre?post=71384"},{"taxonomy":"fonds","embeddable":true,"href":"https:\/\/www.iemj.org\/it\/wp-json\/wp\/v2\/fonds?post=71384"},{"taxonomy":"tradition","embeddable":true,"href":"https:\/\/www.iemj.org\/it\/wp-json\/wp\/v2\/tradition?post=71384"},{"taxonomy":"type-de-contenu","embeddable":true,"href":"https:\/\/www.iemj.org\/it\/wp-json\/wp\/v2\/type-de-contenu?post=71384"},{"taxonomy":"interprete-compositeur","embeddable":true,"href":"https:\/\/www.iemj.org\/it\/wp-json\/wp\/v2\/interprete-compositeur?post=71384"},{"taxonomy":"frise","embeddable":true,"href":"https:\/\/www.iemj.org\/it\/wp-json\/wp\/v2\/frise?post=71384"},{"taxonomy":"type-devenement","embeddable":true,"href":"https:\/\/www.iemj.org\/it\/wp-json\/wp\/v2\/type-devenement?post=71384"},{"taxonomy":"tableaux-liens-externes","embeddable":true,"href":"https:\/\/www.iemj.org\/it\/wp-json\/wp\/v2\/tableaux-liens-externes?post=71384"}],"curies":[{"name":"wp","href":"https:\/\/api.w.org\/{rel}","templated":true}]}}