{"id":72226,"date":"2020-05-19T15:48:33","date_gmt":"2020-05-19T13:48:33","guid":{"rendered":"https:\/\/www.iemj.org\/le-hassidisme-et-ses-musiques\/"},"modified":"2025-10-23T10:42:19","modified_gmt":"2025-10-23T08:42:19","slug":"le-hassidisme-et-ses-musiques","status":"publish","type":"post","link":"https:\/\/www.iemj.org\/it\/le-hassidisme-et-ses-musiques\/","title":{"rendered":"Il hassidismo e le sue musiche"},"content":{"rendered":"\n<p>Il hassidismo, corrente mistica ebraica nata nell&#8217;Europa orientale a met\u00e0 del XVIII secolo, ha favorito l&#8217;emergenza di numerose musiche volte a trascendere le impurit\u00e0 di questo basso mondo&#8230;<\/p>\n\n\n\n<!--more-->\n\n\n\n<p>A met\u00e0 del XVIII secolo, la miseria e le persecuzioni che colpiscono duramente gli ebrei dell&#8217;Europa orientale li portano ad un profondo ripiegamento su se stessi. Dopo la disillusione generata dall&#8217;apostasia del falso messia Sabbatai Tsevi, molti ebrei soccombono ad un misticismo ambientale che porta all&#8217;emergere del movimento hassidico. <\/p>\n\n\n\n<div style=\"height:15px\" aria-hidden=\"true\" class=\"wp-block-spacer\"><\/div>\n\n\n<div class=\"wp-block-image\">\n<figure class=\"alignleft\"><img decoding=\"async\" width=\"150\" height=\"225\" src=\"https:\/\/www.iemj.org\/wp-content\/uploads\/2020\/05\/ben_eliezer_225_px_vertic.jpg\" alt=\"ben_eliezer_225_px_vertic.jpg\" class=\"wp-image-28691\"\/><\/figure>\n<\/div>\n\n\n<p>Il hassidismo fu fondato in Podolia da <strong>Israel ben Eliezer Baal Shem Tov<\/strong> (1700-1760). Originariamente visto come una reazione all&#8217;austero intellettualismo dei rabbini, questo movimento di ispirazione popolare sostiene l&#8217;accesso al divino attraverso la gioia (<em>simha<\/em>) e l&#8217;entusiasmo (<em>hitlavut)<\/em> nella preghiera. A questa dottrina, ispirata dalla corrente cabalistica di Safed, si aggiunge il concetto di <em>devequt<\/em> (&#8220;attaccamento&#8221;) che segna uno stato di totale adesione a Dio in tutti gli atti quotidiani della vita. Cos\u00ec il <em>hassid<\/em> serve il suo creatore anche quando mangia o beve, purch\u00e9 lo faccia con uno spirito di santit\u00e0.<\/p>\n\n\n\n<p>Anche se contestato dagli organi ufficiali della comunit\u00e0 ebraica (i <em>Mitnagedim<\/em>), il movimento hassidico cresce rapidamente: si stima che avesse probabilmente conquistato pi\u00f9 della met\u00e0 della popolazione ebraica orientale all&#8217;inizio del XIX secolo. A capo degli <em>Hassidim <\/em>\u201cregna\u201d uno <em>tzaddik<\/em> che mantiene una vera corte. La carica di <em>tzaddik<\/em>, tramandata prima dal maestro al pi\u00f9 prestigioso dei suoi discepoli, diventa gradualmente ereditaria fino a generare vere e proprie linee dinastiche. Ogni dinastia &#8211; generalmente indicata con il nome della citt\u00e0 dove gli antenati avevano stabilito i propri corsi \u2013 sviluppa delle tradizioni originali; tuttavia, tutti mantengono l&#8217;uso dello yiddish ed alcune pratiche comuni. Tra queste figurano ai primi posti la danza ed il canto.<\/p>\n\n\n<div class=\"wp-block-image\">\n<figure class=\"alignright\"><img fetchpriority=\"high\" decoding=\"async\" width=\"300\" height=\"195\" src=\"https:\/\/www.iemj.org\/wp-content\/uploads\/2020\/05\/dynastie_hassidique_de_gour_300_px_larg.jpg\" alt=\"dynastie_hassidique_de_gour_300_px_larg.jpg\" class=\"wp-image-28693\"\/><\/figure>\n<\/div>\n\n\n<p>Baal Shem Tov ed i suoi seguaci consideravano la musica e la danza come un mezzo per elevare la propria anima al di sopra delle impurit\u00e0 del mondo. Durante i pasti dello Shabbat, cantavano delle <em>zemirot<\/em> (cantici domestici) e non esitavano ad inventare nuove melodie. Poco dopo la morte di Baal Shem Tov, la creazione e il canto di questi <em>nigounim<\/em> (melodie, arie) diventano uno dei pilastri essenziali del misticismo hassidico. Nella concezione hassidica, il <em>nigoun<\/em> trascende il linguaggio: \u00e8 capace di esprimere l&#8217;inesprimibile. Come afferma un proverbio hassidico, &#8220;il silenzio vale di pi\u00f9 della parola, ma il canto vale di pi\u00f9 del silenzio&#8221;. In quanto tale, il <em>nigoun<\/em> esprime la totalit\u00e0 delle emozioni umane. Meditativo od euforico, triste o gioioso, il suo canto \u00e8 accompagnato dal dondolamento del corpo, del busto e delle braccia; oltre a possibili battiti di mano. Questi movimenti corporei, retti da un coinvolgimento totale del <em>hassid<\/em> nella sua melodia, possono indurre nel cantante un vero e proprio stato di trance.<\/p>\n\n\n<div class=\"wp-block-image\">\n<figure class=\"alignleft\"><img decoding=\"async\" width=\"187\" height=\"250\" src=\"https:\/\/www.iemj.org\/wp-content\/uploads\/2020\/05\/partition_baal_shem_-_ernest_bloch_250px_vertic.jpg\" alt=\"partition_baal_shem_-_ernest_bloch_250px_vertic.jpg\" class=\"wp-image-28697\"\/><\/figure>\n<\/div>\n\n\n<p>La maggior parte dei <em>nigounim<\/em> sono cantati senza parole. Il testo ha poca importanza; generalmente applicato in un secondo tempo alla melodia, \u00e8 spesso ridotto a una sola parola od a brevi onomatopee come \u201cdoy doy doy\u201d o \u201cYa-ba-bam\u201d. L&#8217;essenza del <em>nigoun<\/em> risiede in realt\u00e0 nella <em>kavanah <\/em>(intenzione) che emerge dal cuore del cantante; poco importa il materiale melodico o testuale utilizzato. Tale filosofia spiega in parte i numerosi prestiti di melodie russe, ucraine, polacche, ungheresi, rumene o turche che abbondano in questo repertorio. Vi si trovano anche delle arie di marce napoleoniche, testimonianza dell&#8217;immensa speranza suscitata tra gli ebrei dall&#8217;ingresso delle truppe francesi in Polonia.<\/p>\n\n\n\n<p>Il repertorio musicale hassidico \u00e8 quindi estremamente composito dal punto di vista stilistico. Basato su un assemblaggio di elementi melodici ebraici e non ebraici, vocali e strumentali, metrici e di ritmico libero, non presenta caratteristiche univoche. \u00c8 particolarmente difficile da classificare e da caratterizzare. Secondo Andr\u00e9 Hajdu e Yaakov Mazor (1972, E.J. 7, 1424-1425), gli <em>hassidim<\/em> stessi contano tre categorie principali di <em>nigounim <\/em>:<\/p>\n\n\n\n<ol class=\"wp-block-list\">\n<li><figure><img loading=\"lazy\" decoding=\"async\" width=\"243\" height=\"220\" align=\"right\" class=\" alignright size-full wp-image-28699\" src=\"https:\/\/www.iemj.org\/wp-content\/uploads\/2020\/05\/cd_143_couv_220_px_vertic.jpg\" alt=\"cd_143_couv_220_px_vertic.jpg\"><\/figure>le arie da tavolo (<em>tish nigounim<\/em>). Nel tempo, venivano cantate alla tavola dello <em>tzaddik <\/em>prima o dopo i pasti. Si tratta di arie relativamente lunghe, di carattere piuttosto meditativo, con ritmi liberi o metrici. La maggior parte di esse non comportano parole; i rari testi utilizzati provengono principalmente dalla liturgia dello Shabbat, e in particolare dagli <em>zemirot<\/em> (cantici).<\/li>\n\n\n\n<li>le arie da ballo. Queste arie hanno una struttura generalmente periodica e simmetrica; sono spesso composte da un piccolo numero di motivi melodici (di solito due o tre) soggetti a semplici variazioni. Circa la met\u00e0 di questi <em>nigounim<\/em> includono un corto versetto biblico o liturgico applicato sulla melodia in modo pi\u00f9 o meno ripetitivo.<\/li>\n\n\n\n<li>la musica di tipo strumentale riguarda melodie di valzer, marce o anche arie come quelle eseguite durante il pellegrinaggio di Meron in Alta Galilea.<\/li>\n<\/ol>\n\n\n<div class=\"wp-block-image\">\n<figure class=\"alignleft\"><img loading=\"lazy\" decoding=\"async\" width=\"300\" height=\"169\" src=\"https:\/\/www.iemj.org\/wp-content\/uploads\/2020\/05\/juifs-hassidiques-dans-le-quartier-de-williamsburg_300_px_larg.jpg\" alt=\"juifs-hassidiques-dans-le-quartier-de-williamsburg_300_px_larg.jpg\" class=\"wp-image-28701\"\/><\/figure>\n<\/div>\n\n\n<p>Per quasi due secoli, le varie dinastie hassidiche hanno creato e diffuso un gran numero di <em>nigounim<\/em>. Alcuni sono stati annotati; altri sono stati registrati all\u2019inizio del secolo. A l\u2019apogeo del movimento hassidico, dei complessi strumentali, dei cantanti e dei compositori di <em>nigounim<\/em> facevano sistematicamente parte della corte dei <em>tzadikim<\/em>. Degli <em>hazanim<\/em> erano ingaggiati per insegnare le melodie appena create ai pellegrini che, durante i giorni di festa, venivano in massa per ascoltare l&#8217;insegnamento dei rabbini. La seconda guerra mondiale ed il massacro degli ebrei nell&#8217;Europa orientale hanno messo la parola \u00ab fine \u00bb a questo universo.<\/p>\n\n\n\n<p>Oggi le principali correnti hassidiche si sono stabilite negli Stati Uniti ed in Israele. Il loro repertorio musicale ha subito una forte evoluzione : si \u00e8 notevolmente standardizzato e impoverito a causa della sua diffusione mediatica (concerti, dischi, stazioni radio, ecc.) e della notazione musicale occidentale che \u00e8, per sua stessa natura, normativa.<\/p>\n\n\n\n<p>Fonte : Herv\u00e9 Roten, <a href=\"https:\/\/www.iemj.org\/it\/musiques-liturgiques-juives\/\">Musiques liturgiques juives \u2013 Parcours et escales<\/a> (Musiche liturgiche ebraiche \u2013 Percorsi e tappe)<\/p>\n\n\n\n<p><a href=\"https:\/\/www.iemj.org\/it\/musiques-hassidiques-1\/\" target=\"_blank\" rel=\"noopener\">Ascoltare la playlist Musica hassidica (parte 1)<\/a><br><a href=\"https:\/\/www.iemj.org\/it\/musiques-hassidiques-2eme-partie\/\" target=\"_blank\" rel=\"noopener\">Ascoltare la playlist Musica hassidica (parte 2)<\/a><br><a href=\"https:\/\/www.iemj.org\/it\/musiques-hassidiques-3eme-partie\/\" target=\"_blank\" rel=\"noopener\">Ascoltare la playlist Musica hassidica (parte 3)<\/a><\/p>\n\n\n\n<p><a href=\"https:\/\/www.jewish-music.huji.ac.il\/content\/hasidic-niggun-sung-hasidim\" target=\"_blank\" rel=\"noopener\">Acquistare il CD The Hasidic Niggun as Sung by the Hasidim publicato dalla JMRC<\/a><\/p>\n\n\n<div class=\"wp-block-image\">\n<figure class=\"aligncenter size-large\"><img loading=\"lazy\" decoding=\"async\" width=\"1024\" height=\"133\" src=\"https:\/\/www.iemj.org\/wp-content\/uploads\/2024\/03\/AUDIO-PLAYER-1024x133.png\" alt=\"\" class=\"wp-image-110609\" srcset=\"https:\/\/www.iemj.org\/wp-content\/uploads\/2024\/03\/AUDIO-PLAYER-1024x133.png 1024w, https:\/\/www.iemj.org\/wp-content\/uploads\/2024\/03\/AUDIO-PLAYER-300x39.png 300w, https:\/\/www.iemj.org\/wp-content\/uploads\/2024\/03\/AUDIO-PLAYER-768x100.png 768w, https:\/\/www.iemj.org\/wp-content\/uploads\/2024\/03\/AUDIO-PLAYER-600x78.png 600w, https:\/\/www.iemj.org\/wp-content\/uploads\/2024\/03\/AUDIO-PLAYER.png 1210w\" sizes=\"(max-width: 1024px) 100vw, 1024px\" \/><\/figure>\n<\/div>\n\n\n<div class=\"wp-block-file\"><a href=\"https:\/\/www.iemj.org\/wp-content\/uploads\/2020\/05\/01_dance_nigun_of_boyan_hasidim_tiferet_yisrael_yeshiva_extrait_.mp3\">Dance Nigun of Boyan Hasidim -Tiferet Yisrael Yeshiva (Extrait)<\/a><\/div>\n\n\n\n<div class=\"wp-block-file\"><a href=\"https:\/\/www.iemj.org\/wp-content\/uploads\/2020\/05\/02_medley_of_meron_tunes_d_bergstein_and_y_d_rubinstein_extrait_.mp3\">Medley of Meron Tunes &#8211; D Bergstein and Y D Rubinstein (Extrait)<\/a><\/div>\n\n\n\n<div class=\"wp-block-file\"><a href=\"https:\/\/www.iemj.org\/wp-content\/uploads\/2020\/05\/03_im_hashem_lo_yivneh_bayis_shira_choir_extrait_.mp3\">Im Hashem lo yivneh bayis &#8211; Shira Choir (Extrait)<\/a><\/div>\n\n\n\n<div class=\"wp-block-file\"><a href=\"https:\/\/www.iemj.org\/wp-content\/uploads\/2020\/05\/04_dance_niggunim_of_the_vizhnitz_hasidim_2_vizhnitz_choir.mp3\">Dance Niggunim of the Vizhnitz Hasidim 2 &#8211; Vizhnitz Choir<\/a><\/div>\n\n\n\n<div class=\"wp-block-file\"><a href=\"https:\/\/www.iemj.org\/wp-content\/uploads\/2020\/05\/05_nigun_1_shapira_meir_extrait_.mp3\">Nigun 1 &#8211; Shapira Meir (Extrait)<\/a><\/div>\n\n\n\n<div class=\"wp-block-file\"><a href=\"https:\/\/www.iemj.org\/wp-content\/uploads\/2020\/05\/06_nigun_chatuna_wedding_danse_.mp3\">Nigun Chatuna (Wedding Danse)<\/a><\/div>\n\n\n\n<div class=\"wp-block-file\"><a href=\"https:\/\/www.iemj.org\/wp-content\/uploads\/2020\/05\/07_yismach_moshe_the_zimel_brothers.mp3\">Yismach Moshe &#8211; The Zimel Brothers<\/a><\/div>\n\n\n\n<div class=\"wp-block-file\"><a href=\"https:\/\/www.iemj.org\/wp-content\/uploads\/2020\/05\/08_nigun_habaal_shem_tov_avraham_fried_extrait_.mp3\">Nigun Habaal Shem Tov &#8211; Avraham Fried (Extrait)<\/a><\/div>\n\n\n\n<div class=\"wp-block-file\"><a href=\"https:\/\/www.iemj.org\/wp-content\/uploads\/2020\/05\/09_tish_nigun_klezmer_plus.mp3\">Tish Nigun &#8211; Klezmer plus<\/a><\/div>\n\n\n\n<div class=\"wp-block-file\"><a href=\"https:\/\/www.iemj.org\/wp-content\/uploads\/2020\/05\/10_bratzlavs_nigun_giora_feidman_extrait_.mp3\">Bratzlavs nigun &#8211; Giora Feidman (Extrait)<\/a><\/div>\n","protected":false},"excerpt":{"rendered":"<p>Il hassidismo, corrente mistica ebraica nata nell&#8217;Europa orientale a met\u00e0 del XVIII secolo, ha favorito l&#8217;emergenza di numerose musiche volte a trascendere le impurit\u00e0 di questo basso mondo&#8230;<\/p>\n","protected":false},"author":5,"featured_media":72227,"comment_status":"closed","ping_status":"closed","sticky":false,"template":"","format":"standard","meta":{"_acf_changed":false,"footnotes":""},"categories":[1407,1409],"tags":[],"technique":[],"squelettes":[],"sujet":[],"formation":[],"genre":[1892,1906],"fonds":[],"tradition":[],"type-de-contenu":[],"interprete-compositeur":[],"frise":[],"type-devenement":[],"tableaux-liens-externes":[],"class_list":["post-72226","post","type-post","status-publish","format-standard","has-post-thumbnail","hentry","category-articoli-di-fondo-it","category-musica-liturgica-it","genre-liturgia-it","genre-musica-chassidica-it"],"acf":[],"yoast_head":"<!-- This site is optimized with the Yoast SEO plugin v27.3 - https:\/\/yoast.com\/product\/yoast-seo-wordpress\/ -->\n<title>Il hassidismo e le sue musiche - Institut Europ\u00e9en des Musiques Juives<\/title>\n<meta name=\"robots\" content=\"index, follow, max-snippet:-1, max-image-preview:large, max-video-preview:-1\" \/>\n<link rel=\"canonical\" href=\"https:\/\/www.iemj.org\/it\/le-hassidisme-et-ses-musiques\/\" \/>\n<meta property=\"og:locale\" content=\"it_IT\" \/>\n<meta property=\"og:type\" content=\"article\" \/>\n<meta property=\"og:title\" content=\"Il hassidismo e le sue musiche - Institut Europ\u00e9en des Musiques Juives\" \/>\n<meta property=\"og:description\" content=\"Il hassidismo, corrente mistica ebraica nata nell&#8217;Europa orientale a met\u00e0 del XVIII secolo, ha favorito l&#8217;emergenza di numerose musiche volte a trascendere le impurit\u00e0 di questo basso mondo&#8230;\" \/>\n<meta property=\"og:url\" content=\"https:\/\/www.iemj.org\/it\/le-hassidisme-et-ses-musiques\/\" \/>\n<meta property=\"og:site_name\" content=\"Institut Europ\u00e9en des Musiques Juives\" \/>\n<meta property=\"article:publisher\" content=\"https:\/\/www.facebook.com\/MusiquesJuives\/\" \/>\n<meta property=\"article:published_time\" content=\"2020-05-19T13:48:33+00:00\" \/>\n<meta property=\"article:modified_time\" content=\"2025-10-23T08:42:19+00:00\" \/>\n<meta property=\"og:image\" content=\"https:\/\/www.iemj.org\/wp-content\/uploads\/2020\/05\/arton4759.jpg\" \/>\n\t<meta property=\"og:image:width\" content=\"284\" \/>\n\t<meta property=\"og:image:height\" content=\"259\" \/>\n\t<meta property=\"og:image:type\" content=\"image\/jpeg\" \/>\n<meta name=\"author\" content=\"Jacqueline ROTEN\" \/>\n<meta name=\"twitter:card\" content=\"summary_large_image\" \/>\n<meta name=\"twitter:label1\" content=\"Scritto da\" \/>\n\t<meta name=\"twitter:data1\" content=\"Jacqueline ROTEN\" \/>\n\t<meta name=\"twitter:label2\" content=\"Tempo di lettura stimato\" \/>\n\t<meta name=\"twitter:data2\" content=\"7 minuti\" \/>\n<script type=\"application\/ld+json\" class=\"yoast-schema-graph\">{\"@context\":\"https:\\\/\\\/schema.org\",\"@graph\":[{\"@type\":\"Article\",\"@id\":\"https:\\\/\\\/www.iemj.org\\\/it\\\/le-hassidisme-et-ses-musiques\\\/#article\",\"isPartOf\":{\"@id\":\"https:\\\/\\\/www.iemj.org\\\/it\\\/le-hassidisme-et-ses-musiques\\\/\"},\"author\":{\"name\":\"Jacqueline ROTEN\",\"@id\":\"https:\\\/\\\/www.iemj.org\\\/it\\\/#\\\/schema\\\/person\\\/358e26c18aca017fcc4cc15437f7279c\"},\"headline\":\"Il hassidismo e le sue musiche\",\"datePublished\":\"2020-05-19T13:48:33+00:00\",\"dateModified\":\"2025-10-23T08:42:19+00:00\",\"mainEntityOfPage\":{\"@id\":\"https:\\\/\\\/www.iemj.org\\\/it\\\/le-hassidisme-et-ses-musiques\\\/\"},\"wordCount\":1036,\"publisher\":{\"@id\":\"https:\\\/\\\/www.iemj.org\\\/it\\\/#organization\"},\"image\":{\"@id\":\"https:\\\/\\\/www.iemj.org\\\/it\\\/le-hassidisme-et-ses-musiques\\\/#primaryimage\"},\"thumbnailUrl\":\"https:\\\/\\\/www.iemj.org\\\/wp-content\\\/uploads\\\/2020\\\/05\\\/arton4759.jpg\",\"articleSection\":[\"Articoli di fondo\",\"Musica liturgica\"],\"inLanguage\":\"it-IT\"},{\"@type\":\"WebPage\",\"@id\":\"https:\\\/\\\/www.iemj.org\\\/it\\\/le-hassidisme-et-ses-musiques\\\/\",\"url\":\"https:\\\/\\\/www.iemj.org\\\/it\\\/le-hassidisme-et-ses-musiques\\\/\",\"name\":\"Il hassidismo e le sue musiche - Institut Europ\u00e9en des Musiques Juives\",\"isPartOf\":{\"@id\":\"https:\\\/\\\/www.iemj.org\\\/it\\\/#website\"},\"primaryImageOfPage\":{\"@id\":\"https:\\\/\\\/www.iemj.org\\\/it\\\/le-hassidisme-et-ses-musiques\\\/#primaryimage\"},\"image\":{\"@id\":\"https:\\\/\\\/www.iemj.org\\\/it\\\/le-hassidisme-et-ses-musiques\\\/#primaryimage\"},\"thumbnailUrl\":\"https:\\\/\\\/www.iemj.org\\\/wp-content\\\/uploads\\\/2020\\\/05\\\/arton4759.jpg\",\"datePublished\":\"2020-05-19T13:48:33+00:00\",\"dateModified\":\"2025-10-23T08:42:19+00:00\",\"breadcrumb\":{\"@id\":\"https:\\\/\\\/www.iemj.org\\\/it\\\/le-hassidisme-et-ses-musiques\\\/#breadcrumb\"},\"inLanguage\":\"it-IT\",\"potentialAction\":[{\"@type\":\"ReadAction\",\"target\":[\"https:\\\/\\\/www.iemj.org\\\/it\\\/le-hassidisme-et-ses-musiques\\\/\"]}]},{\"@type\":\"ImageObject\",\"inLanguage\":\"it-IT\",\"@id\":\"https:\\\/\\\/www.iemj.org\\\/it\\\/le-hassidisme-et-ses-musiques\\\/#primaryimage\",\"url\":\"https:\\\/\\\/www.iemj.org\\\/wp-content\\\/uploads\\\/2020\\\/05\\\/arton4759.jpg\",\"contentUrl\":\"https:\\\/\\\/www.iemj.org\\\/wp-content\\\/uploads\\\/2020\\\/05\\\/arton4759.jpg\",\"width\":284,\"height\":259},{\"@type\":\"BreadcrumbList\",\"@id\":\"https:\\\/\\\/www.iemj.org\\\/it\\\/le-hassidisme-et-ses-musiques\\\/#breadcrumb\",\"itemListElement\":[{\"@type\":\"ListItem\",\"position\":1,\"name\":\"Accueil\",\"item\":\"https:\\\/\\\/www.iemj.org\\\/it\\\/\"},{\"@type\":\"ListItem\",\"position\":2,\"name\":\"Il hassidismo e le sue musiche\"}]},{\"@type\":\"WebSite\",\"@id\":\"https:\\\/\\\/www.iemj.org\\\/it\\\/#website\",\"url\":\"https:\\\/\\\/www.iemj.org\\\/it\\\/\",\"name\":\"Institut Europ\u00e9en des Musiques Juives\",\"description\":\"Des traditions musicales \u00e0 la port\u00e9e de tous\",\"publisher\":{\"@id\":\"https:\\\/\\\/www.iemj.org\\\/it\\\/#organization\"},\"potentialAction\":[{\"@type\":\"SearchAction\",\"target\":{\"@type\":\"EntryPoint\",\"urlTemplate\":\"https:\\\/\\\/www.iemj.org\\\/it\\\/?s={search_term_string}\"},\"query-input\":{\"@type\":\"PropertyValueSpecification\",\"valueRequired\":true,\"valueName\":\"search_term_string\"}}],\"inLanguage\":\"it-IT\"},{\"@type\":\"Organization\",\"@id\":\"https:\\\/\\\/www.iemj.org\\\/it\\\/#organization\",\"name\":\"Institut Europ\u00e9en des Musiques Juives\",\"url\":\"https:\\\/\\\/www.iemj.org\\\/it\\\/\",\"logo\":{\"@type\":\"ImageObject\",\"inLanguage\":\"it-IT\",\"@id\":\"https:\\\/\\\/www.iemj.org\\\/it\\\/#\\\/schema\\\/logo\\\/image\\\/\",\"url\":\"https:\\\/\\\/www.iemj.org\\\/wp-content\\\/uploads\\\/2021\\\/09\\\/Logo-IEMJ-Paypal.jpg\",\"contentUrl\":\"https:\\\/\\\/www.iemj.org\\\/wp-content\\\/uploads\\\/2021\\\/09\\\/Logo-IEMJ-Paypal.jpg\",\"width\":150,\"height\":50,\"caption\":\"Institut Europ\u00e9en des Musiques Juives\"},\"image\":{\"@id\":\"https:\\\/\\\/www.iemj.org\\\/it\\\/#\\\/schema\\\/logo\\\/image\\\/\"},\"sameAs\":[\"https:\\\/\\\/www.facebook.com\\\/MusiquesJuives\\\/\",\"https:\\\/\\\/www.instagram.com\\\/musiquesjuives\\\/\",\"https:\\\/\\\/www.youtube.com\\\/user\\\/musiquesjuives\"]},{\"@type\":\"Person\",\"@id\":\"https:\\\/\\\/www.iemj.org\\\/it\\\/#\\\/schema\\\/person\\\/358e26c18aca017fcc4cc15437f7279c\",\"name\":\"Jacqueline ROTEN\",\"image\":{\"@type\":\"ImageObject\",\"inLanguage\":\"it-IT\",\"@id\":\"https:\\\/\\\/secure.gravatar.com\\\/avatar\\\/5964256d6c6957de3a3505278957e0fb2a35119ac47ea41827a65301213c810b?s=96&d=mm&r=g\",\"url\":\"https:\\\/\\\/secure.gravatar.com\\\/avatar\\\/5964256d6c6957de3a3505278957e0fb2a35119ac47ea41827a65301213c810b?s=96&d=mm&r=g\",\"contentUrl\":\"https:\\\/\\\/secure.gravatar.com\\\/avatar\\\/5964256d6c6957de3a3505278957e0fb2a35119ac47ea41827a65301213c810b?s=96&d=mm&r=g\",\"caption\":\"Jacqueline ROTEN\"}}]}<\/script>\n<!-- \/ Yoast SEO plugin. -->","yoast_head_json":{"title":"Il hassidismo e le sue musiche - Institut Europ\u00e9en des Musiques Juives","robots":{"index":"index","follow":"follow","max-snippet":"max-snippet:-1","max-image-preview":"max-image-preview:large","max-video-preview":"max-video-preview:-1"},"canonical":"https:\/\/www.iemj.org\/it\/le-hassidisme-et-ses-musiques\/","og_locale":"it_IT","og_type":"article","og_title":"Il hassidismo e le sue musiche - Institut Europ\u00e9en des Musiques Juives","og_description":"Il hassidismo, corrente mistica ebraica nata nell&#8217;Europa orientale a met\u00e0 del XVIII secolo, ha favorito l&#8217;emergenza di numerose musiche volte a trascendere le impurit\u00e0 di questo basso mondo&#8230;","og_url":"https:\/\/www.iemj.org\/it\/le-hassidisme-et-ses-musiques\/","og_site_name":"Institut Europ\u00e9en des Musiques Juives","article_publisher":"https:\/\/www.facebook.com\/MusiquesJuives\/","article_published_time":"2020-05-19T13:48:33+00:00","article_modified_time":"2025-10-23T08:42:19+00:00","og_image":[{"width":284,"height":259,"url":"https:\/\/www.iemj.org\/wp-content\/uploads\/2020\/05\/arton4759.jpg","type":"image\/jpeg"}],"author":"Jacqueline ROTEN","twitter_card":"summary_large_image","twitter_misc":{"Scritto da":"Jacqueline ROTEN","Tempo di lettura stimato":"7 minuti"},"schema":{"@context":"https:\/\/schema.org","@graph":[{"@type":"Article","@id":"https:\/\/www.iemj.org\/it\/le-hassidisme-et-ses-musiques\/#article","isPartOf":{"@id":"https:\/\/www.iemj.org\/it\/le-hassidisme-et-ses-musiques\/"},"author":{"name":"Jacqueline ROTEN","@id":"https:\/\/www.iemj.org\/it\/#\/schema\/person\/358e26c18aca017fcc4cc15437f7279c"},"headline":"Il hassidismo e le sue musiche","datePublished":"2020-05-19T13:48:33+00:00","dateModified":"2025-10-23T08:42:19+00:00","mainEntityOfPage":{"@id":"https:\/\/www.iemj.org\/it\/le-hassidisme-et-ses-musiques\/"},"wordCount":1036,"publisher":{"@id":"https:\/\/www.iemj.org\/it\/#organization"},"image":{"@id":"https:\/\/www.iemj.org\/it\/le-hassidisme-et-ses-musiques\/#primaryimage"},"thumbnailUrl":"https:\/\/www.iemj.org\/wp-content\/uploads\/2020\/05\/arton4759.jpg","articleSection":["Articoli di fondo","Musica liturgica"],"inLanguage":"it-IT"},{"@type":"WebPage","@id":"https:\/\/www.iemj.org\/it\/le-hassidisme-et-ses-musiques\/","url":"https:\/\/www.iemj.org\/it\/le-hassidisme-et-ses-musiques\/","name":"Il hassidismo e le sue musiche - Institut Europ\u00e9en des Musiques Juives","isPartOf":{"@id":"https:\/\/www.iemj.org\/it\/#website"},"primaryImageOfPage":{"@id":"https:\/\/www.iemj.org\/it\/le-hassidisme-et-ses-musiques\/#primaryimage"},"image":{"@id":"https:\/\/www.iemj.org\/it\/le-hassidisme-et-ses-musiques\/#primaryimage"},"thumbnailUrl":"https:\/\/www.iemj.org\/wp-content\/uploads\/2020\/05\/arton4759.jpg","datePublished":"2020-05-19T13:48:33+00:00","dateModified":"2025-10-23T08:42:19+00:00","breadcrumb":{"@id":"https:\/\/www.iemj.org\/it\/le-hassidisme-et-ses-musiques\/#breadcrumb"},"inLanguage":"it-IT","potentialAction":[{"@type":"ReadAction","target":["https:\/\/www.iemj.org\/it\/le-hassidisme-et-ses-musiques\/"]}]},{"@type":"ImageObject","inLanguage":"it-IT","@id":"https:\/\/www.iemj.org\/it\/le-hassidisme-et-ses-musiques\/#primaryimage","url":"https:\/\/www.iemj.org\/wp-content\/uploads\/2020\/05\/arton4759.jpg","contentUrl":"https:\/\/www.iemj.org\/wp-content\/uploads\/2020\/05\/arton4759.jpg","width":284,"height":259},{"@type":"BreadcrumbList","@id":"https:\/\/www.iemj.org\/it\/le-hassidisme-et-ses-musiques\/#breadcrumb","itemListElement":[{"@type":"ListItem","position":1,"name":"Accueil","item":"https:\/\/www.iemj.org\/it\/"},{"@type":"ListItem","position":2,"name":"Il hassidismo e le sue musiche"}]},{"@type":"WebSite","@id":"https:\/\/www.iemj.org\/it\/#website","url":"https:\/\/www.iemj.org\/it\/","name":"Institut Europ\u00e9en des Musiques Juives","description":"Des traditions musicales \u00e0 la port\u00e9e de tous","publisher":{"@id":"https:\/\/www.iemj.org\/it\/#organization"},"potentialAction":[{"@type":"SearchAction","target":{"@type":"EntryPoint","urlTemplate":"https:\/\/www.iemj.org\/it\/?s={search_term_string}"},"query-input":{"@type":"PropertyValueSpecification","valueRequired":true,"valueName":"search_term_string"}}],"inLanguage":"it-IT"},{"@type":"Organization","@id":"https:\/\/www.iemj.org\/it\/#organization","name":"Institut Europ\u00e9en des Musiques Juives","url":"https:\/\/www.iemj.org\/it\/","logo":{"@type":"ImageObject","inLanguage":"it-IT","@id":"https:\/\/www.iemj.org\/it\/#\/schema\/logo\/image\/","url":"https:\/\/www.iemj.org\/wp-content\/uploads\/2021\/09\/Logo-IEMJ-Paypal.jpg","contentUrl":"https:\/\/www.iemj.org\/wp-content\/uploads\/2021\/09\/Logo-IEMJ-Paypal.jpg","width":150,"height":50,"caption":"Institut Europ\u00e9en des Musiques Juives"},"image":{"@id":"https:\/\/www.iemj.org\/it\/#\/schema\/logo\/image\/"},"sameAs":["https:\/\/www.facebook.com\/MusiquesJuives\/","https:\/\/www.instagram.com\/musiquesjuives\/","https:\/\/www.youtube.com\/user\/musiquesjuives"]},{"@type":"Person","@id":"https:\/\/www.iemj.org\/it\/#\/schema\/person\/358e26c18aca017fcc4cc15437f7279c","name":"Jacqueline ROTEN","image":{"@type":"ImageObject","inLanguage":"it-IT","@id":"https:\/\/secure.gravatar.com\/avatar\/5964256d6c6957de3a3505278957e0fb2a35119ac47ea41827a65301213c810b?s=96&d=mm&r=g","url":"https:\/\/secure.gravatar.com\/avatar\/5964256d6c6957de3a3505278957e0fb2a35119ac47ea41827a65301213c810b?s=96&d=mm&r=g","contentUrl":"https:\/\/secure.gravatar.com\/avatar\/5964256d6c6957de3a3505278957e0fb2a35119ac47ea41827a65301213c810b?s=96&d=mm&r=g","caption":"Jacqueline ROTEN"}}]}},"_links":{"self":[{"href":"https:\/\/www.iemj.org\/it\/wp-json\/wp\/v2\/posts\/72226","targetHints":{"allow":["GET"]}}],"collection":[{"href":"https:\/\/www.iemj.org\/it\/wp-json\/wp\/v2\/posts"}],"about":[{"href":"https:\/\/www.iemj.org\/it\/wp-json\/wp\/v2\/types\/post"}],"author":[{"embeddable":true,"href":"https:\/\/www.iemj.org\/it\/wp-json\/wp\/v2\/users\/5"}],"replies":[{"embeddable":true,"href":"https:\/\/www.iemj.org\/it\/wp-json\/wp\/v2\/comments?post=72226"}],"version-history":[{"count":2,"href":"https:\/\/www.iemj.org\/it\/wp-json\/wp\/v2\/posts\/72226\/revisions"}],"predecessor-version":[{"id":127783,"href":"https:\/\/www.iemj.org\/it\/wp-json\/wp\/v2\/posts\/72226\/revisions\/127783"}],"wp:featuredmedia":[{"embeddable":true,"href":"https:\/\/www.iemj.org\/it\/wp-json\/wp\/v2\/media\/72227"}],"wp:attachment":[{"href":"https:\/\/www.iemj.org\/it\/wp-json\/wp\/v2\/media?parent=72226"}],"wp:term":[{"taxonomy":"category","embeddable":true,"href":"https:\/\/www.iemj.org\/it\/wp-json\/wp\/v2\/categories?post=72226"},{"taxonomy":"post_tag","embeddable":true,"href":"https:\/\/www.iemj.org\/it\/wp-json\/wp\/v2\/tags?post=72226"},{"taxonomy":"technique","embeddable":true,"href":"https:\/\/www.iemj.org\/it\/wp-json\/wp\/v2\/technique?post=72226"},{"taxonomy":"squelettes","embeddable":true,"href":"https:\/\/www.iemj.org\/it\/wp-json\/wp\/v2\/squelettes?post=72226"},{"taxonomy":"sujet","embeddable":true,"href":"https:\/\/www.iemj.org\/it\/wp-json\/wp\/v2\/sujet?post=72226"},{"taxonomy":"formation","embeddable":true,"href":"https:\/\/www.iemj.org\/it\/wp-json\/wp\/v2\/formation?post=72226"},{"taxonomy":"genre","embeddable":true,"href":"https:\/\/www.iemj.org\/it\/wp-json\/wp\/v2\/genre?post=72226"},{"taxonomy":"fonds","embeddable":true,"href":"https:\/\/www.iemj.org\/it\/wp-json\/wp\/v2\/fonds?post=72226"},{"taxonomy":"tradition","embeddable":true,"href":"https:\/\/www.iemj.org\/it\/wp-json\/wp\/v2\/tradition?post=72226"},{"taxonomy":"type-de-contenu","embeddable":true,"href":"https:\/\/www.iemj.org\/it\/wp-json\/wp\/v2\/type-de-contenu?post=72226"},{"taxonomy":"interprete-compositeur","embeddable":true,"href":"https:\/\/www.iemj.org\/it\/wp-json\/wp\/v2\/interprete-compositeur?post=72226"},{"taxonomy":"frise","embeddable":true,"href":"https:\/\/www.iemj.org\/it\/wp-json\/wp\/v2\/frise?post=72226"},{"taxonomy":"type-devenement","embeddable":true,"href":"https:\/\/www.iemj.org\/it\/wp-json\/wp\/v2\/type-devenement?post=72226"},{"taxonomy":"tableaux-liens-externes","embeddable":true,"href":"https:\/\/www.iemj.org\/it\/wp-json\/wp\/v2\/tableaux-liens-externes?post=72226"}],"curies":[{"name":"wp","href":"https:\/\/api.w.org\/{rel}","templated":true}]}}