{"id":75571,"date":"2021-12-29T15:52:24","date_gmt":"2021-12-29T14:52:24","guid":{"rendered":"https:\/\/www.iemj.org\/engel-joel-1868-1927\/"},"modified":"2022-01-03T14:33:44","modified_gmt":"2022-01-03T13:33:44","slug":"engel-joel-1868-1927","status":"publish","type":"post","link":"https:\/\/www.iemj.org\/it\/engel-joel-1868-1927\/","title":{"rendered":"ENGEL, JOEL (1868-1927)"},"content":{"rendered":"<p>Il compositore, folclorista e musicologo Joel Engel \u00e8 nato a Berdiansk (Crimea) nel 1868. Dopo aver studiato legge, e su consiglio di Tchaikovsky, si inscrive al Conservatorio di Mosca dove studia con il compositore Sergei Tane\u00efev. Dopo la laurea, il giornale liberale moscovita <em>Russkie Vedomotsi<\/em> gli offre un posto come critico musicale e redattore, posizione che ricopre fino al 1918.<\/p>\n<p>Ispirato dal nascente movimento nazionalista ebraico e dall&#8217;etnografia, Engel inizia a raccogliere canzoni popolari yiddish nel 1898. Nel 1900 e 1901, insieme a Saul Ginzburg e Pesakh Marek, due storici specialisti nello studio del folklore, organizza delle conferenze e degli concerti a Mosca ed a San Pietroburgo. E&#8217; allora considerato come il maggiore esperto di musica ebraica nell&#8217;Impero russo, una posizione che, unita al suo temperamento appassionato, lo porta a volte a polemizzare, in particolare con Sholem Aleichem e l&#8217;autore di canzoni popolari yiddish Mark Warshawski sull&#8217;autenticit\u00e0 delle composizioni pubblicate da quest&#8217;ultimo.<\/p>\n<p><span style=\"background-color: var(--bs-body-bg); color: var(--bs-body-color); font-family: var(--bs-body-font-family); font-size: revert; font-weight: var(--bs-body-font-weight); text-align: var(--bs-body-text-align);\"><img fetchpriority=\"high\" decoding=\"async\" class=\"wp-image-75529 alignright\" src=\"https:\/\/www.iemj.org\/wp-content\/uploads\/2021\/12\/Engel_with_phonograph-300x201.jpg\" alt=\"\" width=\"304\" height=\"203\" srcset=\"https:\/\/www.iemj.org\/wp-content\/uploads\/2021\/12\/Engel_with_phonograph-300x201.jpg 300w, https:\/\/www.iemj.org\/wp-content\/uploads\/2021\/12\/Engel_with_phonograph.jpg 330w\" sizes=\"(max-width: 304px) 100vw, 304px\" \/><\/span>Nel 1905, Engel partecipa alla democratizzazione della musica co-fondando a Mosca una scuola di musica aperta a tutti. Ha anche avuto un ruolo di primo piano nella creazione della Societ\u00e0 per la musica popolare ebraica (<em>Gezelshaft far Yidisher Folks-Muzik<\/em>) a San Pietroburgo nel 1908. L\u00ec fara eseguire e pubblicare le sue opere ispirate al folklore ebraico e stabilir\u00e0 una sezione moscovita nel 1913. Tra il 1912 e il 1914, partecipa attivamente alla spedizione etnografica guidata da Shalom An-Ski nella zona dove vive la maggior parte degli ebrei russi. L\u00ec ha raccolto e registrato centinaia di canzoni ebraiche su cilindri di cera, utilizzando il fonografo inventato da Thomas Edison.<\/p>\n<p>Molto impegnato nella creazione di una musica nazionale ebraica, Engel pubblica diverse raccolte di canzoni popolari e circa 150 composizioni originali sue e di altri compositori ebrei russi. Oltre alla musica ebraica, si interessa alla musica russa ed europea, alla quale dedica conferenze e opere di riferimento pubblicate in tedesco.<\/p>\n<p>Nel 1922, Engel lascia l&#8217;Unione Sovietica per Berlino. L\u00ec fonda la casa editrice musicale Yuval, che ristampa le opere pubblicate dalla Society for Jewish Popular Music, cos\u00ec come nuove opere di compositori ebrei russi. Nel 1924 si trasferisce a Tel Aviv e insegna alla Scuola di Musica Shulamit. Compose anche per il Teatro Ohel, diresse diversi cori e tenne conferenze. Negli ultimi anni della sua vita compose delle opere ispirate alla cultura musicale sionista delle comunit\u00e0 ebraiche in Palestina.<\/p>\n<p>Nel 1927, dopo la sua morte, sua moglie ha donato i suoi manoscritti agli archivi di Kiev e Mosca. \u00c8 anche onorato dalla citt\u00e0 di Tel Aviv, che assegna ogni tre anni il Premio Engel ai compositori israeliani contemporanei. Come compositore, Engel \u00e8 pi\u00f9 noto per i suoi arrangiamenti vocali di poesia ebraica moderna e canzoni yiddish, cos\u00ec come per la sua musica di accompagnamento per il dramma di S. An-ski The Dybbuk, che \u00e8 stato rappresentato a Mosca dalla compagnia teatrale Habima.<\/p>\n\n\n<div class=\"wp-block-columns is-layout-flex wp-container-core-columns-is-layout-9d6595d7 wp-block-columns-is-layout-flex\">\n<div class=\"wp-block-column is-layout-flow wp-block-column-is-layout-flow\">\n<div class=\"wp-block-image\"><figure class=\"alignleft size-full\"><img decoding=\"async\" width=\"200\" height=\"224\" src=\"https:\/\/www.iemj.org\/wp-content\/uploads\/2021\/12\/Joel-Engel-et-Shalom-An-Ski.jpg\" alt=\"\" class=\"wp-image-75539\"\/><figcaption>Joel Engel &amp; Shalom An-Ski<\/figcaption><\/figure><\/div>\n\n\n\n<p><\/p>\n<\/div>\n\n\n\n<div class=\"wp-block-column is-layout-flow wp-block-column-is-layout-flow\">\n<div class=\"wp-block-image\"><figure class=\"alignright size-full is-resized\"><img decoding=\"async\" src=\"https:\/\/www.iemj.org\/wp-content\/uploads\/2021\/12\/Le-dibbouk_Sh-Anski-1.jpg\" alt=\"\" class=\"wp-image-75549\" width=\"313\" height=\"223\"\/><figcaption> The Dybbuk <\/figcaption><\/figure><\/div>\n\n\n\n<p><\/p>\n\n\n\n<p><\/p>\n<\/div>\n<\/div>\n\n\n\n<p>Fonti:<\/p>\n\n\n\n<ul class=\"wp-block-list\"><li>Loeffler, James. &#8220;<a href=\"https:\/\/yivoencyclopedia.org\/article.aspx\/Engel_Yoel\" target=\"_blank\" rel=\"noreferrer noopener\">Engel, Yo\u2019el<\/a>.&#8221; YIVO Encyclopedia of Jews in Eastern Europe 5 August 2010. 28 September 2021<\/li><li>Kimann Douglas, &#8220;<a href=\"https:\/\/lesterresduklezmer.wordpress.com\/2014\/09\/21\/joel-engel-1868-1927\/\" target=\"_blank\" rel=\"noreferrer noopener\">Joel Engel (1868-1927<\/a>)&#8221;, Les terres du klezmer, 21 septembre 2014<\/li><\/ul>\n\n\n<p><a href=\"http:\/\/www.rachelnet.net\/F\/?func=find-c&amp;ccl_term=WRD+%3D+Engel+AND+WRD+%3D+Joel&amp;local_base=iemcg\" target=\"_blank\" rel=\"noopener\"><strong>Consultare i nostri archivi su Joel Engel<\/strong><\/a><\/p>\n\n\n<figure class=\"wp-block-embed is-type-video is-provider-youtube wp-block-embed-youtube wp-embed-aspect-16-9 wp-has-aspect-ratio\"><div class=\"wp-block-embed__wrapper\">\n<iframe title=\"Joel Engel: Freilakhs Op. 20 No. 2\" width=\"640\" height=\"360\" src=\"https:\/\/www.youtube.com\/embed\/cVsrwmczCjI?feature=oembed\" frameborder=\"0\" allow=\"accelerometer; autoplay; clipboard-write; encrypted-media; gyroscope; picture-in-picture; web-share\" referrerpolicy=\"strict-origin-when-cross-origin\" allowfullscreen><\/iframe>\n<\/div><\/figure>\n\n\n\n<figure class=\"wp-block-embed is-type-video is-provider-youtube wp-block-embed-youtube wp-embed-aspect-16-9 wp-has-aspect-ratio\"><div class=\"wp-block-embed__wrapper\">\n<iframe title=\"Freylekhs Op. 21 by Joel Engel\" width=\"640\" height=\"360\" src=\"https:\/\/www.youtube.com\/embed\/T84qgiGFexk?feature=oembed\" frameborder=\"0\" allow=\"accelerometer; autoplay; clipboard-write; encrypted-media; gyroscope; picture-in-picture; web-share\" referrerpolicy=\"strict-origin-when-cross-origin\" allowfullscreen><\/iframe>\n<\/div><\/figure>\n\n\n\n<figure class=\"wp-block-embed is-type-video is-provider-youtube wp-block-embed-youtube wp-embed-aspect-16-9 wp-has-aspect-ratio\"><div class=\"wp-block-embed__wrapper\">\n<iframe title=\"Joel Engel: Jewish Folksongs Volume III performed by Thomas Kotcheff\" width=\"640\" height=\"360\" src=\"https:\/\/www.youtube.com\/embed\/rMjf5fLb_j0?feature=oembed\" frameborder=\"0\" allow=\"accelerometer; autoplay; clipboard-write; encrypted-media; gyroscope; picture-in-picture; web-share\" referrerpolicy=\"strict-origin-when-cross-origin\" allowfullscreen><\/iframe>\n<\/div><\/figure>\n","protected":false},"excerpt":{"rendered":"<p>Il compositore, folclorista e musicologo Joel Engel \u00e8 nato a Berdiansk (Crimea) nel 1868. Dopo aver studiato legge, e su consiglio di Tchaikovsky, si inscrive al Conservatorio di Mosca dove<\/p>\n","protected":false},"author":1045,"featured_media":75515,"comment_status":"closed","ping_status":"closed","sticky":false,"template":"","format":"standard","meta":{"_acf_changed":false,"footnotes":""},"categories":[1416],"tags":[],"technique":[],"squelettes":[],"sujet":[],"formation":[],"genre":[],"fonds":[],"tradition":[],"type-de-contenu":[],"interprete-compositeur":[],"frise":[],"type-devenement":[],"tableaux-liens-externes":[],"class_list":["post-75571","post","type-post","status-publish","format-standard","has-post-thumbnail","hentry","category-biografie-it"],"acf":[],"yoast_head":"<!-- This site is optimized with the Yoast SEO plugin v27.3 - https:\/\/yoast.com\/product\/yoast-seo-wordpress\/ -->\n<title>ENGEL, JOEL (1868-1927) - Institut Europ\u00e9en des Musiques Juives<\/title>\n<meta name=\"robots\" content=\"index, follow, max-snippet:-1, max-image-preview:large, max-video-preview:-1\" \/>\n<link rel=\"canonical\" href=\"https:\/\/www.iemj.org\/it\/engel-joel-1868-1927\/\" \/>\n<meta property=\"og:locale\" content=\"it_IT\" \/>\n<meta property=\"og:type\" content=\"article\" \/>\n<meta property=\"og:title\" content=\"ENGEL, JOEL (1868-1927) - Institut Europ\u00e9en des Musiques Juives\" \/>\n<meta property=\"og:description\" content=\"Il compositore, folclorista e musicologo Joel Engel \u00e8 nato a Berdiansk (Crimea) nel 1868. Dopo aver studiato legge, e su consiglio di Tchaikovsky, si inscrive al Conservatorio di Mosca dove\" \/>\n<meta property=\"og:url\" content=\"https:\/\/www.iemj.org\/it\/engel-joel-1868-1927\/\" \/>\n<meta property=\"og:site_name\" content=\"Institut Europ\u00e9en des Musiques Juives\" \/>\n<meta property=\"article:publisher\" content=\"https:\/\/www.facebook.com\/MusiquesJuives\/\" \/>\n<meta property=\"article:published_time\" content=\"2021-12-29T14:52:24+00:00\" \/>\n<meta property=\"article:modified_time\" content=\"2022-01-03T13:33:44+00:00\" \/>\n<meta property=\"og:image\" content=\"https:\/\/www.iemj.org\/wp-content\/uploads\/2021\/12\/Joel_Engel-vers-1924-e1640794713322.jpg\" \/>\n\t<meta property=\"og:image:width\" content=\"148\" \/>\n\t<meta property=\"og:image:height\" content=\"218\" \/>\n\t<meta property=\"og:image:type\" content=\"image\/jpeg\" \/>\n<meta name=\"author\" content=\"Herv\u00e9 Roten\" \/>\n<meta name=\"twitter:card\" content=\"summary_large_image\" \/>\n<meta name=\"twitter:label1\" content=\"Scritto da\" \/>\n\t<meta name=\"twitter:data1\" content=\"Herv\u00e9 Roten\" \/>\n\t<meta name=\"twitter:label2\" content=\"Tempo di lettura stimato\" \/>\n\t<meta name=\"twitter:data2\" content=\"3 minuti\" \/>\n<script type=\"application\/ld+json\" class=\"yoast-schema-graph\">{\"@context\":\"https:\\\/\\\/schema.org\",\"@graph\":[{\"@type\":\"Article\",\"@id\":\"https:\\\/\\\/www.iemj.org\\\/it\\\/engel-joel-1868-1927\\\/#article\",\"isPartOf\":{\"@id\":\"https:\\\/\\\/www.iemj.org\\\/it\\\/engel-joel-1868-1927\\\/\"},\"author\":{\"name\":\"Herv\u00e9 Roten\",\"@id\":\"https:\\\/\\\/www.iemj.org\\\/it\\\/#\\\/schema\\\/person\\\/906134402c29d5c76e7b726261dd4bbd\"},\"headline\":\"ENGEL, JOEL (1868-1927)\",\"datePublished\":\"2021-12-29T14:52:24+00:00\",\"dateModified\":\"2022-01-03T13:33:44+00:00\",\"mainEntityOfPage\":{\"@id\":\"https:\\\/\\\/www.iemj.org\\\/it\\\/engel-joel-1868-1927\\\/\"},\"wordCount\":518,\"publisher\":{\"@id\":\"https:\\\/\\\/www.iemj.org\\\/it\\\/#organization\"},\"image\":{\"@id\":\"https:\\\/\\\/www.iemj.org\\\/it\\\/engel-joel-1868-1927\\\/#primaryimage\"},\"thumbnailUrl\":\"https:\\\/\\\/www.iemj.org\\\/wp-content\\\/uploads\\\/2021\\\/12\\\/Joel_Engel-vers-1924-e1640794713322.jpg\",\"articleSection\":[\"Biografie\"],\"inLanguage\":\"it-IT\"},{\"@type\":\"WebPage\",\"@id\":\"https:\\\/\\\/www.iemj.org\\\/it\\\/engel-joel-1868-1927\\\/\",\"url\":\"https:\\\/\\\/www.iemj.org\\\/it\\\/engel-joel-1868-1927\\\/\",\"name\":\"ENGEL, JOEL (1868-1927) - Institut Europ\u00e9en des Musiques Juives\",\"isPartOf\":{\"@id\":\"https:\\\/\\\/www.iemj.org\\\/it\\\/#website\"},\"primaryImageOfPage\":{\"@id\":\"https:\\\/\\\/www.iemj.org\\\/it\\\/engel-joel-1868-1927\\\/#primaryimage\"},\"image\":{\"@id\":\"https:\\\/\\\/www.iemj.org\\\/it\\\/engel-joel-1868-1927\\\/#primaryimage\"},\"thumbnailUrl\":\"https:\\\/\\\/www.iemj.org\\\/wp-content\\\/uploads\\\/2021\\\/12\\\/Joel_Engel-vers-1924-e1640794713322.jpg\",\"datePublished\":\"2021-12-29T14:52:24+00:00\",\"dateModified\":\"2022-01-03T13:33:44+00:00\",\"breadcrumb\":{\"@id\":\"https:\\\/\\\/www.iemj.org\\\/it\\\/engel-joel-1868-1927\\\/#breadcrumb\"},\"inLanguage\":\"it-IT\",\"potentialAction\":[{\"@type\":\"ReadAction\",\"target\":[\"https:\\\/\\\/www.iemj.org\\\/it\\\/engel-joel-1868-1927\\\/\"]}]},{\"@type\":\"ImageObject\",\"inLanguage\":\"it-IT\",\"@id\":\"https:\\\/\\\/www.iemj.org\\\/it\\\/engel-joel-1868-1927\\\/#primaryimage\",\"url\":\"https:\\\/\\\/www.iemj.org\\\/wp-content\\\/uploads\\\/2021\\\/12\\\/Joel_Engel-vers-1924-e1640794713322.jpg\",\"contentUrl\":\"https:\\\/\\\/www.iemj.org\\\/wp-content\\\/uploads\\\/2021\\\/12\\\/Joel_Engel-vers-1924-e1640794713322.jpg\",\"width\":148,\"height\":218},{\"@type\":\"BreadcrumbList\",\"@id\":\"https:\\\/\\\/www.iemj.org\\\/it\\\/engel-joel-1868-1927\\\/#breadcrumb\",\"itemListElement\":[{\"@type\":\"ListItem\",\"position\":1,\"name\":\"Accueil\",\"item\":\"https:\\\/\\\/www.iemj.org\\\/it\\\/\"},{\"@type\":\"ListItem\",\"position\":2,\"name\":\"ENGEL, JOEL (1868-1927)\"}]},{\"@type\":\"WebSite\",\"@id\":\"https:\\\/\\\/www.iemj.org\\\/it\\\/#website\",\"url\":\"https:\\\/\\\/www.iemj.org\\\/it\\\/\",\"name\":\"Institut Europ\u00e9en des Musiques Juives\",\"description\":\"Des traditions musicales \u00e0 la port\u00e9e de tous\",\"publisher\":{\"@id\":\"https:\\\/\\\/www.iemj.org\\\/it\\\/#organization\"},\"potentialAction\":[{\"@type\":\"SearchAction\",\"target\":{\"@type\":\"EntryPoint\",\"urlTemplate\":\"https:\\\/\\\/www.iemj.org\\\/it\\\/?s={search_term_string}\"},\"query-input\":{\"@type\":\"PropertyValueSpecification\",\"valueRequired\":true,\"valueName\":\"search_term_string\"}}],\"inLanguage\":\"it-IT\"},{\"@type\":\"Organization\",\"@id\":\"https:\\\/\\\/www.iemj.org\\\/it\\\/#organization\",\"name\":\"Institut Europ\u00e9en des Musiques Juives\",\"url\":\"https:\\\/\\\/www.iemj.org\\\/it\\\/\",\"logo\":{\"@type\":\"ImageObject\",\"inLanguage\":\"it-IT\",\"@id\":\"https:\\\/\\\/www.iemj.org\\\/it\\\/#\\\/schema\\\/logo\\\/image\\\/\",\"url\":\"https:\\\/\\\/www.iemj.org\\\/wp-content\\\/uploads\\\/2021\\\/09\\\/Logo-IEMJ-Paypal.jpg\",\"contentUrl\":\"https:\\\/\\\/www.iemj.org\\\/wp-content\\\/uploads\\\/2021\\\/09\\\/Logo-IEMJ-Paypal.jpg\",\"width\":150,\"height\":50,\"caption\":\"Institut Europ\u00e9en des Musiques Juives\"},\"image\":{\"@id\":\"https:\\\/\\\/www.iemj.org\\\/it\\\/#\\\/schema\\\/logo\\\/image\\\/\"},\"sameAs\":[\"https:\\\/\\\/www.facebook.com\\\/MusiquesJuives\\\/\",\"https:\\\/\\\/www.instagram.com\\\/musiquesjuives\\\/\",\"https:\\\/\\\/www.youtube.com\\\/user\\\/musiquesjuives\"]},{\"@type\":\"Person\",\"@id\":\"https:\\\/\\\/www.iemj.org\\\/it\\\/#\\\/schema\\\/person\\\/906134402c29d5c76e7b726261dd4bbd\",\"name\":\"Herv\u00e9 Roten\",\"image\":{\"@type\":\"ImageObject\",\"inLanguage\":\"it-IT\",\"@id\":\"https:\\\/\\\/secure.gravatar.com\\\/avatar\\\/f96ad2db538a26481f18384936b5cd0610c92d390c4dc382209216d455f685ff?s=96&d=mm&r=g\",\"url\":\"https:\\\/\\\/secure.gravatar.com\\\/avatar\\\/f96ad2db538a26481f18384936b5cd0610c92d390c4dc382209216d455f685ff?s=96&d=mm&r=g\",\"contentUrl\":\"https:\\\/\\\/secure.gravatar.com\\\/avatar\\\/f96ad2db538a26481f18384936b5cd0610c92d390c4dc382209216d455f685ff?s=96&d=mm&r=g\",\"caption\":\"Herv\u00e9 Roten\"}}]}<\/script>\n<!-- \/ Yoast SEO plugin. -->","yoast_head_json":{"title":"ENGEL, JOEL (1868-1927) - Institut Europ\u00e9en des Musiques Juives","robots":{"index":"index","follow":"follow","max-snippet":"max-snippet:-1","max-image-preview":"max-image-preview:large","max-video-preview":"max-video-preview:-1"},"canonical":"https:\/\/www.iemj.org\/it\/engel-joel-1868-1927\/","og_locale":"it_IT","og_type":"article","og_title":"ENGEL, JOEL (1868-1927) - Institut Europ\u00e9en des Musiques Juives","og_description":"Il compositore, folclorista e musicologo Joel Engel \u00e8 nato a Berdiansk (Crimea) nel 1868. Dopo aver studiato legge, e su consiglio di Tchaikovsky, si inscrive al Conservatorio di Mosca dove","og_url":"https:\/\/www.iemj.org\/it\/engel-joel-1868-1927\/","og_site_name":"Institut Europ\u00e9en des Musiques Juives","article_publisher":"https:\/\/www.facebook.com\/MusiquesJuives\/","article_published_time":"2021-12-29T14:52:24+00:00","article_modified_time":"2022-01-03T13:33:44+00:00","og_image":[{"width":148,"height":218,"url":"https:\/\/www.iemj.org\/wp-content\/uploads\/2021\/12\/Joel_Engel-vers-1924-e1640794713322.jpg","type":"image\/jpeg"}],"author":"Herv\u00e9 Roten","twitter_card":"summary_large_image","twitter_misc":{"Scritto da":"Herv\u00e9 Roten","Tempo di lettura stimato":"3 minuti"},"schema":{"@context":"https:\/\/schema.org","@graph":[{"@type":"Article","@id":"https:\/\/www.iemj.org\/it\/engel-joel-1868-1927\/#article","isPartOf":{"@id":"https:\/\/www.iemj.org\/it\/engel-joel-1868-1927\/"},"author":{"name":"Herv\u00e9 Roten","@id":"https:\/\/www.iemj.org\/it\/#\/schema\/person\/906134402c29d5c76e7b726261dd4bbd"},"headline":"ENGEL, JOEL (1868-1927)","datePublished":"2021-12-29T14:52:24+00:00","dateModified":"2022-01-03T13:33:44+00:00","mainEntityOfPage":{"@id":"https:\/\/www.iemj.org\/it\/engel-joel-1868-1927\/"},"wordCount":518,"publisher":{"@id":"https:\/\/www.iemj.org\/it\/#organization"},"image":{"@id":"https:\/\/www.iemj.org\/it\/engel-joel-1868-1927\/#primaryimage"},"thumbnailUrl":"https:\/\/www.iemj.org\/wp-content\/uploads\/2021\/12\/Joel_Engel-vers-1924-e1640794713322.jpg","articleSection":["Biografie"],"inLanguage":"it-IT"},{"@type":"WebPage","@id":"https:\/\/www.iemj.org\/it\/engel-joel-1868-1927\/","url":"https:\/\/www.iemj.org\/it\/engel-joel-1868-1927\/","name":"ENGEL, JOEL (1868-1927) - Institut Europ\u00e9en des Musiques Juives","isPartOf":{"@id":"https:\/\/www.iemj.org\/it\/#website"},"primaryImageOfPage":{"@id":"https:\/\/www.iemj.org\/it\/engel-joel-1868-1927\/#primaryimage"},"image":{"@id":"https:\/\/www.iemj.org\/it\/engel-joel-1868-1927\/#primaryimage"},"thumbnailUrl":"https:\/\/www.iemj.org\/wp-content\/uploads\/2021\/12\/Joel_Engel-vers-1924-e1640794713322.jpg","datePublished":"2021-12-29T14:52:24+00:00","dateModified":"2022-01-03T13:33:44+00:00","breadcrumb":{"@id":"https:\/\/www.iemj.org\/it\/engel-joel-1868-1927\/#breadcrumb"},"inLanguage":"it-IT","potentialAction":[{"@type":"ReadAction","target":["https:\/\/www.iemj.org\/it\/engel-joel-1868-1927\/"]}]},{"@type":"ImageObject","inLanguage":"it-IT","@id":"https:\/\/www.iemj.org\/it\/engel-joel-1868-1927\/#primaryimage","url":"https:\/\/www.iemj.org\/wp-content\/uploads\/2021\/12\/Joel_Engel-vers-1924-e1640794713322.jpg","contentUrl":"https:\/\/www.iemj.org\/wp-content\/uploads\/2021\/12\/Joel_Engel-vers-1924-e1640794713322.jpg","width":148,"height":218},{"@type":"BreadcrumbList","@id":"https:\/\/www.iemj.org\/it\/engel-joel-1868-1927\/#breadcrumb","itemListElement":[{"@type":"ListItem","position":1,"name":"Accueil","item":"https:\/\/www.iemj.org\/it\/"},{"@type":"ListItem","position":2,"name":"ENGEL, JOEL (1868-1927)"}]},{"@type":"WebSite","@id":"https:\/\/www.iemj.org\/it\/#website","url":"https:\/\/www.iemj.org\/it\/","name":"Institut Europ\u00e9en des Musiques Juives","description":"Des traditions musicales \u00e0 la port\u00e9e de tous","publisher":{"@id":"https:\/\/www.iemj.org\/it\/#organization"},"potentialAction":[{"@type":"SearchAction","target":{"@type":"EntryPoint","urlTemplate":"https:\/\/www.iemj.org\/it\/?s={search_term_string}"},"query-input":{"@type":"PropertyValueSpecification","valueRequired":true,"valueName":"search_term_string"}}],"inLanguage":"it-IT"},{"@type":"Organization","@id":"https:\/\/www.iemj.org\/it\/#organization","name":"Institut Europ\u00e9en des Musiques Juives","url":"https:\/\/www.iemj.org\/it\/","logo":{"@type":"ImageObject","inLanguage":"it-IT","@id":"https:\/\/www.iemj.org\/it\/#\/schema\/logo\/image\/","url":"https:\/\/www.iemj.org\/wp-content\/uploads\/2021\/09\/Logo-IEMJ-Paypal.jpg","contentUrl":"https:\/\/www.iemj.org\/wp-content\/uploads\/2021\/09\/Logo-IEMJ-Paypal.jpg","width":150,"height":50,"caption":"Institut Europ\u00e9en des Musiques Juives"},"image":{"@id":"https:\/\/www.iemj.org\/it\/#\/schema\/logo\/image\/"},"sameAs":["https:\/\/www.facebook.com\/MusiquesJuives\/","https:\/\/www.instagram.com\/musiquesjuives\/","https:\/\/www.youtube.com\/user\/musiquesjuives"]},{"@type":"Person","@id":"https:\/\/www.iemj.org\/it\/#\/schema\/person\/906134402c29d5c76e7b726261dd4bbd","name":"Herv\u00e9 Roten","image":{"@type":"ImageObject","inLanguage":"it-IT","@id":"https:\/\/secure.gravatar.com\/avatar\/f96ad2db538a26481f18384936b5cd0610c92d390c4dc382209216d455f685ff?s=96&d=mm&r=g","url":"https:\/\/secure.gravatar.com\/avatar\/f96ad2db538a26481f18384936b5cd0610c92d390c4dc382209216d455f685ff?s=96&d=mm&r=g","contentUrl":"https:\/\/secure.gravatar.com\/avatar\/f96ad2db538a26481f18384936b5cd0610c92d390c4dc382209216d455f685ff?s=96&d=mm&r=g","caption":"Herv\u00e9 Roten"}}]}},"_links":{"self":[{"href":"https:\/\/www.iemj.org\/it\/wp-json\/wp\/v2\/posts\/75571","targetHints":{"allow":["GET"]}}],"collection":[{"href":"https:\/\/www.iemj.org\/it\/wp-json\/wp\/v2\/posts"}],"about":[{"href":"https:\/\/www.iemj.org\/it\/wp-json\/wp\/v2\/types\/post"}],"author":[{"embeddable":true,"href":"https:\/\/www.iemj.org\/it\/wp-json\/wp\/v2\/users\/1045"}],"replies":[{"embeddable":true,"href":"https:\/\/www.iemj.org\/it\/wp-json\/wp\/v2\/comments?post=75571"}],"version-history":[{"count":0,"href":"https:\/\/www.iemj.org\/it\/wp-json\/wp\/v2\/posts\/75571\/revisions"}],"wp:featuredmedia":[{"embeddable":true,"href":"https:\/\/www.iemj.org\/it\/wp-json\/wp\/v2\/media\/75515"}],"wp:attachment":[{"href":"https:\/\/www.iemj.org\/it\/wp-json\/wp\/v2\/media?parent=75571"}],"wp:term":[{"taxonomy":"category","embeddable":true,"href":"https:\/\/www.iemj.org\/it\/wp-json\/wp\/v2\/categories?post=75571"},{"taxonomy":"post_tag","embeddable":true,"href":"https:\/\/www.iemj.org\/it\/wp-json\/wp\/v2\/tags?post=75571"},{"taxonomy":"technique","embeddable":true,"href":"https:\/\/www.iemj.org\/it\/wp-json\/wp\/v2\/technique?post=75571"},{"taxonomy":"squelettes","embeddable":true,"href":"https:\/\/www.iemj.org\/it\/wp-json\/wp\/v2\/squelettes?post=75571"},{"taxonomy":"sujet","embeddable":true,"href":"https:\/\/www.iemj.org\/it\/wp-json\/wp\/v2\/sujet?post=75571"},{"taxonomy":"formation","embeddable":true,"href":"https:\/\/www.iemj.org\/it\/wp-json\/wp\/v2\/formation?post=75571"},{"taxonomy":"genre","embeddable":true,"href":"https:\/\/www.iemj.org\/it\/wp-json\/wp\/v2\/genre?post=75571"},{"taxonomy":"fonds","embeddable":true,"href":"https:\/\/www.iemj.org\/it\/wp-json\/wp\/v2\/fonds?post=75571"},{"taxonomy":"tradition","embeddable":true,"href":"https:\/\/www.iemj.org\/it\/wp-json\/wp\/v2\/tradition?post=75571"},{"taxonomy":"type-de-contenu","embeddable":true,"href":"https:\/\/www.iemj.org\/it\/wp-json\/wp\/v2\/type-de-contenu?post=75571"},{"taxonomy":"interprete-compositeur","embeddable":true,"href":"https:\/\/www.iemj.org\/it\/wp-json\/wp\/v2\/interprete-compositeur?post=75571"},{"taxonomy":"frise","embeddable":true,"href":"https:\/\/www.iemj.org\/it\/wp-json\/wp\/v2\/frise?post=75571"},{"taxonomy":"type-devenement","embeddable":true,"href":"https:\/\/www.iemj.org\/it\/wp-json\/wp\/v2\/type-devenement?post=75571"},{"taxonomy":"tableaux-liens-externes","embeddable":true,"href":"https:\/\/www.iemj.org\/it\/wp-json\/wp\/v2\/tableaux-liens-externes?post=75571"}],"curies":[{"name":"wp","href":"https:\/\/api.w.org\/{rel}","templated":true}]}}