{"id":75747,"date":"2015-03-04T11:32:00","date_gmt":"2015-03-04T10:32:00","guid":{"rendered":"https:\/\/www.iemj.org\/tresors-darchives-yiddish-partie-1\/"},"modified":"2025-09-22T12:45:18","modified_gmt":"2025-09-22T10:45:18","slug":"tresors-darchives-yiddish-partie-1","status":"publish","type":"post","link":"https:\/\/www.iemj.org\/it\/tresors-darchives-yiddish-partie-1\/","title":{"rendered":"Tesori degli archivi yiddish (parte 1)"},"content":{"rendered":"\n<p class=\"post_excerpt\"><strong>MUSIQUES JUIVES D\u2019HIER ET D\u2019AUJOURD\u2019HUI &#8211; MARTED\u00cc 12 GENNAIO 2015, JUDA\u00cfQUES FM (94.8), 21:05<br>Programma radiofonico in francese<\/strong><\/p>\n\n\n\n<!--more-->\n\n\n\n<p>All&#8217;inizio del XX secolo, musicisti e studiosi ebrei, alla ricerca di una musica nazionale, si interessano alle loro tradizioni musicali. Cos\u00ec, gi\u00e0 nel 1900, <a href=\"https:\/\/www.iemj.org\/it\/beregovski-moisei-iakovlevich-1892-1961\/\" target=\"_blank\" rel=\"noopener\">Joel Engel (1868-1927)<\/a> comincia a registrare ed eseguire canti popolari ebraici. Questo movimento ha attirato giovani musicisti ebrei e nel 1908 ha portato alla fondazione della &#8220;Societ\u00e0 di musica popolare ebraica&#8221; a San Pietroburgo.<\/p>\n\n\n\n<p>Tra il 1911 e il 1914, la Societ\u00e0 Storica ed Etnografica Ebraica &#8211; fondata a San Pietroburgo nel 1908 &#8211; organizza la Spedizione Etnografica del Barone Ginzburg, sotto la guida di Sh. An-Ski (1863-1920). Joel Engel ha partecipato attivamente a questa raccolta, che ha portato alla registrazione di circa 500 cilindri contenenti quasi mille canzoni. Dopo la dissoluzione della &#8220;Societ\u00e0 Storica ed Etnografica Ebraica&#8221; nel 1929, questa collezione musicale fu affidata a <a href=\"https:\/\/www.iemj.org\/it\/beregovski-moisei-iakovlevich-1892-1961\/\" target=\"_blank\" rel=\"noopener\">Moisei Iakovlevich Beregovski (1892-1961)<\/a>, direttore e fondatore del &#8220;Gabinetto&#8221; di musica ebraica presso l&#8217;Accademia Ucraina delle Scienze. Nel 1949, Beregovski viene deportato dalle autorit\u00e0 sovietiche e la sua collezione, che conteneva pi\u00f9 di 1.200 cilindri, cade nell&#8217;oblio, solo per essere riscoperta a Kiev negli anni &#8217;80.<\/p>\n\n\n\n<p>In Nord America, molte registrazioni furono effettuate nel dopoguerra anche su antichi immigrati ebrei provenienti dall&#8217;Europa dell&#8217;Est. Di consequenza, i collezionisti &#8211; in particolare la pioniera del folclore <a href=\"https:\/\/www.iemj.org\/it\/rubin-ruth-1906-2000\/\" target=\"_blank\" rel=\"noopener\">Ruth Rubin<\/a> &#8211; costruirono vasti archivi yiddish.<\/p>\n\n\n\n<p>Oggi, questi archivi sono un tesoro inestimabile per tutti i ricercatori. Gli artisti stessi ne traggono ispirazione per creare nuova musica yiddish, musica certamente nuova, ma legata al passato dal tenue legame costituito da queste migliaia di ore di registrazioni salvate dalla barbarie nazista e dallo stalinismo.<\/p>\n\n\n\n<p>Durante questo programma, El\u00e9onore Biezunski, violinista, cantante, archivista e storicista musicale, ci far\u00e0 conoscere i tesori musicali dei principali archivi yiddish.<\/p>\n\n\n\n<p>In una seconda parte del programma (che sar\u00e0 trasmessa marted\u00ec 10 febbraio 2015), ci porter\u00e0 indietro nel tempo per scoprire le creazioni di artisti contemporanei basate su questi archivi.<\/p>\n\n\n\n<p><a href=\"https:\/\/www.iemj.org\/it\/tresors-darchives-yiddish-partie-2\/\" target=\"_blank\" rel=\"noopener\">Ascoltare la seconda parte dei &#8220;Tesori degli archivi yiddish&#8221;<\/a><\/p>\n\n\n\n<div class=\"wp-block-columns are-vertically-aligned-center is-layout-flex wp-container-core-columns-is-layout-9d6595d7 wp-block-columns-is-layout-flex\">\n<div class=\"wp-block-column is-vertically-aligned-center is-layout-flow wp-block-column-is-layout-flow\" style=\"flex-basis:20%\"><div class=\"wp-block-image\">\n<figure class=\"aligncenter size-full\"><img decoding=\"async\" width=\"140\" height=\"189\" src=\"https:\/\/www.iemj.org\/wp-content\/uploads\/2017\/01\/herve_photo_retouche_fond_uni_bleu_500px.jpg\" alt=\"\" class=\"wp-image-124984\"\/><\/figure>\n<\/div><\/div>\n\n\n\n<div class=\"wp-block-column is-vertically-aligned-center is-layout-flow wp-block-column-is-layout-flow\" style=\"flex-basis:80%\">\n<p>Ufficiale delle Arti e delle Lettere, Dottore in Musicologia presso l\u2019Universit\u00e0 Parigi IV Sorbona, Premio del Conservatorio Nazionale di Musica e di Danza di Parigi, Herv\u00e9 Roten \u00e8 Direttore dell\u2019Istituto Europeo di Musiche Ebraiche sin dalla sua creazione nel 2006.<br>Etnomusicologo di formazione, si \u00e8 interessato molto presto alla salvaguardia ed alla digitalizzazione degli archivi, materie che ha insegnato per diversi anni nelle Universit\u00e0 di Reims e di Marne-La-Vall\u00e9e.<br>Autore di numerosi articoli, libri e dischi sulla musica ebraica, produttore di programmi radiofonici, Herv\u00e9 Roten \u00e8 riconosciuto oggi come uno dei migliori specialisti di musiche ebraiche nel mondo.<\/p>\n<\/div>\n<\/div>\n\n\n<div class=\"wp-block-image\">\n<figure class=\"aligncenter size-large\"><img fetchpriority=\"high\" decoding=\"async\" width=\"1024\" height=\"133\" src=\"https:\/\/www.iemj.org\/wp-content\/uploads\/2024\/03\/AUDIO-PLAYER-1024x133.png\" alt=\"\" class=\"wp-image-110609\" srcset=\"https:\/\/www.iemj.org\/wp-content\/uploads\/2024\/03\/AUDIO-PLAYER-1024x133.png 1024w, https:\/\/www.iemj.org\/wp-content\/uploads\/2024\/03\/AUDIO-PLAYER-300x39.png 300w, https:\/\/www.iemj.org\/wp-content\/uploads\/2024\/03\/AUDIO-PLAYER-768x100.png 768w, https:\/\/www.iemj.org\/wp-content\/uploads\/2024\/03\/AUDIO-PLAYER-600x78.png 600w, https:\/\/www.iemj.org\/wp-content\/uploads\/2024\/03\/AUDIO-PLAYER.png 1210w\" sizes=\"(max-width: 1024px) 100vw, 1024px\" \/><\/figure>\n<\/div>\n\n\n<div class=\"wp-block-file\"><a id=\"wp-block-file--media-c444bf2f-02da-4714-ab87-72d87b3f250b\" href=\"https:\/\/www.iemj.org\/wp-content\/uploads\/2015\/01\/jfm37_v128kbs.mp3\">Tr\u00e9sors d\u2019archives yiddish (partie 1) &#8211; Herv\u00e9 Roten (Juda\u00efques FM 94.8)<\/a><\/div>\n","protected":false},"excerpt":{"rendered":"<p>MUSIQUES JUIVES D\u2019HIER ET D\u2019AUJOURD\u2019HUI &#8211; MARTED\u00cc 12 GENNAIO 2015, JUDA\u00cfQUES FM (94.8), 21:05Programma radiofonico in francese<\/p>\n","protected":false},"author":1045,"featured_media":75748,"comment_status":"closed","ping_status":"closed","sticky":false,"template":"","format":"standard","meta":{"_acf_changed":false,"footnotes":""},"categories":[2176,1538],"tags":[2212],"technique":[],"squelettes":[],"sujet":[],"formation":[],"genre":[1676],"fonds":[],"tradition":[],"type-de-contenu":[],"interprete-compositeur":[],"frise":[],"type-devenement":[],"tableaux-liens-externes":[],"class_list":["post-75747","post","type-post","status-publish","format-standard","has-post-thumbnail","hentry","category-programmi-herve-roten-it","category-programmi-radiofonici-it","tag-programmi-radiofonici-iemj-it","genre-yiddish-it-2"],"acf":[],"yoast_head":"<!-- This site is optimized with the Yoast SEO plugin v27.3 - https:\/\/yoast.com\/product\/yoast-seo-wordpress\/ -->\n<title>Tesori degli archivi yiddish (parte 1) - Institut Europ\u00e9en des Musiques Juives<\/title>\n<meta name=\"robots\" content=\"index, follow, max-snippet:-1, max-image-preview:large, max-video-preview:-1\" \/>\n<link rel=\"canonical\" href=\"https:\/\/www.iemj.org\/it\/tresors-darchives-yiddish-partie-1\/\" \/>\n<meta property=\"og:locale\" content=\"it_IT\" \/>\n<meta property=\"og:type\" content=\"article\" \/>\n<meta property=\"og:title\" content=\"Tesori degli archivi yiddish (parte 1) - Institut Europ\u00e9en des Musiques Juives\" \/>\n<meta property=\"og:description\" content=\"MUSIQUES JUIVES D\u2019HIER ET D\u2019AUJOURD\u2019HUI &#8211; MARTED\u00cc 12 GENNAIO 2015, JUDA\u00cfQUES FM (94.8), 21:05Programma radiofonico in francese\" \/>\n<meta property=\"og:url\" content=\"https:\/\/www.iemj.org\/it\/tresors-darchives-yiddish-partie-1\/\" \/>\n<meta property=\"og:site_name\" content=\"Institut Europ\u00e9en des Musiques Juives\" \/>\n<meta property=\"article:publisher\" content=\"https:\/\/www.facebook.com\/MusiquesJuives\/\" \/>\n<meta property=\"article:published_time\" content=\"2015-03-04T10:32:00+00:00\" \/>\n<meta property=\"article:modified_time\" content=\"2025-09-22T10:45:18+00:00\" \/>\n<meta property=\"og:image\" content=\"https:\/\/www.iemj.org\/wp-content\/uploads\/2015\/03\/arton961.jpg\" \/>\n\t<meta property=\"og:image:width\" content=\"136\" \/>\n\t<meta property=\"og:image:height\" content=\"136\" \/>\n\t<meta property=\"og:image:type\" content=\"image\/jpeg\" \/>\n<meta name=\"author\" content=\"Herv\u00e9 Roten\" \/>\n<meta name=\"twitter:card\" content=\"summary_large_image\" \/>\n<meta name=\"twitter:label1\" content=\"Scritto da\" \/>\n\t<meta name=\"twitter:data1\" content=\"Herv\u00e9 Roten\" \/>\n\t<meta name=\"twitter:label2\" content=\"Tempo di lettura stimato\" \/>\n\t<meta name=\"twitter:data2\" content=\"3 minuti\" \/>\n<script type=\"application\/ld+json\" class=\"yoast-schema-graph\">{\"@context\":\"https:\\\/\\\/schema.org\",\"@graph\":[{\"@type\":\"Article\",\"@id\":\"https:\\\/\\\/www.iemj.org\\\/it\\\/tresors-darchives-yiddish-partie-1\\\/#article\",\"isPartOf\":{\"@id\":\"https:\\\/\\\/www.iemj.org\\\/it\\\/tresors-darchives-yiddish-partie-1\\\/\"},\"author\":{\"name\":\"Herv\u00e9 Roten\",\"@id\":\"https:\\\/\\\/www.iemj.org\\\/it\\\/#\\\/schema\\\/person\\\/906134402c29d5c76e7b726261dd4bbd\"},\"headline\":\"Tesori degli archivi yiddish (parte 1)\",\"datePublished\":\"2015-03-04T10:32:00+00:00\",\"dateModified\":\"2025-09-22T10:45:18+00:00\",\"mainEntityOfPage\":{\"@id\":\"https:\\\/\\\/www.iemj.org\\\/it\\\/tresors-darchives-yiddish-partie-1\\\/\"},\"wordCount\":443,\"publisher\":{\"@id\":\"https:\\\/\\\/www.iemj.org\\\/it\\\/#organization\"},\"image\":{\"@id\":\"https:\\\/\\\/www.iemj.org\\\/it\\\/tresors-darchives-yiddish-partie-1\\\/#primaryimage\"},\"thumbnailUrl\":\"https:\\\/\\\/www.iemj.org\\\/wp-content\\\/uploads\\\/2015\\\/03\\\/arton961.jpg\",\"keywords\":[\"Programmi radiofonici IEMJ\"],\"articleSection\":[\"Programmi Herv\u00e9 Roten\",\"Programmi radiofonici\"],\"inLanguage\":\"it-IT\"},{\"@type\":\"WebPage\",\"@id\":\"https:\\\/\\\/www.iemj.org\\\/it\\\/tresors-darchives-yiddish-partie-1\\\/\",\"url\":\"https:\\\/\\\/www.iemj.org\\\/it\\\/tresors-darchives-yiddish-partie-1\\\/\",\"name\":\"Tesori degli archivi yiddish (parte 1) - Institut Europ\u00e9en des Musiques Juives\",\"isPartOf\":{\"@id\":\"https:\\\/\\\/www.iemj.org\\\/it\\\/#website\"},\"primaryImageOfPage\":{\"@id\":\"https:\\\/\\\/www.iemj.org\\\/it\\\/tresors-darchives-yiddish-partie-1\\\/#primaryimage\"},\"image\":{\"@id\":\"https:\\\/\\\/www.iemj.org\\\/it\\\/tresors-darchives-yiddish-partie-1\\\/#primaryimage\"},\"thumbnailUrl\":\"https:\\\/\\\/www.iemj.org\\\/wp-content\\\/uploads\\\/2015\\\/03\\\/arton961.jpg\",\"datePublished\":\"2015-03-04T10:32:00+00:00\",\"dateModified\":\"2025-09-22T10:45:18+00:00\",\"breadcrumb\":{\"@id\":\"https:\\\/\\\/www.iemj.org\\\/it\\\/tresors-darchives-yiddish-partie-1\\\/#breadcrumb\"},\"inLanguage\":\"it-IT\",\"potentialAction\":[{\"@type\":\"ReadAction\",\"target\":[\"https:\\\/\\\/www.iemj.org\\\/it\\\/tresors-darchives-yiddish-partie-1\\\/\"]}]},{\"@type\":\"ImageObject\",\"inLanguage\":\"it-IT\",\"@id\":\"https:\\\/\\\/www.iemj.org\\\/it\\\/tresors-darchives-yiddish-partie-1\\\/#primaryimage\",\"url\":\"https:\\\/\\\/www.iemj.org\\\/wp-content\\\/uploads\\\/2015\\\/03\\\/arton961.jpg\",\"contentUrl\":\"https:\\\/\\\/www.iemj.org\\\/wp-content\\\/uploads\\\/2015\\\/03\\\/arton961.jpg\",\"width\":136,\"height\":136},{\"@type\":\"BreadcrumbList\",\"@id\":\"https:\\\/\\\/www.iemj.org\\\/it\\\/tresors-darchives-yiddish-partie-1\\\/#breadcrumb\",\"itemListElement\":[{\"@type\":\"ListItem\",\"position\":1,\"name\":\"Accueil\",\"item\":\"https:\\\/\\\/www.iemj.org\\\/it\\\/\"},{\"@type\":\"ListItem\",\"position\":2,\"name\":\"Tesori degli archivi yiddish (parte 1)\"}]},{\"@type\":\"WebSite\",\"@id\":\"https:\\\/\\\/www.iemj.org\\\/it\\\/#website\",\"url\":\"https:\\\/\\\/www.iemj.org\\\/it\\\/\",\"name\":\"Institut Europ\u00e9en des Musiques Juives\",\"description\":\"Des traditions musicales \u00e0 la port\u00e9e de tous\",\"publisher\":{\"@id\":\"https:\\\/\\\/www.iemj.org\\\/it\\\/#organization\"},\"potentialAction\":[{\"@type\":\"SearchAction\",\"target\":{\"@type\":\"EntryPoint\",\"urlTemplate\":\"https:\\\/\\\/www.iemj.org\\\/it\\\/?s={search_term_string}\"},\"query-input\":{\"@type\":\"PropertyValueSpecification\",\"valueRequired\":true,\"valueName\":\"search_term_string\"}}],\"inLanguage\":\"it-IT\"},{\"@type\":\"Organization\",\"@id\":\"https:\\\/\\\/www.iemj.org\\\/it\\\/#organization\",\"name\":\"Institut Europ\u00e9en des Musiques Juives\",\"url\":\"https:\\\/\\\/www.iemj.org\\\/it\\\/\",\"logo\":{\"@type\":\"ImageObject\",\"inLanguage\":\"it-IT\",\"@id\":\"https:\\\/\\\/www.iemj.org\\\/it\\\/#\\\/schema\\\/logo\\\/image\\\/\",\"url\":\"https:\\\/\\\/www.iemj.org\\\/wp-content\\\/uploads\\\/2021\\\/09\\\/Logo-IEMJ-Paypal.jpg\",\"contentUrl\":\"https:\\\/\\\/www.iemj.org\\\/wp-content\\\/uploads\\\/2021\\\/09\\\/Logo-IEMJ-Paypal.jpg\",\"width\":150,\"height\":50,\"caption\":\"Institut Europ\u00e9en des Musiques Juives\"},\"image\":{\"@id\":\"https:\\\/\\\/www.iemj.org\\\/it\\\/#\\\/schema\\\/logo\\\/image\\\/\"},\"sameAs\":[\"https:\\\/\\\/www.facebook.com\\\/MusiquesJuives\\\/\",\"https:\\\/\\\/www.instagram.com\\\/musiquesjuives\\\/\",\"https:\\\/\\\/www.youtube.com\\\/user\\\/musiquesjuives\"]},{\"@type\":\"Person\",\"@id\":\"https:\\\/\\\/www.iemj.org\\\/it\\\/#\\\/schema\\\/person\\\/906134402c29d5c76e7b726261dd4bbd\",\"name\":\"Herv\u00e9 Roten\",\"image\":{\"@type\":\"ImageObject\",\"inLanguage\":\"it-IT\",\"@id\":\"https:\\\/\\\/secure.gravatar.com\\\/avatar\\\/f96ad2db538a26481f18384936b5cd0610c92d390c4dc382209216d455f685ff?s=96&d=mm&r=g\",\"url\":\"https:\\\/\\\/secure.gravatar.com\\\/avatar\\\/f96ad2db538a26481f18384936b5cd0610c92d390c4dc382209216d455f685ff?s=96&d=mm&r=g\",\"contentUrl\":\"https:\\\/\\\/secure.gravatar.com\\\/avatar\\\/f96ad2db538a26481f18384936b5cd0610c92d390c4dc382209216d455f685ff?s=96&d=mm&r=g\",\"caption\":\"Herv\u00e9 Roten\"}}]}<\/script>\n<!-- \/ Yoast SEO plugin. -->","yoast_head_json":{"title":"Tesori degli archivi yiddish (parte 1) - Institut Europ\u00e9en des Musiques Juives","robots":{"index":"index","follow":"follow","max-snippet":"max-snippet:-1","max-image-preview":"max-image-preview:large","max-video-preview":"max-video-preview:-1"},"canonical":"https:\/\/www.iemj.org\/it\/tresors-darchives-yiddish-partie-1\/","og_locale":"it_IT","og_type":"article","og_title":"Tesori degli archivi yiddish (parte 1) - Institut Europ\u00e9en des Musiques Juives","og_description":"MUSIQUES JUIVES D\u2019HIER ET D\u2019AUJOURD\u2019HUI &#8211; MARTED\u00cc 12 GENNAIO 2015, JUDA\u00cfQUES FM (94.8), 21:05Programma radiofonico in francese","og_url":"https:\/\/www.iemj.org\/it\/tresors-darchives-yiddish-partie-1\/","og_site_name":"Institut Europ\u00e9en des Musiques Juives","article_publisher":"https:\/\/www.facebook.com\/MusiquesJuives\/","article_published_time":"2015-03-04T10:32:00+00:00","article_modified_time":"2025-09-22T10:45:18+00:00","og_image":[{"width":136,"height":136,"url":"https:\/\/www.iemj.org\/wp-content\/uploads\/2015\/03\/arton961.jpg","type":"image\/jpeg"}],"author":"Herv\u00e9 Roten","twitter_card":"summary_large_image","twitter_misc":{"Scritto da":"Herv\u00e9 Roten","Tempo di lettura stimato":"3 minuti"},"schema":{"@context":"https:\/\/schema.org","@graph":[{"@type":"Article","@id":"https:\/\/www.iemj.org\/it\/tresors-darchives-yiddish-partie-1\/#article","isPartOf":{"@id":"https:\/\/www.iemj.org\/it\/tresors-darchives-yiddish-partie-1\/"},"author":{"name":"Herv\u00e9 Roten","@id":"https:\/\/www.iemj.org\/it\/#\/schema\/person\/906134402c29d5c76e7b726261dd4bbd"},"headline":"Tesori degli archivi yiddish (parte 1)","datePublished":"2015-03-04T10:32:00+00:00","dateModified":"2025-09-22T10:45:18+00:00","mainEntityOfPage":{"@id":"https:\/\/www.iemj.org\/it\/tresors-darchives-yiddish-partie-1\/"},"wordCount":443,"publisher":{"@id":"https:\/\/www.iemj.org\/it\/#organization"},"image":{"@id":"https:\/\/www.iemj.org\/it\/tresors-darchives-yiddish-partie-1\/#primaryimage"},"thumbnailUrl":"https:\/\/www.iemj.org\/wp-content\/uploads\/2015\/03\/arton961.jpg","keywords":["Programmi radiofonici IEMJ"],"articleSection":["Programmi Herv\u00e9 Roten","Programmi radiofonici"],"inLanguage":"it-IT"},{"@type":"WebPage","@id":"https:\/\/www.iemj.org\/it\/tresors-darchives-yiddish-partie-1\/","url":"https:\/\/www.iemj.org\/it\/tresors-darchives-yiddish-partie-1\/","name":"Tesori degli archivi yiddish (parte 1) - Institut Europ\u00e9en des Musiques Juives","isPartOf":{"@id":"https:\/\/www.iemj.org\/it\/#website"},"primaryImageOfPage":{"@id":"https:\/\/www.iemj.org\/it\/tresors-darchives-yiddish-partie-1\/#primaryimage"},"image":{"@id":"https:\/\/www.iemj.org\/it\/tresors-darchives-yiddish-partie-1\/#primaryimage"},"thumbnailUrl":"https:\/\/www.iemj.org\/wp-content\/uploads\/2015\/03\/arton961.jpg","datePublished":"2015-03-04T10:32:00+00:00","dateModified":"2025-09-22T10:45:18+00:00","breadcrumb":{"@id":"https:\/\/www.iemj.org\/it\/tresors-darchives-yiddish-partie-1\/#breadcrumb"},"inLanguage":"it-IT","potentialAction":[{"@type":"ReadAction","target":["https:\/\/www.iemj.org\/it\/tresors-darchives-yiddish-partie-1\/"]}]},{"@type":"ImageObject","inLanguage":"it-IT","@id":"https:\/\/www.iemj.org\/it\/tresors-darchives-yiddish-partie-1\/#primaryimage","url":"https:\/\/www.iemj.org\/wp-content\/uploads\/2015\/03\/arton961.jpg","contentUrl":"https:\/\/www.iemj.org\/wp-content\/uploads\/2015\/03\/arton961.jpg","width":136,"height":136},{"@type":"BreadcrumbList","@id":"https:\/\/www.iemj.org\/it\/tresors-darchives-yiddish-partie-1\/#breadcrumb","itemListElement":[{"@type":"ListItem","position":1,"name":"Accueil","item":"https:\/\/www.iemj.org\/it\/"},{"@type":"ListItem","position":2,"name":"Tesori degli archivi yiddish (parte 1)"}]},{"@type":"WebSite","@id":"https:\/\/www.iemj.org\/it\/#website","url":"https:\/\/www.iemj.org\/it\/","name":"Institut Europ\u00e9en des Musiques Juives","description":"Des traditions musicales \u00e0 la port\u00e9e de tous","publisher":{"@id":"https:\/\/www.iemj.org\/it\/#organization"},"potentialAction":[{"@type":"SearchAction","target":{"@type":"EntryPoint","urlTemplate":"https:\/\/www.iemj.org\/it\/?s={search_term_string}"},"query-input":{"@type":"PropertyValueSpecification","valueRequired":true,"valueName":"search_term_string"}}],"inLanguage":"it-IT"},{"@type":"Organization","@id":"https:\/\/www.iemj.org\/it\/#organization","name":"Institut Europ\u00e9en des Musiques Juives","url":"https:\/\/www.iemj.org\/it\/","logo":{"@type":"ImageObject","inLanguage":"it-IT","@id":"https:\/\/www.iemj.org\/it\/#\/schema\/logo\/image\/","url":"https:\/\/www.iemj.org\/wp-content\/uploads\/2021\/09\/Logo-IEMJ-Paypal.jpg","contentUrl":"https:\/\/www.iemj.org\/wp-content\/uploads\/2021\/09\/Logo-IEMJ-Paypal.jpg","width":150,"height":50,"caption":"Institut Europ\u00e9en des Musiques Juives"},"image":{"@id":"https:\/\/www.iemj.org\/it\/#\/schema\/logo\/image\/"},"sameAs":["https:\/\/www.facebook.com\/MusiquesJuives\/","https:\/\/www.instagram.com\/musiquesjuives\/","https:\/\/www.youtube.com\/user\/musiquesjuives"]},{"@type":"Person","@id":"https:\/\/www.iemj.org\/it\/#\/schema\/person\/906134402c29d5c76e7b726261dd4bbd","name":"Herv\u00e9 Roten","image":{"@type":"ImageObject","inLanguage":"it-IT","@id":"https:\/\/secure.gravatar.com\/avatar\/f96ad2db538a26481f18384936b5cd0610c92d390c4dc382209216d455f685ff?s=96&d=mm&r=g","url":"https:\/\/secure.gravatar.com\/avatar\/f96ad2db538a26481f18384936b5cd0610c92d390c4dc382209216d455f685ff?s=96&d=mm&r=g","contentUrl":"https:\/\/secure.gravatar.com\/avatar\/f96ad2db538a26481f18384936b5cd0610c92d390c4dc382209216d455f685ff?s=96&d=mm&r=g","caption":"Herv\u00e9 Roten"}}]}},"_links":{"self":[{"href":"https:\/\/www.iemj.org\/it\/wp-json\/wp\/v2\/posts\/75747","targetHints":{"allow":["GET"]}}],"collection":[{"href":"https:\/\/www.iemj.org\/it\/wp-json\/wp\/v2\/posts"}],"about":[{"href":"https:\/\/www.iemj.org\/it\/wp-json\/wp\/v2\/types\/post"}],"author":[{"embeddable":true,"href":"https:\/\/www.iemj.org\/it\/wp-json\/wp\/v2\/users\/1045"}],"replies":[{"embeddable":true,"href":"https:\/\/www.iemj.org\/it\/wp-json\/wp\/v2\/comments?post=75747"}],"version-history":[{"count":0,"href":"https:\/\/www.iemj.org\/it\/wp-json\/wp\/v2\/posts\/75747\/revisions"}],"wp:featuredmedia":[{"embeddable":true,"href":"https:\/\/www.iemj.org\/it\/wp-json\/wp\/v2\/media\/75748"}],"wp:attachment":[{"href":"https:\/\/www.iemj.org\/it\/wp-json\/wp\/v2\/media?parent=75747"}],"wp:term":[{"taxonomy":"category","embeddable":true,"href":"https:\/\/www.iemj.org\/it\/wp-json\/wp\/v2\/categories?post=75747"},{"taxonomy":"post_tag","embeddable":true,"href":"https:\/\/www.iemj.org\/it\/wp-json\/wp\/v2\/tags?post=75747"},{"taxonomy":"technique","embeddable":true,"href":"https:\/\/www.iemj.org\/it\/wp-json\/wp\/v2\/technique?post=75747"},{"taxonomy":"squelettes","embeddable":true,"href":"https:\/\/www.iemj.org\/it\/wp-json\/wp\/v2\/squelettes?post=75747"},{"taxonomy":"sujet","embeddable":true,"href":"https:\/\/www.iemj.org\/it\/wp-json\/wp\/v2\/sujet?post=75747"},{"taxonomy":"formation","embeddable":true,"href":"https:\/\/www.iemj.org\/it\/wp-json\/wp\/v2\/formation?post=75747"},{"taxonomy":"genre","embeddable":true,"href":"https:\/\/www.iemj.org\/it\/wp-json\/wp\/v2\/genre?post=75747"},{"taxonomy":"fonds","embeddable":true,"href":"https:\/\/www.iemj.org\/it\/wp-json\/wp\/v2\/fonds?post=75747"},{"taxonomy":"tradition","embeddable":true,"href":"https:\/\/www.iemj.org\/it\/wp-json\/wp\/v2\/tradition?post=75747"},{"taxonomy":"type-de-contenu","embeddable":true,"href":"https:\/\/www.iemj.org\/it\/wp-json\/wp\/v2\/type-de-contenu?post=75747"},{"taxonomy":"interprete-compositeur","embeddable":true,"href":"https:\/\/www.iemj.org\/it\/wp-json\/wp\/v2\/interprete-compositeur?post=75747"},{"taxonomy":"frise","embeddable":true,"href":"https:\/\/www.iemj.org\/it\/wp-json\/wp\/v2\/frise?post=75747"},{"taxonomy":"type-devenement","embeddable":true,"href":"https:\/\/www.iemj.org\/it\/wp-json\/wp\/v2\/type-devenement?post=75747"},{"taxonomy":"tableaux-liens-externes","embeddable":true,"href":"https:\/\/www.iemj.org\/it\/wp-json\/wp\/v2\/tableaux-liens-externes?post=75747"}],"curies":[{"name":"wp","href":"https:\/\/api.w.org\/{rel}","templated":true}]}}