{"id":76790,"date":"2017-02-08T09:40:53","date_gmt":"2017-02-08T08:40:53","guid":{"rendered":"https:\/\/www.iemj.org\/tou-bichvat\/"},"modified":"2025-02-11T12:04:21","modified_gmt":"2025-02-11T11:04:21","slug":"tou-bichvat","status":"publish","type":"post","link":"https:\/\/www.iemj.org\/it\/tou-bichvat\/","title":{"rendered":"Tu Bishvat"},"content":{"rendered":"<p><strong>La festa di Tu Bishvat, che segna il rinnovamento della natura, \u00e8 celebrata nelle comunit\u00e0 ebraiche ed in Israele con la piantagione di vegetali, accompagnata da benedizioni e molti canti gioiosi<\/strong><\/p>\n<p><!--more--><\/p>\n<p>La festa di Tu Bishvat (che significa il \u201c15 del mese di Shevat\u201d) \u00e8 indicata nella Mishna come il &#8220;Nuovo Anno degli Alberi&#8221; perch\u00e9 corrisponde al momento in cui la linfa sale nell&#8217;albero prima della primavera.<\/p>\n<p>Nella Torah, la terra d&#8217;Israele \u00e8 caratterizzata dall&#8217;abbondanza dei suoi frutti: &#8220;Una terra che produce grano, orzo, uva, il fico e il melograno, una terra di olio d&#8217;oliva e miele&#8221; (Devarim 8,8).<\/p>\n<p><img decoding=\"async\" class=\"wp-image-12955 alignright\" src=\"https:\/\/www.iemj.org\/wp-content\/uploads\/2017\/02\/dattier_500px.jpg\" alt=\"dattier_500px.jpg\" width=\"171\" height=\"266\" align=\"right\" srcset=\"https:\/\/www.iemj.org\/wp-content\/uploads\/2017\/02\/dattier_500px.jpg 210w, https:\/\/www.iemj.org\/wp-content\/uploads\/2017\/02\/dattier_500px-193x300.jpg 193w\" sizes=\"(max-width: 171px) 100vw, 171px\" \/><\/p>\n<p>\u00c8 quindi tradizione in questo giorno mangiare almeno sette tipi di frutta in un certo ordine (orzo, datteri, uva, fichi, melograni, olive e grano) e bandire ogni forma di austerit\u00e0 (niente digiuno od elogio funebre&#8230;) che potrebbe interferire con la gioia della festa.<\/p>\n<p>Sotto l&#8217;impulso dei cabalisti di Safed, e pi\u00f9 tardi del sionismo, Tu Bishvat \u00e8 diventata il simbolo del rinnovamento della Terra d&#8217;Israele.<\/p>\n<p><a href=\"http:\/\/kefisrael.com\/2012\/02\/02\/chansons-de-tou-bichevat\/\">Consultare l&#8217;articolo sulle canzoni di Tu Bishvat, illustrato con video, sul sito di KefIsrael<\/a><\/p>\n<p><a href=\"https:\/\/www.iemj.org\/it\/tou-bichvat-2\/\" target=\"_blank\" rel=\"noopener\">Ascoltare la playlist Tu Bishvat\u00a0 2<\/a><\/p>\n<p><iframe src=\"https:\/\/www.youtube.com\/embed\/Qp3itxWlyQM\" width=\"320\" height=\"180\" frameborder=\"0\" allowfullscreen=\"allowfullscreen\"><\/iframe><a href=\"http:\/\/kefisrael.com\/2012\/02\/02\/chansons-de-tou-bichevat\/\"><img decoding=\"async\" class=\"size-full wp-image-12957 alignright\" src=\"https:\/\/www.iemj.org\/wp-content\/uploads\/2017\/02\/doc_2_tu_bisvat_500px_38.jpg\" alt=\"doc_2_tu_bisvat_500px_38.jpg\" width=\"181\" height=\"201\" align=\"middle\" \/><\/a><\/p>\n\n<div class=\"wp-block-image\">\n<figure class=\"aligncenter size-large\"><img fetchpriority=\"high\" decoding=\"async\" width=\"1024\" height=\"133\" src=\"https:\/\/www.iemj.org\/wp-content\/uploads\/2024\/03\/AUDIO-PLAYER-1024x133.png\" alt=\"\" class=\"wp-image-110609\" srcset=\"https:\/\/www.iemj.org\/wp-content\/uploads\/2024\/03\/AUDIO-PLAYER-1024x133.png 1024w, https:\/\/www.iemj.org\/wp-content\/uploads\/2024\/03\/AUDIO-PLAYER-300x39.png 300w, https:\/\/www.iemj.org\/wp-content\/uploads\/2024\/03\/AUDIO-PLAYER-768x100.png 768w, https:\/\/www.iemj.org\/wp-content\/uploads\/2024\/03\/AUDIO-PLAYER-600x78.png 600w, https:\/\/www.iemj.org\/wp-content\/uploads\/2024\/03\/AUDIO-PLAYER.png 1210w\" sizes=\"(max-width: 1024px) 100vw, 1024px\" \/><\/figure>\n<\/div>\n\n\n<div class=\"wp-block-file\"><a href=\"https:\/\/www.iemj.org\/wp-content\/uploads\/2017\/02\/hashkediya_porachat_-_chag_lataf.mp3\">Hashkediya Porachat &#8211; Chag Lataf<\/a><\/div>\n\n\n\n<div class=\"wp-block-file\"><a href=\"https:\/\/www.iemj.org\/wp-content\/uploads\/2017\/02\/tu_bisvat_-_an_anthologie_of_100_israeli_nursery_rhymes.mp3\">Tu Bisvat &#8211; An anthologie of 100 israeli nursery rhymes<\/a><\/div>\n\n\n\n<div class=\"wp-block-file\"><a href=\"https:\/\/www.iemj.org\/wp-content\/uploads\/2017\/02\/in_khoydesh_shvat_-_gut_yom-tev_kinder.mp3\">In Khoydesh Shvat &#8211; Gut Yom-Tev Kinder<\/a><\/div>\n\n\n\n<div class=\"wp-block-file\"><a href=\"https:\/\/www.iemj.org\/wp-content\/uploads\/2017\/02\/like_a_tree_in_a_field_-_shalom_hanoch.mp3\">Like a tree in a field &#8211; Shalom Hanoch<\/a><\/div>\n\n\n\n<div class=\"wp-block-file\"><a href=\"https:\/\/www.iemj.org\/wp-content\/uploads\/2017\/02\/siendo_este_diya_-_liturgic.mp3\">Siendo Este Diya &#8211; Liturgic<\/a><\/div>\n\n\n\n<div class=\"wp-block-file\"><a href=\"https:\/\/www.iemj.org\/wp-content\/uploads\/2017\/02\/la_berencena_-liturgic.mp3\">La berencena &#8211; Song<\/a><\/div>\n","protected":false},"excerpt":{"rendered":"<p>La festa di Tu Bishvat, che segna il rinnovamento della natura, \u00e8 celebrata nelle comunit\u00e0 ebraiche ed in Israele con la piantagione di vegetali, accompagnata da benedizioni e molti canti<\/p>\n","protected":false},"author":1052,"featured_media":117790,"comment_status":"closed","ping_status":"open","sticky":false,"template":"","format":"standard","meta":{"_acf_changed":false,"footnotes":""},"categories":[1536],"tags":[],"technique":[],"squelettes":[],"sujet":[],"formation":[],"genre":[1892],"fonds":[],"tradition":[],"type-de-contenu":[],"interprete-compositeur":[],"frise":[],"type-devenement":[],"tableaux-liens-externes":[],"class_list":["post-76790","post","type-post","status-publish","format-standard","has-post-thumbnail","hentry","category-playlist-it","genre-liturgia-it"],"acf":[],"yoast_head":"<!-- This site is optimized with the Yoast SEO plugin v27.3 - https:\/\/yoast.com\/product\/yoast-seo-wordpress\/ -->\n<title>Tu Bishvat - Institut Europ\u00e9en des Musiques Juives<\/title>\n<meta name=\"robots\" content=\"index, follow, max-snippet:-1, max-image-preview:large, max-video-preview:-1\" \/>\n<link rel=\"canonical\" href=\"https:\/\/www.iemj.org\/it\/tou-bichvat\/\" \/>\n<meta property=\"og:locale\" content=\"it_IT\" \/>\n<meta property=\"og:type\" content=\"article\" \/>\n<meta property=\"og:title\" content=\"Tu Bishvat - Institut Europ\u00e9en des Musiques Juives\" \/>\n<meta property=\"og:description\" content=\"La festa di Tu Bishvat, che segna il rinnovamento della natura, \u00e8 celebrata nelle comunit\u00e0 ebraiche ed in Israele con la piantagione di vegetali, accompagnata da benedizioni e molti canti\" \/>\n<meta property=\"og:url\" content=\"https:\/\/www.iemj.org\/it\/tou-bichvat\/\" \/>\n<meta property=\"og:site_name\" content=\"Institut Europ\u00e9en des Musiques Juives\" \/>\n<meta property=\"article:publisher\" content=\"https:\/\/www.facebook.com\/MusiquesJuives\/\" \/>\n<meta property=\"article:published_time\" content=\"2017-02-08T08:40:53+00:00\" \/>\n<meta property=\"article:modified_time\" content=\"2025-02-11T11:04:21+00:00\" \/>\n<meta property=\"og:image\" content=\"https:\/\/www.iemj.org\/wp-content\/uploads\/2017\/02\/Logo-Tou-Bichvat-1.jpg\" \/>\n\t<meta property=\"og:image:width\" content=\"500\" \/>\n\t<meta property=\"og:image:height\" content=\"500\" \/>\n\t<meta property=\"og:image:type\" content=\"image\/jpeg\" \/>\n<meta name=\"author\" content=\"Lea Couderc\" \/>\n<meta name=\"twitter:card\" content=\"summary_large_image\" \/>\n<meta name=\"twitter:label1\" content=\"Scritto da\" \/>\n\t<meta name=\"twitter:data1\" content=\"Lea Couderc\" \/>\n\t<meta name=\"twitter:label2\" content=\"Tempo di lettura stimato\" \/>\n\t<meta name=\"twitter:data2\" content=\"2 minuti\" \/>\n<script type=\"application\/ld+json\" class=\"yoast-schema-graph\">{\"@context\":\"https:\\\/\\\/schema.org\",\"@graph\":[{\"@type\":\"Article\",\"@id\":\"https:\\\/\\\/www.iemj.org\\\/it\\\/tou-bichvat\\\/#article\",\"isPartOf\":{\"@id\":\"https:\\\/\\\/www.iemj.org\\\/it\\\/tou-bichvat\\\/\"},\"author\":{\"name\":\"Lea Couderc\",\"@id\":\"https:\\\/\\\/www.iemj.org\\\/it\\\/#\\\/schema\\\/person\\\/e2ad57f2c4be119c7ed8ab79036807a9\"},\"headline\":\"Tu Bishvat\",\"datePublished\":\"2017-02-08T08:40:53+00:00\",\"dateModified\":\"2025-02-11T11:04:21+00:00\",\"mainEntityOfPage\":{\"@id\":\"https:\\\/\\\/www.iemj.org\\\/it\\\/tou-bichvat\\\/\"},\"wordCount\":224,\"publisher\":{\"@id\":\"https:\\\/\\\/www.iemj.org\\\/it\\\/#organization\"},\"image\":{\"@id\":\"https:\\\/\\\/www.iemj.org\\\/it\\\/tou-bichvat\\\/#primaryimage\"},\"thumbnailUrl\":\"https:\\\/\\\/www.iemj.org\\\/wp-content\\\/uploads\\\/2017\\\/02\\\/Logo-Tou-Bichvat-1.jpg\",\"articleSection\":[\"Playlist\"],\"inLanguage\":\"it-IT\"},{\"@type\":\"WebPage\",\"@id\":\"https:\\\/\\\/www.iemj.org\\\/it\\\/tou-bichvat\\\/\",\"url\":\"https:\\\/\\\/www.iemj.org\\\/it\\\/tou-bichvat\\\/\",\"name\":\"Tu Bishvat - Institut Europ\u00e9en des Musiques Juives\",\"isPartOf\":{\"@id\":\"https:\\\/\\\/www.iemj.org\\\/it\\\/#website\"},\"primaryImageOfPage\":{\"@id\":\"https:\\\/\\\/www.iemj.org\\\/it\\\/tou-bichvat\\\/#primaryimage\"},\"image\":{\"@id\":\"https:\\\/\\\/www.iemj.org\\\/it\\\/tou-bichvat\\\/#primaryimage\"},\"thumbnailUrl\":\"https:\\\/\\\/www.iemj.org\\\/wp-content\\\/uploads\\\/2017\\\/02\\\/Logo-Tou-Bichvat-1.jpg\",\"datePublished\":\"2017-02-08T08:40:53+00:00\",\"dateModified\":\"2025-02-11T11:04:21+00:00\",\"breadcrumb\":{\"@id\":\"https:\\\/\\\/www.iemj.org\\\/it\\\/tou-bichvat\\\/#breadcrumb\"},\"inLanguage\":\"it-IT\",\"potentialAction\":[{\"@type\":\"ReadAction\",\"target\":[\"https:\\\/\\\/www.iemj.org\\\/it\\\/tou-bichvat\\\/\"]}]},{\"@type\":\"ImageObject\",\"inLanguage\":\"it-IT\",\"@id\":\"https:\\\/\\\/www.iemj.org\\\/it\\\/tou-bichvat\\\/#primaryimage\",\"url\":\"https:\\\/\\\/www.iemj.org\\\/wp-content\\\/uploads\\\/2017\\\/02\\\/Logo-Tou-Bichvat-1.jpg\",\"contentUrl\":\"https:\\\/\\\/www.iemj.org\\\/wp-content\\\/uploads\\\/2017\\\/02\\\/Logo-Tou-Bichvat-1.jpg\",\"width\":500,\"height\":500},{\"@type\":\"BreadcrumbList\",\"@id\":\"https:\\\/\\\/www.iemj.org\\\/it\\\/tou-bichvat\\\/#breadcrumb\",\"itemListElement\":[{\"@type\":\"ListItem\",\"position\":1,\"name\":\"Accueil\",\"item\":\"https:\\\/\\\/www.iemj.org\\\/it\\\/\"},{\"@type\":\"ListItem\",\"position\":2,\"name\":\"Tu Bishvat\"}]},{\"@type\":\"WebSite\",\"@id\":\"https:\\\/\\\/www.iemj.org\\\/it\\\/#website\",\"url\":\"https:\\\/\\\/www.iemj.org\\\/it\\\/\",\"name\":\"Institut Europ\u00e9en des Musiques Juives\",\"description\":\"Des traditions musicales \u00e0 la port\u00e9e de tous\",\"publisher\":{\"@id\":\"https:\\\/\\\/www.iemj.org\\\/it\\\/#organization\"},\"potentialAction\":[{\"@type\":\"SearchAction\",\"target\":{\"@type\":\"EntryPoint\",\"urlTemplate\":\"https:\\\/\\\/www.iemj.org\\\/it\\\/?s={search_term_string}\"},\"query-input\":{\"@type\":\"PropertyValueSpecification\",\"valueRequired\":true,\"valueName\":\"search_term_string\"}}],\"inLanguage\":\"it-IT\"},{\"@type\":\"Organization\",\"@id\":\"https:\\\/\\\/www.iemj.org\\\/it\\\/#organization\",\"name\":\"Institut Europ\u00e9en des Musiques Juives\",\"url\":\"https:\\\/\\\/www.iemj.org\\\/it\\\/\",\"logo\":{\"@type\":\"ImageObject\",\"inLanguage\":\"it-IT\",\"@id\":\"https:\\\/\\\/www.iemj.org\\\/it\\\/#\\\/schema\\\/logo\\\/image\\\/\",\"url\":\"https:\\\/\\\/www.iemj.org\\\/wp-content\\\/uploads\\\/2021\\\/09\\\/Logo-IEMJ-Paypal.jpg\",\"contentUrl\":\"https:\\\/\\\/www.iemj.org\\\/wp-content\\\/uploads\\\/2021\\\/09\\\/Logo-IEMJ-Paypal.jpg\",\"width\":150,\"height\":50,\"caption\":\"Institut Europ\u00e9en des Musiques Juives\"},\"image\":{\"@id\":\"https:\\\/\\\/www.iemj.org\\\/it\\\/#\\\/schema\\\/logo\\\/image\\\/\"},\"sameAs\":[\"https:\\\/\\\/www.facebook.com\\\/MusiquesJuives\\\/\",\"https:\\\/\\\/www.instagram.com\\\/musiquesjuives\\\/\",\"https:\\\/\\\/www.youtube.com\\\/user\\\/musiquesjuives\"]},{\"@type\":\"Person\",\"@id\":\"https:\\\/\\\/www.iemj.org\\\/it\\\/#\\\/schema\\\/person\\\/e2ad57f2c4be119c7ed8ab79036807a9\",\"name\":\"Lea Couderc\",\"image\":{\"@type\":\"ImageObject\",\"inLanguage\":\"it-IT\",\"@id\":\"https:\\\/\\\/secure.gravatar.com\\\/avatar\\\/46ee021475d60aeff17a7e490b79dea5a5684bb392ab7fd1494027411df8ba23?s=96&d=mm&r=g\",\"url\":\"https:\\\/\\\/secure.gravatar.com\\\/avatar\\\/46ee021475d60aeff17a7e490b79dea5a5684bb392ab7fd1494027411df8ba23?s=96&d=mm&r=g\",\"contentUrl\":\"https:\\\/\\\/secure.gravatar.com\\\/avatar\\\/46ee021475d60aeff17a7e490b79dea5a5684bb392ab7fd1494027411df8ba23?s=96&d=mm&r=g\",\"caption\":\"Lea Couderc\"}}]}<\/script>\n<!-- \/ Yoast SEO plugin. -->","yoast_head_json":{"title":"Tu Bishvat - Institut Europ\u00e9en des Musiques Juives","robots":{"index":"index","follow":"follow","max-snippet":"max-snippet:-1","max-image-preview":"max-image-preview:large","max-video-preview":"max-video-preview:-1"},"canonical":"https:\/\/www.iemj.org\/it\/tou-bichvat\/","og_locale":"it_IT","og_type":"article","og_title":"Tu Bishvat - Institut Europ\u00e9en des Musiques Juives","og_description":"La festa di Tu Bishvat, che segna il rinnovamento della natura, \u00e8 celebrata nelle comunit\u00e0 ebraiche ed in Israele con la piantagione di vegetali, accompagnata da benedizioni e molti canti","og_url":"https:\/\/www.iemj.org\/it\/tou-bichvat\/","og_site_name":"Institut Europ\u00e9en des Musiques Juives","article_publisher":"https:\/\/www.facebook.com\/MusiquesJuives\/","article_published_time":"2017-02-08T08:40:53+00:00","article_modified_time":"2025-02-11T11:04:21+00:00","og_image":[{"width":500,"height":500,"url":"https:\/\/www.iemj.org\/wp-content\/uploads\/2017\/02\/Logo-Tou-Bichvat-1.jpg","type":"image\/jpeg"}],"author":"Lea Couderc","twitter_card":"summary_large_image","twitter_misc":{"Scritto da":"Lea Couderc","Tempo di lettura stimato":"2 minuti"},"schema":{"@context":"https:\/\/schema.org","@graph":[{"@type":"Article","@id":"https:\/\/www.iemj.org\/it\/tou-bichvat\/#article","isPartOf":{"@id":"https:\/\/www.iemj.org\/it\/tou-bichvat\/"},"author":{"name":"Lea Couderc","@id":"https:\/\/www.iemj.org\/it\/#\/schema\/person\/e2ad57f2c4be119c7ed8ab79036807a9"},"headline":"Tu Bishvat","datePublished":"2017-02-08T08:40:53+00:00","dateModified":"2025-02-11T11:04:21+00:00","mainEntityOfPage":{"@id":"https:\/\/www.iemj.org\/it\/tou-bichvat\/"},"wordCount":224,"publisher":{"@id":"https:\/\/www.iemj.org\/it\/#organization"},"image":{"@id":"https:\/\/www.iemj.org\/it\/tou-bichvat\/#primaryimage"},"thumbnailUrl":"https:\/\/www.iemj.org\/wp-content\/uploads\/2017\/02\/Logo-Tou-Bichvat-1.jpg","articleSection":["Playlist"],"inLanguage":"it-IT"},{"@type":"WebPage","@id":"https:\/\/www.iemj.org\/it\/tou-bichvat\/","url":"https:\/\/www.iemj.org\/it\/tou-bichvat\/","name":"Tu Bishvat - Institut Europ\u00e9en des Musiques Juives","isPartOf":{"@id":"https:\/\/www.iemj.org\/it\/#website"},"primaryImageOfPage":{"@id":"https:\/\/www.iemj.org\/it\/tou-bichvat\/#primaryimage"},"image":{"@id":"https:\/\/www.iemj.org\/it\/tou-bichvat\/#primaryimage"},"thumbnailUrl":"https:\/\/www.iemj.org\/wp-content\/uploads\/2017\/02\/Logo-Tou-Bichvat-1.jpg","datePublished":"2017-02-08T08:40:53+00:00","dateModified":"2025-02-11T11:04:21+00:00","breadcrumb":{"@id":"https:\/\/www.iemj.org\/it\/tou-bichvat\/#breadcrumb"},"inLanguage":"it-IT","potentialAction":[{"@type":"ReadAction","target":["https:\/\/www.iemj.org\/it\/tou-bichvat\/"]}]},{"@type":"ImageObject","inLanguage":"it-IT","@id":"https:\/\/www.iemj.org\/it\/tou-bichvat\/#primaryimage","url":"https:\/\/www.iemj.org\/wp-content\/uploads\/2017\/02\/Logo-Tou-Bichvat-1.jpg","contentUrl":"https:\/\/www.iemj.org\/wp-content\/uploads\/2017\/02\/Logo-Tou-Bichvat-1.jpg","width":500,"height":500},{"@type":"BreadcrumbList","@id":"https:\/\/www.iemj.org\/it\/tou-bichvat\/#breadcrumb","itemListElement":[{"@type":"ListItem","position":1,"name":"Accueil","item":"https:\/\/www.iemj.org\/it\/"},{"@type":"ListItem","position":2,"name":"Tu Bishvat"}]},{"@type":"WebSite","@id":"https:\/\/www.iemj.org\/it\/#website","url":"https:\/\/www.iemj.org\/it\/","name":"Institut Europ\u00e9en des Musiques Juives","description":"Des traditions musicales \u00e0 la port\u00e9e de tous","publisher":{"@id":"https:\/\/www.iemj.org\/it\/#organization"},"potentialAction":[{"@type":"SearchAction","target":{"@type":"EntryPoint","urlTemplate":"https:\/\/www.iemj.org\/it\/?s={search_term_string}"},"query-input":{"@type":"PropertyValueSpecification","valueRequired":true,"valueName":"search_term_string"}}],"inLanguage":"it-IT"},{"@type":"Organization","@id":"https:\/\/www.iemj.org\/it\/#organization","name":"Institut Europ\u00e9en des Musiques Juives","url":"https:\/\/www.iemj.org\/it\/","logo":{"@type":"ImageObject","inLanguage":"it-IT","@id":"https:\/\/www.iemj.org\/it\/#\/schema\/logo\/image\/","url":"https:\/\/www.iemj.org\/wp-content\/uploads\/2021\/09\/Logo-IEMJ-Paypal.jpg","contentUrl":"https:\/\/www.iemj.org\/wp-content\/uploads\/2021\/09\/Logo-IEMJ-Paypal.jpg","width":150,"height":50,"caption":"Institut Europ\u00e9en des Musiques Juives"},"image":{"@id":"https:\/\/www.iemj.org\/it\/#\/schema\/logo\/image\/"},"sameAs":["https:\/\/www.facebook.com\/MusiquesJuives\/","https:\/\/www.instagram.com\/musiquesjuives\/","https:\/\/www.youtube.com\/user\/musiquesjuives"]},{"@type":"Person","@id":"https:\/\/www.iemj.org\/it\/#\/schema\/person\/e2ad57f2c4be119c7ed8ab79036807a9","name":"Lea Couderc","image":{"@type":"ImageObject","inLanguage":"it-IT","@id":"https:\/\/secure.gravatar.com\/avatar\/46ee021475d60aeff17a7e490b79dea5a5684bb392ab7fd1494027411df8ba23?s=96&d=mm&r=g","url":"https:\/\/secure.gravatar.com\/avatar\/46ee021475d60aeff17a7e490b79dea5a5684bb392ab7fd1494027411df8ba23?s=96&d=mm&r=g","contentUrl":"https:\/\/secure.gravatar.com\/avatar\/46ee021475d60aeff17a7e490b79dea5a5684bb392ab7fd1494027411df8ba23?s=96&d=mm&r=g","caption":"Lea Couderc"}}]}},"_links":{"self":[{"href":"https:\/\/www.iemj.org\/it\/wp-json\/wp\/v2\/posts\/76790","targetHints":{"allow":["GET"]}}],"collection":[{"href":"https:\/\/www.iemj.org\/it\/wp-json\/wp\/v2\/posts"}],"about":[{"href":"https:\/\/www.iemj.org\/it\/wp-json\/wp\/v2\/types\/post"}],"author":[{"embeddable":true,"href":"https:\/\/www.iemj.org\/it\/wp-json\/wp\/v2\/users\/1052"}],"replies":[{"embeddable":true,"href":"https:\/\/www.iemj.org\/it\/wp-json\/wp\/v2\/comments?post=76790"}],"version-history":[{"count":0,"href":"https:\/\/www.iemj.org\/it\/wp-json\/wp\/v2\/posts\/76790\/revisions"}],"wp:featuredmedia":[{"embeddable":true,"href":"https:\/\/www.iemj.org\/it\/wp-json\/wp\/v2\/media\/117790"}],"wp:attachment":[{"href":"https:\/\/www.iemj.org\/it\/wp-json\/wp\/v2\/media?parent=76790"}],"wp:term":[{"taxonomy":"category","embeddable":true,"href":"https:\/\/www.iemj.org\/it\/wp-json\/wp\/v2\/categories?post=76790"},{"taxonomy":"post_tag","embeddable":true,"href":"https:\/\/www.iemj.org\/it\/wp-json\/wp\/v2\/tags?post=76790"},{"taxonomy":"technique","embeddable":true,"href":"https:\/\/www.iemj.org\/it\/wp-json\/wp\/v2\/technique?post=76790"},{"taxonomy":"squelettes","embeddable":true,"href":"https:\/\/www.iemj.org\/it\/wp-json\/wp\/v2\/squelettes?post=76790"},{"taxonomy":"sujet","embeddable":true,"href":"https:\/\/www.iemj.org\/it\/wp-json\/wp\/v2\/sujet?post=76790"},{"taxonomy":"formation","embeddable":true,"href":"https:\/\/www.iemj.org\/it\/wp-json\/wp\/v2\/formation?post=76790"},{"taxonomy":"genre","embeddable":true,"href":"https:\/\/www.iemj.org\/it\/wp-json\/wp\/v2\/genre?post=76790"},{"taxonomy":"fonds","embeddable":true,"href":"https:\/\/www.iemj.org\/it\/wp-json\/wp\/v2\/fonds?post=76790"},{"taxonomy":"tradition","embeddable":true,"href":"https:\/\/www.iemj.org\/it\/wp-json\/wp\/v2\/tradition?post=76790"},{"taxonomy":"type-de-contenu","embeddable":true,"href":"https:\/\/www.iemj.org\/it\/wp-json\/wp\/v2\/type-de-contenu?post=76790"},{"taxonomy":"interprete-compositeur","embeddable":true,"href":"https:\/\/www.iemj.org\/it\/wp-json\/wp\/v2\/interprete-compositeur?post=76790"},{"taxonomy":"frise","embeddable":true,"href":"https:\/\/www.iemj.org\/it\/wp-json\/wp\/v2\/frise?post=76790"},{"taxonomy":"type-devenement","embeddable":true,"href":"https:\/\/www.iemj.org\/it\/wp-json\/wp\/v2\/type-devenement?post=76790"},{"taxonomy":"tableaux-liens-externes","embeddable":true,"href":"https:\/\/www.iemj.org\/it\/wp-json\/wp\/v2\/tableaux-liens-externes?post=76790"}],"curies":[{"name":"wp","href":"https:\/\/api.w.org\/{rel}","templated":true}]}}