{"id":76827,"date":"2021-01-25T16:01:11","date_gmt":"2021-01-25T15:01:11","guid":{"rendered":"https:\/\/www.iemj.org\/tou-bichvat-2\/"},"modified":"2025-02-11T10:12:31","modified_gmt":"2025-02-11T09:12:31","slug":"tou-bichvat-2","status":"publish","type":"post","link":"https:\/\/www.iemj.org\/it\/tou-bichvat-2\/","title":{"rendered":"Tu Bishvat 2"},"content":{"rendered":"<p><strong>Una seconda selezione di brani cantati in occasione della festa di Tu Bishvat<\/strong><\/p>\n<p><!--more--><\/p>\n<p>La festa di Tu Bishvat (in italiano: &#8220;15 del mese di Shevat&#8221;) \u00e8 designata nella Mishna come &#8220;Capodanno degli alberi&#8221; perch\u00e9 corrisponde al momento in cui la linfa sale nell&#8217;albero, prima della primavera.<\/p>\n<p>Nella Torah, la terra d&#8217;Israele \u00e8 caratterizzata per l&#8217;abbondanza dei suoi frutti: \u00abUna terra che produce grano, orzo, uva, fichi e melograni, una terra di olivi e miele\u00bb (Devarim 8,8).<\/p>\n<p><img decoding=\"async\" class=\"wp-image-12955 alignright\" src=\"https:\/\/www.iemj.org\/wp-content\/uploads\/2017\/02\/dattier_500px.jpg\" alt=\"dattier_500px.jpg\" width=\"171\" height=\"266\" align=\"right\" srcset=\"https:\/\/www.iemj.org\/wp-content\/uploads\/2017\/02\/dattier_500px.jpg 210w, https:\/\/www.iemj.org\/wp-content\/uploads\/2017\/02\/dattier_500px-193x300.jpg 193w\" sizes=\"(max-width: 171px) 100vw, 171px\" \/><\/p>\n<p>\u00c8 quindi consuetudine mangiare in quel giorno almeno sette tipi di frutta in un certo ordine (orzo, dattero, uva, fico, melograno, oliva e grano) e bandire ogni forma di austerit\u00e0 (niente digiuno o elogio funebre&#8230;.) che potrebbe rovinare la gioia della festa.<\/p>\n<p>Spinta dai cabalisti di Safed, e pi\u00f9 tardi dal sionismo, Tu B&#8217;Shvat \u00e8 diventata il simbolo del rinnovamento della Terra d&#8217;Israele.<\/p>\n<p><a href=\"http:\/\/kefisrael.com\/2012\/02\/02\/chansons-de-tou-bichevat\/\">Consultare l&#8217;articolo sulle canzoni di Tu Bishvat, illustrato con video, sul sito web di KefIsrael<\/a><\/p>\n<p><a href=\"https:\/\/www.iemj.org\/it\/tou-bichvat\/\" target=\"_blank\" rel=\"noopener\">Ascoltare la playlist Tu Bishvat 1<\/a><\/p>\n\n\n<figure class=\"wp-block-embed is-type-video is-provider-youtube wp-block-embed-youtube wp-embed-aspect-4-3 wp-has-aspect-ratio\"><div class=\"wp-block-embed__wrapper\">\n<iframe title=\"TOU BICHVAT\" width=\"640\" height=\"480\" src=\"https:\/\/www.youtube.com\/embed\/Qp3itxWlyQM?feature=oembed\" frameborder=\"0\" allow=\"accelerometer; autoplay; clipboard-write; encrypted-media; gyroscope; picture-in-picture; web-share\" referrerpolicy=\"strict-origin-when-cross-origin\" allowfullscreen><\/iframe>\n<\/div><\/figure>\n\n\n\n<div class=\"wp-block-file\"><a id=\"wp-block-file--media-bb878849-458f-423e-b233-d2d53a6340bd\" href=\"https:\/\/www.iemj.org\/wp-content\/uploads\/2021\/01\/01_hashkediya_porachat_chag_lataf_30_holiday_songs_for_tots.mp3\">Hashkediya Porachat &#8211; Chag Lataf, 30 Holiday Songs for Tots<\/a><\/div>\n\n\n\n<figure class=\"wp-block-image size-large\"><img fetchpriority=\"high\" decoding=\"async\" width=\"1024\" height=\"146\" src=\"https:\/\/www.iemj.org\/wp-content\/uploads\/2023\/01\/Bandeau-Playlist_IT2-1024x146.jpg\" alt=\"\" class=\"wp-image-93106\" srcset=\"https:\/\/www.iemj.org\/wp-content\/uploads\/2023\/01\/Bandeau-Playlist_IT2-1024x146.jpg 1024w, https:\/\/www.iemj.org\/wp-content\/uploads\/2023\/01\/Bandeau-Playlist_IT2-300x43.jpg 300w, https:\/\/www.iemj.org\/wp-content\/uploads\/2023\/01\/Bandeau-Playlist_IT2-768x110.jpg 768w, https:\/\/www.iemj.org\/wp-content\/uploads\/2023\/01\/Bandeau-Playlist_IT2-1536x220.jpg 1536w, https:\/\/www.iemj.org\/wp-content\/uploads\/2023\/01\/Bandeau-Playlist_IT2-600x86.jpg 600w, https:\/\/www.iemj.org\/wp-content\/uploads\/2023\/01\/Bandeau-Playlist_IT2.jpg 1608w\" sizes=\"(max-width: 1024px) 100vw, 1024px\" \/><\/figure>\n\n\n\n<div class=\"wp-block-file\"><a id=\"wp-block-file--media-e461c841-9d6d-41e1-a578-1903057c6674\" href=\"https:\/\/www.iemj.org\/wp-content\/uploads\/2021\/01\/02_kach_holchim_hashotelim_chag_lataf_30_holiday_songs_for_tots.mp3\">Kach Holchim Hashotelim &#8211; Chag Lataf, 30 Holiday Songs for Tots<\/a><\/div>\n\n\n\n<div class=\"wp-block-file\"><a id=\"wp-block-file--media-1cd9dd71-d265-4124-87f3-9f1fb1d2f293\" href=\"https:\/\/www.iemj.org\/wp-content\/uploads\/2021\/01\/03_blessing_for_tu_bishvat_bracha_letu_bishvat_-_51_holiday_songs_for_limor.mp3\">Blessing for tu bishvat (Bracha letu bishvat) &#8211; 51 Holiday songs for Limor<\/a><\/div>\n\n\n\n<div class=\"wp-block-file\"><a id=\"wp-block-file--media-857bb639-2041-4e73-a219-aed0a9169aff\" href=\"https:\/\/www.iemj.org\/wp-content\/uploads\/2021\/01\/04_arbor_day_tu_bishvat_-_51_holiday_songs_for_limor.mp3\">Arbor day (Tu bishvat) &#8211; 51 Holiday songs for Limor<\/a><\/div>\n\n\n\n<div class=\"wp-block-file\"><a id=\"wp-block-file--media-0bd92c13-b6cf-41c4-b2f9-3163efcae8b1\" href=\"https:\/\/www.iemj.org\/wp-content\/uploads\/2021\/01\/05_to_the_plant_lashatil_-_51_holiday_songs_for_limor.mp3\">To the plant (Lashatil) &#8211; 51 Holiday songs for Limor<\/a><\/div>\n\n\n\n<div class=\"wp-block-file\"><a id=\"wp-block-file--media-71387fbc-6a1d-48ec-b85c-337b318c36f3\" href=\"https:\/\/www.iemj.org\/wp-content\/uploads\/2021\/01\/06_calaniot_-_the_choir_of_hadassim_children_and_youth_village.mp3\">Calaniot &#8211; The choir of Hadassim children and youth village<\/a><\/div>\n\n\n\n<div class=\"wp-block-file\"><a id=\"wp-block-file--media-aa3a4d7f-5637-497c-9798-98f2067274cb\" href=\"https:\/\/www.iemj.org\/wp-content\/uploads\/2021\/01\/07_ajuntaronse_las_flores_-_orit_perlman_extrait_.mp3\">Ajuntaronse las flores &#8211; Orit Perlman (Extrait)<\/a><\/div>\n\n\n\n<div class=\"wp-block-file\"><a id=\"wp-block-file--media-8e8fa3d9-fa5b-4c9e-9a7a-77b619c6b904\" href=\"https:\/\/www.iemj.org\/wp-content\/uploads\/2021\/01\/08_komplas_de_tu_bishvat_-_avraam_pereira.mp3\">Komplas de Tu bishvat &#8211; Avraam Pereira<\/a><\/div>\n\n\n\n<div class=\"wp-block-file\"><a id=\"wp-block-file--media-852c32f1-5771-4b35-bdb4-451dbc020618\" href=\"https:\/\/www.iemj.org\/wp-content\/uploads\/2021\/01\/09_in_khoydesh_shvat_-_children_s_chorus_of_workmen_s_circle_schools.mp3\">In Khoydesh Shvat &#8211; Children&#8217;s chorus of workmen&#8217;s circle schools<\/a><\/div>\n\n\n\n<div class=\"wp-block-file\"><a id=\"wp-block-file--media-078f03b2-4589-4fa2-8b92-0070cba1a581\" href=\"https:\/\/www.iemj.org\/wp-content\/uploads\/2021\/01\/10_perah_halilakh_-_chava_alberstein_extrait_.mp3\">Perah Halilakh &#8211; Chava Alberstein (Extrait)<\/a><\/div>\n","protected":false},"excerpt":{"rendered":"<p>Una seconda selezione di brani cantati in occasione della festa di Tu Bishvat<\/p>\n","protected":false},"author":1048,"featured_media":117796,"comment_status":"closed","ping_status":"closed","sticky":false,"template":"","format":"standard","meta":{"_acf_changed":false,"footnotes":""},"categories":[1536],"tags":[],"technique":[],"squelettes":[],"sujet":[],"formation":[],"genre":[1892],"fonds":[],"tradition":[],"type-de-contenu":[],"interprete-compositeur":[],"frise":[],"type-devenement":[],"tableaux-liens-externes":[],"class_list":["post-76827","post","type-post","status-publish","format-standard","has-post-thumbnail","hentry","category-playlist-it","genre-liturgia-it"],"acf":[],"yoast_head":"<!-- This site is optimized with the Yoast SEO plugin v27.3 - https:\/\/yoast.com\/product\/yoast-seo-wordpress\/ -->\n<title>Tu Bishvat 2 - Institut Europ\u00e9en des Musiques Juives<\/title>\n<meta name=\"robots\" content=\"index, follow, max-snippet:-1, max-image-preview:large, max-video-preview:-1\" \/>\n<link rel=\"canonical\" href=\"https:\/\/www.iemj.org\/it\/tou-bichvat-2\/\" \/>\n<meta property=\"og:locale\" content=\"it_IT\" \/>\n<meta property=\"og:type\" content=\"article\" \/>\n<meta property=\"og:title\" content=\"Tu Bishvat 2 - Institut Europ\u00e9en des Musiques Juives\" \/>\n<meta property=\"og:description\" content=\"Una seconda selezione di brani cantati in occasione della festa di Tu Bishvat\" \/>\n<meta property=\"og:url\" content=\"https:\/\/www.iemj.org\/it\/tou-bichvat-2\/\" \/>\n<meta property=\"og:site_name\" content=\"Institut Europ\u00e9en des Musiques Juives\" \/>\n<meta property=\"article:publisher\" content=\"https:\/\/www.facebook.com\/MusiquesJuives\/\" \/>\n<meta property=\"article:published_time\" content=\"2021-01-25T15:01:11+00:00\" \/>\n<meta property=\"article:modified_time\" content=\"2025-02-11T09:12:31+00:00\" \/>\n<meta property=\"og:image\" content=\"https:\/\/www.iemj.org\/wp-content\/uploads\/2021\/01\/Logo-Tou-Bichvat-2.jpg\" \/>\n\t<meta property=\"og:image:width\" content=\"500\" \/>\n\t<meta property=\"og:image:height\" content=\"500\" \/>\n\t<meta property=\"og:image:type\" content=\"image\/jpeg\" \/>\n<meta name=\"author\" content=\"Jean-Gabriel Davis\" \/>\n<meta name=\"twitter:card\" content=\"summary_large_image\" \/>\n<meta name=\"twitter:label1\" content=\"Scritto da\" \/>\n\t<meta name=\"twitter:data1\" content=\"Jean-Gabriel Davis\" \/>\n\t<meta name=\"twitter:label2\" content=\"Tempo di lettura stimato\" \/>\n\t<meta name=\"twitter:data2\" content=\"2 minuti\" \/>\n<script type=\"application\/ld+json\" class=\"yoast-schema-graph\">{\"@context\":\"https:\\\/\\\/schema.org\",\"@graph\":[{\"@type\":\"Article\",\"@id\":\"https:\\\/\\\/www.iemj.org\\\/it\\\/tou-bichvat-2\\\/#article\",\"isPartOf\":{\"@id\":\"https:\\\/\\\/www.iemj.org\\\/it\\\/tou-bichvat-2\\\/\"},\"author\":{\"name\":\"Jean-Gabriel Davis\",\"@id\":\"https:\\\/\\\/www.iemj.org\\\/it\\\/#\\\/schema\\\/person\\\/c9bc1c386a3749579a2d675e72a18666\"},\"headline\":\"Tu Bishvat 2\",\"datePublished\":\"2021-01-25T15:01:11+00:00\",\"dateModified\":\"2025-02-11T09:12:31+00:00\",\"mainEntityOfPage\":{\"@id\":\"https:\\\/\\\/www.iemj.org\\\/it\\\/tou-bichvat-2\\\/\"},\"wordCount\":257,\"publisher\":{\"@id\":\"https:\\\/\\\/www.iemj.org\\\/it\\\/#organization\"},\"image\":{\"@id\":\"https:\\\/\\\/www.iemj.org\\\/it\\\/tou-bichvat-2\\\/#primaryimage\"},\"thumbnailUrl\":\"https:\\\/\\\/www.iemj.org\\\/wp-content\\\/uploads\\\/2021\\\/01\\\/Logo-Tou-Bichvat-2.jpg\",\"articleSection\":[\"Playlist\"],\"inLanguage\":\"it-IT\"},{\"@type\":\"WebPage\",\"@id\":\"https:\\\/\\\/www.iemj.org\\\/it\\\/tou-bichvat-2\\\/\",\"url\":\"https:\\\/\\\/www.iemj.org\\\/it\\\/tou-bichvat-2\\\/\",\"name\":\"Tu Bishvat 2 - Institut Europ\u00e9en des Musiques Juives\",\"isPartOf\":{\"@id\":\"https:\\\/\\\/www.iemj.org\\\/it\\\/#website\"},\"primaryImageOfPage\":{\"@id\":\"https:\\\/\\\/www.iemj.org\\\/it\\\/tou-bichvat-2\\\/#primaryimage\"},\"image\":{\"@id\":\"https:\\\/\\\/www.iemj.org\\\/it\\\/tou-bichvat-2\\\/#primaryimage\"},\"thumbnailUrl\":\"https:\\\/\\\/www.iemj.org\\\/wp-content\\\/uploads\\\/2021\\\/01\\\/Logo-Tou-Bichvat-2.jpg\",\"datePublished\":\"2021-01-25T15:01:11+00:00\",\"dateModified\":\"2025-02-11T09:12:31+00:00\",\"breadcrumb\":{\"@id\":\"https:\\\/\\\/www.iemj.org\\\/it\\\/tou-bichvat-2\\\/#breadcrumb\"},\"inLanguage\":\"it-IT\",\"potentialAction\":[{\"@type\":\"ReadAction\",\"target\":[\"https:\\\/\\\/www.iemj.org\\\/it\\\/tou-bichvat-2\\\/\"]}]},{\"@type\":\"ImageObject\",\"inLanguage\":\"it-IT\",\"@id\":\"https:\\\/\\\/www.iemj.org\\\/it\\\/tou-bichvat-2\\\/#primaryimage\",\"url\":\"https:\\\/\\\/www.iemj.org\\\/wp-content\\\/uploads\\\/2021\\\/01\\\/Logo-Tou-Bichvat-2.jpg\",\"contentUrl\":\"https:\\\/\\\/www.iemj.org\\\/wp-content\\\/uploads\\\/2021\\\/01\\\/Logo-Tou-Bichvat-2.jpg\",\"width\":500,\"height\":500},{\"@type\":\"BreadcrumbList\",\"@id\":\"https:\\\/\\\/www.iemj.org\\\/it\\\/tou-bichvat-2\\\/#breadcrumb\",\"itemListElement\":[{\"@type\":\"ListItem\",\"position\":1,\"name\":\"Accueil\",\"item\":\"https:\\\/\\\/www.iemj.org\\\/it\\\/\"},{\"@type\":\"ListItem\",\"position\":2,\"name\":\"Tu Bishvat 2\"}]},{\"@type\":\"WebSite\",\"@id\":\"https:\\\/\\\/www.iemj.org\\\/it\\\/#website\",\"url\":\"https:\\\/\\\/www.iemj.org\\\/it\\\/\",\"name\":\"Institut Europ\u00e9en des Musiques Juives\",\"description\":\"Des traditions musicales \u00e0 la port\u00e9e de tous\",\"publisher\":{\"@id\":\"https:\\\/\\\/www.iemj.org\\\/it\\\/#organization\"},\"potentialAction\":[{\"@type\":\"SearchAction\",\"target\":{\"@type\":\"EntryPoint\",\"urlTemplate\":\"https:\\\/\\\/www.iemj.org\\\/it\\\/?s={search_term_string}\"},\"query-input\":{\"@type\":\"PropertyValueSpecification\",\"valueRequired\":true,\"valueName\":\"search_term_string\"}}],\"inLanguage\":\"it-IT\"},{\"@type\":\"Organization\",\"@id\":\"https:\\\/\\\/www.iemj.org\\\/it\\\/#organization\",\"name\":\"Institut Europ\u00e9en des Musiques Juives\",\"url\":\"https:\\\/\\\/www.iemj.org\\\/it\\\/\",\"logo\":{\"@type\":\"ImageObject\",\"inLanguage\":\"it-IT\",\"@id\":\"https:\\\/\\\/www.iemj.org\\\/it\\\/#\\\/schema\\\/logo\\\/image\\\/\",\"url\":\"https:\\\/\\\/www.iemj.org\\\/wp-content\\\/uploads\\\/2021\\\/09\\\/Logo-IEMJ-Paypal.jpg\",\"contentUrl\":\"https:\\\/\\\/www.iemj.org\\\/wp-content\\\/uploads\\\/2021\\\/09\\\/Logo-IEMJ-Paypal.jpg\",\"width\":150,\"height\":50,\"caption\":\"Institut Europ\u00e9en des Musiques Juives\"},\"image\":{\"@id\":\"https:\\\/\\\/www.iemj.org\\\/it\\\/#\\\/schema\\\/logo\\\/image\\\/\"},\"sameAs\":[\"https:\\\/\\\/www.facebook.com\\\/MusiquesJuives\\\/\",\"https:\\\/\\\/www.instagram.com\\\/musiquesjuives\\\/\",\"https:\\\/\\\/www.youtube.com\\\/user\\\/musiquesjuives\"]},{\"@type\":\"Person\",\"@id\":\"https:\\\/\\\/www.iemj.org\\\/it\\\/#\\\/schema\\\/person\\\/c9bc1c386a3749579a2d675e72a18666\",\"name\":\"Jean-Gabriel Davis\",\"image\":{\"@type\":\"ImageObject\",\"inLanguage\":\"it-IT\",\"@id\":\"https:\\\/\\\/secure.gravatar.com\\\/avatar\\\/2b90d67bdf392c9b3a21fab87c0fa7edaf1fb3a058172a1ffd61033fcec7aec1?s=96&d=mm&r=g\",\"url\":\"https:\\\/\\\/secure.gravatar.com\\\/avatar\\\/2b90d67bdf392c9b3a21fab87c0fa7edaf1fb3a058172a1ffd61033fcec7aec1?s=96&d=mm&r=g\",\"contentUrl\":\"https:\\\/\\\/secure.gravatar.com\\\/avatar\\\/2b90d67bdf392c9b3a21fab87c0fa7edaf1fb3a058172a1ffd61033fcec7aec1?s=96&d=mm&r=g\",\"caption\":\"Jean-Gabriel Davis\"}}]}<\/script>\n<!-- \/ Yoast SEO plugin. -->","yoast_head_json":{"title":"Tu Bishvat 2 - Institut Europ\u00e9en des Musiques Juives","robots":{"index":"index","follow":"follow","max-snippet":"max-snippet:-1","max-image-preview":"max-image-preview:large","max-video-preview":"max-video-preview:-1"},"canonical":"https:\/\/www.iemj.org\/it\/tou-bichvat-2\/","og_locale":"it_IT","og_type":"article","og_title":"Tu Bishvat 2 - Institut Europ\u00e9en des Musiques Juives","og_description":"Una seconda selezione di brani cantati in occasione della festa di Tu Bishvat","og_url":"https:\/\/www.iemj.org\/it\/tou-bichvat-2\/","og_site_name":"Institut Europ\u00e9en des Musiques Juives","article_publisher":"https:\/\/www.facebook.com\/MusiquesJuives\/","article_published_time":"2021-01-25T15:01:11+00:00","article_modified_time":"2025-02-11T09:12:31+00:00","og_image":[{"width":500,"height":500,"url":"https:\/\/www.iemj.org\/wp-content\/uploads\/2021\/01\/Logo-Tou-Bichvat-2.jpg","type":"image\/jpeg"}],"author":"Jean-Gabriel Davis","twitter_card":"summary_large_image","twitter_misc":{"Scritto da":"Jean-Gabriel Davis","Tempo di lettura stimato":"2 minuti"},"schema":{"@context":"https:\/\/schema.org","@graph":[{"@type":"Article","@id":"https:\/\/www.iemj.org\/it\/tou-bichvat-2\/#article","isPartOf":{"@id":"https:\/\/www.iemj.org\/it\/tou-bichvat-2\/"},"author":{"name":"Jean-Gabriel Davis","@id":"https:\/\/www.iemj.org\/it\/#\/schema\/person\/c9bc1c386a3749579a2d675e72a18666"},"headline":"Tu Bishvat 2","datePublished":"2021-01-25T15:01:11+00:00","dateModified":"2025-02-11T09:12:31+00:00","mainEntityOfPage":{"@id":"https:\/\/www.iemj.org\/it\/tou-bichvat-2\/"},"wordCount":257,"publisher":{"@id":"https:\/\/www.iemj.org\/it\/#organization"},"image":{"@id":"https:\/\/www.iemj.org\/it\/tou-bichvat-2\/#primaryimage"},"thumbnailUrl":"https:\/\/www.iemj.org\/wp-content\/uploads\/2021\/01\/Logo-Tou-Bichvat-2.jpg","articleSection":["Playlist"],"inLanguage":"it-IT"},{"@type":"WebPage","@id":"https:\/\/www.iemj.org\/it\/tou-bichvat-2\/","url":"https:\/\/www.iemj.org\/it\/tou-bichvat-2\/","name":"Tu Bishvat 2 - Institut Europ\u00e9en des Musiques Juives","isPartOf":{"@id":"https:\/\/www.iemj.org\/it\/#website"},"primaryImageOfPage":{"@id":"https:\/\/www.iemj.org\/it\/tou-bichvat-2\/#primaryimage"},"image":{"@id":"https:\/\/www.iemj.org\/it\/tou-bichvat-2\/#primaryimage"},"thumbnailUrl":"https:\/\/www.iemj.org\/wp-content\/uploads\/2021\/01\/Logo-Tou-Bichvat-2.jpg","datePublished":"2021-01-25T15:01:11+00:00","dateModified":"2025-02-11T09:12:31+00:00","breadcrumb":{"@id":"https:\/\/www.iemj.org\/it\/tou-bichvat-2\/#breadcrumb"},"inLanguage":"it-IT","potentialAction":[{"@type":"ReadAction","target":["https:\/\/www.iemj.org\/it\/tou-bichvat-2\/"]}]},{"@type":"ImageObject","inLanguage":"it-IT","@id":"https:\/\/www.iemj.org\/it\/tou-bichvat-2\/#primaryimage","url":"https:\/\/www.iemj.org\/wp-content\/uploads\/2021\/01\/Logo-Tou-Bichvat-2.jpg","contentUrl":"https:\/\/www.iemj.org\/wp-content\/uploads\/2021\/01\/Logo-Tou-Bichvat-2.jpg","width":500,"height":500},{"@type":"BreadcrumbList","@id":"https:\/\/www.iemj.org\/it\/tou-bichvat-2\/#breadcrumb","itemListElement":[{"@type":"ListItem","position":1,"name":"Accueil","item":"https:\/\/www.iemj.org\/it\/"},{"@type":"ListItem","position":2,"name":"Tu Bishvat 2"}]},{"@type":"WebSite","@id":"https:\/\/www.iemj.org\/it\/#website","url":"https:\/\/www.iemj.org\/it\/","name":"Institut Europ\u00e9en des Musiques Juives","description":"Des traditions musicales \u00e0 la port\u00e9e de tous","publisher":{"@id":"https:\/\/www.iemj.org\/it\/#organization"},"potentialAction":[{"@type":"SearchAction","target":{"@type":"EntryPoint","urlTemplate":"https:\/\/www.iemj.org\/it\/?s={search_term_string}"},"query-input":{"@type":"PropertyValueSpecification","valueRequired":true,"valueName":"search_term_string"}}],"inLanguage":"it-IT"},{"@type":"Organization","@id":"https:\/\/www.iemj.org\/it\/#organization","name":"Institut Europ\u00e9en des Musiques Juives","url":"https:\/\/www.iemj.org\/it\/","logo":{"@type":"ImageObject","inLanguage":"it-IT","@id":"https:\/\/www.iemj.org\/it\/#\/schema\/logo\/image\/","url":"https:\/\/www.iemj.org\/wp-content\/uploads\/2021\/09\/Logo-IEMJ-Paypal.jpg","contentUrl":"https:\/\/www.iemj.org\/wp-content\/uploads\/2021\/09\/Logo-IEMJ-Paypal.jpg","width":150,"height":50,"caption":"Institut Europ\u00e9en des Musiques Juives"},"image":{"@id":"https:\/\/www.iemj.org\/it\/#\/schema\/logo\/image\/"},"sameAs":["https:\/\/www.facebook.com\/MusiquesJuives\/","https:\/\/www.instagram.com\/musiquesjuives\/","https:\/\/www.youtube.com\/user\/musiquesjuives"]},{"@type":"Person","@id":"https:\/\/www.iemj.org\/it\/#\/schema\/person\/c9bc1c386a3749579a2d675e72a18666","name":"Jean-Gabriel Davis","image":{"@type":"ImageObject","inLanguage":"it-IT","@id":"https:\/\/secure.gravatar.com\/avatar\/2b90d67bdf392c9b3a21fab87c0fa7edaf1fb3a058172a1ffd61033fcec7aec1?s=96&d=mm&r=g","url":"https:\/\/secure.gravatar.com\/avatar\/2b90d67bdf392c9b3a21fab87c0fa7edaf1fb3a058172a1ffd61033fcec7aec1?s=96&d=mm&r=g","contentUrl":"https:\/\/secure.gravatar.com\/avatar\/2b90d67bdf392c9b3a21fab87c0fa7edaf1fb3a058172a1ffd61033fcec7aec1?s=96&d=mm&r=g","caption":"Jean-Gabriel Davis"}}]}},"_links":{"self":[{"href":"https:\/\/www.iemj.org\/it\/wp-json\/wp\/v2\/posts\/76827","targetHints":{"allow":["GET"]}}],"collection":[{"href":"https:\/\/www.iemj.org\/it\/wp-json\/wp\/v2\/posts"}],"about":[{"href":"https:\/\/www.iemj.org\/it\/wp-json\/wp\/v2\/types\/post"}],"author":[{"embeddable":true,"href":"https:\/\/www.iemj.org\/it\/wp-json\/wp\/v2\/users\/1048"}],"replies":[{"embeddable":true,"href":"https:\/\/www.iemj.org\/it\/wp-json\/wp\/v2\/comments?post=76827"}],"version-history":[{"count":0,"href":"https:\/\/www.iemj.org\/it\/wp-json\/wp\/v2\/posts\/76827\/revisions"}],"wp:featuredmedia":[{"embeddable":true,"href":"https:\/\/www.iemj.org\/it\/wp-json\/wp\/v2\/media\/117796"}],"wp:attachment":[{"href":"https:\/\/www.iemj.org\/it\/wp-json\/wp\/v2\/media?parent=76827"}],"wp:term":[{"taxonomy":"category","embeddable":true,"href":"https:\/\/www.iemj.org\/it\/wp-json\/wp\/v2\/categories?post=76827"},{"taxonomy":"post_tag","embeddable":true,"href":"https:\/\/www.iemj.org\/it\/wp-json\/wp\/v2\/tags?post=76827"},{"taxonomy":"technique","embeddable":true,"href":"https:\/\/www.iemj.org\/it\/wp-json\/wp\/v2\/technique?post=76827"},{"taxonomy":"squelettes","embeddable":true,"href":"https:\/\/www.iemj.org\/it\/wp-json\/wp\/v2\/squelettes?post=76827"},{"taxonomy":"sujet","embeddable":true,"href":"https:\/\/www.iemj.org\/it\/wp-json\/wp\/v2\/sujet?post=76827"},{"taxonomy":"formation","embeddable":true,"href":"https:\/\/www.iemj.org\/it\/wp-json\/wp\/v2\/formation?post=76827"},{"taxonomy":"genre","embeddable":true,"href":"https:\/\/www.iemj.org\/it\/wp-json\/wp\/v2\/genre?post=76827"},{"taxonomy":"fonds","embeddable":true,"href":"https:\/\/www.iemj.org\/it\/wp-json\/wp\/v2\/fonds?post=76827"},{"taxonomy":"tradition","embeddable":true,"href":"https:\/\/www.iemj.org\/it\/wp-json\/wp\/v2\/tradition?post=76827"},{"taxonomy":"type-de-contenu","embeddable":true,"href":"https:\/\/www.iemj.org\/it\/wp-json\/wp\/v2\/type-de-contenu?post=76827"},{"taxonomy":"interprete-compositeur","embeddable":true,"href":"https:\/\/www.iemj.org\/it\/wp-json\/wp\/v2\/interprete-compositeur?post=76827"},{"taxonomy":"frise","embeddable":true,"href":"https:\/\/www.iemj.org\/it\/wp-json\/wp\/v2\/frise?post=76827"},{"taxonomy":"type-devenement","embeddable":true,"href":"https:\/\/www.iemj.org\/it\/wp-json\/wp\/v2\/type-devenement?post=76827"},{"taxonomy":"tableaux-liens-externes","embeddable":true,"href":"https:\/\/www.iemj.org\/it\/wp-json\/wp\/v2\/tableaux-liens-externes?post=76827"}],"curies":[{"name":"wp","href":"https:\/\/api.w.org\/{rel}","templated":true}]}}