{"id":77690,"date":"2021-01-05T16:58:20","date_gmt":"2021-01-05T15:58:20","guid":{"rendered":"https:\/\/www.iemj.org\/zarai-rika-1938-2020\/"},"modified":"2022-01-18T16:14:06","modified_gmt":"2022-01-18T15:14:06","slug":"zarai-rika-1938-2020","status":"publish","type":"post","link":"https:\/\/www.iemj.org\/it\/zarai-rika-1938-2020\/","title":{"rendered":"Zara\u00ef, Rika (1938 &#8211; 2020)"},"content":{"rendered":"<p>Rika Zara\u00ef, il suo nome da nubile Rivka Gozman, nasce il 19 febbraio 1938 a Gerusalemme, nella Palestina mandataria, da padre russo di Odessa e madre polacca di Wo\u0142o\u017cyn. La giovinezza di Rika Zara\u00ef \u00e8 studiosa, la ragazza effettuando contemporaneamente la sua scolarit\u00e0 ed i suoi studi musicali. Fin dall&#8217;et\u00e0 di 7 anni, prende lezioni di pianoforte e si rivela particolarmente dotata. A 17 anni ottiene il suo diploma di maturit\u00e0 e, nello stesso tempo, il primo premio in pianoforte al conservatorio di Gerusalemme. Subito dopo parte per effettuare il suo servizio militare dove \u00e8 incaricata di dirigere una commedia musicale, <em>Cinq sur cinq<\/em>, che riscuote rapidamente un grande successo tra i militari, tanto che il direttore di uno dei pi\u00f9 importanti teatri di Gerusalemme decide di produrla. Il giorno dell&#8217;audizione, la cantante che avrebbe dovuto tenere il ruolo principale essendo in missione, Rika la sostituisce su due piedi, iniziando cos\u00ec la sua carriera di cantante all&#8217;et\u00e0 di 19 anni. Poco tempo dopo, nel 1958 sposa il paroliere dello spettacolo, Johanan Zara\u00ef, con il quale ha una figlia, Ya\u00ebl, nel 1959.<\/p>\n<p><img decoding=\"async\" class=\"wp-image-30418 alignright\" src=\"https:\/\/www.iemj.org\/wp-content\/uploads\/2021\/01\/1._disque_rika_jeune_fond_rouge.jpg\" alt=\"1._disque_rika_jeune_fond_rouge.jpg\" width=\"198\" height=\"200\" align=\"right\" srcset=\"https:\/\/www.iemj.org\/wp-content\/uploads\/2021\/01\/1._disque_rika_jeune_fond_rouge.jpg 248w, https:\/\/www.iemj.org\/wp-content\/uploads\/2021\/01\/1._disque_rika_jeune_fond_rouge-100x100.jpg 100w\" sizes=\"(max-width: 198px) 100vw, 198px\" \/><\/p>\n<p>Dopo il suo periodo militare, Rika Zara\u00ef si esibisce nei caff\u00e9-teatri, interpretando delle traduzioni in ebraico delle canzoni di Trenet, Gr\u00e9co, Aznavour e Brassens. Viene allora notata da un impresario che le suggerisce di recarsi in Francia e di presentarsi al direttore dell&#8217;Olympia, Bruno Coquatrix. Quest&#8217;ultimo le consiglia di ritornare quando padronegger\u00e0 il francese. Rika Zara\u00ef, che nel frattempo si \u00e8 separata da suo marito, attraversa momenti difficili, dovendo provvedere alla sua bambina. Canta nei cabaret, tra i quali Caroll&#8217;s e Villa d&#8217;Este, per due anni e mezzo. La sua carriera inizia finalmente quando incontra il produttore Eddie Barclay, con il quale firma nel 1960, con la casa discografica Bel Air, canzoni come <em>L&#8217;olivier <\/em>o <em>Hava Naguila<\/em>, che iniziano ad essere trasmesse alla radio. Canta anche in francese dei classici del repertorio israeliano, come <em>Yerushalayim shel zahav<\/em> (Gerusalemme la citt\u00e0 d&#8217;oro) e <em>Halleluyah<\/em> (Gran premio Eurovisione 1979).<\/p>\n<p>Nell&#8217;ottobre del 1960, Rika Zara\u00ef canta a Bobino, in anteprima al tour canoro di Marcel Amont. Nel 1961, Bruno Coquatrix, fedele alla sua parola, l\u2019assume in prima parte dello spettacolo di Jacques Brel all&#8217;Olympia. E\u2019 in questa occasione che conosce Jean-Pierre Magnier, uno dei musicisti di Brel, che diventer\u00e0 il suo futuro marito. Nel 1963, ritrova Jacques Brel a Bobino ed il leggendario gruppo delle \u00ab\u00a0Chaussettes noires\u00a0\u00bb all&#8217;Olympia. Nello stesso anno 1963, registra <em>Tournez man\u00e8ges<\/em>, ed \u00e8 filmata da Claude Lelouch in uno <a href=\"https:\/\/it.wikipedia.org\/wiki\/Scopitone\" target=\"_blank\" rel=\"noopener\"><u>Scopitone<\/u><\/a>. Nel 1964 crea due canzoni (<em>Le temps; Et pourtant<\/em>) scritte per lei da Charles Aznavour. Nel 1965, effettua una grande tourn\u00e9e, con Gilbert B\u00e9caud come artista principale. Nello stesso anno, lascia la casa discografica di Eddie Barclay per firmare con la Philips, dove registra la musica della canzone <em>Prague<\/em>. Nel 1969 pubblica i suoi primi grandi successi, come <em>Casatschok<\/em>, un adattamento della canzone russa <em>Katiusha<\/em>, seguita da titoli come <em>Sans chemises, sans pantalon, Alors je chante<\/em>, &#8230;<\/p>\n<p><img decoding=\"async\" class=\"wp-image-30420 alignleft\" src=\"https:\/\/www.iemj.org\/wp-content\/uploads\/2021\/01\/2._hava_naguila.jpg\" alt=\"2._hava_naguila.jpg\" width=\"201\" height=\"200\" align=\"left\" srcset=\"https:\/\/www.iemj.org\/wp-content\/uploads\/2021\/01\/2._hava_naguila.jpg 251w, https:\/\/www.iemj.org\/wp-content\/uploads\/2021\/01\/2._hava_naguila-150x150.jpg 150w, https:\/\/www.iemj.org\/wp-content\/uploads\/2021\/01\/2._hava_naguila-100x100.jpg 100w\" sizes=\"(max-width: 201px) 100vw, 201px\" \/><\/p>\n<p>Nel 1969, Rika Zara\u00ef \u00e8 vittima di un grave incidente automobilistico. I medici ritengono che non sar\u00e0 pi\u00f9 in grado di camminare. E\u2019 grazie alla sua determinazione ed alla sua pazienza, e con l&#8217;aiuto dell&#8217;amico Raymond Dextreit, seguace della medicina naturale, che dopo tre lunghi anni riprende l&#8217;uso delle gambe. Durante la sua dolorosa convalescenza, compone, come affronto alla sua sofferenza, la canzone <em>Balapapa<\/em>, con un testo gioioso, che ha un grande successo. Ristabilita, torna in studio per registrare nuovi successi come <em>Tante Agathe<\/em>, <em>Ma Poup\u00e9e de France<\/em>, od ancora <em>Sans chemise, sans pantalon<\/em> e si esibisce molte volte all\u2019Olympia. La sua carriera \u00e8 premiata da diversi dischi d&#8217;oro.<\/p>\n<p>Nel 1983, Rika Zara\u00ef pubblica ancora un ultimo disco con Philipps, <em>Tout va tr\u00e8s bien<\/em>, prima di interrompere la sua attivit\u00e0 artistica. Si lancia, allora, nella promozione della fitoterapia pubblicando una collana di libri, alcuni dei quali, come La <em>mia medicina naturale<\/em> (Edizioni Carr\u00e8re \/ Michel Lafon, 1985), sono grandi successi in libreria (oltre 2 milioni e cinquecentomila copie vendute in Francia!). Ma la sua incursione nella medicina naturale \u00e8 contestata dal consiglio dell&#8217;ordine dei farmacisti. A quell\u2019epoca, il caso \u00e8 ampiamente riportato e commentato dai media.<\/p>\n<p><img decoding=\"async\" class=\"wp-image-30422 alignright\" src=\"https:\/\/www.iemj.org\/wp-content\/uploads\/2021\/01\/2bis._rika_zarai.jpg\" alt=\"2bis._rika_zarai.jpg\" width=\"230\" height=\"200\" align=\"right\" \/><\/p>\n<p>Nel 1985, riallacciandosi alla musica, pubblica un nuovo album, <em>Sans rancune et sans regret<\/em>, e si esibisce all&#8217;Olympia dal 22 al 25 maggio 1986. Dal 1987 al 1990 \u00e8 una degli ospiti del programma di cucina settimanale condotto da Fran\u00e7ois Roboth in onda su FR3<em>, Quand c&#8217;est bon?\u2026 Il n\u2019y a pas meilleurs<\/em>! Dal 1986 al 1990 \u00e8 anche ospite regolare del programma radiofonico <em>Les Grosses T\u00eates<\/em> su RTL.<\/p>\n<p>Dopo dodici anni di silenzio musicale, Rika torna nel 2000 con un nuovo CD <em>Hava <\/em>composto da nuove canzoni come <em>Ce si\u00e8cle au c\u0153ur bris\u00e9, Si j\u2019\u00e9tais orientale, Hopa<\/em> e delle riprese come <em>Le temps des fleurs <\/em>in omaggio all&#8217;amica Dalida; <em>La yiddishe mama<\/em> per sua madre e la famosa <em>Hava naguila<\/em> diventata <em>Oriental Hava<\/em>. Le sonorit\u00e0 di questo album sono aggiornate, il che consente a Rika di lanciare il 13 aprile 2000 questo nuovo album al Queen, la famosa discoteca sugli Champs-Elys\u00e9es a Parigi.<\/p>\n<p><img loading=\"lazy\" decoding=\"async\" class=\"wp-image-30424 alignleft\" src=\"https:\/\/www.iemj.org\/wp-content\/uploads\/2021\/01\/3._rika_zarai_2007.jpg\" alt=\"3._rika_zarai_2007.jpg\" width=\"298\" height=\"200\" align=\"right\" \/><\/p>\n<p>Nel 2006 pubblica le sue memorie, <em>L\u2019esperance a toujours raison (La speranza ha sempre ragione)<\/em> (Michel Lafon). Nel 2007 partecipa al secondo anno del tour <em>\u00c2ge Tendre et t\u00eates de bois<\/em> in tutta la Francia. Poi, nel 2008, celebra i 50 anni di carriera nella canzone, con l&#8217;uscita di un nuovo album, <em>Quand les<\/em> <em>hommes<\/em>, che unisce delle riprese di Georges Brassens e d\u2019Yves Duteil e dei brani inediti.<\/p>\n<p>Il 3 giugno 2008, Rika Zara\u00ef \u00e8 ospitalizzata d&#8217;urgenza a seguito di un ictus. A met\u00e0 luglio torna nella sua casa parigina ed inizia una fase di rieducazione. Qualche anno dopo, il 3 ottobre 2013, fa il suo ritorno in televisione al giornale delle 13h su TF1 e nel quotidiano Le Parisien in occasione dell&#8217;uscita del suo doppio CD <em>Anthologie<\/em> 1960-1982 (label Marianne M\u00e9lodie).<\/p>\n<p><img loading=\"lazy\" decoding=\"async\" class=\"size-full wp-image-30426 alignright\" src=\"https:\/\/www.iemj.org\/wp-content\/uploads\/2021\/01\/4._rika_zarai_2019-2.jpg\" alt=\"4._rika_zarai_2019-2.jpg\" width=\"250\" height=\"197\" align=\"left\" \/><\/p>\n<p>Il 31 dicembre 2016, Yohanan Zara\u00ef, il suo primo marito e padre di sua figlia, muore. Nel settembre 2019, la casa discografica Marianne M\u00e9lodie pubblica una raccolta delle sue 100 pi\u00f9 belle canzoni. Il 3 febbraio 2020, dodici anni dopo l&#8217;ictus, canta, in pubblico e su una sedia a rotelle, <em>Prague<\/em> (canzone del 1966), durante la serata della Notte della depressione organizzata da Rapha\u00ebl Mezrahi alle Folies Berg\u00e8re di Parigi.<\/p>\n<p>Rika Zara\u00ef muore mercoled\u00ec 23 dicembre 2020 a Parigi, all&#8217;et\u00e0 di 82 anni.<\/p>\n<p><strong>Fonti :<\/strong><\/p>\n<p><a href=\"http:\/\/rika.zarai.officiel.free.fr\/\">Sito ufficiale di Rika Zara\u00ef<\/a><\/p>\n<p><a href=\"https:\/\/fr.wikipedia.org\/wiki\/Rika_Zara%C3%AF\">Wikipedia<\/a><\/p>\n<p><a href=\"https:\/\/www.lemonde.fr\/disparitions\/article\/2020\/12\/23\/la-chanteuse-israelienne-rika-zarai-est-morte-a-l-age-de-82-ans_6064332_3382.html\">Le monde (23 d\u00e9cembre 2020)<\/a><\/p>\n<p><a href=\"https:\/\/akadem.org\/magazine\/2019-2020\/apres-la-shoah-je-n-avais-plus-que-le-chant-25-10-2019-115170_4852.php\">Akadem<\/a><\/p>\n<p><a href=\"https:\/\/www.iemj.org\/rika-zarai\/\">Ascoltare la playlist Rika Zara\u00ef<\/a><\/p>\n<p><a href=\"http:\/\/www.rachelnet.net\/F\/?func=find-c&amp;ccl_term=WRD%3DRika+Zarai+sauf+wty%3D%28plage+ou+extrait%29&amp;local_base=iemcg&amp;x=11&amp;y=15\">Consultare i nostri archivi su Rika Zara\u00ef<\/a><\/p>\n","protected":false},"excerpt":{"rendered":"<p>Rika Zara\u00ef, il suo nome da nubile Rivka Gozman, nasce il 19 febbraio 1938 a Gerusalemme, nella Palestina mandataria, da padre russo di Odessa e madre polacca di Wo\u0142o\u017cyn. La<\/p>\n","protected":false},"author":1045,"featured_media":53615,"comment_status":"closed","ping_status":"closed","sticky":false,"template":"","format":"standard","meta":{"_acf_changed":false,"footnotes":""},"categories":[1416],"tags":[],"technique":[],"squelettes":[],"sujet":[],"formation":[],"genre":[1878,1674],"fonds":[],"tradition":[],"type-de-contenu":[],"interprete-compositeur":[],"frise":[],"type-devenement":[],"tableaux-liens-externes":[],"class_list":["post-77690","post","type-post","status-publish","format-standard","has-post-thumbnail","hentry","category-biografie-it","genre-canzone-francese-it","genre-canzone-israeliena-it"],"acf":[],"yoast_head":"<!-- This site is optimized with the Yoast SEO plugin v27.3 - https:\/\/yoast.com\/product\/yoast-seo-wordpress\/ -->\n<title>Zara\u00ef, Rika (1938 - 2020) - Institut Europ\u00e9en des Musiques Juives<\/title>\n<meta name=\"robots\" content=\"index, follow, max-snippet:-1, max-image-preview:large, max-video-preview:-1\" \/>\n<link rel=\"canonical\" href=\"https:\/\/www.iemj.org\/it\/zarai-rika-1938-2020\/\" \/>\n<meta property=\"og:locale\" content=\"it_IT\" \/>\n<meta property=\"og:type\" content=\"article\" \/>\n<meta property=\"og:title\" content=\"Zara\u00ef, Rika (1938 - 2020) - Institut Europ\u00e9en des Musiques Juives\" \/>\n<meta property=\"og:description\" content=\"Rika Zara\u00ef, il suo nome da nubile Rivka Gozman, nasce il 19 febbraio 1938 a Gerusalemme, nella Palestina mandataria, da padre russo di Odessa e madre polacca di Wo\u0142o\u017cyn. La\" \/>\n<meta property=\"og:url\" content=\"https:\/\/www.iemj.org\/it\/zarai-rika-1938-2020\/\" \/>\n<meta property=\"og:site_name\" content=\"Institut Europ\u00e9en des Musiques Juives\" \/>\n<meta property=\"article:publisher\" content=\"https:\/\/www.facebook.com\/MusiquesJuives\/\" \/>\n<meta property=\"article:published_time\" content=\"2021-01-05T15:58:20+00:00\" \/>\n<meta property=\"article:modified_time\" content=\"2022-01-18T15:14:06+00:00\" \/>\n<meta property=\"og:image\" content=\"https:\/\/www.iemj.org\/wp-content\/uploads\/2021\/01\/arton4955-e1625477391336.jpg\" \/>\n\t<meta property=\"og:image:width\" content=\"189\" \/>\n\t<meta property=\"og:image:height\" content=\"218\" \/>\n\t<meta property=\"og:image:type\" content=\"image\/jpeg\" \/>\n<meta name=\"author\" content=\"Herv\u00e9 Roten\" \/>\n<meta name=\"twitter:card\" content=\"summary_large_image\" \/>\n<meta name=\"twitter:label1\" content=\"Scritto da\" \/>\n\t<meta name=\"twitter:data1\" content=\"Herv\u00e9 Roten\" \/>\n\t<meta name=\"twitter:label2\" content=\"Tempo di lettura stimato\" \/>\n\t<meta name=\"twitter:data2\" content=\"7 minuti\" \/>\n<script type=\"application\/ld+json\" class=\"yoast-schema-graph\">{\"@context\":\"https:\\\/\\\/schema.org\",\"@graph\":[{\"@type\":\"Article\",\"@id\":\"https:\\\/\\\/www.iemj.org\\\/it\\\/zarai-rika-1938-2020\\\/#article\",\"isPartOf\":{\"@id\":\"https:\\\/\\\/www.iemj.org\\\/it\\\/zarai-rika-1938-2020\\\/\"},\"author\":{\"name\":\"Herv\u00e9 Roten\",\"@id\":\"https:\\\/\\\/www.iemj.org\\\/it\\\/#\\\/schema\\\/person\\\/906134402c29d5c76e7b726261dd4bbd\"},\"headline\":\"Zara\u00ef, Rika (1938 &#8211; 2020)\",\"datePublished\":\"2021-01-05T15:58:20+00:00\",\"dateModified\":\"2022-01-18T15:14:06+00:00\",\"mainEntityOfPage\":{\"@id\":\"https:\\\/\\\/www.iemj.org\\\/it\\\/zarai-rika-1938-2020\\\/\"},\"wordCount\":1073,\"publisher\":{\"@id\":\"https:\\\/\\\/www.iemj.org\\\/it\\\/#organization\"},\"image\":{\"@id\":\"https:\\\/\\\/www.iemj.org\\\/it\\\/zarai-rika-1938-2020\\\/#primaryimage\"},\"thumbnailUrl\":\"https:\\\/\\\/www.iemj.org\\\/wp-content\\\/uploads\\\/2021\\\/01\\\/arton4955-e1625477391336.jpg\",\"articleSection\":[\"Biografie\"],\"inLanguage\":\"it-IT\"},{\"@type\":\"WebPage\",\"@id\":\"https:\\\/\\\/www.iemj.org\\\/it\\\/zarai-rika-1938-2020\\\/\",\"url\":\"https:\\\/\\\/www.iemj.org\\\/it\\\/zarai-rika-1938-2020\\\/\",\"name\":\"Zara\u00ef, Rika (1938 - 2020) - Institut Europ\u00e9en des Musiques Juives\",\"isPartOf\":{\"@id\":\"https:\\\/\\\/www.iemj.org\\\/it\\\/#website\"},\"primaryImageOfPage\":{\"@id\":\"https:\\\/\\\/www.iemj.org\\\/it\\\/zarai-rika-1938-2020\\\/#primaryimage\"},\"image\":{\"@id\":\"https:\\\/\\\/www.iemj.org\\\/it\\\/zarai-rika-1938-2020\\\/#primaryimage\"},\"thumbnailUrl\":\"https:\\\/\\\/www.iemj.org\\\/wp-content\\\/uploads\\\/2021\\\/01\\\/arton4955-e1625477391336.jpg\",\"datePublished\":\"2021-01-05T15:58:20+00:00\",\"dateModified\":\"2022-01-18T15:14:06+00:00\",\"breadcrumb\":{\"@id\":\"https:\\\/\\\/www.iemj.org\\\/it\\\/zarai-rika-1938-2020\\\/#breadcrumb\"},\"inLanguage\":\"it-IT\",\"potentialAction\":[{\"@type\":\"ReadAction\",\"target\":[\"https:\\\/\\\/www.iemj.org\\\/it\\\/zarai-rika-1938-2020\\\/\"]}]},{\"@type\":\"ImageObject\",\"inLanguage\":\"it-IT\",\"@id\":\"https:\\\/\\\/www.iemj.org\\\/it\\\/zarai-rika-1938-2020\\\/#primaryimage\",\"url\":\"https:\\\/\\\/www.iemj.org\\\/wp-content\\\/uploads\\\/2021\\\/01\\\/arton4955-e1625477391336.jpg\",\"contentUrl\":\"https:\\\/\\\/www.iemj.org\\\/wp-content\\\/uploads\\\/2021\\\/01\\\/arton4955-e1625477391336.jpg\",\"width\":189,\"height\":218},{\"@type\":\"BreadcrumbList\",\"@id\":\"https:\\\/\\\/www.iemj.org\\\/it\\\/zarai-rika-1938-2020\\\/#breadcrumb\",\"itemListElement\":[{\"@type\":\"ListItem\",\"position\":1,\"name\":\"Accueil\",\"item\":\"https:\\\/\\\/www.iemj.org\\\/it\\\/\"},{\"@type\":\"ListItem\",\"position\":2,\"name\":\"Zara\u00ef, Rika (1938 &#8211; 2020)\"}]},{\"@type\":\"WebSite\",\"@id\":\"https:\\\/\\\/www.iemj.org\\\/it\\\/#website\",\"url\":\"https:\\\/\\\/www.iemj.org\\\/it\\\/\",\"name\":\"Institut Europ\u00e9en des Musiques Juives\",\"description\":\"Des traditions musicales \u00e0 la port\u00e9e de tous\",\"publisher\":{\"@id\":\"https:\\\/\\\/www.iemj.org\\\/it\\\/#organization\"},\"potentialAction\":[{\"@type\":\"SearchAction\",\"target\":{\"@type\":\"EntryPoint\",\"urlTemplate\":\"https:\\\/\\\/www.iemj.org\\\/it\\\/?s={search_term_string}\"},\"query-input\":{\"@type\":\"PropertyValueSpecification\",\"valueRequired\":true,\"valueName\":\"search_term_string\"}}],\"inLanguage\":\"it-IT\"},{\"@type\":\"Organization\",\"@id\":\"https:\\\/\\\/www.iemj.org\\\/it\\\/#organization\",\"name\":\"Institut Europ\u00e9en des Musiques Juives\",\"url\":\"https:\\\/\\\/www.iemj.org\\\/it\\\/\",\"logo\":{\"@type\":\"ImageObject\",\"inLanguage\":\"it-IT\",\"@id\":\"https:\\\/\\\/www.iemj.org\\\/it\\\/#\\\/schema\\\/logo\\\/image\\\/\",\"url\":\"https:\\\/\\\/www.iemj.org\\\/wp-content\\\/uploads\\\/2021\\\/09\\\/Logo-IEMJ-Paypal.jpg\",\"contentUrl\":\"https:\\\/\\\/www.iemj.org\\\/wp-content\\\/uploads\\\/2021\\\/09\\\/Logo-IEMJ-Paypal.jpg\",\"width\":150,\"height\":50,\"caption\":\"Institut Europ\u00e9en des Musiques Juives\"},\"image\":{\"@id\":\"https:\\\/\\\/www.iemj.org\\\/it\\\/#\\\/schema\\\/logo\\\/image\\\/\"},\"sameAs\":[\"https:\\\/\\\/www.facebook.com\\\/MusiquesJuives\\\/\",\"https:\\\/\\\/www.instagram.com\\\/musiquesjuives\\\/\",\"https:\\\/\\\/www.youtube.com\\\/user\\\/musiquesjuives\"]},{\"@type\":\"Person\",\"@id\":\"https:\\\/\\\/www.iemj.org\\\/it\\\/#\\\/schema\\\/person\\\/906134402c29d5c76e7b726261dd4bbd\",\"name\":\"Herv\u00e9 Roten\",\"image\":{\"@type\":\"ImageObject\",\"inLanguage\":\"it-IT\",\"@id\":\"https:\\\/\\\/secure.gravatar.com\\\/avatar\\\/f96ad2db538a26481f18384936b5cd0610c92d390c4dc382209216d455f685ff?s=96&d=mm&r=g\",\"url\":\"https:\\\/\\\/secure.gravatar.com\\\/avatar\\\/f96ad2db538a26481f18384936b5cd0610c92d390c4dc382209216d455f685ff?s=96&d=mm&r=g\",\"contentUrl\":\"https:\\\/\\\/secure.gravatar.com\\\/avatar\\\/f96ad2db538a26481f18384936b5cd0610c92d390c4dc382209216d455f685ff?s=96&d=mm&r=g\",\"caption\":\"Herv\u00e9 Roten\"}}]}<\/script>\n<!-- \/ Yoast SEO plugin. -->","yoast_head_json":{"title":"Zara\u00ef, Rika (1938 - 2020) - Institut Europ\u00e9en des Musiques Juives","robots":{"index":"index","follow":"follow","max-snippet":"max-snippet:-1","max-image-preview":"max-image-preview:large","max-video-preview":"max-video-preview:-1"},"canonical":"https:\/\/www.iemj.org\/it\/zarai-rika-1938-2020\/","og_locale":"it_IT","og_type":"article","og_title":"Zara\u00ef, Rika (1938 - 2020) - Institut Europ\u00e9en des Musiques Juives","og_description":"Rika Zara\u00ef, il suo nome da nubile Rivka Gozman, nasce il 19 febbraio 1938 a Gerusalemme, nella Palestina mandataria, da padre russo di Odessa e madre polacca di Wo\u0142o\u017cyn. La","og_url":"https:\/\/www.iemj.org\/it\/zarai-rika-1938-2020\/","og_site_name":"Institut Europ\u00e9en des Musiques Juives","article_publisher":"https:\/\/www.facebook.com\/MusiquesJuives\/","article_published_time":"2021-01-05T15:58:20+00:00","article_modified_time":"2022-01-18T15:14:06+00:00","og_image":[{"width":189,"height":218,"url":"https:\/\/www.iemj.org\/wp-content\/uploads\/2021\/01\/arton4955-e1625477391336.jpg","type":"image\/jpeg"}],"author":"Herv\u00e9 Roten","twitter_card":"summary_large_image","twitter_misc":{"Scritto da":"Herv\u00e9 Roten","Tempo di lettura stimato":"7 minuti"},"schema":{"@context":"https:\/\/schema.org","@graph":[{"@type":"Article","@id":"https:\/\/www.iemj.org\/it\/zarai-rika-1938-2020\/#article","isPartOf":{"@id":"https:\/\/www.iemj.org\/it\/zarai-rika-1938-2020\/"},"author":{"name":"Herv\u00e9 Roten","@id":"https:\/\/www.iemj.org\/it\/#\/schema\/person\/906134402c29d5c76e7b726261dd4bbd"},"headline":"Zara\u00ef, Rika (1938 &#8211; 2020)","datePublished":"2021-01-05T15:58:20+00:00","dateModified":"2022-01-18T15:14:06+00:00","mainEntityOfPage":{"@id":"https:\/\/www.iemj.org\/it\/zarai-rika-1938-2020\/"},"wordCount":1073,"publisher":{"@id":"https:\/\/www.iemj.org\/it\/#organization"},"image":{"@id":"https:\/\/www.iemj.org\/it\/zarai-rika-1938-2020\/#primaryimage"},"thumbnailUrl":"https:\/\/www.iemj.org\/wp-content\/uploads\/2021\/01\/arton4955-e1625477391336.jpg","articleSection":["Biografie"],"inLanguage":"it-IT"},{"@type":"WebPage","@id":"https:\/\/www.iemj.org\/it\/zarai-rika-1938-2020\/","url":"https:\/\/www.iemj.org\/it\/zarai-rika-1938-2020\/","name":"Zara\u00ef, Rika (1938 - 2020) - Institut Europ\u00e9en des Musiques Juives","isPartOf":{"@id":"https:\/\/www.iemj.org\/it\/#website"},"primaryImageOfPage":{"@id":"https:\/\/www.iemj.org\/it\/zarai-rika-1938-2020\/#primaryimage"},"image":{"@id":"https:\/\/www.iemj.org\/it\/zarai-rika-1938-2020\/#primaryimage"},"thumbnailUrl":"https:\/\/www.iemj.org\/wp-content\/uploads\/2021\/01\/arton4955-e1625477391336.jpg","datePublished":"2021-01-05T15:58:20+00:00","dateModified":"2022-01-18T15:14:06+00:00","breadcrumb":{"@id":"https:\/\/www.iemj.org\/it\/zarai-rika-1938-2020\/#breadcrumb"},"inLanguage":"it-IT","potentialAction":[{"@type":"ReadAction","target":["https:\/\/www.iemj.org\/it\/zarai-rika-1938-2020\/"]}]},{"@type":"ImageObject","inLanguage":"it-IT","@id":"https:\/\/www.iemj.org\/it\/zarai-rika-1938-2020\/#primaryimage","url":"https:\/\/www.iemj.org\/wp-content\/uploads\/2021\/01\/arton4955-e1625477391336.jpg","contentUrl":"https:\/\/www.iemj.org\/wp-content\/uploads\/2021\/01\/arton4955-e1625477391336.jpg","width":189,"height":218},{"@type":"BreadcrumbList","@id":"https:\/\/www.iemj.org\/it\/zarai-rika-1938-2020\/#breadcrumb","itemListElement":[{"@type":"ListItem","position":1,"name":"Accueil","item":"https:\/\/www.iemj.org\/it\/"},{"@type":"ListItem","position":2,"name":"Zara\u00ef, Rika (1938 &#8211; 2020)"}]},{"@type":"WebSite","@id":"https:\/\/www.iemj.org\/it\/#website","url":"https:\/\/www.iemj.org\/it\/","name":"Institut Europ\u00e9en des Musiques Juives","description":"Des traditions musicales \u00e0 la port\u00e9e de tous","publisher":{"@id":"https:\/\/www.iemj.org\/it\/#organization"},"potentialAction":[{"@type":"SearchAction","target":{"@type":"EntryPoint","urlTemplate":"https:\/\/www.iemj.org\/it\/?s={search_term_string}"},"query-input":{"@type":"PropertyValueSpecification","valueRequired":true,"valueName":"search_term_string"}}],"inLanguage":"it-IT"},{"@type":"Organization","@id":"https:\/\/www.iemj.org\/it\/#organization","name":"Institut Europ\u00e9en des Musiques Juives","url":"https:\/\/www.iemj.org\/it\/","logo":{"@type":"ImageObject","inLanguage":"it-IT","@id":"https:\/\/www.iemj.org\/it\/#\/schema\/logo\/image\/","url":"https:\/\/www.iemj.org\/wp-content\/uploads\/2021\/09\/Logo-IEMJ-Paypal.jpg","contentUrl":"https:\/\/www.iemj.org\/wp-content\/uploads\/2021\/09\/Logo-IEMJ-Paypal.jpg","width":150,"height":50,"caption":"Institut Europ\u00e9en des Musiques Juives"},"image":{"@id":"https:\/\/www.iemj.org\/it\/#\/schema\/logo\/image\/"},"sameAs":["https:\/\/www.facebook.com\/MusiquesJuives\/","https:\/\/www.instagram.com\/musiquesjuives\/","https:\/\/www.youtube.com\/user\/musiquesjuives"]},{"@type":"Person","@id":"https:\/\/www.iemj.org\/it\/#\/schema\/person\/906134402c29d5c76e7b726261dd4bbd","name":"Herv\u00e9 Roten","image":{"@type":"ImageObject","inLanguage":"it-IT","@id":"https:\/\/secure.gravatar.com\/avatar\/f96ad2db538a26481f18384936b5cd0610c92d390c4dc382209216d455f685ff?s=96&d=mm&r=g","url":"https:\/\/secure.gravatar.com\/avatar\/f96ad2db538a26481f18384936b5cd0610c92d390c4dc382209216d455f685ff?s=96&d=mm&r=g","contentUrl":"https:\/\/secure.gravatar.com\/avatar\/f96ad2db538a26481f18384936b5cd0610c92d390c4dc382209216d455f685ff?s=96&d=mm&r=g","caption":"Herv\u00e9 Roten"}}]}},"_links":{"self":[{"href":"https:\/\/www.iemj.org\/it\/wp-json\/wp\/v2\/posts\/77690","targetHints":{"allow":["GET"]}}],"collection":[{"href":"https:\/\/www.iemj.org\/it\/wp-json\/wp\/v2\/posts"}],"about":[{"href":"https:\/\/www.iemj.org\/it\/wp-json\/wp\/v2\/types\/post"}],"author":[{"embeddable":true,"href":"https:\/\/www.iemj.org\/it\/wp-json\/wp\/v2\/users\/1045"}],"replies":[{"embeddable":true,"href":"https:\/\/www.iemj.org\/it\/wp-json\/wp\/v2\/comments?post=77690"}],"version-history":[{"count":0,"href":"https:\/\/www.iemj.org\/it\/wp-json\/wp\/v2\/posts\/77690\/revisions"}],"wp:featuredmedia":[{"embeddable":true,"href":"https:\/\/www.iemj.org\/it\/wp-json\/wp\/v2\/media\/53615"}],"wp:attachment":[{"href":"https:\/\/www.iemj.org\/it\/wp-json\/wp\/v2\/media?parent=77690"}],"wp:term":[{"taxonomy":"category","embeddable":true,"href":"https:\/\/www.iemj.org\/it\/wp-json\/wp\/v2\/categories?post=77690"},{"taxonomy":"post_tag","embeddable":true,"href":"https:\/\/www.iemj.org\/it\/wp-json\/wp\/v2\/tags?post=77690"},{"taxonomy":"technique","embeddable":true,"href":"https:\/\/www.iemj.org\/it\/wp-json\/wp\/v2\/technique?post=77690"},{"taxonomy":"squelettes","embeddable":true,"href":"https:\/\/www.iemj.org\/it\/wp-json\/wp\/v2\/squelettes?post=77690"},{"taxonomy":"sujet","embeddable":true,"href":"https:\/\/www.iemj.org\/it\/wp-json\/wp\/v2\/sujet?post=77690"},{"taxonomy":"formation","embeddable":true,"href":"https:\/\/www.iemj.org\/it\/wp-json\/wp\/v2\/formation?post=77690"},{"taxonomy":"genre","embeddable":true,"href":"https:\/\/www.iemj.org\/it\/wp-json\/wp\/v2\/genre?post=77690"},{"taxonomy":"fonds","embeddable":true,"href":"https:\/\/www.iemj.org\/it\/wp-json\/wp\/v2\/fonds?post=77690"},{"taxonomy":"tradition","embeddable":true,"href":"https:\/\/www.iemj.org\/it\/wp-json\/wp\/v2\/tradition?post=77690"},{"taxonomy":"type-de-contenu","embeddable":true,"href":"https:\/\/www.iemj.org\/it\/wp-json\/wp\/v2\/type-de-contenu?post=77690"},{"taxonomy":"interprete-compositeur","embeddable":true,"href":"https:\/\/www.iemj.org\/it\/wp-json\/wp\/v2\/interprete-compositeur?post=77690"},{"taxonomy":"frise","embeddable":true,"href":"https:\/\/www.iemj.org\/it\/wp-json\/wp\/v2\/frise?post=77690"},{"taxonomy":"type-devenement","embeddable":true,"href":"https:\/\/www.iemj.org\/it\/wp-json\/wp\/v2\/type-devenement?post=77690"},{"taxonomy":"tableaux-liens-externes","embeddable":true,"href":"https:\/\/www.iemj.org\/it\/wp-json\/wp\/v2\/tableaux-liens-externes?post=77690"}],"curies":[{"name":"wp","href":"https:\/\/api.w.org\/{rel}","templated":true}]}}