{"id":77695,"date":"2016-05-24T10:04:02","date_gmt":"2016-05-24T08:04:02","guid":{"rendered":"https:\/\/www.iemj.org\/arom-simha-1930\/"},"modified":"2024-04-18T17:59:40","modified_gmt":"2024-04-18T15:59:40","slug":"arom-simha-1930","status":"publish","type":"post","link":"https:\/\/www.iemj.org\/it\/arom-simha-1930\/","title":{"rendered":"Arom, Simha (1930)"},"content":{"rendered":"<p><strong>Simha Arom<\/strong> \u00e8 nato a D\u00fcsseldorf nel 1930. Dopo la Kristallnacht nel novembre 1938, la sua famiglia \u00e8 costretta a lasciare la Germania nazista per il Belgio e poi la Francia.\u00a0<\/p>\n<p>Internato nel campo di Rivesaltes fino al 1941, Simha riesce ad uscirne. Senza notizie dei suoi genitori, all&#8217;et\u00e0 di 14 anni, parte per la Palestina. Ferito nel 1948 durante la Guerra d&#8217;Indipendenza d&#8217;Israele allla quale partecipa, Simha inizia gli studi musicali e diventa primo corno dell\u2019Orchestra Sinfonica di Gerusalemme<\/p>\n<p>Negli anni &#8217;60, inviato dal governo israeliano per creare una fanfara <img decoding=\"async\" class=\" alignright  wp-image-10806\" src=\"https:\/\/www.iemj.org\/wp-content\/uploads\/2016\/05\/photo_simha_avec_fil_tendu_redim.jpg\" alt=\"photo_simha_avec_fil_tendu_redim.jpg\" width=\"232\" height=\"154\" align=\"right\" \/> nella Repubblica Centrafricana, rimane affascinato dalla musica tradizionale di questo paese, in particolare dalle polifonie vocali dei <strong>Pigmei Aka<\/strong>. Entrato al CNRS nel 1968, ottiene la Medaglia d&#8217;Argento nel 1984. Torner\u00e0 sul terreno ogni anno dal 1971 al 1991, accompagnato da etnolinguisti e studenti, per registrare queste musiche al fine di studiarle e preservarle.<\/p>\n<p>Primo premio di corno al Conservatorio nazionale superiore di musica di Parigi, diventato etnomusicologo, Simha Arom si concentra sulla scoperta di sistemi musicali impliciti ed il modo in cui una cultura costruisce le sue categorie cognitive attestate attraverso la sua musica \u2013 grazie a degli esperimenti di tipo interattivo. I suoi lavori si basano sul postulato che i dati raccolti sul terreno, per essere validi, devono poter essere corroborati da dei dati conoscitivi specifici ai detentori della cultura studiata.<\/p>\n<p><img decoding=\"async\" class=\" alignleft  wp-image-10808\" src=\"https:\/\/www.iemj.org\/wp-content\/uploads\/2016\/05\/photo_simha_avec_3_pygmees_redim.jpg\" alt=\"photo_simha_avec_3_pygmees_redim.jpg\" width=\"268\" height=\"177\" align=\"left\" \/><\/p>\n<p>Le sue ricerche riguardano l&#8217;organizzazione temporale della musica, le scale musicali, le tecniche polifoniche, la musica nel sistema sociale e lo sviluppo di strumenti concettuali per la categorizzazione, l&#8217;analisi e la modellizzazione delle musiche tradizionali. Da una disciplina prevalentemente descrittiva, ha tentato di farne una scienza a pieno titolo, con tutti i suoi attributi: sperimentazione, verifica, convalida, modellizzazione, concettualizzazione e ricostruzione per via di sintesi.<\/p>\n<h3><strong>Raccolta di musiche ebraiche<\/strong><\/h3>\n<ul>\n<li>Simha Arom ha realizzato in particolare, in Israele, delle <a href=\"https:\/\/www.iemj.org\/le-chant-liturgique-juif-ethiopien\/\" target=\"_blank\" rel=\"noopener\">registrazioni sugli ebrei d&#8217;Etiopia<\/a><u><\/u>, insieme a <a href=\"https:\/\/journals.openedition.org\/ethnomusicologie\/2072\" target=\"_blank\" rel=\"noopener\">Olivier Tourny<\/a>, di cui sar\u00e0 il Direttore della tesi. Negli anni &#8217;80, il suo vissuto in Israele, unito al suo interesse per le numerose tradizioni africane tradizionali che ha studiato, lo portano allo studio dei sacerdoti ebrei etiopi, aprendo cos\u00ec la strada a nuove ed entusiasmanti ricerche in collaborazione, ovviamente, con l&#8217;Universit\u00e0 Ebraica di Gerusalemme.\n<p><a href=\"https:\/\/www.iemj.org\/le-chant-liturgique-juif-ethiopien-2\/\" target=\"_blank\" rel=\"noopener\">Ascoltare il programma radiofonico IEMJ &#8221; Il canto liturgico ebraico etiope&#8221; registrato il 30 agosto 2011<\/a><\/p>\n<\/li>\n<li>Inoltre, nel 1994, <strong>Simha Arom<\/strong>, con <a href=\"https:\/\/www.iemj.org\/it\/adler-israel-1925-2009\/\" target=\"_blank\" rel=\"noopener\"><strong>Israel Adler<\/strong><\/a> e <strong>Herv\u00e9 Roten<\/strong>, Direttore dell&#8217;Istituto Europeo di Musiche Ebraiche, ha preso parte ad una missione organizzata dall&#8217;Associazione Yuval e dal Centro di Ricerca sulla musiche ebraiche di Gerusalemme, per procedere a delle registrazioni degli <strong>ebrei di Djerba<\/strong>.<\/li>\n<\/ul>\n<p><em>Simha Arom \u00e8 direttore di ricerca emerito al CNRS, membro fondatore della <strong>Societ\u00e0 Francese di Etnomusicologia<\/strong>, della Societ\u00e0 Francese d\u2019Analisi Musicale, della Societ\u00e0 Europea per le Scienze Cognitive della Musica (ESCOM) e del Seminario Europeo di Etnomusicologia; \u00e8 anche membro della Societ\u00e0 Francese di Musicologia e del Consiglio di Amministrazione del progetto The Universe of Music (UNESCO).<\/em><\/p>\n<p><em>I suoi archivi sonori sono stati depositati nel 2011 nella fonoteca della Biblioteca Nazionale di Francia.<\/em><\/p>\n<p><em>Simha Arom ha ricevuto nel 2014 il <strong>Premio Antoine Bernheim<\/strong> assegnato dalla <strong>Fondazione dell&#8217;ebraismo francese.<\/strong><\/em><\/p>\n<p><strong>Missione a Djerba, settembre 1994:<\/strong><\/p>\n<figure style=\"width: 316px\" class=\"wp-caption alignleft\"><img fetchpriority=\"high\" decoding=\"async\" class=\"\" src=\"https:\/\/www.iemj.org\/wp-content\/uploads\/2016\/05\/djerba_israel_adler_et_herve_roten_atelier_poterie_1994-09_redim_25_.jpg\" alt=\"djerba_israel_adler_et_herve_roten_atelier_poterie_1994-09_redim_25_.jpg\" width=\"316\" height=\"215\" align=\"left\" data-description=\"&quot;&lt;em\" \/><figcaption class=\"wp-caption-text\"><strong>Isra\u00ebl Adler et Herv\u00e9 Roten, in una bottega di vasellame<\/strong><\/figcaption><\/figure>\n<p>\u00a0<\/p>\n<figure style=\"width: 222px\" class=\"wp-caption alignright\"><img loading=\"lazy\" decoding=\"async\" class=\"\" src=\"https:\/\/www.iemj.org\/wp-content\/uploads\/2016\/05\/djerba_simha_arom_et_israel_adler_ds_rue_du_gd_quartier_1994-09_redim_25_.jpg\" alt=\"djerba_simha_arom_et_israel_adler_ds_rue_du_gd_quartier_1994-09_redim_25_.jpg\" width=\"222\" height=\"325\" align=\"left\" data-description=\"&quot;&lt;em\" \/><figcaption class=\"wp-caption-text\"><strong>Simha Arom e Israel Adler, via hara kebira (grande quartiere)<\/strong><\/figcaption><\/figure>\n<p>\u00a0<\/p>\n<figure style=\"width: 314px\" class=\"wp-caption alignleft\"><img loading=\"lazy\" decoding=\"async\" class=\"\" src=\"https:\/\/www.iemj.org\/wp-content\/uploads\/2016\/05\/djerba_simha_arom_bet_israel_adler_syna_la_ghriba_1994-09_redim_25_.jpg\" alt=\"djerba_simha_arom_bet_israel_adler_syna_la_ghriba_1994-09_redim_25_.jpg\" width=\"314\" height=\"216\" align=\"left\" data-description=\"&quot;&lt;em\" \/><figcaption class=\"wp-caption-text\"><strong>Simha Arom e Israel Adler, Sinagoga della Ghriba<\/strong><\/figcaption><\/figure>\n\n","protected":false},"excerpt":{"rendered":"<p>Simha Arom \u00e8 nato a D\u00fcsseldorf nel 1930. Dopo la Kristallnacht nel novembre 1938, la sua famiglia \u00e8 costretta a lasciare la Germania nazista per il Belgio e poi la<\/p>\n","protected":false},"author":5,"featured_media":77697,"comment_status":"closed","ping_status":"open","sticky":false,"template":"","format":"standard","meta":{"_acf_changed":false,"footnotes":""},"categories":[1416],"tags":[2081],"technique":[],"squelettes":[],"sujet":[],"formation":[],"genre":[],"fonds":[],"tradition":[],"type-de-contenu":[],"interprete-compositeur":[],"frise":[],"type-devenement":[],"tableaux-liens-externes":[],"class_list":["post-77695","post","type-post","status-publish","format-standard","has-post-thumbnail","hentry","category-biografie-it","tag-etiopia-it"],"acf":[],"yoast_head":"<!-- This site is optimized with the Yoast SEO plugin v27.3 - https:\/\/yoast.com\/product\/yoast-seo-wordpress\/ -->\n<title>Arom, Simha (1930) - Institut Europ\u00e9en des Musiques Juives<\/title>\n<meta name=\"robots\" content=\"index, follow, max-snippet:-1, max-image-preview:large, max-video-preview:-1\" \/>\n<link rel=\"canonical\" href=\"https:\/\/www.iemj.org\/it\/arom-simha-1930\/\" \/>\n<meta property=\"og:locale\" content=\"it_IT\" \/>\n<meta property=\"og:type\" content=\"article\" \/>\n<meta property=\"og:title\" content=\"Arom, Simha (1930) - Institut Europ\u00e9en des Musiques Juives\" \/>\n<meta property=\"og:description\" content=\"Simha Arom \u00e8 nato a D\u00fcsseldorf nel 1930. Dopo la Kristallnacht nel novembre 1938, la sua famiglia \u00e8 costretta a lasciare la Germania nazista per il Belgio e poi la\" \/>\n<meta property=\"og:url\" content=\"https:\/\/www.iemj.org\/it\/arom-simha-1930\/\" \/>\n<meta property=\"og:site_name\" content=\"Institut Europ\u00e9en des Musiques Juives\" \/>\n<meta property=\"article:publisher\" content=\"https:\/\/www.facebook.com\/MusiquesJuives\/\" \/>\n<meta property=\"article:published_time\" content=\"2016-05-24T08:04:02+00:00\" \/>\n<meta property=\"article:modified_time\" content=\"2024-04-18T15:59:40+00:00\" \/>\n<meta property=\"og:image\" content=\"https:\/\/www.iemj.org\/wp-content\/uploads\/2016\/05\/Logo-bio-Simha-Arom-nv-site-e1618076676599.jpg\" \/>\n\t<meta property=\"og:image:width\" content=\"213\" \/>\n\t<meta property=\"og:image:height\" content=\"218\" \/>\n\t<meta property=\"og:image:type\" content=\"image\/jpeg\" \/>\n<meta name=\"author\" content=\"Jacqueline ROTEN\" \/>\n<meta name=\"twitter:card\" content=\"summary_large_image\" \/>\n<meta name=\"twitter:label1\" content=\"Scritto da\" \/>\n\t<meta name=\"twitter:data1\" content=\"Jacqueline ROTEN\" \/>\n\t<meta name=\"twitter:label2\" content=\"Tempo di lettura stimato\" \/>\n\t<meta name=\"twitter:data2\" content=\"5 minuti\" \/>\n<script type=\"application\/ld+json\" class=\"yoast-schema-graph\">{\"@context\":\"https:\\\/\\\/schema.org\",\"@graph\":[{\"@type\":\"Article\",\"@id\":\"https:\\\/\\\/www.iemj.org\\\/it\\\/arom-simha-1930\\\/#article\",\"isPartOf\":{\"@id\":\"https:\\\/\\\/www.iemj.org\\\/it\\\/arom-simha-1930\\\/\"},\"author\":{\"name\":\"Jacqueline ROTEN\",\"@id\":\"https:\\\/\\\/www.iemj.org\\\/it\\\/#\\\/schema\\\/person\\\/358e26c18aca017fcc4cc15437f7279c\"},\"headline\":\"Arom, Simha (1930)\",\"datePublished\":\"2016-05-24T08:04:02+00:00\",\"dateModified\":\"2024-04-18T15:59:40+00:00\",\"mainEntityOfPage\":{\"@id\":\"https:\\\/\\\/www.iemj.org\\\/it\\\/arom-simha-1930\\\/\"},\"wordCount\":557,\"publisher\":{\"@id\":\"https:\\\/\\\/www.iemj.org\\\/it\\\/#organization\"},\"image\":{\"@id\":\"https:\\\/\\\/www.iemj.org\\\/it\\\/arom-simha-1930\\\/#primaryimage\"},\"thumbnailUrl\":\"https:\\\/\\\/www.iemj.org\\\/wp-content\\\/uploads\\\/2016\\\/05\\\/Logo-bio-Simha-Arom-nv-site-e1618076676599.jpg\",\"keywords\":[\"Etiopia\"],\"articleSection\":[\"Biografie\"],\"inLanguage\":\"it-IT\"},{\"@type\":\"WebPage\",\"@id\":\"https:\\\/\\\/www.iemj.org\\\/it\\\/arom-simha-1930\\\/\",\"url\":\"https:\\\/\\\/www.iemj.org\\\/it\\\/arom-simha-1930\\\/\",\"name\":\"Arom, Simha (1930) - Institut Europ\u00e9en des Musiques Juives\",\"isPartOf\":{\"@id\":\"https:\\\/\\\/www.iemj.org\\\/it\\\/#website\"},\"primaryImageOfPage\":{\"@id\":\"https:\\\/\\\/www.iemj.org\\\/it\\\/arom-simha-1930\\\/#primaryimage\"},\"image\":{\"@id\":\"https:\\\/\\\/www.iemj.org\\\/it\\\/arom-simha-1930\\\/#primaryimage\"},\"thumbnailUrl\":\"https:\\\/\\\/www.iemj.org\\\/wp-content\\\/uploads\\\/2016\\\/05\\\/Logo-bio-Simha-Arom-nv-site-e1618076676599.jpg\",\"datePublished\":\"2016-05-24T08:04:02+00:00\",\"dateModified\":\"2024-04-18T15:59:40+00:00\",\"breadcrumb\":{\"@id\":\"https:\\\/\\\/www.iemj.org\\\/it\\\/arom-simha-1930\\\/#breadcrumb\"},\"inLanguage\":\"it-IT\",\"potentialAction\":[{\"@type\":\"ReadAction\",\"target\":[\"https:\\\/\\\/www.iemj.org\\\/it\\\/arom-simha-1930\\\/\"]}]},{\"@type\":\"ImageObject\",\"inLanguage\":\"it-IT\",\"@id\":\"https:\\\/\\\/www.iemj.org\\\/it\\\/arom-simha-1930\\\/#primaryimage\",\"url\":\"https:\\\/\\\/www.iemj.org\\\/wp-content\\\/uploads\\\/2016\\\/05\\\/Logo-bio-Simha-Arom-nv-site-e1618076676599.jpg\",\"contentUrl\":\"https:\\\/\\\/www.iemj.org\\\/wp-content\\\/uploads\\\/2016\\\/05\\\/Logo-bio-Simha-Arom-nv-site-e1618076676599.jpg\",\"width\":213,\"height\":218},{\"@type\":\"BreadcrumbList\",\"@id\":\"https:\\\/\\\/www.iemj.org\\\/it\\\/arom-simha-1930\\\/#breadcrumb\",\"itemListElement\":[{\"@type\":\"ListItem\",\"position\":1,\"name\":\"Accueil\",\"item\":\"https:\\\/\\\/www.iemj.org\\\/it\\\/\"},{\"@type\":\"ListItem\",\"position\":2,\"name\":\"Arom, Simha (1930)\"}]},{\"@type\":\"WebSite\",\"@id\":\"https:\\\/\\\/www.iemj.org\\\/it\\\/#website\",\"url\":\"https:\\\/\\\/www.iemj.org\\\/it\\\/\",\"name\":\"Institut Europ\u00e9en des Musiques Juives\",\"description\":\"Des traditions musicales \u00e0 la port\u00e9e de tous\",\"publisher\":{\"@id\":\"https:\\\/\\\/www.iemj.org\\\/it\\\/#organization\"},\"potentialAction\":[{\"@type\":\"SearchAction\",\"target\":{\"@type\":\"EntryPoint\",\"urlTemplate\":\"https:\\\/\\\/www.iemj.org\\\/it\\\/?s={search_term_string}\"},\"query-input\":{\"@type\":\"PropertyValueSpecification\",\"valueRequired\":true,\"valueName\":\"search_term_string\"}}],\"inLanguage\":\"it-IT\"},{\"@type\":\"Organization\",\"@id\":\"https:\\\/\\\/www.iemj.org\\\/it\\\/#organization\",\"name\":\"Institut Europ\u00e9en des Musiques Juives\",\"url\":\"https:\\\/\\\/www.iemj.org\\\/it\\\/\",\"logo\":{\"@type\":\"ImageObject\",\"inLanguage\":\"it-IT\",\"@id\":\"https:\\\/\\\/www.iemj.org\\\/it\\\/#\\\/schema\\\/logo\\\/image\\\/\",\"url\":\"https:\\\/\\\/www.iemj.org\\\/wp-content\\\/uploads\\\/2021\\\/09\\\/Logo-IEMJ-Paypal.jpg\",\"contentUrl\":\"https:\\\/\\\/www.iemj.org\\\/wp-content\\\/uploads\\\/2021\\\/09\\\/Logo-IEMJ-Paypal.jpg\",\"width\":150,\"height\":50,\"caption\":\"Institut Europ\u00e9en des Musiques Juives\"},\"image\":{\"@id\":\"https:\\\/\\\/www.iemj.org\\\/it\\\/#\\\/schema\\\/logo\\\/image\\\/\"},\"sameAs\":[\"https:\\\/\\\/www.facebook.com\\\/MusiquesJuives\\\/\",\"https:\\\/\\\/www.instagram.com\\\/musiquesjuives\\\/\",\"https:\\\/\\\/www.youtube.com\\\/user\\\/musiquesjuives\"]},{\"@type\":\"Person\",\"@id\":\"https:\\\/\\\/www.iemj.org\\\/it\\\/#\\\/schema\\\/person\\\/358e26c18aca017fcc4cc15437f7279c\",\"name\":\"Jacqueline ROTEN\",\"image\":{\"@type\":\"ImageObject\",\"inLanguage\":\"it-IT\",\"@id\":\"https:\\\/\\\/secure.gravatar.com\\\/avatar\\\/5964256d6c6957de3a3505278957e0fb2a35119ac47ea41827a65301213c810b?s=96&d=mm&r=g\",\"url\":\"https:\\\/\\\/secure.gravatar.com\\\/avatar\\\/5964256d6c6957de3a3505278957e0fb2a35119ac47ea41827a65301213c810b?s=96&d=mm&r=g\",\"contentUrl\":\"https:\\\/\\\/secure.gravatar.com\\\/avatar\\\/5964256d6c6957de3a3505278957e0fb2a35119ac47ea41827a65301213c810b?s=96&d=mm&r=g\",\"caption\":\"Jacqueline ROTEN\"}}]}<\/script>\n<!-- \/ Yoast SEO plugin. -->","yoast_head_json":{"title":"Arom, Simha (1930) - Institut Europ\u00e9en des Musiques Juives","robots":{"index":"index","follow":"follow","max-snippet":"max-snippet:-1","max-image-preview":"max-image-preview:large","max-video-preview":"max-video-preview:-1"},"canonical":"https:\/\/www.iemj.org\/it\/arom-simha-1930\/","og_locale":"it_IT","og_type":"article","og_title":"Arom, Simha (1930) - Institut Europ\u00e9en des Musiques Juives","og_description":"Simha Arom \u00e8 nato a D\u00fcsseldorf nel 1930. Dopo la Kristallnacht nel novembre 1938, la sua famiglia \u00e8 costretta a lasciare la Germania nazista per il Belgio e poi la","og_url":"https:\/\/www.iemj.org\/it\/arom-simha-1930\/","og_site_name":"Institut Europ\u00e9en des Musiques Juives","article_publisher":"https:\/\/www.facebook.com\/MusiquesJuives\/","article_published_time":"2016-05-24T08:04:02+00:00","article_modified_time":"2024-04-18T15:59:40+00:00","og_image":[{"width":213,"height":218,"url":"https:\/\/www.iemj.org\/wp-content\/uploads\/2016\/05\/Logo-bio-Simha-Arom-nv-site-e1618076676599.jpg","type":"image\/jpeg"}],"author":"Jacqueline ROTEN","twitter_card":"summary_large_image","twitter_misc":{"Scritto da":"Jacqueline ROTEN","Tempo di lettura stimato":"5 minuti"},"schema":{"@context":"https:\/\/schema.org","@graph":[{"@type":"Article","@id":"https:\/\/www.iemj.org\/it\/arom-simha-1930\/#article","isPartOf":{"@id":"https:\/\/www.iemj.org\/it\/arom-simha-1930\/"},"author":{"name":"Jacqueline ROTEN","@id":"https:\/\/www.iemj.org\/it\/#\/schema\/person\/358e26c18aca017fcc4cc15437f7279c"},"headline":"Arom, Simha (1930)","datePublished":"2016-05-24T08:04:02+00:00","dateModified":"2024-04-18T15:59:40+00:00","mainEntityOfPage":{"@id":"https:\/\/www.iemj.org\/it\/arom-simha-1930\/"},"wordCount":557,"publisher":{"@id":"https:\/\/www.iemj.org\/it\/#organization"},"image":{"@id":"https:\/\/www.iemj.org\/it\/arom-simha-1930\/#primaryimage"},"thumbnailUrl":"https:\/\/www.iemj.org\/wp-content\/uploads\/2016\/05\/Logo-bio-Simha-Arom-nv-site-e1618076676599.jpg","keywords":["Etiopia"],"articleSection":["Biografie"],"inLanguage":"it-IT"},{"@type":"WebPage","@id":"https:\/\/www.iemj.org\/it\/arom-simha-1930\/","url":"https:\/\/www.iemj.org\/it\/arom-simha-1930\/","name":"Arom, Simha (1930) - Institut Europ\u00e9en des Musiques Juives","isPartOf":{"@id":"https:\/\/www.iemj.org\/it\/#website"},"primaryImageOfPage":{"@id":"https:\/\/www.iemj.org\/it\/arom-simha-1930\/#primaryimage"},"image":{"@id":"https:\/\/www.iemj.org\/it\/arom-simha-1930\/#primaryimage"},"thumbnailUrl":"https:\/\/www.iemj.org\/wp-content\/uploads\/2016\/05\/Logo-bio-Simha-Arom-nv-site-e1618076676599.jpg","datePublished":"2016-05-24T08:04:02+00:00","dateModified":"2024-04-18T15:59:40+00:00","breadcrumb":{"@id":"https:\/\/www.iemj.org\/it\/arom-simha-1930\/#breadcrumb"},"inLanguage":"it-IT","potentialAction":[{"@type":"ReadAction","target":["https:\/\/www.iemj.org\/it\/arom-simha-1930\/"]}]},{"@type":"ImageObject","inLanguage":"it-IT","@id":"https:\/\/www.iemj.org\/it\/arom-simha-1930\/#primaryimage","url":"https:\/\/www.iemj.org\/wp-content\/uploads\/2016\/05\/Logo-bio-Simha-Arom-nv-site-e1618076676599.jpg","contentUrl":"https:\/\/www.iemj.org\/wp-content\/uploads\/2016\/05\/Logo-bio-Simha-Arom-nv-site-e1618076676599.jpg","width":213,"height":218},{"@type":"BreadcrumbList","@id":"https:\/\/www.iemj.org\/it\/arom-simha-1930\/#breadcrumb","itemListElement":[{"@type":"ListItem","position":1,"name":"Accueil","item":"https:\/\/www.iemj.org\/it\/"},{"@type":"ListItem","position":2,"name":"Arom, Simha (1930)"}]},{"@type":"WebSite","@id":"https:\/\/www.iemj.org\/it\/#website","url":"https:\/\/www.iemj.org\/it\/","name":"Institut Europ\u00e9en des Musiques Juives","description":"Des traditions musicales \u00e0 la port\u00e9e de tous","publisher":{"@id":"https:\/\/www.iemj.org\/it\/#organization"},"potentialAction":[{"@type":"SearchAction","target":{"@type":"EntryPoint","urlTemplate":"https:\/\/www.iemj.org\/it\/?s={search_term_string}"},"query-input":{"@type":"PropertyValueSpecification","valueRequired":true,"valueName":"search_term_string"}}],"inLanguage":"it-IT"},{"@type":"Organization","@id":"https:\/\/www.iemj.org\/it\/#organization","name":"Institut Europ\u00e9en des Musiques Juives","url":"https:\/\/www.iemj.org\/it\/","logo":{"@type":"ImageObject","inLanguage":"it-IT","@id":"https:\/\/www.iemj.org\/it\/#\/schema\/logo\/image\/","url":"https:\/\/www.iemj.org\/wp-content\/uploads\/2021\/09\/Logo-IEMJ-Paypal.jpg","contentUrl":"https:\/\/www.iemj.org\/wp-content\/uploads\/2021\/09\/Logo-IEMJ-Paypal.jpg","width":150,"height":50,"caption":"Institut Europ\u00e9en des Musiques Juives"},"image":{"@id":"https:\/\/www.iemj.org\/it\/#\/schema\/logo\/image\/"},"sameAs":["https:\/\/www.facebook.com\/MusiquesJuives\/","https:\/\/www.instagram.com\/musiquesjuives\/","https:\/\/www.youtube.com\/user\/musiquesjuives"]},{"@type":"Person","@id":"https:\/\/www.iemj.org\/it\/#\/schema\/person\/358e26c18aca017fcc4cc15437f7279c","name":"Jacqueline ROTEN","image":{"@type":"ImageObject","inLanguage":"it-IT","@id":"https:\/\/secure.gravatar.com\/avatar\/5964256d6c6957de3a3505278957e0fb2a35119ac47ea41827a65301213c810b?s=96&d=mm&r=g","url":"https:\/\/secure.gravatar.com\/avatar\/5964256d6c6957de3a3505278957e0fb2a35119ac47ea41827a65301213c810b?s=96&d=mm&r=g","contentUrl":"https:\/\/secure.gravatar.com\/avatar\/5964256d6c6957de3a3505278957e0fb2a35119ac47ea41827a65301213c810b?s=96&d=mm&r=g","caption":"Jacqueline ROTEN"}}]}},"_links":{"self":[{"href":"https:\/\/www.iemj.org\/it\/wp-json\/wp\/v2\/posts\/77695","targetHints":{"allow":["GET"]}}],"collection":[{"href":"https:\/\/www.iemj.org\/it\/wp-json\/wp\/v2\/posts"}],"about":[{"href":"https:\/\/www.iemj.org\/it\/wp-json\/wp\/v2\/types\/post"}],"author":[{"embeddable":true,"href":"https:\/\/www.iemj.org\/it\/wp-json\/wp\/v2\/users\/5"}],"replies":[{"embeddable":true,"href":"https:\/\/www.iemj.org\/it\/wp-json\/wp\/v2\/comments?post=77695"}],"version-history":[{"count":0,"href":"https:\/\/www.iemj.org\/it\/wp-json\/wp\/v2\/posts\/77695\/revisions"}],"wp:featuredmedia":[{"embeddable":true,"href":"https:\/\/www.iemj.org\/it\/wp-json\/wp\/v2\/media\/77697"}],"wp:attachment":[{"href":"https:\/\/www.iemj.org\/it\/wp-json\/wp\/v2\/media?parent=77695"}],"wp:term":[{"taxonomy":"category","embeddable":true,"href":"https:\/\/www.iemj.org\/it\/wp-json\/wp\/v2\/categories?post=77695"},{"taxonomy":"post_tag","embeddable":true,"href":"https:\/\/www.iemj.org\/it\/wp-json\/wp\/v2\/tags?post=77695"},{"taxonomy":"technique","embeddable":true,"href":"https:\/\/www.iemj.org\/it\/wp-json\/wp\/v2\/technique?post=77695"},{"taxonomy":"squelettes","embeddable":true,"href":"https:\/\/www.iemj.org\/it\/wp-json\/wp\/v2\/squelettes?post=77695"},{"taxonomy":"sujet","embeddable":true,"href":"https:\/\/www.iemj.org\/it\/wp-json\/wp\/v2\/sujet?post=77695"},{"taxonomy":"formation","embeddable":true,"href":"https:\/\/www.iemj.org\/it\/wp-json\/wp\/v2\/formation?post=77695"},{"taxonomy":"genre","embeddable":true,"href":"https:\/\/www.iemj.org\/it\/wp-json\/wp\/v2\/genre?post=77695"},{"taxonomy":"fonds","embeddable":true,"href":"https:\/\/www.iemj.org\/it\/wp-json\/wp\/v2\/fonds?post=77695"},{"taxonomy":"tradition","embeddable":true,"href":"https:\/\/www.iemj.org\/it\/wp-json\/wp\/v2\/tradition?post=77695"},{"taxonomy":"type-de-contenu","embeddable":true,"href":"https:\/\/www.iemj.org\/it\/wp-json\/wp\/v2\/type-de-contenu?post=77695"},{"taxonomy":"interprete-compositeur","embeddable":true,"href":"https:\/\/www.iemj.org\/it\/wp-json\/wp\/v2\/interprete-compositeur?post=77695"},{"taxonomy":"frise","embeddable":true,"href":"https:\/\/www.iemj.org\/it\/wp-json\/wp\/v2\/frise?post=77695"},{"taxonomy":"type-devenement","embeddable":true,"href":"https:\/\/www.iemj.org\/it\/wp-json\/wp\/v2\/type-devenement?post=77695"},{"taxonomy":"tableaux-liens-externes","embeddable":true,"href":"https:\/\/www.iemj.org\/it\/wp-json\/wp\/v2\/tableaux-liens-externes?post=77695"}],"curies":[{"name":"wp","href":"https:\/\/api.w.org\/{rel}","templated":true}]}}