{"id":77705,"date":"2016-01-07T12:14:30","date_gmt":"2016-01-07T11:14:30","guid":{"rendered":"https:\/\/www.iemj.org\/chants-liturgiques-des-juifs-ashkenazes-le-choeur-juif-de-france\/"},"modified":"2025-02-13T15:48:00","modified_gmt":"2025-02-13T14:48:00","slug":"chants-liturgiques-des-juifs-ashkenazes-le-choeur-juif-de-france","status":"publish","type":"post","link":"https:\/\/www.iemj.org\/it\/chants-liturgiques-des-juifs-ashkenazes-le-choeur-juif-de-france\/","title":{"rendered":"Canti liturgici degli ebrei ashkenaziti \u2013 Le Ch\u0153ur Juif de France"},"content":{"rendered":"<p>Registrazione del concerto <em>Chants liturgiques des juifs ashkenazes<\/em>, tenuto il 7 settembre 2014, nell&#8217;ambito della giornata di studio <strong>Vox Aurea &#8211; Via Sacra 2014<\/strong>, del Coro Ebraico di Francia sotto la direzione di Hector Sabo.<\/p>\n<p><!--more--><\/p>\n<p>Il Coro Ebraico di Francia \u00e8 stato creato nell&#8217;ottobre 2006 sotto l&#8217;egida dell&#8217;APAC (Associazione per la Promozione dell&#8217;Arte Cantoriale e dei Giovani Talenti), in collaborazione con l&#8217;ACIP (Association Consistoriale Isra\u00e9lite de Paris-Ile-of France). \u00c8 composto da una quarantina di coristi. Rapha\u00ebl Cohen, grande cantore di fama internazionale, \u00e8 il solista ufficiale del coro. Il pianista che accompagna il coro \u00e8 Pierre Lumbroso.<\/p>\n<p>Il suo repertorio \u00e8 principalmente incentrato sulla musica liturgica ebraica, sul canto yiddish, sul repertorio ashkenazita e sefardita della canzone popolare e sui canti israeliani. Hector Sabo effetua l\u2019arrangiamento di queste opere per voce maschile.<\/p>\n<p>Dalla sua nascita ad oggi, Le choir Juif de France si \u00e8 esibito in molti luoghi prestigiosi come il Palazzo dell&#8217;UNESCO, in teatri ed in varie sinagoghe in tutta la Francia.<\/p>\n<p><a href=\"https:\/\/www.iemj.org\/colloque-et-concerts-vox-aurea-via-sacra-2014-la-musique-sacree-juive\/\" target=\"_blank\" rel=\"noopener\">Consultare il programma del colloquio Vox Aurea &#8211; Via sacra 2014<\/a><\/p>\n<p><a href=\"https:\/\/www.iemj.org\/?s=Vox+aurea&amp;submit=Rechercher\" target=\"_blank\" rel=\"noopener\">Ascoltare le conferenze ed i concerti del colloquio Vox Aurea &#8211; Via sacra 2014<\/a><\/p>\n<figure id=\"attachment_110609\" aria-describedby=\"caption-attachment-110609\" style=\"width: 900px\" class=\"wp-caption aligncenter\"><img fetchpriority=\"high\" decoding=\"async\" class=\"wp-image-110609\" src=\"https:\/\/www.iemj.org\/wp-content\/uploads\/2024\/03\/AUDIO-PLAYER-300x39.png\" alt=\"\" width=\"900\" height=\"117\" srcset=\"https:\/\/www.iemj.org\/wp-content\/uploads\/2024\/03\/AUDIO-PLAYER-300x39.png 300w, https:\/\/www.iemj.org\/wp-content\/uploads\/2024\/03\/AUDIO-PLAYER-1024x133.png 1024w, https:\/\/www.iemj.org\/wp-content\/uploads\/2024\/03\/AUDIO-PLAYER-768x100.png 768w, https:\/\/www.iemj.org\/wp-content\/uploads\/2024\/03\/AUDIO-PLAYER-600x78.png 600w, https:\/\/www.iemj.org\/wp-content\/uploads\/2024\/03\/AUDIO-PLAYER.png 1210w\" sizes=\"(max-width: 900px) 100vw, 900px\" \/><figcaption id=\"caption-attachment-110609\" class=\"wp-caption-text\"><strong>Ascoltate la registrazione audio del concerto qui sotto<\/strong><\/figcaption><\/figure>\n\n\n<div class=\"wp-block-file\"><a href=\"https:\/\/www.iemj.org\/wp-content\/uploads\/2016\/01\/1_presentation_du_choeur_juif_de_france.mp3\">Introduction du Ch\u0153ur Juif de France<\/a><\/div>\n\n\n\n<div class=\"wp-block-file\"><a href=\"https:\/\/www.iemj.org\/wp-content\/uploads\/2016\/01\/2_vechomerou_benei_israel_et_hachabat_-_avraham_dunajewski.mp3\">Vechomerou benei Isra\u00ebl et hachabat &#8211; Avraham DUNAJEWSKI<\/a><\/div>\n\n\n\n<div class=\"wp-block-file\"><a href=\"https:\/\/www.iemj.org\/wp-content\/uploads\/2016\/01\/3_ouvachofor_godol_-_lea_low.mp3\">Ouvachofor godol &#8211; Leo LOW<\/a><\/div>\n\n\n\n<div class=\"wp-block-file\"><a href=\"https:\/\/www.iemj.org\/wp-content\/uploads\/2016\/01\/4_kiddouch_-_kurt_weill.mp3\">Kiddouch &#8211; Kurt WEILL<\/a><\/div>\n\n\n\n<div class=\"wp-block-file\"><a href=\"https:\/\/www.iemj.org\/wp-content\/uploads\/2016\/01\/5_chehe_heyonou_-_meyer_machtenberg.mp3\">Ch\u00e9h\u00e9&#8217;h\u00e9yonou &#8211; Meyer MACHTENBERG<\/a><\/div>\n\n\n\n<div class=\"wp-block-file\"><a href=\"https:\/\/www.iemj.org\/wp-content\/uploads\/2016\/01\/6_hallelou_-_yossele_rosenblatt.mp3\">Hallelou &#8211; Yossele ROSENBLATT<\/a><\/div>\n\n\n\n<div class=\"wp-block-file\"><a href=\"https:\/\/www.iemj.org\/wp-content\/uploads\/2016\/01\/7_av_horahamin_-_machtenberg.mp3\">Av Horahamin &#8211; MACHTENBERG<\/a><\/div>\n\n\n\n<div class=\"wp-block-file\"><a href=\"https:\/\/www.iemj.org\/wp-content\/uploads\/2016\/01\/8_zol_shoyn_kumen_di_gueulo_-_sidor_belarski.mp3\">Zol Shoyn Kumen di gu\u00e9ulo &#8211; Sidor BELARSKI<\/a><\/div>\n","protected":false},"excerpt":{"rendered":"<p>Registrazione del concerto Chants liturgiques des juifs ashkenazes, tenuto il 7 settembre 2014, nell&#8217;ambito della giornata di studio Vox Aurea &#8211; Via Sacra 2014, del Coro Ebraico di Francia sotto<\/p>\n","protected":false},"author":1052,"featured_media":77706,"comment_status":"closed","ping_status":"open","sticky":false,"template":"","format":"standard","meta":{"_acf_changed":false,"footnotes":""},"categories":[1518],"tags":[3421],"technique":[],"squelettes":[],"sujet":[],"formation":[],"genre":[1892,1896],"fonds":[],"tradition":[1984],"type-de-contenu":[],"interprete-compositeur":[],"frise":[],"type-devenement":[],"tableaux-liens-externes":[],"class_list":["post-77705","post","type-post","status-publish","format-standard","has-post-thumbnail","hentry","category-concerti-film-it","tag-eventi-partner-it","genre-liturgia-it","genre-musica-corale-it","tradition-rito-ashkenazita-it"],"acf":[],"yoast_head":"<!-- This site is optimized with the Yoast SEO plugin v27.3 - https:\/\/yoast.com\/product\/yoast-seo-wordpress\/ -->\n<title>Canti liturgici degli ebrei ashkenaziti \u2013 Le Ch\u0153ur Juif de France - Institut Europ\u00e9en des Musiques Juives<\/title>\n<meta name=\"robots\" content=\"index, follow, max-snippet:-1, max-image-preview:large, max-video-preview:-1\" \/>\n<link rel=\"canonical\" href=\"https:\/\/www.iemj.org\/it\/chants-liturgiques-des-juifs-ashkenazes-le-choeur-juif-de-france\/\" \/>\n<meta property=\"og:locale\" content=\"it_IT\" \/>\n<meta property=\"og:type\" content=\"article\" \/>\n<meta property=\"og:title\" content=\"Canti liturgici degli ebrei ashkenaziti \u2013 Le Ch\u0153ur Juif de France - Institut Europ\u00e9en des Musiques Juives\" \/>\n<meta property=\"og:description\" content=\"Registrazione del concerto Chants liturgiques des juifs ashkenazes, tenuto il 7 settembre 2014, nell&#8217;ambito della giornata di studio Vox Aurea &#8211; Via Sacra 2014, del Coro Ebraico di Francia sotto\" \/>\n<meta property=\"og:url\" content=\"https:\/\/www.iemj.org\/it\/chants-liturgiques-des-juifs-ashkenazes-le-choeur-juif-de-france\/\" \/>\n<meta property=\"og:site_name\" content=\"Institut Europ\u00e9en des Musiques Juives\" \/>\n<meta property=\"article:publisher\" content=\"https:\/\/www.facebook.com\/MusiquesJuives\/\" \/>\n<meta property=\"article:published_time\" content=\"2016-01-07T11:14:30+00:00\" \/>\n<meta property=\"article:modified_time\" content=\"2025-02-13T14:48:00+00:00\" \/>\n<meta property=\"og:image\" content=\"https:\/\/www.iemj.org\/wp-content\/uploads\/2016\/01\/arton1355-e1618231482691.jpg\" \/>\n\t<meta property=\"og:image:width\" content=\"350\" \/>\n\t<meta property=\"og:image:height\" content=\"216\" \/>\n\t<meta property=\"og:image:type\" content=\"image\/jpeg\" \/>\n<meta name=\"author\" content=\"Lea Couderc\" \/>\n<meta name=\"twitter:card\" content=\"summary_large_image\" \/>\n<meta name=\"twitter:label1\" content=\"Scritto da\" \/>\n\t<meta name=\"twitter:data1\" content=\"Lea Couderc\" \/>\n\t<meta name=\"twitter:label2\" content=\"Tempo di lettura stimato\" \/>\n\t<meta name=\"twitter:data2\" content=\"2 minuti\" \/>\n<script type=\"application\/ld+json\" class=\"yoast-schema-graph\">{\"@context\":\"https:\\\/\\\/schema.org\",\"@graph\":[{\"@type\":\"Article\",\"@id\":\"https:\\\/\\\/www.iemj.org\\\/it\\\/chants-liturgiques-des-juifs-ashkenazes-le-choeur-juif-de-france\\\/#article\",\"isPartOf\":{\"@id\":\"https:\\\/\\\/www.iemj.org\\\/it\\\/chants-liturgiques-des-juifs-ashkenazes-le-choeur-juif-de-france\\\/\"},\"author\":{\"name\":\"Lea Couderc\",\"@id\":\"https:\\\/\\\/www.iemj.org\\\/it\\\/#\\\/schema\\\/person\\\/e2ad57f2c4be119c7ed8ab79036807a9\"},\"headline\":\"Canti liturgici degli ebrei ashkenaziti \u2013 Le Ch\u0153ur Juif de France\",\"datePublished\":\"2016-01-07T11:14:30+00:00\",\"dateModified\":\"2025-02-13T14:48:00+00:00\",\"mainEntityOfPage\":{\"@id\":\"https:\\\/\\\/www.iemj.org\\\/it\\\/chants-liturgiques-des-juifs-ashkenazes-le-choeur-juif-de-france\\\/\"},\"wordCount\":261,\"publisher\":{\"@id\":\"https:\\\/\\\/www.iemj.org\\\/it\\\/#organization\"},\"image\":{\"@id\":\"https:\\\/\\\/www.iemj.org\\\/it\\\/chants-liturgiques-des-juifs-ashkenazes-le-choeur-juif-de-france\\\/#primaryimage\"},\"thumbnailUrl\":\"https:\\\/\\\/www.iemj.org\\\/wp-content\\\/uploads\\\/2016\\\/01\\\/arton1355-e1618231482691.jpg\",\"keywords\":[\"Eventi partner\"],\"articleSection\":[\"Concerti\"],\"inLanguage\":\"it-IT\"},{\"@type\":\"WebPage\",\"@id\":\"https:\\\/\\\/www.iemj.org\\\/it\\\/chants-liturgiques-des-juifs-ashkenazes-le-choeur-juif-de-france\\\/\",\"url\":\"https:\\\/\\\/www.iemj.org\\\/it\\\/chants-liturgiques-des-juifs-ashkenazes-le-choeur-juif-de-france\\\/\",\"name\":\"Canti liturgici degli ebrei ashkenaziti \u2013 Le Ch\u0153ur Juif de France - Institut Europ\u00e9en des Musiques Juives\",\"isPartOf\":{\"@id\":\"https:\\\/\\\/www.iemj.org\\\/it\\\/#website\"},\"primaryImageOfPage\":{\"@id\":\"https:\\\/\\\/www.iemj.org\\\/it\\\/chants-liturgiques-des-juifs-ashkenazes-le-choeur-juif-de-france\\\/#primaryimage\"},\"image\":{\"@id\":\"https:\\\/\\\/www.iemj.org\\\/it\\\/chants-liturgiques-des-juifs-ashkenazes-le-choeur-juif-de-france\\\/#primaryimage\"},\"thumbnailUrl\":\"https:\\\/\\\/www.iemj.org\\\/wp-content\\\/uploads\\\/2016\\\/01\\\/arton1355-e1618231482691.jpg\",\"datePublished\":\"2016-01-07T11:14:30+00:00\",\"dateModified\":\"2025-02-13T14:48:00+00:00\",\"breadcrumb\":{\"@id\":\"https:\\\/\\\/www.iemj.org\\\/it\\\/chants-liturgiques-des-juifs-ashkenazes-le-choeur-juif-de-france\\\/#breadcrumb\"},\"inLanguage\":\"it-IT\",\"potentialAction\":[{\"@type\":\"ReadAction\",\"target\":[\"https:\\\/\\\/www.iemj.org\\\/it\\\/chants-liturgiques-des-juifs-ashkenazes-le-choeur-juif-de-france\\\/\"]}]},{\"@type\":\"ImageObject\",\"inLanguage\":\"it-IT\",\"@id\":\"https:\\\/\\\/www.iemj.org\\\/it\\\/chants-liturgiques-des-juifs-ashkenazes-le-choeur-juif-de-france\\\/#primaryimage\",\"url\":\"https:\\\/\\\/www.iemj.org\\\/wp-content\\\/uploads\\\/2016\\\/01\\\/arton1355-e1618231482691.jpg\",\"contentUrl\":\"https:\\\/\\\/www.iemj.org\\\/wp-content\\\/uploads\\\/2016\\\/01\\\/arton1355-e1618231482691.jpg\",\"width\":350,\"height\":216},{\"@type\":\"BreadcrumbList\",\"@id\":\"https:\\\/\\\/www.iemj.org\\\/it\\\/chants-liturgiques-des-juifs-ashkenazes-le-choeur-juif-de-france\\\/#breadcrumb\",\"itemListElement\":[{\"@type\":\"ListItem\",\"position\":1,\"name\":\"Accueil\",\"item\":\"https:\\\/\\\/www.iemj.org\\\/it\\\/\"},{\"@type\":\"ListItem\",\"position\":2,\"name\":\"Canti liturgici degli ebrei ashkenaziti \u2013 Le Ch\u0153ur Juif de France\"}]},{\"@type\":\"WebSite\",\"@id\":\"https:\\\/\\\/www.iemj.org\\\/it\\\/#website\",\"url\":\"https:\\\/\\\/www.iemj.org\\\/it\\\/\",\"name\":\"Institut Europ\u00e9en des Musiques Juives\",\"description\":\"Des traditions musicales \u00e0 la port\u00e9e de tous\",\"publisher\":{\"@id\":\"https:\\\/\\\/www.iemj.org\\\/it\\\/#organization\"},\"potentialAction\":[{\"@type\":\"SearchAction\",\"target\":{\"@type\":\"EntryPoint\",\"urlTemplate\":\"https:\\\/\\\/www.iemj.org\\\/it\\\/?s={search_term_string}\"},\"query-input\":{\"@type\":\"PropertyValueSpecification\",\"valueRequired\":true,\"valueName\":\"search_term_string\"}}],\"inLanguage\":\"it-IT\"},{\"@type\":\"Organization\",\"@id\":\"https:\\\/\\\/www.iemj.org\\\/it\\\/#organization\",\"name\":\"Institut Europ\u00e9en des Musiques Juives\",\"url\":\"https:\\\/\\\/www.iemj.org\\\/it\\\/\",\"logo\":{\"@type\":\"ImageObject\",\"inLanguage\":\"it-IT\",\"@id\":\"https:\\\/\\\/www.iemj.org\\\/it\\\/#\\\/schema\\\/logo\\\/image\\\/\",\"url\":\"https:\\\/\\\/www.iemj.org\\\/wp-content\\\/uploads\\\/2021\\\/09\\\/Logo-IEMJ-Paypal.jpg\",\"contentUrl\":\"https:\\\/\\\/www.iemj.org\\\/wp-content\\\/uploads\\\/2021\\\/09\\\/Logo-IEMJ-Paypal.jpg\",\"width\":150,\"height\":50,\"caption\":\"Institut Europ\u00e9en des Musiques Juives\"},\"image\":{\"@id\":\"https:\\\/\\\/www.iemj.org\\\/it\\\/#\\\/schema\\\/logo\\\/image\\\/\"},\"sameAs\":[\"https:\\\/\\\/www.facebook.com\\\/MusiquesJuives\\\/\",\"https:\\\/\\\/www.instagram.com\\\/musiquesjuives\\\/\",\"https:\\\/\\\/www.youtube.com\\\/user\\\/musiquesjuives\"]},{\"@type\":\"Person\",\"@id\":\"https:\\\/\\\/www.iemj.org\\\/it\\\/#\\\/schema\\\/person\\\/e2ad57f2c4be119c7ed8ab79036807a9\",\"name\":\"Lea Couderc\",\"image\":{\"@type\":\"ImageObject\",\"inLanguage\":\"it-IT\",\"@id\":\"https:\\\/\\\/secure.gravatar.com\\\/avatar\\\/46ee021475d60aeff17a7e490b79dea5a5684bb392ab7fd1494027411df8ba23?s=96&d=mm&r=g\",\"url\":\"https:\\\/\\\/secure.gravatar.com\\\/avatar\\\/46ee021475d60aeff17a7e490b79dea5a5684bb392ab7fd1494027411df8ba23?s=96&d=mm&r=g\",\"contentUrl\":\"https:\\\/\\\/secure.gravatar.com\\\/avatar\\\/46ee021475d60aeff17a7e490b79dea5a5684bb392ab7fd1494027411df8ba23?s=96&d=mm&r=g\",\"caption\":\"Lea Couderc\"}}]}<\/script>\n<!-- \/ Yoast SEO plugin. -->","yoast_head_json":{"title":"Canti liturgici degli ebrei ashkenaziti \u2013 Le Ch\u0153ur Juif de France - Institut Europ\u00e9en des Musiques Juives","robots":{"index":"index","follow":"follow","max-snippet":"max-snippet:-1","max-image-preview":"max-image-preview:large","max-video-preview":"max-video-preview:-1"},"canonical":"https:\/\/www.iemj.org\/it\/chants-liturgiques-des-juifs-ashkenazes-le-choeur-juif-de-france\/","og_locale":"it_IT","og_type":"article","og_title":"Canti liturgici degli ebrei ashkenaziti \u2013 Le Ch\u0153ur Juif de France - Institut Europ\u00e9en des Musiques Juives","og_description":"Registrazione del concerto Chants liturgiques des juifs ashkenazes, tenuto il 7 settembre 2014, nell&#8217;ambito della giornata di studio Vox Aurea &#8211; Via Sacra 2014, del Coro Ebraico di Francia sotto","og_url":"https:\/\/www.iemj.org\/it\/chants-liturgiques-des-juifs-ashkenazes-le-choeur-juif-de-france\/","og_site_name":"Institut Europ\u00e9en des Musiques Juives","article_publisher":"https:\/\/www.facebook.com\/MusiquesJuives\/","article_published_time":"2016-01-07T11:14:30+00:00","article_modified_time":"2025-02-13T14:48:00+00:00","og_image":[{"width":350,"height":216,"url":"https:\/\/www.iemj.org\/wp-content\/uploads\/2016\/01\/arton1355-e1618231482691.jpg","type":"image\/jpeg"}],"author":"Lea Couderc","twitter_card":"summary_large_image","twitter_misc":{"Scritto da":"Lea Couderc","Tempo di lettura stimato":"2 minuti"},"schema":{"@context":"https:\/\/schema.org","@graph":[{"@type":"Article","@id":"https:\/\/www.iemj.org\/it\/chants-liturgiques-des-juifs-ashkenazes-le-choeur-juif-de-france\/#article","isPartOf":{"@id":"https:\/\/www.iemj.org\/it\/chants-liturgiques-des-juifs-ashkenazes-le-choeur-juif-de-france\/"},"author":{"name":"Lea Couderc","@id":"https:\/\/www.iemj.org\/it\/#\/schema\/person\/e2ad57f2c4be119c7ed8ab79036807a9"},"headline":"Canti liturgici degli ebrei ashkenaziti \u2013 Le Ch\u0153ur Juif de France","datePublished":"2016-01-07T11:14:30+00:00","dateModified":"2025-02-13T14:48:00+00:00","mainEntityOfPage":{"@id":"https:\/\/www.iemj.org\/it\/chants-liturgiques-des-juifs-ashkenazes-le-choeur-juif-de-france\/"},"wordCount":261,"publisher":{"@id":"https:\/\/www.iemj.org\/it\/#organization"},"image":{"@id":"https:\/\/www.iemj.org\/it\/chants-liturgiques-des-juifs-ashkenazes-le-choeur-juif-de-france\/#primaryimage"},"thumbnailUrl":"https:\/\/www.iemj.org\/wp-content\/uploads\/2016\/01\/arton1355-e1618231482691.jpg","keywords":["Eventi partner"],"articleSection":["Concerti"],"inLanguage":"it-IT"},{"@type":"WebPage","@id":"https:\/\/www.iemj.org\/it\/chants-liturgiques-des-juifs-ashkenazes-le-choeur-juif-de-france\/","url":"https:\/\/www.iemj.org\/it\/chants-liturgiques-des-juifs-ashkenazes-le-choeur-juif-de-france\/","name":"Canti liturgici degli ebrei ashkenaziti \u2013 Le Ch\u0153ur Juif de France - Institut Europ\u00e9en des Musiques Juives","isPartOf":{"@id":"https:\/\/www.iemj.org\/it\/#website"},"primaryImageOfPage":{"@id":"https:\/\/www.iemj.org\/it\/chants-liturgiques-des-juifs-ashkenazes-le-choeur-juif-de-france\/#primaryimage"},"image":{"@id":"https:\/\/www.iemj.org\/it\/chants-liturgiques-des-juifs-ashkenazes-le-choeur-juif-de-france\/#primaryimage"},"thumbnailUrl":"https:\/\/www.iemj.org\/wp-content\/uploads\/2016\/01\/arton1355-e1618231482691.jpg","datePublished":"2016-01-07T11:14:30+00:00","dateModified":"2025-02-13T14:48:00+00:00","breadcrumb":{"@id":"https:\/\/www.iemj.org\/it\/chants-liturgiques-des-juifs-ashkenazes-le-choeur-juif-de-france\/#breadcrumb"},"inLanguage":"it-IT","potentialAction":[{"@type":"ReadAction","target":["https:\/\/www.iemj.org\/it\/chants-liturgiques-des-juifs-ashkenazes-le-choeur-juif-de-france\/"]}]},{"@type":"ImageObject","inLanguage":"it-IT","@id":"https:\/\/www.iemj.org\/it\/chants-liturgiques-des-juifs-ashkenazes-le-choeur-juif-de-france\/#primaryimage","url":"https:\/\/www.iemj.org\/wp-content\/uploads\/2016\/01\/arton1355-e1618231482691.jpg","contentUrl":"https:\/\/www.iemj.org\/wp-content\/uploads\/2016\/01\/arton1355-e1618231482691.jpg","width":350,"height":216},{"@type":"BreadcrumbList","@id":"https:\/\/www.iemj.org\/it\/chants-liturgiques-des-juifs-ashkenazes-le-choeur-juif-de-france\/#breadcrumb","itemListElement":[{"@type":"ListItem","position":1,"name":"Accueil","item":"https:\/\/www.iemj.org\/it\/"},{"@type":"ListItem","position":2,"name":"Canti liturgici degli ebrei ashkenaziti \u2013 Le Ch\u0153ur Juif de France"}]},{"@type":"WebSite","@id":"https:\/\/www.iemj.org\/it\/#website","url":"https:\/\/www.iemj.org\/it\/","name":"Institut Europ\u00e9en des Musiques Juives","description":"Des traditions musicales \u00e0 la port\u00e9e de tous","publisher":{"@id":"https:\/\/www.iemj.org\/it\/#organization"},"potentialAction":[{"@type":"SearchAction","target":{"@type":"EntryPoint","urlTemplate":"https:\/\/www.iemj.org\/it\/?s={search_term_string}"},"query-input":{"@type":"PropertyValueSpecification","valueRequired":true,"valueName":"search_term_string"}}],"inLanguage":"it-IT"},{"@type":"Organization","@id":"https:\/\/www.iemj.org\/it\/#organization","name":"Institut Europ\u00e9en des Musiques Juives","url":"https:\/\/www.iemj.org\/it\/","logo":{"@type":"ImageObject","inLanguage":"it-IT","@id":"https:\/\/www.iemj.org\/it\/#\/schema\/logo\/image\/","url":"https:\/\/www.iemj.org\/wp-content\/uploads\/2021\/09\/Logo-IEMJ-Paypal.jpg","contentUrl":"https:\/\/www.iemj.org\/wp-content\/uploads\/2021\/09\/Logo-IEMJ-Paypal.jpg","width":150,"height":50,"caption":"Institut Europ\u00e9en des Musiques Juives"},"image":{"@id":"https:\/\/www.iemj.org\/it\/#\/schema\/logo\/image\/"},"sameAs":["https:\/\/www.facebook.com\/MusiquesJuives\/","https:\/\/www.instagram.com\/musiquesjuives\/","https:\/\/www.youtube.com\/user\/musiquesjuives"]},{"@type":"Person","@id":"https:\/\/www.iemj.org\/it\/#\/schema\/person\/e2ad57f2c4be119c7ed8ab79036807a9","name":"Lea Couderc","image":{"@type":"ImageObject","inLanguage":"it-IT","@id":"https:\/\/secure.gravatar.com\/avatar\/46ee021475d60aeff17a7e490b79dea5a5684bb392ab7fd1494027411df8ba23?s=96&d=mm&r=g","url":"https:\/\/secure.gravatar.com\/avatar\/46ee021475d60aeff17a7e490b79dea5a5684bb392ab7fd1494027411df8ba23?s=96&d=mm&r=g","contentUrl":"https:\/\/secure.gravatar.com\/avatar\/46ee021475d60aeff17a7e490b79dea5a5684bb392ab7fd1494027411df8ba23?s=96&d=mm&r=g","caption":"Lea Couderc"}}]}},"_links":{"self":[{"href":"https:\/\/www.iemj.org\/it\/wp-json\/wp\/v2\/posts\/77705","targetHints":{"allow":["GET"]}}],"collection":[{"href":"https:\/\/www.iemj.org\/it\/wp-json\/wp\/v2\/posts"}],"about":[{"href":"https:\/\/www.iemj.org\/it\/wp-json\/wp\/v2\/types\/post"}],"author":[{"embeddable":true,"href":"https:\/\/www.iemj.org\/it\/wp-json\/wp\/v2\/users\/1052"}],"replies":[{"embeddable":true,"href":"https:\/\/www.iemj.org\/it\/wp-json\/wp\/v2\/comments?post=77705"}],"version-history":[{"count":0,"href":"https:\/\/www.iemj.org\/it\/wp-json\/wp\/v2\/posts\/77705\/revisions"}],"wp:featuredmedia":[{"embeddable":true,"href":"https:\/\/www.iemj.org\/it\/wp-json\/wp\/v2\/media\/77706"}],"wp:attachment":[{"href":"https:\/\/www.iemj.org\/it\/wp-json\/wp\/v2\/media?parent=77705"}],"wp:term":[{"taxonomy":"category","embeddable":true,"href":"https:\/\/www.iemj.org\/it\/wp-json\/wp\/v2\/categories?post=77705"},{"taxonomy":"post_tag","embeddable":true,"href":"https:\/\/www.iemj.org\/it\/wp-json\/wp\/v2\/tags?post=77705"},{"taxonomy":"technique","embeddable":true,"href":"https:\/\/www.iemj.org\/it\/wp-json\/wp\/v2\/technique?post=77705"},{"taxonomy":"squelettes","embeddable":true,"href":"https:\/\/www.iemj.org\/it\/wp-json\/wp\/v2\/squelettes?post=77705"},{"taxonomy":"sujet","embeddable":true,"href":"https:\/\/www.iemj.org\/it\/wp-json\/wp\/v2\/sujet?post=77705"},{"taxonomy":"formation","embeddable":true,"href":"https:\/\/www.iemj.org\/it\/wp-json\/wp\/v2\/formation?post=77705"},{"taxonomy":"genre","embeddable":true,"href":"https:\/\/www.iemj.org\/it\/wp-json\/wp\/v2\/genre?post=77705"},{"taxonomy":"fonds","embeddable":true,"href":"https:\/\/www.iemj.org\/it\/wp-json\/wp\/v2\/fonds?post=77705"},{"taxonomy":"tradition","embeddable":true,"href":"https:\/\/www.iemj.org\/it\/wp-json\/wp\/v2\/tradition?post=77705"},{"taxonomy":"type-de-contenu","embeddable":true,"href":"https:\/\/www.iemj.org\/it\/wp-json\/wp\/v2\/type-de-contenu?post=77705"},{"taxonomy":"interprete-compositeur","embeddable":true,"href":"https:\/\/www.iemj.org\/it\/wp-json\/wp\/v2\/interprete-compositeur?post=77705"},{"taxonomy":"frise","embeddable":true,"href":"https:\/\/www.iemj.org\/it\/wp-json\/wp\/v2\/frise?post=77705"},{"taxonomy":"type-devenement","embeddable":true,"href":"https:\/\/www.iemj.org\/it\/wp-json\/wp\/v2\/type-devenement?post=77705"},{"taxonomy":"tableaux-liens-externes","embeddable":true,"href":"https:\/\/www.iemj.org\/it\/wp-json\/wp\/v2\/tableaux-liens-externes?post=77705"}],"curies":[{"name":"wp","href":"https:\/\/api.w.org\/{rel}","templated":true}]}}