{"id":77717,"date":"2021-02-03T15:47:27","date_gmt":"2021-02-03T14:47:27","guid":{"rendered":"https:\/\/www.iemj.org\/fromental-halevy-airs-dopera-et-chants-synagogaux\/"},"modified":"2024-02-15T18:06:11","modified_gmt":"2024-02-15T17:06:11","slug":"fromental-halevy-airs-dopera-et-chants-synagogaux","status":"publish","type":"post","link":"https:\/\/www.iemj.org\/it\/fromental-halevy-airs-dopera-et-chants-synagogaux\/","title":{"rendered":"Fromental Hal\u00e9vy, arie d&#8217;opera e canti sinagogali"},"content":{"rendered":"<p><strong>La seguente playlist offre un estratto dall&#8217;opera <em>La Juive<\/em> (1835), seguito da diversi salmi, come <em>Mizmor lessodo<\/em> (ps. 100), <em>Adochem Zehonorou<\/em> (ps. 115), <em>Min hametsar<\/em> (ps. 118) od ancora <em>Mimaamakim<\/em> (ps. 130), eseguiti dal coro di L\u00e9on Algazi, Marcel Lorrand e dal coro della sinagoga di Strasburgo, Michel Heymann, La Truite Lyrique e le Polifonie Ebraiche di Strasburgo dirette da Hector Sabo<\/strong><\/p>\n<p><!--more-->Prolifico compositore del XIX secolo, <a href=\"https:\/\/www.iemj.org\/it\/halevy-jacques-francois-fromental-elie-1799-1862\/\">Fromental Hal\u00e9vy (1799-1862)<\/a> ha composto quasi 37 opere (tra cui <em>La Juive<\/em> che ebbe un enorme successo), numerose melodie, duetti e altre romanze. Nato in una famiglia ebrea originaria della Baviera e della Lorena, Fromental Hal\u00e9vy ha beneficiato dell&#8217;emancipazione degli ebrei di Francia per intraprendere una carriera musicale che lo ha portato all&#8217;apice della fama. Considerato a suo tempo come uno dei maestri della musica francese, insieme a Rossini, Auber e Meyerbeer, Fromental Hal\u00e9vy non dimentic\u00f2 per\u00f2 le sue origini e compose almeno dieci brani in ebraico (sette salmi e tre preghiere) per il culto concistorale israelita.<\/p>\n<p>La seguente playlist vi offre l&#8217;aria pi\u00f9 famosa della sua opera <em>La Juive<\/em> (1835): la <em>Cavatine d\u2019El\u00e9azar<\/em> o <em>Rachel, quand du Seigneur<\/em>, seguita da diversi salmi, come <em>Mizmor lessodo<\/em> (ps. 100), <em>Adochem Zehonorou<\/em> (ps. 115), <em>Min hametsar<\/em> (ps. 118) o <em>Mimaamakim<\/em> (ps. 130), eseguiti dal coro di L\u00e9on Algazi, Marcel Lorrand e dal coro della sinagoga di Strasburgo, Michel Heymann, La Truite Lyrique e le Polifonie Ebraiche di Strasburgo guidate da Hector Sabo .<\/p>\n<p>Buon ascolto !<\/p>\n\n\n<figure class=\"wp-block-image size-large\"><img fetchpriority=\"high\" decoding=\"async\" width=\"1024\" height=\"146\" src=\"https:\/\/www.iemj.org\/wp-content\/uploads\/2023\/01\/Bandeau-Playlist_IT2-1024x146.jpg\" alt=\"\" class=\"wp-image-93106\" srcset=\"https:\/\/www.iemj.org\/wp-content\/uploads\/2023\/01\/Bandeau-Playlist_IT2-1024x146.jpg 1024w, https:\/\/www.iemj.org\/wp-content\/uploads\/2023\/01\/Bandeau-Playlist_IT2-300x43.jpg 300w, https:\/\/www.iemj.org\/wp-content\/uploads\/2023\/01\/Bandeau-Playlist_IT2-768x110.jpg 768w, https:\/\/www.iemj.org\/wp-content\/uploads\/2023\/01\/Bandeau-Playlist_IT2-1536x220.jpg 1536w, https:\/\/www.iemj.org\/wp-content\/uploads\/2023\/01\/Bandeau-Playlist_IT2-600x86.jpg 600w, https:\/\/www.iemj.org\/wp-content\/uploads\/2023\/01\/Bandeau-Playlist_IT2.jpg 1608w\" sizes=\"(max-width: 1024px) 100vw, 1024px\" \/><\/figure>\n\n\n\n<div class=\"wp-block-file\"><a id=\"wp-block-file--media-123308ab-ebc7-4eac-8fb5-3369d38156ba\" href=\"https:\/\/www.iemj.org\/wp-content\/uploads\/2021\/01\/01_la_juive_op_ra_de_f_hal_vy__cavatine_d_el_azar_cesar_vezzani.mp3\">La Juive (op\u00e9ra de F. Hal\u00e9vy) &#8211; Cavatine d&#8217;El\u00e9azar &#8211; Cesar Vezzani<\/a><\/div>\n\n\n\n<div class=\"wp-block-file\"><a id=\"wp-block-file--media-50be5f4c-3c50-4c27-9f2c-e960e39a6e05\" href=\"https:\/\/www.iemj.org\/wp-content\/uploads\/2021\/01\/02_hodou_ladona_ps_118_-_hallel__f_hal_vy_marcel_lebreton_solo_et_choeur_dirig_par_l_on_algazi.mp3\">Hodou ladona\u00ef  (ps. 118 &#8211; Hallel) &#8211; Hal\u00e9vy &#8211; Marcel Lebreton (t\u00e9nor) et ch\u0153ur dirig\u00e9 par L\u00e9on Algazi<\/a><\/div>\n\n\n\n<div class=\"wp-block-file\"><a id=\"wp-block-file--media-93801dac-2b87-4806-a72e-fbc07b7c9bda\" href=\"https:\/\/www.iemj.org\/wp-content\/uploads\/2021\/01\/03_odekho_ps_118_21_marcel_lorand_et_choeur_de_la_grande_synagogue_de_strasbourg_extrait_.mp3\">Odekho (ps 118, 21) &#8211; Hal\u00e9vy &#8211; Marcel Lorand et Choeur de la grande synagogue de Strasbourg (Extrait)<\/a><\/div>\n\n\n\n<div class=\"wp-block-file\"><a id=\"wp-block-file--media-0bc31911-1d21-4961-86a7-956060336e9f\" href=\"https:\/\/www.iemj.org\/wp-content\/uploads\/2021\/01\/04_adochem_zehonorou_ps_115__michel_heymann_extrait_.mp3\">Adochem Ze&#8217;honorou (ps. 115) &#8211; Hal\u00e9vy &#8211; Michel Heymann (Extrait)<\/a><\/div>\n\n\n\n<div class=\"wp-block-file\"><a id=\"wp-block-file--media-504d1dde-5719-4f64-86c0-b611b4a3acc0\" href=\"https:\/\/www.iemj.org\/wp-content\/uploads\/2021\/01\/05_mizmor_lessodo_ps_100_choeur_mixte_mezzo_solo_et_orgue_extrait_.mp3\">Mizmor lessodo (ps. 100) &#8211; Hal\u00e9vy &#8211; Magdalena Lukovic (Mezzo solo) et La truite lyrique (Extrait)<\/a><\/div>\n\n\n\n<div class=\"wp-block-file\"><a id=\"wp-block-file--media-fa3dacc7-07f3-4661-99cd-8d0f206af01f\" href=\"https:\/\/www.iemj.org\/wp-content\/uploads\/2021\/01\/06_mimaamakim_ps_130__marche_fun_bre_arrgt_fl_te_et_piano__micael_berger_et_l_o_sabo_extrait_.mp3\">Mimaamakim (ps. 130) n\u00b01 Marche fun\u00e8bre &#8211; Hal\u00e9vy &#8211; Micael Berger (fl\u00fbte) et L\u00e9o Sabo (piano), arrangement : Hector Sabo (Extrait)<\/a><\/div>\n\n\n\n<div class=\"wp-block-file\"><a id=\"wp-block-file--media-3775dc90-c9ad-4057-9acc-a3bb49056350\" href=\"https:\/\/www.iemj.org\/wp-content\/uploads\/2021\/01\/07_mimaamakim_ps_130__air_basse_solo_et_piano_jean_moissonnier_et_l_o_sabo_extrait_.mp3\">Mimaamakim (ps. 130) n\u00b03 Air &#8211; Hal\u00e9vy &#8211; Jean Moissonnier (Basse solo) et L\u00e9o Sabo (piano) (Extrait)<\/a><\/div>\n\n\n\n<div class=\"wp-block-file\"><a id=\"wp-block-file--media-6c0c1545-d782-45d8-a3e4-7946c4f9b9e1\" href=\"https:\/\/www.iemj.org\/wp-content\/uploads\/2021\/01\/08_mimaamakim_ps_130__choeur_la_truite_lyrique_et_les_polyphonies_h_bra_ques_de_strasbourg_extrait_.mp3\">Mimaamakim (ps. 130) n\u00b02 Ch\u0153ur &#8211; Hal\u00e9vy &#8211; Ensembles La Truite Lyrique et les polyphonies h\u00e9bra\u00efques de Strasbourg (Extrait)<\/a><\/div>\n\n\n\n<div class=\"wp-block-file\"><a id=\"wp-block-file--media-8709f22e-16fb-4173-a05d-ce57c9090399\" href=\"https:\/\/www.iemj.org\/wp-content\/uploads\/2021\/01\/09_min_hamestar_ps_118__la_truite_lyrique_et_les_polyphonies_h_bra_ques_de_strasbourg_hector_sabo_extrait_.mp3\">Min hametsar (ps 118) &#8211; Hal\u00e9vy &#8211; Ensembles La Truite Lyrique et les polyphonies h\u00e9bra\u00efques de Strasbourg (Extrait)<\/a><\/div>\n\n\n\n<p><\/p>\n","protected":false},"excerpt":{"rendered":"<p>La seguente playlist offre un estratto dall&#8217;opera La Juive (1835), seguito da diversi salmi, come Mizmor lessodo (ps. 100), Adochem Zehonorou (ps. 115), Min hametsar (ps. 118) od ancora Mimaamakim<\/p>\n","protected":false},"author":1045,"featured_media":77718,"comment_status":"closed","ping_status":"closed","sticky":false,"template":"","format":"standard","meta":{"_acf_changed":false,"footnotes":""},"categories":[1536],"tags":[],"technique":[],"squelettes":[],"sujet":[],"formation":[],"genre":[1901],"fonds":[],"tradition":[],"type-de-contenu":[],"interprete-compositeur":[],"frise":[],"type-devenement":[],"tableaux-liens-externes":[],"class_list":["post-77717","post","type-post","status-publish","format-standard","has-post-thumbnail","hentry","category-playlist-it","genre-musica-classica-it"],"acf":[],"yoast_head":"<!-- This site is optimized with the Yoast SEO plugin v27.3 - https:\/\/yoast.com\/product\/yoast-seo-wordpress\/ -->\n<title>Fromental Hal\u00e9vy, arie d&#039;opera e canti sinagogali - Institut Europ\u00e9en des Musiques Juives<\/title>\n<meta name=\"robots\" content=\"index, follow, max-snippet:-1, max-image-preview:large, max-video-preview:-1\" \/>\n<link rel=\"canonical\" href=\"https:\/\/www.iemj.org\/it\/fromental-halevy-airs-dopera-et-chants-synagogaux\/\" \/>\n<meta property=\"og:locale\" content=\"it_IT\" \/>\n<meta property=\"og:type\" content=\"article\" \/>\n<meta property=\"og:title\" content=\"Fromental Hal\u00e9vy, arie d&#039;opera e canti sinagogali - Institut Europ\u00e9en des Musiques Juives\" \/>\n<meta property=\"og:description\" content=\"La seguente playlist offre un estratto dall&#8217;opera La Juive (1835), seguito da diversi salmi, come Mizmor lessodo (ps. 100), Adochem Zehonorou (ps. 115), Min hametsar (ps. 118) od ancora Mimaamakim\" \/>\n<meta property=\"og:url\" content=\"https:\/\/www.iemj.org\/it\/fromental-halevy-airs-dopera-et-chants-synagogaux\/\" \/>\n<meta property=\"og:site_name\" content=\"Institut Europ\u00e9en des Musiques Juives\" \/>\n<meta property=\"article:publisher\" content=\"https:\/\/www.facebook.com\/MusiquesJuives\/\" \/>\n<meta property=\"article:published_time\" content=\"2021-02-03T14:47:27+00:00\" \/>\n<meta property=\"article:modified_time\" content=\"2024-02-15T17:06:11+00:00\" \/>\n<meta property=\"og:image\" content=\"https:\/\/www.iemj.org\/wp-content\/uploads\/2021\/02\/arton5001.jpg\" \/>\n\t<meta property=\"og:image:width\" content=\"300\" \/>\n\t<meta property=\"og:image:height\" content=\"300\" \/>\n\t<meta property=\"og:image:type\" content=\"image\/jpeg\" \/>\n<meta name=\"author\" content=\"Herv\u00e9 Roten\" \/>\n<meta name=\"twitter:card\" content=\"summary_large_image\" \/>\n<meta name=\"twitter:label1\" content=\"Scritto da\" \/>\n\t<meta name=\"twitter:data1\" content=\"Herv\u00e9 Roten\" \/>\n\t<meta name=\"twitter:label2\" content=\"Tempo di lettura stimato\" \/>\n\t<meta name=\"twitter:data2\" content=\"3 minuti\" \/>\n<script type=\"application\/ld+json\" class=\"yoast-schema-graph\">{\"@context\":\"https:\\\/\\\/schema.org\",\"@graph\":[{\"@type\":\"Article\",\"@id\":\"https:\\\/\\\/www.iemj.org\\\/it\\\/fromental-halevy-airs-dopera-et-chants-synagogaux\\\/#article\",\"isPartOf\":{\"@id\":\"https:\\\/\\\/www.iemj.org\\\/it\\\/fromental-halevy-airs-dopera-et-chants-synagogaux\\\/\"},\"author\":{\"name\":\"Herv\u00e9 Roten\",\"@id\":\"https:\\\/\\\/www.iemj.org\\\/it\\\/#\\\/schema\\\/person\\\/906134402c29d5c76e7b726261dd4bbd\"},\"headline\":\"Fromental Hal\u00e9vy, arie d&#8217;opera e canti sinagogali\",\"datePublished\":\"2021-02-03T14:47:27+00:00\",\"dateModified\":\"2024-02-15T17:06:11+00:00\",\"mainEntityOfPage\":{\"@id\":\"https:\\\/\\\/www.iemj.org\\\/it\\\/fromental-halevy-airs-dopera-et-chants-synagogaux\\\/\"},\"wordCount\":412,\"publisher\":{\"@id\":\"https:\\\/\\\/www.iemj.org\\\/it\\\/#organization\"},\"image\":{\"@id\":\"https:\\\/\\\/www.iemj.org\\\/it\\\/fromental-halevy-airs-dopera-et-chants-synagogaux\\\/#primaryimage\"},\"thumbnailUrl\":\"https:\\\/\\\/www.iemj.org\\\/wp-content\\\/uploads\\\/2021\\\/02\\\/arton5001.jpg\",\"articleSection\":[\"Playlist\"],\"inLanguage\":\"it-IT\"},{\"@type\":\"WebPage\",\"@id\":\"https:\\\/\\\/www.iemj.org\\\/it\\\/fromental-halevy-airs-dopera-et-chants-synagogaux\\\/\",\"url\":\"https:\\\/\\\/www.iemj.org\\\/it\\\/fromental-halevy-airs-dopera-et-chants-synagogaux\\\/\",\"name\":\"Fromental Hal\u00e9vy, arie d'opera e canti sinagogali - Institut Europ\u00e9en des Musiques Juives\",\"isPartOf\":{\"@id\":\"https:\\\/\\\/www.iemj.org\\\/it\\\/#website\"},\"primaryImageOfPage\":{\"@id\":\"https:\\\/\\\/www.iemj.org\\\/it\\\/fromental-halevy-airs-dopera-et-chants-synagogaux\\\/#primaryimage\"},\"image\":{\"@id\":\"https:\\\/\\\/www.iemj.org\\\/it\\\/fromental-halevy-airs-dopera-et-chants-synagogaux\\\/#primaryimage\"},\"thumbnailUrl\":\"https:\\\/\\\/www.iemj.org\\\/wp-content\\\/uploads\\\/2021\\\/02\\\/arton5001.jpg\",\"datePublished\":\"2021-02-03T14:47:27+00:00\",\"dateModified\":\"2024-02-15T17:06:11+00:00\",\"breadcrumb\":{\"@id\":\"https:\\\/\\\/www.iemj.org\\\/it\\\/fromental-halevy-airs-dopera-et-chants-synagogaux\\\/#breadcrumb\"},\"inLanguage\":\"it-IT\",\"potentialAction\":[{\"@type\":\"ReadAction\",\"target\":[\"https:\\\/\\\/www.iemj.org\\\/it\\\/fromental-halevy-airs-dopera-et-chants-synagogaux\\\/\"]}]},{\"@type\":\"ImageObject\",\"inLanguage\":\"it-IT\",\"@id\":\"https:\\\/\\\/www.iemj.org\\\/it\\\/fromental-halevy-airs-dopera-et-chants-synagogaux\\\/#primaryimage\",\"url\":\"https:\\\/\\\/www.iemj.org\\\/wp-content\\\/uploads\\\/2021\\\/02\\\/arton5001.jpg\",\"contentUrl\":\"https:\\\/\\\/www.iemj.org\\\/wp-content\\\/uploads\\\/2021\\\/02\\\/arton5001.jpg\",\"width\":300,\"height\":300},{\"@type\":\"BreadcrumbList\",\"@id\":\"https:\\\/\\\/www.iemj.org\\\/it\\\/fromental-halevy-airs-dopera-et-chants-synagogaux\\\/#breadcrumb\",\"itemListElement\":[{\"@type\":\"ListItem\",\"position\":1,\"name\":\"Accueil\",\"item\":\"https:\\\/\\\/www.iemj.org\\\/it\\\/\"},{\"@type\":\"ListItem\",\"position\":2,\"name\":\"Fromental Hal\u00e9vy, arie d&#8217;opera e canti sinagogali\"}]},{\"@type\":\"WebSite\",\"@id\":\"https:\\\/\\\/www.iemj.org\\\/it\\\/#website\",\"url\":\"https:\\\/\\\/www.iemj.org\\\/it\\\/\",\"name\":\"Institut Europ\u00e9en des Musiques Juives\",\"description\":\"Des traditions musicales \u00e0 la port\u00e9e de tous\",\"publisher\":{\"@id\":\"https:\\\/\\\/www.iemj.org\\\/it\\\/#organization\"},\"potentialAction\":[{\"@type\":\"SearchAction\",\"target\":{\"@type\":\"EntryPoint\",\"urlTemplate\":\"https:\\\/\\\/www.iemj.org\\\/it\\\/?s={search_term_string}\"},\"query-input\":{\"@type\":\"PropertyValueSpecification\",\"valueRequired\":true,\"valueName\":\"search_term_string\"}}],\"inLanguage\":\"it-IT\"},{\"@type\":\"Organization\",\"@id\":\"https:\\\/\\\/www.iemj.org\\\/it\\\/#organization\",\"name\":\"Institut Europ\u00e9en des Musiques Juives\",\"url\":\"https:\\\/\\\/www.iemj.org\\\/it\\\/\",\"logo\":{\"@type\":\"ImageObject\",\"inLanguage\":\"it-IT\",\"@id\":\"https:\\\/\\\/www.iemj.org\\\/it\\\/#\\\/schema\\\/logo\\\/image\\\/\",\"url\":\"https:\\\/\\\/www.iemj.org\\\/wp-content\\\/uploads\\\/2021\\\/09\\\/Logo-IEMJ-Paypal.jpg\",\"contentUrl\":\"https:\\\/\\\/www.iemj.org\\\/wp-content\\\/uploads\\\/2021\\\/09\\\/Logo-IEMJ-Paypal.jpg\",\"width\":150,\"height\":50,\"caption\":\"Institut Europ\u00e9en des Musiques Juives\"},\"image\":{\"@id\":\"https:\\\/\\\/www.iemj.org\\\/it\\\/#\\\/schema\\\/logo\\\/image\\\/\"},\"sameAs\":[\"https:\\\/\\\/www.facebook.com\\\/MusiquesJuives\\\/\",\"https:\\\/\\\/www.instagram.com\\\/musiquesjuives\\\/\",\"https:\\\/\\\/www.youtube.com\\\/user\\\/musiquesjuives\"]},{\"@type\":\"Person\",\"@id\":\"https:\\\/\\\/www.iemj.org\\\/it\\\/#\\\/schema\\\/person\\\/906134402c29d5c76e7b726261dd4bbd\",\"name\":\"Herv\u00e9 Roten\",\"image\":{\"@type\":\"ImageObject\",\"inLanguage\":\"it-IT\",\"@id\":\"https:\\\/\\\/secure.gravatar.com\\\/avatar\\\/f96ad2db538a26481f18384936b5cd0610c92d390c4dc382209216d455f685ff?s=96&d=mm&r=g\",\"url\":\"https:\\\/\\\/secure.gravatar.com\\\/avatar\\\/f96ad2db538a26481f18384936b5cd0610c92d390c4dc382209216d455f685ff?s=96&d=mm&r=g\",\"contentUrl\":\"https:\\\/\\\/secure.gravatar.com\\\/avatar\\\/f96ad2db538a26481f18384936b5cd0610c92d390c4dc382209216d455f685ff?s=96&d=mm&r=g\",\"caption\":\"Herv\u00e9 Roten\"}}]}<\/script>\n<!-- \/ Yoast SEO plugin. -->","yoast_head_json":{"title":"Fromental Hal\u00e9vy, arie d'opera e canti sinagogali - Institut Europ\u00e9en des Musiques Juives","robots":{"index":"index","follow":"follow","max-snippet":"max-snippet:-1","max-image-preview":"max-image-preview:large","max-video-preview":"max-video-preview:-1"},"canonical":"https:\/\/www.iemj.org\/it\/fromental-halevy-airs-dopera-et-chants-synagogaux\/","og_locale":"it_IT","og_type":"article","og_title":"Fromental Hal\u00e9vy, arie d'opera e canti sinagogali - Institut Europ\u00e9en des Musiques Juives","og_description":"La seguente playlist offre un estratto dall&#8217;opera La Juive (1835), seguito da diversi salmi, come Mizmor lessodo (ps. 100), Adochem Zehonorou (ps. 115), Min hametsar (ps. 118) od ancora Mimaamakim","og_url":"https:\/\/www.iemj.org\/it\/fromental-halevy-airs-dopera-et-chants-synagogaux\/","og_site_name":"Institut Europ\u00e9en des Musiques Juives","article_publisher":"https:\/\/www.facebook.com\/MusiquesJuives\/","article_published_time":"2021-02-03T14:47:27+00:00","article_modified_time":"2024-02-15T17:06:11+00:00","og_image":[{"width":300,"height":300,"url":"https:\/\/www.iemj.org\/wp-content\/uploads\/2021\/02\/arton5001.jpg","type":"image\/jpeg"}],"author":"Herv\u00e9 Roten","twitter_card":"summary_large_image","twitter_misc":{"Scritto da":"Herv\u00e9 Roten","Tempo di lettura stimato":"3 minuti"},"schema":{"@context":"https:\/\/schema.org","@graph":[{"@type":"Article","@id":"https:\/\/www.iemj.org\/it\/fromental-halevy-airs-dopera-et-chants-synagogaux\/#article","isPartOf":{"@id":"https:\/\/www.iemj.org\/it\/fromental-halevy-airs-dopera-et-chants-synagogaux\/"},"author":{"name":"Herv\u00e9 Roten","@id":"https:\/\/www.iemj.org\/it\/#\/schema\/person\/906134402c29d5c76e7b726261dd4bbd"},"headline":"Fromental Hal\u00e9vy, arie d&#8217;opera e canti sinagogali","datePublished":"2021-02-03T14:47:27+00:00","dateModified":"2024-02-15T17:06:11+00:00","mainEntityOfPage":{"@id":"https:\/\/www.iemj.org\/it\/fromental-halevy-airs-dopera-et-chants-synagogaux\/"},"wordCount":412,"publisher":{"@id":"https:\/\/www.iemj.org\/it\/#organization"},"image":{"@id":"https:\/\/www.iemj.org\/it\/fromental-halevy-airs-dopera-et-chants-synagogaux\/#primaryimage"},"thumbnailUrl":"https:\/\/www.iemj.org\/wp-content\/uploads\/2021\/02\/arton5001.jpg","articleSection":["Playlist"],"inLanguage":"it-IT"},{"@type":"WebPage","@id":"https:\/\/www.iemj.org\/it\/fromental-halevy-airs-dopera-et-chants-synagogaux\/","url":"https:\/\/www.iemj.org\/it\/fromental-halevy-airs-dopera-et-chants-synagogaux\/","name":"Fromental Hal\u00e9vy, arie d'opera e canti sinagogali - Institut Europ\u00e9en des Musiques Juives","isPartOf":{"@id":"https:\/\/www.iemj.org\/it\/#website"},"primaryImageOfPage":{"@id":"https:\/\/www.iemj.org\/it\/fromental-halevy-airs-dopera-et-chants-synagogaux\/#primaryimage"},"image":{"@id":"https:\/\/www.iemj.org\/it\/fromental-halevy-airs-dopera-et-chants-synagogaux\/#primaryimage"},"thumbnailUrl":"https:\/\/www.iemj.org\/wp-content\/uploads\/2021\/02\/arton5001.jpg","datePublished":"2021-02-03T14:47:27+00:00","dateModified":"2024-02-15T17:06:11+00:00","breadcrumb":{"@id":"https:\/\/www.iemj.org\/it\/fromental-halevy-airs-dopera-et-chants-synagogaux\/#breadcrumb"},"inLanguage":"it-IT","potentialAction":[{"@type":"ReadAction","target":["https:\/\/www.iemj.org\/it\/fromental-halevy-airs-dopera-et-chants-synagogaux\/"]}]},{"@type":"ImageObject","inLanguage":"it-IT","@id":"https:\/\/www.iemj.org\/it\/fromental-halevy-airs-dopera-et-chants-synagogaux\/#primaryimage","url":"https:\/\/www.iemj.org\/wp-content\/uploads\/2021\/02\/arton5001.jpg","contentUrl":"https:\/\/www.iemj.org\/wp-content\/uploads\/2021\/02\/arton5001.jpg","width":300,"height":300},{"@type":"BreadcrumbList","@id":"https:\/\/www.iemj.org\/it\/fromental-halevy-airs-dopera-et-chants-synagogaux\/#breadcrumb","itemListElement":[{"@type":"ListItem","position":1,"name":"Accueil","item":"https:\/\/www.iemj.org\/it\/"},{"@type":"ListItem","position":2,"name":"Fromental Hal\u00e9vy, arie d&#8217;opera e canti sinagogali"}]},{"@type":"WebSite","@id":"https:\/\/www.iemj.org\/it\/#website","url":"https:\/\/www.iemj.org\/it\/","name":"Institut Europ\u00e9en des Musiques Juives","description":"Des traditions musicales \u00e0 la port\u00e9e de tous","publisher":{"@id":"https:\/\/www.iemj.org\/it\/#organization"},"potentialAction":[{"@type":"SearchAction","target":{"@type":"EntryPoint","urlTemplate":"https:\/\/www.iemj.org\/it\/?s={search_term_string}"},"query-input":{"@type":"PropertyValueSpecification","valueRequired":true,"valueName":"search_term_string"}}],"inLanguage":"it-IT"},{"@type":"Organization","@id":"https:\/\/www.iemj.org\/it\/#organization","name":"Institut Europ\u00e9en des Musiques Juives","url":"https:\/\/www.iemj.org\/it\/","logo":{"@type":"ImageObject","inLanguage":"it-IT","@id":"https:\/\/www.iemj.org\/it\/#\/schema\/logo\/image\/","url":"https:\/\/www.iemj.org\/wp-content\/uploads\/2021\/09\/Logo-IEMJ-Paypal.jpg","contentUrl":"https:\/\/www.iemj.org\/wp-content\/uploads\/2021\/09\/Logo-IEMJ-Paypal.jpg","width":150,"height":50,"caption":"Institut Europ\u00e9en des Musiques Juives"},"image":{"@id":"https:\/\/www.iemj.org\/it\/#\/schema\/logo\/image\/"},"sameAs":["https:\/\/www.facebook.com\/MusiquesJuives\/","https:\/\/www.instagram.com\/musiquesjuives\/","https:\/\/www.youtube.com\/user\/musiquesjuives"]},{"@type":"Person","@id":"https:\/\/www.iemj.org\/it\/#\/schema\/person\/906134402c29d5c76e7b726261dd4bbd","name":"Herv\u00e9 Roten","image":{"@type":"ImageObject","inLanguage":"it-IT","@id":"https:\/\/secure.gravatar.com\/avatar\/f96ad2db538a26481f18384936b5cd0610c92d390c4dc382209216d455f685ff?s=96&d=mm&r=g","url":"https:\/\/secure.gravatar.com\/avatar\/f96ad2db538a26481f18384936b5cd0610c92d390c4dc382209216d455f685ff?s=96&d=mm&r=g","contentUrl":"https:\/\/secure.gravatar.com\/avatar\/f96ad2db538a26481f18384936b5cd0610c92d390c4dc382209216d455f685ff?s=96&d=mm&r=g","caption":"Herv\u00e9 Roten"}}]}},"_links":{"self":[{"href":"https:\/\/www.iemj.org\/it\/wp-json\/wp\/v2\/posts\/77717","targetHints":{"allow":["GET"]}}],"collection":[{"href":"https:\/\/www.iemj.org\/it\/wp-json\/wp\/v2\/posts"}],"about":[{"href":"https:\/\/www.iemj.org\/it\/wp-json\/wp\/v2\/types\/post"}],"author":[{"embeddable":true,"href":"https:\/\/www.iemj.org\/it\/wp-json\/wp\/v2\/users\/1045"}],"replies":[{"embeddable":true,"href":"https:\/\/www.iemj.org\/it\/wp-json\/wp\/v2\/comments?post=77717"}],"version-history":[{"count":0,"href":"https:\/\/www.iemj.org\/it\/wp-json\/wp\/v2\/posts\/77717\/revisions"}],"wp:featuredmedia":[{"embeddable":true,"href":"https:\/\/www.iemj.org\/it\/wp-json\/wp\/v2\/media\/77718"}],"wp:attachment":[{"href":"https:\/\/www.iemj.org\/it\/wp-json\/wp\/v2\/media?parent=77717"}],"wp:term":[{"taxonomy":"category","embeddable":true,"href":"https:\/\/www.iemj.org\/it\/wp-json\/wp\/v2\/categories?post=77717"},{"taxonomy":"post_tag","embeddable":true,"href":"https:\/\/www.iemj.org\/it\/wp-json\/wp\/v2\/tags?post=77717"},{"taxonomy":"technique","embeddable":true,"href":"https:\/\/www.iemj.org\/it\/wp-json\/wp\/v2\/technique?post=77717"},{"taxonomy":"squelettes","embeddable":true,"href":"https:\/\/www.iemj.org\/it\/wp-json\/wp\/v2\/squelettes?post=77717"},{"taxonomy":"sujet","embeddable":true,"href":"https:\/\/www.iemj.org\/it\/wp-json\/wp\/v2\/sujet?post=77717"},{"taxonomy":"formation","embeddable":true,"href":"https:\/\/www.iemj.org\/it\/wp-json\/wp\/v2\/formation?post=77717"},{"taxonomy":"genre","embeddable":true,"href":"https:\/\/www.iemj.org\/it\/wp-json\/wp\/v2\/genre?post=77717"},{"taxonomy":"fonds","embeddable":true,"href":"https:\/\/www.iemj.org\/it\/wp-json\/wp\/v2\/fonds?post=77717"},{"taxonomy":"tradition","embeddable":true,"href":"https:\/\/www.iemj.org\/it\/wp-json\/wp\/v2\/tradition?post=77717"},{"taxonomy":"type-de-contenu","embeddable":true,"href":"https:\/\/www.iemj.org\/it\/wp-json\/wp\/v2\/type-de-contenu?post=77717"},{"taxonomy":"interprete-compositeur","embeddable":true,"href":"https:\/\/www.iemj.org\/it\/wp-json\/wp\/v2\/interprete-compositeur?post=77717"},{"taxonomy":"frise","embeddable":true,"href":"https:\/\/www.iemj.org\/it\/wp-json\/wp\/v2\/frise?post=77717"},{"taxonomy":"type-devenement","embeddable":true,"href":"https:\/\/www.iemj.org\/it\/wp-json\/wp\/v2\/type-devenement?post=77717"},{"taxonomy":"tableaux-liens-externes","embeddable":true,"href":"https:\/\/www.iemj.org\/it\/wp-json\/wp\/v2\/tableaux-liens-externes?post=77717"}],"curies":[{"name":"wp","href":"https:\/\/api.w.org\/{rel}","templated":true}]}}