{"id":77726,"date":"2021-01-27T09:47:45","date_gmt":"2021-01-27T08:47:45","guid":{"rendered":"https:\/\/www.iemj.org\/klezmer-bands-made-in-france\/"},"modified":"2024-02-16T12:42:22","modified_gmt":"2024-02-16T11:42:22","slug":"klezmer-bands-made-in-france","status":"publish","type":"post","link":"https:\/\/www.iemj.org\/it\/klezmer-bands-made-in-france\/","title":{"rendered":"I gruppi di musica klezmer \u00ab made in France \u00bb"},"content":{"rendered":"<p><strong>Una selezione di brani di musica klezmer, eseguiti da artisti francesi, come Kalarash, Denis Cuniot, Les Oreilles d&#8217;Aman e molti altri<\/strong><\/p>\n<p>I musicisti ed i gruppi musicali klezmer stanno fiorendo in tutto il mondo, in particolare negli Stati Uniti, Israele, Germania, Olanda\u2026 Ma anche in Francia! In effetti, i klezmorim francesi mostrano un vero talento nell&#8217;interpretare questo folclore dell&#8217;Europa orientale, e questo ai quattro angoli della Francia. Che siano giovani o meno giovani, dilettanti o professionisti, giovani debuttanti o dinosauri della scena, che suonano in modo tradizionale o pi\u00f9 libero, questi musicisti sono all\u2019immagine della Francia: eclettici, multiculturali, liberi ed aperti.<\/p>\n<p>Goditevi questa selezione di brani di musica klezmer, \u201cmade in France\u201d\u2026 Cocorico!<\/p>\n<p>Visitate i siti ufficiali degli artisti di questa playlist: <a href=\"https:\/\/www.eleonorebiezunski.com\/yerushe\">Yerushe<\/a>, <a href=\"https:\/\/mishmashetcompagnie.com\/\">le Petit Mish-Mash<\/a>, <a href=\"https:\/\/www.gefilte-swing.fr\/\">Gefilte Swing<\/a>, <a href=\"https:\/\/www.bubbeymayse.com\/\">les Bubbey Mayse<\/a>, <a href=\"http:\/\/kalarash.com\/\">Kalarash<\/a>, <a href=\"http:\/\/www.deniscuniot.fr\/\">Denis Cuniot<\/a>, <a href=\"https:\/\/www.amit-weisberger.com\/\">Trio Weisberger-Branthomme-Trestian<\/a>, <a href=\"https:\/\/www.kiforkestra.com\/\">KIF orkestra<\/a>, <a href=\"http:\/\/klezmer13.com\/\">les Oreilles d&#8217;Aman<\/a>, <a href=\"https:\/\/www.ericslabiak.com\/biographie\/\">Josef Josef<\/a><\/p>\n<p><a href=\"https:\/\/www.iemj.org\/it\/le-klezmer-musique-dhier-et-daujourdhui\/\" target=\"_blank\" rel=\"noopener\">Ulteriori informazioni sulla musica klezmer<\/a><br \/><a href=\"https:\/\/www.iemj.org\/it\/categorie-produit\/cd-it\/\" target=\"_blank\" rel=\"noopener\">Ritrovate molti di questi titoli nella loro integralit\u00e0 nei CD in vendita sul nostro sito online<\/a><\/p>\n\n\n<div class=\"wp-block-file\"><a id=\"wp-block-file--media-987dad10-7818-44c0-a645-c800c29bf488\" href=\"https:\/\/www.iemj.org\/wp-content\/uploads\/2021\/01\/1__cd_648_07.mp3\">Yerushe &#8211; Barkagan\u2019s Dobriden<\/a><\/div>\n\n\n\n<div class=\"wp-block-file\"><a id=\"wp-block-file--media-b3c20015-7cbe-494b-8352-355c4894303d\" href=\"https:\/\/www.iemj.org\/wp-content\/uploads\/2021\/01\/2_cd_1447_04.mp3\">Le Petit Mish Mash &#8211; The Runaway Bulgar (extrait)<\/a><\/div>\n\n\n\n<div class=\"wp-block-file\"><a id=\"wp-block-file--media-5919ad2f-a0ec-4556-bbc4-d7fad26b9d86\" href=\"https:\/\/www.iemj.org\/wp-content\/uploads\/2021\/01\/3_cd_1359_12.mp3\">Gefilte Swing &#8211; Yid Un Goy Fantasy (extrait)<\/a><\/div>\n\n\n\n<div class=\"wp-block-file\"><a id=\"wp-block-file--media-a44cb138-89b7-4c84-a140-9c6713ca5a82\" href=\"https:\/\/www.iemj.org\/wp-content\/uploads\/2021\/01\/4_cd_890_06.mp3\">Les Bubbey Mayse &#8211; Shp\u00eelkes in kop (extrait)<\/a><\/div>\n\n\n\n<div class=\"wp-block-file\"><a id=\"wp-block-file--media-8619e5cb-33da-42f7-a33c-5c5d8b720c51\" href=\"https:\/\/www.iemj.org\/wp-content\/uploads\/2021\/01\/5_cd_1454_12.mp3\">Kalarash &#8211; Mazltov Zelda (extrait)<\/a><\/div>\n\n\n\n<div class=\"wp-block-file\"><a id=\"wp-block-file--media-bb03ffa4-3078-416b-9676-117d32f8b150\" href=\"https:\/\/www.iemj.org\/wp-content\/uploads\/2021\/01\/6_cd_616_10.mp3\">Shpilkes &#8211; Freylekhs (extrait)<\/a><\/div>\n\n\n\n<div class=\"wp-block-file\"><a id=\"wp-block-file--media-72c7c723-fc89-4ed9-9445-b417c0d8551a\" href=\"https:\/\/www.iemj.org\/wp-content\/uploads\/2021\/01\/7_cd_463_07.mp3\">Denis Cuniot &#8211; Firen di Mekhutonim aheym (extrait)<\/a><\/div>\n\n\n\n<div class=\"wp-block-file\"><a id=\"wp-block-file--media-0e1d0a2e-7b44-499e-8bc8-e838a9e7bb27\" href=\"https:\/\/www.iemj.org\/wp-content\/uploads\/2021\/01\/8_cd_427_02.mp3\">Trio Klezele &#8211; Glatter Bulgar (extrait)<\/a><\/div>\n\n\n\n<div class=\"wp-block-file\"><a id=\"wp-block-file--media-1b112c63-95a8-48fd-b900-3bb0e81b759f\" href=\"https:\/\/www.iemj.org\/wp-content\/uploads\/2021\/01\/9_cd_617_13.mp3\">Trio Weisberger-Branthomme-Trestian &#8211; Lemish sher<\/a><\/div>\n\n\n\n<div class=\"wp-block-file\"><a id=\"wp-block-file--media-3cc181c5-ec52-4a16-a915-3a1c7a60dc79\" href=\"https:\/\/www.iemj.org\/wp-content\/uploads\/2021\/01\/10_cd_960_09.mp3\">KIF Orkestra &#8211; Berdichever khosidl (extrait)<\/a><\/div>\n\n\n\n<div class=\"wp-block-file\"><a id=\"wp-block-file--media-6a3493f9-b459-4ec0-b383-0d9a73740782\" href=\"https:\/\/www.iemj.org\/wp-content\/uploads\/2021\/01\/11_cd_695_02.mp3\">Glik &#8211; Rumenishe fantazie (extrait)<\/a><\/div>\n\n\n\n<div class=\"wp-block-file\"><a id=\"wp-block-file--media-7d8ac74d-3be3-426c-9385-9a9e341a5e63\" href=\"https:\/\/www.iemj.org\/wp-content\/uploads\/2021\/01\/12_cd_1496_06.mp3\">Les Oreilles d&#8217;Aman &#8211; Finale (extrait)<\/a><\/div>\n\n\n\n<div class=\"wp-block-file\"><a id=\"wp-block-file--media-b5fb22f6-5077-4636-8d07-5212ffc2799d\" href=\"https:\/\/www.iemj.org\/wp-content\/uploads\/2021\/01\/cd_1495_01.mp3\">Josef Josef &#8211; Chelipe (extrait)<\/a><\/div>\n\n\n\n<figure class=\"wp-block-image size-large\"><img fetchpriority=\"high\" decoding=\"async\" width=\"1024\" height=\"146\" src=\"https:\/\/www.iemj.org\/wp-content\/uploads\/2023\/01\/Bandeau-Playlist_IT2-1024x146.jpg\" alt=\"\" class=\"wp-image-93106\" srcset=\"https:\/\/www.iemj.org\/wp-content\/uploads\/2023\/01\/Bandeau-Playlist_IT2-1024x146.jpg 1024w, https:\/\/www.iemj.org\/wp-content\/uploads\/2023\/01\/Bandeau-Playlist_IT2-300x43.jpg 300w, https:\/\/www.iemj.org\/wp-content\/uploads\/2023\/01\/Bandeau-Playlist_IT2-768x110.jpg 768w, https:\/\/www.iemj.org\/wp-content\/uploads\/2023\/01\/Bandeau-Playlist_IT2-1536x220.jpg 1536w, https:\/\/www.iemj.org\/wp-content\/uploads\/2023\/01\/Bandeau-Playlist_IT2-600x86.jpg 600w, https:\/\/www.iemj.org\/wp-content\/uploads\/2023\/01\/Bandeau-Playlist_IT2.jpg 1608w\" sizes=\"(max-width: 1024px) 100vw, 1024px\" \/><\/figure>\n","protected":false},"excerpt":{"rendered":"<p>Una selezione di brani di musica klezmer, eseguiti da artisti francesi, come Kalarash, Denis Cuniot, Les Oreilles d&#8217;Aman e molti altri I musicisti ed i gruppi musicali klezmer stanno fiorendo<\/p>\n","protected":false},"author":1048,"featured_media":104358,"comment_status":"closed","ping_status":"closed","sticky":false,"template":"","format":"standard","meta":{"_acf_changed":false,"footnotes":""},"categories":[1536],"tags":[],"technique":[],"squelettes":[],"sujet":[],"formation":[],"genre":[1874],"fonds":[],"tradition":[],"type-de-contenu":[],"interprete-compositeur":[],"frise":[],"type-devenement":[],"tableaux-liens-externes":[],"class_list":["post-77726","post","type-post","status-publish","format-standard","has-post-thumbnail","hentry","category-playlist-it","genre-klezmer-it"],"acf":[],"yoast_head":"<!-- This site is optimized with the Yoast SEO plugin v27.3 - https:\/\/yoast.com\/product\/yoast-seo-wordpress\/ -->\n<title>I gruppi di musica klezmer \u00ab made in France \u00bb - Institut Europ\u00e9en des Musiques Juives<\/title>\n<meta name=\"robots\" content=\"index, follow, max-snippet:-1, max-image-preview:large, max-video-preview:-1\" \/>\n<link rel=\"canonical\" href=\"https:\/\/www.iemj.org\/it\/klezmer-bands-made-in-france\/\" \/>\n<meta property=\"og:locale\" content=\"it_IT\" \/>\n<meta property=\"og:type\" content=\"article\" \/>\n<meta property=\"og:title\" content=\"I gruppi di musica klezmer \u00ab made in France \u00bb - Institut Europ\u00e9en des Musiques Juives\" \/>\n<meta property=\"og:description\" content=\"Una selezione di brani di musica klezmer, eseguiti da artisti francesi, come Kalarash, Denis Cuniot, Les Oreilles d&#8217;Aman e molti altri I musicisti ed i gruppi musicali klezmer stanno fiorendo\" \/>\n<meta property=\"og:url\" content=\"https:\/\/www.iemj.org\/it\/klezmer-bands-made-in-france\/\" \/>\n<meta property=\"og:site_name\" content=\"Institut Europ\u00e9en des Musiques Juives\" \/>\n<meta property=\"article:publisher\" content=\"https:\/\/www.facebook.com\/MusiquesJuives\/\" \/>\n<meta property=\"article:published_time\" content=\"2021-01-27T08:47:45+00:00\" \/>\n<meta property=\"article:modified_time\" content=\"2024-02-16T11:42:22+00:00\" \/>\n<meta property=\"og:image\" content=\"https:\/\/www.iemj.org\/wp-content\/uploads\/2021\/01\/Logo-article.jpg\" \/>\n\t<meta property=\"og:image:width\" content=\"500\" \/>\n\t<meta property=\"og:image:height\" content=\"500\" \/>\n\t<meta property=\"og:image:type\" content=\"image\/jpeg\" \/>\n<meta name=\"author\" content=\"Jean-Gabriel Davis\" \/>\n<meta name=\"twitter:card\" content=\"summary_large_image\" \/>\n<meta name=\"twitter:label1\" content=\"Scritto da\" \/>\n\t<meta name=\"twitter:data1\" content=\"Jean-Gabriel Davis\" \/>\n\t<meta name=\"twitter:label2\" content=\"Tempo di lettura stimato\" \/>\n\t<meta name=\"twitter:data2\" content=\"2 minuti\" \/>\n<script type=\"application\/ld+json\" class=\"yoast-schema-graph\">{\"@context\":\"https:\\\/\\\/schema.org\",\"@graph\":[{\"@type\":\"Article\",\"@id\":\"https:\\\/\\\/www.iemj.org\\\/it\\\/klezmer-bands-made-in-france\\\/#article\",\"isPartOf\":{\"@id\":\"https:\\\/\\\/www.iemj.org\\\/it\\\/klezmer-bands-made-in-france\\\/\"},\"author\":{\"name\":\"Jean-Gabriel Davis\",\"@id\":\"https:\\\/\\\/www.iemj.org\\\/it\\\/#\\\/schema\\\/person\\\/c9bc1c386a3749579a2d675e72a18666\"},\"headline\":\"I gruppi di musica klezmer \u00ab made in France \u00bb\",\"datePublished\":\"2021-01-27T08:47:45+00:00\",\"dateModified\":\"2024-02-16T11:42:22+00:00\",\"mainEntityOfPage\":{\"@id\":\"https:\\\/\\\/www.iemj.org\\\/it\\\/klezmer-bands-made-in-france\\\/\"},\"wordCount\":259,\"publisher\":{\"@id\":\"https:\\\/\\\/www.iemj.org\\\/it\\\/#organization\"},\"image\":{\"@id\":\"https:\\\/\\\/www.iemj.org\\\/it\\\/klezmer-bands-made-in-france\\\/#primaryimage\"},\"thumbnailUrl\":\"https:\\\/\\\/www.iemj.org\\\/wp-content\\\/uploads\\\/2021\\\/01\\\/Logo-article.jpg\",\"articleSection\":[\"Playlist\"],\"inLanguage\":\"it-IT\"},{\"@type\":\"WebPage\",\"@id\":\"https:\\\/\\\/www.iemj.org\\\/it\\\/klezmer-bands-made-in-france\\\/\",\"url\":\"https:\\\/\\\/www.iemj.org\\\/it\\\/klezmer-bands-made-in-france\\\/\",\"name\":\"I gruppi di musica klezmer \u00ab made in France \u00bb - Institut Europ\u00e9en des Musiques Juives\",\"isPartOf\":{\"@id\":\"https:\\\/\\\/www.iemj.org\\\/it\\\/#website\"},\"primaryImageOfPage\":{\"@id\":\"https:\\\/\\\/www.iemj.org\\\/it\\\/klezmer-bands-made-in-france\\\/#primaryimage\"},\"image\":{\"@id\":\"https:\\\/\\\/www.iemj.org\\\/it\\\/klezmer-bands-made-in-france\\\/#primaryimage\"},\"thumbnailUrl\":\"https:\\\/\\\/www.iemj.org\\\/wp-content\\\/uploads\\\/2021\\\/01\\\/Logo-article.jpg\",\"datePublished\":\"2021-01-27T08:47:45+00:00\",\"dateModified\":\"2024-02-16T11:42:22+00:00\",\"breadcrumb\":{\"@id\":\"https:\\\/\\\/www.iemj.org\\\/it\\\/klezmer-bands-made-in-france\\\/#breadcrumb\"},\"inLanguage\":\"it-IT\",\"potentialAction\":[{\"@type\":\"ReadAction\",\"target\":[\"https:\\\/\\\/www.iemj.org\\\/it\\\/klezmer-bands-made-in-france\\\/\"]}]},{\"@type\":\"ImageObject\",\"inLanguage\":\"it-IT\",\"@id\":\"https:\\\/\\\/www.iemj.org\\\/it\\\/klezmer-bands-made-in-france\\\/#primaryimage\",\"url\":\"https:\\\/\\\/www.iemj.org\\\/wp-content\\\/uploads\\\/2021\\\/01\\\/Logo-article.jpg\",\"contentUrl\":\"https:\\\/\\\/www.iemj.org\\\/wp-content\\\/uploads\\\/2021\\\/01\\\/Logo-article.jpg\",\"width\":500,\"height\":500},{\"@type\":\"BreadcrumbList\",\"@id\":\"https:\\\/\\\/www.iemj.org\\\/it\\\/klezmer-bands-made-in-france\\\/#breadcrumb\",\"itemListElement\":[{\"@type\":\"ListItem\",\"position\":1,\"name\":\"Accueil\",\"item\":\"https:\\\/\\\/www.iemj.org\\\/it\\\/\"},{\"@type\":\"ListItem\",\"position\":2,\"name\":\"I gruppi di musica klezmer \u00ab made in France \u00bb\"}]},{\"@type\":\"WebSite\",\"@id\":\"https:\\\/\\\/www.iemj.org\\\/it\\\/#website\",\"url\":\"https:\\\/\\\/www.iemj.org\\\/it\\\/\",\"name\":\"Institut Europ\u00e9en des Musiques Juives\",\"description\":\"Des traditions musicales \u00e0 la port\u00e9e de tous\",\"publisher\":{\"@id\":\"https:\\\/\\\/www.iemj.org\\\/it\\\/#organization\"},\"potentialAction\":[{\"@type\":\"SearchAction\",\"target\":{\"@type\":\"EntryPoint\",\"urlTemplate\":\"https:\\\/\\\/www.iemj.org\\\/it\\\/?s={search_term_string}\"},\"query-input\":{\"@type\":\"PropertyValueSpecification\",\"valueRequired\":true,\"valueName\":\"search_term_string\"}}],\"inLanguage\":\"it-IT\"},{\"@type\":\"Organization\",\"@id\":\"https:\\\/\\\/www.iemj.org\\\/it\\\/#organization\",\"name\":\"Institut Europ\u00e9en des Musiques Juives\",\"url\":\"https:\\\/\\\/www.iemj.org\\\/it\\\/\",\"logo\":{\"@type\":\"ImageObject\",\"inLanguage\":\"it-IT\",\"@id\":\"https:\\\/\\\/www.iemj.org\\\/it\\\/#\\\/schema\\\/logo\\\/image\\\/\",\"url\":\"https:\\\/\\\/www.iemj.org\\\/wp-content\\\/uploads\\\/2021\\\/09\\\/Logo-IEMJ-Paypal.jpg\",\"contentUrl\":\"https:\\\/\\\/www.iemj.org\\\/wp-content\\\/uploads\\\/2021\\\/09\\\/Logo-IEMJ-Paypal.jpg\",\"width\":150,\"height\":50,\"caption\":\"Institut Europ\u00e9en des Musiques Juives\"},\"image\":{\"@id\":\"https:\\\/\\\/www.iemj.org\\\/it\\\/#\\\/schema\\\/logo\\\/image\\\/\"},\"sameAs\":[\"https:\\\/\\\/www.facebook.com\\\/MusiquesJuives\\\/\",\"https:\\\/\\\/www.instagram.com\\\/musiquesjuives\\\/\",\"https:\\\/\\\/www.youtube.com\\\/user\\\/musiquesjuives\"]},{\"@type\":\"Person\",\"@id\":\"https:\\\/\\\/www.iemj.org\\\/it\\\/#\\\/schema\\\/person\\\/c9bc1c386a3749579a2d675e72a18666\",\"name\":\"Jean-Gabriel Davis\",\"image\":{\"@type\":\"ImageObject\",\"inLanguage\":\"it-IT\",\"@id\":\"https:\\\/\\\/secure.gravatar.com\\\/avatar\\\/2b90d67bdf392c9b3a21fab87c0fa7edaf1fb3a058172a1ffd61033fcec7aec1?s=96&d=mm&r=g\",\"url\":\"https:\\\/\\\/secure.gravatar.com\\\/avatar\\\/2b90d67bdf392c9b3a21fab87c0fa7edaf1fb3a058172a1ffd61033fcec7aec1?s=96&d=mm&r=g\",\"contentUrl\":\"https:\\\/\\\/secure.gravatar.com\\\/avatar\\\/2b90d67bdf392c9b3a21fab87c0fa7edaf1fb3a058172a1ffd61033fcec7aec1?s=96&d=mm&r=g\",\"caption\":\"Jean-Gabriel Davis\"}}]}<\/script>\n<!-- \/ Yoast SEO plugin. -->","yoast_head_json":{"title":"I gruppi di musica klezmer \u00ab made in France \u00bb - Institut Europ\u00e9en des Musiques Juives","robots":{"index":"index","follow":"follow","max-snippet":"max-snippet:-1","max-image-preview":"max-image-preview:large","max-video-preview":"max-video-preview:-1"},"canonical":"https:\/\/www.iemj.org\/it\/klezmer-bands-made-in-france\/","og_locale":"it_IT","og_type":"article","og_title":"I gruppi di musica klezmer \u00ab made in France \u00bb - Institut Europ\u00e9en des Musiques Juives","og_description":"Una selezione di brani di musica klezmer, eseguiti da artisti francesi, come Kalarash, Denis Cuniot, Les Oreilles d&#8217;Aman e molti altri I musicisti ed i gruppi musicali klezmer stanno fiorendo","og_url":"https:\/\/www.iemj.org\/it\/klezmer-bands-made-in-france\/","og_site_name":"Institut Europ\u00e9en des Musiques Juives","article_publisher":"https:\/\/www.facebook.com\/MusiquesJuives\/","article_published_time":"2021-01-27T08:47:45+00:00","article_modified_time":"2024-02-16T11:42:22+00:00","og_image":[{"width":500,"height":500,"url":"https:\/\/www.iemj.org\/wp-content\/uploads\/2021\/01\/Logo-article.jpg","type":"image\/jpeg"}],"author":"Jean-Gabriel Davis","twitter_card":"summary_large_image","twitter_misc":{"Scritto da":"Jean-Gabriel Davis","Tempo di lettura stimato":"2 minuti"},"schema":{"@context":"https:\/\/schema.org","@graph":[{"@type":"Article","@id":"https:\/\/www.iemj.org\/it\/klezmer-bands-made-in-france\/#article","isPartOf":{"@id":"https:\/\/www.iemj.org\/it\/klezmer-bands-made-in-france\/"},"author":{"name":"Jean-Gabriel Davis","@id":"https:\/\/www.iemj.org\/it\/#\/schema\/person\/c9bc1c386a3749579a2d675e72a18666"},"headline":"I gruppi di musica klezmer \u00ab made in France \u00bb","datePublished":"2021-01-27T08:47:45+00:00","dateModified":"2024-02-16T11:42:22+00:00","mainEntityOfPage":{"@id":"https:\/\/www.iemj.org\/it\/klezmer-bands-made-in-france\/"},"wordCount":259,"publisher":{"@id":"https:\/\/www.iemj.org\/it\/#organization"},"image":{"@id":"https:\/\/www.iemj.org\/it\/klezmer-bands-made-in-france\/#primaryimage"},"thumbnailUrl":"https:\/\/www.iemj.org\/wp-content\/uploads\/2021\/01\/Logo-article.jpg","articleSection":["Playlist"],"inLanguage":"it-IT"},{"@type":"WebPage","@id":"https:\/\/www.iemj.org\/it\/klezmer-bands-made-in-france\/","url":"https:\/\/www.iemj.org\/it\/klezmer-bands-made-in-france\/","name":"I gruppi di musica klezmer \u00ab made in France \u00bb - Institut Europ\u00e9en des Musiques Juives","isPartOf":{"@id":"https:\/\/www.iemj.org\/it\/#website"},"primaryImageOfPage":{"@id":"https:\/\/www.iemj.org\/it\/klezmer-bands-made-in-france\/#primaryimage"},"image":{"@id":"https:\/\/www.iemj.org\/it\/klezmer-bands-made-in-france\/#primaryimage"},"thumbnailUrl":"https:\/\/www.iemj.org\/wp-content\/uploads\/2021\/01\/Logo-article.jpg","datePublished":"2021-01-27T08:47:45+00:00","dateModified":"2024-02-16T11:42:22+00:00","breadcrumb":{"@id":"https:\/\/www.iemj.org\/it\/klezmer-bands-made-in-france\/#breadcrumb"},"inLanguage":"it-IT","potentialAction":[{"@type":"ReadAction","target":["https:\/\/www.iemj.org\/it\/klezmer-bands-made-in-france\/"]}]},{"@type":"ImageObject","inLanguage":"it-IT","@id":"https:\/\/www.iemj.org\/it\/klezmer-bands-made-in-france\/#primaryimage","url":"https:\/\/www.iemj.org\/wp-content\/uploads\/2021\/01\/Logo-article.jpg","contentUrl":"https:\/\/www.iemj.org\/wp-content\/uploads\/2021\/01\/Logo-article.jpg","width":500,"height":500},{"@type":"BreadcrumbList","@id":"https:\/\/www.iemj.org\/it\/klezmer-bands-made-in-france\/#breadcrumb","itemListElement":[{"@type":"ListItem","position":1,"name":"Accueil","item":"https:\/\/www.iemj.org\/it\/"},{"@type":"ListItem","position":2,"name":"I gruppi di musica klezmer \u00ab made in France \u00bb"}]},{"@type":"WebSite","@id":"https:\/\/www.iemj.org\/it\/#website","url":"https:\/\/www.iemj.org\/it\/","name":"Institut Europ\u00e9en des Musiques Juives","description":"Des traditions musicales \u00e0 la port\u00e9e de tous","publisher":{"@id":"https:\/\/www.iemj.org\/it\/#organization"},"potentialAction":[{"@type":"SearchAction","target":{"@type":"EntryPoint","urlTemplate":"https:\/\/www.iemj.org\/it\/?s={search_term_string}"},"query-input":{"@type":"PropertyValueSpecification","valueRequired":true,"valueName":"search_term_string"}}],"inLanguage":"it-IT"},{"@type":"Organization","@id":"https:\/\/www.iemj.org\/it\/#organization","name":"Institut Europ\u00e9en des Musiques Juives","url":"https:\/\/www.iemj.org\/it\/","logo":{"@type":"ImageObject","inLanguage":"it-IT","@id":"https:\/\/www.iemj.org\/it\/#\/schema\/logo\/image\/","url":"https:\/\/www.iemj.org\/wp-content\/uploads\/2021\/09\/Logo-IEMJ-Paypal.jpg","contentUrl":"https:\/\/www.iemj.org\/wp-content\/uploads\/2021\/09\/Logo-IEMJ-Paypal.jpg","width":150,"height":50,"caption":"Institut Europ\u00e9en des Musiques Juives"},"image":{"@id":"https:\/\/www.iemj.org\/it\/#\/schema\/logo\/image\/"},"sameAs":["https:\/\/www.facebook.com\/MusiquesJuives\/","https:\/\/www.instagram.com\/musiquesjuives\/","https:\/\/www.youtube.com\/user\/musiquesjuives"]},{"@type":"Person","@id":"https:\/\/www.iemj.org\/it\/#\/schema\/person\/c9bc1c386a3749579a2d675e72a18666","name":"Jean-Gabriel Davis","image":{"@type":"ImageObject","inLanguage":"it-IT","@id":"https:\/\/secure.gravatar.com\/avatar\/2b90d67bdf392c9b3a21fab87c0fa7edaf1fb3a058172a1ffd61033fcec7aec1?s=96&d=mm&r=g","url":"https:\/\/secure.gravatar.com\/avatar\/2b90d67bdf392c9b3a21fab87c0fa7edaf1fb3a058172a1ffd61033fcec7aec1?s=96&d=mm&r=g","contentUrl":"https:\/\/secure.gravatar.com\/avatar\/2b90d67bdf392c9b3a21fab87c0fa7edaf1fb3a058172a1ffd61033fcec7aec1?s=96&d=mm&r=g","caption":"Jean-Gabriel Davis"}}]}},"_links":{"self":[{"href":"https:\/\/www.iemj.org\/it\/wp-json\/wp\/v2\/posts\/77726","targetHints":{"allow":["GET"]}}],"collection":[{"href":"https:\/\/www.iemj.org\/it\/wp-json\/wp\/v2\/posts"}],"about":[{"href":"https:\/\/www.iemj.org\/it\/wp-json\/wp\/v2\/types\/post"}],"author":[{"embeddable":true,"href":"https:\/\/www.iemj.org\/it\/wp-json\/wp\/v2\/users\/1048"}],"replies":[{"embeddable":true,"href":"https:\/\/www.iemj.org\/it\/wp-json\/wp\/v2\/comments?post=77726"}],"version-history":[{"count":0,"href":"https:\/\/www.iemj.org\/it\/wp-json\/wp\/v2\/posts\/77726\/revisions"}],"wp:featuredmedia":[{"embeddable":true,"href":"https:\/\/www.iemj.org\/it\/wp-json\/wp\/v2\/media\/104358"}],"wp:attachment":[{"href":"https:\/\/www.iemj.org\/it\/wp-json\/wp\/v2\/media?parent=77726"}],"wp:term":[{"taxonomy":"category","embeddable":true,"href":"https:\/\/www.iemj.org\/it\/wp-json\/wp\/v2\/categories?post=77726"},{"taxonomy":"post_tag","embeddable":true,"href":"https:\/\/www.iemj.org\/it\/wp-json\/wp\/v2\/tags?post=77726"},{"taxonomy":"technique","embeddable":true,"href":"https:\/\/www.iemj.org\/it\/wp-json\/wp\/v2\/technique?post=77726"},{"taxonomy":"squelettes","embeddable":true,"href":"https:\/\/www.iemj.org\/it\/wp-json\/wp\/v2\/squelettes?post=77726"},{"taxonomy":"sujet","embeddable":true,"href":"https:\/\/www.iemj.org\/it\/wp-json\/wp\/v2\/sujet?post=77726"},{"taxonomy":"formation","embeddable":true,"href":"https:\/\/www.iemj.org\/it\/wp-json\/wp\/v2\/formation?post=77726"},{"taxonomy":"genre","embeddable":true,"href":"https:\/\/www.iemj.org\/it\/wp-json\/wp\/v2\/genre?post=77726"},{"taxonomy":"fonds","embeddable":true,"href":"https:\/\/www.iemj.org\/it\/wp-json\/wp\/v2\/fonds?post=77726"},{"taxonomy":"tradition","embeddable":true,"href":"https:\/\/www.iemj.org\/it\/wp-json\/wp\/v2\/tradition?post=77726"},{"taxonomy":"type-de-contenu","embeddable":true,"href":"https:\/\/www.iemj.org\/it\/wp-json\/wp\/v2\/type-de-contenu?post=77726"},{"taxonomy":"interprete-compositeur","embeddable":true,"href":"https:\/\/www.iemj.org\/it\/wp-json\/wp\/v2\/interprete-compositeur?post=77726"},{"taxonomy":"frise","embeddable":true,"href":"https:\/\/www.iemj.org\/it\/wp-json\/wp\/v2\/frise?post=77726"},{"taxonomy":"type-devenement","embeddable":true,"href":"https:\/\/www.iemj.org\/it\/wp-json\/wp\/v2\/type-devenement?post=77726"},{"taxonomy":"tableaux-liens-externes","embeddable":true,"href":"https:\/\/www.iemj.org\/it\/wp-json\/wp\/v2\/tableaux-liens-externes?post=77726"}],"curies":[{"name":"wp","href":"https:\/\/api.w.org\/{rel}","templated":true}]}}