{"id":77733,"date":"2021-01-04T13:25:21","date_gmt":"2021-01-04T12:25:21","guid":{"rendered":"https:\/\/www.iemj.org\/rika-zarai\/"},"modified":"2024-02-16T16:43:34","modified_gmt":"2024-02-16T15:43:34","slug":"rika-zarai","status":"publish","type":"post","link":"https:\/\/www.iemj.org\/it\/rika-zarai\/","title":{"rendered":"Rika Zara\u00ef"},"content":{"rendered":"<p><strong>Una selezione dei pezzi pi\u00f9 belli di Rika Zara\u00ef, in ebraico ed in francese<\/strong><\/p>\n<p><!--more-->La cantante franco-israeliana <a href=\"https:\/\/www.iemj.org\/it\/zarai-rika-1938-2020\/\">Rika Zara\u00ef<\/a> ha avuto un grande successo in Francia negli anni &#8217;60 e &#8217;70, con titoli come <em>Casatchock, Sans chemise, sans pantalon <\/em>o <em>Balapapa<\/em>.<\/p>\n<p>Ha anche adattato in francese brani classici del repertorio israeliano, come <em>Hava Naguila<\/em>, <em>Yerushalayim shel zahav<\/em> (Gerusalemme\u00a0 citt\u00e0 d&#8217;oro) e <em>Hallelujah<\/em> (Gran Premio Eurovisione 1979).<\/p>\n<p><a href=\"https:\/\/www.iemj.org\/it\/zarai-rika-1938-2020\/\" target=\"_blank\" rel=\"noopener\">Consultare la biografia di Rika Zara\u00ef<\/a><\/p>\n<p><a href=\"http:\/\/www.rachelnet.net\/F\/?func=find-c&amp;ccl_term=WRD%3DRika+Zarai+sauf+wty%3D%28plage+ou+extrait%29&amp;local_base=iemcg&amp;x=11&amp;y=15\" target=\"_blank\" rel=\"noopener\">Consultare i nostri archivi su Rika Zara\u00ef<\/a><\/p>\n\n\n<figure class=\"wp-block-image size-large\"><img fetchpriority=\"high\" decoding=\"async\" width=\"1024\" height=\"146\" src=\"https:\/\/www.iemj.org\/wp-content\/uploads\/2023\/01\/Bandeau-Playlist_IT2-1024x146.jpg\" alt=\"\" class=\"wp-image-93106\" srcset=\"https:\/\/www.iemj.org\/wp-content\/uploads\/2023\/01\/Bandeau-Playlist_IT2-1024x146.jpg 1024w, https:\/\/www.iemj.org\/wp-content\/uploads\/2023\/01\/Bandeau-Playlist_IT2-300x43.jpg 300w, https:\/\/www.iemj.org\/wp-content\/uploads\/2023\/01\/Bandeau-Playlist_IT2-768x110.jpg 768w, https:\/\/www.iemj.org\/wp-content\/uploads\/2023\/01\/Bandeau-Playlist_IT2-1536x220.jpg 1536w, https:\/\/www.iemj.org\/wp-content\/uploads\/2023\/01\/Bandeau-Playlist_IT2-600x86.jpg 600w, https:\/\/www.iemj.org\/wp-content\/uploads\/2023\/01\/Bandeau-Playlist_IT2.jpg 1608w\" sizes=\"(max-width: 1024px) 100vw, 1024px\" \/><\/figure>\n\n\n\n<div class=\"wp-block-file\"><a id=\"wp-block-file--media-1bf04ac8-2354-4c45-ba20-19ba5437437d\" href=\"https:\/\/www.iemj.org\/wp-content\/uploads\/2021\/01\/1_eretz_extrait_.mp3\">1) Eretz (Extrait)<\/a><\/div>\n\n\n\n<div class=\"wp-block-file\"><a id=\"wp-block-file--media-94457e68-939d-4a7d-9298-236f1b73672c\" href=\"https:\/\/www.iemj.org\/wp-content\/uploads\/2021\/01\/2_yemei_neourim_extrait_.mp3\">2) Yemei Neourim\u2019 (Extrait)<\/a><\/div>\n\n\n\n<div class=\"wp-block-file\"><a id=\"wp-block-file--media-5c449610-2858-4ece-8961-b266393023ab\" href=\"https:\/\/www.iemj.org\/wp-content\/uploads\/2021\/01\/3_simfonia_shel_leil_horef_extrait_.mp3\">3) Simfonia shel leil horef (Extrait)<\/a><\/div>\n\n\n\n<div class=\"wp-block-file\"><a id=\"wp-block-file--media-61eb36e2-2827-4771-b9f9-7abe4d79b3aa\" href=\"https:\/\/www.iemj.org\/wp-content\/uploads\/2021\/01\/4_gan_hashikmim_extrait_.mp3\">4) Gan Hashikmim (Extrait)<\/a><\/div>\n\n\n\n<div class=\"wp-block-file\"><a id=\"wp-block-file--media-670e08fb-b1a8-4e76-b08e-0651a0e40a6c\" href=\"https:\/\/www.iemj.org\/wp-content\/uploads\/2021\/01\/5_hallelou_extrait_.mp3\">5) Hallelou ! (Extrait)<\/a><\/div>\n\n\n\n<div class=\"wp-block-file\"><a id=\"wp-block-file--media-e5576fd2-0f33-47e2-8a1b-c048c4eaabdc\" href=\"https:\/\/www.iemj.org\/wp-content\/uploads\/2021\/01\/6_balapapa_extrait_.mp3\">6) Balapapa (Extrait)<\/a><\/div>\n\n\n\n<div class=\"wp-block-file\"><a id=\"wp-block-file--media-8e1c82cc-0b5a-4b6e-b869-1d2920befe45\" href=\"https:\/\/www.iemj.org\/wp-content\/uploads\/2021\/01\/7_exodus_extrait_.mp3\">7) Exodus (Extrait)<\/a><\/div>\n\n\n\n<div class=\"wp-block-file\"><a id=\"wp-block-file--media-82f2dbcb-c409-4c26-a743-f7ef99702866\" href=\"https:\/\/www.iemj.org\/wp-content\/uploads\/2021\/01\/8_sans_connaitre_la_musique_extrait_.mp3\">8) Sans conna\u00eetre la musique (Extrait)<\/a><\/div>\n\n\n\n<div class=\"wp-block-file\"><a id=\"wp-block-file--media-1785248c-4c14-49a2-964f-0df6a61f9afc\" href=\"https:\/\/www.iemj.org\/wp-content\/uploads\/2021\/01\/9_casatschok_extrait_.mp3\">9) Casatschok (Extrait)<\/a><\/div>\n\n\n\n<div class=\"wp-block-file\"><a id=\"wp-block-file--media-cc043338-914f-41c6-b7b0-9d40594dde59\" href=\"https:\/\/www.iemj.org\/wp-content\/uploads\/2021\/01\/10_kalinka_extrait_.mp3\">10) Kalinka (Extrait)<\/a><\/div>\n\n\n\n<div class=\"wp-block-file\"><a id=\"wp-block-file--media-89680e50-8d1e-4741-8c72-3330342e990c\" href=\"https:\/\/www.iemj.org\/wp-content\/uploads\/2021\/01\/11_vis_ta_vie_extrait_.mp3\">11) Vis ta vie (Extrait)<\/a><\/div>\n\n\n\n<div class=\"wp-block-file\"><a id=\"wp-block-file--media-ad8a0ef1-e2b0-4beb-bc53-ef7e2aff0948\" href=\"https:\/\/www.iemj.org\/wp-content\/uploads\/2021\/01\/12_jerusalem_en_or_extrait_.mp3\">12) J\u00e9rusalem en or (Extrait)<\/a><\/div>\n\n\n\n<div class=\"wp-block-columns is-layout-flex wp-container-core-columns-is-layout-9d6595d7 wp-block-columns-is-layout-flex\">\n<div class=\"wp-block-column is-layout-flow wp-block-column-is-layout-flow\" style=\"flex-basis:100%\">\n<figure class=\"wp-block-gallery columns-3 is-cropped wp-block-gallery-1 is-layout-flex wp-block-gallery-is-layout-flex\"><ul class=\"blocks-gallery-grid\"><li class=\"blocks-gallery-item\"><figure><img decoding=\"async\" width=\"275\" height=\"275\" src=\"https:\/\/www.iemj.org\/wp-content\/uploads\/2021\/04\/Doc-2-Rika-Zarai-1.jpg\" alt=\"\" data-id=\"34750\" data-link=\"https:\/\/www.iemj.org\/rika-zarai\/doc-2-rika-zarai-1\/\" class=\"wp-image-77739\" srcset=\"https:\/\/www.iemj.org\/wp-content\/uploads\/2021\/04\/Doc-2-Rika-Zarai-1.jpg 275w, https:\/\/www.iemj.org\/wp-content\/uploads\/2021\/04\/Doc-2-Rika-Zarai-1-150x150.jpg 150w, https:\/\/www.iemj.org\/wp-content\/uploads\/2021\/04\/Doc-2-Rika-Zarai-1-100x100.jpg 100w\" sizes=\"(max-width: 275px) 100vw, 275px\" \/><\/figure><\/li><li class=\"blocks-gallery-item\"><figure><img decoding=\"async\" width=\"275\" height=\"275\" src=\"https:\/\/www.iemj.org\/wp-content\/uploads\/2021\/04\/Doc-3-Rika-Zarai.jpg\" alt=\"\" data-id=\"34752\" data-link=\"https:\/\/www.iemj.org\/rika-zarai\/doc-3-rika-zarai\/\" class=\"wp-image-77740\" srcset=\"https:\/\/www.iemj.org\/wp-content\/uploads\/2021\/04\/Doc-3-Rika-Zarai.jpg 275w, https:\/\/www.iemj.org\/wp-content\/uploads\/2021\/04\/Doc-3-Rika-Zarai-150x150.jpg 150w, https:\/\/www.iemj.org\/wp-content\/uploads\/2021\/04\/Doc-3-Rika-Zarai-100x100.jpg 100w\" sizes=\"(max-width: 275px) 100vw, 275px\" \/><\/figure><\/li><li class=\"blocks-gallery-item\"><figure><img loading=\"lazy\" decoding=\"async\" width=\"275\" height=\"275\" src=\"https:\/\/www.iemj.org\/wp-content\/uploads\/2021\/04\/Doc-4-Rika-Zarai-1.jpg\" alt=\"\" data-id=\"34758\" data-full-url=\"https:\/\/www.iemj.org\/wp-content\/uploads\/2021\/04\/Doc-4-Rika-Zarai-1.jpg\" data-link=\"https:\/\/www.iemj.org\/rika-zarai\/doc-4-rika-zarai-1\/\" class=\"wp-image-77743\" srcset=\"https:\/\/www.iemj.org\/wp-content\/uploads\/2021\/04\/Doc-4-Rika-Zarai-1.jpg 275w, https:\/\/www.iemj.org\/wp-content\/uploads\/2021\/04\/Doc-4-Rika-Zarai-1-150x150.jpg 150w, https:\/\/www.iemj.org\/wp-content\/uploads\/2021\/04\/Doc-4-Rika-Zarai-1-100x100.jpg 100w\" sizes=\"(max-width: 275px) 100vw, 275px\" \/><\/figure><\/li><\/ul><\/figure>\n<\/div>\n<\/div>\n\n\n\n<div class=\"wp-block-columns is-layout-flex wp-container-core-columns-is-layout-9d6595d7 wp-block-columns-is-layout-flex\">\n<div class=\"wp-block-column is-layout-flow wp-block-column-is-layout-flow\"><\/div>\n\n\n\n<div class=\"wp-block-column is-layout-flow wp-block-column-is-layout-flow\">\n<figure class=\"wp-block-image size-large\"><img loading=\"lazy\" decoding=\"async\" width=\"275\" height=\"275\" src=\"https:\/\/www.iemj.org\/wp-content\/uploads\/2021\/04\/Doc-5-Rika-Zarai-2.jpg\" alt=\"\" class=\"wp-image-77745\" srcset=\"https:\/\/www.iemj.org\/wp-content\/uploads\/2021\/04\/Doc-5-Rika-Zarai-2.jpg 275w, https:\/\/www.iemj.org\/wp-content\/uploads\/2021\/04\/Doc-5-Rika-Zarai-2-150x150.jpg 150w, https:\/\/www.iemj.org\/wp-content\/uploads\/2021\/04\/Doc-5-Rika-Zarai-2-100x100.jpg 100w\" sizes=\"(max-width: 275px) 100vw, 275px\" \/><\/figure>\n<\/div>\n\n\n\n<div class=\"wp-block-column is-layout-flow wp-block-column-is-layout-flow\"><\/div>\n<\/div>\n","protected":false},"excerpt":{"rendered":"<p>Una selezione dei pezzi pi\u00f9 belli di Rika Zara\u00ef, in ebraico ed in francese<\/p>\n","protected":false},"author":1052,"featured_media":77734,"comment_status":"closed","ping_status":"closed","sticky":false,"template":"","format":"standard","meta":{"_acf_changed":false,"footnotes":""},"categories":[1536],"tags":[],"technique":[],"squelettes":[],"sujet":[],"formation":[],"genre":[1878,1674],"fonds":[],"tradition":[],"type-de-contenu":[],"interprete-compositeur":[],"frise":[],"type-devenement":[],"tableaux-liens-externes":[],"class_list":["post-77733","post","type-post","status-publish","format-standard","has-post-thumbnail","hentry","category-playlist-it","genre-canzone-francese-it","genre-canzone-israeliena-it"],"acf":[],"yoast_head":"<!-- This site is optimized with the Yoast SEO plugin v27.3 - https:\/\/yoast.com\/product\/yoast-seo-wordpress\/ -->\n<title>Rika Zara\u00ef - Institut Europ\u00e9en des Musiques Juives<\/title>\n<meta name=\"robots\" content=\"index, follow, max-snippet:-1, max-image-preview:large, max-video-preview:-1\" \/>\n<link rel=\"canonical\" href=\"https:\/\/www.iemj.org\/it\/rika-zarai\/\" \/>\n<meta property=\"og:locale\" content=\"it_IT\" \/>\n<meta property=\"og:type\" content=\"article\" \/>\n<meta property=\"og:title\" content=\"Rika Zara\u00ef - Institut Europ\u00e9en des Musiques Juives\" \/>\n<meta property=\"og:description\" content=\"Una selezione dei pezzi pi\u00f9 belli di Rika Zara\u00ef, in ebraico ed in francese\" \/>\n<meta property=\"og:url\" content=\"https:\/\/www.iemj.org\/it\/rika-zarai\/\" \/>\n<meta property=\"og:site_name\" content=\"Institut Europ\u00e9en des Musiques Juives\" \/>\n<meta property=\"article:publisher\" content=\"https:\/\/www.facebook.com\/MusiquesJuives\/\" \/>\n<meta property=\"article:published_time\" content=\"2021-01-04T12:25:21+00:00\" \/>\n<meta property=\"article:modified_time\" content=\"2024-02-16T15:43:34+00:00\" \/>\n<meta property=\"og:image\" content=\"https:\/\/www.iemj.org\/wp-content\/uploads\/2021\/01\/arton4954-e1618499732650.jpg\" \/>\n\t<meta property=\"og:image:width\" content=\"350\" \/>\n\t<meta property=\"og:image:height\" content=\"350\" \/>\n\t<meta property=\"og:image:type\" content=\"image\/jpeg\" \/>\n<meta name=\"author\" content=\"Lea Couderc\" \/>\n<meta name=\"twitter:card\" content=\"summary_large_image\" \/>\n<meta name=\"twitter:label1\" content=\"Scritto da\" \/>\n\t<meta name=\"twitter:data1\" content=\"Lea Couderc\" \/>\n\t<meta name=\"twitter:label2\" content=\"Tempo di lettura stimato\" \/>\n\t<meta name=\"twitter:data2\" content=\"2 minuti\" \/>\n<script type=\"application\/ld+json\" class=\"yoast-schema-graph\">{\"@context\":\"https:\\\/\\\/schema.org\",\"@graph\":[{\"@type\":\"Article\",\"@id\":\"https:\\\/\\\/www.iemj.org\\\/it\\\/rika-zarai\\\/#article\",\"isPartOf\":{\"@id\":\"https:\\\/\\\/www.iemj.org\\\/it\\\/rika-zarai\\\/\"},\"author\":{\"name\":\"Lea Couderc\",\"@id\":\"https:\\\/\\\/www.iemj.org\\\/it\\\/#\\\/schema\\\/person\\\/e2ad57f2c4be119c7ed8ab79036807a9\"},\"headline\":\"Rika Zara\u00ef\",\"datePublished\":\"2021-01-04T12:25:21+00:00\",\"dateModified\":\"2024-02-16T15:43:34+00:00\",\"mainEntityOfPage\":{\"@id\":\"https:\\\/\\\/www.iemj.org\\\/it\\\/rika-zarai\\\/\"},\"wordCount\":117,\"publisher\":{\"@id\":\"https:\\\/\\\/www.iemj.org\\\/it\\\/#organization\"},\"image\":{\"@id\":\"https:\\\/\\\/www.iemj.org\\\/it\\\/rika-zarai\\\/#primaryimage\"},\"thumbnailUrl\":\"https:\\\/\\\/www.iemj.org\\\/wp-content\\\/uploads\\\/2021\\\/01\\\/arton4954-e1618499732650.jpg\",\"articleSection\":[\"Playlist\"],\"inLanguage\":\"it-IT\"},{\"@type\":\"WebPage\",\"@id\":\"https:\\\/\\\/www.iemj.org\\\/it\\\/rika-zarai\\\/\",\"url\":\"https:\\\/\\\/www.iemj.org\\\/it\\\/rika-zarai\\\/\",\"name\":\"Rika Zara\u00ef - Institut Europ\u00e9en des Musiques Juives\",\"isPartOf\":{\"@id\":\"https:\\\/\\\/www.iemj.org\\\/it\\\/#website\"},\"primaryImageOfPage\":{\"@id\":\"https:\\\/\\\/www.iemj.org\\\/it\\\/rika-zarai\\\/#primaryimage\"},\"image\":{\"@id\":\"https:\\\/\\\/www.iemj.org\\\/it\\\/rika-zarai\\\/#primaryimage\"},\"thumbnailUrl\":\"https:\\\/\\\/www.iemj.org\\\/wp-content\\\/uploads\\\/2021\\\/01\\\/arton4954-e1618499732650.jpg\",\"datePublished\":\"2021-01-04T12:25:21+00:00\",\"dateModified\":\"2024-02-16T15:43:34+00:00\",\"breadcrumb\":{\"@id\":\"https:\\\/\\\/www.iemj.org\\\/it\\\/rika-zarai\\\/#breadcrumb\"},\"inLanguage\":\"it-IT\",\"potentialAction\":[{\"@type\":\"ReadAction\",\"target\":[\"https:\\\/\\\/www.iemj.org\\\/it\\\/rika-zarai\\\/\"]}]},{\"@type\":\"ImageObject\",\"inLanguage\":\"it-IT\",\"@id\":\"https:\\\/\\\/www.iemj.org\\\/it\\\/rika-zarai\\\/#primaryimage\",\"url\":\"https:\\\/\\\/www.iemj.org\\\/wp-content\\\/uploads\\\/2021\\\/01\\\/arton4954-e1618499732650.jpg\",\"contentUrl\":\"https:\\\/\\\/www.iemj.org\\\/wp-content\\\/uploads\\\/2021\\\/01\\\/arton4954-e1618499732650.jpg\",\"width\":350,\"height\":350},{\"@type\":\"BreadcrumbList\",\"@id\":\"https:\\\/\\\/www.iemj.org\\\/it\\\/rika-zarai\\\/#breadcrumb\",\"itemListElement\":[{\"@type\":\"ListItem\",\"position\":1,\"name\":\"Accueil\",\"item\":\"https:\\\/\\\/www.iemj.org\\\/it\\\/\"},{\"@type\":\"ListItem\",\"position\":2,\"name\":\"Rika Zara\u00ef\"}]},{\"@type\":\"WebSite\",\"@id\":\"https:\\\/\\\/www.iemj.org\\\/it\\\/#website\",\"url\":\"https:\\\/\\\/www.iemj.org\\\/it\\\/\",\"name\":\"Institut Europ\u00e9en des Musiques Juives\",\"description\":\"Des traditions musicales \u00e0 la port\u00e9e de tous\",\"publisher\":{\"@id\":\"https:\\\/\\\/www.iemj.org\\\/it\\\/#organization\"},\"potentialAction\":[{\"@type\":\"SearchAction\",\"target\":{\"@type\":\"EntryPoint\",\"urlTemplate\":\"https:\\\/\\\/www.iemj.org\\\/it\\\/?s={search_term_string}\"},\"query-input\":{\"@type\":\"PropertyValueSpecification\",\"valueRequired\":true,\"valueName\":\"search_term_string\"}}],\"inLanguage\":\"it-IT\"},{\"@type\":\"Organization\",\"@id\":\"https:\\\/\\\/www.iemj.org\\\/it\\\/#organization\",\"name\":\"Institut Europ\u00e9en des Musiques Juives\",\"url\":\"https:\\\/\\\/www.iemj.org\\\/it\\\/\",\"logo\":{\"@type\":\"ImageObject\",\"inLanguage\":\"it-IT\",\"@id\":\"https:\\\/\\\/www.iemj.org\\\/it\\\/#\\\/schema\\\/logo\\\/image\\\/\",\"url\":\"https:\\\/\\\/www.iemj.org\\\/wp-content\\\/uploads\\\/2021\\\/09\\\/Logo-IEMJ-Paypal.jpg\",\"contentUrl\":\"https:\\\/\\\/www.iemj.org\\\/wp-content\\\/uploads\\\/2021\\\/09\\\/Logo-IEMJ-Paypal.jpg\",\"width\":150,\"height\":50,\"caption\":\"Institut Europ\u00e9en des Musiques Juives\"},\"image\":{\"@id\":\"https:\\\/\\\/www.iemj.org\\\/it\\\/#\\\/schema\\\/logo\\\/image\\\/\"},\"sameAs\":[\"https:\\\/\\\/www.facebook.com\\\/MusiquesJuives\\\/\",\"https:\\\/\\\/www.instagram.com\\\/musiquesjuives\\\/\",\"https:\\\/\\\/www.youtube.com\\\/user\\\/musiquesjuives\"]},{\"@type\":\"Person\",\"@id\":\"https:\\\/\\\/www.iemj.org\\\/it\\\/#\\\/schema\\\/person\\\/e2ad57f2c4be119c7ed8ab79036807a9\",\"name\":\"Lea Couderc\",\"image\":{\"@type\":\"ImageObject\",\"inLanguage\":\"it-IT\",\"@id\":\"https:\\\/\\\/secure.gravatar.com\\\/avatar\\\/46ee021475d60aeff17a7e490b79dea5a5684bb392ab7fd1494027411df8ba23?s=96&d=mm&r=g\",\"url\":\"https:\\\/\\\/secure.gravatar.com\\\/avatar\\\/46ee021475d60aeff17a7e490b79dea5a5684bb392ab7fd1494027411df8ba23?s=96&d=mm&r=g\",\"contentUrl\":\"https:\\\/\\\/secure.gravatar.com\\\/avatar\\\/46ee021475d60aeff17a7e490b79dea5a5684bb392ab7fd1494027411df8ba23?s=96&d=mm&r=g\",\"caption\":\"Lea Couderc\"}}]}<\/script>\n<!-- \/ Yoast SEO plugin. -->","yoast_head_json":{"title":"Rika Zara\u00ef - Institut Europ\u00e9en des Musiques Juives","robots":{"index":"index","follow":"follow","max-snippet":"max-snippet:-1","max-image-preview":"max-image-preview:large","max-video-preview":"max-video-preview:-1"},"canonical":"https:\/\/www.iemj.org\/it\/rika-zarai\/","og_locale":"it_IT","og_type":"article","og_title":"Rika Zara\u00ef - Institut Europ\u00e9en des Musiques Juives","og_description":"Una selezione dei pezzi pi\u00f9 belli di Rika Zara\u00ef, in ebraico ed in francese","og_url":"https:\/\/www.iemj.org\/it\/rika-zarai\/","og_site_name":"Institut Europ\u00e9en des Musiques Juives","article_publisher":"https:\/\/www.facebook.com\/MusiquesJuives\/","article_published_time":"2021-01-04T12:25:21+00:00","article_modified_time":"2024-02-16T15:43:34+00:00","og_image":[{"width":350,"height":350,"url":"https:\/\/www.iemj.org\/wp-content\/uploads\/2021\/01\/arton4954-e1618499732650.jpg","type":"image\/jpeg"}],"author":"Lea Couderc","twitter_card":"summary_large_image","twitter_misc":{"Scritto da":"Lea Couderc","Tempo di lettura stimato":"2 minuti"},"schema":{"@context":"https:\/\/schema.org","@graph":[{"@type":"Article","@id":"https:\/\/www.iemj.org\/it\/rika-zarai\/#article","isPartOf":{"@id":"https:\/\/www.iemj.org\/it\/rika-zarai\/"},"author":{"name":"Lea Couderc","@id":"https:\/\/www.iemj.org\/it\/#\/schema\/person\/e2ad57f2c4be119c7ed8ab79036807a9"},"headline":"Rika Zara\u00ef","datePublished":"2021-01-04T12:25:21+00:00","dateModified":"2024-02-16T15:43:34+00:00","mainEntityOfPage":{"@id":"https:\/\/www.iemj.org\/it\/rika-zarai\/"},"wordCount":117,"publisher":{"@id":"https:\/\/www.iemj.org\/it\/#organization"},"image":{"@id":"https:\/\/www.iemj.org\/it\/rika-zarai\/#primaryimage"},"thumbnailUrl":"https:\/\/www.iemj.org\/wp-content\/uploads\/2021\/01\/arton4954-e1618499732650.jpg","articleSection":["Playlist"],"inLanguage":"it-IT"},{"@type":"WebPage","@id":"https:\/\/www.iemj.org\/it\/rika-zarai\/","url":"https:\/\/www.iemj.org\/it\/rika-zarai\/","name":"Rika Zara\u00ef - Institut Europ\u00e9en des Musiques Juives","isPartOf":{"@id":"https:\/\/www.iemj.org\/it\/#website"},"primaryImageOfPage":{"@id":"https:\/\/www.iemj.org\/it\/rika-zarai\/#primaryimage"},"image":{"@id":"https:\/\/www.iemj.org\/it\/rika-zarai\/#primaryimage"},"thumbnailUrl":"https:\/\/www.iemj.org\/wp-content\/uploads\/2021\/01\/arton4954-e1618499732650.jpg","datePublished":"2021-01-04T12:25:21+00:00","dateModified":"2024-02-16T15:43:34+00:00","breadcrumb":{"@id":"https:\/\/www.iemj.org\/it\/rika-zarai\/#breadcrumb"},"inLanguage":"it-IT","potentialAction":[{"@type":"ReadAction","target":["https:\/\/www.iemj.org\/it\/rika-zarai\/"]}]},{"@type":"ImageObject","inLanguage":"it-IT","@id":"https:\/\/www.iemj.org\/it\/rika-zarai\/#primaryimage","url":"https:\/\/www.iemj.org\/wp-content\/uploads\/2021\/01\/arton4954-e1618499732650.jpg","contentUrl":"https:\/\/www.iemj.org\/wp-content\/uploads\/2021\/01\/arton4954-e1618499732650.jpg","width":350,"height":350},{"@type":"BreadcrumbList","@id":"https:\/\/www.iemj.org\/it\/rika-zarai\/#breadcrumb","itemListElement":[{"@type":"ListItem","position":1,"name":"Accueil","item":"https:\/\/www.iemj.org\/it\/"},{"@type":"ListItem","position":2,"name":"Rika Zara\u00ef"}]},{"@type":"WebSite","@id":"https:\/\/www.iemj.org\/it\/#website","url":"https:\/\/www.iemj.org\/it\/","name":"Institut Europ\u00e9en des Musiques Juives","description":"Des traditions musicales \u00e0 la port\u00e9e de tous","publisher":{"@id":"https:\/\/www.iemj.org\/it\/#organization"},"potentialAction":[{"@type":"SearchAction","target":{"@type":"EntryPoint","urlTemplate":"https:\/\/www.iemj.org\/it\/?s={search_term_string}"},"query-input":{"@type":"PropertyValueSpecification","valueRequired":true,"valueName":"search_term_string"}}],"inLanguage":"it-IT"},{"@type":"Organization","@id":"https:\/\/www.iemj.org\/it\/#organization","name":"Institut Europ\u00e9en des Musiques Juives","url":"https:\/\/www.iemj.org\/it\/","logo":{"@type":"ImageObject","inLanguage":"it-IT","@id":"https:\/\/www.iemj.org\/it\/#\/schema\/logo\/image\/","url":"https:\/\/www.iemj.org\/wp-content\/uploads\/2021\/09\/Logo-IEMJ-Paypal.jpg","contentUrl":"https:\/\/www.iemj.org\/wp-content\/uploads\/2021\/09\/Logo-IEMJ-Paypal.jpg","width":150,"height":50,"caption":"Institut Europ\u00e9en des Musiques Juives"},"image":{"@id":"https:\/\/www.iemj.org\/it\/#\/schema\/logo\/image\/"},"sameAs":["https:\/\/www.facebook.com\/MusiquesJuives\/","https:\/\/www.instagram.com\/musiquesjuives\/","https:\/\/www.youtube.com\/user\/musiquesjuives"]},{"@type":"Person","@id":"https:\/\/www.iemj.org\/it\/#\/schema\/person\/e2ad57f2c4be119c7ed8ab79036807a9","name":"Lea Couderc","image":{"@type":"ImageObject","inLanguage":"it-IT","@id":"https:\/\/secure.gravatar.com\/avatar\/46ee021475d60aeff17a7e490b79dea5a5684bb392ab7fd1494027411df8ba23?s=96&d=mm&r=g","url":"https:\/\/secure.gravatar.com\/avatar\/46ee021475d60aeff17a7e490b79dea5a5684bb392ab7fd1494027411df8ba23?s=96&d=mm&r=g","contentUrl":"https:\/\/secure.gravatar.com\/avatar\/46ee021475d60aeff17a7e490b79dea5a5684bb392ab7fd1494027411df8ba23?s=96&d=mm&r=g","caption":"Lea Couderc"}}]}},"_links":{"self":[{"href":"https:\/\/www.iemj.org\/it\/wp-json\/wp\/v2\/posts\/77733","targetHints":{"allow":["GET"]}}],"collection":[{"href":"https:\/\/www.iemj.org\/it\/wp-json\/wp\/v2\/posts"}],"about":[{"href":"https:\/\/www.iemj.org\/it\/wp-json\/wp\/v2\/types\/post"}],"author":[{"embeddable":true,"href":"https:\/\/www.iemj.org\/it\/wp-json\/wp\/v2\/users\/1052"}],"replies":[{"embeddable":true,"href":"https:\/\/www.iemj.org\/it\/wp-json\/wp\/v2\/comments?post=77733"}],"version-history":[{"count":0,"href":"https:\/\/www.iemj.org\/it\/wp-json\/wp\/v2\/posts\/77733\/revisions"}],"wp:featuredmedia":[{"embeddable":true,"href":"https:\/\/www.iemj.org\/it\/wp-json\/wp\/v2\/media\/77734"}],"wp:attachment":[{"href":"https:\/\/www.iemj.org\/it\/wp-json\/wp\/v2\/media?parent=77733"}],"wp:term":[{"taxonomy":"category","embeddable":true,"href":"https:\/\/www.iemj.org\/it\/wp-json\/wp\/v2\/categories?post=77733"},{"taxonomy":"post_tag","embeddable":true,"href":"https:\/\/www.iemj.org\/it\/wp-json\/wp\/v2\/tags?post=77733"},{"taxonomy":"technique","embeddable":true,"href":"https:\/\/www.iemj.org\/it\/wp-json\/wp\/v2\/technique?post=77733"},{"taxonomy":"squelettes","embeddable":true,"href":"https:\/\/www.iemj.org\/it\/wp-json\/wp\/v2\/squelettes?post=77733"},{"taxonomy":"sujet","embeddable":true,"href":"https:\/\/www.iemj.org\/it\/wp-json\/wp\/v2\/sujet?post=77733"},{"taxonomy":"formation","embeddable":true,"href":"https:\/\/www.iemj.org\/it\/wp-json\/wp\/v2\/formation?post=77733"},{"taxonomy":"genre","embeddable":true,"href":"https:\/\/www.iemj.org\/it\/wp-json\/wp\/v2\/genre?post=77733"},{"taxonomy":"fonds","embeddable":true,"href":"https:\/\/www.iemj.org\/it\/wp-json\/wp\/v2\/fonds?post=77733"},{"taxonomy":"tradition","embeddable":true,"href":"https:\/\/www.iemj.org\/it\/wp-json\/wp\/v2\/tradition?post=77733"},{"taxonomy":"type-de-contenu","embeddable":true,"href":"https:\/\/www.iemj.org\/it\/wp-json\/wp\/v2\/type-de-contenu?post=77733"},{"taxonomy":"interprete-compositeur","embeddable":true,"href":"https:\/\/www.iemj.org\/it\/wp-json\/wp\/v2\/interprete-compositeur?post=77733"},{"taxonomy":"frise","embeddable":true,"href":"https:\/\/www.iemj.org\/it\/wp-json\/wp\/v2\/frise?post=77733"},{"taxonomy":"type-devenement","embeddable":true,"href":"https:\/\/www.iemj.org\/it\/wp-json\/wp\/v2\/type-devenement?post=77733"},{"taxonomy":"tableaux-liens-externes","embeddable":true,"href":"https:\/\/www.iemj.org\/it\/wp-json\/wp\/v2\/tableaux-liens-externes?post=77733"}],"curies":[{"name":"wp","href":"https:\/\/api.w.org\/{rel}","templated":true}]}}