{"id":77761,"date":"2017-08-30T16:09:18","date_gmt":"2017-08-30T14:09:18","guid":{"rendered":"https:\/\/www.iemj.org\/haza-ofra-1957-2000\/"},"modified":"2025-09-08T16:13:15","modified_gmt":"2025-09-08T14:13:15","slug":"haza-ofra-1957-2000","status":"publish","type":"post","link":"https:\/\/www.iemj.org\/it\/haza-ofra-1957-2000\/","title":{"rendered":"Haza, Ofra (1957-2000)"},"content":{"rendered":"<p><img fetchpriority=\"high\" decoding=\"async\" class=\" alignright  wp-image-14940\" src=\"https:\/\/www.iemj.org\/wp-content\/uploads\/2017\/08\/doc_2_ofra_500px60.jpg\" alt=\"doc_2_ofra_500px60.jpg\" width=\"236\" height=\"578\" align=\"right\" srcset=\"https:\/\/www.iemj.org\/wp-content\/uploads\/2017\/08\/doc_2_ofra_500px60.jpg 300w, https:\/\/www.iemj.org\/wp-content\/uploads\/2017\/08\/doc_2_ofra_500px60-122x300.jpg 122w\" sizes=\"(max-width: 236px) 100vw, 236px\" \/><\/p>\n<p>Ofra Haza \u05e2\u05e4\u05e8\u05d4 \u05d7\u05d6\u05d4, vero nome Bat-Sheva Ofra Haza, nata il 19 novembre 1957 a Tel Aviv e morta il 23 febbraio 2000 a Ramat Gan, \u00e8 stata un&#8217;attrice e cantante israeliana originaria dello Yemen.<\/p>\n<p>All&#8217;et\u00e0 di 12 anni muove i primi passi in una compagnia teatrale locale. Il suo talento di cantante \u00e8 notato dal manager Bezalel Aloni che organizza molte produzioni imperniate su di lei e che diventa in seguito il suo mentore.<\/p>\n<p>Dopo aver terminato il servizio militare nel 1979, si lancia in una carriera di solista sulla scena del variet\u00e0 israeliano ed all&#8217;et\u00e0 di 19 anni diventa la prima pop star israeliana.<\/p>\n<p>Nominata rappresentante del suo Paese al concorso dell&#8217;Eurovisione del 1983 con il brano \u201cChai\u201d (adattato in francese con il titolo \u201cVa, va, va\u201d ed in tedesco \u201cFrei\u201d) si aggiudica il secondo posto e da allora inizia a farsi conoscere oltre i confini d\u2019Israele.<\/p>\n<p>L&#8217;album &#8220;<em>Canzoni yemenite<\/em>&#8221; e la canzone &#8220;<em>Im nin&#8217;alu<\/em>&#8221; segnano una svolta nella sua carriera, con l&#8217;aggiunta di accenni di musica pop che le permette di rivolgersi ad un pubblico pi\u00f9 ampio. Pubblica poi diversi album destinati all\u2019estero e lavora con artisti americani o inglesi come <strong>Iggy Pop<\/strong>, in duetto sulla canzone <em>Daw Da Hiya<\/em>, o con <strong>Eric B. &amp; Rakim<\/strong> su <em>Paid in<\/em> <em>Full<\/em>, un pezzo precursore della musica elettronica contemporanea<\/p>\n<p><img decoding=\"async\" class=\" wp-image-14942 alignleft\" src=\"https:\/\/www.iemj.org\/wp-content\/uploads\/2017\/08\/doc_1_ofra_500px60.jpg\" alt=\"doc_1_ofra_500px60.jpg\" width=\"265\" height=\"167\" align=\"middle\" \/><\/p>\n<p>Durante tutta la sua carriera, registra uno o due dischi all&#8217;anno e contribuisce anche alla colonna sonora originale del cartone animato &#8220;<strong>Il principe d&#8217;Egitto<\/strong>&#8221; ed a qualche altro film.<\/p>\n<p>La sua vita \u00e8 interrotta in modo inatteso il 23 febbraio 2000 all&#8217;et\u00e0 di 42 anni.<\/p>\n<p><strong>Fonti: <\/strong><em><a href=\"https:\/\/it.wikipedia.org\/wiki\/Ofra_Haza\" target=\"_blank\" rel=\"noopener\">Wikipedia<\/a><br \/><\/em><\/p>\n<p><a href=\"https:\/\/www.discogs.com\/fr\/artist\/32388-Ofra-Haza\" target=\"_blank\" rel=\"noopener\">Consultare la sua discografia<\/a><\/p>\n<p><a href=\"http:\/\/www.rachelnet.net\/F\/?func=find-c&amp;ccl_term=WRD+%3D+Ofra+Haza&amp;local_base=iemcg\" target=\"_blank\" rel=\"noopener\">Consultare i nostri archivi su Ofra Haza<\/a><\/p>\n\n\n<h2 class=\"wp-block-heading\"><\/h2>\n\n\n<div class=\"wp-block-image\">\n<figure class=\"aligncenter size-large\"><img decoding=\"async\" width=\"1024\" height=\"133\" src=\"https:\/\/www.iemj.org\/wp-content\/uploads\/2024\/03\/AUDIO-PLAYER-1024x133.png\" alt=\"\" class=\"wp-image-110609\" srcset=\"https:\/\/www.iemj.org\/wp-content\/uploads\/2024\/03\/AUDIO-PLAYER-1024x133.png 1024w, https:\/\/www.iemj.org\/wp-content\/uploads\/2024\/03\/AUDIO-PLAYER-300x39.png 300w, https:\/\/www.iemj.org\/wp-content\/uploads\/2024\/03\/AUDIO-PLAYER-768x100.png 768w, https:\/\/www.iemj.org\/wp-content\/uploads\/2024\/03\/AUDIO-PLAYER-600x78.png 600w, https:\/\/www.iemj.org\/wp-content\/uploads\/2024\/03\/AUDIO-PLAYER.png 1210w\" sizes=\"(max-width: 1024px) 100vw, 1024px\" \/><\/figure>\n<\/div>\n\n\n<div class=\"wp-block-file\"><a id=\"wp-block-file--media-34ecfd1f-1939-49ea-b635-0eb4a46d69da\" href=\"https:\/\/www.iemj.org\/wp-content\/uploads\/2017\/08\/layla_bichna_an_-_ofra_haza.mp3\">Layla bichna\u2019an &#8211; Ofra Haza<\/a><\/div>\n\n\n\n<div class=\"wp-block-file\"><a id=\"wp-block-file--media-0724e257-6fc5-498c-ad44-5f8dd8020a9b\" href=\"https:\/\/www.iemj.org\/wp-content\/uploads\/2017\/08\/listen_to_the_waves_-_ofra_haza.mp3\">Listen to the waves &#8211; Ofra Haza<\/a><\/div>\n\n\n\n<div class=\"wp-block-file\"><a id=\"wp-block-file--media-ee78bb86-69b7-4ea9-88f1-a10850f6bdba\" href=\"https:\/\/www.iemj.org\/wp-content\/uploads\/2017\/08\/na_ara_ushma_kineret_-_ofra_haza.mp3\">Na\u2019ara Ushma Kineret &#8211; Ofra Haza<\/a><\/div>\n\n\n\n<div class=\"wp-block-file\"><a id=\"wp-block-file--media-76440430-72ae-4037-a5b4-e29c406988cf\" href=\"https:\/\/www.iemj.org\/wp-content\/uploads\/2017\/08\/six_in_the_evening_-_ofra_haza.mp3\">Six In The Evening &#8211; Ofra Haza<\/a><\/div>\n\n\n\n<div class=\"wp-block-file\"><a id=\"wp-block-file--media-7d6724a4-b818-4753-8234-8d48fb646295\" href=\"https:\/\/www.iemj.org\/wp-content\/uploads\/2017\/08\/yachilvi_veyachali_-_ofra_haza.mp3\">Yachilvi veyachali &#8211; Ofra Haza<\/a><\/div>\n","protected":false},"excerpt":{"rendered":"<p>Ofra Haza \u05e2\u05e4\u05e8\u05d4 \u05d7\u05d6\u05d4, vero nome Bat-Sheva Ofra Haza, nata il 19 novembre 1957 a Tel Aviv e morta il 23 febbraio 2000 a Ramat Gan, \u00e8 stata un&#8217;attrice e<\/p>\n","protected":false},"author":1052,"featured_media":77762,"comment_status":"closed","ping_status":"closed","sticky":false,"template":"","format":"standard","meta":{"_acf_changed":false,"footnotes":""},"categories":[1416],"tags":[],"technique":[],"squelettes":[],"sujet":[2136],"formation":[],"genre":[1674],"fonds":[],"tradition":[],"type-de-contenu":[],"interprete-compositeur":[3273],"frise":[],"type-devenement":[],"tableaux-liens-externes":[],"class_list":["post-77761","post","type-post","status-publish","format-standard","has-post-thumbnail","hentry","category-biografie-it","sujet-yemen-it","genre-canzone-israeliena-it","interprete-compositeur-ofra-haza-it"],"acf":[],"yoast_head":"<!-- This site is optimized with the Yoast SEO plugin v27.3 - https:\/\/yoast.com\/product\/yoast-seo-wordpress\/ -->\n<title>Haza, Ofra (1957-2000) - Institut Europ\u00e9en des Musiques Juives<\/title>\n<meta name=\"robots\" content=\"index, follow, max-snippet:-1, max-image-preview:large, max-video-preview:-1\" \/>\n<link rel=\"canonical\" href=\"https:\/\/www.iemj.org\/it\/haza-ofra-1957-2000\/\" \/>\n<meta property=\"og:locale\" content=\"it_IT\" \/>\n<meta property=\"og:type\" content=\"article\" \/>\n<meta property=\"og:title\" content=\"Haza, Ofra (1957-2000) - Institut Europ\u00e9en des Musiques Juives\" \/>\n<meta property=\"og:description\" content=\"Ofra Haza \u05e2\u05e4\u05e8\u05d4 \u05d7\u05d6\u05d4, vero nome Bat-Sheva Ofra Haza, nata il 19 novembre 1957 a Tel Aviv e morta il 23 febbraio 2000 a Ramat Gan, \u00e8 stata un&#8217;attrice e\" \/>\n<meta property=\"og:url\" content=\"https:\/\/www.iemj.org\/it\/haza-ofra-1957-2000\/\" \/>\n<meta property=\"og:site_name\" content=\"Institut Europ\u00e9en des Musiques Juives\" \/>\n<meta property=\"article:publisher\" content=\"https:\/\/www.facebook.com\/MusiquesJuives\/\" \/>\n<meta property=\"article:published_time\" content=\"2017-08-30T14:09:18+00:00\" \/>\n<meta property=\"article:modified_time\" content=\"2025-09-08T14:13:15+00:00\" \/>\n<meta property=\"og:image\" content=\"https:\/\/www.iemj.org\/wp-content\/uploads\/2017\/08\/arton2433-e1617024719914.jpg\" \/>\n\t<meta property=\"og:image:width\" content=\"220\" \/>\n\t<meta property=\"og:image:height\" content=\"218\" \/>\n\t<meta property=\"og:image:type\" content=\"image\/jpeg\" \/>\n<meta name=\"author\" content=\"Lea Couderc\" \/>\n<meta name=\"twitter:card\" content=\"summary_large_image\" \/>\n<meta name=\"twitter:label1\" content=\"Scritto da\" \/>\n\t<meta name=\"twitter:data1\" content=\"Lea Couderc\" \/>\n\t<meta name=\"twitter:label2\" content=\"Tempo di lettura stimato\" \/>\n\t<meta name=\"twitter:data2\" content=\"3 minuti\" \/>\n<script type=\"application\/ld+json\" class=\"yoast-schema-graph\">{\"@context\":\"https:\\\/\\\/schema.org\",\"@graph\":[{\"@type\":\"Article\",\"@id\":\"https:\\\/\\\/www.iemj.org\\\/it\\\/haza-ofra-1957-2000\\\/#article\",\"isPartOf\":{\"@id\":\"https:\\\/\\\/www.iemj.org\\\/it\\\/haza-ofra-1957-2000\\\/\"},\"author\":{\"name\":\"Lea Couderc\",\"@id\":\"https:\\\/\\\/www.iemj.org\\\/it\\\/#\\\/schema\\\/person\\\/e2ad57f2c4be119c7ed8ab79036807a9\"},\"headline\":\"Haza, Ofra (1957-2000)\",\"datePublished\":\"2017-08-30T14:09:18+00:00\",\"dateModified\":\"2025-09-08T14:13:15+00:00\",\"mainEntityOfPage\":{\"@id\":\"https:\\\/\\\/www.iemj.org\\\/it\\\/haza-ofra-1957-2000\\\/\"},\"wordCount\":309,\"publisher\":{\"@id\":\"https:\\\/\\\/www.iemj.org\\\/it\\\/#organization\"},\"image\":{\"@id\":\"https:\\\/\\\/www.iemj.org\\\/it\\\/haza-ofra-1957-2000\\\/#primaryimage\"},\"thumbnailUrl\":\"https:\\\/\\\/www.iemj.org\\\/wp-content\\\/uploads\\\/2017\\\/08\\\/arton2433-e1617024719914.jpg\",\"articleSection\":[\"Biografie\"],\"inLanguage\":\"it-IT\"},{\"@type\":\"WebPage\",\"@id\":\"https:\\\/\\\/www.iemj.org\\\/it\\\/haza-ofra-1957-2000\\\/\",\"url\":\"https:\\\/\\\/www.iemj.org\\\/it\\\/haza-ofra-1957-2000\\\/\",\"name\":\"Haza, Ofra (1957-2000) - Institut Europ\u00e9en des Musiques Juives\",\"isPartOf\":{\"@id\":\"https:\\\/\\\/www.iemj.org\\\/it\\\/#website\"},\"primaryImageOfPage\":{\"@id\":\"https:\\\/\\\/www.iemj.org\\\/it\\\/haza-ofra-1957-2000\\\/#primaryimage\"},\"image\":{\"@id\":\"https:\\\/\\\/www.iemj.org\\\/it\\\/haza-ofra-1957-2000\\\/#primaryimage\"},\"thumbnailUrl\":\"https:\\\/\\\/www.iemj.org\\\/wp-content\\\/uploads\\\/2017\\\/08\\\/arton2433-e1617024719914.jpg\",\"datePublished\":\"2017-08-30T14:09:18+00:00\",\"dateModified\":\"2025-09-08T14:13:15+00:00\",\"breadcrumb\":{\"@id\":\"https:\\\/\\\/www.iemj.org\\\/it\\\/haza-ofra-1957-2000\\\/#breadcrumb\"},\"inLanguage\":\"it-IT\",\"potentialAction\":[{\"@type\":\"ReadAction\",\"target\":[\"https:\\\/\\\/www.iemj.org\\\/it\\\/haza-ofra-1957-2000\\\/\"]}]},{\"@type\":\"ImageObject\",\"inLanguage\":\"it-IT\",\"@id\":\"https:\\\/\\\/www.iemj.org\\\/it\\\/haza-ofra-1957-2000\\\/#primaryimage\",\"url\":\"https:\\\/\\\/www.iemj.org\\\/wp-content\\\/uploads\\\/2017\\\/08\\\/arton2433-e1617024719914.jpg\",\"contentUrl\":\"https:\\\/\\\/www.iemj.org\\\/wp-content\\\/uploads\\\/2017\\\/08\\\/arton2433-e1617024719914.jpg\",\"width\":220,\"height\":218},{\"@type\":\"BreadcrumbList\",\"@id\":\"https:\\\/\\\/www.iemj.org\\\/it\\\/haza-ofra-1957-2000\\\/#breadcrumb\",\"itemListElement\":[{\"@type\":\"ListItem\",\"position\":1,\"name\":\"Accueil\",\"item\":\"https:\\\/\\\/www.iemj.org\\\/it\\\/\"},{\"@type\":\"ListItem\",\"position\":2,\"name\":\"Haza, Ofra (1957-2000)\"}]},{\"@type\":\"WebSite\",\"@id\":\"https:\\\/\\\/www.iemj.org\\\/it\\\/#website\",\"url\":\"https:\\\/\\\/www.iemj.org\\\/it\\\/\",\"name\":\"Institut Europ\u00e9en des Musiques Juives\",\"description\":\"Des traditions musicales \u00e0 la port\u00e9e de tous\",\"publisher\":{\"@id\":\"https:\\\/\\\/www.iemj.org\\\/it\\\/#organization\"},\"potentialAction\":[{\"@type\":\"SearchAction\",\"target\":{\"@type\":\"EntryPoint\",\"urlTemplate\":\"https:\\\/\\\/www.iemj.org\\\/it\\\/?s={search_term_string}\"},\"query-input\":{\"@type\":\"PropertyValueSpecification\",\"valueRequired\":true,\"valueName\":\"search_term_string\"}}],\"inLanguage\":\"it-IT\"},{\"@type\":\"Organization\",\"@id\":\"https:\\\/\\\/www.iemj.org\\\/it\\\/#organization\",\"name\":\"Institut Europ\u00e9en des Musiques Juives\",\"url\":\"https:\\\/\\\/www.iemj.org\\\/it\\\/\",\"logo\":{\"@type\":\"ImageObject\",\"inLanguage\":\"it-IT\",\"@id\":\"https:\\\/\\\/www.iemj.org\\\/it\\\/#\\\/schema\\\/logo\\\/image\\\/\",\"url\":\"https:\\\/\\\/www.iemj.org\\\/wp-content\\\/uploads\\\/2021\\\/09\\\/Logo-IEMJ-Paypal.jpg\",\"contentUrl\":\"https:\\\/\\\/www.iemj.org\\\/wp-content\\\/uploads\\\/2021\\\/09\\\/Logo-IEMJ-Paypal.jpg\",\"width\":150,\"height\":50,\"caption\":\"Institut Europ\u00e9en des Musiques Juives\"},\"image\":{\"@id\":\"https:\\\/\\\/www.iemj.org\\\/it\\\/#\\\/schema\\\/logo\\\/image\\\/\"},\"sameAs\":[\"https:\\\/\\\/www.facebook.com\\\/MusiquesJuives\\\/\",\"https:\\\/\\\/www.instagram.com\\\/musiquesjuives\\\/\",\"https:\\\/\\\/www.youtube.com\\\/user\\\/musiquesjuives\"]},{\"@type\":\"Person\",\"@id\":\"https:\\\/\\\/www.iemj.org\\\/it\\\/#\\\/schema\\\/person\\\/e2ad57f2c4be119c7ed8ab79036807a9\",\"name\":\"Lea Couderc\",\"image\":{\"@type\":\"ImageObject\",\"inLanguage\":\"it-IT\",\"@id\":\"https:\\\/\\\/secure.gravatar.com\\\/avatar\\\/46ee021475d60aeff17a7e490b79dea5a5684bb392ab7fd1494027411df8ba23?s=96&d=mm&r=g\",\"url\":\"https:\\\/\\\/secure.gravatar.com\\\/avatar\\\/46ee021475d60aeff17a7e490b79dea5a5684bb392ab7fd1494027411df8ba23?s=96&d=mm&r=g\",\"contentUrl\":\"https:\\\/\\\/secure.gravatar.com\\\/avatar\\\/46ee021475d60aeff17a7e490b79dea5a5684bb392ab7fd1494027411df8ba23?s=96&d=mm&r=g\",\"caption\":\"Lea Couderc\"}}]}<\/script>\n<!-- \/ Yoast SEO plugin. -->","yoast_head_json":{"title":"Haza, Ofra (1957-2000) - Institut Europ\u00e9en des Musiques Juives","robots":{"index":"index","follow":"follow","max-snippet":"max-snippet:-1","max-image-preview":"max-image-preview:large","max-video-preview":"max-video-preview:-1"},"canonical":"https:\/\/www.iemj.org\/it\/haza-ofra-1957-2000\/","og_locale":"it_IT","og_type":"article","og_title":"Haza, Ofra (1957-2000) - Institut Europ\u00e9en des Musiques Juives","og_description":"Ofra Haza \u05e2\u05e4\u05e8\u05d4 \u05d7\u05d6\u05d4, vero nome Bat-Sheva Ofra Haza, nata il 19 novembre 1957 a Tel Aviv e morta il 23 febbraio 2000 a Ramat Gan, \u00e8 stata un&#8217;attrice e","og_url":"https:\/\/www.iemj.org\/it\/haza-ofra-1957-2000\/","og_site_name":"Institut Europ\u00e9en des Musiques Juives","article_publisher":"https:\/\/www.facebook.com\/MusiquesJuives\/","article_published_time":"2017-08-30T14:09:18+00:00","article_modified_time":"2025-09-08T14:13:15+00:00","og_image":[{"width":220,"height":218,"url":"https:\/\/www.iemj.org\/wp-content\/uploads\/2017\/08\/arton2433-e1617024719914.jpg","type":"image\/jpeg"}],"author":"Lea Couderc","twitter_card":"summary_large_image","twitter_misc":{"Scritto da":"Lea Couderc","Tempo di lettura stimato":"3 minuti"},"schema":{"@context":"https:\/\/schema.org","@graph":[{"@type":"Article","@id":"https:\/\/www.iemj.org\/it\/haza-ofra-1957-2000\/#article","isPartOf":{"@id":"https:\/\/www.iemj.org\/it\/haza-ofra-1957-2000\/"},"author":{"name":"Lea Couderc","@id":"https:\/\/www.iemj.org\/it\/#\/schema\/person\/e2ad57f2c4be119c7ed8ab79036807a9"},"headline":"Haza, Ofra (1957-2000)","datePublished":"2017-08-30T14:09:18+00:00","dateModified":"2025-09-08T14:13:15+00:00","mainEntityOfPage":{"@id":"https:\/\/www.iemj.org\/it\/haza-ofra-1957-2000\/"},"wordCount":309,"publisher":{"@id":"https:\/\/www.iemj.org\/it\/#organization"},"image":{"@id":"https:\/\/www.iemj.org\/it\/haza-ofra-1957-2000\/#primaryimage"},"thumbnailUrl":"https:\/\/www.iemj.org\/wp-content\/uploads\/2017\/08\/arton2433-e1617024719914.jpg","articleSection":["Biografie"],"inLanguage":"it-IT"},{"@type":"WebPage","@id":"https:\/\/www.iemj.org\/it\/haza-ofra-1957-2000\/","url":"https:\/\/www.iemj.org\/it\/haza-ofra-1957-2000\/","name":"Haza, Ofra (1957-2000) - Institut Europ\u00e9en des Musiques Juives","isPartOf":{"@id":"https:\/\/www.iemj.org\/it\/#website"},"primaryImageOfPage":{"@id":"https:\/\/www.iemj.org\/it\/haza-ofra-1957-2000\/#primaryimage"},"image":{"@id":"https:\/\/www.iemj.org\/it\/haza-ofra-1957-2000\/#primaryimage"},"thumbnailUrl":"https:\/\/www.iemj.org\/wp-content\/uploads\/2017\/08\/arton2433-e1617024719914.jpg","datePublished":"2017-08-30T14:09:18+00:00","dateModified":"2025-09-08T14:13:15+00:00","breadcrumb":{"@id":"https:\/\/www.iemj.org\/it\/haza-ofra-1957-2000\/#breadcrumb"},"inLanguage":"it-IT","potentialAction":[{"@type":"ReadAction","target":["https:\/\/www.iemj.org\/it\/haza-ofra-1957-2000\/"]}]},{"@type":"ImageObject","inLanguage":"it-IT","@id":"https:\/\/www.iemj.org\/it\/haza-ofra-1957-2000\/#primaryimage","url":"https:\/\/www.iemj.org\/wp-content\/uploads\/2017\/08\/arton2433-e1617024719914.jpg","contentUrl":"https:\/\/www.iemj.org\/wp-content\/uploads\/2017\/08\/arton2433-e1617024719914.jpg","width":220,"height":218},{"@type":"BreadcrumbList","@id":"https:\/\/www.iemj.org\/it\/haza-ofra-1957-2000\/#breadcrumb","itemListElement":[{"@type":"ListItem","position":1,"name":"Accueil","item":"https:\/\/www.iemj.org\/it\/"},{"@type":"ListItem","position":2,"name":"Haza, Ofra (1957-2000)"}]},{"@type":"WebSite","@id":"https:\/\/www.iemj.org\/it\/#website","url":"https:\/\/www.iemj.org\/it\/","name":"Institut Europ\u00e9en des Musiques Juives","description":"Des traditions musicales \u00e0 la port\u00e9e de tous","publisher":{"@id":"https:\/\/www.iemj.org\/it\/#organization"},"potentialAction":[{"@type":"SearchAction","target":{"@type":"EntryPoint","urlTemplate":"https:\/\/www.iemj.org\/it\/?s={search_term_string}"},"query-input":{"@type":"PropertyValueSpecification","valueRequired":true,"valueName":"search_term_string"}}],"inLanguage":"it-IT"},{"@type":"Organization","@id":"https:\/\/www.iemj.org\/it\/#organization","name":"Institut Europ\u00e9en des Musiques Juives","url":"https:\/\/www.iemj.org\/it\/","logo":{"@type":"ImageObject","inLanguage":"it-IT","@id":"https:\/\/www.iemj.org\/it\/#\/schema\/logo\/image\/","url":"https:\/\/www.iemj.org\/wp-content\/uploads\/2021\/09\/Logo-IEMJ-Paypal.jpg","contentUrl":"https:\/\/www.iemj.org\/wp-content\/uploads\/2021\/09\/Logo-IEMJ-Paypal.jpg","width":150,"height":50,"caption":"Institut Europ\u00e9en des Musiques Juives"},"image":{"@id":"https:\/\/www.iemj.org\/it\/#\/schema\/logo\/image\/"},"sameAs":["https:\/\/www.facebook.com\/MusiquesJuives\/","https:\/\/www.instagram.com\/musiquesjuives\/","https:\/\/www.youtube.com\/user\/musiquesjuives"]},{"@type":"Person","@id":"https:\/\/www.iemj.org\/it\/#\/schema\/person\/e2ad57f2c4be119c7ed8ab79036807a9","name":"Lea Couderc","image":{"@type":"ImageObject","inLanguage":"it-IT","@id":"https:\/\/secure.gravatar.com\/avatar\/46ee021475d60aeff17a7e490b79dea5a5684bb392ab7fd1494027411df8ba23?s=96&d=mm&r=g","url":"https:\/\/secure.gravatar.com\/avatar\/46ee021475d60aeff17a7e490b79dea5a5684bb392ab7fd1494027411df8ba23?s=96&d=mm&r=g","contentUrl":"https:\/\/secure.gravatar.com\/avatar\/46ee021475d60aeff17a7e490b79dea5a5684bb392ab7fd1494027411df8ba23?s=96&d=mm&r=g","caption":"Lea Couderc"}}]}},"_links":{"self":[{"href":"https:\/\/www.iemj.org\/it\/wp-json\/wp\/v2\/posts\/77761","targetHints":{"allow":["GET"]}}],"collection":[{"href":"https:\/\/www.iemj.org\/it\/wp-json\/wp\/v2\/posts"}],"about":[{"href":"https:\/\/www.iemj.org\/it\/wp-json\/wp\/v2\/types\/post"}],"author":[{"embeddable":true,"href":"https:\/\/www.iemj.org\/it\/wp-json\/wp\/v2\/users\/1052"}],"replies":[{"embeddable":true,"href":"https:\/\/www.iemj.org\/it\/wp-json\/wp\/v2\/comments?post=77761"}],"version-history":[{"count":0,"href":"https:\/\/www.iemj.org\/it\/wp-json\/wp\/v2\/posts\/77761\/revisions"}],"wp:featuredmedia":[{"embeddable":true,"href":"https:\/\/www.iemj.org\/it\/wp-json\/wp\/v2\/media\/77762"}],"wp:attachment":[{"href":"https:\/\/www.iemj.org\/it\/wp-json\/wp\/v2\/media?parent=77761"}],"wp:term":[{"taxonomy":"category","embeddable":true,"href":"https:\/\/www.iemj.org\/it\/wp-json\/wp\/v2\/categories?post=77761"},{"taxonomy":"post_tag","embeddable":true,"href":"https:\/\/www.iemj.org\/it\/wp-json\/wp\/v2\/tags?post=77761"},{"taxonomy":"technique","embeddable":true,"href":"https:\/\/www.iemj.org\/it\/wp-json\/wp\/v2\/technique?post=77761"},{"taxonomy":"squelettes","embeddable":true,"href":"https:\/\/www.iemj.org\/it\/wp-json\/wp\/v2\/squelettes?post=77761"},{"taxonomy":"sujet","embeddable":true,"href":"https:\/\/www.iemj.org\/it\/wp-json\/wp\/v2\/sujet?post=77761"},{"taxonomy":"formation","embeddable":true,"href":"https:\/\/www.iemj.org\/it\/wp-json\/wp\/v2\/formation?post=77761"},{"taxonomy":"genre","embeddable":true,"href":"https:\/\/www.iemj.org\/it\/wp-json\/wp\/v2\/genre?post=77761"},{"taxonomy":"fonds","embeddable":true,"href":"https:\/\/www.iemj.org\/it\/wp-json\/wp\/v2\/fonds?post=77761"},{"taxonomy":"tradition","embeddable":true,"href":"https:\/\/www.iemj.org\/it\/wp-json\/wp\/v2\/tradition?post=77761"},{"taxonomy":"type-de-contenu","embeddable":true,"href":"https:\/\/www.iemj.org\/it\/wp-json\/wp\/v2\/type-de-contenu?post=77761"},{"taxonomy":"interprete-compositeur","embeddable":true,"href":"https:\/\/www.iemj.org\/it\/wp-json\/wp\/v2\/interprete-compositeur?post=77761"},{"taxonomy":"frise","embeddable":true,"href":"https:\/\/www.iemj.org\/it\/wp-json\/wp\/v2\/frise?post=77761"},{"taxonomy":"type-devenement","embeddable":true,"href":"https:\/\/www.iemj.org\/it\/wp-json\/wp\/v2\/type-devenement?post=77761"},{"taxonomy":"tableaux-liens-externes","embeddable":true,"href":"https:\/\/www.iemj.org\/it\/wp-json\/wp\/v2\/tableaux-liens-externes?post=77761"}],"curies":[{"name":"wp","href":"https:\/\/api.w.org\/{rel}","templated":true}]}}