{"id":77890,"date":"2022-01-19T10:36:01","date_gmt":"2022-01-19T09:36:01","guid":{"rendered":"https:\/\/www.iemj.org\/krein-alexander-1883-1951\/"},"modified":"2022-01-25T17:21:00","modified_gmt":"2022-01-25T16:21:00","slug":"krein-alexander-1883-1951","status":"publish","type":"post","link":"https:\/\/www.iemj.org\/it\/krein-alexander-1883-1951\/","title":{"rendered":"KREIN, ALEXANDER (1883-1951)"},"content":{"rendered":"<p>Alexander Kerin (Aleksander Abramovi\u010d Krejn) nasce il 20 ottobre 1883 nella citt\u00e0 russa di Nizhni Novgorod. Suo padre, Abraham, \u00e8 un violinista con la passione per la musica ebraica e di cui sette dei dieci figli diventano musicisti professionisti. Dopo un&#8217;infanzia trascorsa a suonare musica klezmer nell&#8217;orchestra di suo padre, Krein entra nella classe di violoncello del Conservatorio di Mosca all&#8217;et\u00e0 di tredici anni. Studia teoria musicale e composizione con i compositori Sergey Taneev e Boleslav Yavorsky. Si diploma nel 1908 e sviluppa uno stile compositivo molto originale che combina il linguaggio armonico di compositori moderni come Debussy, Ravel e Scriabin, con le melodie ed i modi della musica popolare ebraica, come dimostra la composizione delle sue due <em>Evreiskie eskizi<\/em> ( Traccie ebraiche) per clarinetto e quartetto d&#8217;archi (1909 e 1910) basate su melodie del repertorio klezmer di suo padre e scritte a seguito di una domanda del compositore <a href=\"https:\/\/www.iemj.org\/it\/engel-joel-1868-1927\/\" target=\"_blank\" rel=\"noopener\">Joel Engel<\/a>.<\/p>\n<p>A seguito del successo di queste opere, Krein gioca un ruolo importante nell&#8217;emergenza di una musica nazionale ebraica come compositore e membro attivo della filiale di Mosca della Societ\u00e0 per la musica popolare ebraica (1913-1919) e dell&#8217;organizzazione che le succede, la Societ\u00e0 per la musica ebraica (1923-1929).<\/p>\n<p>Dal 1917 compone molte opere teatrali, in particolare per il teatro ebraico Habima di Mosca e per i teatri yiddish dell&#8217;Ucraina e della Bielorussia. Negli anni &#8217;20 scrive diverse opere importanti, tra cui la cantata sinfonica <em>Kaddish<\/em> (1921), la <em>Prima Sonata<\/em> <em>per pianoforte<\/em> (1922) e la <em>Prima Sinfonia<\/em> (1922-25).<\/p>\n<p>In queste composizioni, Krein usa le improvvisazioni melodiche ed i ritmi recitativi delle melodie popolari e liturgiche ebraiche dell&#8217;Europa orientale per conferire alle sue composizioni un carattere unico, come lo si pu\u00f2 sentire nella sua <em>Melodia ebraica<\/em> op. 43, per violoncello e pianoforte, composta nel 1928.<\/p>\n<p>Mentre il regime comunista diventa sempre pi\u00f9 ideologicamente restrittivo alla fine degli anni &#8217;20 e durante gli anni &#8217;30, Krein si sforza di conciliare la sua arte con le crescenti pressioni politiche. Nonostante evidenti compromessi politici, come la cantata <em>Ode funeraria in memoria di Lenin<\/em> (1926) e l&#8217;oratorio sinfonico <em>La Brigata di choc del proletariato mondiale dell\u2019U.R.S.S.<\/em> (1932), Krein continua a esplorare temi musicali e letterari ebraici nel suo lavoro fino negli anni 1940. La sua opera <em>Zagmuk<\/em> (1929), che tratta della rivolta ebraica nell&#8217;antica Babilonia, \u00e8 la prima opera sovietica messa in scena al Teatro Bolshoi di Mosca ( 1930). Nel 1934 riceve il titolo di Artista Onorato dell&#8217;Unione Sovietica.<\/p>\n<p>Kerin compone musica per le produzioni del Teatro Yiddish di Stato di Mosca fino al 1941 e la sua <em>Seconda Sinfonia<\/em> (1945) \u00e8 una meditazione sulle sofferenze storiche del popolo ebraico dai tempi antichi sino all&#8217;Olocausto.<\/p>\n\n\n<p>Fonti: Loeffler, James,&nbsp;<a href=\"https:\/\/www.universaledition.com\/alexander-krein-2517#biography\" target=\"_blank\" rel=\"noreferrer noopener\">Pro Musica Hebraica<\/a><\/p>\n\n\n\n<p><\/p>\n\n\n\n<p><strong><a href=\"http:\/\/www.rachelnet.net\/F\/?func=find-c&amp;ccl_term=WRD+%3D+Krein+Alexander+OU+WRD+%3D+Krein+Aleksander&amp;local_base=iemcg\" target=\"_blank\" rel=\"noreferrer noopener\">Consultare i nostri archivi su Alexander Krein<\/a><\/strong><\/p>\n\n\n\n<figure class=\"wp-block-embed is-type-video is-provider-youtube wp-block-embed-youtube wp-embed-aspect-16-9 wp-has-aspect-ratio\"><div class=\"wp-block-embed__wrapper\">\n<iframe title=\"Alexander Krein, Esquisses H\u00e9bra\u00efques pour clarinette et quintette a cordes\" width=\"640\" height=\"360\" src=\"https:\/\/www.youtube.com\/embed\/AZ9Im6THyZA?feature=oembed\" frameborder=\"0\" allow=\"accelerometer; autoplay; clipboard-write; encrypted-media; gyroscope; picture-in-picture; web-share\" referrerpolicy=\"strict-origin-when-cross-origin\" allowfullscreen><\/iframe>\n<\/div><\/figure>\n\n\n\n<figure class=\"wp-block-embed is-type-video is-provider-youtube wp-block-embed-youtube wp-embed-aspect-16-9 wp-has-aspect-ratio\"><div class=\"wp-block-embed__wrapper\">\n<iframe title=\"Alexander Krein: 10 Yiddish Songs performed by Lucy Fitz Gibbon and Ryan MacEvoy McCullough\" width=\"640\" height=\"360\" src=\"https:\/\/www.youtube.com\/embed\/0jTZwuu7ON8?feature=oembed\" frameborder=\"0\" allow=\"accelerometer; autoplay; clipboard-write; encrypted-media; gyroscope; picture-in-picture; web-share\" referrerpolicy=\"strict-origin-when-cross-origin\" allowfullscreen><\/iframe>\n<\/div><\/figure>\n","protected":false},"excerpt":{"rendered":"<p>Alexander Kerin (Aleksander Abramovi\u010d Krejn) nasce il 20 ottobre 1883 nella citt\u00e0 russa di Nizhni Novgorod. Suo padre, Abraham, \u00e8 un violinista con la passione per la musica ebraica e<\/p>\n","protected":false},"author":1045,"featured_media":77821,"comment_status":"closed","ping_status":"closed","sticky":false,"template":"","format":"standard","meta":{"_acf_changed":false,"footnotes":""},"categories":[1416],"tags":[],"technique":[],"squelettes":[],"sujet":[],"formation":[],"genre":[],"fonds":[],"tradition":[],"type-de-contenu":[],"interprete-compositeur":[],"frise":[],"type-devenement":[],"tableaux-liens-externes":[],"class_list":["post-77890","post","type-post","status-publish","format-standard","has-post-thumbnail","hentry","category-biografie-it"],"acf":[],"yoast_head":"<!-- This site is optimized with the Yoast SEO plugin v27.3 - https:\/\/yoast.com\/product\/yoast-seo-wordpress\/ -->\n<title>KREIN, ALEXANDER (1883-1951) - Institut Europ\u00e9en des Musiques Juives<\/title>\n<meta name=\"robots\" content=\"index, follow, max-snippet:-1, max-image-preview:large, max-video-preview:-1\" \/>\n<link rel=\"canonical\" href=\"https:\/\/www.iemj.org\/it\/krein-alexander-1883-1951\/\" \/>\n<meta property=\"og:locale\" content=\"it_IT\" \/>\n<meta property=\"og:type\" content=\"article\" \/>\n<meta property=\"og:title\" content=\"KREIN, ALEXANDER (1883-1951) - Institut Europ\u00e9en des Musiques Juives\" \/>\n<meta property=\"og:description\" content=\"Alexander Kerin (Aleksander Abramovi\u010d Krejn) nasce il 20 ottobre 1883 nella citt\u00e0 russa di Nizhni Novgorod. Suo padre, Abraham, \u00e8 un violinista con la passione per la musica ebraica e\" \/>\n<meta property=\"og:url\" content=\"https:\/\/www.iemj.org\/it\/krein-alexander-1883-1951\/\" \/>\n<meta property=\"og:site_name\" content=\"Institut Europ\u00e9en des Musiques Juives\" \/>\n<meta property=\"article:publisher\" content=\"https:\/\/www.facebook.com\/MusiquesJuives\/\" \/>\n<meta property=\"article:published_time\" content=\"2022-01-19T09:36:01+00:00\" \/>\n<meta property=\"article:modified_time\" content=\"2022-01-25T16:21:00+00:00\" \/>\n<meta property=\"og:image\" content=\"https:\/\/www.iemj.org\/wp-content\/uploads\/2022\/01\/Alexander-Krein-e1643127634225.jpg\" \/>\n\t<meta property=\"og:image:width\" content=\"241\" \/>\n\t<meta property=\"og:image:height\" content=\"218\" \/>\n\t<meta property=\"og:image:type\" content=\"image\/jpeg\" \/>\n<meta name=\"author\" content=\"Herv\u00e9 Roten\" \/>\n<meta name=\"twitter:card\" content=\"summary_large_image\" \/>\n<meta name=\"twitter:label1\" content=\"Scritto da\" \/>\n\t<meta name=\"twitter:data1\" content=\"Herv\u00e9 Roten\" \/>\n\t<meta name=\"twitter:label2\" content=\"Tempo di lettura stimato\" \/>\n\t<meta name=\"twitter:data2\" content=\"3 minuti\" \/>\n<script type=\"application\/ld+json\" class=\"yoast-schema-graph\">{\"@context\":\"https:\\\/\\\/schema.org\",\"@graph\":[{\"@type\":\"Article\",\"@id\":\"https:\\\/\\\/www.iemj.org\\\/it\\\/krein-alexander-1883-1951\\\/#article\",\"isPartOf\":{\"@id\":\"https:\\\/\\\/www.iemj.org\\\/it\\\/krein-alexander-1883-1951\\\/\"},\"author\":{\"name\":\"Herv\u00e9 Roten\",\"@id\":\"https:\\\/\\\/www.iemj.org\\\/it\\\/#\\\/schema\\\/person\\\/906134402c29d5c76e7b726261dd4bbd\"},\"headline\":\"KREIN, ALEXANDER (1883-1951)\",\"datePublished\":\"2022-01-19T09:36:01+00:00\",\"dateModified\":\"2022-01-25T16:21:00+00:00\",\"mainEntityOfPage\":{\"@id\":\"https:\\\/\\\/www.iemj.org\\\/it\\\/krein-alexander-1883-1951\\\/\"},\"wordCount\":458,\"publisher\":{\"@id\":\"https:\\\/\\\/www.iemj.org\\\/it\\\/#organization\"},\"image\":{\"@id\":\"https:\\\/\\\/www.iemj.org\\\/it\\\/krein-alexander-1883-1951\\\/#primaryimage\"},\"thumbnailUrl\":\"https:\\\/\\\/www.iemj.org\\\/wp-content\\\/uploads\\\/2022\\\/01\\\/Alexander-Krein-e1643127634225.jpg\",\"articleSection\":[\"Biografie\"],\"inLanguage\":\"it-IT\"},{\"@type\":\"WebPage\",\"@id\":\"https:\\\/\\\/www.iemj.org\\\/it\\\/krein-alexander-1883-1951\\\/\",\"url\":\"https:\\\/\\\/www.iemj.org\\\/it\\\/krein-alexander-1883-1951\\\/\",\"name\":\"KREIN, ALEXANDER (1883-1951) - Institut Europ\u00e9en des Musiques Juives\",\"isPartOf\":{\"@id\":\"https:\\\/\\\/www.iemj.org\\\/it\\\/#website\"},\"primaryImageOfPage\":{\"@id\":\"https:\\\/\\\/www.iemj.org\\\/it\\\/krein-alexander-1883-1951\\\/#primaryimage\"},\"image\":{\"@id\":\"https:\\\/\\\/www.iemj.org\\\/it\\\/krein-alexander-1883-1951\\\/#primaryimage\"},\"thumbnailUrl\":\"https:\\\/\\\/www.iemj.org\\\/wp-content\\\/uploads\\\/2022\\\/01\\\/Alexander-Krein-e1643127634225.jpg\",\"datePublished\":\"2022-01-19T09:36:01+00:00\",\"dateModified\":\"2022-01-25T16:21:00+00:00\",\"breadcrumb\":{\"@id\":\"https:\\\/\\\/www.iemj.org\\\/it\\\/krein-alexander-1883-1951\\\/#breadcrumb\"},\"inLanguage\":\"it-IT\",\"potentialAction\":[{\"@type\":\"ReadAction\",\"target\":[\"https:\\\/\\\/www.iemj.org\\\/it\\\/krein-alexander-1883-1951\\\/\"]}]},{\"@type\":\"ImageObject\",\"inLanguage\":\"it-IT\",\"@id\":\"https:\\\/\\\/www.iemj.org\\\/it\\\/krein-alexander-1883-1951\\\/#primaryimage\",\"url\":\"https:\\\/\\\/www.iemj.org\\\/wp-content\\\/uploads\\\/2022\\\/01\\\/Alexander-Krein-e1643127634225.jpg\",\"contentUrl\":\"https:\\\/\\\/www.iemj.org\\\/wp-content\\\/uploads\\\/2022\\\/01\\\/Alexander-Krein-e1643127634225.jpg\",\"width\":241,\"height\":218},{\"@type\":\"BreadcrumbList\",\"@id\":\"https:\\\/\\\/www.iemj.org\\\/it\\\/krein-alexander-1883-1951\\\/#breadcrumb\",\"itemListElement\":[{\"@type\":\"ListItem\",\"position\":1,\"name\":\"Accueil\",\"item\":\"https:\\\/\\\/www.iemj.org\\\/it\\\/\"},{\"@type\":\"ListItem\",\"position\":2,\"name\":\"KREIN, ALEXANDER (1883-1951)\"}]},{\"@type\":\"WebSite\",\"@id\":\"https:\\\/\\\/www.iemj.org\\\/it\\\/#website\",\"url\":\"https:\\\/\\\/www.iemj.org\\\/it\\\/\",\"name\":\"Institut Europ\u00e9en des Musiques Juives\",\"description\":\"Des traditions musicales \u00e0 la port\u00e9e de tous\",\"publisher\":{\"@id\":\"https:\\\/\\\/www.iemj.org\\\/it\\\/#organization\"},\"potentialAction\":[{\"@type\":\"SearchAction\",\"target\":{\"@type\":\"EntryPoint\",\"urlTemplate\":\"https:\\\/\\\/www.iemj.org\\\/it\\\/?s={search_term_string}\"},\"query-input\":{\"@type\":\"PropertyValueSpecification\",\"valueRequired\":true,\"valueName\":\"search_term_string\"}}],\"inLanguage\":\"it-IT\"},{\"@type\":\"Organization\",\"@id\":\"https:\\\/\\\/www.iemj.org\\\/it\\\/#organization\",\"name\":\"Institut Europ\u00e9en des Musiques Juives\",\"url\":\"https:\\\/\\\/www.iemj.org\\\/it\\\/\",\"logo\":{\"@type\":\"ImageObject\",\"inLanguage\":\"it-IT\",\"@id\":\"https:\\\/\\\/www.iemj.org\\\/it\\\/#\\\/schema\\\/logo\\\/image\\\/\",\"url\":\"https:\\\/\\\/www.iemj.org\\\/wp-content\\\/uploads\\\/2021\\\/09\\\/Logo-IEMJ-Paypal.jpg\",\"contentUrl\":\"https:\\\/\\\/www.iemj.org\\\/wp-content\\\/uploads\\\/2021\\\/09\\\/Logo-IEMJ-Paypal.jpg\",\"width\":150,\"height\":50,\"caption\":\"Institut Europ\u00e9en des Musiques Juives\"},\"image\":{\"@id\":\"https:\\\/\\\/www.iemj.org\\\/it\\\/#\\\/schema\\\/logo\\\/image\\\/\"},\"sameAs\":[\"https:\\\/\\\/www.facebook.com\\\/MusiquesJuives\\\/\",\"https:\\\/\\\/www.instagram.com\\\/musiquesjuives\\\/\",\"https:\\\/\\\/www.youtube.com\\\/user\\\/musiquesjuives\"]},{\"@type\":\"Person\",\"@id\":\"https:\\\/\\\/www.iemj.org\\\/it\\\/#\\\/schema\\\/person\\\/906134402c29d5c76e7b726261dd4bbd\",\"name\":\"Herv\u00e9 Roten\",\"image\":{\"@type\":\"ImageObject\",\"inLanguage\":\"it-IT\",\"@id\":\"https:\\\/\\\/secure.gravatar.com\\\/avatar\\\/f96ad2db538a26481f18384936b5cd0610c92d390c4dc382209216d455f685ff?s=96&d=mm&r=g\",\"url\":\"https:\\\/\\\/secure.gravatar.com\\\/avatar\\\/f96ad2db538a26481f18384936b5cd0610c92d390c4dc382209216d455f685ff?s=96&d=mm&r=g\",\"contentUrl\":\"https:\\\/\\\/secure.gravatar.com\\\/avatar\\\/f96ad2db538a26481f18384936b5cd0610c92d390c4dc382209216d455f685ff?s=96&d=mm&r=g\",\"caption\":\"Herv\u00e9 Roten\"}}]}<\/script>\n<!-- \/ Yoast SEO plugin. -->","yoast_head_json":{"title":"KREIN, ALEXANDER (1883-1951) - Institut Europ\u00e9en des Musiques Juives","robots":{"index":"index","follow":"follow","max-snippet":"max-snippet:-1","max-image-preview":"max-image-preview:large","max-video-preview":"max-video-preview:-1"},"canonical":"https:\/\/www.iemj.org\/it\/krein-alexander-1883-1951\/","og_locale":"it_IT","og_type":"article","og_title":"KREIN, ALEXANDER (1883-1951) - Institut Europ\u00e9en des Musiques Juives","og_description":"Alexander Kerin (Aleksander Abramovi\u010d Krejn) nasce il 20 ottobre 1883 nella citt\u00e0 russa di Nizhni Novgorod. Suo padre, Abraham, \u00e8 un violinista con la passione per la musica ebraica e","og_url":"https:\/\/www.iemj.org\/it\/krein-alexander-1883-1951\/","og_site_name":"Institut Europ\u00e9en des Musiques Juives","article_publisher":"https:\/\/www.facebook.com\/MusiquesJuives\/","article_published_time":"2022-01-19T09:36:01+00:00","article_modified_time":"2022-01-25T16:21:00+00:00","og_image":[{"width":241,"height":218,"url":"https:\/\/www.iemj.org\/wp-content\/uploads\/2022\/01\/Alexander-Krein-e1643127634225.jpg","type":"image\/jpeg"}],"author":"Herv\u00e9 Roten","twitter_card":"summary_large_image","twitter_misc":{"Scritto da":"Herv\u00e9 Roten","Tempo di lettura stimato":"3 minuti"},"schema":{"@context":"https:\/\/schema.org","@graph":[{"@type":"Article","@id":"https:\/\/www.iemj.org\/it\/krein-alexander-1883-1951\/#article","isPartOf":{"@id":"https:\/\/www.iemj.org\/it\/krein-alexander-1883-1951\/"},"author":{"name":"Herv\u00e9 Roten","@id":"https:\/\/www.iemj.org\/it\/#\/schema\/person\/906134402c29d5c76e7b726261dd4bbd"},"headline":"KREIN, ALEXANDER (1883-1951)","datePublished":"2022-01-19T09:36:01+00:00","dateModified":"2022-01-25T16:21:00+00:00","mainEntityOfPage":{"@id":"https:\/\/www.iemj.org\/it\/krein-alexander-1883-1951\/"},"wordCount":458,"publisher":{"@id":"https:\/\/www.iemj.org\/it\/#organization"},"image":{"@id":"https:\/\/www.iemj.org\/it\/krein-alexander-1883-1951\/#primaryimage"},"thumbnailUrl":"https:\/\/www.iemj.org\/wp-content\/uploads\/2022\/01\/Alexander-Krein-e1643127634225.jpg","articleSection":["Biografie"],"inLanguage":"it-IT"},{"@type":"WebPage","@id":"https:\/\/www.iemj.org\/it\/krein-alexander-1883-1951\/","url":"https:\/\/www.iemj.org\/it\/krein-alexander-1883-1951\/","name":"KREIN, ALEXANDER (1883-1951) - Institut Europ\u00e9en des Musiques Juives","isPartOf":{"@id":"https:\/\/www.iemj.org\/it\/#website"},"primaryImageOfPage":{"@id":"https:\/\/www.iemj.org\/it\/krein-alexander-1883-1951\/#primaryimage"},"image":{"@id":"https:\/\/www.iemj.org\/it\/krein-alexander-1883-1951\/#primaryimage"},"thumbnailUrl":"https:\/\/www.iemj.org\/wp-content\/uploads\/2022\/01\/Alexander-Krein-e1643127634225.jpg","datePublished":"2022-01-19T09:36:01+00:00","dateModified":"2022-01-25T16:21:00+00:00","breadcrumb":{"@id":"https:\/\/www.iemj.org\/it\/krein-alexander-1883-1951\/#breadcrumb"},"inLanguage":"it-IT","potentialAction":[{"@type":"ReadAction","target":["https:\/\/www.iemj.org\/it\/krein-alexander-1883-1951\/"]}]},{"@type":"ImageObject","inLanguage":"it-IT","@id":"https:\/\/www.iemj.org\/it\/krein-alexander-1883-1951\/#primaryimage","url":"https:\/\/www.iemj.org\/wp-content\/uploads\/2022\/01\/Alexander-Krein-e1643127634225.jpg","contentUrl":"https:\/\/www.iemj.org\/wp-content\/uploads\/2022\/01\/Alexander-Krein-e1643127634225.jpg","width":241,"height":218},{"@type":"BreadcrumbList","@id":"https:\/\/www.iemj.org\/it\/krein-alexander-1883-1951\/#breadcrumb","itemListElement":[{"@type":"ListItem","position":1,"name":"Accueil","item":"https:\/\/www.iemj.org\/it\/"},{"@type":"ListItem","position":2,"name":"KREIN, ALEXANDER (1883-1951)"}]},{"@type":"WebSite","@id":"https:\/\/www.iemj.org\/it\/#website","url":"https:\/\/www.iemj.org\/it\/","name":"Institut Europ\u00e9en des Musiques Juives","description":"Des traditions musicales \u00e0 la port\u00e9e de tous","publisher":{"@id":"https:\/\/www.iemj.org\/it\/#organization"},"potentialAction":[{"@type":"SearchAction","target":{"@type":"EntryPoint","urlTemplate":"https:\/\/www.iemj.org\/it\/?s={search_term_string}"},"query-input":{"@type":"PropertyValueSpecification","valueRequired":true,"valueName":"search_term_string"}}],"inLanguage":"it-IT"},{"@type":"Organization","@id":"https:\/\/www.iemj.org\/it\/#organization","name":"Institut Europ\u00e9en des Musiques Juives","url":"https:\/\/www.iemj.org\/it\/","logo":{"@type":"ImageObject","inLanguage":"it-IT","@id":"https:\/\/www.iemj.org\/it\/#\/schema\/logo\/image\/","url":"https:\/\/www.iemj.org\/wp-content\/uploads\/2021\/09\/Logo-IEMJ-Paypal.jpg","contentUrl":"https:\/\/www.iemj.org\/wp-content\/uploads\/2021\/09\/Logo-IEMJ-Paypal.jpg","width":150,"height":50,"caption":"Institut Europ\u00e9en des Musiques Juives"},"image":{"@id":"https:\/\/www.iemj.org\/it\/#\/schema\/logo\/image\/"},"sameAs":["https:\/\/www.facebook.com\/MusiquesJuives\/","https:\/\/www.instagram.com\/musiquesjuives\/","https:\/\/www.youtube.com\/user\/musiquesjuives"]},{"@type":"Person","@id":"https:\/\/www.iemj.org\/it\/#\/schema\/person\/906134402c29d5c76e7b726261dd4bbd","name":"Herv\u00e9 Roten","image":{"@type":"ImageObject","inLanguage":"it-IT","@id":"https:\/\/secure.gravatar.com\/avatar\/f96ad2db538a26481f18384936b5cd0610c92d390c4dc382209216d455f685ff?s=96&d=mm&r=g","url":"https:\/\/secure.gravatar.com\/avatar\/f96ad2db538a26481f18384936b5cd0610c92d390c4dc382209216d455f685ff?s=96&d=mm&r=g","contentUrl":"https:\/\/secure.gravatar.com\/avatar\/f96ad2db538a26481f18384936b5cd0610c92d390c4dc382209216d455f685ff?s=96&d=mm&r=g","caption":"Herv\u00e9 Roten"}}]}},"_links":{"self":[{"href":"https:\/\/www.iemj.org\/it\/wp-json\/wp\/v2\/posts\/77890","targetHints":{"allow":["GET"]}}],"collection":[{"href":"https:\/\/www.iemj.org\/it\/wp-json\/wp\/v2\/posts"}],"about":[{"href":"https:\/\/www.iemj.org\/it\/wp-json\/wp\/v2\/types\/post"}],"author":[{"embeddable":true,"href":"https:\/\/www.iemj.org\/it\/wp-json\/wp\/v2\/users\/1045"}],"replies":[{"embeddable":true,"href":"https:\/\/www.iemj.org\/it\/wp-json\/wp\/v2\/comments?post=77890"}],"version-history":[{"count":0,"href":"https:\/\/www.iemj.org\/it\/wp-json\/wp\/v2\/posts\/77890\/revisions"}],"wp:featuredmedia":[{"embeddable":true,"href":"https:\/\/www.iemj.org\/it\/wp-json\/wp\/v2\/media\/77821"}],"wp:attachment":[{"href":"https:\/\/www.iemj.org\/it\/wp-json\/wp\/v2\/media?parent=77890"}],"wp:term":[{"taxonomy":"category","embeddable":true,"href":"https:\/\/www.iemj.org\/it\/wp-json\/wp\/v2\/categories?post=77890"},{"taxonomy":"post_tag","embeddable":true,"href":"https:\/\/www.iemj.org\/it\/wp-json\/wp\/v2\/tags?post=77890"},{"taxonomy":"technique","embeddable":true,"href":"https:\/\/www.iemj.org\/it\/wp-json\/wp\/v2\/technique?post=77890"},{"taxonomy":"squelettes","embeddable":true,"href":"https:\/\/www.iemj.org\/it\/wp-json\/wp\/v2\/squelettes?post=77890"},{"taxonomy":"sujet","embeddable":true,"href":"https:\/\/www.iemj.org\/it\/wp-json\/wp\/v2\/sujet?post=77890"},{"taxonomy":"formation","embeddable":true,"href":"https:\/\/www.iemj.org\/it\/wp-json\/wp\/v2\/formation?post=77890"},{"taxonomy":"genre","embeddable":true,"href":"https:\/\/www.iemj.org\/it\/wp-json\/wp\/v2\/genre?post=77890"},{"taxonomy":"fonds","embeddable":true,"href":"https:\/\/www.iemj.org\/it\/wp-json\/wp\/v2\/fonds?post=77890"},{"taxonomy":"tradition","embeddable":true,"href":"https:\/\/www.iemj.org\/it\/wp-json\/wp\/v2\/tradition?post=77890"},{"taxonomy":"type-de-contenu","embeddable":true,"href":"https:\/\/www.iemj.org\/it\/wp-json\/wp\/v2\/type-de-contenu?post=77890"},{"taxonomy":"interprete-compositeur","embeddable":true,"href":"https:\/\/www.iemj.org\/it\/wp-json\/wp\/v2\/interprete-compositeur?post=77890"},{"taxonomy":"frise","embeddable":true,"href":"https:\/\/www.iemj.org\/it\/wp-json\/wp\/v2\/frise?post=77890"},{"taxonomy":"type-devenement","embeddable":true,"href":"https:\/\/www.iemj.org\/it\/wp-json\/wp\/v2\/type-devenement?post=77890"},{"taxonomy":"tableaux-liens-externes","embeddable":true,"href":"https:\/\/www.iemj.org\/it\/wp-json\/wp\/v2\/tableaux-liens-externes?post=77890"}],"curies":[{"name":"wp","href":"https:\/\/api.w.org\/{rel}","templated":true}]}}