{"id":78046,"date":"2022-01-18T18:21:45","date_gmt":"2022-01-18T17:21:45","guid":{"rendered":"https:\/\/www.iemj.org\/concert-de-melodies-hebraiques-pour-violoncelle-et-piano\/"},"modified":"2022-12-29T11:46:04","modified_gmt":"2022-12-29T10:46:04","slug":"concert-de-melodies-hebraiques-pour-violoncelle-et-piano","status":"publish","type":"post","link":"https:\/\/www.iemj.org\/it\/concert-de-melodies-hebraiques-pour-violoncelle-et-piano\/","title":{"rendered":"Concerto Melodie Ebraiche per violoncello e piano"},"content":{"rendered":"<h2 style=\"text-align: center;\"><strong>Mercoled\u00ec 9 febbraio 2022, ore 19<\/strong><\/h2>\n<h2 style=\"text-align: center;\"><strong>Mus\u00e9e d\u2019Art et d\u2019Histoire du Juda\u00efsme<\/strong><\/h2>\n<h3 style=\"text-align: center;\">\u00a0<\/h3>\n<h3 style=\"text-align: center;\"><em><strong>Un concerto dell&#8217;IEMJ, in collaborazione con il MAHJ,<\/strong><\/em><br \/><em><strong>con il sostegno della Fondation Henriette Halphen<\/strong><\/em><br \/><em><strong>sotto l&#8217;egida della Fondation du Juda\u00efsme Fran\u00e7ais<\/strong><\/em><\/h3>\n<p>\u00a0<\/p>\n<p>\u00a0<\/p>\n<center><\/center>\n<p>\u00a0<\/p>\n<p><!--more--><\/p>\n<p>In occasione dell&#8217;uscita del CD <a href=\"https:\/\/www.iemj.org\/it\/melodies-hebraiques-pour-violoncelle-et-piano-volume-2\/\" target=\"_blank\" rel=\"noopener\">Melodie Ebraiche per violoncello e piano, Volume 2<\/a> pubblicato dall&#8217;IEMJ, l&#8217;Istituto Europeo di Musica Ebraica e il Mus\u00e9e d\u2019Art et d\u2019Histoire du Juda\u00efsme vi invitano ad un concerto eccezionale eseguito da Sarah Iancu, violoncellista solista dell&#8217;Orchestre National du Capitole de Toulouse, e dal virtuoso pianista David Bismuth.<\/p>\n<p>Questi artisti ci presenteranno un repertorio ispirato alla musica liturgica, alle melodie hassidiche, alle canzoni yiddish e giudeo-spagnole, con opere di Ernest Bloch, Maurice Ravel, Darius Milhaud, Fernand Halphen, Vladimir Dyck, Victor Ullmann, Abraham Goldfaden, Jack Yellen e Joaquin Nin-Culmell.<\/p>\n<p>Una parte di questo concerto metter\u00e0 anche in evidenza i compositori della &#8220;Nuova Scuola Ebraica&#8221; di San Pietroburgo &#8211; come Lazare Saminsky, Jacob Weinberg e Leo Zeitlin &#8211; che, sotto l&#8217;influenza del movimento popolare russo a cavallo del 20\u00b0 secolo, si sono proposti di creare una musica ebraica nazionale.<\/p>\n<h3>Programma<\/h3>\n<p><em>Eli Zion<\/em>, Leo Zeitlin (1884-1930)<br \/><em>Chasidic Suite<\/em>, Lazare Saminsky (1882-1959)<br \/><em>Rozinkhes mit mandlen<\/em>, Abraham Goldfaden (1840-1908)<br \/><em>Ten Jewish songs<\/em> (n\u00b0 3, 9, 5), Jacob Weinberg (1879-1956)<br \/><em>M\u00e9ditation h\u00e9bra\u00efque<\/em>, Ernest Bloch (1880-1959)<br \/><em>Pri\u00e8re<\/em>, Fernand Halphen (1872-1917) <br \/><em>Six Chants Populaires H\u00e9bra\u00efques<\/em> (n\u00b01, 6), Darius Milhaud (1892-1974)<br \/><em>Kaddisch<\/em>, Maurice Ravel (1875-1937) <br \/><em>Drei Jiddische Lieder<\/em>, Viktor Ullmann (1898-1944)<br \/><em>L\u00e9gende h\u00e9bra\u00efque<\/em>, Vladimir Dyck (1882-1943)<br \/><em>Kol nidre<\/em>, Mario Castelnuovo-Tedesco (1895-1968)<br \/><em>Seis Canciones populares sefardies<\/em> (n\u00b0 6, 1), Joaquin Nin-Culmell (1908-2004)<br \/><em>De la po\u00e9sie populaire juive<\/em> (n\u00b0 9, 7), Dimitri Chostakovitch (1906-1975)<br \/><em>My Yiddishe Momme<\/em>, Lew Pollack (1895-1946) &amp; Jack Yellen (1892-1991)<\/p>\n<p><a href=\"https:\/\/www.iemj.org\/it\/concert-melodies-hebraiques-2-2\/\" target=\"_blank\" rel=\"noopener\">Guarda alcuni estratti del concerto <\/a><\/p>\n\n\n<figure class=\"wp-block-table\"><table><tbody><tr><td><strong>Auditorium del MAHJ<br><\/strong>H\u00f4tel de Saint-Aignan,<br>71 Rue du Temple, 75003 Paris<br>(Metro linea 11 Rambuteau o linea 1 H\u00f4tel de Ville)<br><br><strong>Prezzi<\/strong>:<br>20 \u20ac \/ <strong>15 \u20ac (ridotto e amici del MAHJ e dell&#8217;IEMJ)<\/strong><\/td><td><strong>Riservazioni:<br><\/strong>Biglietti online su <strong><a href=\"https:\/\/mahj.tickeasy.com\/fr-FR\/produits?famille=2201834407890400108\">mahj.org<\/a><\/strong><br>Sul sito, alla biglietteria del MAHJ<br>(Da marted\u00ec a sabato dalle 15:00 alle 17:00)<br>Per telefono, allo 01 53 01 86 57<br>(Luned\u00ec e mercoled\u00ec dalle 10:30 alle 13:00)<\/td><\/tr><\/tbody><\/table><\/figure>\n\n\n\n<div class=\"wp-block-columns is-layout-flex wp-container-core-columns-is-layout-9d6595d7 wp-block-columns-is-layout-flex\">\n<div class=\"wp-block-column is-layout-flow wp-block-column-is-layout-flow\" style=\"flex-basis:100%\">\n<div class=\"wp-block-columns is-layout-flex wp-container-core-columns-is-layout-9d6595d7 wp-block-columns-is-layout-flex\">\n<div class=\"wp-block-column is-layout-flow wp-block-column-is-layout-flow\">\n<figure class=\"wp-block-image size-full\"><img decoding=\"async\" src=\"https:\/\/www.iemj.org\/wp-content\/uploads\/2022\/01\/Logo-IEMJ-horizontal-courrier-et-rapport-site-IEMJ-e1642590912187.jpg\" alt=\"\" class=\"wp-image-77968\"\/><\/figure>\n<\/div>\n\n\n\n<div class=\"wp-block-column is-layout-flow wp-block-column-is-layout-flow\">\n<figure class=\"wp-block-image size-full\"><img decoding=\"async\" src=\"https:\/\/www.iemj.org\/wp-content\/uploads\/2022\/01\/logo-MAHJ-01-site-IEMJ-e1642590944716.jpg\" alt=\"\" class=\"wp-image-77973\"\/><\/figure>\n<\/div>\n\n\n\n<div class=\"wp-block-column is-layout-flow wp-block-column-is-layout-flow\">\n<figure class=\"wp-block-image size-full\"><img decoding=\"async\" src=\"https:\/\/www.iemj.org\/wp-content\/uploads\/2022\/01\/Logo-carre-Fondation-Henriette-Halphen-NB-site-IEMJ-e1642590972329.jpg\" alt=\"\" class=\"wp-image-77978\"\/><\/figure>\n<\/div>\n<\/div>\n<\/div>\n<\/div>\n","protected":false},"excerpt":{"rendered":"<p>Mercoled\u00ec 9 febbraio 2022, ore 19 Mus\u00e9e d\u2019Art et d\u2019Histoire du Juda\u00efsme \u00a0 Un concerto dell&#8217;IEMJ, in collaborazione con il MAHJ,con il sostegno della Fondation Henriette Halphensotto l&#8217;egida della Fondation<\/p>\n","protected":false},"author":5,"featured_media":77785,"comment_status":"closed","ping_status":"open","sticky":false,"template":"","format":"standard","meta":{"_acf_changed":false,"footnotes":""},"categories":[1379,1371],"tags":[2224],"technique":[],"squelettes":[],"sujet":[],"formation":[],"genre":[],"fonds":[],"tradition":[],"type-de-contenu":[],"interprete-compositeur":[],"frise":[],"type-devenement":[],"tableaux-liens-externes":[],"class_list":["post-78046","post","type-post","status-publish","format-standard","has-post-thumbnail","hentry","category-concerti-manifestazioni-it","category-manifestazioni-it","tag-eventi-iemj-it"],"acf":[],"yoast_head":"<!-- This site is optimized with the Yoast SEO plugin v27.3 - https:\/\/yoast.com\/product\/yoast-seo-wordpress\/ -->\n<title>Concerto Melodie Ebraiche per violoncello e piano - Institut Europ\u00e9en des Musiques Juives<\/title>\n<meta name=\"robots\" content=\"index, follow, max-snippet:-1, max-image-preview:large, max-video-preview:-1\" \/>\n<link rel=\"canonical\" href=\"https:\/\/www.iemj.org\/it\/concert-de-melodies-hebraiques-pour-violoncelle-et-piano\/\" \/>\n<meta property=\"og:locale\" content=\"it_IT\" \/>\n<meta property=\"og:type\" content=\"article\" \/>\n<meta property=\"og:title\" content=\"Concerto Melodie Ebraiche per violoncello e piano - Institut Europ\u00e9en des Musiques Juives\" \/>\n<meta property=\"og:description\" content=\"Mercoled\u00ec 9 febbraio 2022, ore 19 Mus\u00e9e d\u2019Art et d\u2019Histoire du Juda\u00efsme \u00a0 Un concerto dell&#8217;IEMJ, in collaborazione con il MAHJ,con il sostegno della Fondation Henriette Halphensotto l&#8217;egida della Fondation\" \/>\n<meta property=\"og:url\" content=\"https:\/\/www.iemj.org\/it\/concert-de-melodies-hebraiques-pour-violoncelle-et-piano\/\" \/>\n<meta property=\"og:site_name\" content=\"Institut Europ\u00e9en des Musiques Juives\" \/>\n<meta property=\"article:publisher\" content=\"https:\/\/www.facebook.com\/MusiquesJuives\/\" \/>\n<meta property=\"article:published_time\" content=\"2022-01-18T17:21:45+00:00\" \/>\n<meta property=\"article:modified_time\" content=\"2022-12-29T10:46:04+00:00\" \/>\n<meta property=\"og:image\" content=\"https:\/\/www.iemj.org\/wp-content\/uploads\/2022\/01\/Sarah-Iancu-et-David-Bismuth-en-concert_Gil-Pressnitzer.jpeg\" \/>\n\t<meta property=\"og:image:width\" content=\"600\" \/>\n\t<meta property=\"og:image:height\" content=\"450\" \/>\n\t<meta property=\"og:image:type\" content=\"image\/jpeg\" \/>\n<meta name=\"author\" content=\"Jacqueline ROTEN\" \/>\n<meta name=\"twitter:card\" content=\"summary_large_image\" \/>\n<meta name=\"twitter:label1\" content=\"Scritto da\" \/>\n\t<meta name=\"twitter:data1\" content=\"Jacqueline ROTEN\" \/>\n\t<meta name=\"twitter:label2\" content=\"Tempo di lettura stimato\" \/>\n\t<meta name=\"twitter:data2\" content=\"3 minuti\" \/>\n<script type=\"application\/ld+json\" class=\"yoast-schema-graph\">{\"@context\":\"https:\\\/\\\/schema.org\",\"@graph\":[{\"@type\":\"Article\",\"@id\":\"https:\\\/\\\/www.iemj.org\\\/it\\\/concert-de-melodies-hebraiques-pour-violoncelle-et-piano\\\/#article\",\"isPartOf\":{\"@id\":\"https:\\\/\\\/www.iemj.org\\\/it\\\/concert-de-melodies-hebraiques-pour-violoncelle-et-piano\\\/\"},\"author\":{\"name\":\"Jacqueline ROTEN\",\"@id\":\"https:\\\/\\\/www.iemj.org\\\/it\\\/#\\\/schema\\\/person\\\/358e26c18aca017fcc4cc15437f7279c\"},\"headline\":\"Concerto Melodie Ebraiche per violoncello e piano\",\"datePublished\":\"2022-01-18T17:21:45+00:00\",\"dateModified\":\"2022-12-29T10:46:04+00:00\",\"mainEntityOfPage\":{\"@id\":\"https:\\\/\\\/www.iemj.org\\\/it\\\/concert-de-melodies-hebraiques-pour-violoncelle-et-piano\\\/\"},\"wordCount\":352,\"publisher\":{\"@id\":\"https:\\\/\\\/www.iemj.org\\\/it\\\/#organization\"},\"image\":{\"@id\":\"https:\\\/\\\/www.iemj.org\\\/it\\\/concert-de-melodies-hebraiques-pour-violoncelle-et-piano\\\/#primaryimage\"},\"thumbnailUrl\":\"https:\\\/\\\/www.iemj.org\\\/wp-content\\\/uploads\\\/2022\\\/01\\\/Sarah-Iancu-et-David-Bismuth-en-concert_Gil-Pressnitzer.jpeg\",\"keywords\":[\"Eventi IEMJ\"],\"articleSection\":[\"Concerti\",\"Manifestazioni\"],\"inLanguage\":\"it-IT\"},{\"@type\":\"WebPage\",\"@id\":\"https:\\\/\\\/www.iemj.org\\\/it\\\/concert-de-melodies-hebraiques-pour-violoncelle-et-piano\\\/\",\"url\":\"https:\\\/\\\/www.iemj.org\\\/it\\\/concert-de-melodies-hebraiques-pour-violoncelle-et-piano\\\/\",\"name\":\"Concerto Melodie Ebraiche per violoncello e piano - Institut Europ\u00e9en des Musiques Juives\",\"isPartOf\":{\"@id\":\"https:\\\/\\\/www.iemj.org\\\/it\\\/#website\"},\"primaryImageOfPage\":{\"@id\":\"https:\\\/\\\/www.iemj.org\\\/it\\\/concert-de-melodies-hebraiques-pour-violoncelle-et-piano\\\/#primaryimage\"},\"image\":{\"@id\":\"https:\\\/\\\/www.iemj.org\\\/it\\\/concert-de-melodies-hebraiques-pour-violoncelle-et-piano\\\/#primaryimage\"},\"thumbnailUrl\":\"https:\\\/\\\/www.iemj.org\\\/wp-content\\\/uploads\\\/2022\\\/01\\\/Sarah-Iancu-et-David-Bismuth-en-concert_Gil-Pressnitzer.jpeg\",\"datePublished\":\"2022-01-18T17:21:45+00:00\",\"dateModified\":\"2022-12-29T10:46:04+00:00\",\"breadcrumb\":{\"@id\":\"https:\\\/\\\/www.iemj.org\\\/it\\\/concert-de-melodies-hebraiques-pour-violoncelle-et-piano\\\/#breadcrumb\"},\"inLanguage\":\"it-IT\",\"potentialAction\":[{\"@type\":\"ReadAction\",\"target\":[\"https:\\\/\\\/www.iemj.org\\\/it\\\/concert-de-melodies-hebraiques-pour-violoncelle-et-piano\\\/\"]}]},{\"@type\":\"ImageObject\",\"inLanguage\":\"it-IT\",\"@id\":\"https:\\\/\\\/www.iemj.org\\\/it\\\/concert-de-melodies-hebraiques-pour-violoncelle-et-piano\\\/#primaryimage\",\"url\":\"https:\\\/\\\/www.iemj.org\\\/wp-content\\\/uploads\\\/2022\\\/01\\\/Sarah-Iancu-et-David-Bismuth-en-concert_Gil-Pressnitzer.jpeg\",\"contentUrl\":\"https:\\\/\\\/www.iemj.org\\\/wp-content\\\/uploads\\\/2022\\\/01\\\/Sarah-Iancu-et-David-Bismuth-en-concert_Gil-Pressnitzer.jpeg\",\"width\":600,\"height\":450},{\"@type\":\"BreadcrumbList\",\"@id\":\"https:\\\/\\\/www.iemj.org\\\/it\\\/concert-de-melodies-hebraiques-pour-violoncelle-et-piano\\\/#breadcrumb\",\"itemListElement\":[{\"@type\":\"ListItem\",\"position\":1,\"name\":\"Accueil\",\"item\":\"https:\\\/\\\/www.iemj.org\\\/it\\\/\"},{\"@type\":\"ListItem\",\"position\":2,\"name\":\"Concerto Melodie Ebraiche per violoncello e piano\"}]},{\"@type\":\"WebSite\",\"@id\":\"https:\\\/\\\/www.iemj.org\\\/it\\\/#website\",\"url\":\"https:\\\/\\\/www.iemj.org\\\/it\\\/\",\"name\":\"Institut Europ\u00e9en des Musiques Juives\",\"description\":\"Des traditions musicales \u00e0 la port\u00e9e de tous\",\"publisher\":{\"@id\":\"https:\\\/\\\/www.iemj.org\\\/it\\\/#organization\"},\"potentialAction\":[{\"@type\":\"SearchAction\",\"target\":{\"@type\":\"EntryPoint\",\"urlTemplate\":\"https:\\\/\\\/www.iemj.org\\\/it\\\/?s={search_term_string}\"},\"query-input\":{\"@type\":\"PropertyValueSpecification\",\"valueRequired\":true,\"valueName\":\"search_term_string\"}}],\"inLanguage\":\"it-IT\"},{\"@type\":\"Organization\",\"@id\":\"https:\\\/\\\/www.iemj.org\\\/it\\\/#organization\",\"name\":\"Institut Europ\u00e9en des Musiques Juives\",\"url\":\"https:\\\/\\\/www.iemj.org\\\/it\\\/\",\"logo\":{\"@type\":\"ImageObject\",\"inLanguage\":\"it-IT\",\"@id\":\"https:\\\/\\\/www.iemj.org\\\/it\\\/#\\\/schema\\\/logo\\\/image\\\/\",\"url\":\"https:\\\/\\\/www.iemj.org\\\/wp-content\\\/uploads\\\/2021\\\/09\\\/Logo-IEMJ-Paypal.jpg\",\"contentUrl\":\"https:\\\/\\\/www.iemj.org\\\/wp-content\\\/uploads\\\/2021\\\/09\\\/Logo-IEMJ-Paypal.jpg\",\"width\":150,\"height\":50,\"caption\":\"Institut Europ\u00e9en des Musiques Juives\"},\"image\":{\"@id\":\"https:\\\/\\\/www.iemj.org\\\/it\\\/#\\\/schema\\\/logo\\\/image\\\/\"},\"sameAs\":[\"https:\\\/\\\/www.facebook.com\\\/MusiquesJuives\\\/\",\"https:\\\/\\\/www.instagram.com\\\/musiquesjuives\\\/\",\"https:\\\/\\\/www.youtube.com\\\/user\\\/musiquesjuives\"]},{\"@type\":\"Person\",\"@id\":\"https:\\\/\\\/www.iemj.org\\\/it\\\/#\\\/schema\\\/person\\\/358e26c18aca017fcc4cc15437f7279c\",\"name\":\"Jacqueline ROTEN\",\"image\":{\"@type\":\"ImageObject\",\"inLanguage\":\"it-IT\",\"@id\":\"https:\\\/\\\/secure.gravatar.com\\\/avatar\\\/5964256d6c6957de3a3505278957e0fb2a35119ac47ea41827a65301213c810b?s=96&d=mm&r=g\",\"url\":\"https:\\\/\\\/secure.gravatar.com\\\/avatar\\\/5964256d6c6957de3a3505278957e0fb2a35119ac47ea41827a65301213c810b?s=96&d=mm&r=g\",\"contentUrl\":\"https:\\\/\\\/secure.gravatar.com\\\/avatar\\\/5964256d6c6957de3a3505278957e0fb2a35119ac47ea41827a65301213c810b?s=96&d=mm&r=g\",\"caption\":\"Jacqueline ROTEN\"}}]}<\/script>\n<!-- \/ Yoast SEO plugin. -->","yoast_head_json":{"title":"Concerto Melodie Ebraiche per violoncello e piano - Institut Europ\u00e9en des Musiques Juives","robots":{"index":"index","follow":"follow","max-snippet":"max-snippet:-1","max-image-preview":"max-image-preview:large","max-video-preview":"max-video-preview:-1"},"canonical":"https:\/\/www.iemj.org\/it\/concert-de-melodies-hebraiques-pour-violoncelle-et-piano\/","og_locale":"it_IT","og_type":"article","og_title":"Concerto Melodie Ebraiche per violoncello e piano - Institut Europ\u00e9en des Musiques Juives","og_description":"Mercoled\u00ec 9 febbraio 2022, ore 19 Mus\u00e9e d\u2019Art et d\u2019Histoire du Juda\u00efsme \u00a0 Un concerto dell&#8217;IEMJ, in collaborazione con il MAHJ,con il sostegno della Fondation Henriette Halphensotto l&#8217;egida della Fondation","og_url":"https:\/\/www.iemj.org\/it\/concert-de-melodies-hebraiques-pour-violoncelle-et-piano\/","og_site_name":"Institut Europ\u00e9en des Musiques Juives","article_publisher":"https:\/\/www.facebook.com\/MusiquesJuives\/","article_published_time":"2022-01-18T17:21:45+00:00","article_modified_time":"2022-12-29T10:46:04+00:00","og_image":[{"width":600,"height":450,"url":"https:\/\/www.iemj.org\/wp-content\/uploads\/2022\/01\/Sarah-Iancu-et-David-Bismuth-en-concert_Gil-Pressnitzer.jpeg","type":"image\/jpeg"}],"author":"Jacqueline ROTEN","twitter_card":"summary_large_image","twitter_misc":{"Scritto da":"Jacqueline ROTEN","Tempo di lettura stimato":"3 minuti"},"schema":{"@context":"https:\/\/schema.org","@graph":[{"@type":"Article","@id":"https:\/\/www.iemj.org\/it\/concert-de-melodies-hebraiques-pour-violoncelle-et-piano\/#article","isPartOf":{"@id":"https:\/\/www.iemj.org\/it\/concert-de-melodies-hebraiques-pour-violoncelle-et-piano\/"},"author":{"name":"Jacqueline ROTEN","@id":"https:\/\/www.iemj.org\/it\/#\/schema\/person\/358e26c18aca017fcc4cc15437f7279c"},"headline":"Concerto Melodie Ebraiche per violoncello e piano","datePublished":"2022-01-18T17:21:45+00:00","dateModified":"2022-12-29T10:46:04+00:00","mainEntityOfPage":{"@id":"https:\/\/www.iemj.org\/it\/concert-de-melodies-hebraiques-pour-violoncelle-et-piano\/"},"wordCount":352,"publisher":{"@id":"https:\/\/www.iemj.org\/it\/#organization"},"image":{"@id":"https:\/\/www.iemj.org\/it\/concert-de-melodies-hebraiques-pour-violoncelle-et-piano\/#primaryimage"},"thumbnailUrl":"https:\/\/www.iemj.org\/wp-content\/uploads\/2022\/01\/Sarah-Iancu-et-David-Bismuth-en-concert_Gil-Pressnitzer.jpeg","keywords":["Eventi IEMJ"],"articleSection":["Concerti","Manifestazioni"],"inLanguage":"it-IT"},{"@type":"WebPage","@id":"https:\/\/www.iemj.org\/it\/concert-de-melodies-hebraiques-pour-violoncelle-et-piano\/","url":"https:\/\/www.iemj.org\/it\/concert-de-melodies-hebraiques-pour-violoncelle-et-piano\/","name":"Concerto Melodie Ebraiche per violoncello e piano - Institut Europ\u00e9en des Musiques Juives","isPartOf":{"@id":"https:\/\/www.iemj.org\/it\/#website"},"primaryImageOfPage":{"@id":"https:\/\/www.iemj.org\/it\/concert-de-melodies-hebraiques-pour-violoncelle-et-piano\/#primaryimage"},"image":{"@id":"https:\/\/www.iemj.org\/it\/concert-de-melodies-hebraiques-pour-violoncelle-et-piano\/#primaryimage"},"thumbnailUrl":"https:\/\/www.iemj.org\/wp-content\/uploads\/2022\/01\/Sarah-Iancu-et-David-Bismuth-en-concert_Gil-Pressnitzer.jpeg","datePublished":"2022-01-18T17:21:45+00:00","dateModified":"2022-12-29T10:46:04+00:00","breadcrumb":{"@id":"https:\/\/www.iemj.org\/it\/concert-de-melodies-hebraiques-pour-violoncelle-et-piano\/#breadcrumb"},"inLanguage":"it-IT","potentialAction":[{"@type":"ReadAction","target":["https:\/\/www.iemj.org\/it\/concert-de-melodies-hebraiques-pour-violoncelle-et-piano\/"]}]},{"@type":"ImageObject","inLanguage":"it-IT","@id":"https:\/\/www.iemj.org\/it\/concert-de-melodies-hebraiques-pour-violoncelle-et-piano\/#primaryimage","url":"https:\/\/www.iemj.org\/wp-content\/uploads\/2022\/01\/Sarah-Iancu-et-David-Bismuth-en-concert_Gil-Pressnitzer.jpeg","contentUrl":"https:\/\/www.iemj.org\/wp-content\/uploads\/2022\/01\/Sarah-Iancu-et-David-Bismuth-en-concert_Gil-Pressnitzer.jpeg","width":600,"height":450},{"@type":"BreadcrumbList","@id":"https:\/\/www.iemj.org\/it\/concert-de-melodies-hebraiques-pour-violoncelle-et-piano\/#breadcrumb","itemListElement":[{"@type":"ListItem","position":1,"name":"Accueil","item":"https:\/\/www.iemj.org\/it\/"},{"@type":"ListItem","position":2,"name":"Concerto Melodie Ebraiche per violoncello e piano"}]},{"@type":"WebSite","@id":"https:\/\/www.iemj.org\/it\/#website","url":"https:\/\/www.iemj.org\/it\/","name":"Institut Europ\u00e9en des Musiques Juives","description":"Des traditions musicales \u00e0 la port\u00e9e de tous","publisher":{"@id":"https:\/\/www.iemj.org\/it\/#organization"},"potentialAction":[{"@type":"SearchAction","target":{"@type":"EntryPoint","urlTemplate":"https:\/\/www.iemj.org\/it\/?s={search_term_string}"},"query-input":{"@type":"PropertyValueSpecification","valueRequired":true,"valueName":"search_term_string"}}],"inLanguage":"it-IT"},{"@type":"Organization","@id":"https:\/\/www.iemj.org\/it\/#organization","name":"Institut Europ\u00e9en des Musiques Juives","url":"https:\/\/www.iemj.org\/it\/","logo":{"@type":"ImageObject","inLanguage":"it-IT","@id":"https:\/\/www.iemj.org\/it\/#\/schema\/logo\/image\/","url":"https:\/\/www.iemj.org\/wp-content\/uploads\/2021\/09\/Logo-IEMJ-Paypal.jpg","contentUrl":"https:\/\/www.iemj.org\/wp-content\/uploads\/2021\/09\/Logo-IEMJ-Paypal.jpg","width":150,"height":50,"caption":"Institut Europ\u00e9en des Musiques Juives"},"image":{"@id":"https:\/\/www.iemj.org\/it\/#\/schema\/logo\/image\/"},"sameAs":["https:\/\/www.facebook.com\/MusiquesJuives\/","https:\/\/www.instagram.com\/musiquesjuives\/","https:\/\/www.youtube.com\/user\/musiquesjuives"]},{"@type":"Person","@id":"https:\/\/www.iemj.org\/it\/#\/schema\/person\/358e26c18aca017fcc4cc15437f7279c","name":"Jacqueline ROTEN","image":{"@type":"ImageObject","inLanguage":"it-IT","@id":"https:\/\/secure.gravatar.com\/avatar\/5964256d6c6957de3a3505278957e0fb2a35119ac47ea41827a65301213c810b?s=96&d=mm&r=g","url":"https:\/\/secure.gravatar.com\/avatar\/5964256d6c6957de3a3505278957e0fb2a35119ac47ea41827a65301213c810b?s=96&d=mm&r=g","contentUrl":"https:\/\/secure.gravatar.com\/avatar\/5964256d6c6957de3a3505278957e0fb2a35119ac47ea41827a65301213c810b?s=96&d=mm&r=g","caption":"Jacqueline ROTEN"}}]}},"_links":{"self":[{"href":"https:\/\/www.iemj.org\/it\/wp-json\/wp\/v2\/posts\/78046","targetHints":{"allow":["GET"]}}],"collection":[{"href":"https:\/\/www.iemj.org\/it\/wp-json\/wp\/v2\/posts"}],"about":[{"href":"https:\/\/www.iemj.org\/it\/wp-json\/wp\/v2\/types\/post"}],"author":[{"embeddable":true,"href":"https:\/\/www.iemj.org\/it\/wp-json\/wp\/v2\/users\/5"}],"replies":[{"embeddable":true,"href":"https:\/\/www.iemj.org\/it\/wp-json\/wp\/v2\/comments?post=78046"}],"version-history":[{"count":0,"href":"https:\/\/www.iemj.org\/it\/wp-json\/wp\/v2\/posts\/78046\/revisions"}],"wp:featuredmedia":[{"embeddable":true,"href":"https:\/\/www.iemj.org\/it\/wp-json\/wp\/v2\/media\/77785"}],"wp:attachment":[{"href":"https:\/\/www.iemj.org\/it\/wp-json\/wp\/v2\/media?parent=78046"}],"wp:term":[{"taxonomy":"category","embeddable":true,"href":"https:\/\/www.iemj.org\/it\/wp-json\/wp\/v2\/categories?post=78046"},{"taxonomy":"post_tag","embeddable":true,"href":"https:\/\/www.iemj.org\/it\/wp-json\/wp\/v2\/tags?post=78046"},{"taxonomy":"technique","embeddable":true,"href":"https:\/\/www.iemj.org\/it\/wp-json\/wp\/v2\/technique?post=78046"},{"taxonomy":"squelettes","embeddable":true,"href":"https:\/\/www.iemj.org\/it\/wp-json\/wp\/v2\/squelettes?post=78046"},{"taxonomy":"sujet","embeddable":true,"href":"https:\/\/www.iemj.org\/it\/wp-json\/wp\/v2\/sujet?post=78046"},{"taxonomy":"formation","embeddable":true,"href":"https:\/\/www.iemj.org\/it\/wp-json\/wp\/v2\/formation?post=78046"},{"taxonomy":"genre","embeddable":true,"href":"https:\/\/www.iemj.org\/it\/wp-json\/wp\/v2\/genre?post=78046"},{"taxonomy":"fonds","embeddable":true,"href":"https:\/\/www.iemj.org\/it\/wp-json\/wp\/v2\/fonds?post=78046"},{"taxonomy":"tradition","embeddable":true,"href":"https:\/\/www.iemj.org\/it\/wp-json\/wp\/v2\/tradition?post=78046"},{"taxonomy":"type-de-contenu","embeddable":true,"href":"https:\/\/www.iemj.org\/it\/wp-json\/wp\/v2\/type-de-contenu?post=78046"},{"taxonomy":"interprete-compositeur","embeddable":true,"href":"https:\/\/www.iemj.org\/it\/wp-json\/wp\/v2\/interprete-compositeur?post=78046"},{"taxonomy":"frise","embeddable":true,"href":"https:\/\/www.iemj.org\/it\/wp-json\/wp\/v2\/frise?post=78046"},{"taxonomy":"type-devenement","embeddable":true,"href":"https:\/\/www.iemj.org\/it\/wp-json\/wp\/v2\/type-devenement?post=78046"},{"taxonomy":"tableaux-liens-externes","embeddable":true,"href":"https:\/\/www.iemj.org\/it\/wp-json\/wp\/v2\/tableaux-liens-externes?post=78046"}],"curies":[{"name":"wp","href":"https:\/\/api.w.org\/{rel}","templated":true}]}}