{"id":78503,"date":"2022-01-25T16:07:43","date_gmt":"2022-01-25T15:07:43","guid":{"rendered":"https:\/\/www.iemj.org\/dyck-vladimir-1882-1943\/"},"modified":"2022-01-27T10:34:33","modified_gmt":"2022-01-27T09:34:33","slug":"dyck-vladimir-1882-1943","status":"publish","type":"post","link":"https:\/\/www.iemj.org\/it\/dyck-vladimir-1882-1943\/","title":{"rendered":"DYCK, VLADIMIR (1882-1943)"},"content":{"rendered":"<p>La biografia di questo compositore, nato il 19 marzo 1882 a Odessa e morto ad Auschwitz nel 1943, rimane ancora oggi incompleta.\u00a0 Quinto figlio di una famiglia modesta, Vladimir Dyck dimostra un&#8217;attitudine per la musica fin dalla pi\u00f9 tenera et\u00e0, al punto che Rimsky-Korsakov, che avrebbe potuto avere come insegnante, gli consiglia di completare i suoi studi al Conservatorio Nazionale Superiore di Musica di Parigi. Arriva in Francia nel 1899, all&#8217;et\u00e0 di 17 anni, e riesce ad entrare al Conservatorio un anno dopo. Nel 1904 vince un primo premio di armonia nella classe di Antoine Taudou e prende lezioni di accompagnamento al pianoforte da Paul Vidal. Poco dopo, diventa allievo di composizione di Charles-Marie Widor e, con decreto del 5 febbraio 1910, diventa cittadino francese per poter partecipare al concorso di composizione dell&#8217;Institut de France. Nel 1911, ottiene il secondo Grand Prix de Rome con la cantata <em>Yanitza<\/em>, dopo Claude Delvincourt (Primo Secondo Grand Prix) e Paul Paray (Primo Grand Prix). La stampa dell&#8217;epoca sottolinea il suo talento e le sue doti, ma, poich\u00e9 ha raggiunto il limite d&#8217;et\u00e0, l&#8217;anno successivo non pu\u00f2 partecipare al concorso per tentare d\u2019ottenere il Primo Gran Premio. D\u00e0 allora lezioni di pianoforte a Parigi. Tra le sue allieve ci sono Henriette Poincar\u00e9, la moglie del Presidente della Repubblica, Madame Caillaux, la moglie del Ministro e Presidente del Consiglio, e Suzanne Bloch (nata Mina Kabran, 7 settembre 1887 a Omsk &#8211; Russia), che sposer\u00e0 e che gli dar\u00e0 una figlia di nome Nicole.<\/p>\n<p>Accanto alla sua attivit\u00e0 di insegnante, Vladimir Dyck \u00e8 stato un compositore prolifico che si \u00e8 cimentato in tutti i generi, dalle canzoni patriottiche (<em>Alsace l\u00e8ve-toi<\/em>) alla commedia lirica <em>Le Sous-pr\u00e9fet aux champs<\/em> (1919), passando per la musica strumentale: <em>Orientales per pianoforte<\/em> (1909), <em>Sinfonia in do minore per pianoforte a quattro mani<\/em> (1906), <em>Sinfonia per 10 strumenti a fiato<\/em> (1910), <em>Impromptu per violoncello&#8230; e pianoforte<\/em> (1912)&#8230; alla musica da film scritta con lo pseudonimo Dri Mival (anagramma del suo nome):\u00a0<em>A travers champs<\/em>, <em>Footit<\/em>, <em>Parisette<\/em>, <em>Tartarin<\/em>, <em>Prince Charmant<\/em>, <em>Th\u00e9odora<\/em>, <em>Paysages aim\u00e9s<\/em> (1927), <em>Douglas<\/em>, <em>Africa<\/em> (1928), <em>V\u00e9nus Astart\u00e9<\/em> (1929)&#8230;<\/p>\n<p>Vladimir Dyck \u00e8 anche l&#8217;autore di un&#8217;importante opera ebraica: <em>Ninna nanna ebraica<\/em>, <em>Eli! Eli!<\/em>\u00a0&#8211; <em>su di un tema ebraico, Hatikva &#8211; Canto di speranza su un tema ebraico, Tre pezzi ebraici &#8211; per violoncello o violino e pianoforte (1933), 1a e 2a leggenda ebraica<\/em> (1936)&#8230; pubblicata in particolare nella collezione Mizmor delle Edizioni Salabert, che ha co-diretto con L\u00e9on Algazi dal 1933. Ha anche arrangiato o scritto canzoni yiddish (<em>Der gouter chadken, Kadisch de R\u00e8be L\u00e9vi &#8211; basato su una melodia popolare ebraica<\/em>&#8230;) e diverse preghiere per il culto: <em>Adon olom, Avinu malkenu<\/em> (1934), <em>Salmo 137<\/em>&#8230; probabilmente in relazione alle attivit\u00e0 di L\u00e9on Algazi che dirigeva il coro Mizmor e il coro della Grande Sinagoga della Vittoria.<\/p>\n<p><img fetchpriority=\"high\" decoding=\"async\" class=\"size-medium wp-image-78562 alignright\" src=\"https:\/\/www.iemj.org\/wp-content\/uploads\/2022\/01\/Plaque_Vladimir_Dyck_79_avenue_de_Breteuil_640-px-300x203.jpg\" alt=\"\" width=\"300\" height=\"203\" srcset=\"https:\/\/www.iemj.org\/wp-content\/uploads\/2022\/01\/Plaque_Vladimir_Dyck_79_avenue_de_Breteuil_640-px-300x203.jpg 300w, https:\/\/www.iemj.org\/wp-content\/uploads\/2022\/01\/Plaque_Vladimir_Dyck_79_avenue_de_Breteuil_640-px-600x406.jpg 600w, https:\/\/www.iemj.org\/wp-content\/uploads\/2022\/01\/Plaque_Vladimir_Dyck_79_avenue_de_Breteuil_640-px.jpg 640w\" sizes=\"(max-width: 300px) 100vw, 300px\" \/>Nel 1943, Vladimir Dyck viene arrestato dalla Gestapo nella sua casa di Parigi al 79 Avenue de Breteuil con sua moglie e sua figlia. E&#8217; stato deportato ad Auschwitz il 31 luglio e l\u00ec \u00e8 stato assasinato pochi giorni dopo, il 5 agosto 1943.<\/p>\n<p><em>*Biografia estratta dal libretto del <a href=\"https:\/\/www.iemj.org\/it\/melodies-hebraiques-pour-violoncelle-et-piano-volume-2\/\" target=\"_blank\" rel=\"noopener\">CD M\u00e9lodies h\u00e9bra\u00efques- vol. 2, Collection Classiques vol. 7, Les Editions de l\u2019IEMJ, 2021<\/a><\/em>, con i ringraziamenti dell&#8217;autore a Corine Rachel Kalifa per il suo prezioso aiuto nella preparazione di questa nota biografica.<\/p>\n<p><strong><a href=\"http:\/\/www.rachelnet.net\/F\/?func=find-c&amp;ccl_term=WRD+%3D+Dyck&amp;local_base=iemcg\" target=\"_blank\" rel=\"noopener\">Consultare i nostri archivi su Vladimir Dyck<\/a><\/strong><\/p>\n\n\n<div class=\"wp-block-group\"><div class=\"wp-block-group__inner-container is-layout-flow wp-block-group-is-layout-flow\">\n<figure class=\"wp-block-embed is-type-video is-provider-youtube wp-block-embed-youtube wp-embed-aspect-4-3 wp-has-aspect-ratio\"><div class=\"wp-block-embed__wrapper\">\n<iframe title=\"L\u00e9gende h\u00e9bra\u00efque\" width=\"640\" height=\"480\" src=\"https:\/\/www.youtube.com\/embed\/8cH8S82Wr2Y?feature=oembed\" frameborder=\"0\" allow=\"accelerometer; autoplay; clipboard-write; encrypted-media; gyroscope; picture-in-picture; web-share\" referrerpolicy=\"strict-origin-when-cross-origin\" allowfullscreen><\/iframe>\n<\/div><\/figure>\n<\/div><\/div>\n\n\n\n<p><\/p>\n","protected":false},"excerpt":{"rendered":"<p>La biografia di questo compositore, nato il 19 marzo 1882 a Odessa e morto ad Auschwitz nel 1943, rimane ancora oggi incompleta.\u00a0 Quinto figlio di una famiglia modesta, Vladimir Dyck<\/p>\n","protected":false},"author":5,"featured_media":78492,"comment_status":"closed","ping_status":"closed","sticky":false,"template":"","format":"standard","meta":{"_acf_changed":false,"footnotes":""},"categories":[1416],"tags":[],"technique":[],"squelettes":[],"sujet":[],"formation":[],"genre":[],"fonds":[],"tradition":[],"type-de-contenu":[],"interprete-compositeur":[],"frise":[],"type-devenement":[],"tableaux-liens-externes":[],"class_list":["post-78503","post","type-post","status-publish","format-standard","has-post-thumbnail","hentry","category-biografie-it"],"acf":[],"yoast_head":"<!-- This site is optimized with the Yoast SEO plugin v27.3 - https:\/\/yoast.com\/product\/yoast-seo-wordpress\/ -->\n<title>DYCK, VLADIMIR (1882-1943) - Institut Europ\u00e9en des Musiques Juives<\/title>\n<meta name=\"robots\" content=\"index, follow, max-snippet:-1, max-image-preview:large, max-video-preview:-1\" \/>\n<link rel=\"canonical\" href=\"https:\/\/www.iemj.org\/it\/dyck-vladimir-1882-1943\/\" \/>\n<meta property=\"og:locale\" content=\"it_IT\" \/>\n<meta property=\"og:type\" content=\"article\" \/>\n<meta property=\"og:title\" content=\"DYCK, VLADIMIR (1882-1943) - Institut Europ\u00e9en des Musiques Juives\" \/>\n<meta property=\"og:description\" content=\"La biografia di questo compositore, nato il 19 marzo 1882 a Odessa e morto ad Auschwitz nel 1943, rimane ancora oggi incompleta.\u00a0 Quinto figlio di una famiglia modesta, Vladimir Dyck\" \/>\n<meta property=\"og:url\" content=\"https:\/\/www.iemj.org\/it\/dyck-vladimir-1882-1943\/\" \/>\n<meta property=\"og:site_name\" content=\"Institut Europ\u00e9en des Musiques Juives\" \/>\n<meta property=\"article:publisher\" content=\"https:\/\/www.facebook.com\/MusiquesJuives\/\" \/>\n<meta property=\"article:published_time\" content=\"2022-01-25T15:07:43+00:00\" \/>\n<meta property=\"article:modified_time\" content=\"2022-01-27T09:34:33+00:00\" \/>\n<meta property=\"og:image\" content=\"https:\/\/www.iemj.org\/wp-content\/uploads\/2022\/01\/Vladimir-Dyck_Capture-plus-age-1-e1643128623514.png\" \/>\n\t<meta property=\"og:image:width\" content=\"155\" \/>\n\t<meta property=\"og:image:height\" content=\"218\" \/>\n\t<meta property=\"og:image:type\" content=\"image\/png\" \/>\n<meta name=\"author\" content=\"Jacqueline ROTEN\" \/>\n<meta name=\"twitter:card\" content=\"summary_large_image\" \/>\n<meta name=\"twitter:label1\" content=\"Scritto da\" \/>\n\t<meta name=\"twitter:data1\" content=\"Jacqueline ROTEN\" \/>\n\t<meta name=\"twitter:label2\" content=\"Tempo di lettura stimato\" \/>\n\t<meta name=\"twitter:data2\" content=\"4 minuti\" \/>\n<script type=\"application\/ld+json\" class=\"yoast-schema-graph\">{\"@context\":\"https:\\\/\\\/schema.org\",\"@graph\":[{\"@type\":\"Article\",\"@id\":\"https:\\\/\\\/www.iemj.org\\\/it\\\/dyck-vladimir-1882-1943\\\/#article\",\"isPartOf\":{\"@id\":\"https:\\\/\\\/www.iemj.org\\\/it\\\/dyck-vladimir-1882-1943\\\/\"},\"author\":{\"name\":\"Jacqueline ROTEN\",\"@id\":\"https:\\\/\\\/www.iemj.org\\\/it\\\/#\\\/schema\\\/person\\\/358e26c18aca017fcc4cc15437f7279c\"},\"headline\":\"DYCK, VLADIMIR (1882-1943)\",\"datePublished\":\"2022-01-25T15:07:43+00:00\",\"dateModified\":\"2022-01-27T09:34:33+00:00\",\"mainEntityOfPage\":{\"@id\":\"https:\\\/\\\/www.iemj.org\\\/it\\\/dyck-vladimir-1882-1943\\\/\"},\"wordCount\":549,\"publisher\":{\"@id\":\"https:\\\/\\\/www.iemj.org\\\/it\\\/#organization\"},\"image\":{\"@id\":\"https:\\\/\\\/www.iemj.org\\\/it\\\/dyck-vladimir-1882-1943\\\/#primaryimage\"},\"thumbnailUrl\":\"https:\\\/\\\/www.iemj.org\\\/wp-content\\\/uploads\\\/2022\\\/01\\\/Vladimir-Dyck_Capture-plus-age-1-e1643128623514.png\",\"articleSection\":[\"Biografie\"],\"inLanguage\":\"it-IT\"},{\"@type\":\"WebPage\",\"@id\":\"https:\\\/\\\/www.iemj.org\\\/it\\\/dyck-vladimir-1882-1943\\\/\",\"url\":\"https:\\\/\\\/www.iemj.org\\\/it\\\/dyck-vladimir-1882-1943\\\/\",\"name\":\"DYCK, VLADIMIR (1882-1943) - Institut Europ\u00e9en des Musiques Juives\",\"isPartOf\":{\"@id\":\"https:\\\/\\\/www.iemj.org\\\/it\\\/#website\"},\"primaryImageOfPage\":{\"@id\":\"https:\\\/\\\/www.iemj.org\\\/it\\\/dyck-vladimir-1882-1943\\\/#primaryimage\"},\"image\":{\"@id\":\"https:\\\/\\\/www.iemj.org\\\/it\\\/dyck-vladimir-1882-1943\\\/#primaryimage\"},\"thumbnailUrl\":\"https:\\\/\\\/www.iemj.org\\\/wp-content\\\/uploads\\\/2022\\\/01\\\/Vladimir-Dyck_Capture-plus-age-1-e1643128623514.png\",\"datePublished\":\"2022-01-25T15:07:43+00:00\",\"dateModified\":\"2022-01-27T09:34:33+00:00\",\"breadcrumb\":{\"@id\":\"https:\\\/\\\/www.iemj.org\\\/it\\\/dyck-vladimir-1882-1943\\\/#breadcrumb\"},\"inLanguage\":\"it-IT\",\"potentialAction\":[{\"@type\":\"ReadAction\",\"target\":[\"https:\\\/\\\/www.iemj.org\\\/it\\\/dyck-vladimir-1882-1943\\\/\"]}]},{\"@type\":\"ImageObject\",\"inLanguage\":\"it-IT\",\"@id\":\"https:\\\/\\\/www.iemj.org\\\/it\\\/dyck-vladimir-1882-1943\\\/#primaryimage\",\"url\":\"https:\\\/\\\/www.iemj.org\\\/wp-content\\\/uploads\\\/2022\\\/01\\\/Vladimir-Dyck_Capture-plus-age-1-e1643128623514.png\",\"contentUrl\":\"https:\\\/\\\/www.iemj.org\\\/wp-content\\\/uploads\\\/2022\\\/01\\\/Vladimir-Dyck_Capture-plus-age-1-e1643128623514.png\",\"width\":155,\"height\":218},{\"@type\":\"BreadcrumbList\",\"@id\":\"https:\\\/\\\/www.iemj.org\\\/it\\\/dyck-vladimir-1882-1943\\\/#breadcrumb\",\"itemListElement\":[{\"@type\":\"ListItem\",\"position\":1,\"name\":\"Accueil\",\"item\":\"https:\\\/\\\/www.iemj.org\\\/it\\\/\"},{\"@type\":\"ListItem\",\"position\":2,\"name\":\"DYCK, VLADIMIR (1882-1943)\"}]},{\"@type\":\"WebSite\",\"@id\":\"https:\\\/\\\/www.iemj.org\\\/it\\\/#website\",\"url\":\"https:\\\/\\\/www.iemj.org\\\/it\\\/\",\"name\":\"Institut Europ\u00e9en des Musiques Juives\",\"description\":\"Des traditions musicales \u00e0 la port\u00e9e de tous\",\"publisher\":{\"@id\":\"https:\\\/\\\/www.iemj.org\\\/it\\\/#organization\"},\"potentialAction\":[{\"@type\":\"SearchAction\",\"target\":{\"@type\":\"EntryPoint\",\"urlTemplate\":\"https:\\\/\\\/www.iemj.org\\\/it\\\/?s={search_term_string}\"},\"query-input\":{\"@type\":\"PropertyValueSpecification\",\"valueRequired\":true,\"valueName\":\"search_term_string\"}}],\"inLanguage\":\"it-IT\"},{\"@type\":\"Organization\",\"@id\":\"https:\\\/\\\/www.iemj.org\\\/it\\\/#organization\",\"name\":\"Institut Europ\u00e9en des Musiques Juives\",\"url\":\"https:\\\/\\\/www.iemj.org\\\/it\\\/\",\"logo\":{\"@type\":\"ImageObject\",\"inLanguage\":\"it-IT\",\"@id\":\"https:\\\/\\\/www.iemj.org\\\/it\\\/#\\\/schema\\\/logo\\\/image\\\/\",\"url\":\"https:\\\/\\\/www.iemj.org\\\/wp-content\\\/uploads\\\/2021\\\/09\\\/Logo-IEMJ-Paypal.jpg\",\"contentUrl\":\"https:\\\/\\\/www.iemj.org\\\/wp-content\\\/uploads\\\/2021\\\/09\\\/Logo-IEMJ-Paypal.jpg\",\"width\":150,\"height\":50,\"caption\":\"Institut Europ\u00e9en des Musiques Juives\"},\"image\":{\"@id\":\"https:\\\/\\\/www.iemj.org\\\/it\\\/#\\\/schema\\\/logo\\\/image\\\/\"},\"sameAs\":[\"https:\\\/\\\/www.facebook.com\\\/MusiquesJuives\\\/\",\"https:\\\/\\\/www.instagram.com\\\/musiquesjuives\\\/\",\"https:\\\/\\\/www.youtube.com\\\/user\\\/musiquesjuives\"]},{\"@type\":\"Person\",\"@id\":\"https:\\\/\\\/www.iemj.org\\\/it\\\/#\\\/schema\\\/person\\\/358e26c18aca017fcc4cc15437f7279c\",\"name\":\"Jacqueline ROTEN\",\"image\":{\"@type\":\"ImageObject\",\"inLanguage\":\"it-IT\",\"@id\":\"https:\\\/\\\/secure.gravatar.com\\\/avatar\\\/5964256d6c6957de3a3505278957e0fb2a35119ac47ea41827a65301213c810b?s=96&d=mm&r=g\",\"url\":\"https:\\\/\\\/secure.gravatar.com\\\/avatar\\\/5964256d6c6957de3a3505278957e0fb2a35119ac47ea41827a65301213c810b?s=96&d=mm&r=g\",\"contentUrl\":\"https:\\\/\\\/secure.gravatar.com\\\/avatar\\\/5964256d6c6957de3a3505278957e0fb2a35119ac47ea41827a65301213c810b?s=96&d=mm&r=g\",\"caption\":\"Jacqueline ROTEN\"}}]}<\/script>\n<!-- \/ Yoast SEO plugin. -->","yoast_head_json":{"title":"DYCK, VLADIMIR (1882-1943) - Institut Europ\u00e9en des Musiques Juives","robots":{"index":"index","follow":"follow","max-snippet":"max-snippet:-1","max-image-preview":"max-image-preview:large","max-video-preview":"max-video-preview:-1"},"canonical":"https:\/\/www.iemj.org\/it\/dyck-vladimir-1882-1943\/","og_locale":"it_IT","og_type":"article","og_title":"DYCK, VLADIMIR (1882-1943) - Institut Europ\u00e9en des Musiques Juives","og_description":"La biografia di questo compositore, nato il 19 marzo 1882 a Odessa e morto ad Auschwitz nel 1943, rimane ancora oggi incompleta.\u00a0 Quinto figlio di una famiglia modesta, Vladimir Dyck","og_url":"https:\/\/www.iemj.org\/it\/dyck-vladimir-1882-1943\/","og_site_name":"Institut Europ\u00e9en des Musiques Juives","article_publisher":"https:\/\/www.facebook.com\/MusiquesJuives\/","article_published_time":"2022-01-25T15:07:43+00:00","article_modified_time":"2022-01-27T09:34:33+00:00","og_image":[{"width":155,"height":218,"url":"https:\/\/www.iemj.org\/wp-content\/uploads\/2022\/01\/Vladimir-Dyck_Capture-plus-age-1-e1643128623514.png","type":"image\/png"}],"author":"Jacqueline ROTEN","twitter_card":"summary_large_image","twitter_misc":{"Scritto da":"Jacqueline ROTEN","Tempo di lettura stimato":"4 minuti"},"schema":{"@context":"https:\/\/schema.org","@graph":[{"@type":"Article","@id":"https:\/\/www.iemj.org\/it\/dyck-vladimir-1882-1943\/#article","isPartOf":{"@id":"https:\/\/www.iemj.org\/it\/dyck-vladimir-1882-1943\/"},"author":{"name":"Jacqueline ROTEN","@id":"https:\/\/www.iemj.org\/it\/#\/schema\/person\/358e26c18aca017fcc4cc15437f7279c"},"headline":"DYCK, VLADIMIR (1882-1943)","datePublished":"2022-01-25T15:07:43+00:00","dateModified":"2022-01-27T09:34:33+00:00","mainEntityOfPage":{"@id":"https:\/\/www.iemj.org\/it\/dyck-vladimir-1882-1943\/"},"wordCount":549,"publisher":{"@id":"https:\/\/www.iemj.org\/it\/#organization"},"image":{"@id":"https:\/\/www.iemj.org\/it\/dyck-vladimir-1882-1943\/#primaryimage"},"thumbnailUrl":"https:\/\/www.iemj.org\/wp-content\/uploads\/2022\/01\/Vladimir-Dyck_Capture-plus-age-1-e1643128623514.png","articleSection":["Biografie"],"inLanguage":"it-IT"},{"@type":"WebPage","@id":"https:\/\/www.iemj.org\/it\/dyck-vladimir-1882-1943\/","url":"https:\/\/www.iemj.org\/it\/dyck-vladimir-1882-1943\/","name":"DYCK, VLADIMIR (1882-1943) - Institut Europ\u00e9en des Musiques Juives","isPartOf":{"@id":"https:\/\/www.iemj.org\/it\/#website"},"primaryImageOfPage":{"@id":"https:\/\/www.iemj.org\/it\/dyck-vladimir-1882-1943\/#primaryimage"},"image":{"@id":"https:\/\/www.iemj.org\/it\/dyck-vladimir-1882-1943\/#primaryimage"},"thumbnailUrl":"https:\/\/www.iemj.org\/wp-content\/uploads\/2022\/01\/Vladimir-Dyck_Capture-plus-age-1-e1643128623514.png","datePublished":"2022-01-25T15:07:43+00:00","dateModified":"2022-01-27T09:34:33+00:00","breadcrumb":{"@id":"https:\/\/www.iemj.org\/it\/dyck-vladimir-1882-1943\/#breadcrumb"},"inLanguage":"it-IT","potentialAction":[{"@type":"ReadAction","target":["https:\/\/www.iemj.org\/it\/dyck-vladimir-1882-1943\/"]}]},{"@type":"ImageObject","inLanguage":"it-IT","@id":"https:\/\/www.iemj.org\/it\/dyck-vladimir-1882-1943\/#primaryimage","url":"https:\/\/www.iemj.org\/wp-content\/uploads\/2022\/01\/Vladimir-Dyck_Capture-plus-age-1-e1643128623514.png","contentUrl":"https:\/\/www.iemj.org\/wp-content\/uploads\/2022\/01\/Vladimir-Dyck_Capture-plus-age-1-e1643128623514.png","width":155,"height":218},{"@type":"BreadcrumbList","@id":"https:\/\/www.iemj.org\/it\/dyck-vladimir-1882-1943\/#breadcrumb","itemListElement":[{"@type":"ListItem","position":1,"name":"Accueil","item":"https:\/\/www.iemj.org\/it\/"},{"@type":"ListItem","position":2,"name":"DYCK, VLADIMIR (1882-1943)"}]},{"@type":"WebSite","@id":"https:\/\/www.iemj.org\/it\/#website","url":"https:\/\/www.iemj.org\/it\/","name":"Institut Europ\u00e9en des Musiques Juives","description":"Des traditions musicales \u00e0 la port\u00e9e de tous","publisher":{"@id":"https:\/\/www.iemj.org\/it\/#organization"},"potentialAction":[{"@type":"SearchAction","target":{"@type":"EntryPoint","urlTemplate":"https:\/\/www.iemj.org\/it\/?s={search_term_string}"},"query-input":{"@type":"PropertyValueSpecification","valueRequired":true,"valueName":"search_term_string"}}],"inLanguage":"it-IT"},{"@type":"Organization","@id":"https:\/\/www.iemj.org\/it\/#organization","name":"Institut Europ\u00e9en des Musiques Juives","url":"https:\/\/www.iemj.org\/it\/","logo":{"@type":"ImageObject","inLanguage":"it-IT","@id":"https:\/\/www.iemj.org\/it\/#\/schema\/logo\/image\/","url":"https:\/\/www.iemj.org\/wp-content\/uploads\/2021\/09\/Logo-IEMJ-Paypal.jpg","contentUrl":"https:\/\/www.iemj.org\/wp-content\/uploads\/2021\/09\/Logo-IEMJ-Paypal.jpg","width":150,"height":50,"caption":"Institut Europ\u00e9en des Musiques Juives"},"image":{"@id":"https:\/\/www.iemj.org\/it\/#\/schema\/logo\/image\/"},"sameAs":["https:\/\/www.facebook.com\/MusiquesJuives\/","https:\/\/www.instagram.com\/musiquesjuives\/","https:\/\/www.youtube.com\/user\/musiquesjuives"]},{"@type":"Person","@id":"https:\/\/www.iemj.org\/it\/#\/schema\/person\/358e26c18aca017fcc4cc15437f7279c","name":"Jacqueline ROTEN","image":{"@type":"ImageObject","inLanguage":"it-IT","@id":"https:\/\/secure.gravatar.com\/avatar\/5964256d6c6957de3a3505278957e0fb2a35119ac47ea41827a65301213c810b?s=96&d=mm&r=g","url":"https:\/\/secure.gravatar.com\/avatar\/5964256d6c6957de3a3505278957e0fb2a35119ac47ea41827a65301213c810b?s=96&d=mm&r=g","contentUrl":"https:\/\/secure.gravatar.com\/avatar\/5964256d6c6957de3a3505278957e0fb2a35119ac47ea41827a65301213c810b?s=96&d=mm&r=g","caption":"Jacqueline ROTEN"}}]}},"_links":{"self":[{"href":"https:\/\/www.iemj.org\/it\/wp-json\/wp\/v2\/posts\/78503","targetHints":{"allow":["GET"]}}],"collection":[{"href":"https:\/\/www.iemj.org\/it\/wp-json\/wp\/v2\/posts"}],"about":[{"href":"https:\/\/www.iemj.org\/it\/wp-json\/wp\/v2\/types\/post"}],"author":[{"embeddable":true,"href":"https:\/\/www.iemj.org\/it\/wp-json\/wp\/v2\/users\/5"}],"replies":[{"embeddable":true,"href":"https:\/\/www.iemj.org\/it\/wp-json\/wp\/v2\/comments?post=78503"}],"version-history":[{"count":0,"href":"https:\/\/www.iemj.org\/it\/wp-json\/wp\/v2\/posts\/78503\/revisions"}],"wp:featuredmedia":[{"embeddable":true,"href":"https:\/\/www.iemj.org\/it\/wp-json\/wp\/v2\/media\/78492"}],"wp:attachment":[{"href":"https:\/\/www.iemj.org\/it\/wp-json\/wp\/v2\/media?parent=78503"}],"wp:term":[{"taxonomy":"category","embeddable":true,"href":"https:\/\/www.iemj.org\/it\/wp-json\/wp\/v2\/categories?post=78503"},{"taxonomy":"post_tag","embeddable":true,"href":"https:\/\/www.iemj.org\/it\/wp-json\/wp\/v2\/tags?post=78503"},{"taxonomy":"technique","embeddable":true,"href":"https:\/\/www.iemj.org\/it\/wp-json\/wp\/v2\/technique?post=78503"},{"taxonomy":"squelettes","embeddable":true,"href":"https:\/\/www.iemj.org\/it\/wp-json\/wp\/v2\/squelettes?post=78503"},{"taxonomy":"sujet","embeddable":true,"href":"https:\/\/www.iemj.org\/it\/wp-json\/wp\/v2\/sujet?post=78503"},{"taxonomy":"formation","embeddable":true,"href":"https:\/\/www.iemj.org\/it\/wp-json\/wp\/v2\/formation?post=78503"},{"taxonomy":"genre","embeddable":true,"href":"https:\/\/www.iemj.org\/it\/wp-json\/wp\/v2\/genre?post=78503"},{"taxonomy":"fonds","embeddable":true,"href":"https:\/\/www.iemj.org\/it\/wp-json\/wp\/v2\/fonds?post=78503"},{"taxonomy":"tradition","embeddable":true,"href":"https:\/\/www.iemj.org\/it\/wp-json\/wp\/v2\/tradition?post=78503"},{"taxonomy":"type-de-contenu","embeddable":true,"href":"https:\/\/www.iemj.org\/it\/wp-json\/wp\/v2\/type-de-contenu?post=78503"},{"taxonomy":"interprete-compositeur","embeddable":true,"href":"https:\/\/www.iemj.org\/it\/wp-json\/wp\/v2\/interprete-compositeur?post=78503"},{"taxonomy":"frise","embeddable":true,"href":"https:\/\/www.iemj.org\/it\/wp-json\/wp\/v2\/frise?post=78503"},{"taxonomy":"type-devenement","embeddable":true,"href":"https:\/\/www.iemj.org\/it\/wp-json\/wp\/v2\/type-devenement?post=78503"},{"taxonomy":"tableaux-liens-externes","embeddable":true,"href":"https:\/\/www.iemj.org\/it\/wp-json\/wp\/v2\/tableaux-liens-externes?post=78503"}],"curies":[{"name":"wp","href":"https:\/\/api.w.org\/{rel}","templated":true}]}}