{"id":79257,"date":"2020-06-16T15:34:33","date_gmt":"2020-06-16T13:34:33","guid":{"rendered":"https:\/\/www.iemj.org\/fete-de-la-musique-version-ashkenaze\/"},"modified":"2025-08-19T17:16:47","modified_gmt":"2025-08-19T15:16:47","slug":"fete-de-la-musique-version-ashkenaze","status":"publish","type":"post","link":"https:\/\/www.iemj.org\/it\/fete-de-la-musique-version-ashkenaze\/","title":{"rendered":"Festa della Musica\u2026 versione ashkenazita!"},"content":{"rendered":"<p><strong>Il 21 giugno festeggiamo la musica! <\/strong><strong>Scoprite la nostra selezione di musica klezmer e canzoni yiddish, che vi faranno ballare e saltare ovunque ed accogliere con gioia la dolcezza dell&#8217;estate!<\/strong><\/p>\n<p><!--more--><\/p>\n<p>L&#8217;estate arriva, e con essa la voglia di muoversi e ballare a suon di musica festosa! Questo 21 giugno celebriamo la Festa della Musica! Quindi, se vi sentite degli <em>shpilk\u00e8s <\/em>nei vostri <em>tukh\u00e8s<\/em> e che volete <em>tantsn<\/em> su della musica <em>l\u00e8b\u00e8dik<\/em>, gustate questa playlist di musica klezmer e canzoni yiddish!<\/p>\n\n<div class=\"wp-block-image\">\n<figure class=\"aligncenter size-large\"><img fetchpriority=\"high\" decoding=\"async\" width=\"1024\" height=\"133\" src=\"https:\/\/www.iemj.org\/wp-content\/uploads\/2024\/03\/AUDIO-PLAYER-1024x133.png\" alt=\"\" class=\"wp-image-110609\" srcset=\"https:\/\/www.iemj.org\/wp-content\/uploads\/2024\/03\/AUDIO-PLAYER-1024x133.png 1024w, https:\/\/www.iemj.org\/wp-content\/uploads\/2024\/03\/AUDIO-PLAYER-300x39.png 300w, https:\/\/www.iemj.org\/wp-content\/uploads\/2024\/03\/AUDIO-PLAYER-768x100.png 768w, https:\/\/www.iemj.org\/wp-content\/uploads\/2024\/03\/AUDIO-PLAYER-600x78.png 600w, https:\/\/www.iemj.org\/wp-content\/uploads\/2024\/03\/AUDIO-PLAYER.png 1210w\" sizes=\"(max-width: 1024px) 100vw, 1024px\" \/><\/figure>\n<\/div>\n\n\n<div class=\"wp-block-file\"><a id=\"wp-block-file--media-6bf3f224-2ca2-43c2-9de5-697f9065b7b2\" href=\"https:\/\/www.iemj.org\/wp-content\/uploads\/2020\/06\/d33-30_514_07.mp3\">Freilechs &#8211; Giora Feidman<\/a><\/div>\n\n\n\n<div class=\"wp-block-file\"><a id=\"wp-block-file--media-201d881b-d850-4289-85f5-8a7f6e6d76e4\" href=\"https:\/\/www.iemj.org\/wp-content\/uploads\/2020\/06\/cd_269a_12.mp3\">An Eyropeyische Kolomeyke &#8211; Raderman\u2019s &amp; Beckerman\u2019s Orchestra<\/a><\/div>\n\n\n\n<div class=\"wp-block-file\"><a id=\"wp-block-file--media-e42f4a47-328c-4fa8-9626-a7dfdc5b6bda\" href=\"https:\/\/www.iemj.org\/wp-content\/uploads\/2020\/06\/cd_617_05.mp3\">Sirba de Leon Schwartz &#8211; Trio Weisberger-Branthomme-Trestian<\/a><\/div>\n\n\n\n<div class=\"wp-block-file\"><a id=\"wp-block-file--media-9988d04e-caf4-41db-a391-da1d88dd7268\" href=\"https:\/\/www.iemj.org\/wp-content\/uploads\/2020\/06\/cd_648_14.mp3\">Hostu mikh lib &#8211; Yerushe<\/a><\/div>\n\n\n\n<div class=\"wp-block-file\"><a id=\"wp-block-file--media-5b488ec6-1d1a-4cdf-bef7-e786adabca82\" href=\"https:\/\/www.iemj.org\/wp-content\/uploads\/2020\/06\/cd_269d_02-2.mp3\">Yiddisher Charleston &#8211; The Gilt Edged Four<\/a><\/div>\n\n\n\n<div class=\"wp-block-file\"><a id=\"wp-block-file--media-905adbef-b0c8-4ca9-a139-71e19716aac5\" href=\"https:\/\/www.iemj.org\/wp-content\/uploads\/2020\/06\/cd_1320_01.mp3\">Shtetl Medley: In Odess\u2019 \/ Yas &#8211; Klezmer Plus !<\/a><\/div>\n\n\n\n<div class=\"wp-block-file\"><a id=\"wp-block-file--media-b15c9bb4-b1e0-4f30-9d98-7552827fc2c3\" href=\"https:\/\/www.iemj.org\/wp-content\/uploads\/2020\/06\/d33-30_11_16.mp3\">Oy Tate s\u2019iz Gut &#8211; Naftule Brandwein<\/a><\/div>\n\n\n\n<div class=\"wp-block-file\"><a id=\"wp-block-file--media-18138be9-8a74-448e-af01-92c75b076ea9\" href=\"https:\/\/www.iemj.org\/wp-content\/uploads\/2020\/06\/cd_269a_01.mp3\">Gefilte Fisch &#8211; Henri Gerro<\/a><\/div>\n\n\n\n<div class=\"wp-block-file\"><a id=\"wp-block-file--media-b88df11b-e21c-4ac9-a18d-559f37d6a1e5\" href=\"https:\/\/www.iemj.org\/wp-content\/uploads\/2020\/06\/d33-30_83_09.mp3\">Negative Nifty &#8211; The Klezmorim<\/a><\/div>\n\n\n\n<div class=\"wp-block-file\"><a id=\"wp-block-file--media-7c475cea-6e65-4ba3-8f7a-62b8651117b8\" href=\"https:\/\/www.iemj.org\/wp-content\/uploads\/2020\/06\/d33-30_636_01.mp3\">A Galitsianer Tantsel &#8211; Zev Feldman, Andy Statman<\/a><\/div>\n\n\n\n<div class=\"wp-block-file\"><a id=\"wp-block-file--media-61e292ec-9d1f-4548-ae66-993d03e2b6ca\" href=\"https:\/\/www.iemj.org\/wp-content\/uploads\/2020\/06\/d33-30_1935_06.mp3\">Dzhankoye &#8211; The Klezmatics<\/a><\/div>\n\n\n\n<div class=\"wp-block-file\"><a id=\"wp-block-file--media-1f04b740-6e6c-4bac-ac1a-aceafe122a4b\" href=\"https:\/\/www.iemj.org\/wp-content\/uploads\/2020\/06\/d33-30_1059_01.mp3\">Lebn Zol Palestina &#8211; Kapelye<\/a><\/div>\n\n\n\n<div class=\"wp-block-file\"><a id=\"wp-block-file--media-c77a0703-c672-4fee-83d1-1b4dd53dbe7e\" href=\"https:\/\/www.iemj.org\/wp-content\/uploads\/2020\/06\/d78-25_333_02.mp3\">Odessa mama &#8211; Pesach Burstein<\/a><\/div>\n\n\n\n<div class=\"wp-block-file\"><a id=\"wp-block-file--media-12e5d382-7762-4e06-8f9a-94b3efdae869\" href=\"https:\/\/www.iemj.org\/wp-content\/uploads\/2020\/06\/k7_565_01_bis-2.mp3\">Lebedik un freylech &#8211; The Klezmer Conservatory Band<\/a><\/div>\n\n\n\n<div class=\"wp-block-file\"><a id=\"wp-block-file--media-65957f77-3fcc-4910-9e5b-ec492a5ce633\" href=\"https:\/\/www.iemj.org\/wp-content\/uploads\/2020\/06\/d33-30_63_13-2.mp3\">Machateyneste Mayne &#8211; Th\u00e9odore Bikel<\/a><\/div>\n","protected":false},"excerpt":{"rendered":"<p>Il 21 giugno festeggiamo la musica! Scoprite la nostra selezione di musica klezmer e canzoni yiddish, che vi faranno ballare e saltare ovunque ed accogliere con gioia la dolcezza dell&#8217;estate!<\/p>\n","protected":false},"author":1048,"featured_media":79258,"comment_status":"closed","ping_status":"closed","sticky":false,"template":"","format":"standard","meta":{"_acf_changed":false,"footnotes":""},"categories":[1536],"tags":[],"technique":[],"squelettes":[],"sujet":[],"formation":[],"genre":[1874,1676],"fonds":[],"tradition":[],"type-de-contenu":[],"interprete-compositeur":[],"frise":[],"type-devenement":[],"tableaux-liens-externes":[],"class_list":["post-79257","post","type-post","status-publish","format-standard","has-post-thumbnail","hentry","category-playlist-it","genre-klezmer-it","genre-yiddish-it-2"],"acf":[],"yoast_head":"<!-- This site is optimized with the Yoast SEO plugin v27.3 - https:\/\/yoast.com\/product\/yoast-seo-wordpress\/ -->\n<title>Festa della Musica\u2026 versione ashkenazita! - Institut Europ\u00e9en des Musiques Juives<\/title>\n<meta name=\"robots\" content=\"index, follow, max-snippet:-1, max-image-preview:large, max-video-preview:-1\" \/>\n<link rel=\"canonical\" href=\"https:\/\/www.iemj.org\/it\/fete-de-la-musique-version-ashkenaze\/\" \/>\n<meta property=\"og:locale\" content=\"it_IT\" \/>\n<meta property=\"og:type\" content=\"article\" \/>\n<meta property=\"og:title\" content=\"Festa della Musica\u2026 versione ashkenazita! - Institut Europ\u00e9en des Musiques Juives\" \/>\n<meta property=\"og:description\" content=\"Il 21 giugno festeggiamo la musica! Scoprite la nostra selezione di musica klezmer e canzoni yiddish, che vi faranno ballare e saltare ovunque ed accogliere con gioia la dolcezza dell&#8217;estate!\" \/>\n<meta property=\"og:url\" content=\"https:\/\/www.iemj.org\/it\/fete-de-la-musique-version-ashkenaze\/\" \/>\n<meta property=\"og:site_name\" content=\"Institut Europ\u00e9en des Musiques Juives\" \/>\n<meta property=\"article:publisher\" content=\"https:\/\/www.facebook.com\/MusiquesJuives\/\" \/>\n<meta property=\"article:published_time\" content=\"2020-06-16T13:34:33+00:00\" \/>\n<meta property=\"article:modified_time\" content=\"2025-08-19T15:16:47+00:00\" \/>\n<meta property=\"og:image\" content=\"https:\/\/www.iemj.org\/wp-content\/uploads\/2020\/06\/arton4774-e1618501913958.jpg\" \/>\n\t<meta property=\"og:image:width\" content=\"350\" \/>\n\t<meta property=\"og:image:height\" content=\"421\" \/>\n\t<meta property=\"og:image:type\" content=\"image\/jpeg\" \/>\n<meta name=\"author\" content=\"Jean-Gabriel Davis\" \/>\n<meta name=\"twitter:card\" content=\"summary_large_image\" \/>\n<meta name=\"twitter:label1\" content=\"Scritto da\" \/>\n\t<meta name=\"twitter:data1\" content=\"Jean-Gabriel Davis\" \/>\n\t<meta name=\"twitter:label2\" content=\"Tempo di lettura stimato\" \/>\n\t<meta name=\"twitter:data2\" content=\"1 minuto\" \/>\n<script type=\"application\/ld+json\" class=\"yoast-schema-graph\">{\"@context\":\"https:\\\/\\\/schema.org\",\"@graph\":[{\"@type\":\"Article\",\"@id\":\"https:\\\/\\\/www.iemj.org\\\/it\\\/fete-de-la-musique-version-ashkenaze\\\/#article\",\"isPartOf\":{\"@id\":\"https:\\\/\\\/www.iemj.org\\\/it\\\/fete-de-la-musique-version-ashkenaze\\\/\"},\"author\":{\"name\":\"Jean-Gabriel Davis\",\"@id\":\"https:\\\/\\\/www.iemj.org\\\/it\\\/#\\\/schema\\\/person\\\/c9bc1c386a3749579a2d675e72a18666\"},\"headline\":\"Festa della Musica\u2026 versione ashkenazita!\",\"datePublished\":\"2020-06-16T13:34:33+00:00\",\"dateModified\":\"2025-08-19T15:16:47+00:00\",\"mainEntityOfPage\":{\"@id\":\"https:\\\/\\\/www.iemj.org\\\/it\\\/fete-de-la-musique-version-ashkenaze\\\/\"},\"wordCount\":184,\"publisher\":{\"@id\":\"https:\\\/\\\/www.iemj.org\\\/it\\\/#organization\"},\"image\":{\"@id\":\"https:\\\/\\\/www.iemj.org\\\/it\\\/fete-de-la-musique-version-ashkenaze\\\/#primaryimage\"},\"thumbnailUrl\":\"https:\\\/\\\/www.iemj.org\\\/wp-content\\\/uploads\\\/2020\\\/06\\\/arton4774-e1618501913958.jpg\",\"articleSection\":[\"Playlist\"],\"inLanguage\":\"it-IT\"},{\"@type\":\"WebPage\",\"@id\":\"https:\\\/\\\/www.iemj.org\\\/it\\\/fete-de-la-musique-version-ashkenaze\\\/\",\"url\":\"https:\\\/\\\/www.iemj.org\\\/it\\\/fete-de-la-musique-version-ashkenaze\\\/\",\"name\":\"Festa della Musica\u2026 versione ashkenazita! - Institut Europ\u00e9en des Musiques Juives\",\"isPartOf\":{\"@id\":\"https:\\\/\\\/www.iemj.org\\\/it\\\/#website\"},\"primaryImageOfPage\":{\"@id\":\"https:\\\/\\\/www.iemj.org\\\/it\\\/fete-de-la-musique-version-ashkenaze\\\/#primaryimage\"},\"image\":{\"@id\":\"https:\\\/\\\/www.iemj.org\\\/it\\\/fete-de-la-musique-version-ashkenaze\\\/#primaryimage\"},\"thumbnailUrl\":\"https:\\\/\\\/www.iemj.org\\\/wp-content\\\/uploads\\\/2020\\\/06\\\/arton4774-e1618501913958.jpg\",\"datePublished\":\"2020-06-16T13:34:33+00:00\",\"dateModified\":\"2025-08-19T15:16:47+00:00\",\"breadcrumb\":{\"@id\":\"https:\\\/\\\/www.iemj.org\\\/it\\\/fete-de-la-musique-version-ashkenaze\\\/#breadcrumb\"},\"inLanguage\":\"it-IT\",\"potentialAction\":[{\"@type\":\"ReadAction\",\"target\":[\"https:\\\/\\\/www.iemj.org\\\/it\\\/fete-de-la-musique-version-ashkenaze\\\/\"]}]},{\"@type\":\"ImageObject\",\"inLanguage\":\"it-IT\",\"@id\":\"https:\\\/\\\/www.iemj.org\\\/it\\\/fete-de-la-musique-version-ashkenaze\\\/#primaryimage\",\"url\":\"https:\\\/\\\/www.iemj.org\\\/wp-content\\\/uploads\\\/2020\\\/06\\\/arton4774-e1618501913958.jpg\",\"contentUrl\":\"https:\\\/\\\/www.iemj.org\\\/wp-content\\\/uploads\\\/2020\\\/06\\\/arton4774-e1618501913958.jpg\",\"width\":350,\"height\":421},{\"@type\":\"BreadcrumbList\",\"@id\":\"https:\\\/\\\/www.iemj.org\\\/it\\\/fete-de-la-musique-version-ashkenaze\\\/#breadcrumb\",\"itemListElement\":[{\"@type\":\"ListItem\",\"position\":1,\"name\":\"Accueil\",\"item\":\"https:\\\/\\\/www.iemj.org\\\/it\\\/\"},{\"@type\":\"ListItem\",\"position\":2,\"name\":\"Festa della Musica\u2026 versione ashkenazita!\"}]},{\"@type\":\"WebSite\",\"@id\":\"https:\\\/\\\/www.iemj.org\\\/it\\\/#website\",\"url\":\"https:\\\/\\\/www.iemj.org\\\/it\\\/\",\"name\":\"Institut Europ\u00e9en des Musiques Juives\",\"description\":\"Des traditions musicales \u00e0 la port\u00e9e de tous\",\"publisher\":{\"@id\":\"https:\\\/\\\/www.iemj.org\\\/it\\\/#organization\"},\"potentialAction\":[{\"@type\":\"SearchAction\",\"target\":{\"@type\":\"EntryPoint\",\"urlTemplate\":\"https:\\\/\\\/www.iemj.org\\\/it\\\/?s={search_term_string}\"},\"query-input\":{\"@type\":\"PropertyValueSpecification\",\"valueRequired\":true,\"valueName\":\"search_term_string\"}}],\"inLanguage\":\"it-IT\"},{\"@type\":\"Organization\",\"@id\":\"https:\\\/\\\/www.iemj.org\\\/it\\\/#organization\",\"name\":\"Institut Europ\u00e9en des Musiques Juives\",\"url\":\"https:\\\/\\\/www.iemj.org\\\/it\\\/\",\"logo\":{\"@type\":\"ImageObject\",\"inLanguage\":\"it-IT\",\"@id\":\"https:\\\/\\\/www.iemj.org\\\/it\\\/#\\\/schema\\\/logo\\\/image\\\/\",\"url\":\"https:\\\/\\\/www.iemj.org\\\/wp-content\\\/uploads\\\/2021\\\/09\\\/Logo-IEMJ-Paypal.jpg\",\"contentUrl\":\"https:\\\/\\\/www.iemj.org\\\/wp-content\\\/uploads\\\/2021\\\/09\\\/Logo-IEMJ-Paypal.jpg\",\"width\":150,\"height\":50,\"caption\":\"Institut Europ\u00e9en des Musiques Juives\"},\"image\":{\"@id\":\"https:\\\/\\\/www.iemj.org\\\/it\\\/#\\\/schema\\\/logo\\\/image\\\/\"},\"sameAs\":[\"https:\\\/\\\/www.facebook.com\\\/MusiquesJuives\\\/\",\"https:\\\/\\\/www.instagram.com\\\/musiquesjuives\\\/\",\"https:\\\/\\\/www.youtube.com\\\/user\\\/musiquesjuives\"]},{\"@type\":\"Person\",\"@id\":\"https:\\\/\\\/www.iemj.org\\\/it\\\/#\\\/schema\\\/person\\\/c9bc1c386a3749579a2d675e72a18666\",\"name\":\"Jean-Gabriel Davis\",\"image\":{\"@type\":\"ImageObject\",\"inLanguage\":\"it-IT\",\"@id\":\"https:\\\/\\\/secure.gravatar.com\\\/avatar\\\/2b90d67bdf392c9b3a21fab87c0fa7edaf1fb3a058172a1ffd61033fcec7aec1?s=96&d=mm&r=g\",\"url\":\"https:\\\/\\\/secure.gravatar.com\\\/avatar\\\/2b90d67bdf392c9b3a21fab87c0fa7edaf1fb3a058172a1ffd61033fcec7aec1?s=96&d=mm&r=g\",\"contentUrl\":\"https:\\\/\\\/secure.gravatar.com\\\/avatar\\\/2b90d67bdf392c9b3a21fab87c0fa7edaf1fb3a058172a1ffd61033fcec7aec1?s=96&d=mm&r=g\",\"caption\":\"Jean-Gabriel Davis\"}}]}<\/script>\n<!-- \/ Yoast SEO plugin. -->","yoast_head_json":{"title":"Festa della Musica\u2026 versione ashkenazita! - Institut Europ\u00e9en des Musiques Juives","robots":{"index":"index","follow":"follow","max-snippet":"max-snippet:-1","max-image-preview":"max-image-preview:large","max-video-preview":"max-video-preview:-1"},"canonical":"https:\/\/www.iemj.org\/it\/fete-de-la-musique-version-ashkenaze\/","og_locale":"it_IT","og_type":"article","og_title":"Festa della Musica\u2026 versione ashkenazita! - Institut Europ\u00e9en des Musiques Juives","og_description":"Il 21 giugno festeggiamo la musica! Scoprite la nostra selezione di musica klezmer e canzoni yiddish, che vi faranno ballare e saltare ovunque ed accogliere con gioia la dolcezza dell&#8217;estate!","og_url":"https:\/\/www.iemj.org\/it\/fete-de-la-musique-version-ashkenaze\/","og_site_name":"Institut Europ\u00e9en des Musiques Juives","article_publisher":"https:\/\/www.facebook.com\/MusiquesJuives\/","article_published_time":"2020-06-16T13:34:33+00:00","article_modified_time":"2025-08-19T15:16:47+00:00","og_image":[{"width":350,"height":421,"url":"https:\/\/www.iemj.org\/wp-content\/uploads\/2020\/06\/arton4774-e1618501913958.jpg","type":"image\/jpeg"}],"author":"Jean-Gabriel Davis","twitter_card":"summary_large_image","twitter_misc":{"Scritto da":"Jean-Gabriel Davis","Tempo di lettura stimato":"1 minuto"},"schema":{"@context":"https:\/\/schema.org","@graph":[{"@type":"Article","@id":"https:\/\/www.iemj.org\/it\/fete-de-la-musique-version-ashkenaze\/#article","isPartOf":{"@id":"https:\/\/www.iemj.org\/it\/fete-de-la-musique-version-ashkenaze\/"},"author":{"name":"Jean-Gabriel Davis","@id":"https:\/\/www.iemj.org\/it\/#\/schema\/person\/c9bc1c386a3749579a2d675e72a18666"},"headline":"Festa della Musica\u2026 versione ashkenazita!","datePublished":"2020-06-16T13:34:33+00:00","dateModified":"2025-08-19T15:16:47+00:00","mainEntityOfPage":{"@id":"https:\/\/www.iemj.org\/it\/fete-de-la-musique-version-ashkenaze\/"},"wordCount":184,"publisher":{"@id":"https:\/\/www.iemj.org\/it\/#organization"},"image":{"@id":"https:\/\/www.iemj.org\/it\/fete-de-la-musique-version-ashkenaze\/#primaryimage"},"thumbnailUrl":"https:\/\/www.iemj.org\/wp-content\/uploads\/2020\/06\/arton4774-e1618501913958.jpg","articleSection":["Playlist"],"inLanguage":"it-IT"},{"@type":"WebPage","@id":"https:\/\/www.iemj.org\/it\/fete-de-la-musique-version-ashkenaze\/","url":"https:\/\/www.iemj.org\/it\/fete-de-la-musique-version-ashkenaze\/","name":"Festa della Musica\u2026 versione ashkenazita! - Institut Europ\u00e9en des Musiques Juives","isPartOf":{"@id":"https:\/\/www.iemj.org\/it\/#website"},"primaryImageOfPage":{"@id":"https:\/\/www.iemj.org\/it\/fete-de-la-musique-version-ashkenaze\/#primaryimage"},"image":{"@id":"https:\/\/www.iemj.org\/it\/fete-de-la-musique-version-ashkenaze\/#primaryimage"},"thumbnailUrl":"https:\/\/www.iemj.org\/wp-content\/uploads\/2020\/06\/arton4774-e1618501913958.jpg","datePublished":"2020-06-16T13:34:33+00:00","dateModified":"2025-08-19T15:16:47+00:00","breadcrumb":{"@id":"https:\/\/www.iemj.org\/it\/fete-de-la-musique-version-ashkenaze\/#breadcrumb"},"inLanguage":"it-IT","potentialAction":[{"@type":"ReadAction","target":["https:\/\/www.iemj.org\/it\/fete-de-la-musique-version-ashkenaze\/"]}]},{"@type":"ImageObject","inLanguage":"it-IT","@id":"https:\/\/www.iemj.org\/it\/fete-de-la-musique-version-ashkenaze\/#primaryimage","url":"https:\/\/www.iemj.org\/wp-content\/uploads\/2020\/06\/arton4774-e1618501913958.jpg","contentUrl":"https:\/\/www.iemj.org\/wp-content\/uploads\/2020\/06\/arton4774-e1618501913958.jpg","width":350,"height":421},{"@type":"BreadcrumbList","@id":"https:\/\/www.iemj.org\/it\/fete-de-la-musique-version-ashkenaze\/#breadcrumb","itemListElement":[{"@type":"ListItem","position":1,"name":"Accueil","item":"https:\/\/www.iemj.org\/it\/"},{"@type":"ListItem","position":2,"name":"Festa della Musica\u2026 versione ashkenazita!"}]},{"@type":"WebSite","@id":"https:\/\/www.iemj.org\/it\/#website","url":"https:\/\/www.iemj.org\/it\/","name":"Institut Europ\u00e9en des Musiques Juives","description":"Des traditions musicales \u00e0 la port\u00e9e de tous","publisher":{"@id":"https:\/\/www.iemj.org\/it\/#organization"},"potentialAction":[{"@type":"SearchAction","target":{"@type":"EntryPoint","urlTemplate":"https:\/\/www.iemj.org\/it\/?s={search_term_string}"},"query-input":{"@type":"PropertyValueSpecification","valueRequired":true,"valueName":"search_term_string"}}],"inLanguage":"it-IT"},{"@type":"Organization","@id":"https:\/\/www.iemj.org\/it\/#organization","name":"Institut Europ\u00e9en des Musiques Juives","url":"https:\/\/www.iemj.org\/it\/","logo":{"@type":"ImageObject","inLanguage":"it-IT","@id":"https:\/\/www.iemj.org\/it\/#\/schema\/logo\/image\/","url":"https:\/\/www.iemj.org\/wp-content\/uploads\/2021\/09\/Logo-IEMJ-Paypal.jpg","contentUrl":"https:\/\/www.iemj.org\/wp-content\/uploads\/2021\/09\/Logo-IEMJ-Paypal.jpg","width":150,"height":50,"caption":"Institut Europ\u00e9en des Musiques Juives"},"image":{"@id":"https:\/\/www.iemj.org\/it\/#\/schema\/logo\/image\/"},"sameAs":["https:\/\/www.facebook.com\/MusiquesJuives\/","https:\/\/www.instagram.com\/musiquesjuives\/","https:\/\/www.youtube.com\/user\/musiquesjuives"]},{"@type":"Person","@id":"https:\/\/www.iemj.org\/it\/#\/schema\/person\/c9bc1c386a3749579a2d675e72a18666","name":"Jean-Gabriel Davis","image":{"@type":"ImageObject","inLanguage":"it-IT","@id":"https:\/\/secure.gravatar.com\/avatar\/2b90d67bdf392c9b3a21fab87c0fa7edaf1fb3a058172a1ffd61033fcec7aec1?s=96&d=mm&r=g","url":"https:\/\/secure.gravatar.com\/avatar\/2b90d67bdf392c9b3a21fab87c0fa7edaf1fb3a058172a1ffd61033fcec7aec1?s=96&d=mm&r=g","contentUrl":"https:\/\/secure.gravatar.com\/avatar\/2b90d67bdf392c9b3a21fab87c0fa7edaf1fb3a058172a1ffd61033fcec7aec1?s=96&d=mm&r=g","caption":"Jean-Gabriel Davis"}}]}},"_links":{"self":[{"href":"https:\/\/www.iemj.org\/it\/wp-json\/wp\/v2\/posts\/79257","targetHints":{"allow":["GET"]}}],"collection":[{"href":"https:\/\/www.iemj.org\/it\/wp-json\/wp\/v2\/posts"}],"about":[{"href":"https:\/\/www.iemj.org\/it\/wp-json\/wp\/v2\/types\/post"}],"author":[{"embeddable":true,"href":"https:\/\/www.iemj.org\/it\/wp-json\/wp\/v2\/users\/1048"}],"replies":[{"embeddable":true,"href":"https:\/\/www.iemj.org\/it\/wp-json\/wp\/v2\/comments?post=79257"}],"version-history":[{"count":0,"href":"https:\/\/www.iemj.org\/it\/wp-json\/wp\/v2\/posts\/79257\/revisions"}],"wp:featuredmedia":[{"embeddable":true,"href":"https:\/\/www.iemj.org\/it\/wp-json\/wp\/v2\/media\/79258"}],"wp:attachment":[{"href":"https:\/\/www.iemj.org\/it\/wp-json\/wp\/v2\/media?parent=79257"}],"wp:term":[{"taxonomy":"category","embeddable":true,"href":"https:\/\/www.iemj.org\/it\/wp-json\/wp\/v2\/categories?post=79257"},{"taxonomy":"post_tag","embeddable":true,"href":"https:\/\/www.iemj.org\/it\/wp-json\/wp\/v2\/tags?post=79257"},{"taxonomy":"technique","embeddable":true,"href":"https:\/\/www.iemj.org\/it\/wp-json\/wp\/v2\/technique?post=79257"},{"taxonomy":"squelettes","embeddable":true,"href":"https:\/\/www.iemj.org\/it\/wp-json\/wp\/v2\/squelettes?post=79257"},{"taxonomy":"sujet","embeddable":true,"href":"https:\/\/www.iemj.org\/it\/wp-json\/wp\/v2\/sujet?post=79257"},{"taxonomy":"formation","embeddable":true,"href":"https:\/\/www.iemj.org\/it\/wp-json\/wp\/v2\/formation?post=79257"},{"taxonomy":"genre","embeddable":true,"href":"https:\/\/www.iemj.org\/it\/wp-json\/wp\/v2\/genre?post=79257"},{"taxonomy":"fonds","embeddable":true,"href":"https:\/\/www.iemj.org\/it\/wp-json\/wp\/v2\/fonds?post=79257"},{"taxonomy":"tradition","embeddable":true,"href":"https:\/\/www.iemj.org\/it\/wp-json\/wp\/v2\/tradition?post=79257"},{"taxonomy":"type-de-contenu","embeddable":true,"href":"https:\/\/www.iemj.org\/it\/wp-json\/wp\/v2\/type-de-contenu?post=79257"},{"taxonomy":"interprete-compositeur","embeddable":true,"href":"https:\/\/www.iemj.org\/it\/wp-json\/wp\/v2\/interprete-compositeur?post=79257"},{"taxonomy":"frise","embeddable":true,"href":"https:\/\/www.iemj.org\/it\/wp-json\/wp\/v2\/frise?post=79257"},{"taxonomy":"type-devenement","embeddable":true,"href":"https:\/\/www.iemj.org\/it\/wp-json\/wp\/v2\/type-devenement?post=79257"},{"taxonomy":"tableaux-liens-externes","embeddable":true,"href":"https:\/\/www.iemj.org\/it\/wp-json\/wp\/v2\/tableaux-liens-externes?post=79257"}],"curies":[{"name":"wp","href":"https:\/\/api.w.org\/{rel}","templated":true}]}}