{"id":79296,"date":"2020-06-16T17:24:50","date_gmt":"2020-06-16T15:24:50","guid":{"rendered":"https:\/\/www.iemj.org\/fete-de-la-musique-version-judeo-espagnole\/"},"modified":"2025-08-19T17:23:45","modified_gmt":"2025-08-19T15:23:45","slug":"fete-de-la-musique-version-judeo-espagnole","status":"publish","type":"post","link":"https:\/\/www.iemj.org\/it\/fete-de-la-musique-version-judeo-espagnole\/","title":{"rendered":"Festa della musica\u2026 versione giudeo-spagnola!"},"content":{"rendered":"<p><strong>Il 21 giugno festeggiamo la musica ! <\/strong><strong>Scoprite la nostra selezione di canzoni giudeo-spagnole provenienti da tutto il Mediterraneo (Grecia, Turchia, Marocco, ecc.)<\/strong><\/p>\n<p><!--more--><\/p>\n<p>Durante tutto il suo esilio, la cultura giudeo-spagnola \u00e8 stata esposta alle numerose influenze dei paesi attraversati e delle terre ospitanti.<\/p>\n<p>In occasione della Festa della Musica, vi proponiamo una selezione di canzoni giudeo-spagnole a carattere festoso e danzante provenienti da diversi paesi del Mediterraneo (Grecia, Turchia, Marocco, ecc.) e interpretate da artisti della scena musicale giudeo-spagnola come Claire Zalamansky, Judith Cohen, Sandra Bessis, Na\u00efma Chemoul, Fran\u00e7oise Atlan, Marc Amouyal od ancora Arkul&#8230;<\/p>\n<p><em>Paciencia ! Oyeme ! Ahora vamos a bailar !<\/em><\/p>\n\n<div class=\"wp-block-image\">\n<figure class=\"aligncenter size-large\"><img fetchpriority=\"high\" decoding=\"async\" width=\"1024\" height=\"133\" src=\"https:\/\/www.iemj.org\/wp-content\/uploads\/2024\/03\/AUDIO-PLAYER-1024x133.png\" alt=\"\" class=\"wp-image-110609\" srcset=\"https:\/\/www.iemj.org\/wp-content\/uploads\/2024\/03\/AUDIO-PLAYER-1024x133.png 1024w, https:\/\/www.iemj.org\/wp-content\/uploads\/2024\/03\/AUDIO-PLAYER-300x39.png 300w, https:\/\/www.iemj.org\/wp-content\/uploads\/2024\/03\/AUDIO-PLAYER-768x100.png 768w, https:\/\/www.iemj.org\/wp-content\/uploads\/2024\/03\/AUDIO-PLAYER-600x78.png 600w, https:\/\/www.iemj.org\/wp-content\/uploads\/2024\/03\/AUDIO-PLAYER.png 1210w\" sizes=\"(max-width: 1024px) 100vw, 1024px\" \/><\/figure>\n<\/div>\n\n\n<div class=\"wp-block-file\"><a id=\"wp-block-file--media-799fe2cd-1ac7-4d6d-b0d8-2793273dd7c3\" href=\"https:\/\/www.iemj.org\/wp-content\/uploads\/2021\/03\/01_si_veriyash_a_la_rana_extrait_du_cd_estreyikas_d_estambol_.mp3\">Si Veriyash a La Rana (Extrait du CD Estreyikas d&#8217;Estambol)<\/a><\/div>\n\n\n\n<div class=\"wp-block-file\"><a id=\"wp-block-file--media-e7896356-5037-4974-893d-534138c98688\" href=\"https:\/\/www.iemj.org\/wp-content\/uploads\/2021\/03\/02_amisa_asar_-_arkul-2.mp3\">Amisa asar &#8211; Arkul<\/a><\/div>\n\n\n\n<div class=\"wp-block-file\"><a id=\"wp-block-file--media-d5c2a044-0a11-4eb7-89c3-f3927edebb80\" href=\"https:\/\/www.iemj.org\/wp-content\/uploads\/2021\/03\/03_si_veriash_-_naima_chemoul-2.mp3\">Si veriash &#8211; Na\u00efma Chemoul<\/a><\/div>\n\n\n\n<div class=\"wp-block-file\"><a id=\"wp-block-file--media-72660eca-2538-43ef-b89d-f7c83fc43fa7\" href=\"https:\/\/www.iemj.org\/wp-content\/uploads\/2021\/03\/04_ya_se_va_el_rabinu_judeo-espagnol_turquie_-_judith_cohen-2.mp3\">Ya se va el rabinu (jud\u00e9o-espagnol Turquie) &#8211; Judith Cohen<\/a><\/div>\n\n\n\n<div class=\"wp-block-file\"><a id=\"wp-block-file--media-493383f7-c906-48ab-b409-3a3a81564cea\" href=\"https:\/\/www.iemj.org\/wp-content\/uploads\/2021\/03\/05_ay_ke_relumbror_-_marc_amouyal-2.mp3\">Ay k\u00e9 relumbror &#8211; Marc Amouyal<\/a><\/div>\n\n\n\n<div class=\"wp-block-file\"><a id=\"wp-block-file--media-5fa68c5f-6b5d-4861-8d22-14c521a416fd\" href=\"https:\/\/www.iemj.org\/wp-content\/uploads\/2021\/03\/06_cici_bunici_-_judeo-espagnol_bosnie_-_judith_cohen-2.mp3\">Cici Bunici &#8211; (jud\u00e9o-espagnol Bosnie) &#8211; Judith Cohen<\/a><\/div>\n\n\n\n<div class=\"wp-block-file\"><a id=\"wp-block-file--media-e634f617-f7ef-4f14-bd88-5ddf89dd5787\" href=\"https:\/\/www.iemj.org\/wp-content\/uploads\/2021\/03\/07_entre_las_guertas_paseando_-_sandra_bessis-2.mp3\">Entre las guertas paseando &#8211; Sandra Bessis<\/a><\/div>\n\n\n\n<div class=\"wp-block-file\"><a id=\"wp-block-file--media-cbeda767-9a70-4a81-9f6c-b29665f2ebb8\" href=\"https:\/\/www.iemj.org\/wp-content\/uploads\/2021\/03\/08_katsivela_grece_mer_egee_-_daphnee_kritharas_-_djoyas_de_mar-2.mp3\">Katsivela (Gr\u00e8ce &amp; mer Eg\u00e9e) &#8211; Daphn\u00e9e Kritharas &#8211; Djoyas de Mar<\/a><\/div>\n\n\n\n<div class=\"wp-block-file\"><a id=\"wp-block-file--media-a011ca03-fca3-45b7-82ed-89cd17c3dcc4\" href=\"https:\/\/www.iemj.org\/wp-content\/uploads\/2021\/03\/09_la_vida_do_por_el_raki_-_claire_zalamansky-2.mp3\">La vida do por el raki &#8211; Claire Zalamansky<\/a><\/div>\n\n\n\n<div class=\"wp-block-file\"><a id=\"wp-block-file--media-9783f987-646e-4658-bc5b-c5ce9ead509b\" href=\"https:\/\/www.iemj.org\/wp-content\/uploads\/2021\/03\/10_madame_gaspar_-_arkul-2.mp3\">Madame Gaspar &#8211; Arkul<\/a><\/div>\n\n\n\n<div class=\"wp-block-file\"><a id=\"wp-block-file--media-3eb07326-ecb2-4199-abde-559031187073\" href=\"https:\/\/www.iemj.org\/wp-content\/uploads\/2021\/03\/11_cien_drahmas_-_fancoise_atlan-2.mp3\">Cien drahmas &#8211; Fan\u00e7oise Atlan<\/a><\/div>\n\n\n\n<div class=\"wp-block-file\"><a id=\"wp-block-file--media-06233dfa-8935-4b91-a015-8e7196ec8eb4\" href=\"https:\/\/www.iemj.org\/wp-content\/uploads\/2021\/03\/12__ansi_dize_la_muestra_novia_-_francoise_atlan-2.mp3\">Ansi dize la muestra novia &#8211; Fran\u00e7oise Atlan<\/a><\/div>\n\n\n\n<div class=\"wp-block-file\"><a id=\"wp-block-file--media-6c9c7a70-0bbb-4499-b0a7-ca4ec629f808\" href=\"https:\/\/www.iemj.org\/wp-content\/uploads\/2021\/03\/13_mansevo_dobro_-_yahudice.mp3\">Mansevo dobro &#8211; Yahudice<\/a><\/div>\n\n\n\n<p><\/p>\n","protected":false},"excerpt":{"rendered":"<p>Il 21 giugno festeggiamo la musica ! Scoprite la nostra selezione di canzoni giudeo-spagnole provenienti da tutto il Mediterraneo (Grecia, Turchia, Marocco, ecc.)<\/p>\n","protected":false},"author":5,"featured_media":79297,"comment_status":"closed","ping_status":"closed","sticky":false,"template":"","format":"standard","meta":{"_acf_changed":false,"footnotes":""},"categories":[1536],"tags":[],"technique":[],"squelettes":[],"sujet":[],"formation":[],"genre":[1675],"fonds":[],"tradition":[],"type-de-contenu":[],"interprete-compositeur":[],"frise":[],"type-devenement":[],"tableaux-liens-externes":[],"class_list":["post-79296","post","type-post","status-publish","format-standard","has-post-thumbnail","hentry","category-playlist-it","genre-giudeo-spagnolo-it"],"acf":[],"yoast_head":"<!-- This site is optimized with the Yoast SEO plugin v27.3 - https:\/\/yoast.com\/product\/yoast-seo-wordpress\/ -->\n<title>Festa della musica\u2026 versione giudeo-spagnola! - Institut Europ\u00e9en des Musiques Juives<\/title>\n<meta name=\"robots\" content=\"index, follow, max-snippet:-1, max-image-preview:large, max-video-preview:-1\" \/>\n<link rel=\"canonical\" href=\"https:\/\/www.iemj.org\/it\/fete-de-la-musique-version-judeo-espagnole\/\" \/>\n<meta property=\"og:locale\" content=\"it_IT\" \/>\n<meta property=\"og:type\" content=\"article\" \/>\n<meta property=\"og:title\" content=\"Festa della musica\u2026 versione giudeo-spagnola! - Institut Europ\u00e9en des Musiques Juives\" \/>\n<meta property=\"og:description\" content=\"Il 21 giugno festeggiamo la musica ! Scoprite la nostra selezione di canzoni giudeo-spagnole provenienti da tutto il Mediterraneo (Grecia, Turchia, Marocco, ecc.)\" \/>\n<meta property=\"og:url\" content=\"https:\/\/www.iemj.org\/it\/fete-de-la-musique-version-judeo-espagnole\/\" \/>\n<meta property=\"og:site_name\" content=\"Institut Europ\u00e9en des Musiques Juives\" \/>\n<meta property=\"article:publisher\" content=\"https:\/\/www.facebook.com\/MusiquesJuives\/\" \/>\n<meta property=\"article:published_time\" content=\"2020-06-16T15:24:50+00:00\" \/>\n<meta property=\"article:modified_time\" content=\"2025-08-19T15:23:45+00:00\" \/>\n<meta property=\"og:image\" content=\"https:\/\/www.iemj.org\/wp-content\/uploads\/2020\/06\/arton4775-e1618501805576.jpg\" \/>\n\t<meta property=\"og:image:width\" content=\"350\" \/>\n\t<meta property=\"og:image:height\" content=\"427\" \/>\n\t<meta property=\"og:image:type\" content=\"image\/jpeg\" \/>\n<meta name=\"author\" content=\"Jacqueline ROTEN\" \/>\n<meta name=\"twitter:card\" content=\"summary_large_image\" \/>\n<meta name=\"twitter:label1\" content=\"Scritto da\" \/>\n\t<meta name=\"twitter:data1\" content=\"Jacqueline ROTEN\" \/>\n\t<meta name=\"twitter:label2\" content=\"Tempo di lettura stimato\" \/>\n\t<meta name=\"twitter:data2\" content=\"2 minuti\" \/>\n<script type=\"application\/ld+json\" class=\"yoast-schema-graph\">{\"@context\":\"https:\\\/\\\/schema.org\",\"@graph\":[{\"@type\":\"Article\",\"@id\":\"https:\\\/\\\/www.iemj.org\\\/it\\\/fete-de-la-musique-version-judeo-espagnole\\\/#article\",\"isPartOf\":{\"@id\":\"https:\\\/\\\/www.iemj.org\\\/it\\\/fete-de-la-musique-version-judeo-espagnole\\\/\"},\"author\":{\"name\":\"Jacqueline ROTEN\",\"@id\":\"https:\\\/\\\/www.iemj.org\\\/it\\\/#\\\/schema\\\/person\\\/358e26c18aca017fcc4cc15437f7279c\"},\"headline\":\"Festa della musica\u2026 versione giudeo-spagnola!\",\"datePublished\":\"2020-06-16T15:24:50+00:00\",\"dateModified\":\"2025-08-19T15:23:45+00:00\",\"mainEntityOfPage\":{\"@id\":\"https:\\\/\\\/www.iemj.org\\\/it\\\/fete-de-la-musique-version-judeo-espagnole\\\/\"},\"wordCount\":207,\"publisher\":{\"@id\":\"https:\\\/\\\/www.iemj.org\\\/it\\\/#organization\"},\"image\":{\"@id\":\"https:\\\/\\\/www.iemj.org\\\/it\\\/fete-de-la-musique-version-judeo-espagnole\\\/#primaryimage\"},\"thumbnailUrl\":\"https:\\\/\\\/www.iemj.org\\\/wp-content\\\/uploads\\\/2020\\\/06\\\/arton4775-e1618501805576.jpg\",\"articleSection\":[\"Playlist\"],\"inLanguage\":\"it-IT\"},{\"@type\":\"WebPage\",\"@id\":\"https:\\\/\\\/www.iemj.org\\\/it\\\/fete-de-la-musique-version-judeo-espagnole\\\/\",\"url\":\"https:\\\/\\\/www.iemj.org\\\/it\\\/fete-de-la-musique-version-judeo-espagnole\\\/\",\"name\":\"Festa della musica\u2026 versione giudeo-spagnola! - Institut Europ\u00e9en des Musiques Juives\",\"isPartOf\":{\"@id\":\"https:\\\/\\\/www.iemj.org\\\/it\\\/#website\"},\"primaryImageOfPage\":{\"@id\":\"https:\\\/\\\/www.iemj.org\\\/it\\\/fete-de-la-musique-version-judeo-espagnole\\\/#primaryimage\"},\"image\":{\"@id\":\"https:\\\/\\\/www.iemj.org\\\/it\\\/fete-de-la-musique-version-judeo-espagnole\\\/#primaryimage\"},\"thumbnailUrl\":\"https:\\\/\\\/www.iemj.org\\\/wp-content\\\/uploads\\\/2020\\\/06\\\/arton4775-e1618501805576.jpg\",\"datePublished\":\"2020-06-16T15:24:50+00:00\",\"dateModified\":\"2025-08-19T15:23:45+00:00\",\"breadcrumb\":{\"@id\":\"https:\\\/\\\/www.iemj.org\\\/it\\\/fete-de-la-musique-version-judeo-espagnole\\\/#breadcrumb\"},\"inLanguage\":\"it-IT\",\"potentialAction\":[{\"@type\":\"ReadAction\",\"target\":[\"https:\\\/\\\/www.iemj.org\\\/it\\\/fete-de-la-musique-version-judeo-espagnole\\\/\"]}]},{\"@type\":\"ImageObject\",\"inLanguage\":\"it-IT\",\"@id\":\"https:\\\/\\\/www.iemj.org\\\/it\\\/fete-de-la-musique-version-judeo-espagnole\\\/#primaryimage\",\"url\":\"https:\\\/\\\/www.iemj.org\\\/wp-content\\\/uploads\\\/2020\\\/06\\\/arton4775-e1618501805576.jpg\",\"contentUrl\":\"https:\\\/\\\/www.iemj.org\\\/wp-content\\\/uploads\\\/2020\\\/06\\\/arton4775-e1618501805576.jpg\",\"width\":350,\"height\":427},{\"@type\":\"BreadcrumbList\",\"@id\":\"https:\\\/\\\/www.iemj.org\\\/it\\\/fete-de-la-musique-version-judeo-espagnole\\\/#breadcrumb\",\"itemListElement\":[{\"@type\":\"ListItem\",\"position\":1,\"name\":\"Accueil\",\"item\":\"https:\\\/\\\/www.iemj.org\\\/it\\\/\"},{\"@type\":\"ListItem\",\"position\":2,\"name\":\"Festa della musica\u2026 versione giudeo-spagnola!\"}]},{\"@type\":\"WebSite\",\"@id\":\"https:\\\/\\\/www.iemj.org\\\/it\\\/#website\",\"url\":\"https:\\\/\\\/www.iemj.org\\\/it\\\/\",\"name\":\"Institut Europ\u00e9en des Musiques Juives\",\"description\":\"Des traditions musicales \u00e0 la port\u00e9e de tous\",\"publisher\":{\"@id\":\"https:\\\/\\\/www.iemj.org\\\/it\\\/#organization\"},\"potentialAction\":[{\"@type\":\"SearchAction\",\"target\":{\"@type\":\"EntryPoint\",\"urlTemplate\":\"https:\\\/\\\/www.iemj.org\\\/it\\\/?s={search_term_string}\"},\"query-input\":{\"@type\":\"PropertyValueSpecification\",\"valueRequired\":true,\"valueName\":\"search_term_string\"}}],\"inLanguage\":\"it-IT\"},{\"@type\":\"Organization\",\"@id\":\"https:\\\/\\\/www.iemj.org\\\/it\\\/#organization\",\"name\":\"Institut Europ\u00e9en des Musiques Juives\",\"url\":\"https:\\\/\\\/www.iemj.org\\\/it\\\/\",\"logo\":{\"@type\":\"ImageObject\",\"inLanguage\":\"it-IT\",\"@id\":\"https:\\\/\\\/www.iemj.org\\\/it\\\/#\\\/schema\\\/logo\\\/image\\\/\",\"url\":\"https:\\\/\\\/www.iemj.org\\\/wp-content\\\/uploads\\\/2021\\\/09\\\/Logo-IEMJ-Paypal.jpg\",\"contentUrl\":\"https:\\\/\\\/www.iemj.org\\\/wp-content\\\/uploads\\\/2021\\\/09\\\/Logo-IEMJ-Paypal.jpg\",\"width\":150,\"height\":50,\"caption\":\"Institut Europ\u00e9en des Musiques Juives\"},\"image\":{\"@id\":\"https:\\\/\\\/www.iemj.org\\\/it\\\/#\\\/schema\\\/logo\\\/image\\\/\"},\"sameAs\":[\"https:\\\/\\\/www.facebook.com\\\/MusiquesJuives\\\/\",\"https:\\\/\\\/www.instagram.com\\\/musiquesjuives\\\/\",\"https:\\\/\\\/www.youtube.com\\\/user\\\/musiquesjuives\"]},{\"@type\":\"Person\",\"@id\":\"https:\\\/\\\/www.iemj.org\\\/it\\\/#\\\/schema\\\/person\\\/358e26c18aca017fcc4cc15437f7279c\",\"name\":\"Jacqueline ROTEN\",\"image\":{\"@type\":\"ImageObject\",\"inLanguage\":\"it-IT\",\"@id\":\"https:\\\/\\\/secure.gravatar.com\\\/avatar\\\/5964256d6c6957de3a3505278957e0fb2a35119ac47ea41827a65301213c810b?s=96&d=mm&r=g\",\"url\":\"https:\\\/\\\/secure.gravatar.com\\\/avatar\\\/5964256d6c6957de3a3505278957e0fb2a35119ac47ea41827a65301213c810b?s=96&d=mm&r=g\",\"contentUrl\":\"https:\\\/\\\/secure.gravatar.com\\\/avatar\\\/5964256d6c6957de3a3505278957e0fb2a35119ac47ea41827a65301213c810b?s=96&d=mm&r=g\",\"caption\":\"Jacqueline ROTEN\"}}]}<\/script>\n<!-- \/ Yoast SEO plugin. -->","yoast_head_json":{"title":"Festa della musica\u2026 versione giudeo-spagnola! - Institut Europ\u00e9en des Musiques Juives","robots":{"index":"index","follow":"follow","max-snippet":"max-snippet:-1","max-image-preview":"max-image-preview:large","max-video-preview":"max-video-preview:-1"},"canonical":"https:\/\/www.iemj.org\/it\/fete-de-la-musique-version-judeo-espagnole\/","og_locale":"it_IT","og_type":"article","og_title":"Festa della musica\u2026 versione giudeo-spagnola! - Institut Europ\u00e9en des Musiques Juives","og_description":"Il 21 giugno festeggiamo la musica ! Scoprite la nostra selezione di canzoni giudeo-spagnole provenienti da tutto il Mediterraneo (Grecia, Turchia, Marocco, ecc.)","og_url":"https:\/\/www.iemj.org\/it\/fete-de-la-musique-version-judeo-espagnole\/","og_site_name":"Institut Europ\u00e9en des Musiques Juives","article_publisher":"https:\/\/www.facebook.com\/MusiquesJuives\/","article_published_time":"2020-06-16T15:24:50+00:00","article_modified_time":"2025-08-19T15:23:45+00:00","og_image":[{"width":350,"height":427,"url":"https:\/\/www.iemj.org\/wp-content\/uploads\/2020\/06\/arton4775-e1618501805576.jpg","type":"image\/jpeg"}],"author":"Jacqueline ROTEN","twitter_card":"summary_large_image","twitter_misc":{"Scritto da":"Jacqueline ROTEN","Tempo di lettura stimato":"2 minuti"},"schema":{"@context":"https:\/\/schema.org","@graph":[{"@type":"Article","@id":"https:\/\/www.iemj.org\/it\/fete-de-la-musique-version-judeo-espagnole\/#article","isPartOf":{"@id":"https:\/\/www.iemj.org\/it\/fete-de-la-musique-version-judeo-espagnole\/"},"author":{"name":"Jacqueline ROTEN","@id":"https:\/\/www.iemj.org\/it\/#\/schema\/person\/358e26c18aca017fcc4cc15437f7279c"},"headline":"Festa della musica\u2026 versione giudeo-spagnola!","datePublished":"2020-06-16T15:24:50+00:00","dateModified":"2025-08-19T15:23:45+00:00","mainEntityOfPage":{"@id":"https:\/\/www.iemj.org\/it\/fete-de-la-musique-version-judeo-espagnole\/"},"wordCount":207,"publisher":{"@id":"https:\/\/www.iemj.org\/it\/#organization"},"image":{"@id":"https:\/\/www.iemj.org\/it\/fete-de-la-musique-version-judeo-espagnole\/#primaryimage"},"thumbnailUrl":"https:\/\/www.iemj.org\/wp-content\/uploads\/2020\/06\/arton4775-e1618501805576.jpg","articleSection":["Playlist"],"inLanguage":"it-IT"},{"@type":"WebPage","@id":"https:\/\/www.iemj.org\/it\/fete-de-la-musique-version-judeo-espagnole\/","url":"https:\/\/www.iemj.org\/it\/fete-de-la-musique-version-judeo-espagnole\/","name":"Festa della musica\u2026 versione giudeo-spagnola! - Institut Europ\u00e9en des Musiques Juives","isPartOf":{"@id":"https:\/\/www.iemj.org\/it\/#website"},"primaryImageOfPage":{"@id":"https:\/\/www.iemj.org\/it\/fete-de-la-musique-version-judeo-espagnole\/#primaryimage"},"image":{"@id":"https:\/\/www.iemj.org\/it\/fete-de-la-musique-version-judeo-espagnole\/#primaryimage"},"thumbnailUrl":"https:\/\/www.iemj.org\/wp-content\/uploads\/2020\/06\/arton4775-e1618501805576.jpg","datePublished":"2020-06-16T15:24:50+00:00","dateModified":"2025-08-19T15:23:45+00:00","breadcrumb":{"@id":"https:\/\/www.iemj.org\/it\/fete-de-la-musique-version-judeo-espagnole\/#breadcrumb"},"inLanguage":"it-IT","potentialAction":[{"@type":"ReadAction","target":["https:\/\/www.iemj.org\/it\/fete-de-la-musique-version-judeo-espagnole\/"]}]},{"@type":"ImageObject","inLanguage":"it-IT","@id":"https:\/\/www.iemj.org\/it\/fete-de-la-musique-version-judeo-espagnole\/#primaryimage","url":"https:\/\/www.iemj.org\/wp-content\/uploads\/2020\/06\/arton4775-e1618501805576.jpg","contentUrl":"https:\/\/www.iemj.org\/wp-content\/uploads\/2020\/06\/arton4775-e1618501805576.jpg","width":350,"height":427},{"@type":"BreadcrumbList","@id":"https:\/\/www.iemj.org\/it\/fete-de-la-musique-version-judeo-espagnole\/#breadcrumb","itemListElement":[{"@type":"ListItem","position":1,"name":"Accueil","item":"https:\/\/www.iemj.org\/it\/"},{"@type":"ListItem","position":2,"name":"Festa della musica\u2026 versione giudeo-spagnola!"}]},{"@type":"WebSite","@id":"https:\/\/www.iemj.org\/it\/#website","url":"https:\/\/www.iemj.org\/it\/","name":"Institut Europ\u00e9en des Musiques Juives","description":"Des traditions musicales \u00e0 la port\u00e9e de tous","publisher":{"@id":"https:\/\/www.iemj.org\/it\/#organization"},"potentialAction":[{"@type":"SearchAction","target":{"@type":"EntryPoint","urlTemplate":"https:\/\/www.iemj.org\/it\/?s={search_term_string}"},"query-input":{"@type":"PropertyValueSpecification","valueRequired":true,"valueName":"search_term_string"}}],"inLanguage":"it-IT"},{"@type":"Organization","@id":"https:\/\/www.iemj.org\/it\/#organization","name":"Institut Europ\u00e9en des Musiques Juives","url":"https:\/\/www.iemj.org\/it\/","logo":{"@type":"ImageObject","inLanguage":"it-IT","@id":"https:\/\/www.iemj.org\/it\/#\/schema\/logo\/image\/","url":"https:\/\/www.iemj.org\/wp-content\/uploads\/2021\/09\/Logo-IEMJ-Paypal.jpg","contentUrl":"https:\/\/www.iemj.org\/wp-content\/uploads\/2021\/09\/Logo-IEMJ-Paypal.jpg","width":150,"height":50,"caption":"Institut Europ\u00e9en des Musiques Juives"},"image":{"@id":"https:\/\/www.iemj.org\/it\/#\/schema\/logo\/image\/"},"sameAs":["https:\/\/www.facebook.com\/MusiquesJuives\/","https:\/\/www.instagram.com\/musiquesjuives\/","https:\/\/www.youtube.com\/user\/musiquesjuives"]},{"@type":"Person","@id":"https:\/\/www.iemj.org\/it\/#\/schema\/person\/358e26c18aca017fcc4cc15437f7279c","name":"Jacqueline ROTEN","image":{"@type":"ImageObject","inLanguage":"it-IT","@id":"https:\/\/secure.gravatar.com\/avatar\/5964256d6c6957de3a3505278957e0fb2a35119ac47ea41827a65301213c810b?s=96&d=mm&r=g","url":"https:\/\/secure.gravatar.com\/avatar\/5964256d6c6957de3a3505278957e0fb2a35119ac47ea41827a65301213c810b?s=96&d=mm&r=g","contentUrl":"https:\/\/secure.gravatar.com\/avatar\/5964256d6c6957de3a3505278957e0fb2a35119ac47ea41827a65301213c810b?s=96&d=mm&r=g","caption":"Jacqueline ROTEN"}}]}},"_links":{"self":[{"href":"https:\/\/www.iemj.org\/it\/wp-json\/wp\/v2\/posts\/79296","targetHints":{"allow":["GET"]}}],"collection":[{"href":"https:\/\/www.iemj.org\/it\/wp-json\/wp\/v2\/posts"}],"about":[{"href":"https:\/\/www.iemj.org\/it\/wp-json\/wp\/v2\/types\/post"}],"author":[{"embeddable":true,"href":"https:\/\/www.iemj.org\/it\/wp-json\/wp\/v2\/users\/5"}],"replies":[{"embeddable":true,"href":"https:\/\/www.iemj.org\/it\/wp-json\/wp\/v2\/comments?post=79296"}],"version-history":[{"count":0,"href":"https:\/\/www.iemj.org\/it\/wp-json\/wp\/v2\/posts\/79296\/revisions"}],"wp:featuredmedia":[{"embeddable":true,"href":"https:\/\/www.iemj.org\/it\/wp-json\/wp\/v2\/media\/79297"}],"wp:attachment":[{"href":"https:\/\/www.iemj.org\/it\/wp-json\/wp\/v2\/media?parent=79296"}],"wp:term":[{"taxonomy":"category","embeddable":true,"href":"https:\/\/www.iemj.org\/it\/wp-json\/wp\/v2\/categories?post=79296"},{"taxonomy":"post_tag","embeddable":true,"href":"https:\/\/www.iemj.org\/it\/wp-json\/wp\/v2\/tags?post=79296"},{"taxonomy":"technique","embeddable":true,"href":"https:\/\/www.iemj.org\/it\/wp-json\/wp\/v2\/technique?post=79296"},{"taxonomy":"squelettes","embeddable":true,"href":"https:\/\/www.iemj.org\/it\/wp-json\/wp\/v2\/squelettes?post=79296"},{"taxonomy":"sujet","embeddable":true,"href":"https:\/\/www.iemj.org\/it\/wp-json\/wp\/v2\/sujet?post=79296"},{"taxonomy":"formation","embeddable":true,"href":"https:\/\/www.iemj.org\/it\/wp-json\/wp\/v2\/formation?post=79296"},{"taxonomy":"genre","embeddable":true,"href":"https:\/\/www.iemj.org\/it\/wp-json\/wp\/v2\/genre?post=79296"},{"taxonomy":"fonds","embeddable":true,"href":"https:\/\/www.iemj.org\/it\/wp-json\/wp\/v2\/fonds?post=79296"},{"taxonomy":"tradition","embeddable":true,"href":"https:\/\/www.iemj.org\/it\/wp-json\/wp\/v2\/tradition?post=79296"},{"taxonomy":"type-de-contenu","embeddable":true,"href":"https:\/\/www.iemj.org\/it\/wp-json\/wp\/v2\/type-de-contenu?post=79296"},{"taxonomy":"interprete-compositeur","embeddable":true,"href":"https:\/\/www.iemj.org\/it\/wp-json\/wp\/v2\/interprete-compositeur?post=79296"},{"taxonomy":"frise","embeddable":true,"href":"https:\/\/www.iemj.org\/it\/wp-json\/wp\/v2\/frise?post=79296"},{"taxonomy":"type-devenement","embeddable":true,"href":"https:\/\/www.iemj.org\/it\/wp-json\/wp\/v2\/type-devenement?post=79296"},{"taxonomy":"tableaux-liens-externes","embeddable":true,"href":"https:\/\/www.iemj.org\/it\/wp-json\/wp\/v2\/tableaux-liens-externes?post=79296"}],"curies":[{"name":"wp","href":"https:\/\/api.w.org\/{rel}","templated":true}]}}