{"id":79351,"date":"2022-02-01T10:16:29","date_gmt":"2022-02-01T09:16:29","guid":{"rendered":"https:\/\/www.iemj.org\/weinberg-jacob-1879-1956\/"},"modified":"2022-02-02T12:36:36","modified_gmt":"2022-02-02T11:36:36","slug":"weinberg-jacob-1879-1956","status":"publish","type":"post","link":"https:\/\/www.iemj.org\/it\/weinberg-jacob-1879-1956\/","title":{"rendered":"WEINBERG, JACOB (1879-1956)"},"content":{"rendered":"<p>Nato nel 1879 ad Odessa, Jacob Weinberg \u00e8 un pianista e compositore che ha scritto pi\u00f9 di 135 opere per pianoforte e altri strumenti. Proveniente da una famiglia ebrea russa perfettamente integrata, inizia la sua carriera all&#8217;et\u00e0 di diciassette anni come impiegato di banca. Ma si dimette rapidamente e parte studiare pianoforte e contrappunto al Conservatorio Imperiale di Mosca. Inizia allora a comporre le sue prime opere strumentali che suona nel corso di concerti a San Pietroburgo, Kiev e Odessa. Nel 1905 si reca a Parigi per partecipare al concorso pianistico Anton Rubinstein. Non vince il primo premio, ma la sua prestazione contribuisce a lanciare la sua carriera di pianista virtuoso.<\/p>\n<p>Nel 1910 incontra il compositore <a href=\"https:\/\/www.iemj.org\/it\/engel-joel-1868-1927\/\" target=\"_blank\" rel=\"noopener\">Joel Engel<\/a>, uno dei membri fondatori della Societ\u00e0 per la musica popolare ebraica, che gli fa condividere il suo entusiasmo per il folklore ebraico. &#8220;Ecco da dove viene il mio interesse per le cose ebraiche&#8221;, ha detto in seguito. \u201cMi sono interessato molto alla musica ebraica ed ho iniziato a raccogliere ed a studiare le canzoni popolari ebraiche. Una nuova prospettiva, grande e praticamente inesplorata, si apriva davanti a me. \u00bb<\/p>\n<p><img fetchpriority=\"high\" decoding=\"async\" class=\"alignnone  wp-image-79253 alignright\" src=\"https:\/\/www.iemj.org\/wp-content\/uploads\/2022\/02\/Jacob-Weinber_The-rabbis-dance-score-rogne-300x230.jpg\" alt=\"\" width=\"317\" height=\"243\" srcset=\"https:\/\/www.iemj.org\/wp-content\/uploads\/2022\/02\/Jacob-Weinber_The-rabbis-dance-score-rogne-300x230.jpg 300w, https:\/\/www.iemj.org\/wp-content\/uploads\/2022\/02\/Jacob-Weinber_The-rabbis-dance-score-rogne.jpg 530w\" sizes=\"(max-width: 317px) 100vw, 317px\" \/>Nel 1916 Weinberg torna ad Odessa per insegnare al Conservatorio Imperiale. Vi rimane fino al 1921, quando emigra in Palestina dove s\u2019impregna dei modi e delle melodie orientali che utilizza allora nelle sue composizioni <em>From Jewish Life<\/em> e <em>Jacob&#8217;s Dream<\/em>. Nel 1924 riprende la collaborazione con Joel Engel, appena arrivato da Berlino in Palestina. Ma nel 1926, in seguito al successo della sua opera ebraica <em>Hechalutz <\/em>(<em>I pionieri<\/em>), che vince il primo premio al concorso per il 150\u00b0 anniversario dell&#8217;indipendenza degli Stati Uniti, emigra a New York dove si impegna attivamente nella cerchia dell&#8217;intellighenzia ebraica come insegnante-ricercatore, compositore e direttore d&#8217;orchestra. Vi ritrova diversi compositori (Lazare Saminski, Joseph Achron, ecc.) della Societ\u00e0 per la musica popolare ebraica.<\/p>\n<p>Dal 1929 Weinberg insegna musica al New York College of Music, poi all&#8217;Hunter College. All&#8217;inizio degli anni &#8217;40 organizza una serie di festival annuali di arti ebraiche (musica e danza) a New York, che hanno molto successo. Partecipa anche al lancio di numerosi festival di musica ebraica in altre citt\u00e0 americane. Muore di una malattia polmonare a New York il 2 novembre 1956 all&#8217;et\u00e0 di 77 anni.<\/p>\n<p>Oltre a degli arrangiamenti liturgici individuali ed a due cantate bibliche, <em>Isaia<\/em> e <em>La vita di Mos\u00e8<\/em>, Weinberg ha scritto tre Servizi completi per lo Shabbat, in particolare per il tempio Emanu-el a Manhattan, di cui era uno dei compositori residenti.<\/p>\n<p><em>Biografia estratta dal libretto del <a href=\"https:\/\/www.iemj.org\/melodies-hebraiques-pour-violoncelle-et-piano-volume-2\/\" target=\"_blank\" rel=\"noopener\">CD M\u00e9lodies h\u00e9bra\u00efques- vol. 2, Collection Classiques vol. 7, Les Editions de l\u2019IEMJ,<\/a><\/em><a href=\"https:\/\/www.iemj.org\/melodies-hebraiques-pour-violoncelle-et-piano-volume-2\/\" target=\"_blank\" rel=\"noopener\"> 2021.<\/a> Fonti: <a href=\"https:\/\/www.milkenarchive.org\/artists\/view\/jacob-weinberg\/\" target=\"_blank\" rel=\"noreferrer noopener\">Neil W. Levin, Milken Archive<\/a><\/p>\n\n\n<p><a href=\"https:\/\/en.wikipedia.org\/wiki\/Jacob_Weinberg\" target=\"_blank\" rel=\"noreferrer noopener\">Ulteriori informazioni su Jacob Weinberg<\/a><\/p>\n\n\n\n<p><a href=\"http:\/\/www.rachelnet.net\/F\/?func=find-c&amp;ccl_term=WRD+%3D+Jacob+Weinberg&amp;local_base=iemcg\" target=\"_blank\" rel=\"noreferrer noopener\"><strong>Consultare i nostri archivi su Jacob Weinberg<\/strong><\/a><\/p>\n\n\n\n<p><a href=\"http:\/\/www.nigunim-laad.org\/index.php?lang=en&amp;article=notes&amp;searchfor=composer&amp;value=Jacob%20Weinberg\" target=\"_blank\" rel=\"noreferrer noopener\"><a href=\"http:\/\/www.nigunim-laad.org\/index.php?lang=en&amp;article=notes&amp;searchfor=composer&amp;value=Jacob%20Weinberg\" target=\"_blank\" rel=\"noreferrer noopener\">Ricercare altre registrazioni o partizioni di Jacob Weinberg<\/a><\/a><\/p>\n\n\n\n<figure class=\"wp-block-embed is-type-video is-provider-youtube wp-block-embed-youtube wp-embed-aspect-4-3 wp-has-aspect-ratio\"><div class=\"wp-block-embed__wrapper\">\n<iframe title=\"Canzonetta\" width=\"640\" height=\"480\" src=\"https:\/\/www.youtube.com\/embed\/ae9UfviJ2pI?feature=oembed\" frameborder=\"0\" allow=\"accelerometer; autoplay; clipboard-write; encrypted-media; gyroscope; picture-in-picture; web-share\" referrerpolicy=\"strict-origin-when-cross-origin\" allowfullscreen><\/iframe>\n<\/div><figcaption><strong>Ascoltate <em>Canzonetta <\/em>di Jacob Weinberg estratta dal nostro <a href=\"https:\/\/www.iemj.org\/melodies-hebraiques-pour-violoncelle-et-piano-volume-2\/\" target=\"_blank\" rel=\"noreferrer noopener\">CD M\u00e9lodies h\u00e9bra\u00efques pour violoncelle et piano, vol. 2<\/a><\/strong><\/figcaption><\/figure>\n\n\n\n<p><\/p>\n","protected":false},"excerpt":{"rendered":"<p>Nato nel 1879 ad Odessa, Jacob Weinberg \u00e8 un pianista e compositore che ha scritto pi\u00f9 di 135 opere per pianoforte e altri strumenti. Proveniente da una famiglia ebrea russa<\/p>\n","protected":false},"author":1045,"featured_media":79241,"comment_status":"closed","ping_status":"closed","sticky":false,"template":"","format":"standard","meta":{"_acf_changed":false,"footnotes":""},"categories":[1416],"tags":[],"technique":[],"squelettes":[],"sujet":[],"formation":[],"genre":[],"fonds":[],"tradition":[],"type-de-contenu":[],"interprete-compositeur":[],"frise":[],"type-devenement":[],"tableaux-liens-externes":[],"class_list":["post-79351","post","type-post","status-publish","format-standard","has-post-thumbnail","hentry","category-biografie-it"],"acf":[],"yoast_head":"<!-- This site is optimized with the Yoast SEO plugin v27.3 - https:\/\/yoast.com\/product\/yoast-seo-wordpress\/ -->\n<title>WEINBERG, JACOB (1879-1956) - Institut Europ\u00e9en des Musiques Juives<\/title>\n<meta name=\"robots\" content=\"index, follow, max-snippet:-1, max-image-preview:large, max-video-preview:-1\" \/>\n<link rel=\"canonical\" href=\"https:\/\/www.iemj.org\/it\/weinberg-jacob-1879-1956\/\" \/>\n<meta property=\"og:locale\" content=\"it_IT\" \/>\n<meta property=\"og:type\" content=\"article\" \/>\n<meta property=\"og:title\" content=\"WEINBERG, JACOB (1879-1956) - Institut Europ\u00e9en des Musiques Juives\" \/>\n<meta property=\"og:description\" content=\"Nato nel 1879 ad Odessa, Jacob Weinberg \u00e8 un pianista e compositore che ha scritto pi\u00f9 di 135 opere per pianoforte e altri strumenti. Proveniente da una famiglia ebrea russa\" \/>\n<meta property=\"og:url\" content=\"https:\/\/www.iemj.org\/it\/weinberg-jacob-1879-1956\/\" \/>\n<meta property=\"og:site_name\" content=\"Institut Europ\u00e9en des Musiques Juives\" \/>\n<meta property=\"article:publisher\" content=\"https:\/\/www.facebook.com\/MusiquesJuives\/\" \/>\n<meta property=\"article:published_time\" content=\"2022-02-01T09:16:29+00:00\" \/>\n<meta property=\"article:modified_time\" content=\"2022-02-02T11:36:36+00:00\" \/>\n<meta property=\"og:image\" content=\"https:\/\/www.iemj.org\/wp-content\/uploads\/2022\/02\/Jacob-Weinberg-Milken-Archives-e1643706278415.jpg\" \/>\n\t<meta property=\"og:image:width\" content=\"600\" \/>\n\t<meta property=\"og:image:height\" content=\"600\" \/>\n\t<meta property=\"og:image:type\" content=\"image\/jpeg\" \/>\n<meta name=\"author\" content=\"Herv\u00e9 Roten\" \/>\n<meta name=\"twitter:card\" content=\"summary_large_image\" \/>\n<meta name=\"twitter:label1\" content=\"Scritto da\" \/>\n\t<meta name=\"twitter:data1\" content=\"Herv\u00e9 Roten\" \/>\n\t<meta name=\"twitter:label2\" content=\"Tempo di lettura stimato\" \/>\n\t<meta name=\"twitter:data2\" content=\"3 minuti\" \/>\n<script type=\"application\/ld+json\" class=\"yoast-schema-graph\">{\"@context\":\"https:\\\/\\\/schema.org\",\"@graph\":[{\"@type\":\"Article\",\"@id\":\"https:\\\/\\\/www.iemj.org\\\/it\\\/weinberg-jacob-1879-1956\\\/#article\",\"isPartOf\":{\"@id\":\"https:\\\/\\\/www.iemj.org\\\/it\\\/weinberg-jacob-1879-1956\\\/\"},\"author\":{\"name\":\"Herv\u00e9 Roten\",\"@id\":\"https:\\\/\\\/www.iemj.org\\\/it\\\/#\\\/schema\\\/person\\\/906134402c29d5c76e7b726261dd4bbd\"},\"headline\":\"WEINBERG, JACOB (1879-1956)\",\"datePublished\":\"2022-02-01T09:16:29+00:00\",\"dateModified\":\"2022-02-02T11:36:36+00:00\",\"mainEntityOfPage\":{\"@id\":\"https:\\\/\\\/www.iemj.org\\\/it\\\/weinberg-jacob-1879-1956\\\/\"},\"wordCount\":479,\"publisher\":{\"@id\":\"https:\\\/\\\/www.iemj.org\\\/it\\\/#organization\"},\"image\":{\"@id\":\"https:\\\/\\\/www.iemj.org\\\/it\\\/weinberg-jacob-1879-1956\\\/#primaryimage\"},\"thumbnailUrl\":\"https:\\\/\\\/www.iemj.org\\\/wp-content\\\/uploads\\\/2022\\\/02\\\/Jacob-Weinberg-Milken-Archives-e1643706278415.jpg\",\"articleSection\":[\"Biografie\"],\"inLanguage\":\"it-IT\"},{\"@type\":\"WebPage\",\"@id\":\"https:\\\/\\\/www.iemj.org\\\/it\\\/weinberg-jacob-1879-1956\\\/\",\"url\":\"https:\\\/\\\/www.iemj.org\\\/it\\\/weinberg-jacob-1879-1956\\\/\",\"name\":\"WEINBERG, JACOB (1879-1956) - Institut Europ\u00e9en des Musiques Juives\",\"isPartOf\":{\"@id\":\"https:\\\/\\\/www.iemj.org\\\/it\\\/#website\"},\"primaryImageOfPage\":{\"@id\":\"https:\\\/\\\/www.iemj.org\\\/it\\\/weinberg-jacob-1879-1956\\\/#primaryimage\"},\"image\":{\"@id\":\"https:\\\/\\\/www.iemj.org\\\/it\\\/weinberg-jacob-1879-1956\\\/#primaryimage\"},\"thumbnailUrl\":\"https:\\\/\\\/www.iemj.org\\\/wp-content\\\/uploads\\\/2022\\\/02\\\/Jacob-Weinberg-Milken-Archives-e1643706278415.jpg\",\"datePublished\":\"2022-02-01T09:16:29+00:00\",\"dateModified\":\"2022-02-02T11:36:36+00:00\",\"breadcrumb\":{\"@id\":\"https:\\\/\\\/www.iemj.org\\\/it\\\/weinberg-jacob-1879-1956\\\/#breadcrumb\"},\"inLanguage\":\"it-IT\",\"potentialAction\":[{\"@type\":\"ReadAction\",\"target\":[\"https:\\\/\\\/www.iemj.org\\\/it\\\/weinberg-jacob-1879-1956\\\/\"]}]},{\"@type\":\"ImageObject\",\"inLanguage\":\"it-IT\",\"@id\":\"https:\\\/\\\/www.iemj.org\\\/it\\\/weinberg-jacob-1879-1956\\\/#primaryimage\",\"url\":\"https:\\\/\\\/www.iemj.org\\\/wp-content\\\/uploads\\\/2022\\\/02\\\/Jacob-Weinberg-Milken-Archives-e1643706278415.jpg\",\"contentUrl\":\"https:\\\/\\\/www.iemj.org\\\/wp-content\\\/uploads\\\/2022\\\/02\\\/Jacob-Weinberg-Milken-Archives-e1643706278415.jpg\",\"width\":600,\"height\":600},{\"@type\":\"BreadcrumbList\",\"@id\":\"https:\\\/\\\/www.iemj.org\\\/it\\\/weinberg-jacob-1879-1956\\\/#breadcrumb\",\"itemListElement\":[{\"@type\":\"ListItem\",\"position\":1,\"name\":\"Accueil\",\"item\":\"https:\\\/\\\/www.iemj.org\\\/it\\\/\"},{\"@type\":\"ListItem\",\"position\":2,\"name\":\"WEINBERG, JACOB (1879-1956)\"}]},{\"@type\":\"WebSite\",\"@id\":\"https:\\\/\\\/www.iemj.org\\\/it\\\/#website\",\"url\":\"https:\\\/\\\/www.iemj.org\\\/it\\\/\",\"name\":\"Institut Europ\u00e9en des Musiques Juives\",\"description\":\"Des traditions musicales \u00e0 la port\u00e9e de tous\",\"publisher\":{\"@id\":\"https:\\\/\\\/www.iemj.org\\\/it\\\/#organization\"},\"potentialAction\":[{\"@type\":\"SearchAction\",\"target\":{\"@type\":\"EntryPoint\",\"urlTemplate\":\"https:\\\/\\\/www.iemj.org\\\/it\\\/?s={search_term_string}\"},\"query-input\":{\"@type\":\"PropertyValueSpecification\",\"valueRequired\":true,\"valueName\":\"search_term_string\"}}],\"inLanguage\":\"it-IT\"},{\"@type\":\"Organization\",\"@id\":\"https:\\\/\\\/www.iemj.org\\\/it\\\/#organization\",\"name\":\"Institut Europ\u00e9en des Musiques Juives\",\"url\":\"https:\\\/\\\/www.iemj.org\\\/it\\\/\",\"logo\":{\"@type\":\"ImageObject\",\"inLanguage\":\"it-IT\",\"@id\":\"https:\\\/\\\/www.iemj.org\\\/it\\\/#\\\/schema\\\/logo\\\/image\\\/\",\"url\":\"https:\\\/\\\/www.iemj.org\\\/wp-content\\\/uploads\\\/2021\\\/09\\\/Logo-IEMJ-Paypal.jpg\",\"contentUrl\":\"https:\\\/\\\/www.iemj.org\\\/wp-content\\\/uploads\\\/2021\\\/09\\\/Logo-IEMJ-Paypal.jpg\",\"width\":150,\"height\":50,\"caption\":\"Institut Europ\u00e9en des Musiques Juives\"},\"image\":{\"@id\":\"https:\\\/\\\/www.iemj.org\\\/it\\\/#\\\/schema\\\/logo\\\/image\\\/\"},\"sameAs\":[\"https:\\\/\\\/www.facebook.com\\\/MusiquesJuives\\\/\",\"https:\\\/\\\/www.instagram.com\\\/musiquesjuives\\\/\",\"https:\\\/\\\/www.youtube.com\\\/user\\\/musiquesjuives\"]},{\"@type\":\"Person\",\"@id\":\"https:\\\/\\\/www.iemj.org\\\/it\\\/#\\\/schema\\\/person\\\/906134402c29d5c76e7b726261dd4bbd\",\"name\":\"Herv\u00e9 Roten\",\"image\":{\"@type\":\"ImageObject\",\"inLanguage\":\"it-IT\",\"@id\":\"https:\\\/\\\/secure.gravatar.com\\\/avatar\\\/f96ad2db538a26481f18384936b5cd0610c92d390c4dc382209216d455f685ff?s=96&d=mm&r=g\",\"url\":\"https:\\\/\\\/secure.gravatar.com\\\/avatar\\\/f96ad2db538a26481f18384936b5cd0610c92d390c4dc382209216d455f685ff?s=96&d=mm&r=g\",\"contentUrl\":\"https:\\\/\\\/secure.gravatar.com\\\/avatar\\\/f96ad2db538a26481f18384936b5cd0610c92d390c4dc382209216d455f685ff?s=96&d=mm&r=g\",\"caption\":\"Herv\u00e9 Roten\"}}]}<\/script>\n<!-- \/ Yoast SEO plugin. -->","yoast_head_json":{"title":"WEINBERG, JACOB (1879-1956) - Institut Europ\u00e9en des Musiques Juives","robots":{"index":"index","follow":"follow","max-snippet":"max-snippet:-1","max-image-preview":"max-image-preview:large","max-video-preview":"max-video-preview:-1"},"canonical":"https:\/\/www.iemj.org\/it\/weinberg-jacob-1879-1956\/","og_locale":"it_IT","og_type":"article","og_title":"WEINBERG, JACOB (1879-1956) - Institut Europ\u00e9en des Musiques Juives","og_description":"Nato nel 1879 ad Odessa, Jacob Weinberg \u00e8 un pianista e compositore che ha scritto pi\u00f9 di 135 opere per pianoforte e altri strumenti. Proveniente da una famiglia ebrea russa","og_url":"https:\/\/www.iemj.org\/it\/weinberg-jacob-1879-1956\/","og_site_name":"Institut Europ\u00e9en des Musiques Juives","article_publisher":"https:\/\/www.facebook.com\/MusiquesJuives\/","article_published_time":"2022-02-01T09:16:29+00:00","article_modified_time":"2022-02-02T11:36:36+00:00","og_image":[{"width":600,"height":600,"url":"https:\/\/www.iemj.org\/wp-content\/uploads\/2022\/02\/Jacob-Weinberg-Milken-Archives-e1643706278415.jpg","type":"image\/jpeg"}],"author":"Herv\u00e9 Roten","twitter_card":"summary_large_image","twitter_misc":{"Scritto da":"Herv\u00e9 Roten","Tempo di lettura stimato":"3 minuti"},"schema":{"@context":"https:\/\/schema.org","@graph":[{"@type":"Article","@id":"https:\/\/www.iemj.org\/it\/weinberg-jacob-1879-1956\/#article","isPartOf":{"@id":"https:\/\/www.iemj.org\/it\/weinberg-jacob-1879-1956\/"},"author":{"name":"Herv\u00e9 Roten","@id":"https:\/\/www.iemj.org\/it\/#\/schema\/person\/906134402c29d5c76e7b726261dd4bbd"},"headline":"WEINBERG, JACOB (1879-1956)","datePublished":"2022-02-01T09:16:29+00:00","dateModified":"2022-02-02T11:36:36+00:00","mainEntityOfPage":{"@id":"https:\/\/www.iemj.org\/it\/weinberg-jacob-1879-1956\/"},"wordCount":479,"publisher":{"@id":"https:\/\/www.iemj.org\/it\/#organization"},"image":{"@id":"https:\/\/www.iemj.org\/it\/weinberg-jacob-1879-1956\/#primaryimage"},"thumbnailUrl":"https:\/\/www.iemj.org\/wp-content\/uploads\/2022\/02\/Jacob-Weinberg-Milken-Archives-e1643706278415.jpg","articleSection":["Biografie"],"inLanguage":"it-IT"},{"@type":"WebPage","@id":"https:\/\/www.iemj.org\/it\/weinberg-jacob-1879-1956\/","url":"https:\/\/www.iemj.org\/it\/weinberg-jacob-1879-1956\/","name":"WEINBERG, JACOB (1879-1956) - Institut Europ\u00e9en des Musiques Juives","isPartOf":{"@id":"https:\/\/www.iemj.org\/it\/#website"},"primaryImageOfPage":{"@id":"https:\/\/www.iemj.org\/it\/weinberg-jacob-1879-1956\/#primaryimage"},"image":{"@id":"https:\/\/www.iemj.org\/it\/weinberg-jacob-1879-1956\/#primaryimage"},"thumbnailUrl":"https:\/\/www.iemj.org\/wp-content\/uploads\/2022\/02\/Jacob-Weinberg-Milken-Archives-e1643706278415.jpg","datePublished":"2022-02-01T09:16:29+00:00","dateModified":"2022-02-02T11:36:36+00:00","breadcrumb":{"@id":"https:\/\/www.iemj.org\/it\/weinberg-jacob-1879-1956\/#breadcrumb"},"inLanguage":"it-IT","potentialAction":[{"@type":"ReadAction","target":["https:\/\/www.iemj.org\/it\/weinberg-jacob-1879-1956\/"]}]},{"@type":"ImageObject","inLanguage":"it-IT","@id":"https:\/\/www.iemj.org\/it\/weinberg-jacob-1879-1956\/#primaryimage","url":"https:\/\/www.iemj.org\/wp-content\/uploads\/2022\/02\/Jacob-Weinberg-Milken-Archives-e1643706278415.jpg","contentUrl":"https:\/\/www.iemj.org\/wp-content\/uploads\/2022\/02\/Jacob-Weinberg-Milken-Archives-e1643706278415.jpg","width":600,"height":600},{"@type":"BreadcrumbList","@id":"https:\/\/www.iemj.org\/it\/weinberg-jacob-1879-1956\/#breadcrumb","itemListElement":[{"@type":"ListItem","position":1,"name":"Accueil","item":"https:\/\/www.iemj.org\/it\/"},{"@type":"ListItem","position":2,"name":"WEINBERG, JACOB (1879-1956)"}]},{"@type":"WebSite","@id":"https:\/\/www.iemj.org\/it\/#website","url":"https:\/\/www.iemj.org\/it\/","name":"Institut Europ\u00e9en des Musiques Juives","description":"Des traditions musicales \u00e0 la port\u00e9e de tous","publisher":{"@id":"https:\/\/www.iemj.org\/it\/#organization"},"potentialAction":[{"@type":"SearchAction","target":{"@type":"EntryPoint","urlTemplate":"https:\/\/www.iemj.org\/it\/?s={search_term_string}"},"query-input":{"@type":"PropertyValueSpecification","valueRequired":true,"valueName":"search_term_string"}}],"inLanguage":"it-IT"},{"@type":"Organization","@id":"https:\/\/www.iemj.org\/it\/#organization","name":"Institut Europ\u00e9en des Musiques Juives","url":"https:\/\/www.iemj.org\/it\/","logo":{"@type":"ImageObject","inLanguage":"it-IT","@id":"https:\/\/www.iemj.org\/it\/#\/schema\/logo\/image\/","url":"https:\/\/www.iemj.org\/wp-content\/uploads\/2021\/09\/Logo-IEMJ-Paypal.jpg","contentUrl":"https:\/\/www.iemj.org\/wp-content\/uploads\/2021\/09\/Logo-IEMJ-Paypal.jpg","width":150,"height":50,"caption":"Institut Europ\u00e9en des Musiques Juives"},"image":{"@id":"https:\/\/www.iemj.org\/it\/#\/schema\/logo\/image\/"},"sameAs":["https:\/\/www.facebook.com\/MusiquesJuives\/","https:\/\/www.instagram.com\/musiquesjuives\/","https:\/\/www.youtube.com\/user\/musiquesjuives"]},{"@type":"Person","@id":"https:\/\/www.iemj.org\/it\/#\/schema\/person\/906134402c29d5c76e7b726261dd4bbd","name":"Herv\u00e9 Roten","image":{"@type":"ImageObject","inLanguage":"it-IT","@id":"https:\/\/secure.gravatar.com\/avatar\/f96ad2db538a26481f18384936b5cd0610c92d390c4dc382209216d455f685ff?s=96&d=mm&r=g","url":"https:\/\/secure.gravatar.com\/avatar\/f96ad2db538a26481f18384936b5cd0610c92d390c4dc382209216d455f685ff?s=96&d=mm&r=g","contentUrl":"https:\/\/secure.gravatar.com\/avatar\/f96ad2db538a26481f18384936b5cd0610c92d390c4dc382209216d455f685ff?s=96&d=mm&r=g","caption":"Herv\u00e9 Roten"}}]}},"_links":{"self":[{"href":"https:\/\/www.iemj.org\/it\/wp-json\/wp\/v2\/posts\/79351","targetHints":{"allow":["GET"]}}],"collection":[{"href":"https:\/\/www.iemj.org\/it\/wp-json\/wp\/v2\/posts"}],"about":[{"href":"https:\/\/www.iemj.org\/it\/wp-json\/wp\/v2\/types\/post"}],"author":[{"embeddable":true,"href":"https:\/\/www.iemj.org\/it\/wp-json\/wp\/v2\/users\/1045"}],"replies":[{"embeddable":true,"href":"https:\/\/www.iemj.org\/it\/wp-json\/wp\/v2\/comments?post=79351"}],"version-history":[{"count":0,"href":"https:\/\/www.iemj.org\/it\/wp-json\/wp\/v2\/posts\/79351\/revisions"}],"wp:featuredmedia":[{"embeddable":true,"href":"https:\/\/www.iemj.org\/it\/wp-json\/wp\/v2\/media\/79241"}],"wp:attachment":[{"href":"https:\/\/www.iemj.org\/it\/wp-json\/wp\/v2\/media?parent=79351"}],"wp:term":[{"taxonomy":"category","embeddable":true,"href":"https:\/\/www.iemj.org\/it\/wp-json\/wp\/v2\/categories?post=79351"},{"taxonomy":"post_tag","embeddable":true,"href":"https:\/\/www.iemj.org\/it\/wp-json\/wp\/v2\/tags?post=79351"},{"taxonomy":"technique","embeddable":true,"href":"https:\/\/www.iemj.org\/it\/wp-json\/wp\/v2\/technique?post=79351"},{"taxonomy":"squelettes","embeddable":true,"href":"https:\/\/www.iemj.org\/it\/wp-json\/wp\/v2\/squelettes?post=79351"},{"taxonomy":"sujet","embeddable":true,"href":"https:\/\/www.iemj.org\/it\/wp-json\/wp\/v2\/sujet?post=79351"},{"taxonomy":"formation","embeddable":true,"href":"https:\/\/www.iemj.org\/it\/wp-json\/wp\/v2\/formation?post=79351"},{"taxonomy":"genre","embeddable":true,"href":"https:\/\/www.iemj.org\/it\/wp-json\/wp\/v2\/genre?post=79351"},{"taxonomy":"fonds","embeddable":true,"href":"https:\/\/www.iemj.org\/it\/wp-json\/wp\/v2\/fonds?post=79351"},{"taxonomy":"tradition","embeddable":true,"href":"https:\/\/www.iemj.org\/it\/wp-json\/wp\/v2\/tradition?post=79351"},{"taxonomy":"type-de-contenu","embeddable":true,"href":"https:\/\/www.iemj.org\/it\/wp-json\/wp\/v2\/type-de-contenu?post=79351"},{"taxonomy":"interprete-compositeur","embeddable":true,"href":"https:\/\/www.iemj.org\/it\/wp-json\/wp\/v2\/interprete-compositeur?post=79351"},{"taxonomy":"frise","embeddable":true,"href":"https:\/\/www.iemj.org\/it\/wp-json\/wp\/v2\/frise?post=79351"},{"taxonomy":"type-devenement","embeddable":true,"href":"https:\/\/www.iemj.org\/it\/wp-json\/wp\/v2\/type-devenement?post=79351"},{"taxonomy":"tableaux-liens-externes","embeddable":true,"href":"https:\/\/www.iemj.org\/it\/wp-json\/wp\/v2\/tableaux-liens-externes?post=79351"}],"curies":[{"name":"wp","href":"https:\/\/api.w.org\/{rel}","templated":true}]}}