{"id":79412,"date":"2019-05-14T16:45:28","date_gmt":"2019-05-14T14:45:28","guid":{"rendered":"https:\/\/www.iemj.org\/bloch-ernest-1880-1959\/"},"modified":"2022-02-02T10:49:23","modified_gmt":"2022-02-02T09:49:23","slug":"bloch-ernest-1880-1959","status":"publish","type":"post","link":"https:\/\/www.iemj.org\/it\/bloch-ernest-1880-1959\/","title":{"rendered":"Bloch, Ernest (1880-1959)"},"content":{"rendered":"<p>Nato a Ginevra il 24 luglio 1880 e morto il 15 luglio 1959 a Portland (Stati Uniti), Ernest Bloch \u00e8 un compositore, violinista, direttore d&#8217;orchestra e pedagogo svizzero naturalizzato americano, la cui opera \u00e8 profondamente segnata dalla sua identit\u00e0 ebraica.<\/p>\n<p>Come osserva Gil Pressnitzer nella recensione <a href=\"https:\/\/www.espritsnomades.net\/musiques\/ernest-bloch-une-voix-du-fond-des-temps\/\" target=\"_blank\" rel=\"noopener\">Esprits Nomades<\/a>, \u00ab Bloch non ha mai avuto la prestesa di imitare il vocabolario della musica ebraica riprendendone il folklore e le sue forme, ha voluto riscoprire lo spirito biblico e magnificare la storia del popolo ebraico attraverso la sua musica originale \u00bb. Bloch diceva del suo lavoro: \u00ab Non \u00e8 mia intenzione n\u00e9 mio desiderio di lavorare al restauro della musica ebraica. Non voglio basare la mia musica su melodie pi\u00f9 o meno autentiche. Non sono un archeologo. Credo che la cosa pi\u00f9 importante sia quella di scrivere della musica sincera e buona, la mia. Quello che veramente mi interessa \u00e8 lo spirito ebraico. Quest&#8217;anima complessa, ardente, inquieta che la Bibbia fa vibrare in me. Il vigore dei Patriarchi, la violenza del Libro dei Profeti, l&#8217;amore ardente della giustizia, il dolore e la grandezza del Libro di Giobbe, la sensualit\u00e0 del Cantico dei Cantici. Tutto ci\u00f2 \u00e8 in noi, tutto ci\u00f2 \u00e8 in me ed \u00e8 la parte migliore di me-stesso. \u00bb<\/p>\n<p><img fetchpriority=\"high\" decoding=\"async\" class=\"wp-image-23902 alignright\" src=\"https:\/\/www.iemj.org\/wp-content\/uploads\/2019\/05\/doc_1_bloch.jpg\" alt=\"doc_1_bloch.jpg\" width=\"439\" height=\"322\" align=\"middle\" srcset=\"https:\/\/www.iemj.org\/wp-content\/uploads\/2019\/05\/doc_1_bloch.jpg 500w, https:\/\/www.iemj.org\/wp-content\/uploads\/2019\/05\/doc_1_bloch-300x220.jpg 300w\" sizes=\"(max-width: 439px) 100vw, 439px\" \/>Nonostante una vita difficile, Bloch \u00e8 stato un compositore estremamente creativo. La sua \u00ab\u00a0opera ebraica\u00a0\u00bb abbraccia diversi periodi: dal 1912 al 1916 scrive in particolare <em>Tre poemi ebraici<\/em> (1913), <em>Tre salmi<\/em> (1912-1914), una Sinfonia <em>Israel <\/em>(1912-1916), <em>Schelomo, Rapsodia ebraica<\/em> per violoncello e orchestra ( 1916). Tra il 1923 e il 1933 compone <em>Baal Shem<\/em> (1923), <em>Tre immagini della vita chassidica<\/em> (1923), <em>Meditazione ebraica<\/em> per violoncello e pianoforte (1924<em>), From Jewish life<\/em> per violoncello e pianoforte (1924), <em>Abodah<\/em> per violino e pianoforte (1928), <em>Sacro Servizio<\/em> per baritono, coro misto e orchestra (1933). Infine, negli anni Cinquanta pubblica <em>Sei Preludi per la Sinagoga<\/em> (1946-1950), una <em>Suite Ebraica<\/em> per viola o violino e pianoforte (1951), una <em>Meditazione e Processione<\/em> per viola e pianoforte (1951) e <em>Cinque Pezzi Ebraici<\/em> (1951).<\/p>\n<p><em>*Biografia tratta dal libretto del CD <a href=\"https:\/\/www.iemj.org\/it\/melodies-hebraiques-pour-violoncelle-et-piano\/\" target=\"_blank\" rel=\"noopener\">Melodie h\u00e9braiche, vol. 1<\/a>, et <a href=\"https:\/\/www.iemj.org\/it\/melodies-hebraiques-pour-violoncelle-et-piano-volume-2\/\" target=\"_blank\" rel=\"noopener\">Melodie h\u00e9braiche, vol. 2<\/a>, Collezione Classici, Le Edizioni IEMJ, 2016 e 2021<\/em><\/p>\n<p><a href=\"https:\/\/www.musicologie.org\/Biographies\/b\/bloch_ernest.html\" target=\"_blank\" rel=\"noopener\">Ulteriori informazioni sul compositore<\/a><\/p>\n<p><a href=\"http:\/\/www.rachelnet.net\/F\/?func=find-c&amp;ccl_term=WRD+%3D+Ernest+Bloch&amp;local_base=iemcg\" target=\"_blank\" rel=\"noopener\"><strong>Consultare i nostri archivi su Ernest Bloch<\/strong><\/a><\/p>\n\n\n<figure class=\"wp-block-embed is-type-video is-provider-youtube wp-block-embed-youtube wp-embed-aspect-4-3 wp-has-aspect-ratio\"><div class=\"wp-block-embed__wrapper\">\n<iframe title=\"M\u00e9ditation h\u00e9bra\u00efque\" width=\"640\" height=\"480\" src=\"https:\/\/www.youtube.com\/embed\/6aRPQqMqxgk?feature=oembed\" frameborder=\"0\" allow=\"accelerometer; autoplay; clipboard-write; encrypted-media; gyroscope; picture-in-picture; web-share\" referrerpolicy=\"strict-origin-when-cross-origin\" allowfullscreen><\/iframe>\n<\/div><figcaption><strong>Ascoltate <em>Meditazione ebraica<\/em> di Ernest Bloch dal nostro <\/strong><a href=\"https:\/\/www.iemj.org\/it\/melodies-hebraiques-pour-violoncelle-et-piano-volume-2\/\" target=\"_blank\" rel=\"noreferrer noopener\"><strong>CD Melodie ebraiche per violoncello e piano, vol. 2 <\/strong><\/a><\/figcaption><\/figure>\n","protected":false},"excerpt":{"rendered":"<p>Nato a Ginevra il 24 luglio 1880 e morto il 15 luglio 1959 a Portland (Stati Uniti), Ernest Bloch \u00e8 un compositore, violinista, direttore d&#8217;orchestra e pedagogo svizzero naturalizzato americano,<\/p>\n","protected":false},"author":1052,"featured_media":51504,"comment_status":"closed","ping_status":"open","sticky":false,"template":"","format":"standard","meta":{"_acf_changed":false,"footnotes":""},"categories":[1416],"tags":[],"technique":[],"squelettes":[],"sujet":[],"formation":[],"genre":[],"fonds":[],"tradition":[],"type-de-contenu":[],"interprete-compositeur":[3144],"frise":[],"type-devenement":[],"tableaux-liens-externes":[],"class_list":["post-79412","post","type-post","status-publish","format-standard","has-post-thumbnail","hentry","category-biografie-it","interprete-compositeur-ernest-bloch-it"],"acf":[],"yoast_head":"<!-- This site is optimized with the Yoast SEO plugin v27.3 - https:\/\/yoast.com\/product\/yoast-seo-wordpress\/ -->\n<title>Bloch, Ernest (1880-1959) - Institut Europ\u00e9en des Musiques Juives<\/title>\n<meta name=\"robots\" content=\"index, follow, max-snippet:-1, max-image-preview:large, max-video-preview:-1\" \/>\n<link rel=\"canonical\" href=\"https:\/\/www.iemj.org\/it\/bloch-ernest-1880-1959\/\" \/>\n<meta property=\"og:locale\" content=\"it_IT\" \/>\n<meta property=\"og:type\" content=\"article\" \/>\n<meta property=\"og:title\" content=\"Bloch, Ernest (1880-1959) - Institut Europ\u00e9en des Musiques Juives\" \/>\n<meta property=\"og:description\" content=\"Nato a Ginevra il 24 luglio 1880 e morto il 15 luglio 1959 a Portland (Stati Uniti), Ernest Bloch \u00e8 un compositore, violinista, direttore d&#8217;orchestra e pedagogo svizzero naturalizzato americano,\" \/>\n<meta property=\"og:url\" content=\"https:\/\/www.iemj.org\/it\/bloch-ernest-1880-1959\/\" \/>\n<meta property=\"og:site_name\" content=\"Institut Europ\u00e9en des Musiques Juives\" \/>\n<meta property=\"article:publisher\" content=\"https:\/\/www.facebook.com\/MusiquesJuives\/\" \/>\n<meta property=\"article:published_time\" content=\"2019-05-14T14:45:28+00:00\" \/>\n<meta property=\"article:modified_time\" content=\"2022-02-02T09:49:23+00:00\" \/>\n<meta property=\"og:image\" content=\"https:\/\/www.iemj.org\/wp-content\/uploads\/2019\/05\/arton4150-e1624969070841.jpg\" \/>\n\t<meta property=\"og:image:width\" content=\"218\" \/>\n\t<meta property=\"og:image:height\" content=\"218\" \/>\n\t<meta property=\"og:image:type\" content=\"image\/jpeg\" \/>\n<meta name=\"author\" content=\"Lea Couderc\" \/>\n<meta name=\"twitter:card\" content=\"summary_large_image\" \/>\n<meta name=\"twitter:label1\" content=\"Scritto da\" \/>\n\t<meta name=\"twitter:data1\" content=\"Lea Couderc\" \/>\n\t<meta name=\"twitter:label2\" content=\"Tempo di lettura stimato\" \/>\n\t<meta name=\"twitter:data2\" content=\"3 minuti\" \/>\n<script type=\"application\/ld+json\" class=\"yoast-schema-graph\">{\"@context\":\"https:\\\/\\\/schema.org\",\"@graph\":[{\"@type\":\"Article\",\"@id\":\"https:\\\/\\\/www.iemj.org\\\/it\\\/bloch-ernest-1880-1959\\\/#article\",\"isPartOf\":{\"@id\":\"https:\\\/\\\/www.iemj.org\\\/it\\\/bloch-ernest-1880-1959\\\/\"},\"author\":{\"name\":\"Lea Couderc\",\"@id\":\"https:\\\/\\\/www.iemj.org\\\/it\\\/#\\\/schema\\\/person\\\/e2ad57f2c4be119c7ed8ab79036807a9\"},\"headline\":\"Bloch, Ernest (1880-1959)\",\"datePublished\":\"2019-05-14T14:45:28+00:00\",\"dateModified\":\"2022-02-02T09:49:23+00:00\",\"mainEntityOfPage\":{\"@id\":\"https:\\\/\\\/www.iemj.org\\\/it\\\/bloch-ernest-1880-1959\\\/\"},\"wordCount\":361,\"publisher\":{\"@id\":\"https:\\\/\\\/www.iemj.org\\\/it\\\/#organization\"},\"image\":{\"@id\":\"https:\\\/\\\/www.iemj.org\\\/it\\\/bloch-ernest-1880-1959\\\/#primaryimage\"},\"thumbnailUrl\":\"https:\\\/\\\/www.iemj.org\\\/wp-content\\\/uploads\\\/2019\\\/05\\\/arton4150-e1624969070841.jpg\",\"articleSection\":[\"Biografie\"],\"inLanguage\":\"it-IT\"},{\"@type\":\"WebPage\",\"@id\":\"https:\\\/\\\/www.iemj.org\\\/it\\\/bloch-ernest-1880-1959\\\/\",\"url\":\"https:\\\/\\\/www.iemj.org\\\/it\\\/bloch-ernest-1880-1959\\\/\",\"name\":\"Bloch, Ernest (1880-1959) - Institut Europ\u00e9en des Musiques Juives\",\"isPartOf\":{\"@id\":\"https:\\\/\\\/www.iemj.org\\\/it\\\/#website\"},\"primaryImageOfPage\":{\"@id\":\"https:\\\/\\\/www.iemj.org\\\/it\\\/bloch-ernest-1880-1959\\\/#primaryimage\"},\"image\":{\"@id\":\"https:\\\/\\\/www.iemj.org\\\/it\\\/bloch-ernest-1880-1959\\\/#primaryimage\"},\"thumbnailUrl\":\"https:\\\/\\\/www.iemj.org\\\/wp-content\\\/uploads\\\/2019\\\/05\\\/arton4150-e1624969070841.jpg\",\"datePublished\":\"2019-05-14T14:45:28+00:00\",\"dateModified\":\"2022-02-02T09:49:23+00:00\",\"breadcrumb\":{\"@id\":\"https:\\\/\\\/www.iemj.org\\\/it\\\/bloch-ernest-1880-1959\\\/#breadcrumb\"},\"inLanguage\":\"it-IT\",\"potentialAction\":[{\"@type\":\"ReadAction\",\"target\":[\"https:\\\/\\\/www.iemj.org\\\/it\\\/bloch-ernest-1880-1959\\\/\"]}]},{\"@type\":\"ImageObject\",\"inLanguage\":\"it-IT\",\"@id\":\"https:\\\/\\\/www.iemj.org\\\/it\\\/bloch-ernest-1880-1959\\\/#primaryimage\",\"url\":\"https:\\\/\\\/www.iemj.org\\\/wp-content\\\/uploads\\\/2019\\\/05\\\/arton4150-e1624969070841.jpg\",\"contentUrl\":\"https:\\\/\\\/www.iemj.org\\\/wp-content\\\/uploads\\\/2019\\\/05\\\/arton4150-e1624969070841.jpg\",\"width\":218,\"height\":218},{\"@type\":\"BreadcrumbList\",\"@id\":\"https:\\\/\\\/www.iemj.org\\\/it\\\/bloch-ernest-1880-1959\\\/#breadcrumb\",\"itemListElement\":[{\"@type\":\"ListItem\",\"position\":1,\"name\":\"Accueil\",\"item\":\"https:\\\/\\\/www.iemj.org\\\/it\\\/\"},{\"@type\":\"ListItem\",\"position\":2,\"name\":\"Bloch, Ernest (1880-1959)\"}]},{\"@type\":\"WebSite\",\"@id\":\"https:\\\/\\\/www.iemj.org\\\/it\\\/#website\",\"url\":\"https:\\\/\\\/www.iemj.org\\\/it\\\/\",\"name\":\"Institut Europ\u00e9en des Musiques Juives\",\"description\":\"Des traditions musicales \u00e0 la port\u00e9e de tous\",\"publisher\":{\"@id\":\"https:\\\/\\\/www.iemj.org\\\/it\\\/#organization\"},\"potentialAction\":[{\"@type\":\"SearchAction\",\"target\":{\"@type\":\"EntryPoint\",\"urlTemplate\":\"https:\\\/\\\/www.iemj.org\\\/it\\\/?s={search_term_string}\"},\"query-input\":{\"@type\":\"PropertyValueSpecification\",\"valueRequired\":true,\"valueName\":\"search_term_string\"}}],\"inLanguage\":\"it-IT\"},{\"@type\":\"Organization\",\"@id\":\"https:\\\/\\\/www.iemj.org\\\/it\\\/#organization\",\"name\":\"Institut Europ\u00e9en des Musiques Juives\",\"url\":\"https:\\\/\\\/www.iemj.org\\\/it\\\/\",\"logo\":{\"@type\":\"ImageObject\",\"inLanguage\":\"it-IT\",\"@id\":\"https:\\\/\\\/www.iemj.org\\\/it\\\/#\\\/schema\\\/logo\\\/image\\\/\",\"url\":\"https:\\\/\\\/www.iemj.org\\\/wp-content\\\/uploads\\\/2021\\\/09\\\/Logo-IEMJ-Paypal.jpg\",\"contentUrl\":\"https:\\\/\\\/www.iemj.org\\\/wp-content\\\/uploads\\\/2021\\\/09\\\/Logo-IEMJ-Paypal.jpg\",\"width\":150,\"height\":50,\"caption\":\"Institut Europ\u00e9en des Musiques Juives\"},\"image\":{\"@id\":\"https:\\\/\\\/www.iemj.org\\\/it\\\/#\\\/schema\\\/logo\\\/image\\\/\"},\"sameAs\":[\"https:\\\/\\\/www.facebook.com\\\/MusiquesJuives\\\/\",\"https:\\\/\\\/www.instagram.com\\\/musiquesjuives\\\/\",\"https:\\\/\\\/www.youtube.com\\\/user\\\/musiquesjuives\"]},{\"@type\":\"Person\",\"@id\":\"https:\\\/\\\/www.iemj.org\\\/it\\\/#\\\/schema\\\/person\\\/e2ad57f2c4be119c7ed8ab79036807a9\",\"name\":\"Lea Couderc\",\"image\":{\"@type\":\"ImageObject\",\"inLanguage\":\"it-IT\",\"@id\":\"https:\\\/\\\/secure.gravatar.com\\\/avatar\\\/46ee021475d60aeff17a7e490b79dea5a5684bb392ab7fd1494027411df8ba23?s=96&d=mm&r=g\",\"url\":\"https:\\\/\\\/secure.gravatar.com\\\/avatar\\\/46ee021475d60aeff17a7e490b79dea5a5684bb392ab7fd1494027411df8ba23?s=96&d=mm&r=g\",\"contentUrl\":\"https:\\\/\\\/secure.gravatar.com\\\/avatar\\\/46ee021475d60aeff17a7e490b79dea5a5684bb392ab7fd1494027411df8ba23?s=96&d=mm&r=g\",\"caption\":\"Lea Couderc\"}}]}<\/script>\n<!-- \/ Yoast SEO plugin. -->","yoast_head_json":{"title":"Bloch, Ernest (1880-1959) - Institut Europ\u00e9en des Musiques Juives","robots":{"index":"index","follow":"follow","max-snippet":"max-snippet:-1","max-image-preview":"max-image-preview:large","max-video-preview":"max-video-preview:-1"},"canonical":"https:\/\/www.iemj.org\/it\/bloch-ernest-1880-1959\/","og_locale":"it_IT","og_type":"article","og_title":"Bloch, Ernest (1880-1959) - Institut Europ\u00e9en des Musiques Juives","og_description":"Nato a Ginevra il 24 luglio 1880 e morto il 15 luglio 1959 a Portland (Stati Uniti), Ernest Bloch \u00e8 un compositore, violinista, direttore d&#8217;orchestra e pedagogo svizzero naturalizzato americano,","og_url":"https:\/\/www.iemj.org\/it\/bloch-ernest-1880-1959\/","og_site_name":"Institut Europ\u00e9en des Musiques Juives","article_publisher":"https:\/\/www.facebook.com\/MusiquesJuives\/","article_published_time":"2019-05-14T14:45:28+00:00","article_modified_time":"2022-02-02T09:49:23+00:00","og_image":[{"width":218,"height":218,"url":"https:\/\/www.iemj.org\/wp-content\/uploads\/2019\/05\/arton4150-e1624969070841.jpg","type":"image\/jpeg"}],"author":"Lea Couderc","twitter_card":"summary_large_image","twitter_misc":{"Scritto da":"Lea Couderc","Tempo di lettura stimato":"3 minuti"},"schema":{"@context":"https:\/\/schema.org","@graph":[{"@type":"Article","@id":"https:\/\/www.iemj.org\/it\/bloch-ernest-1880-1959\/#article","isPartOf":{"@id":"https:\/\/www.iemj.org\/it\/bloch-ernest-1880-1959\/"},"author":{"name":"Lea Couderc","@id":"https:\/\/www.iemj.org\/it\/#\/schema\/person\/e2ad57f2c4be119c7ed8ab79036807a9"},"headline":"Bloch, Ernest (1880-1959)","datePublished":"2019-05-14T14:45:28+00:00","dateModified":"2022-02-02T09:49:23+00:00","mainEntityOfPage":{"@id":"https:\/\/www.iemj.org\/it\/bloch-ernest-1880-1959\/"},"wordCount":361,"publisher":{"@id":"https:\/\/www.iemj.org\/it\/#organization"},"image":{"@id":"https:\/\/www.iemj.org\/it\/bloch-ernest-1880-1959\/#primaryimage"},"thumbnailUrl":"https:\/\/www.iemj.org\/wp-content\/uploads\/2019\/05\/arton4150-e1624969070841.jpg","articleSection":["Biografie"],"inLanguage":"it-IT"},{"@type":"WebPage","@id":"https:\/\/www.iemj.org\/it\/bloch-ernest-1880-1959\/","url":"https:\/\/www.iemj.org\/it\/bloch-ernest-1880-1959\/","name":"Bloch, Ernest (1880-1959) - Institut Europ\u00e9en des Musiques Juives","isPartOf":{"@id":"https:\/\/www.iemj.org\/it\/#website"},"primaryImageOfPage":{"@id":"https:\/\/www.iemj.org\/it\/bloch-ernest-1880-1959\/#primaryimage"},"image":{"@id":"https:\/\/www.iemj.org\/it\/bloch-ernest-1880-1959\/#primaryimage"},"thumbnailUrl":"https:\/\/www.iemj.org\/wp-content\/uploads\/2019\/05\/arton4150-e1624969070841.jpg","datePublished":"2019-05-14T14:45:28+00:00","dateModified":"2022-02-02T09:49:23+00:00","breadcrumb":{"@id":"https:\/\/www.iemj.org\/it\/bloch-ernest-1880-1959\/#breadcrumb"},"inLanguage":"it-IT","potentialAction":[{"@type":"ReadAction","target":["https:\/\/www.iemj.org\/it\/bloch-ernest-1880-1959\/"]}]},{"@type":"ImageObject","inLanguage":"it-IT","@id":"https:\/\/www.iemj.org\/it\/bloch-ernest-1880-1959\/#primaryimage","url":"https:\/\/www.iemj.org\/wp-content\/uploads\/2019\/05\/arton4150-e1624969070841.jpg","contentUrl":"https:\/\/www.iemj.org\/wp-content\/uploads\/2019\/05\/arton4150-e1624969070841.jpg","width":218,"height":218},{"@type":"BreadcrumbList","@id":"https:\/\/www.iemj.org\/it\/bloch-ernest-1880-1959\/#breadcrumb","itemListElement":[{"@type":"ListItem","position":1,"name":"Accueil","item":"https:\/\/www.iemj.org\/it\/"},{"@type":"ListItem","position":2,"name":"Bloch, Ernest (1880-1959)"}]},{"@type":"WebSite","@id":"https:\/\/www.iemj.org\/it\/#website","url":"https:\/\/www.iemj.org\/it\/","name":"Institut Europ\u00e9en des Musiques Juives","description":"Des traditions musicales \u00e0 la port\u00e9e de tous","publisher":{"@id":"https:\/\/www.iemj.org\/it\/#organization"},"potentialAction":[{"@type":"SearchAction","target":{"@type":"EntryPoint","urlTemplate":"https:\/\/www.iemj.org\/it\/?s={search_term_string}"},"query-input":{"@type":"PropertyValueSpecification","valueRequired":true,"valueName":"search_term_string"}}],"inLanguage":"it-IT"},{"@type":"Organization","@id":"https:\/\/www.iemj.org\/it\/#organization","name":"Institut Europ\u00e9en des Musiques Juives","url":"https:\/\/www.iemj.org\/it\/","logo":{"@type":"ImageObject","inLanguage":"it-IT","@id":"https:\/\/www.iemj.org\/it\/#\/schema\/logo\/image\/","url":"https:\/\/www.iemj.org\/wp-content\/uploads\/2021\/09\/Logo-IEMJ-Paypal.jpg","contentUrl":"https:\/\/www.iemj.org\/wp-content\/uploads\/2021\/09\/Logo-IEMJ-Paypal.jpg","width":150,"height":50,"caption":"Institut Europ\u00e9en des Musiques Juives"},"image":{"@id":"https:\/\/www.iemj.org\/it\/#\/schema\/logo\/image\/"},"sameAs":["https:\/\/www.facebook.com\/MusiquesJuives\/","https:\/\/www.instagram.com\/musiquesjuives\/","https:\/\/www.youtube.com\/user\/musiquesjuives"]},{"@type":"Person","@id":"https:\/\/www.iemj.org\/it\/#\/schema\/person\/e2ad57f2c4be119c7ed8ab79036807a9","name":"Lea Couderc","image":{"@type":"ImageObject","inLanguage":"it-IT","@id":"https:\/\/secure.gravatar.com\/avatar\/46ee021475d60aeff17a7e490b79dea5a5684bb392ab7fd1494027411df8ba23?s=96&d=mm&r=g","url":"https:\/\/secure.gravatar.com\/avatar\/46ee021475d60aeff17a7e490b79dea5a5684bb392ab7fd1494027411df8ba23?s=96&d=mm&r=g","contentUrl":"https:\/\/secure.gravatar.com\/avatar\/46ee021475d60aeff17a7e490b79dea5a5684bb392ab7fd1494027411df8ba23?s=96&d=mm&r=g","caption":"Lea Couderc"}}]}},"_links":{"self":[{"href":"https:\/\/www.iemj.org\/it\/wp-json\/wp\/v2\/posts\/79412","targetHints":{"allow":["GET"]}}],"collection":[{"href":"https:\/\/www.iemj.org\/it\/wp-json\/wp\/v2\/posts"}],"about":[{"href":"https:\/\/www.iemj.org\/it\/wp-json\/wp\/v2\/types\/post"}],"author":[{"embeddable":true,"href":"https:\/\/www.iemj.org\/it\/wp-json\/wp\/v2\/users\/1052"}],"replies":[{"embeddable":true,"href":"https:\/\/www.iemj.org\/it\/wp-json\/wp\/v2\/comments?post=79412"}],"version-history":[{"count":0,"href":"https:\/\/www.iemj.org\/it\/wp-json\/wp\/v2\/posts\/79412\/revisions"}],"wp:featuredmedia":[{"embeddable":true,"href":"https:\/\/www.iemj.org\/it\/wp-json\/wp\/v2\/media\/51504"}],"wp:attachment":[{"href":"https:\/\/www.iemj.org\/it\/wp-json\/wp\/v2\/media?parent=79412"}],"wp:term":[{"taxonomy":"category","embeddable":true,"href":"https:\/\/www.iemj.org\/it\/wp-json\/wp\/v2\/categories?post=79412"},{"taxonomy":"post_tag","embeddable":true,"href":"https:\/\/www.iemj.org\/it\/wp-json\/wp\/v2\/tags?post=79412"},{"taxonomy":"technique","embeddable":true,"href":"https:\/\/www.iemj.org\/it\/wp-json\/wp\/v2\/technique?post=79412"},{"taxonomy":"squelettes","embeddable":true,"href":"https:\/\/www.iemj.org\/it\/wp-json\/wp\/v2\/squelettes?post=79412"},{"taxonomy":"sujet","embeddable":true,"href":"https:\/\/www.iemj.org\/it\/wp-json\/wp\/v2\/sujet?post=79412"},{"taxonomy":"formation","embeddable":true,"href":"https:\/\/www.iemj.org\/it\/wp-json\/wp\/v2\/formation?post=79412"},{"taxonomy":"genre","embeddable":true,"href":"https:\/\/www.iemj.org\/it\/wp-json\/wp\/v2\/genre?post=79412"},{"taxonomy":"fonds","embeddable":true,"href":"https:\/\/www.iemj.org\/it\/wp-json\/wp\/v2\/fonds?post=79412"},{"taxonomy":"tradition","embeddable":true,"href":"https:\/\/www.iemj.org\/it\/wp-json\/wp\/v2\/tradition?post=79412"},{"taxonomy":"type-de-contenu","embeddable":true,"href":"https:\/\/www.iemj.org\/it\/wp-json\/wp\/v2\/type-de-contenu?post=79412"},{"taxonomy":"interprete-compositeur","embeddable":true,"href":"https:\/\/www.iemj.org\/it\/wp-json\/wp\/v2\/interprete-compositeur?post=79412"},{"taxonomy":"frise","embeddable":true,"href":"https:\/\/www.iemj.org\/it\/wp-json\/wp\/v2\/frise?post=79412"},{"taxonomy":"type-devenement","embeddable":true,"href":"https:\/\/www.iemj.org\/it\/wp-json\/wp\/v2\/type-devenement?post=79412"},{"taxonomy":"tableaux-liens-externes","embeddable":true,"href":"https:\/\/www.iemj.org\/it\/wp-json\/wp\/v2\/tableaux-liens-externes?post=79412"}],"curies":[{"name":"wp","href":"https:\/\/api.w.org\/{rel}","templated":true}]}}