{"id":79544,"date":"2021-12-14T17:30:54","date_gmt":"2021-12-14T16:30:54","guid":{"rendered":"https:\/\/www.iemj.org\/zrihan-emile\/"},"modified":"2022-03-24T16:50:14","modified_gmt":"2022-03-24T15:50:14","slug":"zrihan-emile","status":"publish","type":"post","link":"https:\/\/www.iemj.org\/it\/zrihan-emile\/","title":{"rendered":"Zrihan, Emile"},"content":{"rendered":"<p>Nato a Rabat, in Marocco, nel 1952, Emile Zrihan (a volte scritto &#8220;Zrihen&#8221;) \u00e8 stato introdotto al canto liturgico ebraico ed alla musica popolare marocchina in tenera et\u00e0. Emigra con la sua famiglia nel 1963 e continua i suoi studi di hazanut (canto sinagogale), imparando, tra l&#8217;altro, la musica dei piyutim con il rabbino Shlomo Ouanounou. Dimostra dei talenti precoci per il canto e si esibisce per la prima volta in concerto all&#8217;et\u00e0 di 13 anni. Da quel momento sar\u00e0 regolarmente presente per diversi anni nel programma televisivo \u00ab Folklore de l&#8217;Orient \u00bb.<\/p>\n<p>Dotato di una voce di controtenore di notevole potenza, colpisce intensamente il pubblico durante le funzioni religiose, in particolare nella grande sinagoga di Ashkelon, di cui \u00e8 cantore ufficiale. Fine conoscitore di musica arabo-andalusa ed orientale, canta in diversi registri musicali, sacri o profani, e interpreta repertori arabi, arabo-andalusi e giudeo-arabi. Eccelle in particolare nell&#8217;arte del Mawwal (improvvisazioni cantate che in genere sono relative al tema dell&#8217;amore).<\/p>\n<p><img decoding=\"async\" class=\"size-medium wp-image-74732 alignright\" src=\"https:\/\/www.iemj.org\/wp-content\/uploads\/2021\/12\/photo-emile-300x166.jpg\" alt=\"\" width=\"300\" height=\"166\" srcset=\"https:\/\/www.iemj.org\/wp-content\/uploads\/2021\/12\/photo-emile-300x166.jpg 300w, https:\/\/www.iemj.org\/wp-content\/uploads\/2021\/12\/photo-emile-768x425.jpg 768w, https:\/\/www.iemj.org\/wp-content\/uploads\/2021\/12\/photo-emile-600x332.jpg 600w, https:\/\/www.iemj.org\/wp-content\/uploads\/2021\/12\/photo-emile.jpg 850w\" sizes=\"(max-width: 300px) 100vw, 300px\" \/>Il suo talento \u00e8 stato rivelato al mondo intero durante il World Music Expo del 1997 a Berlino.<\/p>\n<p>Cantante solista dell&#8217;Orchestra Andalusa di Israele, Emile Zrihan, ha tenuto numerosi concerti in Europa, Nord America e, naturalmente, in Israele.<\/p>\n<p>Tra i numerosi album in cui compare, segnaliamo particolarmente \u201cAshkelon\u201d uscito nel 1998 sotto l&#8217;etichetta tedesca Piranha, \u201cAndalousiya\u201d sotto l&#8217;etichetta Koliphone, od i tre volumi dei suoi \u201cChants Jud\u00e9o-Morocains\u201d sotto l&#8217;etichetta NMC.<\/p>\n<p><a href=\"https:\/\/www.iemj.org\/it\/emile-zrihan\/\" target=\"_blank\" rel=\"noopener\">Ascoltare la playlist dedicata a Emile Zrihan<\/a><\/p>\n<p>\u00a0<\/p>\n<p><img fetchpriority=\"high\" decoding=\"async\" class=\"alignnone  wp-image-79516 alignleft\" src=\"https:\/\/www.iemj.org\/wp-content\/uploads\/2022\/02\/CD_1697_COUV_Copier-150x150.jpg\" alt=\"\" width=\"345\" height=\"345\" srcset=\"https:\/\/www.iemj.org\/wp-content\/uploads\/2022\/02\/CD_1697_COUV_Copier-150x150.jpg 150w, https:\/\/www.iemj.org\/wp-content\/uploads\/2022\/02\/CD_1697_COUV_Copier-300x300.jpg 300w, https:\/\/www.iemj.org\/wp-content\/uploads\/2022\/02\/CD_1697_COUV_Copier-100x100.jpg 100w, https:\/\/www.iemj.org\/wp-content\/uploads\/2022\/02\/CD_1697_COUV_Copier.jpg 498w\" sizes=\"(max-width: 345px) 100vw, 345px\" \/><img decoding=\"async\" class=\"wp-image-79511 aligncenter\" src=\"https:\/\/www.iemj.org\/wp-content\/uploads\/2022\/02\/CD_1750_COUV_Copier-150x150.jpg\" alt=\"\" width=\"346\" height=\"346\" srcset=\"https:\/\/www.iemj.org\/wp-content\/uploads\/2022\/02\/CD_1750_COUV_Copier-150x150.jpg 150w, https:\/\/www.iemj.org\/wp-content\/uploads\/2022\/02\/CD_1750_COUV_Copier-300x300.jpg 300w, https:\/\/www.iemj.org\/wp-content\/uploads\/2022\/02\/CD_1750_COUV_Copier-100x100.jpg 100w\" sizes=\"(max-width: 346px) 100vw, 346px\" \/><\/p>\n\n\n<div class=\"wp-block-columns is-layout-flex wp-container-core-columns-is-layout-9d6595d7 wp-block-columns-is-layout-flex\">\n<div class=\"wp-block-column is-layout-flow wp-block-column-is-layout-flow\"><\/div>\n\n\n\n<div class=\"wp-block-column is-layout-flow wp-block-column-is-layout-flow\"><\/div>\n<\/div>\n\n\n\n<figure class=\"wp-block-embed is-type-video is-provider-youtube wp-block-embed-youtube wp-embed-aspect-16-9 wp-has-aspect-ratio\"><div class=\"wp-block-embed__wrapper\">\n<iframe title=\"Maurice El Medioni Avec Emil Zrihan\" width=\"640\" height=\"360\" src=\"https:\/\/www.youtube.com\/embed\/RyKLeD_9Fb4?feature=oembed\" frameborder=\"0\" allow=\"accelerometer; autoplay; clipboard-write; encrypted-media; gyroscope; picture-in-picture; web-share\" referrerpolicy=\"strict-origin-when-cross-origin\" allowfullscreen><\/iframe>\n<\/div><\/figure>\n\n\n\n<figure class=\"wp-block-embed is-type-video is-provider-youtube wp-block-embed-youtube wp-embed-aspect-4-3 wp-has-aspect-ratio\"><div class=\"wp-block-embed__wrapper\">\n<iframe title=\"EMILE ZRIHAN - Mariage a Mogador\" width=\"640\" height=\"480\" src=\"https:\/\/www.youtube.com\/embed\/J09nM6gUbBY?feature=oembed\" frameborder=\"0\" allow=\"accelerometer; autoplay; clipboard-write; encrypted-media; gyroscope; picture-in-picture; web-share\" referrerpolicy=\"strict-origin-when-cross-origin\" allowfullscreen><\/iframe>\n<\/div><\/figure>\n\n\n\n<p><\/p>\n\n\n\n<p><\/p>\n\n\n\n<p><\/p>\n\n\n\n<p><\/p>\n\n\n\n<p><\/p>\n\n\n\n<p><\/p>\n\n\n\n<p><\/p>\n\n\n\n<p><\/p>\n\n\n\n<p><\/p>\n\n\n\n<p><\/p>\n\n\n\n<p><\/p>\n\n\n\n<p><\/p>\n\n\n\n<p><\/p>\n\n\n\n<p><\/p>\n\n\n\n<p><\/p>\n\n\n\n<div class=\"wp-block-group\"><div class=\"wp-block-group__inner-container is-layout-flow wp-block-group-is-layout-flow\">\n<div class=\"wp-block-columns is-layout-flex wp-container-core-columns-is-layout-9d6595d7 wp-block-columns-is-layout-flex\">\n<div class=\"wp-block-column is-layout-flow wp-block-column-is-layout-flow\">\n<p><\/p>\n<\/div>\n<\/div>\n<\/div><\/div>\n\n\n\n<p><\/p>\n\n\n\n<p><\/p>\n","protected":false},"excerpt":{"rendered":"<p>Nato a Rabat, in Marocco, nel 1952, Emile Zrihan (a volte scritto &#8220;Zrihen&#8221;) \u00e8 stato introdotto al canto liturgico ebraico ed alla musica popolare marocchina in tenera et\u00e0. Emigra con<\/p>\n","protected":false},"author":1048,"featured_media":74727,"comment_status":"closed","ping_status":"closed","sticky":false,"template":"","format":"standard","meta":{"_acf_changed":false,"footnotes":""},"categories":[1416],"tags":[],"technique":[],"squelettes":[],"sujet":[],"formation":[],"genre":[],"fonds":[],"tradition":[],"type-de-contenu":[],"interprete-compositeur":[],"frise":[],"type-devenement":[],"tableaux-liens-externes":[],"class_list":["post-79544","post","type-post","status-publish","format-standard","has-post-thumbnail","hentry","category-biografie-it"],"acf":[],"yoast_head":"<!-- This site is optimized with the Yoast SEO plugin v27.3 - https:\/\/yoast.com\/product\/yoast-seo-wordpress\/ -->\n<title>Zrihan, Emile - Institut Europ\u00e9en des Musiques Juives<\/title>\n<meta name=\"robots\" content=\"index, follow, max-snippet:-1, max-image-preview:large, max-video-preview:-1\" \/>\n<link rel=\"canonical\" href=\"https:\/\/www.iemj.org\/it\/zrihan-emile\/\" \/>\n<meta property=\"og:locale\" content=\"it_IT\" \/>\n<meta property=\"og:type\" content=\"article\" \/>\n<meta property=\"og:title\" content=\"Zrihan, Emile - Institut Europ\u00e9en des Musiques Juives\" \/>\n<meta property=\"og:description\" content=\"Nato a Rabat, in Marocco, nel 1952, Emile Zrihan (a volte scritto &#8220;Zrihen&#8221;) \u00e8 stato introdotto al canto liturgico ebraico ed alla musica popolare marocchina in tenera et\u00e0. Emigra con\" \/>\n<meta property=\"og:url\" content=\"https:\/\/www.iemj.org\/it\/zrihan-emile\/\" \/>\n<meta property=\"og:site_name\" content=\"Institut Europ\u00e9en des Musiques Juives\" \/>\n<meta property=\"article:publisher\" content=\"https:\/\/www.facebook.com\/MusiquesJuives\/\" \/>\n<meta property=\"article:published_time\" content=\"2021-12-14T16:30:54+00:00\" \/>\n<meta property=\"article:modified_time\" content=\"2022-03-24T15:50:14+00:00\" \/>\n<meta property=\"og:image\" content=\"https:\/\/www.iemj.org\/wp-content\/uploads\/2021\/12\/emil-zrihan-logo-e1639498659717.jpg\" \/>\n\t<meta property=\"og:image:width\" content=\"207\" \/>\n\t<meta property=\"og:image:height\" content=\"250\" \/>\n\t<meta property=\"og:image:type\" content=\"image\/jpeg\" \/>\n<meta name=\"author\" content=\"Jean-Gabriel Davis\" \/>\n<meta name=\"twitter:card\" content=\"summary_large_image\" \/>\n<meta name=\"twitter:label1\" content=\"Scritto da\" \/>\n\t<meta name=\"twitter:data1\" content=\"Jean-Gabriel Davis\" \/>\n\t<meta name=\"twitter:label2\" content=\"Tempo di lettura stimato\" \/>\n\t<meta name=\"twitter:data2\" content=\"2 minuti\" \/>\n<script type=\"application\/ld+json\" class=\"yoast-schema-graph\">{\"@context\":\"https:\\\/\\\/schema.org\",\"@graph\":[{\"@type\":\"Article\",\"@id\":\"https:\\\/\\\/www.iemj.org\\\/it\\\/zrihan-emile\\\/#article\",\"isPartOf\":{\"@id\":\"https:\\\/\\\/www.iemj.org\\\/it\\\/zrihan-emile\\\/\"},\"author\":{\"name\":\"Jean-Gabriel Davis\",\"@id\":\"https:\\\/\\\/www.iemj.org\\\/it\\\/#\\\/schema\\\/person\\\/c9bc1c386a3749579a2d675e72a18666\"},\"headline\":\"Zrihan, Emile\",\"datePublished\":\"2021-12-14T16:30:54+00:00\",\"dateModified\":\"2022-03-24T15:50:14+00:00\",\"mainEntityOfPage\":{\"@id\":\"https:\\\/\\\/www.iemj.org\\\/it\\\/zrihan-emile\\\/\"},\"wordCount\":250,\"publisher\":{\"@id\":\"https:\\\/\\\/www.iemj.org\\\/it\\\/#organization\"},\"image\":{\"@id\":\"https:\\\/\\\/www.iemj.org\\\/it\\\/zrihan-emile\\\/#primaryimage\"},\"thumbnailUrl\":\"https:\\\/\\\/www.iemj.org\\\/wp-content\\\/uploads\\\/2021\\\/12\\\/emil-zrihan-logo-e1639498659717.jpg\",\"articleSection\":[\"Biografie\"],\"inLanguage\":\"it-IT\"},{\"@type\":\"WebPage\",\"@id\":\"https:\\\/\\\/www.iemj.org\\\/it\\\/zrihan-emile\\\/\",\"url\":\"https:\\\/\\\/www.iemj.org\\\/it\\\/zrihan-emile\\\/\",\"name\":\"Zrihan, Emile - Institut Europ\u00e9en des Musiques Juives\",\"isPartOf\":{\"@id\":\"https:\\\/\\\/www.iemj.org\\\/it\\\/#website\"},\"primaryImageOfPage\":{\"@id\":\"https:\\\/\\\/www.iemj.org\\\/it\\\/zrihan-emile\\\/#primaryimage\"},\"image\":{\"@id\":\"https:\\\/\\\/www.iemj.org\\\/it\\\/zrihan-emile\\\/#primaryimage\"},\"thumbnailUrl\":\"https:\\\/\\\/www.iemj.org\\\/wp-content\\\/uploads\\\/2021\\\/12\\\/emil-zrihan-logo-e1639498659717.jpg\",\"datePublished\":\"2021-12-14T16:30:54+00:00\",\"dateModified\":\"2022-03-24T15:50:14+00:00\",\"breadcrumb\":{\"@id\":\"https:\\\/\\\/www.iemj.org\\\/it\\\/zrihan-emile\\\/#breadcrumb\"},\"inLanguage\":\"it-IT\",\"potentialAction\":[{\"@type\":\"ReadAction\",\"target\":[\"https:\\\/\\\/www.iemj.org\\\/it\\\/zrihan-emile\\\/\"]}]},{\"@type\":\"ImageObject\",\"inLanguage\":\"it-IT\",\"@id\":\"https:\\\/\\\/www.iemj.org\\\/it\\\/zrihan-emile\\\/#primaryimage\",\"url\":\"https:\\\/\\\/www.iemj.org\\\/wp-content\\\/uploads\\\/2021\\\/12\\\/emil-zrihan-logo-e1639498659717.jpg\",\"contentUrl\":\"https:\\\/\\\/www.iemj.org\\\/wp-content\\\/uploads\\\/2021\\\/12\\\/emil-zrihan-logo-e1639498659717.jpg\",\"width\":207,\"height\":250},{\"@type\":\"BreadcrumbList\",\"@id\":\"https:\\\/\\\/www.iemj.org\\\/it\\\/zrihan-emile\\\/#breadcrumb\",\"itemListElement\":[{\"@type\":\"ListItem\",\"position\":1,\"name\":\"Accueil\",\"item\":\"https:\\\/\\\/www.iemj.org\\\/it\\\/\"},{\"@type\":\"ListItem\",\"position\":2,\"name\":\"Zrihan, Emile\"}]},{\"@type\":\"WebSite\",\"@id\":\"https:\\\/\\\/www.iemj.org\\\/it\\\/#website\",\"url\":\"https:\\\/\\\/www.iemj.org\\\/it\\\/\",\"name\":\"Institut Europ\u00e9en des Musiques Juives\",\"description\":\"Des traditions musicales \u00e0 la port\u00e9e de tous\",\"publisher\":{\"@id\":\"https:\\\/\\\/www.iemj.org\\\/it\\\/#organization\"},\"potentialAction\":[{\"@type\":\"SearchAction\",\"target\":{\"@type\":\"EntryPoint\",\"urlTemplate\":\"https:\\\/\\\/www.iemj.org\\\/it\\\/?s={search_term_string}\"},\"query-input\":{\"@type\":\"PropertyValueSpecification\",\"valueRequired\":true,\"valueName\":\"search_term_string\"}}],\"inLanguage\":\"it-IT\"},{\"@type\":\"Organization\",\"@id\":\"https:\\\/\\\/www.iemj.org\\\/it\\\/#organization\",\"name\":\"Institut Europ\u00e9en des Musiques Juives\",\"url\":\"https:\\\/\\\/www.iemj.org\\\/it\\\/\",\"logo\":{\"@type\":\"ImageObject\",\"inLanguage\":\"it-IT\",\"@id\":\"https:\\\/\\\/www.iemj.org\\\/it\\\/#\\\/schema\\\/logo\\\/image\\\/\",\"url\":\"https:\\\/\\\/www.iemj.org\\\/wp-content\\\/uploads\\\/2021\\\/09\\\/Logo-IEMJ-Paypal.jpg\",\"contentUrl\":\"https:\\\/\\\/www.iemj.org\\\/wp-content\\\/uploads\\\/2021\\\/09\\\/Logo-IEMJ-Paypal.jpg\",\"width\":150,\"height\":50,\"caption\":\"Institut Europ\u00e9en des Musiques Juives\"},\"image\":{\"@id\":\"https:\\\/\\\/www.iemj.org\\\/it\\\/#\\\/schema\\\/logo\\\/image\\\/\"},\"sameAs\":[\"https:\\\/\\\/www.facebook.com\\\/MusiquesJuives\\\/\",\"https:\\\/\\\/www.instagram.com\\\/musiquesjuives\\\/\",\"https:\\\/\\\/www.youtube.com\\\/user\\\/musiquesjuives\"]},{\"@type\":\"Person\",\"@id\":\"https:\\\/\\\/www.iemj.org\\\/it\\\/#\\\/schema\\\/person\\\/c9bc1c386a3749579a2d675e72a18666\",\"name\":\"Jean-Gabriel Davis\",\"image\":{\"@type\":\"ImageObject\",\"inLanguage\":\"it-IT\",\"@id\":\"https:\\\/\\\/secure.gravatar.com\\\/avatar\\\/2b90d67bdf392c9b3a21fab87c0fa7edaf1fb3a058172a1ffd61033fcec7aec1?s=96&d=mm&r=g\",\"url\":\"https:\\\/\\\/secure.gravatar.com\\\/avatar\\\/2b90d67bdf392c9b3a21fab87c0fa7edaf1fb3a058172a1ffd61033fcec7aec1?s=96&d=mm&r=g\",\"contentUrl\":\"https:\\\/\\\/secure.gravatar.com\\\/avatar\\\/2b90d67bdf392c9b3a21fab87c0fa7edaf1fb3a058172a1ffd61033fcec7aec1?s=96&d=mm&r=g\",\"caption\":\"Jean-Gabriel Davis\"}}]}<\/script>\n<!-- \/ Yoast SEO plugin. -->","yoast_head_json":{"title":"Zrihan, Emile - Institut Europ\u00e9en des Musiques Juives","robots":{"index":"index","follow":"follow","max-snippet":"max-snippet:-1","max-image-preview":"max-image-preview:large","max-video-preview":"max-video-preview:-1"},"canonical":"https:\/\/www.iemj.org\/it\/zrihan-emile\/","og_locale":"it_IT","og_type":"article","og_title":"Zrihan, Emile - Institut Europ\u00e9en des Musiques Juives","og_description":"Nato a Rabat, in Marocco, nel 1952, Emile Zrihan (a volte scritto &#8220;Zrihen&#8221;) \u00e8 stato introdotto al canto liturgico ebraico ed alla musica popolare marocchina in tenera et\u00e0. Emigra con","og_url":"https:\/\/www.iemj.org\/it\/zrihan-emile\/","og_site_name":"Institut Europ\u00e9en des Musiques Juives","article_publisher":"https:\/\/www.facebook.com\/MusiquesJuives\/","article_published_time":"2021-12-14T16:30:54+00:00","article_modified_time":"2022-03-24T15:50:14+00:00","og_image":[{"width":207,"height":250,"url":"https:\/\/www.iemj.org\/wp-content\/uploads\/2021\/12\/emil-zrihan-logo-e1639498659717.jpg","type":"image\/jpeg"}],"author":"Jean-Gabriel Davis","twitter_card":"summary_large_image","twitter_misc":{"Scritto da":"Jean-Gabriel Davis","Tempo di lettura stimato":"2 minuti"},"schema":{"@context":"https:\/\/schema.org","@graph":[{"@type":"Article","@id":"https:\/\/www.iemj.org\/it\/zrihan-emile\/#article","isPartOf":{"@id":"https:\/\/www.iemj.org\/it\/zrihan-emile\/"},"author":{"name":"Jean-Gabriel Davis","@id":"https:\/\/www.iemj.org\/it\/#\/schema\/person\/c9bc1c386a3749579a2d675e72a18666"},"headline":"Zrihan, Emile","datePublished":"2021-12-14T16:30:54+00:00","dateModified":"2022-03-24T15:50:14+00:00","mainEntityOfPage":{"@id":"https:\/\/www.iemj.org\/it\/zrihan-emile\/"},"wordCount":250,"publisher":{"@id":"https:\/\/www.iemj.org\/it\/#organization"},"image":{"@id":"https:\/\/www.iemj.org\/it\/zrihan-emile\/#primaryimage"},"thumbnailUrl":"https:\/\/www.iemj.org\/wp-content\/uploads\/2021\/12\/emil-zrihan-logo-e1639498659717.jpg","articleSection":["Biografie"],"inLanguage":"it-IT"},{"@type":"WebPage","@id":"https:\/\/www.iemj.org\/it\/zrihan-emile\/","url":"https:\/\/www.iemj.org\/it\/zrihan-emile\/","name":"Zrihan, Emile - Institut Europ\u00e9en des Musiques Juives","isPartOf":{"@id":"https:\/\/www.iemj.org\/it\/#website"},"primaryImageOfPage":{"@id":"https:\/\/www.iemj.org\/it\/zrihan-emile\/#primaryimage"},"image":{"@id":"https:\/\/www.iemj.org\/it\/zrihan-emile\/#primaryimage"},"thumbnailUrl":"https:\/\/www.iemj.org\/wp-content\/uploads\/2021\/12\/emil-zrihan-logo-e1639498659717.jpg","datePublished":"2021-12-14T16:30:54+00:00","dateModified":"2022-03-24T15:50:14+00:00","breadcrumb":{"@id":"https:\/\/www.iemj.org\/it\/zrihan-emile\/#breadcrumb"},"inLanguage":"it-IT","potentialAction":[{"@type":"ReadAction","target":["https:\/\/www.iemj.org\/it\/zrihan-emile\/"]}]},{"@type":"ImageObject","inLanguage":"it-IT","@id":"https:\/\/www.iemj.org\/it\/zrihan-emile\/#primaryimage","url":"https:\/\/www.iemj.org\/wp-content\/uploads\/2021\/12\/emil-zrihan-logo-e1639498659717.jpg","contentUrl":"https:\/\/www.iemj.org\/wp-content\/uploads\/2021\/12\/emil-zrihan-logo-e1639498659717.jpg","width":207,"height":250},{"@type":"BreadcrumbList","@id":"https:\/\/www.iemj.org\/it\/zrihan-emile\/#breadcrumb","itemListElement":[{"@type":"ListItem","position":1,"name":"Accueil","item":"https:\/\/www.iemj.org\/it\/"},{"@type":"ListItem","position":2,"name":"Zrihan, Emile"}]},{"@type":"WebSite","@id":"https:\/\/www.iemj.org\/it\/#website","url":"https:\/\/www.iemj.org\/it\/","name":"Institut Europ\u00e9en des Musiques Juives","description":"Des traditions musicales \u00e0 la port\u00e9e de tous","publisher":{"@id":"https:\/\/www.iemj.org\/it\/#organization"},"potentialAction":[{"@type":"SearchAction","target":{"@type":"EntryPoint","urlTemplate":"https:\/\/www.iemj.org\/it\/?s={search_term_string}"},"query-input":{"@type":"PropertyValueSpecification","valueRequired":true,"valueName":"search_term_string"}}],"inLanguage":"it-IT"},{"@type":"Organization","@id":"https:\/\/www.iemj.org\/it\/#organization","name":"Institut Europ\u00e9en des Musiques Juives","url":"https:\/\/www.iemj.org\/it\/","logo":{"@type":"ImageObject","inLanguage":"it-IT","@id":"https:\/\/www.iemj.org\/it\/#\/schema\/logo\/image\/","url":"https:\/\/www.iemj.org\/wp-content\/uploads\/2021\/09\/Logo-IEMJ-Paypal.jpg","contentUrl":"https:\/\/www.iemj.org\/wp-content\/uploads\/2021\/09\/Logo-IEMJ-Paypal.jpg","width":150,"height":50,"caption":"Institut Europ\u00e9en des Musiques Juives"},"image":{"@id":"https:\/\/www.iemj.org\/it\/#\/schema\/logo\/image\/"},"sameAs":["https:\/\/www.facebook.com\/MusiquesJuives\/","https:\/\/www.instagram.com\/musiquesjuives\/","https:\/\/www.youtube.com\/user\/musiquesjuives"]},{"@type":"Person","@id":"https:\/\/www.iemj.org\/it\/#\/schema\/person\/c9bc1c386a3749579a2d675e72a18666","name":"Jean-Gabriel Davis","image":{"@type":"ImageObject","inLanguage":"it-IT","@id":"https:\/\/secure.gravatar.com\/avatar\/2b90d67bdf392c9b3a21fab87c0fa7edaf1fb3a058172a1ffd61033fcec7aec1?s=96&d=mm&r=g","url":"https:\/\/secure.gravatar.com\/avatar\/2b90d67bdf392c9b3a21fab87c0fa7edaf1fb3a058172a1ffd61033fcec7aec1?s=96&d=mm&r=g","contentUrl":"https:\/\/secure.gravatar.com\/avatar\/2b90d67bdf392c9b3a21fab87c0fa7edaf1fb3a058172a1ffd61033fcec7aec1?s=96&d=mm&r=g","caption":"Jean-Gabriel Davis"}}]}},"_links":{"self":[{"href":"https:\/\/www.iemj.org\/it\/wp-json\/wp\/v2\/posts\/79544","targetHints":{"allow":["GET"]}}],"collection":[{"href":"https:\/\/www.iemj.org\/it\/wp-json\/wp\/v2\/posts"}],"about":[{"href":"https:\/\/www.iemj.org\/it\/wp-json\/wp\/v2\/types\/post"}],"author":[{"embeddable":true,"href":"https:\/\/www.iemj.org\/it\/wp-json\/wp\/v2\/users\/1048"}],"replies":[{"embeddable":true,"href":"https:\/\/www.iemj.org\/it\/wp-json\/wp\/v2\/comments?post=79544"}],"version-history":[{"count":0,"href":"https:\/\/www.iemj.org\/it\/wp-json\/wp\/v2\/posts\/79544\/revisions"}],"wp:featuredmedia":[{"embeddable":true,"href":"https:\/\/www.iemj.org\/it\/wp-json\/wp\/v2\/media\/74727"}],"wp:attachment":[{"href":"https:\/\/www.iemj.org\/it\/wp-json\/wp\/v2\/media?parent=79544"}],"wp:term":[{"taxonomy":"category","embeddable":true,"href":"https:\/\/www.iemj.org\/it\/wp-json\/wp\/v2\/categories?post=79544"},{"taxonomy":"post_tag","embeddable":true,"href":"https:\/\/www.iemj.org\/it\/wp-json\/wp\/v2\/tags?post=79544"},{"taxonomy":"technique","embeddable":true,"href":"https:\/\/www.iemj.org\/it\/wp-json\/wp\/v2\/technique?post=79544"},{"taxonomy":"squelettes","embeddable":true,"href":"https:\/\/www.iemj.org\/it\/wp-json\/wp\/v2\/squelettes?post=79544"},{"taxonomy":"sujet","embeddable":true,"href":"https:\/\/www.iemj.org\/it\/wp-json\/wp\/v2\/sujet?post=79544"},{"taxonomy":"formation","embeddable":true,"href":"https:\/\/www.iemj.org\/it\/wp-json\/wp\/v2\/formation?post=79544"},{"taxonomy":"genre","embeddable":true,"href":"https:\/\/www.iemj.org\/it\/wp-json\/wp\/v2\/genre?post=79544"},{"taxonomy":"fonds","embeddable":true,"href":"https:\/\/www.iemj.org\/it\/wp-json\/wp\/v2\/fonds?post=79544"},{"taxonomy":"tradition","embeddable":true,"href":"https:\/\/www.iemj.org\/it\/wp-json\/wp\/v2\/tradition?post=79544"},{"taxonomy":"type-de-contenu","embeddable":true,"href":"https:\/\/www.iemj.org\/it\/wp-json\/wp\/v2\/type-de-contenu?post=79544"},{"taxonomy":"interprete-compositeur","embeddable":true,"href":"https:\/\/www.iemj.org\/it\/wp-json\/wp\/v2\/interprete-compositeur?post=79544"},{"taxonomy":"frise","embeddable":true,"href":"https:\/\/www.iemj.org\/it\/wp-json\/wp\/v2\/frise?post=79544"},{"taxonomy":"type-devenement","embeddable":true,"href":"https:\/\/www.iemj.org\/it\/wp-json\/wp\/v2\/type-devenement?post=79544"},{"taxonomy":"tableaux-liens-externes","embeddable":true,"href":"https:\/\/www.iemj.org\/it\/wp-json\/wp\/v2\/tableaux-liens-externes?post=79544"}],"curies":[{"name":"wp","href":"https:\/\/api.w.org\/{rel}","templated":true}]}}