{"id":80250,"date":"2021-12-07T15:20:29","date_gmt":"2021-12-07T14:20:29","guid":{"rendered":"https:\/\/www.iemj.org\/elmaghribi-samy-1922-2008\/"},"modified":"2023-07-04T10:15:25","modified_gmt":"2023-07-04T08:15:25","slug":"elmaghribi-samy-1922-2008","status":"publish","type":"post","link":"https:\/\/www.iemj.org\/it\/elmaghribi-samy-1922-2008\/","title":{"rendered":"Elmaghribi, Samy (1922 &#8211; 2008)"},"content":{"rendered":"<p>Samy Elmaghribi, il suo nome di nascita \u00e8 Salomon Amzallag, nasce il 19 aprile 1922 a Safi in Marocco, un giorno piuttosto simbolico. Dice ad un giornalista canadese: \u201cSono nato sotto il segno del canto, il settimo giorno di Pessah, il giorno in cui il popolo ebraico \u00e8 uscito dall\u2019Egitto. Ora, secondo la tradizione giudeo-sefardita, Moshe Rabbenu cant\u00f2 quando gli ebrei attraversarono il Mar Rosso. L\u2019ottavo giorno della mia nascita, mio padre aveva invitato delle <em>Shikhat,<\/em> cantanti femminili, a cantare melodie popolari vicino alla mia culla\u201d.<\/p>\n<p>Salomone \u00e8 il pi\u00f9 giovane dei tre figli di Farha e Amram Amzallag. Nel 1926 la famiglia si trasferisce a Rabat e il giovane Samy si interessa rapidamente alla musica arabo-andalusa.<\/p>\n<p>Si narra che all\u2019et\u00e0 di 7 anni si sia fabbricato un mandolino, con i fili di lino che raccoglieva nella sartoria del padre sarto. Impara a suonare l\u2019oud da solo ed inizia a frequentare i musicisti del quartiere ebraico di Rabat ed a cantare alla sinagoga e alle feste familiari.<\/p>\n<p>All\u2019et\u00e0 di 14 anni, dopo la morte di sua madre, Samy e la sua famiglia si trasferiscono a Sal\u00e9. Studia prima all\u2019Alliance Isra\u00e9lite, poi perfeziona la sua arte musicale al Conservatorio di Casablanca. E\u2019 finalmente all\u2019et\u00e0 di 20 anni che lascia il suo posto di direttore commerciale per consacrarsi unicamente al canto ed alla musica.<\/p>\n<p><img fetchpriority=\"high\" decoding=\"async\" class=\"wp-image-74022 alignright\" src=\"https:\/\/www.iemj.org\/wp-content\/uploads\/2021\/12\/I_393_B.jpg\" alt=\"\" width=\"221\" height=\"232\" srcset=\"https:\/\/www.iemj.org\/wp-content\/uploads\/2021\/12\/I_393_B.jpg 334w, https:\/\/www.iemj.org\/wp-content\/uploads\/2021\/12\/I_393_B-286x300.jpg 286w\" sizes=\"(max-width: 221px) 100vw, 221px\" \/>Nel 1948, il suo primo successo <em>Loukane Elmlayin<\/em> (<em>Ah, se fossi milionario<\/em>) lo spinge ad andare a Parigi dove incide la sua prima registrazione con Path\u00e9 Marconi.<\/p>\n<p>Nel 1950, tornato in Marocco, suona con la sua orchestra i <em>Samy\u2019s Boys.<\/em><\/p>\n<p>Salomon Amzallag, la cui notoriet\u00e0 cresce in Marocco, si stabilisce a Casablanca e adotta il suo nome d\u2019artista Samy Elmaghribi, Samy il Magrebino. Vi crea la sua casa discografica, <a href=\"https:\/\/www.iemj.org\/it\/le-label-samyphone\/\" target=\"_blank\" rel=\"noopener\"><em>Samyphone<\/em><\/a>, dopo essere stata pubblicato per lungo tempo dalla Path\u00e9.<\/p>\n<p>Tra il 1942 e il 1964, Samy compone un repertorio di canzoni popolari conosciute in tutto il Maghreb. Da un lato, influenzato da <a href=\"https:\/\/www.iemj.org\/halali-salim-1920-2005\/\" target=\"_blank\" rel=\"noopener\"><strong>Salim Halali<\/strong><\/a> di cui ammira la voce, riprende dei canti tradizionali, in particolare i vecchi <em>qassidat <\/em>di <strong>Sidi Qaddour<\/strong> <strong>Al \u2018Alami<\/strong>, di <strong>Cheikh Bouazza<\/strong>, di <strong>Bensliman<\/strong> e di altri grandi tenori della poesia di <em>malhoun<\/em>. Dall\u2019altro, compone una musica popolare con influenze tradizionali, sui motivi del <em>malhoun<\/em> o del <em>hawzi<\/em>.<\/p>\n<p>Effettua molteplici tourn\u00e9es, soprattutto in Algeria, dove si esibisce con l\u2019orchestra sinfonica di Radio Algeri.<\/p>\n<p>Emigra in Canada nel 1960. A quel tempo, la comunit\u00e0 sefardita di origine marocchina cresce d\u2019importanza a Montreal e Samy El Maghribi diventa nel 1967 il primo hazan (cantore) della sinagoga ispano-portoghese Shearith Israel. Rester\u00e0 in carica per 16 anni.<\/p>\n<p><img decoding=\"async\" class=\"wp-image-74027 alignleft\" src=\"https:\/\/www.iemj.org\/wp-content\/uploads\/2021\/12\/I_393_C.jpg\" alt=\"\" width=\"216\" height=\"222\" srcset=\"https:\/\/www.iemj.org\/wp-content\/uploads\/2021\/12\/I_393_C.jpg 341w, https:\/\/www.iemj.org\/wp-content\/uploads\/2021\/12\/I_393_C-292x300.jpg 292w\" sizes=\"(max-width: 216px) 100vw, 216px\" \/>Nel 1984 lascia Montreal e va a vivere ad Ashdod, in Israele. Fonda il <strong>Merkaz Piyyout<\/strong> <strong>Veshira<\/strong>, un centro di musica sefardita dove insegna come direttore pedagogico dal 1988 al 1994 e dirige una corale studentesca che diventer\u00e0 pi\u00f9 tardi <strong>l\u2019Orchestra Andalusa di Israele<\/strong>. Il 27 aprile 2005, Samy Elmaghribi partecipa ad un concerto in onore della sua carriera di cantante e d\u2019insegnante. L\u2019evento, che si svolge all\u2019Opera di Tel Aviv, segna anche il decimo anniversario dell\u2019Orchestra Andalusa di Israele.<\/p>\n<p>Torna a vivere a Montreal nel 1996, ma continua a viaggiare per il mondo ed a partecipare a molti importanti eventi musicali, come il Festival di Canto <em>Gharnati<\/em> a Rabat e Oujda (1999) ed il Festival Arabo-Andaluso a l\u2019UNESCO (Parigi 2000). Nel 2006 \u00e8 l\u2019invitato del popolare programma televisivo <em>Shada al alhan<\/em>, la cui registrazione diventa virale su YouTube.<\/p>\n<p>Negli Stati Uniti lavora per un certo periodo come cantore della sinagoga sefardita \u00ab\u00a0Beit Yosef\u00a0\u00bb nel New Jersey e insegna liturgia sefardita, tra l\u2019altro alla Yeshiva University di New York.<\/p>\n<p>Muore il 9 marzo 2008 a Montreal.<\/p>\n<p><strong>UN GENIO MUSICALE<\/strong><\/p>\n<p>Samy Elmaghribi ha saputo unire la tradizione e la modernit\u00e0, il sacro ed il profano, Ebrei e Musulmani.<\/p>\n<p><img decoding=\"async\" class=\"alignright wp-image-74032 \" src=\"https:\/\/www.iemj.org\/wp-content\/uploads\/2021\/12\/I_397.jpg\" alt=\"\" width=\"185\" height=\"258\" srcset=\"https:\/\/www.iemj.org\/wp-content\/uploads\/2021\/12\/I_397.jpg 251w, https:\/\/www.iemj.org\/wp-content\/uploads\/2021\/12\/I_397-215x300.jpg 215w\" sizes=\"(max-width: 185px) 100vw, 185px\" \/>La sua musica incorporava la quintessenza dell\u2019eredit\u00e0 musicale giudeo-marocchina e andalusa. Aveva un\u2019erudizione musicale unica che si rifletteva nella sua perfetta padronanza dell\u2019ebraico e dell\u2019arabo classico. Fu il primo a trascrivere la musica andalusa. Ne ha studiato il repertorio per formare dei melomani nella tradizione della poesia cantata giudeo-marocchina, dei <em>piyoutim<\/em>, del <em>malhoun<\/em> e del <em>matrouz<\/em>, dei <em>noubas<\/em> del <em>gharnat<\/em>i, del <em>mou\u2019al <\/em>marocchino, del <em>cha\u2019\u00e2bi<\/em> algerino e del <em>hawzi<\/em>.<\/p>\n<p>Padroneggiava e combinava armoniosamente quattro generi: la canzone popolare marocchina antica e moderna, il canto classico andaluso ed il canto liturgico, ai quali ha incorporato delle melodie dalla Turchia e dall\u2019Europa centrale.<\/p>\n<p>Ha seguito la strada gi\u00e0 tracciata da altri prima di lui all\u2019inizio del XX secolo, in particolare da <strong>Edmond-Nathan Yafil<\/strong>, che pubblic\u00f2 il suo <em>Diwan El Aghani Min Kalam<\/em> <em>El Andalous<\/em> nel 1905, e da <strong>David Iflah<\/strong>, considerato il \u201cDecano\u201d della musica andalusa e rispettato dai suoi pari ebrei e musulmani.<\/p>\n<p>Tuttavia, a differenza di coloro che lo hanno preceduto, ha applicato sistematicamente la sua arte sperimentando e registrando musica in ciascuno dei generi che compongono il repertorio musicale giudeo-arabo-andaluso. Il suo genio risiedeva nella sua capacit\u00e0 di attingere al vasto opus musicale degli undici <em>nouba <\/em>della musica andalusa ogni volta che voleva comporre nuove melodie. La sua intima conoscenza dei 5 movimenti di ciascuno dei <em>nouba <\/em>gli ha permesso di estrarne melodie di facile interpretazione, sia in ambito religioso che secolare.<\/p>\n<p>Grazie alla sua conoscenza musicale enciclopedica, poteva facilmente discernere le sfumature tra la musica classica andalusa ed il genere <em>gharnati<\/em>.<\/p>\n<p>Samy si \u00e8 recato ad Algeri negli anni \u201950 per ascoltare grandi maestri come <strong>Dahman Ben<\/strong> <strong>Achoure <\/strong>o <strong>Reinette l\u2019Oranaise<\/strong> e per assorbire i toni unici dell\u2019interpretazione algerina della musica g<em>harnati<\/em>. In seguito avrebbe tratto ispirazione da questa forma di musica non orchestrale per dirigere dei servizi nelle grandi sinagoghe di Casablanca, Parigi, Gerusalemme e Montreal. Le sue interpretazioni di Kol Nidr\u00e9 sono rinomate per la loro potenza e la delicatezza delle loro intonazioni. \u00abMai un ebreo maghrebino ha avuto cos\u00ec tanta influenza su un repertorio musicale visto principalmente come dominio esclusivo degli arabi\u00a0\u00bb. (Avraham Elarar, presidente della <img loading=\"lazy\" decoding=\"async\" class=\"alignleft wp-image-74034\" src=\"https:\/\/www.iemj.org\/wp-content\/uploads\/2021\/12\/I_398-e1643991124527.jpg\" alt=\"\" width=\"296\" height=\"200\" \/>fondazione dell\u2019Orchestra Andalusa di Israele).<\/p>\n<p>La sua interpretazione di canzoni popolari, i <em>qassidat<\/em>, e le sue canzoni dallo stile riconoscibile tra tutte sono rimaste impresse per sempre nei cuori di una comunit\u00e0 sparsa per il mondo, ed anche in quello delle nuove generazioni che canticchiano le sue melodie. , anche se non ne capiscono sempre le parole e il significato.<\/p>\n<p>Samy \u00e8 riuscito a unire Ebrei e Musulmani attraverso l\u2019amore per il canto, contribuendo cos\u00ec alla visione della pace nei tempi futuri.<\/p>\n<p><strong>Fonti:<\/strong><\/p>\n<ul>\n<li><a href=\"http:\/\/www.rachelnet.net\/F?func=find-c&amp;ccl_term=WCC+%3D+A_1873&amp;local_base=iemcg\" target=\"_blank\" rel=\"noopener\">\u201cHommage \u00e0 Salomon Amzallag Z\u2019L, interpr\u00e8te et, auteur-compositeur, musicien et cantor\u201d<\/a> (compilazione di testimonianze e di articoli dopo la sua morte. Archivio : A_1873)<\/li>\n<li><a href=\"https:\/\/www.lemonde.fr\/disparitions\/article\/2008\/03\/29\/samy-al-maghribi-le-chanteur-de-l-emotion_1028788_3382.html\" target=\"_blank\" rel=\"noopener\">Samy Al-Maghribi, \u201cle chanteur de l\u2019\u00e9motion\u201d <\/a>Le monde, 29 mars 2008<\/li>\n<li><a href=\"http:\/\/juifdumaroc.over-blog.com\/2017\/11\/portrait-de-mr-samy-el-maghribi.html\" target=\"_blank\" rel=\"noopener\">Portrait de Mr Samy El Maghribi, Juif du Maroc<\/a><\/li>\n<li><a href=\"https:\/\/fr.calameo.com\/books\/00550150899495a93d4ab\" target=\"_blank\" rel=\"noopener\">Cantor Salomon Amzalag \u2013 Samy El Maghribi<\/a><\/li>\n<\/ul>\n<h3 style=\"padding-left: 40px;\"><a href=\"https:\/\/www.iemj.org\/it\/samy-elmaghribi\/\" target=\"_blank\" rel=\"noopener\">Ascoltare la playlist dedicata a Samy Elmaghribi<\/a><\/h3>\n<h3>\u00a0<\/h3>\n<h3 style=\"padding-left: 40px;\"><a href=\"http:\/\/www.rachelnet.net\/F\/?func=find-c&amp;ccl_term=WRD+%3D+Samy+Elmaghribi&amp;local_base=iemcg\" target=\"_blank\" rel=\"noopener\">Consultare i nostri archivi su Samy Elmaghribi<\/a><\/h3>\n<p>\u00a0<\/p>\n\n\n<figure class=\"wp-block-video\"><video controls poster=\"https:\/\/www.iemj.org\/wp-content\/uploads\/2021\/12\/Capture-video-Elmaghribi.jpg\" src=\"https:\/\/www.iemj.org\/wp-content\/uploads\/2021\/12\/V_230B_EX.m4v\"><\/video><figcaption class=\"wp-element-caption\"><strong>Guardare qui un video clip con Samy Elmaghribi e Reinette l\u2019Oranaise estratto dalle nostre collezioni<\/strong><\/figcaption><\/figure>\n\n\n<h3>&nbsp;<\/h3>\n<p><\/p>","protected":false},"excerpt":{"rendered":"<p>Samy Elmaghribi, il suo nome di nascita \u00e8 Salomon Amzallag, nasce il 19 aprile 1922 a Safi in Marocco, un giorno piuttosto simbolico. Dice ad un giornalista canadese: \u201cSono nato<\/p>\n","protected":false},"author":1052,"featured_media":74044,"comment_status":"closed","ping_status":"closed","sticky":false,"template":"","format":"standard","meta":{"_acf_changed":false,"footnotes":""},"categories":[1416],"tags":[],"technique":[],"squelettes":[],"sujet":[],"formation":[],"genre":[],"fonds":[],"tradition":[],"type-de-contenu":[],"interprete-compositeur":[],"frise":[],"type-devenement":[],"tableaux-liens-externes":[],"class_list":["post-80250","post","type-post","status-publish","format-standard","has-post-thumbnail","hentry","category-biografie-it"],"acf":[],"yoast_head":"<!-- This site is optimized with the Yoast SEO plugin v27.3 - https:\/\/yoast.com\/product\/yoast-seo-wordpress\/ -->\n<title>Elmaghribi, Samy (1922 - 2008) - Institut Europ\u00e9en des Musiques Juives<\/title>\n<meta name=\"robots\" content=\"index, follow, max-snippet:-1, max-image-preview:large, max-video-preview:-1\" \/>\n<link rel=\"canonical\" href=\"https:\/\/www.iemj.org\/it\/elmaghribi-samy-1922-2008\/\" \/>\n<meta property=\"og:locale\" content=\"it_IT\" \/>\n<meta property=\"og:type\" content=\"article\" \/>\n<meta property=\"og:title\" content=\"Elmaghribi, Samy (1922 - 2008) - Institut Europ\u00e9en des Musiques Juives\" \/>\n<meta property=\"og:description\" content=\"Samy Elmaghribi, il suo nome di nascita \u00e8 Salomon Amzallag, nasce il 19 aprile 1922 a Safi in Marocco, un giorno piuttosto simbolico. Dice ad un giornalista canadese: \u201cSono nato\" \/>\n<meta property=\"og:url\" content=\"https:\/\/www.iemj.org\/it\/elmaghribi-samy-1922-2008\/\" \/>\n<meta property=\"og:site_name\" content=\"Institut Europ\u00e9en des Musiques Juives\" \/>\n<meta property=\"article:publisher\" content=\"https:\/\/www.facebook.com\/MusiquesJuives\/\" \/>\n<meta property=\"article:published_time\" content=\"2021-12-07T14:20:29+00:00\" \/>\n<meta property=\"article:modified_time\" content=\"2023-07-04T08:15:25+00:00\" \/>\n<meta property=\"og:image\" content=\"https:\/\/www.iemj.org\/wp-content\/uploads\/2021\/12\/Logo-Elmaghribi-e1642521956506.jpg\" \/>\n\t<meta property=\"og:image:width\" content=\"173\" \/>\n\t<meta property=\"og:image:height\" content=\"218\" \/>\n\t<meta property=\"og:image:type\" content=\"image\/jpeg\" \/>\n<meta name=\"author\" content=\"Lea Couderc\" \/>\n<meta name=\"twitter:card\" content=\"summary_large_image\" \/>\n<meta name=\"twitter:label1\" content=\"Scritto da\" \/>\n\t<meta name=\"twitter:data1\" content=\"Lea Couderc\" \/>\n\t<meta name=\"twitter:label2\" content=\"Tempo di lettura stimato\" \/>\n\t<meta name=\"twitter:data2\" content=\"7 minuti\" \/>\n<script type=\"application\/ld+json\" class=\"yoast-schema-graph\">{\"@context\":\"https:\\\/\\\/schema.org\",\"@graph\":[{\"@type\":\"Article\",\"@id\":\"https:\\\/\\\/www.iemj.org\\\/it\\\/elmaghribi-samy-1922-2008\\\/#article\",\"isPartOf\":{\"@id\":\"https:\\\/\\\/www.iemj.org\\\/it\\\/elmaghribi-samy-1922-2008\\\/\"},\"author\":{\"name\":\"Lea Couderc\",\"@id\":\"https:\\\/\\\/www.iemj.org\\\/it\\\/#\\\/schema\\\/person\\\/e2ad57f2c4be119c7ed8ab79036807a9\"},\"headline\":\"Elmaghribi, Samy (1922 &#8211; 2008)\",\"datePublished\":\"2021-12-07T14:20:29+00:00\",\"dateModified\":\"2023-07-04T08:15:25+00:00\",\"mainEntityOfPage\":{\"@id\":\"https:\\\/\\\/www.iemj.org\\\/it\\\/elmaghribi-samy-1922-2008\\\/\"},\"wordCount\":1143,\"publisher\":{\"@id\":\"https:\\\/\\\/www.iemj.org\\\/it\\\/#organization\"},\"image\":{\"@id\":\"https:\\\/\\\/www.iemj.org\\\/it\\\/elmaghribi-samy-1922-2008\\\/#primaryimage\"},\"thumbnailUrl\":\"https:\\\/\\\/www.iemj.org\\\/wp-content\\\/uploads\\\/2021\\\/12\\\/Logo-Elmaghribi-e1642521956506.jpg\",\"articleSection\":[\"Biografie\"],\"inLanguage\":\"it-IT\"},{\"@type\":\"WebPage\",\"@id\":\"https:\\\/\\\/www.iemj.org\\\/it\\\/elmaghribi-samy-1922-2008\\\/\",\"url\":\"https:\\\/\\\/www.iemj.org\\\/it\\\/elmaghribi-samy-1922-2008\\\/\",\"name\":\"Elmaghribi, Samy (1922 - 2008) - Institut Europ\u00e9en des Musiques Juives\",\"isPartOf\":{\"@id\":\"https:\\\/\\\/www.iemj.org\\\/it\\\/#website\"},\"primaryImageOfPage\":{\"@id\":\"https:\\\/\\\/www.iemj.org\\\/it\\\/elmaghribi-samy-1922-2008\\\/#primaryimage\"},\"image\":{\"@id\":\"https:\\\/\\\/www.iemj.org\\\/it\\\/elmaghribi-samy-1922-2008\\\/#primaryimage\"},\"thumbnailUrl\":\"https:\\\/\\\/www.iemj.org\\\/wp-content\\\/uploads\\\/2021\\\/12\\\/Logo-Elmaghribi-e1642521956506.jpg\",\"datePublished\":\"2021-12-07T14:20:29+00:00\",\"dateModified\":\"2023-07-04T08:15:25+00:00\",\"breadcrumb\":{\"@id\":\"https:\\\/\\\/www.iemj.org\\\/it\\\/elmaghribi-samy-1922-2008\\\/#breadcrumb\"},\"inLanguage\":\"it-IT\",\"potentialAction\":[{\"@type\":\"ReadAction\",\"target\":[\"https:\\\/\\\/www.iemj.org\\\/it\\\/elmaghribi-samy-1922-2008\\\/\"]}]},{\"@type\":\"ImageObject\",\"inLanguage\":\"it-IT\",\"@id\":\"https:\\\/\\\/www.iemj.org\\\/it\\\/elmaghribi-samy-1922-2008\\\/#primaryimage\",\"url\":\"https:\\\/\\\/www.iemj.org\\\/wp-content\\\/uploads\\\/2021\\\/12\\\/Logo-Elmaghribi-e1642521956506.jpg\",\"contentUrl\":\"https:\\\/\\\/www.iemj.org\\\/wp-content\\\/uploads\\\/2021\\\/12\\\/Logo-Elmaghribi-e1642521956506.jpg\",\"width\":173,\"height\":218},{\"@type\":\"BreadcrumbList\",\"@id\":\"https:\\\/\\\/www.iemj.org\\\/it\\\/elmaghribi-samy-1922-2008\\\/#breadcrumb\",\"itemListElement\":[{\"@type\":\"ListItem\",\"position\":1,\"name\":\"Accueil\",\"item\":\"https:\\\/\\\/www.iemj.org\\\/it\\\/\"},{\"@type\":\"ListItem\",\"position\":2,\"name\":\"Elmaghribi, Samy (1922 &#8211; 2008)\"}]},{\"@type\":\"WebSite\",\"@id\":\"https:\\\/\\\/www.iemj.org\\\/it\\\/#website\",\"url\":\"https:\\\/\\\/www.iemj.org\\\/it\\\/\",\"name\":\"Institut Europ\u00e9en des Musiques Juives\",\"description\":\"Des traditions musicales \u00e0 la port\u00e9e de tous\",\"publisher\":{\"@id\":\"https:\\\/\\\/www.iemj.org\\\/it\\\/#organization\"},\"potentialAction\":[{\"@type\":\"SearchAction\",\"target\":{\"@type\":\"EntryPoint\",\"urlTemplate\":\"https:\\\/\\\/www.iemj.org\\\/it\\\/?s={search_term_string}\"},\"query-input\":{\"@type\":\"PropertyValueSpecification\",\"valueRequired\":true,\"valueName\":\"search_term_string\"}}],\"inLanguage\":\"it-IT\"},{\"@type\":\"Organization\",\"@id\":\"https:\\\/\\\/www.iemj.org\\\/it\\\/#organization\",\"name\":\"Institut Europ\u00e9en des Musiques Juives\",\"url\":\"https:\\\/\\\/www.iemj.org\\\/it\\\/\",\"logo\":{\"@type\":\"ImageObject\",\"inLanguage\":\"it-IT\",\"@id\":\"https:\\\/\\\/www.iemj.org\\\/it\\\/#\\\/schema\\\/logo\\\/image\\\/\",\"url\":\"https:\\\/\\\/www.iemj.org\\\/wp-content\\\/uploads\\\/2021\\\/09\\\/Logo-IEMJ-Paypal.jpg\",\"contentUrl\":\"https:\\\/\\\/www.iemj.org\\\/wp-content\\\/uploads\\\/2021\\\/09\\\/Logo-IEMJ-Paypal.jpg\",\"width\":150,\"height\":50,\"caption\":\"Institut Europ\u00e9en des Musiques Juives\"},\"image\":{\"@id\":\"https:\\\/\\\/www.iemj.org\\\/it\\\/#\\\/schema\\\/logo\\\/image\\\/\"},\"sameAs\":[\"https:\\\/\\\/www.facebook.com\\\/MusiquesJuives\\\/\",\"https:\\\/\\\/www.instagram.com\\\/musiquesjuives\\\/\",\"https:\\\/\\\/www.youtube.com\\\/user\\\/musiquesjuives\"]},{\"@type\":\"Person\",\"@id\":\"https:\\\/\\\/www.iemj.org\\\/it\\\/#\\\/schema\\\/person\\\/e2ad57f2c4be119c7ed8ab79036807a9\",\"name\":\"Lea Couderc\",\"image\":{\"@type\":\"ImageObject\",\"inLanguage\":\"it-IT\",\"@id\":\"https:\\\/\\\/secure.gravatar.com\\\/avatar\\\/46ee021475d60aeff17a7e490b79dea5a5684bb392ab7fd1494027411df8ba23?s=96&d=mm&r=g\",\"url\":\"https:\\\/\\\/secure.gravatar.com\\\/avatar\\\/46ee021475d60aeff17a7e490b79dea5a5684bb392ab7fd1494027411df8ba23?s=96&d=mm&r=g\",\"contentUrl\":\"https:\\\/\\\/secure.gravatar.com\\\/avatar\\\/46ee021475d60aeff17a7e490b79dea5a5684bb392ab7fd1494027411df8ba23?s=96&d=mm&r=g\",\"caption\":\"Lea Couderc\"}}]}<\/script>\n<!-- \/ Yoast SEO plugin. -->","yoast_head_json":{"title":"Elmaghribi, Samy (1922 - 2008) - Institut Europ\u00e9en des Musiques Juives","robots":{"index":"index","follow":"follow","max-snippet":"max-snippet:-1","max-image-preview":"max-image-preview:large","max-video-preview":"max-video-preview:-1"},"canonical":"https:\/\/www.iemj.org\/it\/elmaghribi-samy-1922-2008\/","og_locale":"it_IT","og_type":"article","og_title":"Elmaghribi, Samy (1922 - 2008) - Institut Europ\u00e9en des Musiques Juives","og_description":"Samy Elmaghribi, il suo nome di nascita \u00e8 Salomon Amzallag, nasce il 19 aprile 1922 a Safi in Marocco, un giorno piuttosto simbolico. Dice ad un giornalista canadese: \u201cSono nato","og_url":"https:\/\/www.iemj.org\/it\/elmaghribi-samy-1922-2008\/","og_site_name":"Institut Europ\u00e9en des Musiques Juives","article_publisher":"https:\/\/www.facebook.com\/MusiquesJuives\/","article_published_time":"2021-12-07T14:20:29+00:00","article_modified_time":"2023-07-04T08:15:25+00:00","og_image":[{"width":173,"height":218,"url":"https:\/\/www.iemj.org\/wp-content\/uploads\/2021\/12\/Logo-Elmaghribi-e1642521956506.jpg","type":"image\/jpeg"}],"author":"Lea Couderc","twitter_card":"summary_large_image","twitter_misc":{"Scritto da":"Lea Couderc","Tempo di lettura stimato":"7 minuti"},"schema":{"@context":"https:\/\/schema.org","@graph":[{"@type":"Article","@id":"https:\/\/www.iemj.org\/it\/elmaghribi-samy-1922-2008\/#article","isPartOf":{"@id":"https:\/\/www.iemj.org\/it\/elmaghribi-samy-1922-2008\/"},"author":{"name":"Lea Couderc","@id":"https:\/\/www.iemj.org\/it\/#\/schema\/person\/e2ad57f2c4be119c7ed8ab79036807a9"},"headline":"Elmaghribi, Samy (1922 &#8211; 2008)","datePublished":"2021-12-07T14:20:29+00:00","dateModified":"2023-07-04T08:15:25+00:00","mainEntityOfPage":{"@id":"https:\/\/www.iemj.org\/it\/elmaghribi-samy-1922-2008\/"},"wordCount":1143,"publisher":{"@id":"https:\/\/www.iemj.org\/it\/#organization"},"image":{"@id":"https:\/\/www.iemj.org\/it\/elmaghribi-samy-1922-2008\/#primaryimage"},"thumbnailUrl":"https:\/\/www.iemj.org\/wp-content\/uploads\/2021\/12\/Logo-Elmaghribi-e1642521956506.jpg","articleSection":["Biografie"],"inLanguage":"it-IT"},{"@type":"WebPage","@id":"https:\/\/www.iemj.org\/it\/elmaghribi-samy-1922-2008\/","url":"https:\/\/www.iemj.org\/it\/elmaghribi-samy-1922-2008\/","name":"Elmaghribi, Samy (1922 - 2008) - Institut Europ\u00e9en des Musiques Juives","isPartOf":{"@id":"https:\/\/www.iemj.org\/it\/#website"},"primaryImageOfPage":{"@id":"https:\/\/www.iemj.org\/it\/elmaghribi-samy-1922-2008\/#primaryimage"},"image":{"@id":"https:\/\/www.iemj.org\/it\/elmaghribi-samy-1922-2008\/#primaryimage"},"thumbnailUrl":"https:\/\/www.iemj.org\/wp-content\/uploads\/2021\/12\/Logo-Elmaghribi-e1642521956506.jpg","datePublished":"2021-12-07T14:20:29+00:00","dateModified":"2023-07-04T08:15:25+00:00","breadcrumb":{"@id":"https:\/\/www.iemj.org\/it\/elmaghribi-samy-1922-2008\/#breadcrumb"},"inLanguage":"it-IT","potentialAction":[{"@type":"ReadAction","target":["https:\/\/www.iemj.org\/it\/elmaghribi-samy-1922-2008\/"]}]},{"@type":"ImageObject","inLanguage":"it-IT","@id":"https:\/\/www.iemj.org\/it\/elmaghribi-samy-1922-2008\/#primaryimage","url":"https:\/\/www.iemj.org\/wp-content\/uploads\/2021\/12\/Logo-Elmaghribi-e1642521956506.jpg","contentUrl":"https:\/\/www.iemj.org\/wp-content\/uploads\/2021\/12\/Logo-Elmaghribi-e1642521956506.jpg","width":173,"height":218},{"@type":"BreadcrumbList","@id":"https:\/\/www.iemj.org\/it\/elmaghribi-samy-1922-2008\/#breadcrumb","itemListElement":[{"@type":"ListItem","position":1,"name":"Accueil","item":"https:\/\/www.iemj.org\/it\/"},{"@type":"ListItem","position":2,"name":"Elmaghribi, Samy (1922 &#8211; 2008)"}]},{"@type":"WebSite","@id":"https:\/\/www.iemj.org\/it\/#website","url":"https:\/\/www.iemj.org\/it\/","name":"Institut Europ\u00e9en des Musiques Juives","description":"Des traditions musicales \u00e0 la port\u00e9e de tous","publisher":{"@id":"https:\/\/www.iemj.org\/it\/#organization"},"potentialAction":[{"@type":"SearchAction","target":{"@type":"EntryPoint","urlTemplate":"https:\/\/www.iemj.org\/it\/?s={search_term_string}"},"query-input":{"@type":"PropertyValueSpecification","valueRequired":true,"valueName":"search_term_string"}}],"inLanguage":"it-IT"},{"@type":"Organization","@id":"https:\/\/www.iemj.org\/it\/#organization","name":"Institut Europ\u00e9en des Musiques Juives","url":"https:\/\/www.iemj.org\/it\/","logo":{"@type":"ImageObject","inLanguage":"it-IT","@id":"https:\/\/www.iemj.org\/it\/#\/schema\/logo\/image\/","url":"https:\/\/www.iemj.org\/wp-content\/uploads\/2021\/09\/Logo-IEMJ-Paypal.jpg","contentUrl":"https:\/\/www.iemj.org\/wp-content\/uploads\/2021\/09\/Logo-IEMJ-Paypal.jpg","width":150,"height":50,"caption":"Institut Europ\u00e9en des Musiques Juives"},"image":{"@id":"https:\/\/www.iemj.org\/it\/#\/schema\/logo\/image\/"},"sameAs":["https:\/\/www.facebook.com\/MusiquesJuives\/","https:\/\/www.instagram.com\/musiquesjuives\/","https:\/\/www.youtube.com\/user\/musiquesjuives"]},{"@type":"Person","@id":"https:\/\/www.iemj.org\/it\/#\/schema\/person\/e2ad57f2c4be119c7ed8ab79036807a9","name":"Lea Couderc","image":{"@type":"ImageObject","inLanguage":"it-IT","@id":"https:\/\/secure.gravatar.com\/avatar\/46ee021475d60aeff17a7e490b79dea5a5684bb392ab7fd1494027411df8ba23?s=96&d=mm&r=g","url":"https:\/\/secure.gravatar.com\/avatar\/46ee021475d60aeff17a7e490b79dea5a5684bb392ab7fd1494027411df8ba23?s=96&d=mm&r=g","contentUrl":"https:\/\/secure.gravatar.com\/avatar\/46ee021475d60aeff17a7e490b79dea5a5684bb392ab7fd1494027411df8ba23?s=96&d=mm&r=g","caption":"Lea Couderc"}}]}},"_links":{"self":[{"href":"https:\/\/www.iemj.org\/it\/wp-json\/wp\/v2\/posts\/80250","targetHints":{"allow":["GET"]}}],"collection":[{"href":"https:\/\/www.iemj.org\/it\/wp-json\/wp\/v2\/posts"}],"about":[{"href":"https:\/\/www.iemj.org\/it\/wp-json\/wp\/v2\/types\/post"}],"author":[{"embeddable":true,"href":"https:\/\/www.iemj.org\/it\/wp-json\/wp\/v2\/users\/1052"}],"replies":[{"embeddable":true,"href":"https:\/\/www.iemj.org\/it\/wp-json\/wp\/v2\/comments?post=80250"}],"version-history":[{"count":0,"href":"https:\/\/www.iemj.org\/it\/wp-json\/wp\/v2\/posts\/80250\/revisions"}],"wp:featuredmedia":[{"embeddable":true,"href":"https:\/\/www.iemj.org\/it\/wp-json\/wp\/v2\/media\/74044"}],"wp:attachment":[{"href":"https:\/\/www.iemj.org\/it\/wp-json\/wp\/v2\/media?parent=80250"}],"wp:term":[{"taxonomy":"category","embeddable":true,"href":"https:\/\/www.iemj.org\/it\/wp-json\/wp\/v2\/categories?post=80250"},{"taxonomy":"post_tag","embeddable":true,"href":"https:\/\/www.iemj.org\/it\/wp-json\/wp\/v2\/tags?post=80250"},{"taxonomy":"technique","embeddable":true,"href":"https:\/\/www.iemj.org\/it\/wp-json\/wp\/v2\/technique?post=80250"},{"taxonomy":"squelettes","embeddable":true,"href":"https:\/\/www.iemj.org\/it\/wp-json\/wp\/v2\/squelettes?post=80250"},{"taxonomy":"sujet","embeddable":true,"href":"https:\/\/www.iemj.org\/it\/wp-json\/wp\/v2\/sujet?post=80250"},{"taxonomy":"formation","embeddable":true,"href":"https:\/\/www.iemj.org\/it\/wp-json\/wp\/v2\/formation?post=80250"},{"taxonomy":"genre","embeddable":true,"href":"https:\/\/www.iemj.org\/it\/wp-json\/wp\/v2\/genre?post=80250"},{"taxonomy":"fonds","embeddable":true,"href":"https:\/\/www.iemj.org\/it\/wp-json\/wp\/v2\/fonds?post=80250"},{"taxonomy":"tradition","embeddable":true,"href":"https:\/\/www.iemj.org\/it\/wp-json\/wp\/v2\/tradition?post=80250"},{"taxonomy":"type-de-contenu","embeddable":true,"href":"https:\/\/www.iemj.org\/it\/wp-json\/wp\/v2\/type-de-contenu?post=80250"},{"taxonomy":"interprete-compositeur","embeddable":true,"href":"https:\/\/www.iemj.org\/it\/wp-json\/wp\/v2\/interprete-compositeur?post=80250"},{"taxonomy":"frise","embeddable":true,"href":"https:\/\/www.iemj.org\/it\/wp-json\/wp\/v2\/frise?post=80250"},{"taxonomy":"type-devenement","embeddable":true,"href":"https:\/\/www.iemj.org\/it\/wp-json\/wp\/v2\/type-devenement?post=80250"},{"taxonomy":"tableaux-liens-externes","embeddable":true,"href":"https:\/\/www.iemj.org\/it\/wp-json\/wp\/v2\/tableaux-liens-externes?post=80250"}],"curies":[{"name":"wp","href":"https:\/\/api.w.org\/{rel}","templated":true}]}}