{"id":81629,"date":"2018-02-21T17:52:18","date_gmt":"2018-02-21T16:52:18","guid":{"rendered":"https:\/\/www.iemj.org\/le-pourim-shpil-2\/"},"modified":"2025-10-06T14:37:47","modified_gmt":"2025-10-06T12:37:47","slug":"le-pourim-shpil-2","status":"publish","type":"post","link":"https:\/\/www.iemj.org\/it\/le-pourim-shpil-2\/","title":{"rendered":"The Purim Shpil"},"content":{"rendered":"<p>Purim Shpil \u2013 etimologicamente \u201cgioco di Purim\u201d in yiddish \u2013 \u00e8 un&#8217;opera satirica che mescola teatro, musica, danza, canzoni, mimi e travestimenti. Questa usanza \u00e8 strettamente legata alla festa del carnevale di Purim e alla storia della regina Ester e di suo zio Mardocheo che riuscirono a sventare il complotto del malvagio Aman, ministro del re persiano Assuero, che voleva annientare il popolo ebraico.<\/p>\n<p><!--more--><\/p>\n<p>L&#8217;origine degli eventi narrati nel Rotolo di Ester, ultimo libro della Bibbia ebraica ad essere stato canonizzato, risale all&#8217;incirca al V secolo a.C. Gi\u00e0 nel V secolo d.C. era consuetudine tenere processioni solenni durante le quali Aman veniva impiccato o bruciato in effige. Alcuni vedono in questa usanza l&#8217;origine dei giochi di Purim sulla base dei quali il teatro yiddish si sarebbe sviluppato nel XVIII secolo.<\/p>\n<p>Nel suo discorso, pronunciato durante la presentazione del progetto Purim Shpil Unesco al municipio di Parigi, il 12 dicembre 2013, <strong>Jean Baumgarten<\/strong> insisteva sullo spirito particolare di questa festa:<\/p>\n<p><em>\u201c[\u2026] questo tempo di eccessi, di ribellione, scandito da danze, canti, intervallato da cibo, banchetti e bevute. <\/em><em>Nessuna societ\u00e0 sfugge a questa alternanza di sacro e di profano, a questa oscillazione tra, da un lato, l&#8217;eccesso, il sacrilegio, il disordine e, dall&#8217;altro, il rispetto della Legge, delle norme sociali e dei divieti.<\/em><\/p>\n<p><em>Nella societ\u00e0 ebraica, il tempo della festa corrisponde a Purim [\u2026]. Questa esultanza celebra il salvataggio degli Ebrei da parte di Mardocheo e di Ester che sventarono il complotto del malvagio Aman, ministro di Assuero, il re di Persia che voleva annientare il popolo ebraico. La Meghilla Ester racconta questa trama diabolica ed il suo lieto fine. [\u2026] La giornata \u00e8 scandita anche da una serie di momenti di festa. Si beve finch\u00e9, dice il Talmud, non si riesce pi\u00f9 a distinguere tra &#8220;sia maledetto Aman&#8221; e &#8220;sia benedetto Mardocheo&#8221;. Si ride. Si canta. Si balla. Lo studio \u00e8 sospeso. Ci si scambiano regali, ci si offre dei dolci. Si pratica la beneficenza, in particolare attraverso le donazioni ai poveri. Si mangia, soprattutto durante un pasto festivo. Ci si traveste. Poich\u00e9 questo \u00e8 l&#8217;unico giorno del calendario ebraico in cui \u00e8 consentito cambiare sesso, gli uomini prendono in prestito gli abiti delle loro madri, sorelle e mogli. [\u2026] <strong>Tra questi rituali trasgressivi c&#8217;\u00e8 il Purim Shpil<\/strong>. \u00c8 un monologo, uno sketch, un&#8217;opera teatrale eseguita in yiddish nello spazio domestico durante il pasto di Purim od in una stanza della comunit\u00e0. [\u2026]<\/em><\/p>\n<p><em>La tradizione di Purim Shpil si \u00e8 sviluppata in Europa dal tardo medioevo fino ai giorni nostri, a testimonianza del suo ruolo centrale nella cultura ashkenazita. Ne troviamo la prima testimonianza in lingua yiddish in Italia nel 1555. Il che non significa che il Purim Shpil non esistesse prima. [\u2026]<\/em><\/p>\n<p><em>Questi spettacoli di burlesque, legati alla festa di Purim, un misto di canto, mimo, pantomima e danza diventano la matrice del teatro ebraico. La lingua yiddish, per la sua inventiva, la sua reativit\u00e0, la sua lunga tradizione letteraria, il suo ricco repertorio di poemi e canzoni, ha<\/em> <em>giocato un ruolo importante nella formazione dei giochi di Purim.[\u2026]<\/em><\/p>\n<h3><strong>Qualche Purim Shpil\u2026<\/strong><\/h3>\n<p><strong>La Meghilla d\u2019Itsik Manger<\/strong><\/p>\n<p>La <em>Meghilla di Itsik Manger<\/em> \u00e8 sicuramente il diversivo pi\u00f9 noto del Rotolo d\u2019Ester. Nel <strong>1936<\/strong> <strong>Itsik Manger<\/strong> pubblica il suo <em>Megile-lider<\/em> (Canti sul Rotolo d&#8217;Ester), una trentina di sketch immaginari e poetici, che raccontano la storia di Purim, ma includendo gli sfoghi umoristici, comici e persino <img decoding=\"async\" src=\"https:\/\/www.iemj.org\/wp-content\/uploads\/2018\/02\/p_4951_vig.jpg\" alt=\"p_4951_vig.jpg\" align=\"right\" data-description=\"&lt;strong&gt;Partition \u00e9dit\u00e9e par le Centre Medem Arbeter Ring&lt;\/strong&gt;\" \/>provocatori autorizzati dal Purim Shpil. Cos\u00ec nella sua introduzione, Itsik Manger scrive: \u201c[\u2026] Certo, questa storia \u00e8 raccontata qui in modo leggermente diverso. I narratori ufficiali del Rotolo, ad esempio, hanno passato sotto silenzio un personaggio importante come il sarto Cuturosso, sebbene il suo amore disperato per la regina Ester ed il suo tentato assassinio di re Assuero siano stati all\u2019origina d\u2019importanti eventi. [\u2026] \u2013 In ogni caso, hanno falsificato la verit\u00e0 storica! protester\u00e0 il nostro lettore e avr\u00e0 ragione. Ma loro, i cronisti, sono morti e sepolti, con le natiche rivolte verso le stelle. E non importa quanto gridi, non si preoccuperanno finch\u00e9 non verr\u00e0 il Messia. \u00bb<\/p>\n<p>Ma \u00e8 quasi 30 anni dopo che questi <em>Megile-lider<\/em> diventano un vero Purim Shpil con attori travestiti, che recitano e cantano davanti a un pubblico incantato. Diretto da <strong>Shmuel Bunim<\/strong>, con musiche di <strong>Dov Seltzer<\/strong>, questa creazione, avvenuta nel 1965 in un teatro nella vecchia Yaffo, sar\u00e0 seguita da una tourn\u00e9e negli Stati Uniti. Successivamente, lo spettacolo sar\u00e0 messo in scena da diverse compagnie a Strasburgo, Dresda, Tel-Aviv, Montreal, New York, in yiddish, ebraico, yiddish ed ebraico, o yiddish e francese&#8230;<\/p>\n<p><strong>Guardate qui di seguito un estratto dello spettacolo La Meguilla d&#8217;Itsik con la regia di Rafael Goldwaser in yiddish ed in francese, che si \u00e8 svolto al Medem Center nell&#8217;aprile 2015 (Immagini: Bernard Flam).<\/strong><\/p>\n<div style=\"width: 480px;\" class=\"wp-video\"><video class=\"wp-video-shortcode\" id=\"video-81629-1\" width=\"480\" height=\"360\" preload=\"metadata\" controls=\"controls\"><source type=\"video\/mp4\" src=\"https:\/\/www.iemj.org\/wp-content\/uploads\/2018\/02\/itsik2.mp4?_=1\" \/><a href=\"https:\/\/www.iemj.org\/wp-content\/uploads\/2018\/02\/itsik2.mp4\">https:\/\/www.iemj.org\/wp-content\/uploads\/2018\/02\/itsik2.mp4<\/a><\/video><\/div>\n<\/p>\n<p><a href=\"https:\/\/www.facebook.com\/watch\/?v=2017385601692404\">Visionate lo spettacolo originale in ebraico ed in yiddish della Meghilla di Itsik Manger del 1976<\/a><\/p>\n<p><strong>Homens Mapole<\/strong><\/p>\n<figure id=\"attachment_18479\" aria-describedby=\"caption-attachment-18479\" style=\"width: 354px\" class=\"wp-caption alignright\"><img fetchpriority=\"high\" decoding=\"async\" class=\"wp-image-18479\" src=\"https:\/\/www.iemj.org\/wp-content\/uploads\/2018\/02\/troim_teater_homens-300x207.jpg\" alt=\"troim_teater_homens.jpg\" width=\"354\" height=\"244\" srcset=\"https:\/\/www.iemj.org\/wp-content\/uploads\/2018\/02\/troim_teater_homens-300x207.jpg 300w, https:\/\/www.iemj.org\/wp-content\/uploads\/2018\/02\/troim_teater_homens.jpg 400w\" sizes=\"(max-width: 354px) 100vw, 354px\" \/><figcaption id=\"caption-attachment-18479\" class=\"wp-caption-text\">Il Tro\u00efm Teater &#8211; Compagnia teatrale yiddish della Maison de la Culture Yiddish, durante lo spettacolo di Homens Mapole con la regia di Charlotte Messer nel 2015<\/figcaption><\/figure>\n<p>La <em>Caduta di Aman<\/em> \u00e8 un&#8217;opera teatrale scritta nel 1940 da <strong>Ha\u00efm Slov\u00e8s<\/strong> (1905 \u2013 1988). Profondamente modificata alla Liberazione, lo spettacolo \u00e8 stato messo in scena dai migliori artisti del teatro yiddish dell&#8217;immediato dopoguerra, in particolare da <strong>Oscar Fessler<\/strong> e <strong>Zygmunt Turkow<\/strong>. Tra il 1946 e il 1949 fu eseguita molte volte a Parigi, New York, Los Angeles, Wroclaw, Rio de Janeiro e Buenos Aires. <em>(<a href=\"http:\/\/www.yiddishteater.org\/eng\/index.html\" target=\"_blank\" rel=\"noopener\">yiddishteater.org<\/a>)<\/em><\/p>\n<\/p>\n<p>Come per la Meghilla di Itsik Manger, la commedia di Sloves vede la comparsa di nuovi personaggi e la trasformazione di altri eroi. Cos\u00ec Mardocheo diventa un intermediario, un sensale di matrimon\u00ee ed \u00e8 un vecchio amico di una delle guardie del palazzo. Un loyfer, o &#8220;Mr Leale&#8221; \u00e8 anche l\u00ec per rivolgersi al pubblico e per presentare i personaggi. Intercede persino presso il re Assuero, cercando di dissuaderlo dal prendere una decisione sbagliata&#8230;<\/p>\n<p>Questo Purim Shpil ha un carattere speciale. Scritto durante la seconda guerra mondiale, ed eseguito nell&#8217;immediato dopoguerra, il riferimento al nazismo, il paragone di Aman con Hitler \u00e8 evidente. Ed il finale della commedia, sebbene interpretato con un&#8217;assurda danza popolare degna di Purim Shpil, non manca di dire la sua morale:<\/p>\n<p><img decoding=\"async\" class=\" aligncenter size-full wp-image-18481\" src=\"https:\/\/www.iemj.org\/wp-content\/uploads\/2018\/02\/une_telle_fin_arrivera4.jpg\" alt=\"une_telle_fin_arrivera4.jpg\" width=\"1560\" height=\"489\" align=\"middle\" srcset=\"https:\/\/www.iemj.org\/wp-content\/uploads\/2018\/02\/une_telle_fin_arrivera4.jpg 1560w, https:\/\/www.iemj.org\/wp-content\/uploads\/2018\/02\/une_telle_fin_arrivera4-300x94.jpg 300w, https:\/\/www.iemj.org\/wp-content\/uploads\/2018\/02\/une_telle_fin_arrivera4-1024x321.jpg 1024w, https:\/\/www.iemj.org\/wp-content\/uploads\/2018\/02\/une_telle_fin_arrivera4-768x241.jpg 768w, https:\/\/www.iemj.org\/wp-content\/uploads\/2018\/02\/une_telle_fin_arrivera4-1536x481.jpg 1536w, https:\/\/www.iemj.org\/wp-content\/uploads\/2018\/02\/une_telle_fin_arrivera4-600x188.jpg 600w\" sizes=\"(max-width: 1560px) 100vw, 1560px\" \/><\/p>\n<p><em>Una fine uguale arriver\u00e0<\/em><br \/><em>A tutti gli Aman della terra<\/em><br \/><em>Tralala e tralala<\/em><br \/><em>Tutti gli Aman della terra !<\/em><br \/><em>Anche se ci\u00f2 \u00e8 triste, rallegratevi quindi<\/em><br \/><em>Ascoltate fratelli, fratelli ascoltate,<\/em><br \/><em>Noi mettiamo tutti gli Aman<\/em><br \/><em>Tutti gli Aman sotto terra<\/em><br \/><em>Tralala e Tralala<\/em><br \/><em>Tutti gli Aman sotto terra !<\/em><\/p>\n<p><strong>Purim \u00e8 uno shpil aza<\/strong><\/p>\n<p><em>Purim \u00e8 un tale gioco<\/em> \u00e8 un poema musicale scritto in yiddish da <strong>Mirl Hofman<\/strong> (che poi prese lo pseudonimo di Gabriel Tolies), pubblicato nel 1968 a New York, e la cui musica fu composta da <strong>Malke Gotlib<\/strong>, (sorella di Chane Mlotek, grande compilatrice di canzoni yiddish). Questa storia per bambini \u00e8 stata scritta con un linguaggio semplice, in modo che i bambini potessero facilmente coglierne il significato. Quindi, per esempio, quando Aman vede che Mardocheo sta diventando un ospite frequente del re, si affretta ad avvertirlo che Mardocheo &#8220;far\u00e0 Hocus-Pokus&#8221; e che lo &#8220;trasformer\u00e0 in un cuculo&#8221;. Questo bellissimo libro \u00e8 stato illustrato da Tsirl Valetski e include i testi in yiddish, la melodia e un piccolo glossario di alcuni termini in yiddish e in traslitterato.<\/p>\n<p><img decoding=\"async\" class=\" alignright size-full wp-image-18483\" src=\"https:\/\/www.iemj.org\/wp-content\/uploads\/2018\/02\/purim_iz_a_shpil.jpg\" alt=\"purim_iz_a_shpil.jpg\" width=\"1333\" height=\"966\" align=\"right\" srcset=\"https:\/\/www.iemj.org\/wp-content\/uploads\/2018\/02\/purim_iz_a_shpil.jpg 1333w, https:\/\/www.iemj.org\/wp-content\/uploads\/2018\/02\/purim_iz_a_shpil-300x217.jpg 300w, https:\/\/www.iemj.org\/wp-content\/uploads\/2018\/02\/purim_iz_a_shpil-1024x742.jpg 1024w, https:\/\/www.iemj.org\/wp-content\/uploads\/2018\/02\/purim_iz_a_shpil-768x557.jpg 768w, https:\/\/www.iemj.org\/wp-content\/uploads\/2018\/02\/purim_iz_a_shpil-600x435.jpg 600w\" sizes=\"(max-width: 1333px) 100vw, 1333px\" \/><\/p>\n<p>\u00c8 possibile visualizzare <a href=\"https:\/\/www.yiddishbookcenter.org\/collections\/yiddish-books\/spb-nybc201360\/purim-iz-a-shpil-aza\">l&#8217;intero libro sul sito Web Yiddish Book Center<\/a><\/p>\n<p><strong>Esther di Carpentras<\/strong><\/p>\n<p>Ispirata a Purim Shpil, Ester de Carpentras \u00e8 un&#8217;opera-buffa in 2 atti, il cui libretto \u00e8 stato scritto da <strong>Armand Lunel<\/strong> e la musica composta da <strong>Darius Milhaud<\/strong>. L&#8217;opera fu rappresentata per la prima volta il 1\u00b0 febbraio 1938 all&#8217;Op\u00e9ra-Comique di Parigi.<\/p>\n<p><img loading=\"lazy\" decoding=\"async\" class=\" alignleft  wp-image-18485\" src=\"https:\/\/www.iemj.org\/wp-content\/uploads\/2018\/02\/pages_de_p_4968_400.jpg\" alt=\"pages_de_p_4968_400.jpg\" width=\"350\" height=\"522\" align=\"left\" srcset=\"https:\/\/www.iemj.org\/wp-content\/uploads\/2018\/02\/pages_de_p_4968_400.jpg 400w, https:\/\/www.iemj.org\/wp-content\/uploads\/2018\/02\/pages_de_p_4968_400-201x300.jpg 201w\" sizes=\"(max-width: 350px) 100vw, 350px\" \/>Questo \u00e8 ci\u00f2 che Armand Lunel scrive sul principale quotidiano indipendente Ce Soir, il 30 gennaio 1938:<\/p>\n<p><em>\u201cScrivendo Esther de Carpentras, ci siamo ispirati ad un modello tradizionale che risale al Medioevo. Ogni anno, a marzo, gli ebrei celebrano nella sinagoga la festa di Purim, che ricorda il miracoloso intervento della regina Ester con il re Assuero per liberare gli israeliti dalla persecuzione del suo ministro Aman, che aveva sorteggiato la data del loro massacro . Ma ai tempi dei ghetti, Purim era un vero giorno festivo, e perfino una specie di carnevale. Fino alla fine del 18\u00b0 secolo, gli ebrei di Carpentras hanno organizzato, in questa occasione, rappresentazioni popolari della leggenda biblica, che si svolgevano all&#8217;aperto, nella piazza principale del ghetto. Questi poemi scritti prima in ebraico, poi in provenzale; sono stati paragonati ai misteri del medioevo, poich\u00e8 il tono della farsa e delle deliziose ingenuit\u00e0 si coniugavano naturalmente con la solennit\u00e0 religiosa e formavano, un po&#8217; come nelle Pastorali provenzali, una miscela molto saporita.<\/em><\/p>\n<p><em>[\u2026]Il primo atto forma un prologo in cui vediamo tre vecchi ebrei del ghetto di Carpentras: Artaban, finanziere, Barbacan, portiere della sinagoga, e Cacan, amante del teatro, arrivare in delegazione presso il cardinale vescovo della citt\u00e0 per chiedergli il permesso, secondo l&#8217;usanza, di recitare il dramma di Ester il giorno successivo. Nell&#8217;anticamera del vescovado, vengono inizialmente ricevuti piuttosto male da Vaucluse, il valletto del cardinale. Questo Vaucluse ha sempre avuto una passione molto innocente: quella di convertire gli ebrei del Comtat Venaissin cantando loro canti natalizi che compone nel tempo libero; [\u2026] Poich\u00e9 lui (il cardinale-vescovo) era arrivato da poco da Roma, si era trovato piuttosto sorpreso di scoprire degli ebrei di una specie cos\u00ec singolare a Carpentras; [\u2026] Ma, appena partiti, si ripromette nel suo intimo di sfruttare questa rappresentazione della regina Ester per fare anche meglio di Vaucluse e tentare una conversione di massa di tutti gli ebrei della citt\u00e0. \u00bb<\/em> Armand Lunel<\/p>\n<p><img loading=\"lazy\" decoding=\"async\" class=\" alignright  wp-image-18487\" src=\"https:\/\/www.iemj.org\/wp-content\/uploads\/2018\/02\/pages_de_p_4968-2_400.jpg\" alt=\"pages_de_p_4968-2_400.jpg\" width=\"396\" height=\"613\" align=\"right\" srcset=\"https:\/\/www.iemj.org\/wp-content\/uploads\/2018\/02\/pages_de_p_4968-2_400.jpg 400w, https:\/\/www.iemj.org\/wp-content\/uploads\/2018\/02\/pages_de_p_4968-2_400-194x300.jpg 194w\" sizes=\"(max-width: 396px) 100vw, 396px\" \/>In questa descrizione del 1\u00b0 atto rileviamo tutti i codici di Purim Shpil: le deformazioni dei personaggi biblici (nel secondo atto Artaban assume il ruolo di Assuero, Barbacan quello di Mardocheo\u2026), questa tecnica del \u201cteatro nel teatro \u201d , l\u2019umorismo leggermente cupo, con questo cameriere che compone canti natalizi nel suo tempo libero&#8230;<\/p>\n<p>Lo spettacolo si conclude fortunatamente bene, come spiega Armand Lunel nella sua presentazione: \u00ab\u00a0Il dramma si conclude con un doppio coro: da una parte quello del capitolo che viene a cercare il vescovo, dall&#8217;altra quello degli ebrei che ringraziano il Signore. Tutto rientra cos\u00ec nell&#8217;ordine; perch\u00e9, nel vecchio Ghetto di Carpentras, sotto questo cielo meridionale e tollerante, le voci dell&#8217;Antico e del Nuovo Testamento hanno potuto risuonare per lunghi secoli senza la minima nota falsa. \u00bb<\/p>\n<p><strong>Fonti:<\/strong><\/p>\n<p><em>\u201cLa storia di Purim Shpil\u201d, sul sito internet del Collettivo Pourim Shpil, Jean Baumgarten<br \/>\u201cLa Meghilla d\u2019Itsik\u201d, pubblicata dal Centre-Medem Arbeter Ring, prefazione di Bernard Vaisbrot<br \/>\u201cHomens Mapole\u201d, sul sito della troupe yiddish Tro\u00efm Teater<br \/>\u201cPurim is a shpil aza\u201d, sul sito internet del Collettivo Purim Shpil<br \/>\u201cFir kemferins kegn di pesimistn fun yiddish\u201d, Sore-Rokhl Shekhter, Forverts, 9 marzo 2012<br \/>\u201cEsther de Carpentras\u201d, sul sito internet del Colletiftivo Purim Shpil, Louis Laloy<\/em><\/p>\n<p><a href=\"http:\/\/www.yiddishteater.org\/fr\/\">Consultare il sito web di Tro\u00efm Teater<\/a><br \/><a href=\"https:\/\/www.iemj.org\/en\/le-pourim-shpil\/\">Scoprire di pi\u00f9 su La Meghilla d&#8217;Itsik, a cura del Centro Medem Arbeter Ring<\/a><br \/><a href=\"https:\/\/www.iemj.org\/en\/le-pourim-shpil\/\">Ascoltare il programma radiofonico dell\u2019IEMJ dedicato al Purim Shpil, presentato da Herv\u00e9 Roten, che riceve Bernard Vaisbrot<\/a><\/p>\n\n<div class=\"wp-block-image\">\n<figure class=\"aligncenter size-large\"><img loading=\"lazy\" decoding=\"async\" width=\"1024\" height=\"133\" src=\"https:\/\/www.iemj.org\/wp-content\/uploads\/2024\/03\/AUDIO-PLAYER-1024x133.png\" alt=\"\" class=\"wp-image-110609\" srcset=\"https:\/\/www.iemj.org\/wp-content\/uploads\/2024\/03\/AUDIO-PLAYER-1024x133.png 1024w, https:\/\/www.iemj.org\/wp-content\/uploads\/2024\/03\/AUDIO-PLAYER-300x39.png 300w, https:\/\/www.iemj.org\/wp-content\/uploads\/2024\/03\/AUDIO-PLAYER-768x100.png 768w, https:\/\/www.iemj.org\/wp-content\/uploads\/2024\/03\/AUDIO-PLAYER-600x78.png 600w, https:\/\/www.iemj.org\/wp-content\/uploads\/2024\/03\/AUDIO-PLAYER.png 1210w\" sizes=\"(max-width: 1024px) 100vw, 1024px\" \/><\/figure>\n<\/div>\n\n\n<div class=\"wp-block-file\"><\/div>\n\n\n\n<p><\/p>\n","protected":false},"excerpt":{"rendered":"<p>Purim Shpil \u2013 etimologicamente \u201cgioco di Purim\u201d in yiddish \u2013 \u00e8 un&#8217;opera satirica che mescola teatro, musica, danza, canzoni, mimi e travestimenti. Questa usanza \u00e8 strettamente legata alla festa del<\/p>\n","protected":false},"author":1048,"featured_media":81630,"comment_status":"closed","ping_status":"closed","sticky":false,"template":"","format":"standard","meta":{"_acf_changed":false,"footnotes":""},"categories":[1407],"tags":[],"technique":[],"squelettes":[],"sujet":[1807],"formation":[],"genre":[],"fonds":[],"tradition":[],"type-de-contenu":[],"interprete-compositeur":[],"frise":[],"type-devenement":[],"tableaux-liens-externes":[],"class_list":["post-81629","post","type-post","status-publish","format-standard","has-post-thumbnail","hentry","category-articoli-di-fondo-it","sujet-purim-it"],"acf":[],"yoast_head":"<!-- This site is optimized with the Yoast SEO plugin v27.3 - https:\/\/yoast.com\/product\/yoast-seo-wordpress\/ -->\n<title>The Purim Shpil - Institut Europ\u00e9en des Musiques Juives<\/title>\n<meta name=\"robots\" content=\"index, follow, max-snippet:-1, max-image-preview:large, max-video-preview:-1\" \/>\n<link rel=\"canonical\" href=\"https:\/\/www.iemj.org\/it\/le-pourim-shpil-2\/\" \/>\n<meta property=\"og:locale\" content=\"it_IT\" \/>\n<meta property=\"og:type\" content=\"article\" \/>\n<meta property=\"og:title\" content=\"The Purim Shpil - Institut Europ\u00e9en des Musiques Juives\" \/>\n<meta property=\"og:description\" content=\"Purim Shpil \u2013 etimologicamente \u201cgioco di Purim\u201d in yiddish \u2013 \u00e8 un&#8217;opera satirica che mescola teatro, musica, danza, canzoni, mimi e travestimenti. Questa usanza \u00e8 strettamente legata alla festa del\" \/>\n<meta property=\"og:url\" content=\"https:\/\/www.iemj.org\/it\/le-pourim-shpil-2\/\" \/>\n<meta property=\"og:site_name\" content=\"Institut Europ\u00e9en des Musiques Juives\" \/>\n<meta property=\"article:publisher\" content=\"https:\/\/www.facebook.com\/MusiquesJuives\/\" \/>\n<meta property=\"article:published_time\" content=\"2018-02-21T16:52:18+00:00\" \/>\n<meta property=\"article:modified_time\" content=\"2025-10-06T12:37:47+00:00\" \/>\n<meta property=\"og:image\" content=\"https:\/\/www.iemj.org\/wp-content\/uploads\/2018\/02\/arton3195.jpg\" \/>\n\t<meta property=\"og:image:width\" content=\"400\" \/>\n\t<meta property=\"og:image:height\" content=\"313\" \/>\n\t<meta property=\"og:image:type\" content=\"image\/jpeg\" \/>\n<meta name=\"author\" content=\"Jean-Gabriel Davis\" \/>\n<meta name=\"twitter:card\" content=\"summary_large_image\" \/>\n<meta name=\"twitter:label1\" content=\"Scritto da\" \/>\n\t<meta name=\"twitter:data1\" content=\"Jean-Gabriel Davis\" \/>\n\t<meta name=\"twitter:label2\" content=\"Tempo di lettura stimato\" \/>\n\t<meta name=\"twitter:data2\" content=\"11 minuti\" \/>\n<script type=\"application\/ld+json\" class=\"yoast-schema-graph\">{\"@context\":\"https:\\\/\\\/schema.org\",\"@graph\":[{\"@type\":\"Article\",\"@id\":\"https:\\\/\\\/www.iemj.org\\\/it\\\/le-pourim-shpil-2\\\/#article\",\"isPartOf\":{\"@id\":\"https:\\\/\\\/www.iemj.org\\\/it\\\/le-pourim-shpil-2\\\/\"},\"author\":{\"name\":\"Jean-Gabriel Davis\",\"@id\":\"https:\\\/\\\/www.iemj.org\\\/it\\\/#\\\/schema\\\/person\\\/c9bc1c386a3749579a2d675e72a18666\"},\"headline\":\"The Purim Shpil\",\"datePublished\":\"2018-02-21T16:52:18+00:00\",\"dateModified\":\"2025-10-06T12:37:47+00:00\",\"mainEntityOfPage\":{\"@id\":\"https:\\\/\\\/www.iemj.org\\\/it\\\/le-pourim-shpil-2\\\/\"},\"wordCount\":1815,\"publisher\":{\"@id\":\"https:\\\/\\\/www.iemj.org\\\/it\\\/#organization\"},\"image\":{\"@id\":\"https:\\\/\\\/www.iemj.org\\\/it\\\/le-pourim-shpil-2\\\/#primaryimage\"},\"thumbnailUrl\":\"https:\\\/\\\/www.iemj.org\\\/wp-content\\\/uploads\\\/2018\\\/02\\\/arton3195.jpg\",\"articleSection\":[\"Articoli di fondo\"],\"inLanguage\":\"it-IT\"},{\"@type\":\"WebPage\",\"@id\":\"https:\\\/\\\/www.iemj.org\\\/it\\\/le-pourim-shpil-2\\\/\",\"url\":\"https:\\\/\\\/www.iemj.org\\\/it\\\/le-pourim-shpil-2\\\/\",\"name\":\"The Purim Shpil - Institut Europ\u00e9en des Musiques Juives\",\"isPartOf\":{\"@id\":\"https:\\\/\\\/www.iemj.org\\\/it\\\/#website\"},\"primaryImageOfPage\":{\"@id\":\"https:\\\/\\\/www.iemj.org\\\/it\\\/le-pourim-shpil-2\\\/#primaryimage\"},\"image\":{\"@id\":\"https:\\\/\\\/www.iemj.org\\\/it\\\/le-pourim-shpil-2\\\/#primaryimage\"},\"thumbnailUrl\":\"https:\\\/\\\/www.iemj.org\\\/wp-content\\\/uploads\\\/2018\\\/02\\\/arton3195.jpg\",\"datePublished\":\"2018-02-21T16:52:18+00:00\",\"dateModified\":\"2025-10-06T12:37:47+00:00\",\"breadcrumb\":{\"@id\":\"https:\\\/\\\/www.iemj.org\\\/it\\\/le-pourim-shpil-2\\\/#breadcrumb\"},\"inLanguage\":\"it-IT\",\"potentialAction\":[{\"@type\":\"ReadAction\",\"target\":[\"https:\\\/\\\/www.iemj.org\\\/it\\\/le-pourim-shpil-2\\\/\"]}]},{\"@type\":\"ImageObject\",\"inLanguage\":\"it-IT\",\"@id\":\"https:\\\/\\\/www.iemj.org\\\/it\\\/le-pourim-shpil-2\\\/#primaryimage\",\"url\":\"https:\\\/\\\/www.iemj.org\\\/wp-content\\\/uploads\\\/2018\\\/02\\\/arton3195.jpg\",\"contentUrl\":\"https:\\\/\\\/www.iemj.org\\\/wp-content\\\/uploads\\\/2018\\\/02\\\/arton3195.jpg\",\"width\":400,\"height\":313},{\"@type\":\"BreadcrumbList\",\"@id\":\"https:\\\/\\\/www.iemj.org\\\/it\\\/le-pourim-shpil-2\\\/#breadcrumb\",\"itemListElement\":[{\"@type\":\"ListItem\",\"position\":1,\"name\":\"Accueil\",\"item\":\"https:\\\/\\\/www.iemj.org\\\/it\\\/\"},{\"@type\":\"ListItem\",\"position\":2,\"name\":\"The Purim Shpil\"}]},{\"@type\":\"WebSite\",\"@id\":\"https:\\\/\\\/www.iemj.org\\\/it\\\/#website\",\"url\":\"https:\\\/\\\/www.iemj.org\\\/it\\\/\",\"name\":\"Institut Europ\u00e9en des Musiques Juives\",\"description\":\"Des traditions musicales \u00e0 la port\u00e9e de tous\",\"publisher\":{\"@id\":\"https:\\\/\\\/www.iemj.org\\\/it\\\/#organization\"},\"potentialAction\":[{\"@type\":\"SearchAction\",\"target\":{\"@type\":\"EntryPoint\",\"urlTemplate\":\"https:\\\/\\\/www.iemj.org\\\/it\\\/?s={search_term_string}\"},\"query-input\":{\"@type\":\"PropertyValueSpecification\",\"valueRequired\":true,\"valueName\":\"search_term_string\"}}],\"inLanguage\":\"it-IT\"},{\"@type\":\"Organization\",\"@id\":\"https:\\\/\\\/www.iemj.org\\\/it\\\/#organization\",\"name\":\"Institut Europ\u00e9en des Musiques Juives\",\"url\":\"https:\\\/\\\/www.iemj.org\\\/it\\\/\",\"logo\":{\"@type\":\"ImageObject\",\"inLanguage\":\"it-IT\",\"@id\":\"https:\\\/\\\/www.iemj.org\\\/it\\\/#\\\/schema\\\/logo\\\/image\\\/\",\"url\":\"https:\\\/\\\/www.iemj.org\\\/wp-content\\\/uploads\\\/2021\\\/09\\\/Logo-IEMJ-Paypal.jpg\",\"contentUrl\":\"https:\\\/\\\/www.iemj.org\\\/wp-content\\\/uploads\\\/2021\\\/09\\\/Logo-IEMJ-Paypal.jpg\",\"width\":150,\"height\":50,\"caption\":\"Institut Europ\u00e9en des Musiques Juives\"},\"image\":{\"@id\":\"https:\\\/\\\/www.iemj.org\\\/it\\\/#\\\/schema\\\/logo\\\/image\\\/\"},\"sameAs\":[\"https:\\\/\\\/www.facebook.com\\\/MusiquesJuives\\\/\",\"https:\\\/\\\/www.instagram.com\\\/musiquesjuives\\\/\",\"https:\\\/\\\/www.youtube.com\\\/user\\\/musiquesjuives\"]},{\"@type\":\"Person\",\"@id\":\"https:\\\/\\\/www.iemj.org\\\/it\\\/#\\\/schema\\\/person\\\/c9bc1c386a3749579a2d675e72a18666\",\"name\":\"Jean-Gabriel Davis\",\"image\":{\"@type\":\"ImageObject\",\"inLanguage\":\"it-IT\",\"@id\":\"https:\\\/\\\/secure.gravatar.com\\\/avatar\\\/2b90d67bdf392c9b3a21fab87c0fa7edaf1fb3a058172a1ffd61033fcec7aec1?s=96&d=mm&r=g\",\"url\":\"https:\\\/\\\/secure.gravatar.com\\\/avatar\\\/2b90d67bdf392c9b3a21fab87c0fa7edaf1fb3a058172a1ffd61033fcec7aec1?s=96&d=mm&r=g\",\"contentUrl\":\"https:\\\/\\\/secure.gravatar.com\\\/avatar\\\/2b90d67bdf392c9b3a21fab87c0fa7edaf1fb3a058172a1ffd61033fcec7aec1?s=96&d=mm&r=g\",\"caption\":\"Jean-Gabriel Davis\"}}]}<\/script>\n<!-- \/ Yoast SEO plugin. -->","yoast_head_json":{"title":"The Purim Shpil - Institut Europ\u00e9en des Musiques Juives","robots":{"index":"index","follow":"follow","max-snippet":"max-snippet:-1","max-image-preview":"max-image-preview:large","max-video-preview":"max-video-preview:-1"},"canonical":"https:\/\/www.iemj.org\/it\/le-pourim-shpil-2\/","og_locale":"it_IT","og_type":"article","og_title":"The Purim Shpil - Institut Europ\u00e9en des Musiques Juives","og_description":"Purim Shpil \u2013 etimologicamente \u201cgioco di Purim\u201d in yiddish \u2013 \u00e8 un&#8217;opera satirica che mescola teatro, musica, danza, canzoni, mimi e travestimenti. Questa usanza \u00e8 strettamente legata alla festa del","og_url":"https:\/\/www.iemj.org\/it\/le-pourim-shpil-2\/","og_site_name":"Institut Europ\u00e9en des Musiques Juives","article_publisher":"https:\/\/www.facebook.com\/MusiquesJuives\/","article_published_time":"2018-02-21T16:52:18+00:00","article_modified_time":"2025-10-06T12:37:47+00:00","og_image":[{"width":400,"height":313,"url":"https:\/\/www.iemj.org\/wp-content\/uploads\/2018\/02\/arton3195.jpg","type":"image\/jpeg"}],"author":"Jean-Gabriel Davis","twitter_card":"summary_large_image","twitter_misc":{"Scritto da":"Jean-Gabriel Davis","Tempo di lettura stimato":"11 minuti"},"schema":{"@context":"https:\/\/schema.org","@graph":[{"@type":"Article","@id":"https:\/\/www.iemj.org\/it\/le-pourim-shpil-2\/#article","isPartOf":{"@id":"https:\/\/www.iemj.org\/it\/le-pourim-shpil-2\/"},"author":{"name":"Jean-Gabriel Davis","@id":"https:\/\/www.iemj.org\/it\/#\/schema\/person\/c9bc1c386a3749579a2d675e72a18666"},"headline":"The Purim Shpil","datePublished":"2018-02-21T16:52:18+00:00","dateModified":"2025-10-06T12:37:47+00:00","mainEntityOfPage":{"@id":"https:\/\/www.iemj.org\/it\/le-pourim-shpil-2\/"},"wordCount":1815,"publisher":{"@id":"https:\/\/www.iemj.org\/it\/#organization"},"image":{"@id":"https:\/\/www.iemj.org\/it\/le-pourim-shpil-2\/#primaryimage"},"thumbnailUrl":"https:\/\/www.iemj.org\/wp-content\/uploads\/2018\/02\/arton3195.jpg","articleSection":["Articoli di fondo"],"inLanguage":"it-IT"},{"@type":"WebPage","@id":"https:\/\/www.iemj.org\/it\/le-pourim-shpil-2\/","url":"https:\/\/www.iemj.org\/it\/le-pourim-shpil-2\/","name":"The Purim Shpil - Institut Europ\u00e9en des Musiques Juives","isPartOf":{"@id":"https:\/\/www.iemj.org\/it\/#website"},"primaryImageOfPage":{"@id":"https:\/\/www.iemj.org\/it\/le-pourim-shpil-2\/#primaryimage"},"image":{"@id":"https:\/\/www.iemj.org\/it\/le-pourim-shpil-2\/#primaryimage"},"thumbnailUrl":"https:\/\/www.iemj.org\/wp-content\/uploads\/2018\/02\/arton3195.jpg","datePublished":"2018-02-21T16:52:18+00:00","dateModified":"2025-10-06T12:37:47+00:00","breadcrumb":{"@id":"https:\/\/www.iemj.org\/it\/le-pourim-shpil-2\/#breadcrumb"},"inLanguage":"it-IT","potentialAction":[{"@type":"ReadAction","target":["https:\/\/www.iemj.org\/it\/le-pourim-shpil-2\/"]}]},{"@type":"ImageObject","inLanguage":"it-IT","@id":"https:\/\/www.iemj.org\/it\/le-pourim-shpil-2\/#primaryimage","url":"https:\/\/www.iemj.org\/wp-content\/uploads\/2018\/02\/arton3195.jpg","contentUrl":"https:\/\/www.iemj.org\/wp-content\/uploads\/2018\/02\/arton3195.jpg","width":400,"height":313},{"@type":"BreadcrumbList","@id":"https:\/\/www.iemj.org\/it\/le-pourim-shpil-2\/#breadcrumb","itemListElement":[{"@type":"ListItem","position":1,"name":"Accueil","item":"https:\/\/www.iemj.org\/it\/"},{"@type":"ListItem","position":2,"name":"The Purim Shpil"}]},{"@type":"WebSite","@id":"https:\/\/www.iemj.org\/it\/#website","url":"https:\/\/www.iemj.org\/it\/","name":"Institut Europ\u00e9en des Musiques Juives","description":"Des traditions musicales \u00e0 la port\u00e9e de tous","publisher":{"@id":"https:\/\/www.iemj.org\/it\/#organization"},"potentialAction":[{"@type":"SearchAction","target":{"@type":"EntryPoint","urlTemplate":"https:\/\/www.iemj.org\/it\/?s={search_term_string}"},"query-input":{"@type":"PropertyValueSpecification","valueRequired":true,"valueName":"search_term_string"}}],"inLanguage":"it-IT"},{"@type":"Organization","@id":"https:\/\/www.iemj.org\/it\/#organization","name":"Institut Europ\u00e9en des Musiques Juives","url":"https:\/\/www.iemj.org\/it\/","logo":{"@type":"ImageObject","inLanguage":"it-IT","@id":"https:\/\/www.iemj.org\/it\/#\/schema\/logo\/image\/","url":"https:\/\/www.iemj.org\/wp-content\/uploads\/2021\/09\/Logo-IEMJ-Paypal.jpg","contentUrl":"https:\/\/www.iemj.org\/wp-content\/uploads\/2021\/09\/Logo-IEMJ-Paypal.jpg","width":150,"height":50,"caption":"Institut Europ\u00e9en des Musiques Juives"},"image":{"@id":"https:\/\/www.iemj.org\/it\/#\/schema\/logo\/image\/"},"sameAs":["https:\/\/www.facebook.com\/MusiquesJuives\/","https:\/\/www.instagram.com\/musiquesjuives\/","https:\/\/www.youtube.com\/user\/musiquesjuives"]},{"@type":"Person","@id":"https:\/\/www.iemj.org\/it\/#\/schema\/person\/c9bc1c386a3749579a2d675e72a18666","name":"Jean-Gabriel Davis","image":{"@type":"ImageObject","inLanguage":"it-IT","@id":"https:\/\/secure.gravatar.com\/avatar\/2b90d67bdf392c9b3a21fab87c0fa7edaf1fb3a058172a1ffd61033fcec7aec1?s=96&d=mm&r=g","url":"https:\/\/secure.gravatar.com\/avatar\/2b90d67bdf392c9b3a21fab87c0fa7edaf1fb3a058172a1ffd61033fcec7aec1?s=96&d=mm&r=g","contentUrl":"https:\/\/secure.gravatar.com\/avatar\/2b90d67bdf392c9b3a21fab87c0fa7edaf1fb3a058172a1ffd61033fcec7aec1?s=96&d=mm&r=g","caption":"Jean-Gabriel Davis"}}]}},"_links":{"self":[{"href":"https:\/\/www.iemj.org\/it\/wp-json\/wp\/v2\/posts\/81629","targetHints":{"allow":["GET"]}}],"collection":[{"href":"https:\/\/www.iemj.org\/it\/wp-json\/wp\/v2\/posts"}],"about":[{"href":"https:\/\/www.iemj.org\/it\/wp-json\/wp\/v2\/types\/post"}],"author":[{"embeddable":true,"href":"https:\/\/www.iemj.org\/it\/wp-json\/wp\/v2\/users\/1048"}],"replies":[{"embeddable":true,"href":"https:\/\/www.iemj.org\/it\/wp-json\/wp\/v2\/comments?post=81629"}],"version-history":[{"count":1,"href":"https:\/\/www.iemj.org\/it\/wp-json\/wp\/v2\/posts\/81629\/revisions"}],"predecessor-version":[{"id":126386,"href":"https:\/\/www.iemj.org\/it\/wp-json\/wp\/v2\/posts\/81629\/revisions\/126386"}],"wp:featuredmedia":[{"embeddable":true,"href":"https:\/\/www.iemj.org\/it\/wp-json\/wp\/v2\/media\/81630"}],"wp:attachment":[{"href":"https:\/\/www.iemj.org\/it\/wp-json\/wp\/v2\/media?parent=81629"}],"wp:term":[{"taxonomy":"category","embeddable":true,"href":"https:\/\/www.iemj.org\/it\/wp-json\/wp\/v2\/categories?post=81629"},{"taxonomy":"post_tag","embeddable":true,"href":"https:\/\/www.iemj.org\/it\/wp-json\/wp\/v2\/tags?post=81629"},{"taxonomy":"technique","embeddable":true,"href":"https:\/\/www.iemj.org\/it\/wp-json\/wp\/v2\/technique?post=81629"},{"taxonomy":"squelettes","embeddable":true,"href":"https:\/\/www.iemj.org\/it\/wp-json\/wp\/v2\/squelettes?post=81629"},{"taxonomy":"sujet","embeddable":true,"href":"https:\/\/www.iemj.org\/it\/wp-json\/wp\/v2\/sujet?post=81629"},{"taxonomy":"formation","embeddable":true,"href":"https:\/\/www.iemj.org\/it\/wp-json\/wp\/v2\/formation?post=81629"},{"taxonomy":"genre","embeddable":true,"href":"https:\/\/www.iemj.org\/it\/wp-json\/wp\/v2\/genre?post=81629"},{"taxonomy":"fonds","embeddable":true,"href":"https:\/\/www.iemj.org\/it\/wp-json\/wp\/v2\/fonds?post=81629"},{"taxonomy":"tradition","embeddable":true,"href":"https:\/\/www.iemj.org\/it\/wp-json\/wp\/v2\/tradition?post=81629"},{"taxonomy":"type-de-contenu","embeddable":true,"href":"https:\/\/www.iemj.org\/it\/wp-json\/wp\/v2\/type-de-contenu?post=81629"},{"taxonomy":"interprete-compositeur","embeddable":true,"href":"https:\/\/www.iemj.org\/it\/wp-json\/wp\/v2\/interprete-compositeur?post=81629"},{"taxonomy":"frise","embeddable":true,"href":"https:\/\/www.iemj.org\/it\/wp-json\/wp\/v2\/frise?post=81629"},{"taxonomy":"type-devenement","embeddable":true,"href":"https:\/\/www.iemj.org\/it\/wp-json\/wp\/v2\/type-devenement?post=81629"},{"taxonomy":"tableaux-liens-externes","embeddable":true,"href":"https:\/\/www.iemj.org\/it\/wp-json\/wp\/v2\/tableaux-liens-externes?post=81629"}],"curies":[{"name":"wp","href":"https:\/\/api.w.org\/{rel}","templated":true}]}}