{"id":82304,"date":"2019-12-11T10:12:16","date_gmt":"2019-12-11T09:12:16","guid":{"rendered":"https:\/\/www.iemj.org\/emile-jonas-1827-1905-de-la-synagogue-portugaise-a-la-garde-imperiale-en-passant-par-loperette\/"},"modified":"2023-11-29T11:57:35","modified_gmt":"2023-11-29T10:57:35","slug":"emile-jonas-1827-1905-de-la-synagogue-portugaise-a-la-garde-imperiale-en-passant-par-loperette","status":"publish","type":"post","link":"https:\/\/www.iemj.org\/it\/emile-jonas-1827-1905-de-la-synagogue-portugaise-a-la-garde-imperiale-en-passant-par-loperette\/","title":{"rendered":"Emile Jonas (1827-1905), dalla Sinagoga Portoghese alla Guardia Imperiale, passando per l&#8217;operetta"},"content":{"rendered":"<p>\u00c8 frequente che la notoriet\u00e0 di un compositore diminuisca lentamente dopo la sua morte, fino a sprofondare nell&#8217;oblio. Questo sembra essere particolarmente il caso, difficilmente giustificabile, del compositore <a href=\"https:\/\/www.iemj.org\/it\/jonas-emile-1827-1905\/\" target=\"_blank\" rel=\"noopener\">Emile Jonas<\/a>, che per diversi decenni ha condiviso le locandine dei teatri parigini con i pi\u00f9 famosi musicisti francesi e stranieri della seconda met\u00e0 dell&#8217;Ottocento. Attualmente, anche se non godono della fama delle opere di Jacques Offenbach (1819-1880), monarca assoluto e incontestato dell&#8217;opera buffa del suo tempo, le operette di Florimond Ronger (Herv\u00e9) ( 1825-1892) L\u00e9o Delibes (1836-1891), e in misura minore quelle di Aristide Hignard (1822-1898) o Isidore Legouix (1834-1916), e alcune della generazione successiva, Edmond Audran ( 1842-1901), Andr\u00e9 Messager (1853-1929 ), Charles Lecocq (1832-1918), Louis Varney (1844-1908), Robert Planquette (1848-1903) e Claude Terrasse (1867-1923) sono ancora conosciute e talvolta interpretate. Le produzioni teatrali di opere di Emile Jonas sono meno frequenti. Non c&#8217;\u00e8 registrazione audio o DVD. Ma, come vedremo, la sua produzione musicale lo meriterebbe ampiamente.<\/p>\n<p>Emile Jonas nasce in una famiglia ebrea a Parigi il 5 marzo 1827. Si sa molto poco della sua infanzia, dei suoi genitori, Simon Jonas e Jeannette Pohl, e della sua vita privata. Ma sappiamo che nel 1841, a soli 14 anni, il giovane Emile entra al Conservatoire National Sup\u00e9rieur de Musique ed \u00e8 ammesso alla classe di pianoforte e armonia di F\u00e9lix le Couppey (1811-1887) ed a quella di composizione di Michel Carafa (1787-1872).<\/p>\n<p>Nel 1847 vince il primo premio d&#8217;armonia al Conservatorio ed \u00e8 nominato assistente professore di solfeggio elementare. Nel 1849 riceve il prestigioso secondo Prix de Rome dell&#8217;Institut de France per la sua cantata <em>Antonio<\/em>. Completa i suoi studi al CNSM nel 1850 e l&#8217;anno successivo offre i suoi servizi al Concistoro di Parigi, come organista presso la sinagoga principale. E\u2019 accettato su raccomandazione di Fromental Hal\u00e9vy (1799-1862), il popolare compositore de <em>La Juive<\/em>. A quel tempo, la sinagoga centrale di Parigi, la stessa dove qualche anno prima Isaac Offenbach (1779-1850) aveva fatto il provino per essere hazan (cantore) e dove i suoi figli Jacques e Jules avevano diretto il coro, si trovava sull\u2019area attuale della sinagoga sefardita della rue Notre-Dame de Nazareth.<\/p>\n<p><img fetchpriority=\"high\" decoding=\"async\" class=\" alignleft size-full wp-image-26359\" src=\"https:\/\/www.iemj.org\/wp-content\/uploads\/2019\/12\/theatre_des_bouffes_parisiens_passage_choiseul_redim.jpg\" alt=\"theatre_des_bouffes_parisiens_passage_choiseul_redim.jpg\" width=\"400\" height=\"300\" align=\"left\" srcset=\"https:\/\/www.iemj.org\/wp-content\/uploads\/2019\/12\/theatre_des_bouffes_parisiens_passage_choiseul_redim.jpg 400w, https:\/\/www.iemj.org\/wp-content\/uploads\/2019\/12\/theatre_des_bouffes_parisiens_passage_choiseul_redim-300x225.jpg 300w\" sizes=\"(max-width: 400px) 100vw, 400px\" \/>Nel 1855 Offenbach trasforma il Th\u00e9\u00e2tre Comte du Passage Choiseul in un luogo per spettacoli progettato come una miniatura del Th\u00e9\u00e2tre des Italiens, allora l&#8217;equivalente dell&#8217;Opera di Parigi. Nascono cos\u00ec i mitici Bouffes Parisiens, che offrono spettacoli di teatro musicale con la partecipazione di un massimo di quattro cantanti per scena. Concedendo l&#8217;apertura di questo teatro, il Ministro della Cultura \u00ab vuole premiare gli sforzi intelligenti del suo giovane regista, non solo perch\u00e9\u00a0 Bouffes Parisiens \u00e8 il teatro di un musicista di talento, ma anche perch\u00e9 \u00e8 diventato un vero e proprio vivaio di nuovi promettenti artisti \u00bb . E\u2019 in questo teatro che Emile Jonas presenta, nell&#8217;ottobre dello stesso anno, la sua prima opera, la farsa musicale in un atto <em>Le duel de Benjamin<\/em>, elogiata da J. Lovy nella sua rivista Le M\u00e9n\u00e9strel.<\/p>\n<p><img decoding=\"async\" class=\" alignright size-full wp-image-26361\" src=\"https:\/\/www.iemj.org\/wp-content\/uploads\/2019\/12\/la_chatte_blanche_recadre_redim.jpg\" alt=\"la_chatte_blanche_recadre_redim.jpg\" width=\"312\" height=\"400\" align=\"right\" srcset=\"https:\/\/www.iemj.org\/wp-content\/uploads\/2019\/12\/la_chatte_blanche_recadre_redim.jpg 312w, https:\/\/www.iemj.org\/wp-content\/uploads\/2019\/12\/la_chatte_blanche_recadre_redim-234x300.jpg 234w\" sizes=\"(max-width: 312px) 100vw, 312px\" \/>Da quel momento in poi il nome di \u00c9mile Jonas sar\u00e0 sempre legato a quello del Th\u00e9\u00e2tre des Bouffes Parisiens e del suo mentore e amico Jacques Offenbach. Negli anni seguenti Offenbach lo presenta ai migliori librettisti del suo tempo e produce altre sei delle sue opere, le opere comiche in un atto <em>La Parade<\/em> (1856), <em>Le Roi boit<\/em> (1857), <em>Les Petits Prodiges<\/em> (1857), per il quale Offenbach contribuisce per almeno due numeri, <em>Job et son chien<\/em> (1863), <em>Le manoir des Lar\u00e9nardi\u00e8re<\/em> (1864), <em>Avant la noce<\/em> (1865) <em>e D\u00e9sir\u00e9, sire de Champigny<\/em> (1869). Questi lavori saranno nel repertorio teatrale e andranno in tourn\u00e9e con la compagnia delle Bouffes-Parisiens in Francia e in Europa. Altre opere pi\u00f9 importanti di Jonas saranno presentate in altri teatri.<\/p>\n<p>Durante tutto questo tempo, \u00c9mile Jonas non trascura le sue attivit\u00e0 di insegnamento. Nel 1857 \u00e8 nominato professore a tempo indeterminato di armonia e composizione al CNSM per gli studenti militari. Poco dopo diventa direttore musicale della Guardia Imperiale, dove svolge un&#8217;intensa attivit\u00e0, componendo numerose marce, fanfare ed altre opere militari, utilizzando preferibilmente la variegata gamma di strumenti inventati da Adolphe Sax (1814-1894), tra cui un versione migliorata del clarinetto basso, del saxhorn, del sax-trombone e della sua creazione pi\u00f9 famosa, il sassofono.<\/p>\n<p>Nel 1867 Emile Jonas \u00e8 eletto nel comitato organizzatore delle parate militari per l&#8217;indimenticabile Esposizione Universale inaugurata da Napoleone III e da sua moglie, l&#8217;imperatrice Eugenia. La cantante Hortense Schneider visita l&#8217;Esposizione, prendendo in prestito il titolo di \u201cGranduchessa di G\u00e9rolstein\u201d, in riferimento al suo recente trionfo nell&#8217;omonima operetta di Offenbach. Jonas non \u00e8 solo elogiato all&#8217;unanimit\u00e0 per i suoi contributi artistici, ma anche per la sua dedizione e il suo senso dell&#8217;organizzazione. \u00c8 membro di diverse giurie, redige il regolamento di vari concorsi e organizza il festival musicale dell\u2019Esposizione, nel quale produce due delle sue creazioni: <em>La Victoire<\/em> e <em>Le Diamant<\/em>, accanto a opere di M\u00e9hul, Auber, Gluck, Mendelssohn, Wagner, Rossini e Meyerbeer. Nello stesso anno diventa cavaliere, poi ufficiale della Legione d&#8217;Onore. Emile Jonas ottiene cos\u00ec un meritato riconoscimento. Ammesso nel 1856, \u00e8 membro fino alla fine del secolo di ben sette consigli di amministrazione della Societ\u00e0 francese degli autori e dei compositori, accompagnato da personalit\u00e0 come Gounod, Labiche, Sardou e Alexandre Dumas figlio. Su una litografia che rappresenta le caricature di tutti i pi\u00f9 importanti compositori del suo tempo, lo vediamo rappresentato in prima fila, vicino ad Offenbach.<\/p>\n<p>E come Offenbach, Emile Jonas lavora instancabilmente. Dal 1854 \u00e8 direttore musicale e maestro del coro della sinagoga portoghese a Parigi, inaugurata in rue Lamartine 23 nel 1851, nonostante l&#8217;opposizione del Concistoro, che la considerava una sfida alla sua autorit\u00e0. I suoi membri, per lo pi\u00f9 dalle comunit\u00e0 di Bordeaux e Bayonne, portano a Parigi le usanze e le melodie che i loro antenati &#8211; discendenti degli <em>anusim<\/em> (cripto ebrei) di Spagna e Portogallo &#8211; avevano seguito fin dal Medioevo durante i servizi della sinagoga.<\/p>\n<p><img decoding=\"async\" class=\" alignleft size-full wp-image-26363\" src=\"https:\/\/www.iemj.org\/wp-content\/uploads\/2019\/12\/recueil_de_chants_hebraiques_partition_jonas_redim.jpg\" alt=\"recueil_de_chants_hebraiques_partition_jonas_redim.jpg\" width=\"300\" height=\"450\" align=\"left\" srcset=\"https:\/\/www.iemj.org\/wp-content\/uploads\/2019\/12\/recueil_de_chants_hebraiques_partition_jonas_redim.jpg 300w, https:\/\/www.iemj.org\/wp-content\/uploads\/2019\/12\/recueil_de_chants_hebraiques_partition_jonas_redim-200x300.jpg 200w\" sizes=\"(max-width: 300px) 100vw, 300px\" \/>Identificandosi a loro e preoccupato per la conservazione del loro patrimonio musicale, Jonas pubblica nel 1854 una <em>Raccolta di Canti Ebraici ad uso dei Templi di Rito Portoghese,<\/em> comprendente 39 melodie liturgiche &#8211; 24 delle quali erano sue composizioni &#8211; scritte principalmente per solisti. e vari complessi corali, accompagnati da organo e arpa.<\/p>\n<p>Come direttore musicale, Jonas ha contribuito in modo determinante all&#8217;ordine e alla solennit\u00e0 dei servizi religiosi della comunit\u00e0, le cui melodie erano state trasformate e alterate dalle vicissitudini della storia. Sforzi simili sono stati compiuti da grandi e stimati compositori o cantori come Hal\u00e9vy, Naumbourg, Lovy, Sulzer e Lewandowski, al fine di ritrovare, raccogliere e utilizzare le musiche liturgiche delle sinagoghe di origine tedesca, ma questo argomento sar\u00e0 trattato in un&#8217;altra occasione. Nel 1886 Jonas pubblica una versione ampliata della sua precedente antologia, sotto il titolo <em>Recueil de Chants H\u00e9bra\u00efques anciens et modernes eseguiti al tempio di rito portoghese, raccolti e composti da Emile Jonas,<\/em> con l&#8217;aggiunta di esercizi di canto, raccomandazioni interpretative oltre ad esercizi di intonazione e di cromatismo. Allo stesso tempo, compila in varie pubblicazioni le melodie utilizzate negli altri templi del Concistoro di Parigi, che sono per lo pi\u00f9 di rito ashkenazita. Il 9 settembre 1874, durante l&#8217;inaugurazione del Tempio Concistoriale ebraico a Parigi (situato in rue de la Victoire), \u00e8 eseguito un brano musicale di Emile Jonas per baritono e coro, sul Salmo 130 di re David, composto appositamente per l&#8217;occasione.<\/p>\n<p>Nello stesso anno si affretta a pubblicare una raccolta di 21 composizioni di vari autori, utilizzate nelle cerimonie nuziali della Sinagoga della Vittoria. Nel 1879 pubblica un&#8217;altra raccolta di 111 pagine con la musica delle funzioni religiose dello Shabbat e di tutte le festivit\u00e0 ebraiche, corredata da esercizi di vocalizzazione, raccomandazioni generali per la loro corretta esecuzione e le principali misure da adottare per mantenere l&#8217;ordine nel tempio.<\/p>\n<p>Sotto il Secondo Impero, Parigi diventa un centro industriale, culturale e turistico in costante fermento. \u00c8 qui che arrivano i pi\u00f9 grandi artisti e capi di stato da tutto il mondo, seguiti dalle rispettive corti. Vi si incontrano uomini d&#8217;affari, nuovi ricchi e avventurieri, che vengono per divertirsi. L&#8217;industria dello spettacolo \u00e8 al suo apice. La richiesta \u00e8 enorme. Gli artisti fanno del loro meglio, proprio come Emile Jonas.<\/p>\n<p><img loading=\"lazy\" decoding=\"async\" class=\" alignright size-full wp-image-26365\" src=\"https:\/\/www.iemj.org\/wp-content\/uploads\/2019\/12\/le_canard_a_3_becs_redim.jpg\" alt=\"le_canard_a_3_becs_redim.jpg\" width=\"296\" height=\"450\" align=\"right\" srcset=\"https:\/\/www.iemj.org\/wp-content\/uploads\/2019\/12\/le_canard_a_3_becs_redim.jpg 296w, https:\/\/www.iemj.org\/wp-content\/uploads\/2019\/12\/le_canard_a_3_becs_redim-197x300.jpg 197w\" sizes=\"(max-width: 296px) 100vw, 296px\" \/>Insieme alle altre sue attivit\u00e0, non dobbiamo trascurare il suo lavoro teatrale. Nel 1865, la sua opera comica <em>Les Deux Arlequins<\/em> \u00e8 creata alle Fantaisies-Parisiennes, e sar\u00e0 rappresentata a Londra due anni dopo. Nel dicembre 1867, tra tutti i suoi impegni e nel clima di generale follia precedente la catastrofe del 1870, trova il tempo per scrivere <em>Marlbrough s&#8217;en va-t-en guerre<\/em>, opera comica in quattro atti e cinque scene scritta con la complicit\u00e0 di Georges Bizet, Isidore Legouix e L\u00e9o Delibes. Quest&#8217;opera \u00e8 prsentata al Th\u00e9\u00e2tre de l&#8217;Ath\u00e9n\u00e9e. Nel 1869 presenta l&#8217;opera che rimarr\u00e0 in repertorio come la sua opera pi\u00f9 nota e forse la pi\u00f9 compiuta, l&#8217;op\u00e9ra-bouffe in tre atti su libretto di Jules Moinaux, <em>Le Canard \u00e0 Trois becs<\/em>.<\/p>\n<p>Nel 1871, dopo la fatale guerra con la Prussia, sopravvengono l&#8217;assedio di Parigi, la fame ed i tumulti della Comune. I teatri sono momentaneamente chiusi. Quando riaprono, il pubblico si fa desiderare. L&#8217;allegria di una volta si \u00e8 spenta. Quell&#8217;anno Emile Jonas presenta a Londra la sua opera <em>Javotte (Cenerentola la Giovane<\/em>), che secondo molti occupa un posto significativo tra le opere musicali ispirate alla fiaba di Cenerentola. Negli anni 1873 e 1874, tenta la fortuna a Vienna, dove presenta in anteprima due delle sue opere: <em>Goldchignon<\/em> e <em>Die Japanesin<\/em>. Nel 1882 torna sulla scena parigina con un&#8217;altra opera-buffa in tre atti: <em>La Bonne Aventure<\/em>, su libretto di Hector Cr\u00e9mieux, al Th\u00e9\u00e2tre de la Renaissance. Nel 1883, <em>Il primo bacio<\/em> \u00e8 rappresentato al Th\u00e9\u00e2tre des Nouveaut\u00e9s. Qualche anno dopo pubblica nel Magazine des Demoiselles due opere mai prodotte: <em>La principessa Kelebella<\/em> e <em>Miss Robinson<\/em>. \u00c8 considerato l&#8217;autore di <em>Estelle et N\u00e9mourin<\/em> e <em>Le Roi Midas<\/em>, che saranno solo oggetto di spettacoli privati.<\/p>\n<p><img loading=\"lazy\" decoding=\"async\" class=\" alignleft size-full wp-image-26367\" src=\"https:\/\/www.iemj.org\/wp-content\/uploads\/2019\/12\/tombe_emile_jonas__cimetiere_du_montparnasse_redim.jpg\" alt=\"tombe_emile_jonas__cimetiere_du_montparnasse_redim.jpg\" width=\"364\" height=\"300\" align=\"left\" srcset=\"https:\/\/www.iemj.org\/wp-content\/uploads\/2019\/12\/tombe_emile_jonas__cimetiere_du_montparnasse_redim.jpg 364w, https:\/\/www.iemj.org\/wp-content\/uploads\/2019\/12\/tombe_emile_jonas__cimetiere_du_montparnasse_redim-300x247.jpg 300w\" sizes=\"(max-width: 364px) 100vw, 364px\" \/><\/p>\n<p>Emile Jonas muore il 21 maggio 1905 a Saint-Germain-en-Laye, nella stessa citt\u00e0 in cui Offenbach morente diede il tocco finale ai suoi <em>Racconti di Hoffmann <\/em>nel 1880. Le sue spoglie riposano all&#8217;ombra di un albero rigoglioso nel Cimitero di Montparnasse.<\/p>\n<p>Si possono trovare in alcune biblioteche e archivi di vari Paesi gli spartiti per pianoforte e voce di quasi tutte le opere qui citate, nonch\u00e9 alcuni libretti disseminati nei luoghi pi\u00f9 improbabili. Ma \u00e8 stato difficile stabilire dove fossero gli spartiti orchestrali. La maggior parte degli editori che hanno pubblicato queste opere sono scomparsi e coloro che hanno acquisito il loro materiale non sono molto ben informati sui loro propri fondi. Si pu\u00f2 solo sperare che queste case editrici, o possibili collezionisti privati, o forse ancora dei discendenti della famiglia, facciano un piccolo sforzo, tolgano la polvere dai loro scaffali e scoprano questi spartiti dimenticati. Dopo una ricerca intensa, spesso frustrante e nella maggior parte dei casi infruttuosa, sono riuscito a trovare ed ottenere il materiale completo per <em>Le Canard \u00e0 Trois<\/em> <em>Becs<\/em>, un&#8217;opera lodevole e molto divertente. Riportarla in vita sar\u00e0 sicuramente una sfida.<\/p>\n<p>Al giorno d&#8217;oggi, mentre \u00e8 diventato di moda risuscitare la musica dimenticata, le opere comiche di Emile Jonas non sono ancora state salvate dall&#8217;oblio. Finora conosciamo solo qualche registrazioni, prodotte a livello internazionale, di brani scritti per sassofono e altri ottoni, mentre parte della sua produzione liturgica \u00e8 stata registrata grazie agli sforzi di istituzioni ebraiche private e distribuita in modo ristretto. In assenza di spartiti orchestrali completi, si potrebbe almeno registrare una selezione delle sue opere teatrali, delle sue canzoni e della sua musica da camera, accompagnate dal pianoforte.<\/p>\n<p>Emile Jonas non merita di essere dimenticato.<\/p>\n<p><strong>Traduzione dell&#8217;articolo di Jacobo Kaufmann \u201cEmile Jonas (1827-1905), dalla Sinagoga Portoghese all&#8217;Operetta, e da l\u00ec alla Guardia Imperiale\u201d originariamente pubblicato in spagnolo nel 2009 sulla rivista di cultura ebraica <em>Raices<\/em> di Madrid, e poco tempo dopo, in inglese nella rivista virtuale <em>All about Jewish Theatre<\/em>, pubblicata in Israele.<\/strong><\/p>\n<p><a href=\"https:\/\/www.iemj.org\/musique-synagogale-au-19e-siecle-emile-jonas-et-jules-erlanger\/\" target=\"_blank\" rel=\"noopener\">Ascoltare il programma radiofonico con Jacobo Kaufmann <em>Musica sinagogale nel XIX secolo : Emile Jonas e Jules Erlanger<\/em><\/a><\/p>\n<p><a href=\"https:\/\/www.iemj.org\/it\/jonas-emile-1827-1905\/\" target=\"_blank\" rel=\"noopener\">Consultare la biografia di Emile Jonas<\/a><\/p>\n","protected":false},"excerpt":{"rendered":"<p>\u00c8 frequente che la notoriet\u00e0 di un compositore diminuisca lentamente dopo la sua morte, fino a sprofondare nell&#8217;oblio. Questo sembra essere particolarmente il caso, difficilmente giustificabile, del compositore Emile Jonas,<\/p>\n","protected":false},"author":1045,"featured_media":82305,"comment_status":"closed","ping_status":"closed","sticky":false,"template":"","format":"standard","meta":{"_acf_changed":false,"footnotes":""},"categories":[1407],"tags":[],"technique":[],"squelettes":[],"sujet":[],"formation":[],"genre":[],"fonds":[],"tradition":[],"type-de-contenu":[],"interprete-compositeur":[],"frise":[],"type-devenement":[],"tableaux-liens-externes":[],"class_list":["post-82304","post","type-post","status-publish","format-standard","has-post-thumbnail","hentry","category-articoli-di-fondo-it"],"acf":[],"yoast_head":"<!-- This site is optimized with the Yoast SEO plugin v27.3 - https:\/\/yoast.com\/product\/yoast-seo-wordpress\/ -->\n<title>Emile Jonas (1827-1905), dalla Sinagoga Portoghese alla Guardia Imperiale, passando per l&#039;operetta - Institut Europ\u00e9en des Musiques Juives<\/title>\n<meta name=\"robots\" content=\"index, follow, max-snippet:-1, max-image-preview:large, max-video-preview:-1\" \/>\n<link rel=\"canonical\" href=\"https:\/\/www.iemj.org\/it\/emile-jonas-1827-1905-de-la-synagogue-portugaise-a-la-garde-imperiale-en-passant-par-loperette\/\" \/>\n<meta property=\"og:locale\" content=\"it_IT\" \/>\n<meta property=\"og:type\" content=\"article\" \/>\n<meta property=\"og:title\" content=\"Emile Jonas (1827-1905), dalla Sinagoga Portoghese alla Guardia Imperiale, passando per l&#039;operetta - Institut Europ\u00e9en des Musiques Juives\" \/>\n<meta property=\"og:description\" content=\"\u00c8 frequente che la notoriet\u00e0 di un compositore diminuisca lentamente dopo la sua morte, fino a sprofondare nell&#8217;oblio. Questo sembra essere particolarmente il caso, difficilmente giustificabile, del compositore Emile Jonas,\" \/>\n<meta property=\"og:url\" content=\"https:\/\/www.iemj.org\/it\/emile-jonas-1827-1905-de-la-synagogue-portugaise-a-la-garde-imperiale-en-passant-par-loperette\/\" \/>\n<meta property=\"og:site_name\" content=\"Institut Europ\u00e9en des Musiques Juives\" \/>\n<meta property=\"article:publisher\" content=\"https:\/\/www.facebook.com\/MusiquesJuives\/\" \/>\n<meta property=\"article:published_time\" content=\"2019-12-11T09:12:16+00:00\" \/>\n<meta property=\"article:modified_time\" content=\"2023-11-29T10:57:35+00:00\" \/>\n<meta property=\"og:image\" content=\"https:\/\/www.iemj.org\/wp-content\/uploads\/2019\/12\/arton4427.jpg\" \/>\n\t<meta property=\"og:image:width\" content=\"263\" \/>\n\t<meta property=\"og:image:height\" content=\"371\" \/>\n\t<meta property=\"og:image:type\" content=\"image\/jpeg\" \/>\n<meta name=\"author\" content=\"Herv\u00e9 Roten\" \/>\n<meta name=\"twitter:card\" content=\"summary_large_image\" \/>\n<meta name=\"twitter:label1\" content=\"Scritto da\" \/>\n\t<meta name=\"twitter:data1\" content=\"Herv\u00e9 Roten\" \/>\n\t<meta name=\"twitter:label2\" content=\"Tempo di lettura stimato\" \/>\n\t<meta name=\"twitter:data2\" content=\"12 minuti\" \/>\n<script type=\"application\/ld+json\" class=\"yoast-schema-graph\">{\"@context\":\"https:\\\/\\\/schema.org\",\"@graph\":[{\"@type\":\"Article\",\"@id\":\"https:\\\/\\\/www.iemj.org\\\/it\\\/emile-jonas-1827-1905-de-la-synagogue-portugaise-a-la-garde-imperiale-en-passant-par-loperette\\\/#article\",\"isPartOf\":{\"@id\":\"https:\\\/\\\/www.iemj.org\\\/it\\\/emile-jonas-1827-1905-de-la-synagogue-portugaise-a-la-garde-imperiale-en-passant-par-loperette\\\/\"},\"author\":{\"name\":\"Herv\u00e9 Roten\",\"@id\":\"https:\\\/\\\/www.iemj.org\\\/it\\\/#\\\/schema\\\/person\\\/906134402c29d5c76e7b726261dd4bbd\"},\"headline\":\"Emile Jonas (1827-1905), dalla Sinagoga Portoghese alla Guardia Imperiale, passando per l&#8217;operetta\",\"datePublished\":\"2019-12-11T09:12:16+00:00\",\"dateModified\":\"2023-11-29T10:57:35+00:00\",\"mainEntityOfPage\":{\"@id\":\"https:\\\/\\\/www.iemj.org\\\/it\\\/emile-jonas-1827-1905-de-la-synagogue-portugaise-a-la-garde-imperiale-en-passant-par-loperette\\\/\"},\"wordCount\":1996,\"publisher\":{\"@id\":\"https:\\\/\\\/www.iemj.org\\\/it\\\/#organization\"},\"image\":{\"@id\":\"https:\\\/\\\/www.iemj.org\\\/it\\\/emile-jonas-1827-1905-de-la-synagogue-portugaise-a-la-garde-imperiale-en-passant-par-loperette\\\/#primaryimage\"},\"thumbnailUrl\":\"https:\\\/\\\/www.iemj.org\\\/wp-content\\\/uploads\\\/2019\\\/12\\\/arton4427.jpg\",\"articleSection\":[\"Articoli di fondo\"],\"inLanguage\":\"it-IT\"},{\"@type\":\"WebPage\",\"@id\":\"https:\\\/\\\/www.iemj.org\\\/it\\\/emile-jonas-1827-1905-de-la-synagogue-portugaise-a-la-garde-imperiale-en-passant-par-loperette\\\/\",\"url\":\"https:\\\/\\\/www.iemj.org\\\/it\\\/emile-jonas-1827-1905-de-la-synagogue-portugaise-a-la-garde-imperiale-en-passant-par-loperette\\\/\",\"name\":\"Emile Jonas (1827-1905), dalla Sinagoga Portoghese alla Guardia Imperiale, passando per l'operetta - Institut Europ\u00e9en des Musiques Juives\",\"isPartOf\":{\"@id\":\"https:\\\/\\\/www.iemj.org\\\/it\\\/#website\"},\"primaryImageOfPage\":{\"@id\":\"https:\\\/\\\/www.iemj.org\\\/it\\\/emile-jonas-1827-1905-de-la-synagogue-portugaise-a-la-garde-imperiale-en-passant-par-loperette\\\/#primaryimage\"},\"image\":{\"@id\":\"https:\\\/\\\/www.iemj.org\\\/it\\\/emile-jonas-1827-1905-de-la-synagogue-portugaise-a-la-garde-imperiale-en-passant-par-loperette\\\/#primaryimage\"},\"thumbnailUrl\":\"https:\\\/\\\/www.iemj.org\\\/wp-content\\\/uploads\\\/2019\\\/12\\\/arton4427.jpg\",\"datePublished\":\"2019-12-11T09:12:16+00:00\",\"dateModified\":\"2023-11-29T10:57:35+00:00\",\"breadcrumb\":{\"@id\":\"https:\\\/\\\/www.iemj.org\\\/it\\\/emile-jonas-1827-1905-de-la-synagogue-portugaise-a-la-garde-imperiale-en-passant-par-loperette\\\/#breadcrumb\"},\"inLanguage\":\"it-IT\",\"potentialAction\":[{\"@type\":\"ReadAction\",\"target\":[\"https:\\\/\\\/www.iemj.org\\\/it\\\/emile-jonas-1827-1905-de-la-synagogue-portugaise-a-la-garde-imperiale-en-passant-par-loperette\\\/\"]}]},{\"@type\":\"ImageObject\",\"inLanguage\":\"it-IT\",\"@id\":\"https:\\\/\\\/www.iemj.org\\\/it\\\/emile-jonas-1827-1905-de-la-synagogue-portugaise-a-la-garde-imperiale-en-passant-par-loperette\\\/#primaryimage\",\"url\":\"https:\\\/\\\/www.iemj.org\\\/wp-content\\\/uploads\\\/2019\\\/12\\\/arton4427.jpg\",\"contentUrl\":\"https:\\\/\\\/www.iemj.org\\\/wp-content\\\/uploads\\\/2019\\\/12\\\/arton4427.jpg\",\"width\":263,\"height\":371},{\"@type\":\"BreadcrumbList\",\"@id\":\"https:\\\/\\\/www.iemj.org\\\/it\\\/emile-jonas-1827-1905-de-la-synagogue-portugaise-a-la-garde-imperiale-en-passant-par-loperette\\\/#breadcrumb\",\"itemListElement\":[{\"@type\":\"ListItem\",\"position\":1,\"name\":\"Accueil\",\"item\":\"https:\\\/\\\/www.iemj.org\\\/it\\\/\"},{\"@type\":\"ListItem\",\"position\":2,\"name\":\"Emile Jonas (1827-1905), dalla Sinagoga Portoghese alla Guardia Imperiale, passando per l&#8217;operetta\"}]},{\"@type\":\"WebSite\",\"@id\":\"https:\\\/\\\/www.iemj.org\\\/it\\\/#website\",\"url\":\"https:\\\/\\\/www.iemj.org\\\/it\\\/\",\"name\":\"Institut Europ\u00e9en des Musiques Juives\",\"description\":\"Des traditions musicales \u00e0 la port\u00e9e de tous\",\"publisher\":{\"@id\":\"https:\\\/\\\/www.iemj.org\\\/it\\\/#organization\"},\"potentialAction\":[{\"@type\":\"SearchAction\",\"target\":{\"@type\":\"EntryPoint\",\"urlTemplate\":\"https:\\\/\\\/www.iemj.org\\\/it\\\/?s={search_term_string}\"},\"query-input\":{\"@type\":\"PropertyValueSpecification\",\"valueRequired\":true,\"valueName\":\"search_term_string\"}}],\"inLanguage\":\"it-IT\"},{\"@type\":\"Organization\",\"@id\":\"https:\\\/\\\/www.iemj.org\\\/it\\\/#organization\",\"name\":\"Institut Europ\u00e9en des Musiques Juives\",\"url\":\"https:\\\/\\\/www.iemj.org\\\/it\\\/\",\"logo\":{\"@type\":\"ImageObject\",\"inLanguage\":\"it-IT\",\"@id\":\"https:\\\/\\\/www.iemj.org\\\/it\\\/#\\\/schema\\\/logo\\\/image\\\/\",\"url\":\"https:\\\/\\\/www.iemj.org\\\/wp-content\\\/uploads\\\/2021\\\/09\\\/Logo-IEMJ-Paypal.jpg\",\"contentUrl\":\"https:\\\/\\\/www.iemj.org\\\/wp-content\\\/uploads\\\/2021\\\/09\\\/Logo-IEMJ-Paypal.jpg\",\"width\":150,\"height\":50,\"caption\":\"Institut Europ\u00e9en des Musiques Juives\"},\"image\":{\"@id\":\"https:\\\/\\\/www.iemj.org\\\/it\\\/#\\\/schema\\\/logo\\\/image\\\/\"},\"sameAs\":[\"https:\\\/\\\/www.facebook.com\\\/MusiquesJuives\\\/\",\"https:\\\/\\\/www.instagram.com\\\/musiquesjuives\\\/\",\"https:\\\/\\\/www.youtube.com\\\/user\\\/musiquesjuives\"]},{\"@type\":\"Person\",\"@id\":\"https:\\\/\\\/www.iemj.org\\\/it\\\/#\\\/schema\\\/person\\\/906134402c29d5c76e7b726261dd4bbd\",\"name\":\"Herv\u00e9 Roten\",\"image\":{\"@type\":\"ImageObject\",\"inLanguage\":\"it-IT\",\"@id\":\"https:\\\/\\\/secure.gravatar.com\\\/avatar\\\/f96ad2db538a26481f18384936b5cd0610c92d390c4dc382209216d455f685ff?s=96&d=mm&r=g\",\"url\":\"https:\\\/\\\/secure.gravatar.com\\\/avatar\\\/f96ad2db538a26481f18384936b5cd0610c92d390c4dc382209216d455f685ff?s=96&d=mm&r=g\",\"contentUrl\":\"https:\\\/\\\/secure.gravatar.com\\\/avatar\\\/f96ad2db538a26481f18384936b5cd0610c92d390c4dc382209216d455f685ff?s=96&d=mm&r=g\",\"caption\":\"Herv\u00e9 Roten\"}}]}<\/script>\n<!-- \/ Yoast SEO plugin. -->","yoast_head_json":{"title":"Emile Jonas (1827-1905), dalla Sinagoga Portoghese alla Guardia Imperiale, passando per l'operetta - Institut Europ\u00e9en des Musiques Juives","robots":{"index":"index","follow":"follow","max-snippet":"max-snippet:-1","max-image-preview":"max-image-preview:large","max-video-preview":"max-video-preview:-1"},"canonical":"https:\/\/www.iemj.org\/it\/emile-jonas-1827-1905-de-la-synagogue-portugaise-a-la-garde-imperiale-en-passant-par-loperette\/","og_locale":"it_IT","og_type":"article","og_title":"Emile Jonas (1827-1905), dalla Sinagoga Portoghese alla Guardia Imperiale, passando per l'operetta - Institut Europ\u00e9en des Musiques Juives","og_description":"\u00c8 frequente che la notoriet\u00e0 di un compositore diminuisca lentamente dopo la sua morte, fino a sprofondare nell&#8217;oblio. Questo sembra essere particolarmente il caso, difficilmente giustificabile, del compositore Emile Jonas,","og_url":"https:\/\/www.iemj.org\/it\/emile-jonas-1827-1905-de-la-synagogue-portugaise-a-la-garde-imperiale-en-passant-par-loperette\/","og_site_name":"Institut Europ\u00e9en des Musiques Juives","article_publisher":"https:\/\/www.facebook.com\/MusiquesJuives\/","article_published_time":"2019-12-11T09:12:16+00:00","article_modified_time":"2023-11-29T10:57:35+00:00","og_image":[{"width":263,"height":371,"url":"https:\/\/www.iemj.org\/wp-content\/uploads\/2019\/12\/arton4427.jpg","type":"image\/jpeg"}],"author":"Herv\u00e9 Roten","twitter_card":"summary_large_image","twitter_misc":{"Scritto da":"Herv\u00e9 Roten","Tempo di lettura stimato":"12 minuti"},"schema":{"@context":"https:\/\/schema.org","@graph":[{"@type":"Article","@id":"https:\/\/www.iemj.org\/it\/emile-jonas-1827-1905-de-la-synagogue-portugaise-a-la-garde-imperiale-en-passant-par-loperette\/#article","isPartOf":{"@id":"https:\/\/www.iemj.org\/it\/emile-jonas-1827-1905-de-la-synagogue-portugaise-a-la-garde-imperiale-en-passant-par-loperette\/"},"author":{"name":"Herv\u00e9 Roten","@id":"https:\/\/www.iemj.org\/it\/#\/schema\/person\/906134402c29d5c76e7b726261dd4bbd"},"headline":"Emile Jonas (1827-1905), dalla Sinagoga Portoghese alla Guardia Imperiale, passando per l&#8217;operetta","datePublished":"2019-12-11T09:12:16+00:00","dateModified":"2023-11-29T10:57:35+00:00","mainEntityOfPage":{"@id":"https:\/\/www.iemj.org\/it\/emile-jonas-1827-1905-de-la-synagogue-portugaise-a-la-garde-imperiale-en-passant-par-loperette\/"},"wordCount":1996,"publisher":{"@id":"https:\/\/www.iemj.org\/it\/#organization"},"image":{"@id":"https:\/\/www.iemj.org\/it\/emile-jonas-1827-1905-de-la-synagogue-portugaise-a-la-garde-imperiale-en-passant-par-loperette\/#primaryimage"},"thumbnailUrl":"https:\/\/www.iemj.org\/wp-content\/uploads\/2019\/12\/arton4427.jpg","articleSection":["Articoli di fondo"],"inLanguage":"it-IT"},{"@type":"WebPage","@id":"https:\/\/www.iemj.org\/it\/emile-jonas-1827-1905-de-la-synagogue-portugaise-a-la-garde-imperiale-en-passant-par-loperette\/","url":"https:\/\/www.iemj.org\/it\/emile-jonas-1827-1905-de-la-synagogue-portugaise-a-la-garde-imperiale-en-passant-par-loperette\/","name":"Emile Jonas (1827-1905), dalla Sinagoga Portoghese alla Guardia Imperiale, passando per l'operetta - Institut Europ\u00e9en des Musiques Juives","isPartOf":{"@id":"https:\/\/www.iemj.org\/it\/#website"},"primaryImageOfPage":{"@id":"https:\/\/www.iemj.org\/it\/emile-jonas-1827-1905-de-la-synagogue-portugaise-a-la-garde-imperiale-en-passant-par-loperette\/#primaryimage"},"image":{"@id":"https:\/\/www.iemj.org\/it\/emile-jonas-1827-1905-de-la-synagogue-portugaise-a-la-garde-imperiale-en-passant-par-loperette\/#primaryimage"},"thumbnailUrl":"https:\/\/www.iemj.org\/wp-content\/uploads\/2019\/12\/arton4427.jpg","datePublished":"2019-12-11T09:12:16+00:00","dateModified":"2023-11-29T10:57:35+00:00","breadcrumb":{"@id":"https:\/\/www.iemj.org\/it\/emile-jonas-1827-1905-de-la-synagogue-portugaise-a-la-garde-imperiale-en-passant-par-loperette\/#breadcrumb"},"inLanguage":"it-IT","potentialAction":[{"@type":"ReadAction","target":["https:\/\/www.iemj.org\/it\/emile-jonas-1827-1905-de-la-synagogue-portugaise-a-la-garde-imperiale-en-passant-par-loperette\/"]}]},{"@type":"ImageObject","inLanguage":"it-IT","@id":"https:\/\/www.iemj.org\/it\/emile-jonas-1827-1905-de-la-synagogue-portugaise-a-la-garde-imperiale-en-passant-par-loperette\/#primaryimage","url":"https:\/\/www.iemj.org\/wp-content\/uploads\/2019\/12\/arton4427.jpg","contentUrl":"https:\/\/www.iemj.org\/wp-content\/uploads\/2019\/12\/arton4427.jpg","width":263,"height":371},{"@type":"BreadcrumbList","@id":"https:\/\/www.iemj.org\/it\/emile-jonas-1827-1905-de-la-synagogue-portugaise-a-la-garde-imperiale-en-passant-par-loperette\/#breadcrumb","itemListElement":[{"@type":"ListItem","position":1,"name":"Accueil","item":"https:\/\/www.iemj.org\/it\/"},{"@type":"ListItem","position":2,"name":"Emile Jonas (1827-1905), dalla Sinagoga Portoghese alla Guardia Imperiale, passando per l&#8217;operetta"}]},{"@type":"WebSite","@id":"https:\/\/www.iemj.org\/it\/#website","url":"https:\/\/www.iemj.org\/it\/","name":"Institut Europ\u00e9en des Musiques Juives","description":"Des traditions musicales \u00e0 la port\u00e9e de tous","publisher":{"@id":"https:\/\/www.iemj.org\/it\/#organization"},"potentialAction":[{"@type":"SearchAction","target":{"@type":"EntryPoint","urlTemplate":"https:\/\/www.iemj.org\/it\/?s={search_term_string}"},"query-input":{"@type":"PropertyValueSpecification","valueRequired":true,"valueName":"search_term_string"}}],"inLanguage":"it-IT"},{"@type":"Organization","@id":"https:\/\/www.iemj.org\/it\/#organization","name":"Institut Europ\u00e9en des Musiques Juives","url":"https:\/\/www.iemj.org\/it\/","logo":{"@type":"ImageObject","inLanguage":"it-IT","@id":"https:\/\/www.iemj.org\/it\/#\/schema\/logo\/image\/","url":"https:\/\/www.iemj.org\/wp-content\/uploads\/2021\/09\/Logo-IEMJ-Paypal.jpg","contentUrl":"https:\/\/www.iemj.org\/wp-content\/uploads\/2021\/09\/Logo-IEMJ-Paypal.jpg","width":150,"height":50,"caption":"Institut Europ\u00e9en des Musiques Juives"},"image":{"@id":"https:\/\/www.iemj.org\/it\/#\/schema\/logo\/image\/"},"sameAs":["https:\/\/www.facebook.com\/MusiquesJuives\/","https:\/\/www.instagram.com\/musiquesjuives\/","https:\/\/www.youtube.com\/user\/musiquesjuives"]},{"@type":"Person","@id":"https:\/\/www.iemj.org\/it\/#\/schema\/person\/906134402c29d5c76e7b726261dd4bbd","name":"Herv\u00e9 Roten","image":{"@type":"ImageObject","inLanguage":"it-IT","@id":"https:\/\/secure.gravatar.com\/avatar\/f96ad2db538a26481f18384936b5cd0610c92d390c4dc382209216d455f685ff?s=96&d=mm&r=g","url":"https:\/\/secure.gravatar.com\/avatar\/f96ad2db538a26481f18384936b5cd0610c92d390c4dc382209216d455f685ff?s=96&d=mm&r=g","contentUrl":"https:\/\/secure.gravatar.com\/avatar\/f96ad2db538a26481f18384936b5cd0610c92d390c4dc382209216d455f685ff?s=96&d=mm&r=g","caption":"Herv\u00e9 Roten"}}]}},"_links":{"self":[{"href":"https:\/\/www.iemj.org\/it\/wp-json\/wp\/v2\/posts\/82304","targetHints":{"allow":["GET"]}}],"collection":[{"href":"https:\/\/www.iemj.org\/it\/wp-json\/wp\/v2\/posts"}],"about":[{"href":"https:\/\/www.iemj.org\/it\/wp-json\/wp\/v2\/types\/post"}],"author":[{"embeddable":true,"href":"https:\/\/www.iemj.org\/it\/wp-json\/wp\/v2\/users\/1045"}],"replies":[{"embeddable":true,"href":"https:\/\/www.iemj.org\/it\/wp-json\/wp\/v2\/comments?post=82304"}],"version-history":[{"count":0,"href":"https:\/\/www.iemj.org\/it\/wp-json\/wp\/v2\/posts\/82304\/revisions"}],"wp:featuredmedia":[{"embeddable":true,"href":"https:\/\/www.iemj.org\/it\/wp-json\/wp\/v2\/media\/82305"}],"wp:attachment":[{"href":"https:\/\/www.iemj.org\/it\/wp-json\/wp\/v2\/media?parent=82304"}],"wp:term":[{"taxonomy":"category","embeddable":true,"href":"https:\/\/www.iemj.org\/it\/wp-json\/wp\/v2\/categories?post=82304"},{"taxonomy":"post_tag","embeddable":true,"href":"https:\/\/www.iemj.org\/it\/wp-json\/wp\/v2\/tags?post=82304"},{"taxonomy":"technique","embeddable":true,"href":"https:\/\/www.iemj.org\/it\/wp-json\/wp\/v2\/technique?post=82304"},{"taxonomy":"squelettes","embeddable":true,"href":"https:\/\/www.iemj.org\/it\/wp-json\/wp\/v2\/squelettes?post=82304"},{"taxonomy":"sujet","embeddable":true,"href":"https:\/\/www.iemj.org\/it\/wp-json\/wp\/v2\/sujet?post=82304"},{"taxonomy":"formation","embeddable":true,"href":"https:\/\/www.iemj.org\/it\/wp-json\/wp\/v2\/formation?post=82304"},{"taxonomy":"genre","embeddable":true,"href":"https:\/\/www.iemj.org\/it\/wp-json\/wp\/v2\/genre?post=82304"},{"taxonomy":"fonds","embeddable":true,"href":"https:\/\/www.iemj.org\/it\/wp-json\/wp\/v2\/fonds?post=82304"},{"taxonomy":"tradition","embeddable":true,"href":"https:\/\/www.iemj.org\/it\/wp-json\/wp\/v2\/tradition?post=82304"},{"taxonomy":"type-de-contenu","embeddable":true,"href":"https:\/\/www.iemj.org\/it\/wp-json\/wp\/v2\/type-de-contenu?post=82304"},{"taxonomy":"interprete-compositeur","embeddable":true,"href":"https:\/\/www.iemj.org\/it\/wp-json\/wp\/v2\/interprete-compositeur?post=82304"},{"taxonomy":"frise","embeddable":true,"href":"https:\/\/www.iemj.org\/it\/wp-json\/wp\/v2\/frise?post=82304"},{"taxonomy":"type-devenement","embeddable":true,"href":"https:\/\/www.iemj.org\/it\/wp-json\/wp\/v2\/type-devenement?post=82304"},{"taxonomy":"tableaux-liens-externes","embeddable":true,"href":"https:\/\/www.iemj.org\/it\/wp-json\/wp\/v2\/tableaux-liens-externes?post=82304"}],"curies":[{"name":"wp","href":"https:\/\/api.w.org\/{rel}","templated":true}]}}