{"id":82311,"date":"2018-12-19T13:28:08","date_gmt":"2018-12-19T12:28:08","guid":{"rendered":"https:\/\/www.iemj.org\/rock-hard-rock-metal-punk-et-musiques-juives\/"},"modified":"2025-10-06T14:28:28","modified_gmt":"2025-10-06T12:28:28","slug":"rock-hard-rock-metal-punk-et-musiques-juives","status":"publish","type":"post","link":"https:\/\/www.iemj.org\/it\/rock-hard-rock-metal-punk-et-musiques-juives\/","title":{"rendered":"Rock, hard-rock, metal, punk e musiche ebraiche"},"content":{"rendered":"<p>Il rock \u00e8 apparso negli anni &#8217;50 negli Stati Uniti. Si \u00e8 sviluppato in molte sottocategorie a partire dagli anni &#8217;60 sempre negli Stati Uniti ma anche nel Regno Unito. Oggi ci sono decine di correnti rock (psycho-rock, garage rock, heavy metal, punk, hardcore, glam rock, grunge, hard rock, new wave, alternative, progressive, ecc.).<\/p>\n<p>Musicalmente, il rock \u00e8 caratterizzato essenzialmente da una melodia vocale dominante, una chitarra elettrica, un basso ed una batteria. Ma possono aggiungersi molti altri strumenti, come sintetizzatori, ottoni, fisarmoniche o violini elettrici.<\/p>\n<p>Nelle correnti del \u201crock estremo\u201d (hard-rock, heavy metal, punk, hardcore\u2026), la musica \u00e8 forte, veloce e violenta. I testi possono essere coinvolgenti, umoristici o provocatori.<\/p>\n<p>Erede del \u201ccanto di protesta\u201d del folk, il rock \u00e8 spesso considerato come una forma di espressione della giovent\u00f9 popolare ed un grido di rivolta contro il conformismo, la morale dominante e la societ\u00e0 dei consumi. &#8220;Sesso, droga e rock&#8217;n&#8217;roll!&#8221;<\/p>\n<p>Proveniente dal rock, il punk-rock \u00e8 nato negli Stati Uniti negli anni &#8217;60, prima di diventare popolare nel Regno Unito negli anni &#8217;70, in particolare con i <strong>Sex Pistols<\/strong> e <strong>The Clash<\/strong>. La musica \u00e8 violenta, veloce, satura, a volte a scapito del gioco strumentale. Il punk afferma che non \u00e8 necessario suonare perfettamente la musica per fare del punk. Bastano una chitarra elettrica, una batteria, e dei testi sulfurei urlati. Ci\u00f2 che conta \u00e8 l&#8217;energia ed il messaggio inviato. Questo messaggio \u00e8 l\u2019anticonformismo portato all&#8217;estremo, la militanza, che implica provocazione ed umorismo. Il movimento punk pu\u00f2 essere espresso con la frase &#8220;No Future&#8221;. \u00c8 spesso associato al movimento anarchico, la cui frase emblematica \u00e8 \u201cN\u00e9 Dio, n\u00e9 Padrone\u201d.<\/p>\n<p><img decoding=\"async\" src=\"https:\/\/www.iemj.org\/wp-content\/uploads\/2018\/12\/sex-pistols-never-mind-the-bollocks-track-by-track-e7224f50-77f0-496e-963e-8ae7ee48daf9_pet.jpg\" alt=\"sex-pistols-never-mind-the-bollocks-track-by-track-e7224f50-77f0-496e-963e-8ae7ee48daf9_pet.jpg\" align=\"middle\" data-description=\"&lt;strong&gt;Sex Pistols, 1977&lt;\/strong&gt;\" \/><\/p>\n<h2>\u00a0<\/h2>\n<h2>Rock, hard-rock, metal, punk e musiche ebraiche : una interferenza creativa<\/h2>\n<p>Le musiche ebraiche possono mescolarsi con il rock o addirittura con il punk? Certamente dal momento che decine di gruppi l\u2019hanno fatto. La musica \u00e8 spesso il riflesso di un&#8217;identit\u00e0. In questo modo, i musicisti ebrei che suonano questa musica vogliono rivendicare una doppia identit\u00e0: ebreo e ribelle.<\/p>\n<p>Religiosi o meno, questi musicisti esprimono la loro appartenenza ad una cultura millenaria, ad una storia, a dei costumi. Alcuni esprimeranno il loro amore per Dio e per la Torah, altri si riferiranno al vecchio <em>yid <\/em>che fatica davanti alla sua macchina da cucire per pochi copechi, altri infine reinterpreteranno i brani klezmer che venivano suonati ai matrimoni, da un <em>shtetl<\/em> all&#8217;altro. E tutti gridano la loro rabbia. Contro l&#8217;ordine costituito, l&#8217;ingiustizia, la guerra, la societ\u00e0 dei consumi&#8230;<\/p>\n<p>Negli Stati Uniti, in Israele, in Australia o in Francia, ecco alcuni gruppi musicali che suonano rock-ebraico, metal-ebraico, punk-ebraico ed altro.<\/p>\n<p><strong><img fetchpriority=\"high\" decoding=\"async\" class=\" alignleft size-full wp-image-22188\" src=\"https:\/\/www.iemj.org\/wp-content\/uploads\/2018\/12\/yidcore.jpg\" alt=\"yidcore.jpg\" width=\"300\" height=\"298\" align=\"left\" srcset=\"https:\/\/www.iemj.org\/wp-content\/uploads\/2018\/12\/yidcore.jpg 300w, https:\/\/www.iemj.org\/wp-content\/uploads\/2018\/12\/yidcore-150x150.jpg 150w, https:\/\/www.iemj.org\/wp-content\/uploads\/2018\/12\/yidcore-100x100.jpg 100w\" sizes=\"(max-width: 300px) 100vw, 300px\" \/>Yidcore <\/strong>\u00e8 un gruppo punk rock ebreo australiano, formatosi nel 1998 a Melbourne. La loro musica energica e festosa, che riprende dei successi ebraici e israeliani, gioca molto sul terreno dell&#8217;umorismo e della provocazione. Il loro primo album eponimo pubblicato nel 2000 riunisce 18 brani famosi, come <em>Dayenu<\/em>, <em>Haleluya<\/em>, <em>Maoz Tzur<\/em>, <em>Yerushalayim Shel Zahav<\/em>, o anche <em>Hatikvah<\/em>, tutti suonati con una batteria veloce, chitarre saturate ed una voce urlante. Hanno anche ripreso il musical <em>Un violino sul tetto<\/em>, che hanno ribattezzato <em>Fiddlin On Ya Roof.<\/em><\/p>\n<p><a href=\"http:\/\/www.yidcore.com\/\">Visitare il loro sito web<\/a><br \/><a href=\"https:\/\/www.youtube.com\/watch?v=0D6uzBs1_Pc\">Ascoltare il primo album su Youtube<\/a><\/p>\n<p><strong><img decoding=\"async\" class=\" alignright size-full wp-image-22190\" src=\"https:\/\/www.iemj.org\/wp-content\/uploads\/2018\/12\/moshiachoi_pet.jpg\" alt=\"moshiachoi_pet.jpg\" width=\"400\" height=\"225\" align=\"right\" srcset=\"https:\/\/www.iemj.org\/wp-content\/uploads\/2018\/12\/moshiachoi_pet.jpg 400w, https:\/\/www.iemj.org\/wp-content\/uploads\/2018\/12\/moshiachoi_pet-300x169.jpg 300w\" sizes=\"(max-width: 400px) 100vw, 400px\" \/>Moshiach Oi!<\/strong> \u00e8 un gruppo hardcore con sede a New York, i cui musicisti esprimono il loro amore per il punk-rock e la Torah. Nel 2008, dopo aver riscoperto le sue radici ebraiche, il cantante-fondatore del gruppo ha iniziato a scrivere canzoni sui temi dello studio della Torah, della venuta del messia o delle lodi a Dio. Il termine \u00ab Oi! \u00bb simboleggia la musica punk-rock della classe operaia inglese. Quanto al termine \u00ab Oy! \u00bb il gruppo lo definisce come il suono eterno degli ebrei della classe operaia. Al tempo stesso violenta, veloce ed impegnata, la musica di questo cantante, discepolo del rabbino Nachman di Breslov, fa ballare sia delle persone con le creste in testa sia quelle con i riccioli sulle orecchie.<\/p>\n<p><a href=\"https:\/\/moshiachoi.bandcamp.com\/album\/this-world-is-nothing\">Ascoltare la musica<\/a><br \/><a href=\"https:\/\/www.youtube.com\/watch?v=TVlCahhogv8\">Guardare un video clip su Youtube<\/a><\/p>\n<p><img decoding=\"async\" class=\" alignleft size-full wp-image-22192\" src=\"https:\/\/www.iemj.org\/wp-content\/uploads\/2018\/12\/golem_pet.jpg\" alt=\"golem_pet.jpg\" width=\"400\" height=\"250\" align=\"left\" srcset=\"https:\/\/www.iemj.org\/wp-content\/uploads\/2018\/12\/golem_pet.jpg 400w, https:\/\/www.iemj.org\/wp-content\/uploads\/2018\/12\/golem_pet-300x188.jpg 300w\" sizes=\"(max-width: 400px) 100vw, 400px\" \/>Il gruppo newyorkese <strong>Golem<\/strong> suona del klezmer rock dal 2000. Si esibisce in tutto il Nord America, cos\u00ec come in altre parti del mondo, in un repertorio aggiornato di musica dell&#8217;Europa dell\u2019Est, ebraica o non ebraica. Le esibizioni dei musicisti sono allo stesso tempo divertenti, energiche, teatrali e rispettose delle tradizioni. Il carismatico cantante non esiter\u00e0, ad esempio, a torso nudo, ad aprire una bottiglia di vino sul palco, togliersi le scarpe e bere il vino dalla scarpa.<\/p>\n<p><a href=\"http:\/\/golemrocks.com\/\">Visitare il loro sito web<\/a><\/p>\n<p><strong><img loading=\"lazy\" decoding=\"async\" class=\" alignright size-full wp-image-22194\" src=\"https:\/\/www.iemj.org\/wp-content\/uploads\/2018\/12\/yiddishprincess_000.jpg\" alt=\"yiddishprincess_000.jpg\" width=\"383\" height=\"350\" align=\"right\" srcset=\"https:\/\/www.iemj.org\/wp-content\/uploads\/2018\/12\/yiddishprincess_000.jpg 383w, https:\/\/www.iemj.org\/wp-content\/uploads\/2018\/12\/yiddishprincess_000-300x274.jpg 300w\" sizes=\"(max-width: 383px) 100vw, 383px\" \/>Yiddish Princess<\/strong>, anch&#8217;esso residente a New York, suona hard rock\/power pop, in yiddish! Con canzoni come <em>Oy Avram<\/em> o <em>A Glezele Yash<\/em>, il gruppo reinterpreta le canzoni popolari yiddish con una musica potente e molto melodica. La co-fondatrice del gruppo \u00e8 la cantante <strong>Sarah Gordon<\/strong>, che non \u00e8 altro che la figlia di <strong>Adrienne Cooper<\/strong>, cantante e ricercatrice che ha partecipato ampiamente al revival klezmer e yiddish negli Stati Uniti negli anni &#8217;70, e che ha suonato in particolare con i <strong>Klezmatics,<\/strong> per non citare che loro. Non \u00e8 quindi necessario insistere sulla grande qualit\u00e0 musicale di questo gruppo. Suonando brani tradizionali su di una musica moderna, Yiddish Princess si colloca deliberatamente nel campo dell&#8217;umorismo (il Power Pop \u00e8 spesso ridicolizzato da altri appassionati di rock che si definiscono pi\u00f9 &#8220;seri&#8221;). E reattualizzando le canzoni yiddish in power pop\/hard-rock, Yiddish Princess apre le porte della cultura yiddish a persone che non la conoscevano. Ed in questo \u00e8 un atto militante.<\/p>\n<p><a href=\"http:\/\/www.yiddishprincess.com\/\">Visitare il loro sito web<\/a><\/p>\n<p><img loading=\"lazy\" decoding=\"async\" class=\" alignleft size-full wp-image-22196\" src=\"https:\/\/www.iemj.org\/wp-content\/uploads\/2018\/12\/daniel_kahn.jpg\" alt=\"daniel_kahn.jpg\" width=\"225\" height=\"225\" align=\"left\" srcset=\"https:\/\/www.iemj.org\/wp-content\/uploads\/2018\/12\/daniel_kahn.jpg 225w, https:\/\/www.iemj.org\/wp-content\/uploads\/2018\/12\/daniel_kahn-150x150.jpg 150w, https:\/\/www.iemj.org\/wp-content\/uploads\/2018\/12\/daniel_kahn-100x100.jpg 100w\" sizes=\"(max-width: 225px) 100vw, 225px\" \/>Anche <strong>Daniel Kahn and the Painted Bird<\/strong> reinterpreta delle canzoni yiddish. La musica di questo gruppo non si pu\u00f2 esattamente definire rock, \u00e8 pi\u00f9 simile alla musica tradizionale, con l&#8217;uso di fisarmonica, clarinetto, violino. La chitarra elettrica e la batteria sono spesso assenti. Eppure il gruppo \u00e8 spesso definito &#8220;punk&#8221;. In effetti, la musica del gruppo \u00e8 energica e ballabile e l&#8217;esibizione dei musicisti sul palco pu\u00f2 essere provocatoria. Interpretano principalmente canzoni yiddish del repertorio rivoluzionario o canzoni di lotta. Queste canzoni trasmettono messaggi universali e fuori del tempo, come il desiderio di giustizia sociale, l&#8217;orrore della guerra, la libert\u00e0&#8230; Inoltre, Daniel Kahn parla molto bene lo yiddish e traduce alcune delle sue canzoni in inglese. Facendo risuonare questa lingua straziata e traducendola in inglese, universalizza il messaggio delle canzoni yiddish.<\/p>\n<p><a href=\"https:\/\/www.paintedbird.de\/\">Visitare il loro sito web<\/a><\/p>\n<p><img loading=\"lazy\" decoding=\"async\" class=\" alignright size-full wp-image-22198\" src=\"https:\/\/www.iemj.org\/wp-content\/uploads\/2018\/12\/klunk-4_pet.jpg\" alt=\"klunk-4_pet.jpg\" width=\"400\" height=\"266\" align=\"right\" srcset=\"https:\/\/www.iemj.org\/wp-content\/uploads\/2018\/12\/klunk-4_pet.jpg 400w, https:\/\/www.iemj.org\/wp-content\/uploads\/2018\/12\/klunk-4_pet-300x200.jpg 300w\" sizes=\"(max-width: 400px) 100vw, 400px\" \/>In Francia, il gruppo <strong>Klunk<\/strong> esiste dal 2012 e suona &#8220;klezmer-yiddish-punk-metal&#8221;. Riprende le canzoni yiddish, in particolare le canzoni rivoluzionarie e di lotta, e le reinterpreta su di una musica che mescola punk-rock e metal (riff di chitarra pesanti, e veloci, energia sovraeccitata, ecc.). Il messaggio trasmesso vuole essere molto \u201cpunk\u201d, con intonazioni militanti (giustizia sociale, uguaglianza per tutti e tutti i popoli), umoristico e molto spesso provocatorio.<\/p>\n<p><a href=\"http:\/\/klunk.fr\/\">Visitare il loro sito web<\/a><\/p>\n<p>Vi sono molti gruppi che uniscono questi stili ed \u00e8 impossibile elencarli tutti qui. Daremo come esempio un elenco non esaustivo di gruppi non presentati in questo articolo: <strong>Jewdriver, Schmekel, Horse Raddish, Damn Dirty Commies, Asher Yatzar, The Shondes, Gangsta Rabbi, Jew Cocks, The Debaucherauntes, Gevolt, Koyt Far Dayn Fardakht\u2026<\/strong><\/p>\n<p><a href=\"http:\/\/michaelcroland.com\/\" target=\"_blank\" rel=\"noopener\">Consultare il sito web Michael Croland, autore di Oy Oy Oy Gevalt, Jewish and Punk e Punk Rock Hora<\/a><\/p>\n<p><a href=\"https:\/\/www.cfmj.fr\/fr\/mediathequehalphen\/dernieres-acquisitions\/livres-articles\/oy-oy-oy-gevalt-jews-and-punk.html\" target=\"_blank\" rel=\"noopener\">Per saperne di pi\u00f9 sul libro <em>Oy Oy Oy Gevalt, ebrei e punk<\/em><\/a><\/p>\n<p><a href=\"https:\/\/www.cfmj.fr\/fr\/mediathequehalphen\/dernieres-acquisitions\/livres-articles\/oy-oy-oy-gevalt-jews-and-punk.html\" target=\"_blank\" rel=\"noopener\">Per saperne di pi\u00f9 sul libro <em>Punk Rock Hora<\/em><\/a><\/p>\n\n<div class=\"wp-block-image\">\n<figure class=\"aligncenter size-large\"><img loading=\"lazy\" decoding=\"async\" width=\"1024\" height=\"133\" src=\"https:\/\/www.iemj.org\/wp-content\/uploads\/2024\/03\/AUDIO-PLAYER-1024x133.png\" alt=\"\" class=\"wp-image-110609\" srcset=\"https:\/\/www.iemj.org\/wp-content\/uploads\/2024\/03\/AUDIO-PLAYER-1024x133.png 1024w, https:\/\/www.iemj.org\/wp-content\/uploads\/2024\/03\/AUDIO-PLAYER-300x39.png 300w, https:\/\/www.iemj.org\/wp-content\/uploads\/2024\/03\/AUDIO-PLAYER-768x100.png 768w, https:\/\/www.iemj.org\/wp-content\/uploads\/2024\/03\/AUDIO-PLAYER-600x78.png 600w, https:\/\/www.iemj.org\/wp-content\/uploads\/2024\/03\/AUDIO-PLAYER.png 1210w\" sizes=\"(max-width: 1024px) 100vw, 1024px\" \/><\/figure>\n<\/div>\n\n\n<div class=\"wp-block-file\"><a id=\"wp-block-file--media-e98eac6c-06a6-4acf-a531-9d44e5712e54\" href=\"https:\/\/www.iemj.org\/wp-content\/uploads\/2018\/12\/03_klunk_-_barikadn_master_170217.mp3\">Klunk &#8211; Barikadn<\/a><\/div>\n\n\n\n<div class=\"wp-block-file\"><a id=\"wp-block-file--media-25fa78ba-2d7a-49b6-86ea-caa54af68609\" href=\"https:\/\/www.iemj.org\/wp-content\/uploads\/2018\/12\/if-i-were-a-rich-man.mp3\">Yidcore &#8211; If I were a rich man<\/a><\/div>\n\n\n\n<div class=\"wp-block-file\"><a id=\"wp-block-file--media-8db13f56-912e-4ed5-8ca8-c753b6e2ab60\" href=\"https:\/\/www.iemj.org\/wp-content\/uploads\/2018\/12\/train-across-ukraine-golem.mp3\">Golem &#8211; Train across Ukraine<\/a><\/div>\n\n\n\n<div class=\"wp-block-file\"><a id=\"wp-block-file--media-bc1f021d-7d7b-431a-9b73-f45850d7ca01\" href=\"https:\/\/www.iemj.org\/wp-content\/uploads\/2018\/12\/yiddish_princess_-_yiddish_princess_-_01_oy_avram.mp3\">Yiddish Princess &#8211; Oy Avram<\/a><\/div>\n\n\n\n<div class=\"wp-block-file\"><a id=\"wp-block-file--media-4ad33138-742a-4f30-ae85-345de38be013\" href=\"https:\/\/www.iemj.org\/wp-content\/uploads\/2018\/12\/moshiach-oi-avraham-was-a-punk-rocker.mp3\">Moshiach Oi &#8211; Avraham was a punk rocker<\/a><\/div>\n\n\n\n<div class=\"wp-block-file\"><a id=\"wp-block-file--media-cbb66d40-7187-4685-a05b-ba8a247718f3\" href=\"https:\/\/www.iemj.org\/wp-content\/uploads\/2018\/12\/daniel-kahn-the-painted-bird-march-of-the-jobless-corps-arbetslozer-marsh.mp3\">Daniel Kahn and the Painted Bird &#8211; March of the jobless corps \/ arbetslozer marsh<\/a><\/div>\n","protected":false},"excerpt":{"rendered":"<p>Il rock \u00e8 apparso negli anni &#8217;50 negli Stati Uniti. Si \u00e8 sviluppato in molte sottocategorie a partire dagli anni &#8217;60 sempre negli Stati Uniti ma anche nel Regno Unito.<\/p>\n","protected":false},"author":1048,"featured_media":82312,"comment_status":"closed","ping_status":"closed","sticky":false,"template":"","format":"standard","meta":{"_acf_changed":false,"footnotes":""},"categories":[1407],"tags":[],"technique":[],"squelettes":[],"sujet":[],"formation":[],"genre":[1866,1676],"fonds":[],"tradition":[],"type-de-contenu":[],"interprete-compositeur":[],"frise":[],"type-devenement":[],"tableaux-liens-externes":[],"class_list":["post-82311","post","type-post","status-publish","format-standard","has-post-thumbnail","hentry","category-articoli-di-fondo-it","genre-rock-it","genre-yiddish-it-2"],"acf":[],"yoast_head":"<!-- This site is optimized with the Yoast SEO plugin v27.3 - https:\/\/yoast.com\/product\/yoast-seo-wordpress\/ -->\n<title>Rock, hard-rock, metal, punk e musiche ebraiche - Institut Europ\u00e9en des Musiques Juives<\/title>\n<meta name=\"robots\" content=\"index, follow, max-snippet:-1, max-image-preview:large, max-video-preview:-1\" \/>\n<link rel=\"canonical\" href=\"https:\/\/www.iemj.org\/it\/rock-hard-rock-metal-punk-et-musiques-juives\/\" \/>\n<meta property=\"og:locale\" content=\"it_IT\" \/>\n<meta property=\"og:type\" content=\"article\" \/>\n<meta property=\"og:title\" content=\"Rock, hard-rock, metal, punk e musiche ebraiche - Institut Europ\u00e9en des Musiques Juives\" \/>\n<meta property=\"og:description\" content=\"Il rock \u00e8 apparso negli anni &#8217;50 negli Stati Uniti. Si \u00e8 sviluppato in molte sottocategorie a partire dagli anni &#8217;60 sempre negli Stati Uniti ma anche nel Regno Unito.\" \/>\n<meta property=\"og:url\" content=\"https:\/\/www.iemj.org\/it\/rock-hard-rock-metal-punk-et-musiques-juives\/\" \/>\n<meta property=\"og:site_name\" content=\"Institut Europ\u00e9en des Musiques Juives\" \/>\n<meta property=\"article:publisher\" content=\"https:\/\/www.facebook.com\/MusiquesJuives\/\" \/>\n<meta property=\"article:published_time\" content=\"2018-12-19T12:28:08+00:00\" \/>\n<meta property=\"article:modified_time\" content=\"2025-10-06T12:28:28+00:00\" \/>\n<meta property=\"og:image\" content=\"https:\/\/www.iemj.org\/wp-content\/uploads\/2018\/12\/arton3847-e1618320209127.jpg\" \/>\n\t<meta property=\"og:image:width\" content=\"350\" \/>\n\t<meta property=\"og:image:height\" content=\"263\" \/>\n\t<meta property=\"og:image:type\" content=\"image\/jpeg\" \/>\n<meta name=\"author\" content=\"Jean-Gabriel Davis\" \/>\n<meta name=\"twitter:card\" content=\"summary_large_image\" \/>\n<meta name=\"twitter:label1\" content=\"Scritto da\" \/>\n\t<meta name=\"twitter:data1\" content=\"Jean-Gabriel Davis\" \/>\n\t<meta name=\"twitter:label2\" content=\"Tempo di lettura stimato\" \/>\n\t<meta name=\"twitter:data2\" content=\"9 minuti\" \/>\n<script type=\"application\/ld+json\" class=\"yoast-schema-graph\">{\"@context\":\"https:\\\/\\\/schema.org\",\"@graph\":[{\"@type\":\"Article\",\"@id\":\"https:\\\/\\\/www.iemj.org\\\/it\\\/rock-hard-rock-metal-punk-et-musiques-juives\\\/#article\",\"isPartOf\":{\"@id\":\"https:\\\/\\\/www.iemj.org\\\/it\\\/rock-hard-rock-metal-punk-et-musiques-juives\\\/\"},\"author\":{\"name\":\"Jean-Gabriel Davis\",\"@id\":\"https:\\\/\\\/www.iemj.org\\\/it\\\/#\\\/schema\\\/person\\\/c9bc1c386a3749579a2d675e72a18666\"},\"headline\":\"Rock, hard-rock, metal, punk e musiche ebraiche\",\"datePublished\":\"2018-12-19T12:28:08+00:00\",\"dateModified\":\"2025-10-06T12:28:28+00:00\",\"mainEntityOfPage\":{\"@id\":\"https:\\\/\\\/www.iemj.org\\\/it\\\/rock-hard-rock-metal-punk-et-musiques-juives\\\/\"},\"wordCount\":1235,\"publisher\":{\"@id\":\"https:\\\/\\\/www.iemj.org\\\/it\\\/#organization\"},\"image\":{\"@id\":\"https:\\\/\\\/www.iemj.org\\\/it\\\/rock-hard-rock-metal-punk-et-musiques-juives\\\/#primaryimage\"},\"thumbnailUrl\":\"https:\\\/\\\/www.iemj.org\\\/wp-content\\\/uploads\\\/2018\\\/12\\\/arton3847-e1618320209127.jpg\",\"articleSection\":[\"Articoli di fondo\"],\"inLanguage\":\"it-IT\"},{\"@type\":\"WebPage\",\"@id\":\"https:\\\/\\\/www.iemj.org\\\/it\\\/rock-hard-rock-metal-punk-et-musiques-juives\\\/\",\"url\":\"https:\\\/\\\/www.iemj.org\\\/it\\\/rock-hard-rock-metal-punk-et-musiques-juives\\\/\",\"name\":\"Rock, hard-rock, metal, punk e musiche ebraiche - Institut Europ\u00e9en des Musiques Juives\",\"isPartOf\":{\"@id\":\"https:\\\/\\\/www.iemj.org\\\/it\\\/#website\"},\"primaryImageOfPage\":{\"@id\":\"https:\\\/\\\/www.iemj.org\\\/it\\\/rock-hard-rock-metal-punk-et-musiques-juives\\\/#primaryimage\"},\"image\":{\"@id\":\"https:\\\/\\\/www.iemj.org\\\/it\\\/rock-hard-rock-metal-punk-et-musiques-juives\\\/#primaryimage\"},\"thumbnailUrl\":\"https:\\\/\\\/www.iemj.org\\\/wp-content\\\/uploads\\\/2018\\\/12\\\/arton3847-e1618320209127.jpg\",\"datePublished\":\"2018-12-19T12:28:08+00:00\",\"dateModified\":\"2025-10-06T12:28:28+00:00\",\"breadcrumb\":{\"@id\":\"https:\\\/\\\/www.iemj.org\\\/it\\\/rock-hard-rock-metal-punk-et-musiques-juives\\\/#breadcrumb\"},\"inLanguage\":\"it-IT\",\"potentialAction\":[{\"@type\":\"ReadAction\",\"target\":[\"https:\\\/\\\/www.iemj.org\\\/it\\\/rock-hard-rock-metal-punk-et-musiques-juives\\\/\"]}]},{\"@type\":\"ImageObject\",\"inLanguage\":\"it-IT\",\"@id\":\"https:\\\/\\\/www.iemj.org\\\/it\\\/rock-hard-rock-metal-punk-et-musiques-juives\\\/#primaryimage\",\"url\":\"https:\\\/\\\/www.iemj.org\\\/wp-content\\\/uploads\\\/2018\\\/12\\\/arton3847-e1618320209127.jpg\",\"contentUrl\":\"https:\\\/\\\/www.iemj.org\\\/wp-content\\\/uploads\\\/2018\\\/12\\\/arton3847-e1618320209127.jpg\",\"width\":350,\"height\":263},{\"@type\":\"BreadcrumbList\",\"@id\":\"https:\\\/\\\/www.iemj.org\\\/it\\\/rock-hard-rock-metal-punk-et-musiques-juives\\\/#breadcrumb\",\"itemListElement\":[{\"@type\":\"ListItem\",\"position\":1,\"name\":\"Accueil\",\"item\":\"https:\\\/\\\/www.iemj.org\\\/it\\\/\"},{\"@type\":\"ListItem\",\"position\":2,\"name\":\"Rock, hard-rock, metal, punk e musiche ebraiche\"}]},{\"@type\":\"WebSite\",\"@id\":\"https:\\\/\\\/www.iemj.org\\\/it\\\/#website\",\"url\":\"https:\\\/\\\/www.iemj.org\\\/it\\\/\",\"name\":\"Institut Europ\u00e9en des Musiques Juives\",\"description\":\"Des traditions musicales \u00e0 la port\u00e9e de tous\",\"publisher\":{\"@id\":\"https:\\\/\\\/www.iemj.org\\\/it\\\/#organization\"},\"potentialAction\":[{\"@type\":\"SearchAction\",\"target\":{\"@type\":\"EntryPoint\",\"urlTemplate\":\"https:\\\/\\\/www.iemj.org\\\/it\\\/?s={search_term_string}\"},\"query-input\":{\"@type\":\"PropertyValueSpecification\",\"valueRequired\":true,\"valueName\":\"search_term_string\"}}],\"inLanguage\":\"it-IT\"},{\"@type\":\"Organization\",\"@id\":\"https:\\\/\\\/www.iemj.org\\\/it\\\/#organization\",\"name\":\"Institut Europ\u00e9en des Musiques Juives\",\"url\":\"https:\\\/\\\/www.iemj.org\\\/it\\\/\",\"logo\":{\"@type\":\"ImageObject\",\"inLanguage\":\"it-IT\",\"@id\":\"https:\\\/\\\/www.iemj.org\\\/it\\\/#\\\/schema\\\/logo\\\/image\\\/\",\"url\":\"https:\\\/\\\/www.iemj.org\\\/wp-content\\\/uploads\\\/2021\\\/09\\\/Logo-IEMJ-Paypal.jpg\",\"contentUrl\":\"https:\\\/\\\/www.iemj.org\\\/wp-content\\\/uploads\\\/2021\\\/09\\\/Logo-IEMJ-Paypal.jpg\",\"width\":150,\"height\":50,\"caption\":\"Institut Europ\u00e9en des Musiques Juives\"},\"image\":{\"@id\":\"https:\\\/\\\/www.iemj.org\\\/it\\\/#\\\/schema\\\/logo\\\/image\\\/\"},\"sameAs\":[\"https:\\\/\\\/www.facebook.com\\\/MusiquesJuives\\\/\",\"https:\\\/\\\/www.instagram.com\\\/musiquesjuives\\\/\",\"https:\\\/\\\/www.youtube.com\\\/user\\\/musiquesjuives\"]},{\"@type\":\"Person\",\"@id\":\"https:\\\/\\\/www.iemj.org\\\/it\\\/#\\\/schema\\\/person\\\/c9bc1c386a3749579a2d675e72a18666\",\"name\":\"Jean-Gabriel Davis\",\"image\":{\"@type\":\"ImageObject\",\"inLanguage\":\"it-IT\",\"@id\":\"https:\\\/\\\/secure.gravatar.com\\\/avatar\\\/2b90d67bdf392c9b3a21fab87c0fa7edaf1fb3a058172a1ffd61033fcec7aec1?s=96&d=mm&r=g\",\"url\":\"https:\\\/\\\/secure.gravatar.com\\\/avatar\\\/2b90d67bdf392c9b3a21fab87c0fa7edaf1fb3a058172a1ffd61033fcec7aec1?s=96&d=mm&r=g\",\"contentUrl\":\"https:\\\/\\\/secure.gravatar.com\\\/avatar\\\/2b90d67bdf392c9b3a21fab87c0fa7edaf1fb3a058172a1ffd61033fcec7aec1?s=96&d=mm&r=g\",\"caption\":\"Jean-Gabriel Davis\"}}]}<\/script>\n<!-- \/ Yoast SEO plugin. -->","yoast_head_json":{"title":"Rock, hard-rock, metal, punk e musiche ebraiche - Institut Europ\u00e9en des Musiques Juives","robots":{"index":"index","follow":"follow","max-snippet":"max-snippet:-1","max-image-preview":"max-image-preview:large","max-video-preview":"max-video-preview:-1"},"canonical":"https:\/\/www.iemj.org\/it\/rock-hard-rock-metal-punk-et-musiques-juives\/","og_locale":"it_IT","og_type":"article","og_title":"Rock, hard-rock, metal, punk e musiche ebraiche - Institut Europ\u00e9en des Musiques Juives","og_description":"Il rock \u00e8 apparso negli anni &#8217;50 negli Stati Uniti. Si \u00e8 sviluppato in molte sottocategorie a partire dagli anni &#8217;60 sempre negli Stati Uniti ma anche nel Regno Unito.","og_url":"https:\/\/www.iemj.org\/it\/rock-hard-rock-metal-punk-et-musiques-juives\/","og_site_name":"Institut Europ\u00e9en des Musiques Juives","article_publisher":"https:\/\/www.facebook.com\/MusiquesJuives\/","article_published_time":"2018-12-19T12:28:08+00:00","article_modified_time":"2025-10-06T12:28:28+00:00","og_image":[{"width":350,"height":263,"url":"https:\/\/www.iemj.org\/wp-content\/uploads\/2018\/12\/arton3847-e1618320209127.jpg","type":"image\/jpeg"}],"author":"Jean-Gabriel Davis","twitter_card":"summary_large_image","twitter_misc":{"Scritto da":"Jean-Gabriel Davis","Tempo di lettura stimato":"9 minuti"},"schema":{"@context":"https:\/\/schema.org","@graph":[{"@type":"Article","@id":"https:\/\/www.iemj.org\/it\/rock-hard-rock-metal-punk-et-musiques-juives\/#article","isPartOf":{"@id":"https:\/\/www.iemj.org\/it\/rock-hard-rock-metal-punk-et-musiques-juives\/"},"author":{"name":"Jean-Gabriel Davis","@id":"https:\/\/www.iemj.org\/it\/#\/schema\/person\/c9bc1c386a3749579a2d675e72a18666"},"headline":"Rock, hard-rock, metal, punk e musiche ebraiche","datePublished":"2018-12-19T12:28:08+00:00","dateModified":"2025-10-06T12:28:28+00:00","mainEntityOfPage":{"@id":"https:\/\/www.iemj.org\/it\/rock-hard-rock-metal-punk-et-musiques-juives\/"},"wordCount":1235,"publisher":{"@id":"https:\/\/www.iemj.org\/it\/#organization"},"image":{"@id":"https:\/\/www.iemj.org\/it\/rock-hard-rock-metal-punk-et-musiques-juives\/#primaryimage"},"thumbnailUrl":"https:\/\/www.iemj.org\/wp-content\/uploads\/2018\/12\/arton3847-e1618320209127.jpg","articleSection":["Articoli di fondo"],"inLanguage":"it-IT"},{"@type":"WebPage","@id":"https:\/\/www.iemj.org\/it\/rock-hard-rock-metal-punk-et-musiques-juives\/","url":"https:\/\/www.iemj.org\/it\/rock-hard-rock-metal-punk-et-musiques-juives\/","name":"Rock, hard-rock, metal, punk e musiche ebraiche - Institut Europ\u00e9en des Musiques Juives","isPartOf":{"@id":"https:\/\/www.iemj.org\/it\/#website"},"primaryImageOfPage":{"@id":"https:\/\/www.iemj.org\/it\/rock-hard-rock-metal-punk-et-musiques-juives\/#primaryimage"},"image":{"@id":"https:\/\/www.iemj.org\/it\/rock-hard-rock-metal-punk-et-musiques-juives\/#primaryimage"},"thumbnailUrl":"https:\/\/www.iemj.org\/wp-content\/uploads\/2018\/12\/arton3847-e1618320209127.jpg","datePublished":"2018-12-19T12:28:08+00:00","dateModified":"2025-10-06T12:28:28+00:00","breadcrumb":{"@id":"https:\/\/www.iemj.org\/it\/rock-hard-rock-metal-punk-et-musiques-juives\/#breadcrumb"},"inLanguage":"it-IT","potentialAction":[{"@type":"ReadAction","target":["https:\/\/www.iemj.org\/it\/rock-hard-rock-metal-punk-et-musiques-juives\/"]}]},{"@type":"ImageObject","inLanguage":"it-IT","@id":"https:\/\/www.iemj.org\/it\/rock-hard-rock-metal-punk-et-musiques-juives\/#primaryimage","url":"https:\/\/www.iemj.org\/wp-content\/uploads\/2018\/12\/arton3847-e1618320209127.jpg","contentUrl":"https:\/\/www.iemj.org\/wp-content\/uploads\/2018\/12\/arton3847-e1618320209127.jpg","width":350,"height":263},{"@type":"BreadcrumbList","@id":"https:\/\/www.iemj.org\/it\/rock-hard-rock-metal-punk-et-musiques-juives\/#breadcrumb","itemListElement":[{"@type":"ListItem","position":1,"name":"Accueil","item":"https:\/\/www.iemj.org\/it\/"},{"@type":"ListItem","position":2,"name":"Rock, hard-rock, metal, punk e musiche ebraiche"}]},{"@type":"WebSite","@id":"https:\/\/www.iemj.org\/it\/#website","url":"https:\/\/www.iemj.org\/it\/","name":"Institut Europ\u00e9en des Musiques Juives","description":"Des traditions musicales \u00e0 la port\u00e9e de tous","publisher":{"@id":"https:\/\/www.iemj.org\/it\/#organization"},"potentialAction":[{"@type":"SearchAction","target":{"@type":"EntryPoint","urlTemplate":"https:\/\/www.iemj.org\/it\/?s={search_term_string}"},"query-input":{"@type":"PropertyValueSpecification","valueRequired":true,"valueName":"search_term_string"}}],"inLanguage":"it-IT"},{"@type":"Organization","@id":"https:\/\/www.iemj.org\/it\/#organization","name":"Institut Europ\u00e9en des Musiques Juives","url":"https:\/\/www.iemj.org\/it\/","logo":{"@type":"ImageObject","inLanguage":"it-IT","@id":"https:\/\/www.iemj.org\/it\/#\/schema\/logo\/image\/","url":"https:\/\/www.iemj.org\/wp-content\/uploads\/2021\/09\/Logo-IEMJ-Paypal.jpg","contentUrl":"https:\/\/www.iemj.org\/wp-content\/uploads\/2021\/09\/Logo-IEMJ-Paypal.jpg","width":150,"height":50,"caption":"Institut Europ\u00e9en des Musiques Juives"},"image":{"@id":"https:\/\/www.iemj.org\/it\/#\/schema\/logo\/image\/"},"sameAs":["https:\/\/www.facebook.com\/MusiquesJuives\/","https:\/\/www.instagram.com\/musiquesjuives\/","https:\/\/www.youtube.com\/user\/musiquesjuives"]},{"@type":"Person","@id":"https:\/\/www.iemj.org\/it\/#\/schema\/person\/c9bc1c386a3749579a2d675e72a18666","name":"Jean-Gabriel Davis","image":{"@type":"ImageObject","inLanguage":"it-IT","@id":"https:\/\/secure.gravatar.com\/avatar\/2b90d67bdf392c9b3a21fab87c0fa7edaf1fb3a058172a1ffd61033fcec7aec1?s=96&d=mm&r=g","url":"https:\/\/secure.gravatar.com\/avatar\/2b90d67bdf392c9b3a21fab87c0fa7edaf1fb3a058172a1ffd61033fcec7aec1?s=96&d=mm&r=g","contentUrl":"https:\/\/secure.gravatar.com\/avatar\/2b90d67bdf392c9b3a21fab87c0fa7edaf1fb3a058172a1ffd61033fcec7aec1?s=96&d=mm&r=g","caption":"Jean-Gabriel Davis"}}]}},"_links":{"self":[{"href":"https:\/\/www.iemj.org\/it\/wp-json\/wp\/v2\/posts\/82311","targetHints":{"allow":["GET"]}}],"collection":[{"href":"https:\/\/www.iemj.org\/it\/wp-json\/wp\/v2\/posts"}],"about":[{"href":"https:\/\/www.iemj.org\/it\/wp-json\/wp\/v2\/types\/post"}],"author":[{"embeddable":true,"href":"https:\/\/www.iemj.org\/it\/wp-json\/wp\/v2\/users\/1048"}],"replies":[{"embeddable":true,"href":"https:\/\/www.iemj.org\/it\/wp-json\/wp\/v2\/comments?post=82311"}],"version-history":[{"count":1,"href":"https:\/\/www.iemj.org\/it\/wp-json\/wp\/v2\/posts\/82311\/revisions"}],"predecessor-version":[{"id":126375,"href":"https:\/\/www.iemj.org\/it\/wp-json\/wp\/v2\/posts\/82311\/revisions\/126375"}],"wp:featuredmedia":[{"embeddable":true,"href":"https:\/\/www.iemj.org\/it\/wp-json\/wp\/v2\/media\/82312"}],"wp:attachment":[{"href":"https:\/\/www.iemj.org\/it\/wp-json\/wp\/v2\/media?parent=82311"}],"wp:term":[{"taxonomy":"category","embeddable":true,"href":"https:\/\/www.iemj.org\/it\/wp-json\/wp\/v2\/categories?post=82311"},{"taxonomy":"post_tag","embeddable":true,"href":"https:\/\/www.iemj.org\/it\/wp-json\/wp\/v2\/tags?post=82311"},{"taxonomy":"technique","embeddable":true,"href":"https:\/\/www.iemj.org\/it\/wp-json\/wp\/v2\/technique?post=82311"},{"taxonomy":"squelettes","embeddable":true,"href":"https:\/\/www.iemj.org\/it\/wp-json\/wp\/v2\/squelettes?post=82311"},{"taxonomy":"sujet","embeddable":true,"href":"https:\/\/www.iemj.org\/it\/wp-json\/wp\/v2\/sujet?post=82311"},{"taxonomy":"formation","embeddable":true,"href":"https:\/\/www.iemj.org\/it\/wp-json\/wp\/v2\/formation?post=82311"},{"taxonomy":"genre","embeddable":true,"href":"https:\/\/www.iemj.org\/it\/wp-json\/wp\/v2\/genre?post=82311"},{"taxonomy":"fonds","embeddable":true,"href":"https:\/\/www.iemj.org\/it\/wp-json\/wp\/v2\/fonds?post=82311"},{"taxonomy":"tradition","embeddable":true,"href":"https:\/\/www.iemj.org\/it\/wp-json\/wp\/v2\/tradition?post=82311"},{"taxonomy":"type-de-contenu","embeddable":true,"href":"https:\/\/www.iemj.org\/it\/wp-json\/wp\/v2\/type-de-contenu?post=82311"},{"taxonomy":"interprete-compositeur","embeddable":true,"href":"https:\/\/www.iemj.org\/it\/wp-json\/wp\/v2\/interprete-compositeur?post=82311"},{"taxonomy":"frise","embeddable":true,"href":"https:\/\/www.iemj.org\/it\/wp-json\/wp\/v2\/frise?post=82311"},{"taxonomy":"type-devenement","embeddable":true,"href":"https:\/\/www.iemj.org\/it\/wp-json\/wp\/v2\/type-devenement?post=82311"},{"taxonomy":"tableaux-liens-externes","embeddable":true,"href":"https:\/\/www.iemj.org\/it\/wp-json\/wp\/v2\/tableaux-liens-externes?post=82311"}],"curies":[{"name":"wp","href":"https:\/\/api.w.org\/{rel}","templated":true}]}}