{"id":82382,"date":"2020-07-30T14:16:04","date_gmt":"2020-07-30T12:16:04","guid":{"rendered":"https:\/\/www.iemj.org\/attitude-rabbinique-envers-la-musique\/"},"modified":"2022-04-05T10:40:53","modified_gmt":"2022-04-05T08:40:53","slug":"attitude-rabbinique-envers-la-musique","status":"publish","type":"post","link":"https:\/\/www.iemj.org\/it\/attitude-rabbinique-envers-la-musique\/","title":{"rendered":"Attitude rabbinica nei confronti della musica"},"content":{"rendered":"<p>\u00c8 stato trovato un numero relativamente elevato di testimonianze sull&#8217;atteggiamento rabbinico nei confronti della musica, sparse nella letteratura talmudica, midrashica e rabbinica.<\/p>\n<p>Dall&#8217;inizio del periodo talmudico si pu\u00f2 osservare un atteggiamento riservato, che talvolta si spinge fino all&#8217;opposizione radicale a qualsiasi manifestazione musicale. Questo atteggiamento \u00e8 principalmente motivato dal lutto seguito alla distruzione del Tempio nell&#8217;anno 70 dell&#8217;era cristiana. Bench\u00e9 sia probabile che tale riserva esprimesse i sentimenti profondi delle autorit\u00e0 ebraiche solo nel periodo tannaitico, prossimo all&#8217;evento storico che caus\u00f2 il lutto, ma di cui si possono, invece, far risalire origini pi\u00f9 lontane a questa opposizione, resta il fatto che questo ricordo del lutto nazionale appare per tutto il medioevo e fino ai tempi moderni come motivo di restrizione della pratica musicale.<\/p>\n<p>Ritroviamo infatti questa motivazione nel grande Codice di Maimonide (1170-80) e pi\u00f9 tardi ancora, nell&#8217;ultima codificazione rabbinica accettata come norma dall&#8217;ebraismo di tutta la diaspora, lo Shulhan &#8216;ar\u00fbk di Joseph Caro, databile della met\u00e0 del XVI secolo secolo. Un&#8217;amplificazione di questo stesso tema va vista nelle restrizioni che periodicamente colpiscono la pratica musicale in alcuni centri ebraici a seguito di un disastro locale. Questo \u00e8 particolarmente vero nell&#8217;Europa orientale dopo gli spaventosi massacri degli ebrei da parte del capo cosacco Chmielnicki nel 1648.<\/p>\n<p>Accanto a questo genere di ragioni di carattere esterno, legate ad eventi storici, la dottrina di base sulla musica \u00e8 fissata secondo considerazioni di ordine etico. Queste considerazioni, del resto, non hanno nessun punto in comune con la dottrina greca dell&#8217;Ethos che si trover\u00e0 tuttavia trapiantata, attraverso teorici arabi, negli scritti di un certo numero di autori ebrei del medioevo, compresi importanti autorit\u00e0 rabbiniche. La dottrina talmudica, come appare attraverso le varie massime dei dottori del Talmud e del Midrash, si occupa quasi esclusivamente del carattere funzionale della musica; solo una musica che svolge una funzione religiosa \u00e8 veramente consentita e incoraggiata; sono tollerate alcune categorie di canti per il lavoro, mentre altre, ritenute licenziose, sono vietate, nonch\u00e9, in varia misura, qualsiasi pratica musicale profana il cui carattere frivolo e sensuale sia considerato incompatibile con le esigenze della vita di santit\u00e0 che incombe agli ebrei.<\/p>\n<p>A questa fondamentale divisione in musica religiosa \u2013 l&#8217;unica consentita \u2013 e musica profana, vietata in linea di principio, si aggiungono alcune sfumature: cos\u00ec, nella pratica profana, la musica strumentale sembra pi\u00f9 severamente condannata della musica vocale; d&#8217;altronde, le autorit\u00e0 rabbiniche, particolarmente attente ai pericoli della dissolutezza in occasione dei banchetti, protestano soprattutto contro la seduzione del canto femminile.<\/p>\n<p>Le fonti rabbiniche successive al Talmud non fanno che confermare e chiarire questa divisione funzionale della musica a seconda che serva ad uno scopo laico o religioso, apparentemente senza preoccuparsi del &#8220;linguaggio&#8221; musicale. Le decisioni dei capi delle accademie babilonesi che vanno in questa direzione trovano un&#8217;autorit\u00e0 decisiva nell&#8217;importante compendio talmudico di Issac Alfasi nordafricano (1013-1103). Questa posizione ufficiale che ammette la musica per \u201ccantare le lodi\u201d di Dio avr\u00e0 ormai forza di legge e sar\u00e0 spesso opposta dai difensori della pratica musicale religiosa ai \u201cbigotti\u201d detrattori di questa pratica.<\/p>\n<p>Maimonide (1135-1204), il cui atteggiamento negativo nei confronti della pratica musicale \u00e8 stato pi\u00f9 volte notato, non intende in alcun modo opporsi, nel suo famoso Responsum sulla musica &#8211; in cui, peraltro, cita un passo dell&#8217;Alfasi &#8211; ad una pratica musicale religiosa. Questo \u00e8 ci\u00f2 che indica chiaramente all&#8217;inizio della sua risposta alla domanda se sia consentito cantare canzoni arabe e praticare la musica in generale: divieto radicale di qualsiasi pratica musicale, vocale o strumentale, \u00abfatta eccezione per la preghiera [dove la musica] aiuta e risveglia l&#8217;anima alla gioia e alla tristezza\u201d. Se nel suo grande codice mishneh t\u00f4rah Maimonide evoca il lutto per la distruzione del Tempio, qui non se ne fa menzione. La ragione che adduce per la sua opposizione alla musica profana \u00e8 l&#8217;esigenza per Israele di essere un &#8220;popolo santo&#8221;. Qualsiasi attivit\u00e0 che non tende a questo obiettivo deve essere scartata. Le sfumature di apprezzamento verso le diverse forme di pratica musicale che abbiamo gi\u00e0 notato nella letteratura talmudica si ritrovano qui, ma continua a non esserci nessuna allusione ad una differenziazione interna riguardo al \u00ab\u00a0linguaggio\u00a0\u00bb musicale.<\/p>\n<p>Dopo aver ricordato che non c&#8217;\u00e8 differenza tra l&#8217;uso della lingua ebraica e quello della lingua araba e che l&#8217;unico criterio che determina l&#8217;ammissibilit\u00e0 o il divieto della pratica musicale \u00e8 la funzione (religiosa o profana) di tale pratica, \u00abl&#8217;obiettivo che si vuole raggiungere\u201d, Maimonide enumera i cinque divieti insiti nella pratica musicale profana e che vanno, senza dubbio, intesi come andanti dal meno grave al pi\u00f9 grave:<\/p>\n<ol>\n<li>il testo profano in se stesso;<\/li>\n<li>canto vocale;<\/li>\n<li>quest&#8217;ultimo con accompagnamento strumentale;<\/li>\n<li>quest&#8217;ultimo accompagnato da degustazione di vini;<\/li>\n<li>voce femminile.<\/li>\n<\/ol>\n<p>A seconda delle regioni, delle epoche e delle condizioni di vita dominanti nei diversi centri ebraici, si dar\u00e0 un&#8217;interpretazione pi\u00f9 o meno ampia alle nozioni di \u201cmusica religiosa\u201d e di \u201cmusica profana\u201d.<\/p>\n<p>Come regola generale, si pu\u00f2 osservare che questa pratica musicale religiosa, ammessa dai rabbini, non \u00e8 mai stata confinata alla liturgia stessa. Nelle feste e nei banchetti legati ad una prescrizione religiosa (&#8220;se&#8217;uddat miswah&#8221;), in particolare in occasione di una circoncisione, di un matrimonio, della festa carnevalesca di Purim, la musica non solo era consentita ma prescritta. Posto che qualsiasi evento culturale in ambito ebraico, per essere lecito, doveva necessariamente comportare un carattere religioso, l&#8217;assenza di rigide normative rabbiniche apriva la porta agli amanti della musica delle diverse comunit\u00e0 ebraiche a praticare la musica secondo i propri gusti ed i mezzi musicali a loro disposizione. \u00c8 interessante notare anche questa stessa mancanza di regolamentazione per quanto riguarda il posto, all&#8217;interno della funzione liturgica vera e propria, di quella che viene chiamata &#8220;musica&#8221; e che designa, secondo le regioni e le epoche, il canto stilizzato dell&#8217;hazzan (cantore) con o senza l&#8217;aggiunta di mesh\u00f4rer\u00eem, l&#8217;impiego di cori, se non addirittura di strumenti, in breve, della musica ricercata.<\/p>\n<p>\u00c8 necessario notare ancora un punto pi\u00f9 generale che ha motivato un atteggiamento rabbinico riservato nei confronti della pratica musicale. La preoccupazione di preservare l&#8217;ebreo da ogni contagio con una pratica di &#8220;adorazione straniera&#8221; (&#8216;avodah zarah), si \u00e8 trovata amplificata nella legislazione rabbinica dal divieto di abbracciare le &#8220;usanze dei gentili&#8221; (huqqat hag -goy). L&#8217;assimilazione della musica ad un tale huqqat hag-g\u00f4y \u00e8 particolarmente significativa nell&#8217;ambito dell&#8217;Occidente cristiano dove l&#8217;evoluzione della musica nel Medioevo era strettamente legata alla Chiesa. Si pu\u00f2 osservare un esempio di questo atteggiamento di riservatezza, che non rinnega la &#8220;musica&#8221; in quanto tale, ma che esprime il timore di favorire o avvicinarsi al &#8220;culto straniero&#8221;, nel responsum di un talmudista tedesco, Israel Isserlein (1390 -1460): consultato per appurare se fosse ammissibile la vendita di libri &#8220;non idonei&#8221; a un chierico, Isserlein risponde: se il venditore ebreo sa che si tratta di \u00ab\u00a0uno dei loro libri di culto che usano per cantare e per le funzioni di culto straniero\u00a0\u00bb, questa vendita \u00e8 illecita; se, invece, il venditore non \u00e8 a conoscenza della natura del libro, l&#8217;operazione \u00e8 ammissibile perch\u00e9 \u00e8 probabile \u2013 e in tal caso \u00e8 sufficiente la probabilit\u00e0 \u2013 che si tratti di un&#8217;opera facente parte \u00abdella maggior parte dei loro libri\u00a0\u00bb che sono opere di giurisprudenza, medicina, scienze matematiche e musica.<\/p>\n<p>Si pu\u00f2 quindi notare che l&#8217;estrema precauzione qui adottata per evitare anche un briciolo di apporto ebraico al culto cristiano, la cui evocazione \u00e8 automaticamente associata alla pratica musicale del &#8220;culto straniero&#8221;, non ha ovviamente alcun rapporto con un&#8217;avversione per la musica , poich\u00e9 in questa stessa fonte \u00e8 dichiarato lecito il commercio di un trattato musicale, senza apparente collegamento con il &#8220;culto straniero&#8221;.<\/p>\n<p>Questa preoccupazione rabbinica di preservare il pi\u00f9 possibile l&#8217;ebraismo da ogni contatto con il &#8220;culto straniero&#8221; \u00e8 ovviamente molto pi\u00f9 pronunciata quando si tratta di lottare contro il prestito di melodie straniere, ed in particolare ecclesiastiche, per servire nelle funzioni sinagogali. Si hanno testimonianze di tali pratiche (peraltro nel doppio senso: Chiesa-Sinagoga, Sinagoga-Chiesa), che suscitano le proteste del redattore del \u201cLibro dei Giusti\u201d, nel XIII secolo nei paesi renani. \u00c8 anche uno dei temi pi\u00f9 importanti evocati dalle fonti letterarie del XVII e XVIII secolo.<\/p>\n<p>Articolo tratto dal Libro<em>: La pratica musicale ebraica in Europa. <\/em><em>Volume I. Pratica musicale accademica in alcune comunit\u00e0 ebraiche in Europa nel XVII e XVIII secolo<\/em> \u2013 Israel Adler, pp 10 \u2013 14, 1966<\/p>\n<p><a href=\"https:\/\/www.iemj.org\/adler-israel-1925-2009\/\" target=\"_blank\" rel=\"noopener\">Consultare la biografia di Israel Adler<\/a><\/p>\n","protected":false},"excerpt":{"rendered":"<p>\u00c8 stato trovato un numero relativamente elevato di testimonianze sull&#8217;atteggiamento rabbinico nei confronti della musica, sparse nella letteratura talmudica, midrashica e rabbinica. Dall&#8217;inizio del periodo talmudico si pu\u00f2 osservare un<\/p>\n","protected":false},"author":5,"featured_media":82383,"comment_status":"closed","ping_status":"closed","sticky":false,"template":"","format":"standard","meta":{"_acf_changed":false,"footnotes":""},"categories":[1407],"tags":[],"technique":[],"squelettes":[],"sujet":[],"formation":[],"genre":[],"fonds":[],"tradition":[],"type-de-contenu":[],"interprete-compositeur":[],"frise":[],"type-devenement":[],"tableaux-liens-externes":[],"class_list":["post-82382","post","type-post","status-publish","format-standard","has-post-thumbnail","hentry","category-articoli-di-fondo-it"],"acf":[],"yoast_head":"<!-- This site is optimized with the Yoast SEO plugin v27.3 - https:\/\/yoast.com\/product\/yoast-seo-wordpress\/ -->\n<title>Attitude rabbinica nei confronti della musica - Institut Europ\u00e9en des Musiques Juives<\/title>\n<meta name=\"robots\" content=\"index, follow, max-snippet:-1, max-image-preview:large, max-video-preview:-1\" \/>\n<link rel=\"canonical\" href=\"https:\/\/www.iemj.org\/it\/attitude-rabbinique-envers-la-musique\/\" \/>\n<meta property=\"og:locale\" content=\"it_IT\" \/>\n<meta property=\"og:type\" content=\"article\" \/>\n<meta property=\"og:title\" content=\"Attitude rabbinica nei confronti della musica - Institut Europ\u00e9en des Musiques Juives\" \/>\n<meta property=\"og:description\" content=\"\u00c8 stato trovato un numero relativamente elevato di testimonianze sull&#8217;atteggiamento rabbinico nei confronti della musica, sparse nella letteratura talmudica, midrashica e rabbinica. Dall&#8217;inizio del periodo talmudico si pu\u00f2 osservare un\" \/>\n<meta property=\"og:url\" content=\"https:\/\/www.iemj.org\/it\/attitude-rabbinique-envers-la-musique\/\" \/>\n<meta property=\"og:site_name\" content=\"Institut Europ\u00e9en des Musiques Juives\" \/>\n<meta property=\"article:publisher\" content=\"https:\/\/www.facebook.com\/MusiquesJuives\/\" \/>\n<meta property=\"article:published_time\" content=\"2020-07-30T12:16:04+00:00\" \/>\n<meta property=\"article:modified_time\" content=\"2022-04-05T08:40:53+00:00\" \/>\n<meta property=\"og:image\" content=\"https:\/\/www.iemj.org\/wp-content\/uploads\/2020\/07\/arton4812-e1618232808689.jpg\" \/>\n\t<meta property=\"og:image:width\" content=\"350\" \/>\n\t<meta property=\"og:image:height\" content=\"265\" \/>\n\t<meta property=\"og:image:type\" content=\"image\/jpeg\" \/>\n<meta name=\"author\" content=\"Jacqueline ROTEN\" \/>\n<meta name=\"twitter:card\" content=\"summary_large_image\" \/>\n<meta name=\"twitter:label1\" content=\"Scritto da\" \/>\n\t<meta name=\"twitter:data1\" content=\"Jacqueline ROTEN\" \/>\n\t<meta name=\"twitter:label2\" content=\"Tempo di lettura stimato\" \/>\n\t<meta name=\"twitter:data2\" content=\"7 minuti\" \/>\n<script type=\"application\/ld+json\" class=\"yoast-schema-graph\">{\"@context\":\"https:\\\/\\\/schema.org\",\"@graph\":[{\"@type\":\"Article\",\"@id\":\"https:\\\/\\\/www.iemj.org\\\/it\\\/attitude-rabbinique-envers-la-musique\\\/#article\",\"isPartOf\":{\"@id\":\"https:\\\/\\\/www.iemj.org\\\/it\\\/attitude-rabbinique-envers-la-musique\\\/\"},\"author\":{\"name\":\"Jacqueline ROTEN\",\"@id\":\"https:\\\/\\\/www.iemj.org\\\/it\\\/#\\\/schema\\\/person\\\/358e26c18aca017fcc4cc15437f7279c\"},\"headline\":\"Attitude rabbinica nei confronti della musica\",\"datePublished\":\"2020-07-30T12:16:04+00:00\",\"dateModified\":\"2022-04-05T08:40:53+00:00\",\"mainEntityOfPage\":{\"@id\":\"https:\\\/\\\/www.iemj.org\\\/it\\\/attitude-rabbinique-envers-la-musique\\\/\"},\"wordCount\":1389,\"publisher\":{\"@id\":\"https:\\\/\\\/www.iemj.org\\\/it\\\/#organization\"},\"image\":{\"@id\":\"https:\\\/\\\/www.iemj.org\\\/it\\\/attitude-rabbinique-envers-la-musique\\\/#primaryimage\"},\"thumbnailUrl\":\"https:\\\/\\\/www.iemj.org\\\/wp-content\\\/uploads\\\/2020\\\/07\\\/arton4812-e1618232808689.jpg\",\"articleSection\":[\"Articoli di fondo\"],\"inLanguage\":\"it-IT\"},{\"@type\":\"WebPage\",\"@id\":\"https:\\\/\\\/www.iemj.org\\\/it\\\/attitude-rabbinique-envers-la-musique\\\/\",\"url\":\"https:\\\/\\\/www.iemj.org\\\/it\\\/attitude-rabbinique-envers-la-musique\\\/\",\"name\":\"Attitude rabbinica nei confronti della musica - Institut Europ\u00e9en des Musiques Juives\",\"isPartOf\":{\"@id\":\"https:\\\/\\\/www.iemj.org\\\/it\\\/#website\"},\"primaryImageOfPage\":{\"@id\":\"https:\\\/\\\/www.iemj.org\\\/it\\\/attitude-rabbinique-envers-la-musique\\\/#primaryimage\"},\"image\":{\"@id\":\"https:\\\/\\\/www.iemj.org\\\/it\\\/attitude-rabbinique-envers-la-musique\\\/#primaryimage\"},\"thumbnailUrl\":\"https:\\\/\\\/www.iemj.org\\\/wp-content\\\/uploads\\\/2020\\\/07\\\/arton4812-e1618232808689.jpg\",\"datePublished\":\"2020-07-30T12:16:04+00:00\",\"dateModified\":\"2022-04-05T08:40:53+00:00\",\"breadcrumb\":{\"@id\":\"https:\\\/\\\/www.iemj.org\\\/it\\\/attitude-rabbinique-envers-la-musique\\\/#breadcrumb\"},\"inLanguage\":\"it-IT\",\"potentialAction\":[{\"@type\":\"ReadAction\",\"target\":[\"https:\\\/\\\/www.iemj.org\\\/it\\\/attitude-rabbinique-envers-la-musique\\\/\"]}]},{\"@type\":\"ImageObject\",\"inLanguage\":\"it-IT\",\"@id\":\"https:\\\/\\\/www.iemj.org\\\/it\\\/attitude-rabbinique-envers-la-musique\\\/#primaryimage\",\"url\":\"https:\\\/\\\/www.iemj.org\\\/wp-content\\\/uploads\\\/2020\\\/07\\\/arton4812-e1618232808689.jpg\",\"contentUrl\":\"https:\\\/\\\/www.iemj.org\\\/wp-content\\\/uploads\\\/2020\\\/07\\\/arton4812-e1618232808689.jpg\",\"width\":350,\"height\":265},{\"@type\":\"BreadcrumbList\",\"@id\":\"https:\\\/\\\/www.iemj.org\\\/it\\\/attitude-rabbinique-envers-la-musique\\\/#breadcrumb\",\"itemListElement\":[{\"@type\":\"ListItem\",\"position\":1,\"name\":\"Accueil\",\"item\":\"https:\\\/\\\/www.iemj.org\\\/it\\\/\"},{\"@type\":\"ListItem\",\"position\":2,\"name\":\"Attitude rabbinica nei confronti della musica\"}]},{\"@type\":\"WebSite\",\"@id\":\"https:\\\/\\\/www.iemj.org\\\/it\\\/#website\",\"url\":\"https:\\\/\\\/www.iemj.org\\\/it\\\/\",\"name\":\"Institut Europ\u00e9en des Musiques Juives\",\"description\":\"Des traditions musicales \u00e0 la port\u00e9e de tous\",\"publisher\":{\"@id\":\"https:\\\/\\\/www.iemj.org\\\/it\\\/#organization\"},\"potentialAction\":[{\"@type\":\"SearchAction\",\"target\":{\"@type\":\"EntryPoint\",\"urlTemplate\":\"https:\\\/\\\/www.iemj.org\\\/it\\\/?s={search_term_string}\"},\"query-input\":{\"@type\":\"PropertyValueSpecification\",\"valueRequired\":true,\"valueName\":\"search_term_string\"}}],\"inLanguage\":\"it-IT\"},{\"@type\":\"Organization\",\"@id\":\"https:\\\/\\\/www.iemj.org\\\/it\\\/#organization\",\"name\":\"Institut Europ\u00e9en des Musiques Juives\",\"url\":\"https:\\\/\\\/www.iemj.org\\\/it\\\/\",\"logo\":{\"@type\":\"ImageObject\",\"inLanguage\":\"it-IT\",\"@id\":\"https:\\\/\\\/www.iemj.org\\\/it\\\/#\\\/schema\\\/logo\\\/image\\\/\",\"url\":\"https:\\\/\\\/www.iemj.org\\\/wp-content\\\/uploads\\\/2021\\\/09\\\/Logo-IEMJ-Paypal.jpg\",\"contentUrl\":\"https:\\\/\\\/www.iemj.org\\\/wp-content\\\/uploads\\\/2021\\\/09\\\/Logo-IEMJ-Paypal.jpg\",\"width\":150,\"height\":50,\"caption\":\"Institut Europ\u00e9en des Musiques Juives\"},\"image\":{\"@id\":\"https:\\\/\\\/www.iemj.org\\\/it\\\/#\\\/schema\\\/logo\\\/image\\\/\"},\"sameAs\":[\"https:\\\/\\\/www.facebook.com\\\/MusiquesJuives\\\/\",\"https:\\\/\\\/www.instagram.com\\\/musiquesjuives\\\/\",\"https:\\\/\\\/www.youtube.com\\\/user\\\/musiquesjuives\"]},{\"@type\":\"Person\",\"@id\":\"https:\\\/\\\/www.iemj.org\\\/it\\\/#\\\/schema\\\/person\\\/358e26c18aca017fcc4cc15437f7279c\",\"name\":\"Jacqueline ROTEN\",\"image\":{\"@type\":\"ImageObject\",\"inLanguage\":\"it-IT\",\"@id\":\"https:\\\/\\\/secure.gravatar.com\\\/avatar\\\/5964256d6c6957de3a3505278957e0fb2a35119ac47ea41827a65301213c810b?s=96&d=mm&r=g\",\"url\":\"https:\\\/\\\/secure.gravatar.com\\\/avatar\\\/5964256d6c6957de3a3505278957e0fb2a35119ac47ea41827a65301213c810b?s=96&d=mm&r=g\",\"contentUrl\":\"https:\\\/\\\/secure.gravatar.com\\\/avatar\\\/5964256d6c6957de3a3505278957e0fb2a35119ac47ea41827a65301213c810b?s=96&d=mm&r=g\",\"caption\":\"Jacqueline ROTEN\"}}]}<\/script>\n<!-- \/ Yoast SEO plugin. -->","yoast_head_json":{"title":"Attitude rabbinica nei confronti della musica - Institut Europ\u00e9en des Musiques Juives","robots":{"index":"index","follow":"follow","max-snippet":"max-snippet:-1","max-image-preview":"max-image-preview:large","max-video-preview":"max-video-preview:-1"},"canonical":"https:\/\/www.iemj.org\/it\/attitude-rabbinique-envers-la-musique\/","og_locale":"it_IT","og_type":"article","og_title":"Attitude rabbinica nei confronti della musica - Institut Europ\u00e9en des Musiques Juives","og_description":"\u00c8 stato trovato un numero relativamente elevato di testimonianze sull&#8217;atteggiamento rabbinico nei confronti della musica, sparse nella letteratura talmudica, midrashica e rabbinica. Dall&#8217;inizio del periodo talmudico si pu\u00f2 osservare un","og_url":"https:\/\/www.iemj.org\/it\/attitude-rabbinique-envers-la-musique\/","og_site_name":"Institut Europ\u00e9en des Musiques Juives","article_publisher":"https:\/\/www.facebook.com\/MusiquesJuives\/","article_published_time":"2020-07-30T12:16:04+00:00","article_modified_time":"2022-04-05T08:40:53+00:00","og_image":[{"width":350,"height":265,"url":"https:\/\/www.iemj.org\/wp-content\/uploads\/2020\/07\/arton4812-e1618232808689.jpg","type":"image\/jpeg"}],"author":"Jacqueline ROTEN","twitter_card":"summary_large_image","twitter_misc":{"Scritto da":"Jacqueline ROTEN","Tempo di lettura stimato":"7 minuti"},"schema":{"@context":"https:\/\/schema.org","@graph":[{"@type":"Article","@id":"https:\/\/www.iemj.org\/it\/attitude-rabbinique-envers-la-musique\/#article","isPartOf":{"@id":"https:\/\/www.iemj.org\/it\/attitude-rabbinique-envers-la-musique\/"},"author":{"name":"Jacqueline ROTEN","@id":"https:\/\/www.iemj.org\/it\/#\/schema\/person\/358e26c18aca017fcc4cc15437f7279c"},"headline":"Attitude rabbinica nei confronti della musica","datePublished":"2020-07-30T12:16:04+00:00","dateModified":"2022-04-05T08:40:53+00:00","mainEntityOfPage":{"@id":"https:\/\/www.iemj.org\/it\/attitude-rabbinique-envers-la-musique\/"},"wordCount":1389,"publisher":{"@id":"https:\/\/www.iemj.org\/it\/#organization"},"image":{"@id":"https:\/\/www.iemj.org\/it\/attitude-rabbinique-envers-la-musique\/#primaryimage"},"thumbnailUrl":"https:\/\/www.iemj.org\/wp-content\/uploads\/2020\/07\/arton4812-e1618232808689.jpg","articleSection":["Articoli di fondo"],"inLanguage":"it-IT"},{"@type":"WebPage","@id":"https:\/\/www.iemj.org\/it\/attitude-rabbinique-envers-la-musique\/","url":"https:\/\/www.iemj.org\/it\/attitude-rabbinique-envers-la-musique\/","name":"Attitude rabbinica nei confronti della musica - Institut Europ\u00e9en des Musiques Juives","isPartOf":{"@id":"https:\/\/www.iemj.org\/it\/#website"},"primaryImageOfPage":{"@id":"https:\/\/www.iemj.org\/it\/attitude-rabbinique-envers-la-musique\/#primaryimage"},"image":{"@id":"https:\/\/www.iemj.org\/it\/attitude-rabbinique-envers-la-musique\/#primaryimage"},"thumbnailUrl":"https:\/\/www.iemj.org\/wp-content\/uploads\/2020\/07\/arton4812-e1618232808689.jpg","datePublished":"2020-07-30T12:16:04+00:00","dateModified":"2022-04-05T08:40:53+00:00","breadcrumb":{"@id":"https:\/\/www.iemj.org\/it\/attitude-rabbinique-envers-la-musique\/#breadcrumb"},"inLanguage":"it-IT","potentialAction":[{"@type":"ReadAction","target":["https:\/\/www.iemj.org\/it\/attitude-rabbinique-envers-la-musique\/"]}]},{"@type":"ImageObject","inLanguage":"it-IT","@id":"https:\/\/www.iemj.org\/it\/attitude-rabbinique-envers-la-musique\/#primaryimage","url":"https:\/\/www.iemj.org\/wp-content\/uploads\/2020\/07\/arton4812-e1618232808689.jpg","contentUrl":"https:\/\/www.iemj.org\/wp-content\/uploads\/2020\/07\/arton4812-e1618232808689.jpg","width":350,"height":265},{"@type":"BreadcrumbList","@id":"https:\/\/www.iemj.org\/it\/attitude-rabbinique-envers-la-musique\/#breadcrumb","itemListElement":[{"@type":"ListItem","position":1,"name":"Accueil","item":"https:\/\/www.iemj.org\/it\/"},{"@type":"ListItem","position":2,"name":"Attitude rabbinica nei confronti della musica"}]},{"@type":"WebSite","@id":"https:\/\/www.iemj.org\/it\/#website","url":"https:\/\/www.iemj.org\/it\/","name":"Institut Europ\u00e9en des Musiques Juives","description":"Des traditions musicales \u00e0 la port\u00e9e de tous","publisher":{"@id":"https:\/\/www.iemj.org\/it\/#organization"},"potentialAction":[{"@type":"SearchAction","target":{"@type":"EntryPoint","urlTemplate":"https:\/\/www.iemj.org\/it\/?s={search_term_string}"},"query-input":{"@type":"PropertyValueSpecification","valueRequired":true,"valueName":"search_term_string"}}],"inLanguage":"it-IT"},{"@type":"Organization","@id":"https:\/\/www.iemj.org\/it\/#organization","name":"Institut Europ\u00e9en des Musiques Juives","url":"https:\/\/www.iemj.org\/it\/","logo":{"@type":"ImageObject","inLanguage":"it-IT","@id":"https:\/\/www.iemj.org\/it\/#\/schema\/logo\/image\/","url":"https:\/\/www.iemj.org\/wp-content\/uploads\/2021\/09\/Logo-IEMJ-Paypal.jpg","contentUrl":"https:\/\/www.iemj.org\/wp-content\/uploads\/2021\/09\/Logo-IEMJ-Paypal.jpg","width":150,"height":50,"caption":"Institut Europ\u00e9en des Musiques Juives"},"image":{"@id":"https:\/\/www.iemj.org\/it\/#\/schema\/logo\/image\/"},"sameAs":["https:\/\/www.facebook.com\/MusiquesJuives\/","https:\/\/www.instagram.com\/musiquesjuives\/","https:\/\/www.youtube.com\/user\/musiquesjuives"]},{"@type":"Person","@id":"https:\/\/www.iemj.org\/it\/#\/schema\/person\/358e26c18aca017fcc4cc15437f7279c","name":"Jacqueline ROTEN","image":{"@type":"ImageObject","inLanguage":"it-IT","@id":"https:\/\/secure.gravatar.com\/avatar\/5964256d6c6957de3a3505278957e0fb2a35119ac47ea41827a65301213c810b?s=96&d=mm&r=g","url":"https:\/\/secure.gravatar.com\/avatar\/5964256d6c6957de3a3505278957e0fb2a35119ac47ea41827a65301213c810b?s=96&d=mm&r=g","contentUrl":"https:\/\/secure.gravatar.com\/avatar\/5964256d6c6957de3a3505278957e0fb2a35119ac47ea41827a65301213c810b?s=96&d=mm&r=g","caption":"Jacqueline ROTEN"}}]}},"_links":{"self":[{"href":"https:\/\/www.iemj.org\/it\/wp-json\/wp\/v2\/posts\/82382","targetHints":{"allow":["GET"]}}],"collection":[{"href":"https:\/\/www.iemj.org\/it\/wp-json\/wp\/v2\/posts"}],"about":[{"href":"https:\/\/www.iemj.org\/it\/wp-json\/wp\/v2\/types\/post"}],"author":[{"embeddable":true,"href":"https:\/\/www.iemj.org\/it\/wp-json\/wp\/v2\/users\/5"}],"replies":[{"embeddable":true,"href":"https:\/\/www.iemj.org\/it\/wp-json\/wp\/v2\/comments?post=82382"}],"version-history":[{"count":0,"href":"https:\/\/www.iemj.org\/it\/wp-json\/wp\/v2\/posts\/82382\/revisions"}],"wp:featuredmedia":[{"embeddable":true,"href":"https:\/\/www.iemj.org\/it\/wp-json\/wp\/v2\/media\/82383"}],"wp:attachment":[{"href":"https:\/\/www.iemj.org\/it\/wp-json\/wp\/v2\/media?parent=82382"}],"wp:term":[{"taxonomy":"category","embeddable":true,"href":"https:\/\/www.iemj.org\/it\/wp-json\/wp\/v2\/categories?post=82382"},{"taxonomy":"post_tag","embeddable":true,"href":"https:\/\/www.iemj.org\/it\/wp-json\/wp\/v2\/tags?post=82382"},{"taxonomy":"technique","embeddable":true,"href":"https:\/\/www.iemj.org\/it\/wp-json\/wp\/v2\/technique?post=82382"},{"taxonomy":"squelettes","embeddable":true,"href":"https:\/\/www.iemj.org\/it\/wp-json\/wp\/v2\/squelettes?post=82382"},{"taxonomy":"sujet","embeddable":true,"href":"https:\/\/www.iemj.org\/it\/wp-json\/wp\/v2\/sujet?post=82382"},{"taxonomy":"formation","embeddable":true,"href":"https:\/\/www.iemj.org\/it\/wp-json\/wp\/v2\/formation?post=82382"},{"taxonomy":"genre","embeddable":true,"href":"https:\/\/www.iemj.org\/it\/wp-json\/wp\/v2\/genre?post=82382"},{"taxonomy":"fonds","embeddable":true,"href":"https:\/\/www.iemj.org\/it\/wp-json\/wp\/v2\/fonds?post=82382"},{"taxonomy":"tradition","embeddable":true,"href":"https:\/\/www.iemj.org\/it\/wp-json\/wp\/v2\/tradition?post=82382"},{"taxonomy":"type-de-contenu","embeddable":true,"href":"https:\/\/www.iemj.org\/it\/wp-json\/wp\/v2\/type-de-contenu?post=82382"},{"taxonomy":"interprete-compositeur","embeddable":true,"href":"https:\/\/www.iemj.org\/it\/wp-json\/wp\/v2\/interprete-compositeur?post=82382"},{"taxonomy":"frise","embeddable":true,"href":"https:\/\/www.iemj.org\/it\/wp-json\/wp\/v2\/frise?post=82382"},{"taxonomy":"type-devenement","embeddable":true,"href":"https:\/\/www.iemj.org\/it\/wp-json\/wp\/v2\/type-devenement?post=82382"},{"taxonomy":"tableaux-liens-externes","embeddable":true,"href":"https:\/\/www.iemj.org\/it\/wp-json\/wp\/v2\/tableaux-liens-externes?post=82382"}],"curies":[{"name":"wp","href":"https:\/\/api.w.org\/{rel}","templated":true}]}}