{"id":82655,"date":"2016-04-20T12:22:41","date_gmt":"2016-04-20T10:22:41","guid":{"rendered":"https:\/\/www.iemj.org\/pessah-1ere-partie\/"},"modified":"2025-03-31T17:26:05","modified_gmt":"2025-03-31T15:26:05","slug":"pessah-1ere-partie","status":"publish","type":"post","link":"https:\/\/www.iemj.org\/it\/pessah-1ere-partie\/","title":{"rendered":"Pessach \u2013 prima parte"},"content":{"rendered":"<p><!--more--><\/p>\n<p><strong>Una selezione dei pi\u00f9 bei brani pasquali<\/strong><\/p>\n<p>La Pasqua, in ebraico &#8220;passare oltre&#8221;, si riferisce all&#8217;esodo degli Ebrei dalla terra d&#8217;Egitto, e ricorda che durante le dieci piaghe inflitte agli egiziani, Dio uccise tutti i primogeniti egiziani ma pass\u00f2 oltre le case ebraiche preservandole&#8230;<\/p>\n<p>La celebrazione della Pasqua, che si svolge all&#8217;inizio della primavera, \u00e8 caratterizzata da un pasto in famiglia, il Seder.<\/p>\n<p>Il seder inizia tradizionalmente con la dichiarazione del capofamiglia che evoca il pane azzimo, la Matzah, pane che non aveva avuto il tempo di lievitare al momento della fuga degli Ebrei.<\/p>\n<p><img fetchpriority=\"high\" decoding=\"async\" class=\"size-full wp-image-10243 alignright\" src=\"https:\/\/www.iemj.org\/wp-content\/uploads\/2016\/04\/doc_1_pessah_500px_plus_petit.jpg\" alt=\"doc_1_pessah_500px_plus_petit.jpg\" width=\"260\" height=\"260\" align=\"middle\" srcset=\"https:\/\/www.iemj.org\/wp-content\/uploads\/2016\/04\/doc_1_pessah_500px_plus_petit.jpg 260w, https:\/\/www.iemj.org\/wp-content\/uploads\/2016\/04\/doc_1_pessah_500px_plus_petit-150x150.jpg 150w, https:\/\/www.iemj.org\/wp-content\/uploads\/2016\/04\/doc_1_pessah_500px_plus_petit-100x100.jpg 100w\" sizes=\"(max-width: 260px) 100vw, 260px\" \/><\/p>\n<p>Poco dopo il pi\u00f9 giovane della famiglia fa 4 domande che iniziano con \u201cMa nishtana halayla haz\u00e9\u2026\u201d \u201cPerch\u00e9 questa notte \u00e8 diversa dalle altre notti? \u00bb<\/p>\n<p>Il seder si conclude con la ricerca dell&#8217;Afikomane, mezzo pezzo di Matzah che \u00e8 messo da parte all&#8217;inizio del pasto, per essere mangiato come dessert dopo il pasto, destinato a essere l&#8217;ultima cosa da mangiare del Seder pasquale, per mantenere in bocca il sapore del pane azzimo.<\/p>\n<p><img decoding=\"async\" class=\" wp-image-10245 alignleft\" src=\"https:\/\/www.iemj.org\/wp-content\/uploads\/2016\/04\/doc_2_pessah_500px_plus_petit.jpg\" alt=\"doc_2_pessah_500px_plus_petit.jpg\" width=\"212\" height=\"213\" align=\"right\" srcset=\"https:\/\/www.iemj.org\/wp-content\/uploads\/2016\/04\/doc_2_pessah_500px_plus_petit.jpg 300w, https:\/\/www.iemj.org\/wp-content\/uploads\/2016\/04\/doc_2_pessah_500px_plus_petit-298x300.jpg 298w, https:\/\/www.iemj.org\/wp-content\/uploads\/2016\/04\/doc_2_pessah_500px_plus_petit-150x150.jpg 150w, https:\/\/www.iemj.org\/wp-content\/uploads\/2016\/04\/doc_2_pessah_500px_plus_petit-100x100.jpg 100w\" sizes=\"(max-width: 212px) 100vw, 212px\" \/><\/p>\n<p>Tradizionalmente, il capofamiglia nasconde l&#8217;afikomane per tenere svegli i bambini durante il lungo rituale del seder.<\/p>\n<ul>\n<li><a href=\"https:\/\/www.iemj.org\/it\/pessah-2eme-partie\/\" target=\"_blank\" rel=\"noopener\">Ascoltare la playlist: Pessach (2a parte)<\/a><\/li>\n<li><a href=\"https:\/\/www.iemj.org\/musiques-du-seder-de-pessah-voyage-au-sein-des-traditions-musicales-de-la-paque-juive\/\" target=\"_blank\" rel=\"noopener\">Ascoltare il programma radiofonico: Musiche dal Seder Pasquale \u2013 Viaggio attraverso le tradizioni musicali della Pasqua ebraica<\/a><\/li>\n<\/ul>\n\n<div class=\"wp-block-image\">\n<figure class=\"aligncenter size-large\"><img decoding=\"async\" width=\"1024\" height=\"133\" src=\"https:\/\/www.iemj.org\/wp-content\/uploads\/2024\/03\/AUDIO-PLAYER-1024x133.png\" alt=\"\" class=\"wp-image-110609\" srcset=\"https:\/\/www.iemj.org\/wp-content\/uploads\/2024\/03\/AUDIO-PLAYER-1024x133.png 1024w, https:\/\/www.iemj.org\/wp-content\/uploads\/2024\/03\/AUDIO-PLAYER-300x39.png 300w, https:\/\/www.iemj.org\/wp-content\/uploads\/2024\/03\/AUDIO-PLAYER-768x100.png 768w, https:\/\/www.iemj.org\/wp-content\/uploads\/2024\/03\/AUDIO-PLAYER-600x78.png 600w, https:\/\/www.iemj.org\/wp-content\/uploads\/2024\/03\/AUDIO-PLAYER.png 1210w\" sizes=\"(max-width: 1024px) 100vw, 1024px\" \/><\/figure>\n<\/div>\n\n\n<div class=\"wp-block-file\"><a id=\"wp-block-file--media-8c468ef2-1c67-4d72-80a6-30ab949455b8\" href=\"https:\/\/www.iemj.org\/wp-content\/uploads\/2016\/04\/avadim_hayinu_-_51_holiday_songs_for_eyal_t.mp3\"> Ma nishtana &#8211; Hanan YOVEL<\/a><\/div>\n\n\n\n<div class=\"wp-block-file\"><a id=\"wp-block-file--media-e3bd98ab-fed7-4b26-984b-382154f32c80\" href=\"https:\/\/www.iemj.org\/wp-content\/uploads\/2016\/04\/debut_du_seder_-_philippe_darmon.mp3\">D\u00e9but du Seder &#8211; Philippe DARMON<\/a><\/div>\n\n\n\n<div class=\"wp-block-file\"><a id=\"wp-block-file--media-e384204d-d5ec-4bf3-9ac5-6b4c2f4822c3\" href=\"https:\/\/www.iemj.org\/wp-content\/uploads\/2016\/04\/empezar_quiero_contar_-_keren_esther.mp3\">Empezar Quiero Contar &#8211; Keren ESTHER<\/a><\/div>\n\n\n\n<div class=\"wp-block-file\"><a id=\"wp-block-file--media-c9ff197f-a8e3-40b1-8868-3e0558635ad3\" href=\"https:\/\/www.iemj.org\/wp-content\/uploads\/2016\/04\/leil_shimurim_la_nuit_de_pesah_-_ensemble_alla_francesca.mp3\">Leil shimurim (La nuit de Pesah) &#8211; Ensemble Alla Francesca<\/a><\/div>\n\n\n\n<div class=\"wp-block-file\"><a id=\"wp-block-file--media-f1cdab73-1b9f-4908-81d0-927057aa0d31\" href=\"https:\/\/www.iemj.org\/wp-content\/uploads\/2016\/04\/ma_nishtana_-_hanan_yovel_t.mp3\">Ma nishtana &#8211; 51 Holiday Songs for Eyal<\/a><\/div>\n\n\n\n<div class=\"wp-block-file\"><a id=\"wp-block-file--media-a2e28df3-963c-4b34-8a2b-1214c8a789fd\" href=\"https:\/\/www.iemj.org\/wp-content\/uploads\/2016\/04\/mizmor_ledavid_abou_ladonay_-_didier_kassabi.mp3\">Mizmor ledavid abou ladonay &#8211; Didier KASSABI<\/a><\/div>\n\n\n\n<div class=\"wp-block-file\"><a id=\"wp-block-file--media-e0265ce5-8429-4ca4-bcda-e549b55fcc28\" href=\"https:\/\/www.iemj.org\/wp-content\/uploads\/2016\/04\/un_cabri_had_gadya_-_adolphe_attia.mp3\">Un cabri (Had gadya) &#8211; Adolphe ATTIA<\/a><\/div>\n\n\n\n<div class=\"wp-block-file\"><a id=\"wp-block-file--media-5aeaf3d3-287e-4390-82a0-942dabfd22bd\" href=\"https:\/\/www.iemj.org\/wp-content\/uploads\/2016\/04\/vehi_cheamda_chant_de_la_hagadda_-_rabbin_jean_schwartz_laszlo_karvaly.mp3\">Vehi Cheamda (chant de la Hagadda) &#8211; Rabbin Jean SCHWARTZ, Laszlo KARVALY<\/a><\/div>\n\n\n\n<div class=\"wp-block-file\"><a id=\"wp-block-file--media-0519a049-bbd0-455f-892b-4aec2389c74f\" href=\"https:\/\/www.iemj.org\/wp-content\/uploads\/2016\/04\/when_israel_went_out_of_egypt_-_yehoram_gaon_t.mp3\">When Isra\u00ebl went out of Egypt &#8211; Yehoram GAON<\/a><\/div>\n\n\n\n<div class=\"wp-block-file\"><a id=\"wp-block-file--media-f7c54f99-4b9b-47b4-9681-677b752d4594\" href=\"https:\/\/www.iemj.org\/wp-content\/uploads\/2016\/04\/lecture_de_la_haggadah_extraits_-_elie_dayane.mp3\">Lecture de la Haggadah (extrait) &#8211; Elie DAYANE<\/a><\/div>\n","protected":false},"excerpt":{"rendered":"","protected":false},"author":1052,"featured_media":111232,"comment_status":"closed","ping_status":"open","sticky":false,"template":"","format":"standard","meta":{"_acf_changed":false,"footnotes":""},"categories":[1536],"tags":[],"technique":[],"squelettes":[],"sujet":[1827],"formation":[],"genre":[],"fonds":[],"tradition":[],"type-de-contenu":[],"interprete-compositeur":[],"frise":[],"type-devenement":[],"tableaux-liens-externes":[],"class_list":["post-82655","post","type-post","status-publish","format-standard","has-post-thumbnail","hentry","category-playlist-it","sujet-pessach-it"],"acf":[],"yoast_head":"<!-- This site is optimized with the Yoast SEO plugin v27.3 - https:\/\/yoast.com\/product\/yoast-seo-wordpress\/ -->\n<title>Pessach \u2013 prima parte - Institut Europ\u00e9en des Musiques Juives<\/title>\n<meta name=\"robots\" content=\"index, follow, max-snippet:-1, max-image-preview:large, max-video-preview:-1\" \/>\n<link rel=\"canonical\" href=\"https:\/\/www.iemj.org\/it\/pessah-1ere-partie\/\" \/>\n<meta property=\"og:locale\" content=\"it_IT\" \/>\n<meta property=\"og:type\" content=\"article\" \/>\n<meta property=\"og:title\" content=\"Pessach \u2013 prima parte - Institut Europ\u00e9en des Musiques Juives\" \/>\n<meta property=\"og:url\" content=\"https:\/\/www.iemj.org\/it\/pessah-1ere-partie\/\" \/>\n<meta property=\"og:site_name\" content=\"Institut Europ\u00e9en des Musiques Juives\" \/>\n<meta property=\"article:publisher\" content=\"https:\/\/www.facebook.com\/MusiquesJuives\/\" \/>\n<meta property=\"article:published_time\" content=\"2016-04-20T10:22:41+00:00\" \/>\n<meta property=\"article:modified_time\" content=\"2025-03-31T15:26:05+00:00\" \/>\n<meta property=\"og:image\" content=\"https:\/\/www.iemj.org\/wp-content\/uploads\/2016\/04\/Logo-playlist-Pessah1.jpg\" \/>\n\t<meta property=\"og:image:width\" content=\"500\" \/>\n\t<meta property=\"og:image:height\" content=\"500\" \/>\n\t<meta property=\"og:image:type\" content=\"image\/jpeg\" \/>\n<meta name=\"author\" content=\"Lea Couderc\" \/>\n<meta name=\"twitter:card\" content=\"summary_large_image\" \/>\n<meta name=\"twitter:label1\" content=\"Scritto da\" \/>\n\t<meta name=\"twitter:data1\" content=\"Lea Couderc\" \/>\n\t<meta name=\"twitter:label2\" content=\"Tempo di lettura stimato\" \/>\n\t<meta name=\"twitter:data2\" content=\"3 minuti\" \/>\n<script type=\"application\/ld+json\" class=\"yoast-schema-graph\">{\"@context\":\"https:\\\/\\\/schema.org\",\"@graph\":[{\"@type\":\"Article\",\"@id\":\"https:\\\/\\\/www.iemj.org\\\/it\\\/pessah-1ere-partie\\\/#article\",\"isPartOf\":{\"@id\":\"https:\\\/\\\/www.iemj.org\\\/it\\\/pessah-1ere-partie\\\/\"},\"author\":{\"name\":\"Lea Couderc\",\"@id\":\"https:\\\/\\\/www.iemj.org\\\/it\\\/#\\\/schema\\\/person\\\/e2ad57f2c4be119c7ed8ab79036807a9\"},\"headline\":\"Pessach \u2013 prima parte\",\"datePublished\":\"2016-04-20T10:22:41+00:00\",\"dateModified\":\"2025-03-31T15:26:05+00:00\",\"mainEntityOfPage\":{\"@id\":\"https:\\\/\\\/www.iemj.org\\\/it\\\/pessah-1ere-partie\\\/\"},\"wordCount\":289,\"publisher\":{\"@id\":\"https:\\\/\\\/www.iemj.org\\\/it\\\/#organization\"},\"image\":{\"@id\":\"https:\\\/\\\/www.iemj.org\\\/it\\\/pessah-1ere-partie\\\/#primaryimage\"},\"thumbnailUrl\":\"https:\\\/\\\/www.iemj.org\\\/wp-content\\\/uploads\\\/2016\\\/04\\\/Logo-playlist-Pessah1.jpg\",\"articleSection\":[\"Playlist\"],\"inLanguage\":\"it-IT\"},{\"@type\":\"WebPage\",\"@id\":\"https:\\\/\\\/www.iemj.org\\\/it\\\/pessah-1ere-partie\\\/\",\"url\":\"https:\\\/\\\/www.iemj.org\\\/it\\\/pessah-1ere-partie\\\/\",\"name\":\"Pessach \u2013 prima parte - Institut Europ\u00e9en des Musiques Juives\",\"isPartOf\":{\"@id\":\"https:\\\/\\\/www.iemj.org\\\/it\\\/#website\"},\"primaryImageOfPage\":{\"@id\":\"https:\\\/\\\/www.iemj.org\\\/it\\\/pessah-1ere-partie\\\/#primaryimage\"},\"image\":{\"@id\":\"https:\\\/\\\/www.iemj.org\\\/it\\\/pessah-1ere-partie\\\/#primaryimage\"},\"thumbnailUrl\":\"https:\\\/\\\/www.iemj.org\\\/wp-content\\\/uploads\\\/2016\\\/04\\\/Logo-playlist-Pessah1.jpg\",\"datePublished\":\"2016-04-20T10:22:41+00:00\",\"dateModified\":\"2025-03-31T15:26:05+00:00\",\"breadcrumb\":{\"@id\":\"https:\\\/\\\/www.iemj.org\\\/it\\\/pessah-1ere-partie\\\/#breadcrumb\"},\"inLanguage\":\"it-IT\",\"potentialAction\":[{\"@type\":\"ReadAction\",\"target\":[\"https:\\\/\\\/www.iemj.org\\\/it\\\/pessah-1ere-partie\\\/\"]}]},{\"@type\":\"ImageObject\",\"inLanguage\":\"it-IT\",\"@id\":\"https:\\\/\\\/www.iemj.org\\\/it\\\/pessah-1ere-partie\\\/#primaryimage\",\"url\":\"https:\\\/\\\/www.iemj.org\\\/wp-content\\\/uploads\\\/2016\\\/04\\\/Logo-playlist-Pessah1.jpg\",\"contentUrl\":\"https:\\\/\\\/www.iemj.org\\\/wp-content\\\/uploads\\\/2016\\\/04\\\/Logo-playlist-Pessah1.jpg\",\"width\":500,\"height\":500},{\"@type\":\"BreadcrumbList\",\"@id\":\"https:\\\/\\\/www.iemj.org\\\/it\\\/pessah-1ere-partie\\\/#breadcrumb\",\"itemListElement\":[{\"@type\":\"ListItem\",\"position\":1,\"name\":\"Accueil\",\"item\":\"https:\\\/\\\/www.iemj.org\\\/it\\\/\"},{\"@type\":\"ListItem\",\"position\":2,\"name\":\"Pessach \u2013 prima parte\"}]},{\"@type\":\"WebSite\",\"@id\":\"https:\\\/\\\/www.iemj.org\\\/it\\\/#website\",\"url\":\"https:\\\/\\\/www.iemj.org\\\/it\\\/\",\"name\":\"Institut Europ\u00e9en des Musiques Juives\",\"description\":\"Des traditions musicales \u00e0 la port\u00e9e de tous\",\"publisher\":{\"@id\":\"https:\\\/\\\/www.iemj.org\\\/it\\\/#organization\"},\"potentialAction\":[{\"@type\":\"SearchAction\",\"target\":{\"@type\":\"EntryPoint\",\"urlTemplate\":\"https:\\\/\\\/www.iemj.org\\\/it\\\/?s={search_term_string}\"},\"query-input\":{\"@type\":\"PropertyValueSpecification\",\"valueRequired\":true,\"valueName\":\"search_term_string\"}}],\"inLanguage\":\"it-IT\"},{\"@type\":\"Organization\",\"@id\":\"https:\\\/\\\/www.iemj.org\\\/it\\\/#organization\",\"name\":\"Institut Europ\u00e9en des Musiques Juives\",\"url\":\"https:\\\/\\\/www.iemj.org\\\/it\\\/\",\"logo\":{\"@type\":\"ImageObject\",\"inLanguage\":\"it-IT\",\"@id\":\"https:\\\/\\\/www.iemj.org\\\/it\\\/#\\\/schema\\\/logo\\\/image\\\/\",\"url\":\"https:\\\/\\\/www.iemj.org\\\/wp-content\\\/uploads\\\/2021\\\/09\\\/Logo-IEMJ-Paypal.jpg\",\"contentUrl\":\"https:\\\/\\\/www.iemj.org\\\/wp-content\\\/uploads\\\/2021\\\/09\\\/Logo-IEMJ-Paypal.jpg\",\"width\":150,\"height\":50,\"caption\":\"Institut Europ\u00e9en des Musiques Juives\"},\"image\":{\"@id\":\"https:\\\/\\\/www.iemj.org\\\/it\\\/#\\\/schema\\\/logo\\\/image\\\/\"},\"sameAs\":[\"https:\\\/\\\/www.facebook.com\\\/MusiquesJuives\\\/\",\"https:\\\/\\\/www.instagram.com\\\/musiquesjuives\\\/\",\"https:\\\/\\\/www.youtube.com\\\/user\\\/musiquesjuives\"]},{\"@type\":\"Person\",\"@id\":\"https:\\\/\\\/www.iemj.org\\\/it\\\/#\\\/schema\\\/person\\\/e2ad57f2c4be119c7ed8ab79036807a9\",\"name\":\"Lea Couderc\",\"image\":{\"@type\":\"ImageObject\",\"inLanguage\":\"it-IT\",\"@id\":\"https:\\\/\\\/secure.gravatar.com\\\/avatar\\\/46ee021475d60aeff17a7e490b79dea5a5684bb392ab7fd1494027411df8ba23?s=96&d=mm&r=g\",\"url\":\"https:\\\/\\\/secure.gravatar.com\\\/avatar\\\/46ee021475d60aeff17a7e490b79dea5a5684bb392ab7fd1494027411df8ba23?s=96&d=mm&r=g\",\"contentUrl\":\"https:\\\/\\\/secure.gravatar.com\\\/avatar\\\/46ee021475d60aeff17a7e490b79dea5a5684bb392ab7fd1494027411df8ba23?s=96&d=mm&r=g\",\"caption\":\"Lea Couderc\"}}]}<\/script>\n<!-- \/ Yoast SEO plugin. -->","yoast_head_json":{"title":"Pessach \u2013 prima parte - Institut Europ\u00e9en des Musiques Juives","robots":{"index":"index","follow":"follow","max-snippet":"max-snippet:-1","max-image-preview":"max-image-preview:large","max-video-preview":"max-video-preview:-1"},"canonical":"https:\/\/www.iemj.org\/it\/pessah-1ere-partie\/","og_locale":"it_IT","og_type":"article","og_title":"Pessach \u2013 prima parte - Institut Europ\u00e9en des Musiques Juives","og_url":"https:\/\/www.iemj.org\/it\/pessah-1ere-partie\/","og_site_name":"Institut Europ\u00e9en des Musiques Juives","article_publisher":"https:\/\/www.facebook.com\/MusiquesJuives\/","article_published_time":"2016-04-20T10:22:41+00:00","article_modified_time":"2025-03-31T15:26:05+00:00","og_image":[{"width":500,"height":500,"url":"https:\/\/www.iemj.org\/wp-content\/uploads\/2016\/04\/Logo-playlist-Pessah1.jpg","type":"image\/jpeg"}],"author":"Lea Couderc","twitter_card":"summary_large_image","twitter_misc":{"Scritto da":"Lea Couderc","Tempo di lettura stimato":"3 minuti"},"schema":{"@context":"https:\/\/schema.org","@graph":[{"@type":"Article","@id":"https:\/\/www.iemj.org\/it\/pessah-1ere-partie\/#article","isPartOf":{"@id":"https:\/\/www.iemj.org\/it\/pessah-1ere-partie\/"},"author":{"name":"Lea Couderc","@id":"https:\/\/www.iemj.org\/it\/#\/schema\/person\/e2ad57f2c4be119c7ed8ab79036807a9"},"headline":"Pessach \u2013 prima parte","datePublished":"2016-04-20T10:22:41+00:00","dateModified":"2025-03-31T15:26:05+00:00","mainEntityOfPage":{"@id":"https:\/\/www.iemj.org\/it\/pessah-1ere-partie\/"},"wordCount":289,"publisher":{"@id":"https:\/\/www.iemj.org\/it\/#organization"},"image":{"@id":"https:\/\/www.iemj.org\/it\/pessah-1ere-partie\/#primaryimage"},"thumbnailUrl":"https:\/\/www.iemj.org\/wp-content\/uploads\/2016\/04\/Logo-playlist-Pessah1.jpg","articleSection":["Playlist"],"inLanguage":"it-IT"},{"@type":"WebPage","@id":"https:\/\/www.iemj.org\/it\/pessah-1ere-partie\/","url":"https:\/\/www.iemj.org\/it\/pessah-1ere-partie\/","name":"Pessach \u2013 prima parte - Institut Europ\u00e9en des Musiques Juives","isPartOf":{"@id":"https:\/\/www.iemj.org\/it\/#website"},"primaryImageOfPage":{"@id":"https:\/\/www.iemj.org\/it\/pessah-1ere-partie\/#primaryimage"},"image":{"@id":"https:\/\/www.iemj.org\/it\/pessah-1ere-partie\/#primaryimage"},"thumbnailUrl":"https:\/\/www.iemj.org\/wp-content\/uploads\/2016\/04\/Logo-playlist-Pessah1.jpg","datePublished":"2016-04-20T10:22:41+00:00","dateModified":"2025-03-31T15:26:05+00:00","breadcrumb":{"@id":"https:\/\/www.iemj.org\/it\/pessah-1ere-partie\/#breadcrumb"},"inLanguage":"it-IT","potentialAction":[{"@type":"ReadAction","target":["https:\/\/www.iemj.org\/it\/pessah-1ere-partie\/"]}]},{"@type":"ImageObject","inLanguage":"it-IT","@id":"https:\/\/www.iemj.org\/it\/pessah-1ere-partie\/#primaryimage","url":"https:\/\/www.iemj.org\/wp-content\/uploads\/2016\/04\/Logo-playlist-Pessah1.jpg","contentUrl":"https:\/\/www.iemj.org\/wp-content\/uploads\/2016\/04\/Logo-playlist-Pessah1.jpg","width":500,"height":500},{"@type":"BreadcrumbList","@id":"https:\/\/www.iemj.org\/it\/pessah-1ere-partie\/#breadcrumb","itemListElement":[{"@type":"ListItem","position":1,"name":"Accueil","item":"https:\/\/www.iemj.org\/it\/"},{"@type":"ListItem","position":2,"name":"Pessach \u2013 prima parte"}]},{"@type":"WebSite","@id":"https:\/\/www.iemj.org\/it\/#website","url":"https:\/\/www.iemj.org\/it\/","name":"Institut Europ\u00e9en des Musiques Juives","description":"Des traditions musicales \u00e0 la port\u00e9e de tous","publisher":{"@id":"https:\/\/www.iemj.org\/it\/#organization"},"potentialAction":[{"@type":"SearchAction","target":{"@type":"EntryPoint","urlTemplate":"https:\/\/www.iemj.org\/it\/?s={search_term_string}"},"query-input":{"@type":"PropertyValueSpecification","valueRequired":true,"valueName":"search_term_string"}}],"inLanguage":"it-IT"},{"@type":"Organization","@id":"https:\/\/www.iemj.org\/it\/#organization","name":"Institut Europ\u00e9en des Musiques Juives","url":"https:\/\/www.iemj.org\/it\/","logo":{"@type":"ImageObject","inLanguage":"it-IT","@id":"https:\/\/www.iemj.org\/it\/#\/schema\/logo\/image\/","url":"https:\/\/www.iemj.org\/wp-content\/uploads\/2021\/09\/Logo-IEMJ-Paypal.jpg","contentUrl":"https:\/\/www.iemj.org\/wp-content\/uploads\/2021\/09\/Logo-IEMJ-Paypal.jpg","width":150,"height":50,"caption":"Institut Europ\u00e9en des Musiques Juives"},"image":{"@id":"https:\/\/www.iemj.org\/it\/#\/schema\/logo\/image\/"},"sameAs":["https:\/\/www.facebook.com\/MusiquesJuives\/","https:\/\/www.instagram.com\/musiquesjuives\/","https:\/\/www.youtube.com\/user\/musiquesjuives"]},{"@type":"Person","@id":"https:\/\/www.iemj.org\/it\/#\/schema\/person\/e2ad57f2c4be119c7ed8ab79036807a9","name":"Lea Couderc","image":{"@type":"ImageObject","inLanguage":"it-IT","@id":"https:\/\/secure.gravatar.com\/avatar\/46ee021475d60aeff17a7e490b79dea5a5684bb392ab7fd1494027411df8ba23?s=96&d=mm&r=g","url":"https:\/\/secure.gravatar.com\/avatar\/46ee021475d60aeff17a7e490b79dea5a5684bb392ab7fd1494027411df8ba23?s=96&d=mm&r=g","contentUrl":"https:\/\/secure.gravatar.com\/avatar\/46ee021475d60aeff17a7e490b79dea5a5684bb392ab7fd1494027411df8ba23?s=96&d=mm&r=g","caption":"Lea Couderc"}}]}},"_links":{"self":[{"href":"https:\/\/www.iemj.org\/it\/wp-json\/wp\/v2\/posts\/82655","targetHints":{"allow":["GET"]}}],"collection":[{"href":"https:\/\/www.iemj.org\/it\/wp-json\/wp\/v2\/posts"}],"about":[{"href":"https:\/\/www.iemj.org\/it\/wp-json\/wp\/v2\/types\/post"}],"author":[{"embeddable":true,"href":"https:\/\/www.iemj.org\/it\/wp-json\/wp\/v2\/users\/1052"}],"replies":[{"embeddable":true,"href":"https:\/\/www.iemj.org\/it\/wp-json\/wp\/v2\/comments?post=82655"}],"version-history":[{"count":0,"href":"https:\/\/www.iemj.org\/it\/wp-json\/wp\/v2\/posts\/82655\/revisions"}],"wp:featuredmedia":[{"embeddable":true,"href":"https:\/\/www.iemj.org\/it\/wp-json\/wp\/v2\/media\/111232"}],"wp:attachment":[{"href":"https:\/\/www.iemj.org\/it\/wp-json\/wp\/v2\/media?parent=82655"}],"wp:term":[{"taxonomy":"category","embeddable":true,"href":"https:\/\/www.iemj.org\/it\/wp-json\/wp\/v2\/categories?post=82655"},{"taxonomy":"post_tag","embeddable":true,"href":"https:\/\/www.iemj.org\/it\/wp-json\/wp\/v2\/tags?post=82655"},{"taxonomy":"technique","embeddable":true,"href":"https:\/\/www.iemj.org\/it\/wp-json\/wp\/v2\/technique?post=82655"},{"taxonomy":"squelettes","embeddable":true,"href":"https:\/\/www.iemj.org\/it\/wp-json\/wp\/v2\/squelettes?post=82655"},{"taxonomy":"sujet","embeddable":true,"href":"https:\/\/www.iemj.org\/it\/wp-json\/wp\/v2\/sujet?post=82655"},{"taxonomy":"formation","embeddable":true,"href":"https:\/\/www.iemj.org\/it\/wp-json\/wp\/v2\/formation?post=82655"},{"taxonomy":"genre","embeddable":true,"href":"https:\/\/www.iemj.org\/it\/wp-json\/wp\/v2\/genre?post=82655"},{"taxonomy":"fonds","embeddable":true,"href":"https:\/\/www.iemj.org\/it\/wp-json\/wp\/v2\/fonds?post=82655"},{"taxonomy":"tradition","embeddable":true,"href":"https:\/\/www.iemj.org\/it\/wp-json\/wp\/v2\/tradition?post=82655"},{"taxonomy":"type-de-contenu","embeddable":true,"href":"https:\/\/www.iemj.org\/it\/wp-json\/wp\/v2\/type-de-contenu?post=82655"},{"taxonomy":"interprete-compositeur","embeddable":true,"href":"https:\/\/www.iemj.org\/it\/wp-json\/wp\/v2\/interprete-compositeur?post=82655"},{"taxonomy":"frise","embeddable":true,"href":"https:\/\/www.iemj.org\/it\/wp-json\/wp\/v2\/frise?post=82655"},{"taxonomy":"type-devenement","embeddable":true,"href":"https:\/\/www.iemj.org\/it\/wp-json\/wp\/v2\/type-devenement?post=82655"},{"taxonomy":"tableaux-liens-externes","embeddable":true,"href":"https:\/\/www.iemj.org\/it\/wp-json\/wp\/v2\/tableaux-liens-externes?post=82655"}],"curies":[{"name":"wp","href":"https:\/\/api.w.org\/{rel}","templated":true}]}}