{"id":82854,"date":"2017-11-27T12:46:31","date_gmt":"2017-11-27T11:46:31","guid":{"rendered":"https:\/\/www.iemj.org\/giorgio-e-gino-canti-di-memoria-e-di-speranza\/"},"modified":"2025-04-16T16:16:25","modified_gmt":"2025-04-16T14:16:25","slug":"giorgio-e-gino-canti-di-memoria-e-di-speranza","status":"publish","type":"post","link":"https:\/\/www.iemj.org\/it\/giorgio-e-gino-canti-di-memoria-e-di-speranza\/","title":{"rendered":"Giorgio e Gino, Canti di memoria e di speranza"},"content":{"rendered":"<p><em>Giorgio e Gino, Canti di memoria e di speranza<\/em>, \u00e8 un album di canzoni sul tema dell&#8217;Olocausto e della resistenza, di <strong>Piero Nissim<\/strong>. Eseguito principalmente in italiano, questo CD contiene brani scritti da altri compositori, ma tutti arrangiati e cantati da Piero Nissim. Vi sono canzoni come <em>Zog nit keyn mol<\/em>, <em>Canzone degli ebrei nel campo di concentramento<\/em>, <em>Hatikva<\/em>. <em>La speranza<\/em>, o <em>Se questo \u00e8 un uomo<\/em>, il cui testo \u00e8 stato scritto da <strong>Primo Levi<\/strong>. Giorgio e Gino \u00e8 l&#8217;unico brano interamente scritto e composto da Piero Nissim.<\/p>\n<p>Ma chi sono Giorgio e Gino, i cui volti illustrano la copertina del CD ? Giorgio non \u00e8 altro che il padre di Piero Nissim. Nato il 23 marzo 1908, 100 anni prima dell&#8217;uscita di questo CD, Giorgio Nissim era un ebreo italiano ed un attivo antifascista. Fu animatore in Toscana della rete DELASEM, acronimo di Delegazione Emigranti Ebraici, organizzazione di resistenza ebraica che oper\u00f2 in Italia dal 1939 al 1947, per aiutare gli ebrei emigrati e fornire aiuti economici ad internati o rifugiati. In Italia la rete ebraica fu (mal) tollerata e dopo l&#8217;8 settembre 1943 fu costretta ad agire clandestinamente. DELASEM era sostenuta anche da non ebrei, laici e membri della Chiesa cattolica, tra cui il grande campione di ciclismo <strong>Gino Bartali.<\/strong> Grande amico di Giorgio Nissim, Gino Bartali, sotto la copertura di uscite d\u2019addestramento, trasportava di nascosto, durante la seconda guerra mondiale, documenti di ogni genere e carte false nascoste nel manubrio o nella sella della sua bicicletta. La sua attivit\u00e0 di messaggero clandestino ha permesso di salvare circa 800 ebrei. In quanto tale, \u00e8 stato riconosciuto come &#8220;Giusto tra le nazioni&#8221; nel settembre 2013 ed il suo nome appare al memoriale di Yad Vashem.<\/p>\n<p>Proprio a queste due personalit\u00e0 ha voluto rendere omaggio Piero Nissim, voce e chitarra, accompagnato da Davide Casali al clarinetto, basso elettrico e percussioni, Samuele Orlando alla tastiera e Myriam Nissim ai cori.<\/p>\n<p><a href=\"https:\/\/www.antiwarsongs.org\/canzone.php?lang=it&amp;id=48914\" target=\"_blank\" rel=\"noopener\">Per saperne di pi\u00f9<\/a><\/p>\n\n<div class=\"wp-block-image\">\n<figure class=\"aligncenter size-large\"><img fetchpriority=\"high\" decoding=\"async\" width=\"1024\" height=\"133\" src=\"https:\/\/www.iemj.org\/wp-content\/uploads\/2024\/03\/AUDIO-PLAYER-1024x133.png\" alt=\"\" class=\"wp-image-110609\" srcset=\"https:\/\/www.iemj.org\/wp-content\/uploads\/2024\/03\/AUDIO-PLAYER-1024x133.png 1024w, https:\/\/www.iemj.org\/wp-content\/uploads\/2024\/03\/AUDIO-PLAYER-300x39.png 300w, https:\/\/www.iemj.org\/wp-content\/uploads\/2024\/03\/AUDIO-PLAYER-768x100.png 768w, https:\/\/www.iemj.org\/wp-content\/uploads\/2024\/03\/AUDIO-PLAYER-600x78.png 600w, https:\/\/www.iemj.org\/wp-content\/uploads\/2024\/03\/AUDIO-PLAYER.png 1210w\" sizes=\"(max-width: 1024px) 100vw, 1024px\" \/><\/figure>\n<\/div>\n\n\n<div class=\"wp-block-file\"><a id=\"wp-block-file--media-c109dfd8-3555-4443-be56-8a292a6eec6e\" href=\"https:\/\/www.iemj.org\/wp-content\/uploads\/2017\/11\/cd_886_01.mp3\">Zog nit keyn mol, Hirsh Glik (extrait)<\/a><\/div>\n\n\n\n<div class=\"wp-block-file\"><a id=\"wp-block-file--media-d79c73ca-95be-4867-810d-de8b4923b3bf\" href=\"https:\/\/www.iemj.org\/wp-content\/uploads\/2017\/11\/cd_886_02.mp3\">Giorgio e Gino, Piero Nissim (extrait)<\/a><\/div>\n\n\n\n<div class=\"wp-block-file\"><a id=\"wp-block-file--media-940c9d4c-4679-4fba-bf7e-0056ebf3e120\" href=\"https:\/\/www.iemj.org\/wp-content\/uploads\/2017\/11\/cd_886_04.mp3\">Vilne, L. Volfson, A. Olshansky (extrait)<\/a><\/div>\n\n\n\n<div class=\"wp-block-file\"><a id=\"wp-block-file--media-bb983b5f-de36-403e-8b40-724fb8b2489e\" href=\"https:\/\/www.iemj.org\/wp-content\/uploads\/2017\/11\/cd_886_05.mp3\">Se questo \u00e8 un uomo, Primo Levi (extrait)<\/a><\/div>\n\n\n\n<div class=\"wp-block-file\"><a id=\"wp-block-file--media-da6d7936-e736-4765-b736-352a997513c1\" href=\"https:\/\/www.iemj.org\/wp-content\/uploads\/2017\/11\/cd_886_08.mp3\">Canzone degli ebrei emigranti, Myriam Plotkin Nissim (extrait)<\/a><\/div>\n\n\n\n<div class=\"wp-block-file\"><a id=\"wp-block-file--media-4f69ee9e-8fd2-4f12-a351-75f612b75278\" href=\"https:\/\/www.iemj.org\/wp-content\/uploads\/2017\/11\/cd_886_10.mp3\">Hatikva. La speranza, Naftali Herz Imber, Samuel Cohen (extrait)<\/a><\/div>\n","protected":false},"excerpt":{"rendered":"<p>Giorgio e Gino, Canti di memoria e di speranza, \u00e8 un album di canzoni sul tema dell&#8217;Olocausto e della resistenza, di Piero Nissim. Eseguito principalmente in italiano, questo CD contiene<\/p>\n","protected":false},"author":1048,"featured_media":82855,"comment_status":"closed","ping_status":"open","sticky":false,"template":"","format":"standard","meta":{"_acf_changed":false,"footnotes":""},"categories":[1569,1564],"tags":[2091],"technique":[],"squelettes":[],"sujet":[],"formation":[],"genre":[],"fonds":[],"tradition":[],"type-de-contenu":[],"interprete-compositeur":[],"frise":[],"type-devenement":[],"tableaux-liens-externes":[],"class_list":["post-82854","post","type-post","status-publish","format-standard","has-post-thumbnail","hentry","category-cd-it","category-ultimi-acquisti-it","tag-italia-it"],"acf":[],"yoast_head":"<!-- This site is optimized with the Yoast SEO plugin v27.3 - https:\/\/yoast.com\/product\/yoast-seo-wordpress\/ -->\n<title>Giorgio e Gino, Canti di memoria e di speranza - Institut Europ\u00e9en des Musiques Juives<\/title>\n<meta name=\"robots\" content=\"index, follow, max-snippet:-1, max-image-preview:large, max-video-preview:-1\" \/>\n<link rel=\"canonical\" href=\"https:\/\/www.iemj.org\/it\/giorgio-e-gino-canti-di-memoria-e-di-speranza\/\" \/>\n<meta property=\"og:locale\" content=\"it_IT\" \/>\n<meta property=\"og:type\" content=\"article\" \/>\n<meta property=\"og:title\" content=\"Giorgio e Gino, Canti di memoria e di speranza - Institut Europ\u00e9en des Musiques Juives\" \/>\n<meta property=\"og:description\" content=\"Giorgio e Gino, Canti di memoria e di speranza, \u00e8 un album di canzoni sul tema dell&#8217;Olocausto e della resistenza, di Piero Nissim. Eseguito principalmente in italiano, questo CD contiene\" \/>\n<meta property=\"og:url\" content=\"https:\/\/www.iemj.org\/it\/giorgio-e-gino-canti-di-memoria-e-di-speranza\/\" \/>\n<meta property=\"og:site_name\" content=\"Institut Europ\u00e9en des Musiques Juives\" \/>\n<meta property=\"article:publisher\" content=\"https:\/\/www.facebook.com\/MusiquesJuives\/\" \/>\n<meta property=\"article:published_time\" content=\"2017-11-27T11:46:31+00:00\" \/>\n<meta property=\"article:modified_time\" content=\"2025-04-16T14:16:25+00:00\" \/>\n<meta property=\"og:image\" content=\"https:\/\/www.iemj.org\/wp-content\/uploads\/2017\/11\/arton2807-e1619196542160.jpg\" \/>\n\t<meta property=\"og:image:width\" content=\"350\" \/>\n\t<meta property=\"og:image:height\" content=\"342\" \/>\n\t<meta property=\"og:image:type\" content=\"image\/jpeg\" \/>\n<meta name=\"author\" content=\"Jean-Gabriel Davis\" \/>\n<meta name=\"twitter:card\" content=\"summary_large_image\" \/>\n<meta name=\"twitter:label1\" content=\"Scritto da\" \/>\n\t<meta name=\"twitter:data1\" content=\"Jean-Gabriel Davis\" \/>\n\t<meta name=\"twitter:label2\" content=\"Tempo di lettura stimato\" \/>\n\t<meta name=\"twitter:data2\" content=\"3 minuti\" \/>\n<script type=\"application\/ld+json\" class=\"yoast-schema-graph\">{\"@context\":\"https:\\\/\\\/schema.org\",\"@graph\":[{\"@type\":\"Article\",\"@id\":\"https:\\\/\\\/www.iemj.org\\\/it\\\/giorgio-e-gino-canti-di-memoria-e-di-speranza\\\/#article\",\"isPartOf\":{\"@id\":\"https:\\\/\\\/www.iemj.org\\\/it\\\/giorgio-e-gino-canti-di-memoria-e-di-speranza\\\/\"},\"author\":{\"name\":\"Jean-Gabriel Davis\",\"@id\":\"https:\\\/\\\/www.iemj.org\\\/it\\\/#\\\/schema\\\/person\\\/c9bc1c386a3749579a2d675e72a18666\"},\"headline\":\"Giorgio e Gino, Canti di memoria e di speranza\",\"datePublished\":\"2017-11-27T11:46:31+00:00\",\"dateModified\":\"2025-04-16T14:16:25+00:00\",\"mainEntityOfPage\":{\"@id\":\"https:\\\/\\\/www.iemj.org\\\/it\\\/giorgio-e-gino-canti-di-memoria-e-di-speranza\\\/\"},\"wordCount\":365,\"publisher\":{\"@id\":\"https:\\\/\\\/www.iemj.org\\\/it\\\/#organization\"},\"image\":{\"@id\":\"https:\\\/\\\/www.iemj.org\\\/it\\\/giorgio-e-gino-canti-di-memoria-e-di-speranza\\\/#primaryimage\"},\"thumbnailUrl\":\"https:\\\/\\\/www.iemj.org\\\/wp-content\\\/uploads\\\/2017\\\/11\\\/arton2807-e1619196542160.jpg\",\"keywords\":[\"Italia\"],\"articleSection\":[\"CD\",\"Ultimi acquisti\"],\"inLanguage\":\"it-IT\"},{\"@type\":\"WebPage\",\"@id\":\"https:\\\/\\\/www.iemj.org\\\/it\\\/giorgio-e-gino-canti-di-memoria-e-di-speranza\\\/\",\"url\":\"https:\\\/\\\/www.iemj.org\\\/it\\\/giorgio-e-gino-canti-di-memoria-e-di-speranza\\\/\",\"name\":\"Giorgio e Gino, Canti di memoria e di speranza - Institut Europ\u00e9en des Musiques Juives\",\"isPartOf\":{\"@id\":\"https:\\\/\\\/www.iemj.org\\\/it\\\/#website\"},\"primaryImageOfPage\":{\"@id\":\"https:\\\/\\\/www.iemj.org\\\/it\\\/giorgio-e-gino-canti-di-memoria-e-di-speranza\\\/#primaryimage\"},\"image\":{\"@id\":\"https:\\\/\\\/www.iemj.org\\\/it\\\/giorgio-e-gino-canti-di-memoria-e-di-speranza\\\/#primaryimage\"},\"thumbnailUrl\":\"https:\\\/\\\/www.iemj.org\\\/wp-content\\\/uploads\\\/2017\\\/11\\\/arton2807-e1619196542160.jpg\",\"datePublished\":\"2017-11-27T11:46:31+00:00\",\"dateModified\":\"2025-04-16T14:16:25+00:00\",\"breadcrumb\":{\"@id\":\"https:\\\/\\\/www.iemj.org\\\/it\\\/giorgio-e-gino-canti-di-memoria-e-di-speranza\\\/#breadcrumb\"},\"inLanguage\":\"it-IT\",\"potentialAction\":[{\"@type\":\"ReadAction\",\"target\":[\"https:\\\/\\\/www.iemj.org\\\/it\\\/giorgio-e-gino-canti-di-memoria-e-di-speranza\\\/\"]}]},{\"@type\":\"ImageObject\",\"inLanguage\":\"it-IT\",\"@id\":\"https:\\\/\\\/www.iemj.org\\\/it\\\/giorgio-e-gino-canti-di-memoria-e-di-speranza\\\/#primaryimage\",\"url\":\"https:\\\/\\\/www.iemj.org\\\/wp-content\\\/uploads\\\/2017\\\/11\\\/arton2807-e1619196542160.jpg\",\"contentUrl\":\"https:\\\/\\\/www.iemj.org\\\/wp-content\\\/uploads\\\/2017\\\/11\\\/arton2807-e1619196542160.jpg\",\"width\":350,\"height\":342},{\"@type\":\"BreadcrumbList\",\"@id\":\"https:\\\/\\\/www.iemj.org\\\/it\\\/giorgio-e-gino-canti-di-memoria-e-di-speranza\\\/#breadcrumb\",\"itemListElement\":[{\"@type\":\"ListItem\",\"position\":1,\"name\":\"Accueil\",\"item\":\"https:\\\/\\\/www.iemj.org\\\/it\\\/\"},{\"@type\":\"ListItem\",\"position\":2,\"name\":\"Giorgio e Gino, Canti di memoria e di speranza\"}]},{\"@type\":\"WebSite\",\"@id\":\"https:\\\/\\\/www.iemj.org\\\/it\\\/#website\",\"url\":\"https:\\\/\\\/www.iemj.org\\\/it\\\/\",\"name\":\"Institut Europ\u00e9en des Musiques Juives\",\"description\":\"Des traditions musicales \u00e0 la port\u00e9e de tous\",\"publisher\":{\"@id\":\"https:\\\/\\\/www.iemj.org\\\/it\\\/#organization\"},\"potentialAction\":[{\"@type\":\"SearchAction\",\"target\":{\"@type\":\"EntryPoint\",\"urlTemplate\":\"https:\\\/\\\/www.iemj.org\\\/it\\\/?s={search_term_string}\"},\"query-input\":{\"@type\":\"PropertyValueSpecification\",\"valueRequired\":true,\"valueName\":\"search_term_string\"}}],\"inLanguage\":\"it-IT\"},{\"@type\":\"Organization\",\"@id\":\"https:\\\/\\\/www.iemj.org\\\/it\\\/#organization\",\"name\":\"Institut Europ\u00e9en des Musiques Juives\",\"url\":\"https:\\\/\\\/www.iemj.org\\\/it\\\/\",\"logo\":{\"@type\":\"ImageObject\",\"inLanguage\":\"it-IT\",\"@id\":\"https:\\\/\\\/www.iemj.org\\\/it\\\/#\\\/schema\\\/logo\\\/image\\\/\",\"url\":\"https:\\\/\\\/www.iemj.org\\\/wp-content\\\/uploads\\\/2021\\\/09\\\/Logo-IEMJ-Paypal.jpg\",\"contentUrl\":\"https:\\\/\\\/www.iemj.org\\\/wp-content\\\/uploads\\\/2021\\\/09\\\/Logo-IEMJ-Paypal.jpg\",\"width\":150,\"height\":50,\"caption\":\"Institut Europ\u00e9en des Musiques Juives\"},\"image\":{\"@id\":\"https:\\\/\\\/www.iemj.org\\\/it\\\/#\\\/schema\\\/logo\\\/image\\\/\"},\"sameAs\":[\"https:\\\/\\\/www.facebook.com\\\/MusiquesJuives\\\/\",\"https:\\\/\\\/www.instagram.com\\\/musiquesjuives\\\/\",\"https:\\\/\\\/www.youtube.com\\\/user\\\/musiquesjuives\"]},{\"@type\":\"Person\",\"@id\":\"https:\\\/\\\/www.iemj.org\\\/it\\\/#\\\/schema\\\/person\\\/c9bc1c386a3749579a2d675e72a18666\",\"name\":\"Jean-Gabriel Davis\",\"image\":{\"@type\":\"ImageObject\",\"inLanguage\":\"it-IT\",\"@id\":\"https:\\\/\\\/secure.gravatar.com\\\/avatar\\\/2b90d67bdf392c9b3a21fab87c0fa7edaf1fb3a058172a1ffd61033fcec7aec1?s=96&d=mm&r=g\",\"url\":\"https:\\\/\\\/secure.gravatar.com\\\/avatar\\\/2b90d67bdf392c9b3a21fab87c0fa7edaf1fb3a058172a1ffd61033fcec7aec1?s=96&d=mm&r=g\",\"contentUrl\":\"https:\\\/\\\/secure.gravatar.com\\\/avatar\\\/2b90d67bdf392c9b3a21fab87c0fa7edaf1fb3a058172a1ffd61033fcec7aec1?s=96&d=mm&r=g\",\"caption\":\"Jean-Gabriel Davis\"}}]}<\/script>\n<!-- \/ Yoast SEO plugin. -->","yoast_head_json":{"title":"Giorgio e Gino, Canti di memoria e di speranza - Institut Europ\u00e9en des Musiques Juives","robots":{"index":"index","follow":"follow","max-snippet":"max-snippet:-1","max-image-preview":"max-image-preview:large","max-video-preview":"max-video-preview:-1"},"canonical":"https:\/\/www.iemj.org\/it\/giorgio-e-gino-canti-di-memoria-e-di-speranza\/","og_locale":"it_IT","og_type":"article","og_title":"Giorgio e Gino, Canti di memoria e di speranza - Institut Europ\u00e9en des Musiques Juives","og_description":"Giorgio e Gino, Canti di memoria e di speranza, \u00e8 un album di canzoni sul tema dell&#8217;Olocausto e della resistenza, di Piero Nissim. Eseguito principalmente in italiano, questo CD contiene","og_url":"https:\/\/www.iemj.org\/it\/giorgio-e-gino-canti-di-memoria-e-di-speranza\/","og_site_name":"Institut Europ\u00e9en des Musiques Juives","article_publisher":"https:\/\/www.facebook.com\/MusiquesJuives\/","article_published_time":"2017-11-27T11:46:31+00:00","article_modified_time":"2025-04-16T14:16:25+00:00","og_image":[{"width":350,"height":342,"url":"https:\/\/www.iemj.org\/wp-content\/uploads\/2017\/11\/arton2807-e1619196542160.jpg","type":"image\/jpeg"}],"author":"Jean-Gabriel Davis","twitter_card":"summary_large_image","twitter_misc":{"Scritto da":"Jean-Gabriel Davis","Tempo di lettura stimato":"3 minuti"},"schema":{"@context":"https:\/\/schema.org","@graph":[{"@type":"Article","@id":"https:\/\/www.iemj.org\/it\/giorgio-e-gino-canti-di-memoria-e-di-speranza\/#article","isPartOf":{"@id":"https:\/\/www.iemj.org\/it\/giorgio-e-gino-canti-di-memoria-e-di-speranza\/"},"author":{"name":"Jean-Gabriel Davis","@id":"https:\/\/www.iemj.org\/it\/#\/schema\/person\/c9bc1c386a3749579a2d675e72a18666"},"headline":"Giorgio e Gino, Canti di memoria e di speranza","datePublished":"2017-11-27T11:46:31+00:00","dateModified":"2025-04-16T14:16:25+00:00","mainEntityOfPage":{"@id":"https:\/\/www.iemj.org\/it\/giorgio-e-gino-canti-di-memoria-e-di-speranza\/"},"wordCount":365,"publisher":{"@id":"https:\/\/www.iemj.org\/it\/#organization"},"image":{"@id":"https:\/\/www.iemj.org\/it\/giorgio-e-gino-canti-di-memoria-e-di-speranza\/#primaryimage"},"thumbnailUrl":"https:\/\/www.iemj.org\/wp-content\/uploads\/2017\/11\/arton2807-e1619196542160.jpg","keywords":["Italia"],"articleSection":["CD","Ultimi acquisti"],"inLanguage":"it-IT"},{"@type":"WebPage","@id":"https:\/\/www.iemj.org\/it\/giorgio-e-gino-canti-di-memoria-e-di-speranza\/","url":"https:\/\/www.iemj.org\/it\/giorgio-e-gino-canti-di-memoria-e-di-speranza\/","name":"Giorgio e Gino, Canti di memoria e di speranza - Institut Europ\u00e9en des Musiques Juives","isPartOf":{"@id":"https:\/\/www.iemj.org\/it\/#website"},"primaryImageOfPage":{"@id":"https:\/\/www.iemj.org\/it\/giorgio-e-gino-canti-di-memoria-e-di-speranza\/#primaryimage"},"image":{"@id":"https:\/\/www.iemj.org\/it\/giorgio-e-gino-canti-di-memoria-e-di-speranza\/#primaryimage"},"thumbnailUrl":"https:\/\/www.iemj.org\/wp-content\/uploads\/2017\/11\/arton2807-e1619196542160.jpg","datePublished":"2017-11-27T11:46:31+00:00","dateModified":"2025-04-16T14:16:25+00:00","breadcrumb":{"@id":"https:\/\/www.iemj.org\/it\/giorgio-e-gino-canti-di-memoria-e-di-speranza\/#breadcrumb"},"inLanguage":"it-IT","potentialAction":[{"@type":"ReadAction","target":["https:\/\/www.iemj.org\/it\/giorgio-e-gino-canti-di-memoria-e-di-speranza\/"]}]},{"@type":"ImageObject","inLanguage":"it-IT","@id":"https:\/\/www.iemj.org\/it\/giorgio-e-gino-canti-di-memoria-e-di-speranza\/#primaryimage","url":"https:\/\/www.iemj.org\/wp-content\/uploads\/2017\/11\/arton2807-e1619196542160.jpg","contentUrl":"https:\/\/www.iemj.org\/wp-content\/uploads\/2017\/11\/arton2807-e1619196542160.jpg","width":350,"height":342},{"@type":"BreadcrumbList","@id":"https:\/\/www.iemj.org\/it\/giorgio-e-gino-canti-di-memoria-e-di-speranza\/#breadcrumb","itemListElement":[{"@type":"ListItem","position":1,"name":"Accueil","item":"https:\/\/www.iemj.org\/it\/"},{"@type":"ListItem","position":2,"name":"Giorgio e Gino, Canti di memoria e di speranza"}]},{"@type":"WebSite","@id":"https:\/\/www.iemj.org\/it\/#website","url":"https:\/\/www.iemj.org\/it\/","name":"Institut Europ\u00e9en des Musiques Juives","description":"Des traditions musicales \u00e0 la port\u00e9e de tous","publisher":{"@id":"https:\/\/www.iemj.org\/it\/#organization"},"potentialAction":[{"@type":"SearchAction","target":{"@type":"EntryPoint","urlTemplate":"https:\/\/www.iemj.org\/it\/?s={search_term_string}"},"query-input":{"@type":"PropertyValueSpecification","valueRequired":true,"valueName":"search_term_string"}}],"inLanguage":"it-IT"},{"@type":"Organization","@id":"https:\/\/www.iemj.org\/it\/#organization","name":"Institut Europ\u00e9en des Musiques Juives","url":"https:\/\/www.iemj.org\/it\/","logo":{"@type":"ImageObject","inLanguage":"it-IT","@id":"https:\/\/www.iemj.org\/it\/#\/schema\/logo\/image\/","url":"https:\/\/www.iemj.org\/wp-content\/uploads\/2021\/09\/Logo-IEMJ-Paypal.jpg","contentUrl":"https:\/\/www.iemj.org\/wp-content\/uploads\/2021\/09\/Logo-IEMJ-Paypal.jpg","width":150,"height":50,"caption":"Institut Europ\u00e9en des Musiques Juives"},"image":{"@id":"https:\/\/www.iemj.org\/it\/#\/schema\/logo\/image\/"},"sameAs":["https:\/\/www.facebook.com\/MusiquesJuives\/","https:\/\/www.instagram.com\/musiquesjuives\/","https:\/\/www.youtube.com\/user\/musiquesjuives"]},{"@type":"Person","@id":"https:\/\/www.iemj.org\/it\/#\/schema\/person\/c9bc1c386a3749579a2d675e72a18666","name":"Jean-Gabriel Davis","image":{"@type":"ImageObject","inLanguage":"it-IT","@id":"https:\/\/secure.gravatar.com\/avatar\/2b90d67bdf392c9b3a21fab87c0fa7edaf1fb3a058172a1ffd61033fcec7aec1?s=96&d=mm&r=g","url":"https:\/\/secure.gravatar.com\/avatar\/2b90d67bdf392c9b3a21fab87c0fa7edaf1fb3a058172a1ffd61033fcec7aec1?s=96&d=mm&r=g","contentUrl":"https:\/\/secure.gravatar.com\/avatar\/2b90d67bdf392c9b3a21fab87c0fa7edaf1fb3a058172a1ffd61033fcec7aec1?s=96&d=mm&r=g","caption":"Jean-Gabriel Davis"}}]}},"_links":{"self":[{"href":"https:\/\/www.iemj.org\/it\/wp-json\/wp\/v2\/posts\/82854","targetHints":{"allow":["GET"]}}],"collection":[{"href":"https:\/\/www.iemj.org\/it\/wp-json\/wp\/v2\/posts"}],"about":[{"href":"https:\/\/www.iemj.org\/it\/wp-json\/wp\/v2\/types\/post"}],"author":[{"embeddable":true,"href":"https:\/\/www.iemj.org\/it\/wp-json\/wp\/v2\/users\/1048"}],"replies":[{"embeddable":true,"href":"https:\/\/www.iemj.org\/it\/wp-json\/wp\/v2\/comments?post=82854"}],"version-history":[{"count":0,"href":"https:\/\/www.iemj.org\/it\/wp-json\/wp\/v2\/posts\/82854\/revisions"}],"wp:featuredmedia":[{"embeddable":true,"href":"https:\/\/www.iemj.org\/it\/wp-json\/wp\/v2\/media\/82855"}],"wp:attachment":[{"href":"https:\/\/www.iemj.org\/it\/wp-json\/wp\/v2\/media?parent=82854"}],"wp:term":[{"taxonomy":"category","embeddable":true,"href":"https:\/\/www.iemj.org\/it\/wp-json\/wp\/v2\/categories?post=82854"},{"taxonomy":"post_tag","embeddable":true,"href":"https:\/\/www.iemj.org\/it\/wp-json\/wp\/v2\/tags?post=82854"},{"taxonomy":"technique","embeddable":true,"href":"https:\/\/www.iemj.org\/it\/wp-json\/wp\/v2\/technique?post=82854"},{"taxonomy":"squelettes","embeddable":true,"href":"https:\/\/www.iemj.org\/it\/wp-json\/wp\/v2\/squelettes?post=82854"},{"taxonomy":"sujet","embeddable":true,"href":"https:\/\/www.iemj.org\/it\/wp-json\/wp\/v2\/sujet?post=82854"},{"taxonomy":"formation","embeddable":true,"href":"https:\/\/www.iemj.org\/it\/wp-json\/wp\/v2\/formation?post=82854"},{"taxonomy":"genre","embeddable":true,"href":"https:\/\/www.iemj.org\/it\/wp-json\/wp\/v2\/genre?post=82854"},{"taxonomy":"fonds","embeddable":true,"href":"https:\/\/www.iemj.org\/it\/wp-json\/wp\/v2\/fonds?post=82854"},{"taxonomy":"tradition","embeddable":true,"href":"https:\/\/www.iemj.org\/it\/wp-json\/wp\/v2\/tradition?post=82854"},{"taxonomy":"type-de-contenu","embeddable":true,"href":"https:\/\/www.iemj.org\/it\/wp-json\/wp\/v2\/type-de-contenu?post=82854"},{"taxonomy":"interprete-compositeur","embeddable":true,"href":"https:\/\/www.iemj.org\/it\/wp-json\/wp\/v2\/interprete-compositeur?post=82854"},{"taxonomy":"frise","embeddable":true,"href":"https:\/\/www.iemj.org\/it\/wp-json\/wp\/v2\/frise?post=82854"},{"taxonomy":"type-devenement","embeddable":true,"href":"https:\/\/www.iemj.org\/it\/wp-json\/wp\/v2\/type-devenement?post=82854"},{"taxonomy":"tableaux-liens-externes","embeddable":true,"href":"https:\/\/www.iemj.org\/it\/wp-json\/wp\/v2\/tableaux-liens-externes?post=82854"}],"curies":[{"name":"wp","href":"https:\/\/api.w.org\/{rel}","templated":true}]}}