{"id":82878,"date":"2016-01-20T13:00:12","date_gmt":"2016-01-20T12:00:12","guid":{"rendered":"https:\/\/www.iemj.org\/musique-et-shoah-1\/"},"modified":"2025-04-16T13:05:52","modified_gmt":"2025-04-16T11:05:52","slug":"musique-et-shoah-1","status":"publish","type":"post","link":"https:\/\/www.iemj.org\/it\/musique-et-shoah-1\/","title":{"rendered":"Musica e Shoah 1"},"content":{"rendered":"<p><strong>Nel dopoguerra, l&#8217;Olocausto ha ispirato molti compositori che volevano rendere omaggio ad una cultura ebraica assassinata<\/strong><\/p>\n<p><!--more--><\/p>\n<p>Lo sterminio degli ebrei, programmato dai nazisti, non \u00e8 riuscito ad annientare i loro canti di rivolta e di speranza. La musica \u00e8 sopravvissuta nei ghetti e nei campi nonostante l\u2019esistenza di condizioni disumane.<\/p>\n<p>Non appena Hitler sale al potere nel 1933, i nazisti istituiscono un ufficio musicale centrale, guidato dal compositore Richard Strauss, la cui funzione \u00e9 di monitorare e controllare l&#8217;espressione musicale in Germania. Molto rapidamente, questo ufficio proibisce qualsiasi interpretazione di opere di compositori di origine ebraica, e delle loro musiche considerate come &#8220;degenerate&#8221;. Viene attuata una politica di repressione e molti musicisti ebrei vengono internati, prima, nei campi di lavoro e poi, durante la guerra, nei campi di concentramento o di sterminio&#8230;<\/p>\n<p>Nei campi, musica e canti prendono un posto importante nell&#8217;organizzazione sociale, come vettori di speranza, strumenti di propaganda e appello alla resistenza. La musica come sopravvivenza.<\/p>\n<p>Il canto del Marais, noto come &#8220;canto di B\u00f6rgermoor&#8221; o &#8220;Die Moorsoldaten&#8221; \u00e8 rappresentativo di questa lotta contro l&#8217;invasore nazista. \u00c8 la canzone di un prigioniero che \u00e8 stata ripresa in tutta Europa.<\/p>\n<p>La musica occupa un posto speciale anche nel ghetto di Terezin, situato a una cinquantina di chilometri a nord-ovest di Praga. A scopo propagandistico, i nazisti raccolgono in questo campo molti intellettuali e artisti ebrei che continuano, in qualche modo, le loro attivit\u00e0 creative. La maggior parte di questi compositori (Viktor Ullmann, Hans Kr\u00e1sa, Pavel Haas, ecc.) morirono di fame o furono mandati nelle camere a gas, lasciando dietro di loro un&#8217;opera di terrificante modernit\u00e0, che le ricerche musicologiche degli ultimi 20 anni hanno permesso di far rivivere.<\/p>\n<p>Dopo la guerra, molte opere musicali sono state ispirate dall&#8217;Olocausto, come l&#8217;affascinante opera di Schoenberg <em>Un sopravvissuto di Varsavia<\/em>.<\/p>\n<ul>\n<li><a href=\"https:\/\/www.iemj.org\/survivre-et-mourir-en-musique-dans-les-camps-nazis-2\/\" target=\"_blank\" rel=\"noopener\">Ascoltare il programma radiofonico : Sopravvivere e morire in musica nei campi nazisti<\/a><\/li>\n<li><a href=\"https:\/\/www.iemj.org\/musiques-et-musiciens-interdits-sous-le-iiie-reich\/\" target=\"_blank\" rel=\"noopener\">Ascoltare il programma radiofonico : Musiche e musicisti vietati dal Terzo Reich<\/a><\/li>\n<li><a href=\"https:\/\/www.iemj.org\/it\/musique-et-shoah-2\/\" target=\"_blank\" rel=\"noopener\">Ascoltare la playlist: Musica e Shoah 2<\/a><\/li>\n<\/ul>\n<p><img fetchpriority=\"high\" decoding=\"async\" class=\" aligncenter size-full wp-image-9086\" src=\"https:\/\/www.iemj.org\/wp-content\/uploads\/2016\/01\/shoah_document_500px.jpg\" alt=\"shoah_document_500px.jpg\" width=\"500\" height=\"500\" align=\"middle\" srcset=\"https:\/\/www.iemj.org\/wp-content\/uploads\/2016\/01\/shoah_document_500px.jpg 500w, https:\/\/www.iemj.org\/wp-content\/uploads\/2016\/01\/shoah_document_500px-300x300.jpg 300w, https:\/\/www.iemj.org\/wp-content\/uploads\/2016\/01\/shoah_document_500px-150x150.jpg 150w, https:\/\/www.iemj.org\/wp-content\/uploads\/2016\/01\/shoah_document_500px-100x100.jpg 100w\" sizes=\"(max-width: 500px) 100vw, 500px\" \/><\/p>\n<p>\u00a0<\/p>\n<p><img decoding=\"async\" class=\"wp-image-110609 aligncenter\" src=\"https:\/\/www.iemj.org\/wp-content\/uploads\/2024\/03\/AUDIO-PLAYER-300x39.png\" alt=\"\" width=\"1031\" height=\"134\" srcset=\"https:\/\/www.iemj.org\/wp-content\/uploads\/2024\/03\/AUDIO-PLAYER-300x39.png 300w, https:\/\/www.iemj.org\/wp-content\/uploads\/2024\/03\/AUDIO-PLAYER-1024x133.png 1024w, https:\/\/www.iemj.org\/wp-content\/uploads\/2024\/03\/AUDIO-PLAYER-768x100.png 768w, https:\/\/www.iemj.org\/wp-content\/uploads\/2024\/03\/AUDIO-PLAYER-600x78.png 600w, https:\/\/www.iemj.org\/wp-content\/uploads\/2024\/03\/AUDIO-PLAYER.png 1210w\" sizes=\"(max-width: 1031px) 100vw, 1031px\" \/><\/p>\n\n\n<div class=\"wp-block-file\"><a id=\"wp-block-file--media-db5e070b-328e-4864-921b-d9c3d0cfda01\" href=\"https:\/\/www.iemj.org\/wp-content\/uploads\/2016\/01\/cheder_yorn_-_abraham_brun.mp3\">Cheder Yorn &#8211; Abraham BRUN<\/a><\/div>\n\n\n\n<div class=\"wp-block-file\"><a id=\"wp-block-file--media-13b002fb-c9ac-4ab7-bb73-911732ef32ee\" href=\"https:\/\/www.iemj.org\/wp-content\/uploads\/2016\/01\/dos_ingele_ligt_farbrent_-_sarah_gorby.mp3\">Dos ingele ligt farbrent &#8211; Sarah GORBY<\/a><\/div>\n\n\n\n<div class=\"wp-block-file\"><a id=\"wp-block-file--media-5f9f40e2-5bb0-421e-a33d-5ab552f0fa80\" href=\"https:\/\/www.iemj.org\/wp-content\/uploads\/2016\/01\/moide_ani_-_sarah_gorby.mp3\">Moide ani &#8211; Sarah GORBY<\/a><\/div>\n\n\n\n<div class=\"wp-block-file\"><a id=\"wp-block-file--media-cc7e54f9-8f39-488d-9dc2-017c5c917040\" href=\"https:\/\/www.iemj.org\/wp-content\/uploads\/2016\/01\/motele_fun_vaeshever_geto_-_jacques_grober.mp3\">Motele fun Varshever Geto &#8211; Jacques GROBER<\/a><\/div>\n\n\n\n<div class=\"wp-block-file\"><a id=\"wp-block-file--media-b254e79a-be25-4dba-aca3-327f2616b5e0\" href=\"https:\/\/www.iemj.org\/wp-content\/uploads\/2016\/01\/shtil_di_nacht_iz_oysgeshternt_-_norbert_horowitz.mp3\">Shtil, di Nacht iz oysgeshternt &#8211; Norbert HOROWITZ<\/a><\/div>\n\n\n\n<div class=\"wp-block-file\"><a id=\"wp-block-file--media-3e724b5b-f6c7-4ee8-a2ac-7d65d0188a5c\" href=\"https:\/\/www.iemj.org\/wp-content\/uploads\/2016\/01\/oy_a_nacht_a_sheyne_-_norbert_horowitz.mp3\">Oy, a Nacht a sheyne &#8211; Norbert HOROWITZ<\/a><\/div>\n\n\n\n<div class=\"wp-block-file\"><a id=\"wp-block-file--media-c2726832-e444-4006-ade1-ae4c841e05fb\" href=\"https:\/\/www.iemj.org\/wp-content\/uploads\/2016\/01\/anni_ma_amim_-_dorit_reuveni.mp3\">Anni Ma\u2019amim &#8211; Dorit REUVENI<\/a><\/div>\n\n\n\n<div class=\"wp-block-file\"><a id=\"wp-block-file--media-92706b29-d67c-4806-b51a-7234142a9c1b\" href=\"https:\/\/www.iemj.org\/wp-content\/uploads\/2016\/01\/freeling_-_chava_alberstein.mp3\">Freeling &#8211; Chava ALBERSTEIN<\/a><\/div>\n\n\n\n<div class=\"wp-block-file\"><a id=\"wp-block-file--media-94711c09-0980-43de-8cbf-f3e9eb61488f\" href=\"https:\/\/www.iemj.org\/wp-content\/uploads\/2016\/01\/oyb_nit_kayn_anume_-_abraham_brun.mp3\">Oyb Nit kayn Anume &#8211; Abraham BRUN<\/a><\/div>\n\n\n\n<div class=\"wp-block-file\"><a id=\"wp-block-file--media-c1e24ee4-909a-4527-a16d-5cb332a6060e\" href=\"https:\/\/www.iemj.org\/wp-content\/uploads\/2016\/01\/farvos_iz_der_himmel_-_chava_alberstein.mp3\">Farvos iz der Himl &#8211; Chava ALBERSTEIN<\/a><\/div>\n\n\n\n<div class=\"wp-block-file\"><a id=\"wp-block-file--media-fcc07cfe-ecfa-4dc7-ab7a-e152fc45feaa\" href=\"https:\/\/www.iemj.org\/wp-content\/uploads\/2016\/01\/ghetto_lid_-_pinchos_borenstein.mp3\">Ghetto lid &#8211; Pinchos BORENSTEIN<\/a><\/div>\n\n\n\n<div class=\"wp-block-file\"><a id=\"wp-block-file--media-40f43925-cbc2-477a-8e80-eae64d866913\" href=\"https:\/\/www.iemj.org\/wp-content\/uploads\/2016\/01\/jetz_habe_leute_aufgepasst_-_krasa_brundibar.mp3\">Jetz habe Leute, aufgepasst &#8211; KRASA_BRUNDIBAR<\/a><\/div>\n\n\n\n<div class=\"wp-block-file\"><a id=\"wp-block-file--media-634ad57a-d2a4-4aab-bd41-3ad58287e9f3\" href=\"https:\/\/www.iemj.org\/wp-content\/uploads\/2016\/01\/die_moorsoldaten-theodore_bikel.mp3\">Die Moorsoldaten-Theodore BIKEL<\/a><\/div>\n\n\n\n<div class=\"wp-block-file\"><a id=\"wp-block-file--media-83658101-09a1-48ab-9952-22d2da7a4415\" href=\"https:\/\/www.iemj.org\/wp-content\/uploads\/2016\/01\/k7_1231_08.mp3\">Souviens toi d&#8217;Auschwitz &#8211; Emile Ka\u00e7mann<\/a><\/div>\n\n\n\n<p><\/p>\n","protected":false},"excerpt":{"rendered":"<p>Nel dopoguerra, l&#8217;Olocausto ha ispirato molti compositori che volevano rendere omaggio ad una cultura ebraica assassinata<\/p>\n","protected":false},"author":1052,"featured_media":82879,"comment_status":"closed","ping_status":"open","sticky":false,"template":"","format":"standard","meta":{"_acf_changed":false,"footnotes":""},"categories":[1536],"tags":[],"technique":[],"squelettes":[],"sujet":[1804],"formation":[],"genre":[],"fonds":[],"tradition":[],"type-de-contenu":[],"interprete-compositeur":[3310],"frise":[],"type-devenement":[],"tableaux-liens-externes":[],"class_list":["post-82878","post","type-post","status-publish","format-standard","has-post-thumbnail","hentry","category-playlist-it","sujet-shoah-it","interprete-compositeur-viktor-ullmann-it"],"acf":[],"yoast_head":"<!-- This site is optimized with the Yoast SEO plugin v27.3 - https:\/\/yoast.com\/product\/yoast-seo-wordpress\/ -->\n<title>Musica e Shoah 1 - Institut Europ\u00e9en des Musiques Juives<\/title>\n<meta name=\"robots\" content=\"index, follow, max-snippet:-1, max-image-preview:large, max-video-preview:-1\" \/>\n<link rel=\"canonical\" href=\"https:\/\/www.iemj.org\/it\/musique-et-shoah-1\/\" \/>\n<meta property=\"og:locale\" content=\"it_IT\" \/>\n<meta property=\"og:type\" content=\"article\" \/>\n<meta property=\"og:title\" content=\"Musica e Shoah 1 - Institut Europ\u00e9en des Musiques Juives\" \/>\n<meta property=\"og:description\" content=\"Nel dopoguerra, l&#8217;Olocausto ha ispirato molti compositori che volevano rendere omaggio ad una cultura ebraica assassinata\" \/>\n<meta property=\"og:url\" content=\"https:\/\/www.iemj.org\/it\/musique-et-shoah-1\/\" \/>\n<meta property=\"og:site_name\" content=\"Institut Europ\u00e9en des Musiques Juives\" \/>\n<meta property=\"article:publisher\" content=\"https:\/\/www.facebook.com\/MusiquesJuives\/\" \/>\n<meta property=\"article:published_time\" content=\"2016-01-20T12:00:12+00:00\" \/>\n<meta property=\"article:modified_time\" content=\"2025-04-16T11:05:52+00:00\" \/>\n<meta property=\"og:image\" content=\"https:\/\/www.iemj.org\/wp-content\/uploads\/2016\/01\/arton1432.jpg\" \/>\n\t<meta property=\"og:image:width\" content=\"500\" \/>\n\t<meta property=\"og:image:height\" content=\"462\" \/>\n\t<meta property=\"og:image:type\" content=\"image\/jpeg\" \/>\n<meta name=\"author\" content=\"Lea Couderc\" \/>\n<meta name=\"twitter:card\" content=\"summary_large_image\" \/>\n<meta name=\"twitter:label1\" content=\"Scritto da\" \/>\n\t<meta name=\"twitter:data1\" content=\"Lea Couderc\" \/>\n\t<meta name=\"twitter:label2\" content=\"Tempo di lettura stimato\" \/>\n\t<meta name=\"twitter:data2\" content=\"3 minuti\" \/>\n<script type=\"application\/ld+json\" class=\"yoast-schema-graph\">{\"@context\":\"https:\\\/\\\/schema.org\",\"@graph\":[{\"@type\":\"Article\",\"@id\":\"https:\\\/\\\/www.iemj.org\\\/it\\\/musique-et-shoah-1\\\/#article\",\"isPartOf\":{\"@id\":\"https:\\\/\\\/www.iemj.org\\\/it\\\/musique-et-shoah-1\\\/\"},\"author\":{\"name\":\"Lea Couderc\",\"@id\":\"https:\\\/\\\/www.iemj.org\\\/it\\\/#\\\/schema\\\/person\\\/e2ad57f2c4be119c7ed8ab79036807a9\"},\"headline\":\"Musica e Shoah 1\",\"datePublished\":\"2016-01-20T12:00:12+00:00\",\"dateModified\":\"2025-04-16T11:05:52+00:00\",\"mainEntityOfPage\":{\"@id\":\"https:\\\/\\\/www.iemj.org\\\/it\\\/musique-et-shoah-1\\\/\"},\"wordCount\":419,\"publisher\":{\"@id\":\"https:\\\/\\\/www.iemj.org\\\/it\\\/#organization\"},\"image\":{\"@id\":\"https:\\\/\\\/www.iemj.org\\\/it\\\/musique-et-shoah-1\\\/#primaryimage\"},\"thumbnailUrl\":\"https:\\\/\\\/www.iemj.org\\\/wp-content\\\/uploads\\\/2016\\\/01\\\/arton1432.jpg\",\"articleSection\":[\"Playlist\"],\"inLanguage\":\"it-IT\"},{\"@type\":\"WebPage\",\"@id\":\"https:\\\/\\\/www.iemj.org\\\/it\\\/musique-et-shoah-1\\\/\",\"url\":\"https:\\\/\\\/www.iemj.org\\\/it\\\/musique-et-shoah-1\\\/\",\"name\":\"Musica e Shoah 1 - Institut Europ\u00e9en des Musiques Juives\",\"isPartOf\":{\"@id\":\"https:\\\/\\\/www.iemj.org\\\/it\\\/#website\"},\"primaryImageOfPage\":{\"@id\":\"https:\\\/\\\/www.iemj.org\\\/it\\\/musique-et-shoah-1\\\/#primaryimage\"},\"image\":{\"@id\":\"https:\\\/\\\/www.iemj.org\\\/it\\\/musique-et-shoah-1\\\/#primaryimage\"},\"thumbnailUrl\":\"https:\\\/\\\/www.iemj.org\\\/wp-content\\\/uploads\\\/2016\\\/01\\\/arton1432.jpg\",\"datePublished\":\"2016-01-20T12:00:12+00:00\",\"dateModified\":\"2025-04-16T11:05:52+00:00\",\"breadcrumb\":{\"@id\":\"https:\\\/\\\/www.iemj.org\\\/it\\\/musique-et-shoah-1\\\/#breadcrumb\"},\"inLanguage\":\"it-IT\",\"potentialAction\":[{\"@type\":\"ReadAction\",\"target\":[\"https:\\\/\\\/www.iemj.org\\\/it\\\/musique-et-shoah-1\\\/\"]}]},{\"@type\":\"ImageObject\",\"inLanguage\":\"it-IT\",\"@id\":\"https:\\\/\\\/www.iemj.org\\\/it\\\/musique-et-shoah-1\\\/#primaryimage\",\"url\":\"https:\\\/\\\/www.iemj.org\\\/wp-content\\\/uploads\\\/2016\\\/01\\\/arton1432.jpg\",\"contentUrl\":\"https:\\\/\\\/www.iemj.org\\\/wp-content\\\/uploads\\\/2016\\\/01\\\/arton1432.jpg\",\"width\":500,\"height\":462},{\"@type\":\"BreadcrumbList\",\"@id\":\"https:\\\/\\\/www.iemj.org\\\/it\\\/musique-et-shoah-1\\\/#breadcrumb\",\"itemListElement\":[{\"@type\":\"ListItem\",\"position\":1,\"name\":\"Accueil\",\"item\":\"https:\\\/\\\/www.iemj.org\\\/it\\\/\"},{\"@type\":\"ListItem\",\"position\":2,\"name\":\"Musica e Shoah 1\"}]},{\"@type\":\"WebSite\",\"@id\":\"https:\\\/\\\/www.iemj.org\\\/it\\\/#website\",\"url\":\"https:\\\/\\\/www.iemj.org\\\/it\\\/\",\"name\":\"Institut Europ\u00e9en des Musiques Juives\",\"description\":\"Des traditions musicales \u00e0 la port\u00e9e de tous\",\"publisher\":{\"@id\":\"https:\\\/\\\/www.iemj.org\\\/it\\\/#organization\"},\"potentialAction\":[{\"@type\":\"SearchAction\",\"target\":{\"@type\":\"EntryPoint\",\"urlTemplate\":\"https:\\\/\\\/www.iemj.org\\\/it\\\/?s={search_term_string}\"},\"query-input\":{\"@type\":\"PropertyValueSpecification\",\"valueRequired\":true,\"valueName\":\"search_term_string\"}}],\"inLanguage\":\"it-IT\"},{\"@type\":\"Organization\",\"@id\":\"https:\\\/\\\/www.iemj.org\\\/it\\\/#organization\",\"name\":\"Institut Europ\u00e9en des Musiques Juives\",\"url\":\"https:\\\/\\\/www.iemj.org\\\/it\\\/\",\"logo\":{\"@type\":\"ImageObject\",\"inLanguage\":\"it-IT\",\"@id\":\"https:\\\/\\\/www.iemj.org\\\/it\\\/#\\\/schema\\\/logo\\\/image\\\/\",\"url\":\"https:\\\/\\\/www.iemj.org\\\/wp-content\\\/uploads\\\/2021\\\/09\\\/Logo-IEMJ-Paypal.jpg\",\"contentUrl\":\"https:\\\/\\\/www.iemj.org\\\/wp-content\\\/uploads\\\/2021\\\/09\\\/Logo-IEMJ-Paypal.jpg\",\"width\":150,\"height\":50,\"caption\":\"Institut Europ\u00e9en des Musiques Juives\"},\"image\":{\"@id\":\"https:\\\/\\\/www.iemj.org\\\/it\\\/#\\\/schema\\\/logo\\\/image\\\/\"},\"sameAs\":[\"https:\\\/\\\/www.facebook.com\\\/MusiquesJuives\\\/\",\"https:\\\/\\\/www.instagram.com\\\/musiquesjuives\\\/\",\"https:\\\/\\\/www.youtube.com\\\/user\\\/musiquesjuives\"]},{\"@type\":\"Person\",\"@id\":\"https:\\\/\\\/www.iemj.org\\\/it\\\/#\\\/schema\\\/person\\\/e2ad57f2c4be119c7ed8ab79036807a9\",\"name\":\"Lea Couderc\",\"image\":{\"@type\":\"ImageObject\",\"inLanguage\":\"it-IT\",\"@id\":\"https:\\\/\\\/secure.gravatar.com\\\/avatar\\\/46ee021475d60aeff17a7e490b79dea5a5684bb392ab7fd1494027411df8ba23?s=96&d=mm&r=g\",\"url\":\"https:\\\/\\\/secure.gravatar.com\\\/avatar\\\/46ee021475d60aeff17a7e490b79dea5a5684bb392ab7fd1494027411df8ba23?s=96&d=mm&r=g\",\"contentUrl\":\"https:\\\/\\\/secure.gravatar.com\\\/avatar\\\/46ee021475d60aeff17a7e490b79dea5a5684bb392ab7fd1494027411df8ba23?s=96&d=mm&r=g\",\"caption\":\"Lea Couderc\"}}]}<\/script>\n<!-- \/ Yoast SEO plugin. -->","yoast_head_json":{"title":"Musica e Shoah 1 - Institut Europ\u00e9en des Musiques Juives","robots":{"index":"index","follow":"follow","max-snippet":"max-snippet:-1","max-image-preview":"max-image-preview:large","max-video-preview":"max-video-preview:-1"},"canonical":"https:\/\/www.iemj.org\/it\/musique-et-shoah-1\/","og_locale":"it_IT","og_type":"article","og_title":"Musica e Shoah 1 - Institut Europ\u00e9en des Musiques Juives","og_description":"Nel dopoguerra, l&#8217;Olocausto ha ispirato molti compositori che volevano rendere omaggio ad una cultura ebraica assassinata","og_url":"https:\/\/www.iemj.org\/it\/musique-et-shoah-1\/","og_site_name":"Institut Europ\u00e9en des Musiques Juives","article_publisher":"https:\/\/www.facebook.com\/MusiquesJuives\/","article_published_time":"2016-01-20T12:00:12+00:00","article_modified_time":"2025-04-16T11:05:52+00:00","og_image":[{"width":500,"height":462,"url":"https:\/\/www.iemj.org\/wp-content\/uploads\/2016\/01\/arton1432.jpg","type":"image\/jpeg"}],"author":"Lea Couderc","twitter_card":"summary_large_image","twitter_misc":{"Scritto da":"Lea Couderc","Tempo di lettura stimato":"3 minuti"},"schema":{"@context":"https:\/\/schema.org","@graph":[{"@type":"Article","@id":"https:\/\/www.iemj.org\/it\/musique-et-shoah-1\/#article","isPartOf":{"@id":"https:\/\/www.iemj.org\/it\/musique-et-shoah-1\/"},"author":{"name":"Lea Couderc","@id":"https:\/\/www.iemj.org\/it\/#\/schema\/person\/e2ad57f2c4be119c7ed8ab79036807a9"},"headline":"Musica e Shoah 1","datePublished":"2016-01-20T12:00:12+00:00","dateModified":"2025-04-16T11:05:52+00:00","mainEntityOfPage":{"@id":"https:\/\/www.iemj.org\/it\/musique-et-shoah-1\/"},"wordCount":419,"publisher":{"@id":"https:\/\/www.iemj.org\/it\/#organization"},"image":{"@id":"https:\/\/www.iemj.org\/it\/musique-et-shoah-1\/#primaryimage"},"thumbnailUrl":"https:\/\/www.iemj.org\/wp-content\/uploads\/2016\/01\/arton1432.jpg","articleSection":["Playlist"],"inLanguage":"it-IT"},{"@type":"WebPage","@id":"https:\/\/www.iemj.org\/it\/musique-et-shoah-1\/","url":"https:\/\/www.iemj.org\/it\/musique-et-shoah-1\/","name":"Musica e Shoah 1 - Institut Europ\u00e9en des Musiques Juives","isPartOf":{"@id":"https:\/\/www.iemj.org\/it\/#website"},"primaryImageOfPage":{"@id":"https:\/\/www.iemj.org\/it\/musique-et-shoah-1\/#primaryimage"},"image":{"@id":"https:\/\/www.iemj.org\/it\/musique-et-shoah-1\/#primaryimage"},"thumbnailUrl":"https:\/\/www.iemj.org\/wp-content\/uploads\/2016\/01\/arton1432.jpg","datePublished":"2016-01-20T12:00:12+00:00","dateModified":"2025-04-16T11:05:52+00:00","breadcrumb":{"@id":"https:\/\/www.iemj.org\/it\/musique-et-shoah-1\/#breadcrumb"},"inLanguage":"it-IT","potentialAction":[{"@type":"ReadAction","target":["https:\/\/www.iemj.org\/it\/musique-et-shoah-1\/"]}]},{"@type":"ImageObject","inLanguage":"it-IT","@id":"https:\/\/www.iemj.org\/it\/musique-et-shoah-1\/#primaryimage","url":"https:\/\/www.iemj.org\/wp-content\/uploads\/2016\/01\/arton1432.jpg","contentUrl":"https:\/\/www.iemj.org\/wp-content\/uploads\/2016\/01\/arton1432.jpg","width":500,"height":462},{"@type":"BreadcrumbList","@id":"https:\/\/www.iemj.org\/it\/musique-et-shoah-1\/#breadcrumb","itemListElement":[{"@type":"ListItem","position":1,"name":"Accueil","item":"https:\/\/www.iemj.org\/it\/"},{"@type":"ListItem","position":2,"name":"Musica e Shoah 1"}]},{"@type":"WebSite","@id":"https:\/\/www.iemj.org\/it\/#website","url":"https:\/\/www.iemj.org\/it\/","name":"Institut Europ\u00e9en des Musiques Juives","description":"Des traditions musicales \u00e0 la port\u00e9e de tous","publisher":{"@id":"https:\/\/www.iemj.org\/it\/#organization"},"potentialAction":[{"@type":"SearchAction","target":{"@type":"EntryPoint","urlTemplate":"https:\/\/www.iemj.org\/it\/?s={search_term_string}"},"query-input":{"@type":"PropertyValueSpecification","valueRequired":true,"valueName":"search_term_string"}}],"inLanguage":"it-IT"},{"@type":"Organization","@id":"https:\/\/www.iemj.org\/it\/#organization","name":"Institut Europ\u00e9en des Musiques Juives","url":"https:\/\/www.iemj.org\/it\/","logo":{"@type":"ImageObject","inLanguage":"it-IT","@id":"https:\/\/www.iemj.org\/it\/#\/schema\/logo\/image\/","url":"https:\/\/www.iemj.org\/wp-content\/uploads\/2021\/09\/Logo-IEMJ-Paypal.jpg","contentUrl":"https:\/\/www.iemj.org\/wp-content\/uploads\/2021\/09\/Logo-IEMJ-Paypal.jpg","width":150,"height":50,"caption":"Institut Europ\u00e9en des Musiques Juives"},"image":{"@id":"https:\/\/www.iemj.org\/it\/#\/schema\/logo\/image\/"},"sameAs":["https:\/\/www.facebook.com\/MusiquesJuives\/","https:\/\/www.instagram.com\/musiquesjuives\/","https:\/\/www.youtube.com\/user\/musiquesjuives"]},{"@type":"Person","@id":"https:\/\/www.iemj.org\/it\/#\/schema\/person\/e2ad57f2c4be119c7ed8ab79036807a9","name":"Lea Couderc","image":{"@type":"ImageObject","inLanguage":"it-IT","@id":"https:\/\/secure.gravatar.com\/avatar\/46ee021475d60aeff17a7e490b79dea5a5684bb392ab7fd1494027411df8ba23?s=96&d=mm&r=g","url":"https:\/\/secure.gravatar.com\/avatar\/46ee021475d60aeff17a7e490b79dea5a5684bb392ab7fd1494027411df8ba23?s=96&d=mm&r=g","contentUrl":"https:\/\/secure.gravatar.com\/avatar\/46ee021475d60aeff17a7e490b79dea5a5684bb392ab7fd1494027411df8ba23?s=96&d=mm&r=g","caption":"Lea Couderc"}}]}},"_links":{"self":[{"href":"https:\/\/www.iemj.org\/it\/wp-json\/wp\/v2\/posts\/82878","targetHints":{"allow":["GET"]}}],"collection":[{"href":"https:\/\/www.iemj.org\/it\/wp-json\/wp\/v2\/posts"}],"about":[{"href":"https:\/\/www.iemj.org\/it\/wp-json\/wp\/v2\/types\/post"}],"author":[{"embeddable":true,"href":"https:\/\/www.iemj.org\/it\/wp-json\/wp\/v2\/users\/1052"}],"replies":[{"embeddable":true,"href":"https:\/\/www.iemj.org\/it\/wp-json\/wp\/v2\/comments?post=82878"}],"version-history":[{"count":0,"href":"https:\/\/www.iemj.org\/it\/wp-json\/wp\/v2\/posts\/82878\/revisions"}],"wp:featuredmedia":[{"embeddable":true,"href":"https:\/\/www.iemj.org\/it\/wp-json\/wp\/v2\/media\/82879"}],"wp:attachment":[{"href":"https:\/\/www.iemj.org\/it\/wp-json\/wp\/v2\/media?parent=82878"}],"wp:term":[{"taxonomy":"category","embeddable":true,"href":"https:\/\/www.iemj.org\/it\/wp-json\/wp\/v2\/categories?post=82878"},{"taxonomy":"post_tag","embeddable":true,"href":"https:\/\/www.iemj.org\/it\/wp-json\/wp\/v2\/tags?post=82878"},{"taxonomy":"technique","embeddable":true,"href":"https:\/\/www.iemj.org\/it\/wp-json\/wp\/v2\/technique?post=82878"},{"taxonomy":"squelettes","embeddable":true,"href":"https:\/\/www.iemj.org\/it\/wp-json\/wp\/v2\/squelettes?post=82878"},{"taxonomy":"sujet","embeddable":true,"href":"https:\/\/www.iemj.org\/it\/wp-json\/wp\/v2\/sujet?post=82878"},{"taxonomy":"formation","embeddable":true,"href":"https:\/\/www.iemj.org\/it\/wp-json\/wp\/v2\/formation?post=82878"},{"taxonomy":"genre","embeddable":true,"href":"https:\/\/www.iemj.org\/it\/wp-json\/wp\/v2\/genre?post=82878"},{"taxonomy":"fonds","embeddable":true,"href":"https:\/\/www.iemj.org\/it\/wp-json\/wp\/v2\/fonds?post=82878"},{"taxonomy":"tradition","embeddable":true,"href":"https:\/\/www.iemj.org\/it\/wp-json\/wp\/v2\/tradition?post=82878"},{"taxonomy":"type-de-contenu","embeddable":true,"href":"https:\/\/www.iemj.org\/it\/wp-json\/wp\/v2\/type-de-contenu?post=82878"},{"taxonomy":"interprete-compositeur","embeddable":true,"href":"https:\/\/www.iemj.org\/it\/wp-json\/wp\/v2\/interprete-compositeur?post=82878"},{"taxonomy":"frise","embeddable":true,"href":"https:\/\/www.iemj.org\/it\/wp-json\/wp\/v2\/frise?post=82878"},{"taxonomy":"type-devenement","embeddable":true,"href":"https:\/\/www.iemj.org\/it\/wp-json\/wp\/v2\/type-devenement?post=82878"},{"taxonomy":"tableaux-liens-externes","embeddable":true,"href":"https:\/\/www.iemj.org\/it\/wp-json\/wp\/v2\/tableaux-liens-externes?post=82878"}],"curies":[{"name":"wp","href":"https:\/\/api.w.org\/{rel}","templated":true}]}}