{"id":82893,"date":"2019-05-09T09:18:00","date_gmt":"2019-05-09T07:18:00","guid":{"rendered":"https:\/\/www.iemj.org\/renaissance-dune-nation\/"},"modified":"2025-05-27T11:34:13","modified_gmt":"2025-05-27T09:34:13","slug":"renaissance-dune-nation","status":"publish","type":"post","link":"https:\/\/www.iemj.org\/it\/renaissance-dune-nation\/","title":{"rendered":"Rinascita di una Nazione"},"content":{"rendered":"<p>Questo disco 33 giri, con una prefazione di Joseph Kessel, dell&#8217;Accademia di Francia, e illustrato da Marc Chagall, \u00e8 stato realizzato in occasione del 25\u00b0 anniversario della creazione dello Stato di Israele.<\/p>\n<p><!--more--><\/p>\n<p>Il suo libretto riccamente documentato include delle fotografie d\u2019antologia ed i testi originali delle dichiarazioni di David Ben Gurion, Golda Meir, Asher Ben Natan ed i messaggi di Jacob Kaplan, Gran Rabbino di Francia, Ren\u00e9 Cassin, Premio Nobel per la pace&#8230;<\/p>\n<\/p>\n<p>Il disco (vedi Calam\u00e9o qui sotto) contiene le seguenti testimonianze sonore :<\/p>\n<p>-La registrazione originale della sessione di voto delle Nazioni Unite, 29 novembre 1947, che crea lo Stato di Israele,<\/p>\n<p>-La proclamazione dell&#8217;Indipendenza pronunciata da David Ben-Gurion, il 14 maggio 1948,<\/p>\n<p>-Il messaggio di Golda Meir (Primo Ministro di Israele),<\/p>\n<p>-La dichiarazione di Asher Ben Natan (ambasciatore israeliano a Parigi),<\/p>\n<p>-L&#8217;\u201cHatikvah\u201d l&#8217;inno nazionale israeliano, cantato dai membri del Consiglio Nazionale<\/p>\n<p>-La canzone &#8220;Yeroushala\u00efm Shel Zahav&#8221; (Gerusalemme d&#8217;oro) di Naomi Shemer, eseguita dal Coro della Grande Sinagoga di Parigi.<\/p>\n<p><img fetchpriority=\"high\" decoding=\"async\" class=\"wp-image-82898 aligncenter\" src=\"https:\/\/www.iemj.org\/wp-content\/uploads\/2019\/05\/doc_3_renaissance_3.jpg\" alt=\"doc_3_renaissance_3.jpg\" width=\"500\" height=\"377\" align=\"center\" srcset=\"https:\/\/www.iemj.org\/wp-content\/uploads\/2019\/05\/doc_3_renaissance_3.jpg 561w, https:\/\/www.iemj.org\/wp-content\/uploads\/2019\/05\/doc_3_renaissance_3-300x227.jpg 300w\" sizes=\"(max-width: 500px) 100vw, 500px\" \/><\/p>\n<p>Il sogno di uno Stato ebraico prende forma nel 1897, a Basilea, in Svizzera, con il primo Congresso sionista guidato da Theodore Herzl.<\/p>\n<p>Herzl dir\u00e0 pi\u00f9 tardi, a proposito di questo congresso: \u201cA Basilea ho fondato Lo Stato Ebraico\u2026 se lo volete, non sar\u00e0 solo un sogno. \u00bb<\/p>\n<p><img decoding=\"async\" class=\"wp-image-82899 alignright\" src=\"https:\/\/www.iemj.org\/wp-content\/uploads\/2019\/05\/doc_2_renaissance2.jpg\" alt=\"doc_2_renaissance2.jpg\" width=\"397\" height=\"374\" align=\"center\" srcset=\"https:\/\/www.iemj.org\/wp-content\/uploads\/2019\/05\/doc_2_renaissance2.jpg 450w, https:\/\/www.iemj.org\/wp-content\/uploads\/2019\/05\/doc_2_renaissance2-300x283.jpg 300w\" sizes=\"(max-width: 397px) 100vw, 397px\" \/>A seguito della Dichiarazione Balfour del 1917, nella quale il Primo Ministro degli Affari Esteri inglese, Lord Arthur James Balfour, riconosce il diritto del popolo ebraico ad un focolare nazionale in Palestina, la Societ\u00e0 delle Nazioni istituisce il Mandato britannico nel 1922.<\/p>\n<p>Questo mandato mira a stabilire in Palestina un &#8220;focolare nazionale per il popolo ebraico&#8221; sulla base del legame storico tra il popolo ebraico e la Palestina.<\/p>\n<p>Due anni dopo la seconda guerra mondiale durante la quale furono uccisi sei milioni di ebrei, l&#8217;Organizzazione delle Nazioni Unite (O.N.U) vota, il 29 novembre 1947, la creazione di uno Stato ebraico in Palestina, con 33 paesi favorevoli.<\/p>\n<p>Il 14 maggio 1948, il primo ministro israeliano David Ben-Gurion proclama l&#8217;indipendenza dello Stato di Israele.<\/p>\n<p><img decoding=\"async\" class=\" aligncenter size-full wp-image-82900\" src=\"https:\/\/www.iemj.org\/wp-content\/uploads\/2019\/05\/doc_1_renaissance_1.jpg\" alt=\"doc_1_renaissance_1.jpg\" width=\"778\" height=\"424\" align=\"center\" srcset=\"https:\/\/www.iemj.org\/wp-content\/uploads\/2019\/05\/doc_1_renaissance_1.jpg 778w, https:\/\/www.iemj.org\/wp-content\/uploads\/2019\/05\/doc_1_renaissance_1-300x163.jpg 300w, https:\/\/www.iemj.org\/wp-content\/uploads\/2019\/05\/doc_1_renaissance_1-768x419.jpg 768w, https:\/\/www.iemj.org\/wp-content\/uploads\/2019\/05\/doc_1_renaissance_1-600x327.jpg 600w\" sizes=\"(max-width: 778px) 100vw, 778px\" \/><\/p>\n<div style=\"text-align: center;\">\n<div style=\"margin: 8px 0px 4px;\"><a href=\"https:\/\/www.calameo.com\/books\/00461274952a2063ebed0\" target=\"_blank\" rel=\"noopener noreferrer\">Rinascita di una nazione (libretto)<\/a><\/div>\n<p><iframe style=\"margin: 0 auto;\" src=\"\/\/v.calameo.com\/?bkcode=00461274952a2063ebed0&amp;mode=mini\" width=\"480\" height=\"300\" frameborder=\"0\" scrolling=\"no\" allowfullscreen=\"allowfullscreen\"><\/iframe><\/p>\n<div style=\"margin: 4px 0px 8px;\"><a href=\"http:\/\/www.calameo.com\/\" target=\"_blank\" rel=\"noopener noreferrer\">Leggere altre pubblicazioni su Calam\u00e9o<\/a><\/div>\n<div>\u00a0<\/div>\n<\/div>\n<p><a href=\"https:\/\/www.iemj.org\/histoire-de-la-hatikva-lhymne-national-israelien\/\"><img loading=\"lazy\" decoding=\"async\" class=\"wp-image-82897 alignleft\" src=\"https:\/\/www.iemj.org\/wp-content\/uploads\/2016\/01\/emission_de_radio.jpg\" alt=\"emission_de_radio.jpg\" width=\"60\" height=\"53\" align=\"left\" \/>Ascoltare il programma radiofonico sulla Hatikva, presentato da Herv\u00e9 Roten<\/a><\/p>\n<\/p>\n\n<div class=\"wp-block-image\">\n<figure class=\"aligncenter size-large\"><img loading=\"lazy\" decoding=\"async\" width=\"1024\" height=\"133\" src=\"https:\/\/www.iemj.org\/wp-content\/uploads\/2024\/03\/AUDIO-PLAYER-1024x133.png\" alt=\"\" class=\"wp-image-110609\" srcset=\"https:\/\/www.iemj.org\/wp-content\/uploads\/2024\/03\/AUDIO-PLAYER-1024x133.png 1024w, https:\/\/www.iemj.org\/wp-content\/uploads\/2024\/03\/AUDIO-PLAYER-300x39.png 300w, https:\/\/www.iemj.org\/wp-content\/uploads\/2024\/03\/AUDIO-PLAYER-768x100.png 768w, https:\/\/www.iemj.org\/wp-content\/uploads\/2024\/03\/AUDIO-PLAYER-600x78.png 600w, https:\/\/www.iemj.org\/wp-content\/uploads\/2024\/03\/AUDIO-PLAYER.png 1210w\" sizes=\"(max-width: 1024px) 100vw, 1024px\" \/><\/figure>\n<\/div>\n\n\n<h2 class=\"wp-block-heading\"><\/h2>\n\n\n\n<div class=\"wp-block-file\"><a id=\"wp-block-file--media-24eb3aa0-a753-4b1c-b59c-4783df3bf14f\" href=\"https:\/\/www.iemj.org\/wp-content\/uploads\/2019\/05\/discours_de_mme_golda_meir_premier_ministre_d_israe_l__t.mp3\">Discours de Mme Golda Meir (premier ministre d\u2019Isra\u00ebl)<\/a><\/div>\n\n\n\n<div class=\"wp-block-file\"><a id=\"wp-block-file--media-c83e30c1-fb24-4944-82e6-14b3be2731bb\" href=\"https:\/\/www.iemj.org\/wp-content\/uploads\/2019\/05\/proclamation_d_independance_prononcee_par_mr_david_ben_gourion_le_14_mai_1948_t.mp3\">Proclamation d\u2019Ind\u00e9pendance prononc\u00e9e par Mr David Ben Gourion, le 14 mai 1948<\/a><\/div>\n\n\n\n<div class=\"wp-block-file\"><a id=\"wp-block-file--media-14898e7b-aeb5-48c8-9605-4d5a7acc54de\" href=\"https:\/\/www.iemj.org\/wp-content\/uploads\/2019\/05\/yeroushalaim_shel_zahav_-_choeur_de_la_grande_synagogue_de_paris_t.mp3\">Yeroushala\u00efm Shel Zahav &#8211; Choeur de la Grande Synagogue de Paris<\/a><\/div>\n","protected":false},"excerpt":{"rendered":"<p>Questo disco 33 giri, con una prefazione di Joseph Kessel, dell&#8217;Accademia di Francia, e illustrato da Marc Chagall, \u00e8 stato realizzato in occasione del 25\u00b0 anniversario della creazione dello Stato<\/p>\n","protected":false},"author":1052,"featured_media":82894,"comment_status":"closed","ping_status":"open","sticky":false,"template":"","format":"standard","meta":{"_acf_changed":false,"footnotes":""},"categories":[1567],"tags":[],"technique":[],"squelettes":[],"sujet":[],"formation":[],"genre":[],"fonds":[],"tradition":[],"type-de-contenu":[],"interprete-compositeur":[],"frise":[],"type-devenement":[],"tableaux-liens-externes":[],"class_list":["post-82893","post","type-post","status-publish","format-standard","has-post-thumbnail","hentry","category-indispensabili-it"],"acf":[],"yoast_head":"<!-- This site is optimized with the Yoast SEO plugin v27.3 - https:\/\/yoast.com\/product\/yoast-seo-wordpress\/ -->\n<title>Rinascita di una Nazione - Institut Europ\u00e9en des Musiques Juives<\/title>\n<meta name=\"robots\" content=\"index, follow, max-snippet:-1, max-image-preview:large, max-video-preview:-1\" \/>\n<link rel=\"canonical\" href=\"https:\/\/www.iemj.org\/it\/renaissance-dune-nation\/\" \/>\n<meta property=\"og:locale\" content=\"it_IT\" \/>\n<meta property=\"og:type\" content=\"article\" \/>\n<meta property=\"og:title\" content=\"Rinascita di una Nazione - Institut Europ\u00e9en des Musiques Juives\" \/>\n<meta property=\"og:description\" content=\"Questo disco 33 giri, con una prefazione di Joseph Kessel, dell&#8217;Accademia di Francia, e illustrato da Marc Chagall, \u00e8 stato realizzato in occasione del 25\u00b0 anniversario della creazione dello Stato\" \/>\n<meta property=\"og:url\" content=\"https:\/\/www.iemj.org\/it\/renaissance-dune-nation\/\" \/>\n<meta property=\"og:site_name\" content=\"Institut Europ\u00e9en des Musiques Juives\" \/>\n<meta property=\"article:publisher\" content=\"https:\/\/www.facebook.com\/MusiquesJuives\/\" \/>\n<meta property=\"article:published_time\" content=\"2019-05-09T07:18:00+00:00\" \/>\n<meta property=\"article:modified_time\" content=\"2025-05-27T09:34:13+00:00\" \/>\n<meta property=\"og:image\" content=\"https:\/\/www.iemj.org\/wp-content\/uploads\/2019\/05\/arton4121-e1618590438966.jpg\" \/>\n\t<meta property=\"og:image:width\" content=\"350\" \/>\n\t<meta property=\"og:image:height\" content=\"361\" \/>\n\t<meta property=\"og:image:type\" content=\"image\/jpeg\" \/>\n<meta name=\"author\" content=\"Lea Couderc\" \/>\n<meta name=\"twitter:card\" content=\"summary_large_image\" \/>\n<meta name=\"twitter:label1\" content=\"Scritto da\" \/>\n\t<meta name=\"twitter:data1\" content=\"Lea Couderc\" \/>\n\t<meta name=\"twitter:label2\" content=\"Tempo di lettura stimato\" \/>\n\t<meta name=\"twitter:data2\" content=\"4 minuti\" \/>\n<script type=\"application\/ld+json\" class=\"yoast-schema-graph\">{\"@context\":\"https:\\\/\\\/schema.org\",\"@graph\":[{\"@type\":\"Article\",\"@id\":\"https:\\\/\\\/www.iemj.org\\\/it\\\/renaissance-dune-nation\\\/#article\",\"isPartOf\":{\"@id\":\"https:\\\/\\\/www.iemj.org\\\/it\\\/renaissance-dune-nation\\\/\"},\"author\":{\"name\":\"Lea Couderc\",\"@id\":\"https:\\\/\\\/www.iemj.org\\\/it\\\/#\\\/schema\\\/person\\\/e2ad57f2c4be119c7ed8ab79036807a9\"},\"headline\":\"Rinascita di una Nazione\",\"datePublished\":\"2019-05-09T07:18:00+00:00\",\"dateModified\":\"2025-05-27T09:34:13+00:00\",\"mainEntityOfPage\":{\"@id\":\"https:\\\/\\\/www.iemj.org\\\/it\\\/renaissance-dune-nation\\\/\"},\"wordCount\":387,\"publisher\":{\"@id\":\"https:\\\/\\\/www.iemj.org\\\/it\\\/#organization\"},\"image\":{\"@id\":\"https:\\\/\\\/www.iemj.org\\\/it\\\/renaissance-dune-nation\\\/#primaryimage\"},\"thumbnailUrl\":\"https:\\\/\\\/www.iemj.org\\\/wp-content\\\/uploads\\\/2019\\\/05\\\/arton4121-e1618590438966.jpg\",\"articleSection\":[\"Indispensabili\"],\"inLanguage\":\"it-IT\"},{\"@type\":\"WebPage\",\"@id\":\"https:\\\/\\\/www.iemj.org\\\/it\\\/renaissance-dune-nation\\\/\",\"url\":\"https:\\\/\\\/www.iemj.org\\\/it\\\/renaissance-dune-nation\\\/\",\"name\":\"Rinascita di una Nazione - Institut Europ\u00e9en des Musiques Juives\",\"isPartOf\":{\"@id\":\"https:\\\/\\\/www.iemj.org\\\/it\\\/#website\"},\"primaryImageOfPage\":{\"@id\":\"https:\\\/\\\/www.iemj.org\\\/it\\\/renaissance-dune-nation\\\/#primaryimage\"},\"image\":{\"@id\":\"https:\\\/\\\/www.iemj.org\\\/it\\\/renaissance-dune-nation\\\/#primaryimage\"},\"thumbnailUrl\":\"https:\\\/\\\/www.iemj.org\\\/wp-content\\\/uploads\\\/2019\\\/05\\\/arton4121-e1618590438966.jpg\",\"datePublished\":\"2019-05-09T07:18:00+00:00\",\"dateModified\":\"2025-05-27T09:34:13+00:00\",\"breadcrumb\":{\"@id\":\"https:\\\/\\\/www.iemj.org\\\/it\\\/renaissance-dune-nation\\\/#breadcrumb\"},\"inLanguage\":\"it-IT\",\"potentialAction\":[{\"@type\":\"ReadAction\",\"target\":[\"https:\\\/\\\/www.iemj.org\\\/it\\\/renaissance-dune-nation\\\/\"]}]},{\"@type\":\"ImageObject\",\"inLanguage\":\"it-IT\",\"@id\":\"https:\\\/\\\/www.iemj.org\\\/it\\\/renaissance-dune-nation\\\/#primaryimage\",\"url\":\"https:\\\/\\\/www.iemj.org\\\/wp-content\\\/uploads\\\/2019\\\/05\\\/arton4121-e1618590438966.jpg\",\"contentUrl\":\"https:\\\/\\\/www.iemj.org\\\/wp-content\\\/uploads\\\/2019\\\/05\\\/arton4121-e1618590438966.jpg\",\"width\":350,\"height\":361},{\"@type\":\"BreadcrumbList\",\"@id\":\"https:\\\/\\\/www.iemj.org\\\/it\\\/renaissance-dune-nation\\\/#breadcrumb\",\"itemListElement\":[{\"@type\":\"ListItem\",\"position\":1,\"name\":\"Accueil\",\"item\":\"https:\\\/\\\/www.iemj.org\\\/it\\\/\"},{\"@type\":\"ListItem\",\"position\":2,\"name\":\"Rinascita di una Nazione\"}]},{\"@type\":\"WebSite\",\"@id\":\"https:\\\/\\\/www.iemj.org\\\/it\\\/#website\",\"url\":\"https:\\\/\\\/www.iemj.org\\\/it\\\/\",\"name\":\"Institut Europ\u00e9en des Musiques Juives\",\"description\":\"Des traditions musicales \u00e0 la port\u00e9e de tous\",\"publisher\":{\"@id\":\"https:\\\/\\\/www.iemj.org\\\/it\\\/#organization\"},\"potentialAction\":[{\"@type\":\"SearchAction\",\"target\":{\"@type\":\"EntryPoint\",\"urlTemplate\":\"https:\\\/\\\/www.iemj.org\\\/it\\\/?s={search_term_string}\"},\"query-input\":{\"@type\":\"PropertyValueSpecification\",\"valueRequired\":true,\"valueName\":\"search_term_string\"}}],\"inLanguage\":\"it-IT\"},{\"@type\":\"Organization\",\"@id\":\"https:\\\/\\\/www.iemj.org\\\/it\\\/#organization\",\"name\":\"Institut Europ\u00e9en des Musiques Juives\",\"url\":\"https:\\\/\\\/www.iemj.org\\\/it\\\/\",\"logo\":{\"@type\":\"ImageObject\",\"inLanguage\":\"it-IT\",\"@id\":\"https:\\\/\\\/www.iemj.org\\\/it\\\/#\\\/schema\\\/logo\\\/image\\\/\",\"url\":\"https:\\\/\\\/www.iemj.org\\\/wp-content\\\/uploads\\\/2021\\\/09\\\/Logo-IEMJ-Paypal.jpg\",\"contentUrl\":\"https:\\\/\\\/www.iemj.org\\\/wp-content\\\/uploads\\\/2021\\\/09\\\/Logo-IEMJ-Paypal.jpg\",\"width\":150,\"height\":50,\"caption\":\"Institut Europ\u00e9en des Musiques Juives\"},\"image\":{\"@id\":\"https:\\\/\\\/www.iemj.org\\\/it\\\/#\\\/schema\\\/logo\\\/image\\\/\"},\"sameAs\":[\"https:\\\/\\\/www.facebook.com\\\/MusiquesJuives\\\/\",\"https:\\\/\\\/www.instagram.com\\\/musiquesjuives\\\/\",\"https:\\\/\\\/www.youtube.com\\\/user\\\/musiquesjuives\"]},{\"@type\":\"Person\",\"@id\":\"https:\\\/\\\/www.iemj.org\\\/it\\\/#\\\/schema\\\/person\\\/e2ad57f2c4be119c7ed8ab79036807a9\",\"name\":\"Lea Couderc\",\"image\":{\"@type\":\"ImageObject\",\"inLanguage\":\"it-IT\",\"@id\":\"https:\\\/\\\/secure.gravatar.com\\\/avatar\\\/46ee021475d60aeff17a7e490b79dea5a5684bb392ab7fd1494027411df8ba23?s=96&d=mm&r=g\",\"url\":\"https:\\\/\\\/secure.gravatar.com\\\/avatar\\\/46ee021475d60aeff17a7e490b79dea5a5684bb392ab7fd1494027411df8ba23?s=96&d=mm&r=g\",\"contentUrl\":\"https:\\\/\\\/secure.gravatar.com\\\/avatar\\\/46ee021475d60aeff17a7e490b79dea5a5684bb392ab7fd1494027411df8ba23?s=96&d=mm&r=g\",\"caption\":\"Lea Couderc\"}}]}<\/script>\n<!-- \/ Yoast SEO plugin. -->","yoast_head_json":{"title":"Rinascita di una Nazione - Institut Europ\u00e9en des Musiques Juives","robots":{"index":"index","follow":"follow","max-snippet":"max-snippet:-1","max-image-preview":"max-image-preview:large","max-video-preview":"max-video-preview:-1"},"canonical":"https:\/\/www.iemj.org\/it\/renaissance-dune-nation\/","og_locale":"it_IT","og_type":"article","og_title":"Rinascita di una Nazione - Institut Europ\u00e9en des Musiques Juives","og_description":"Questo disco 33 giri, con una prefazione di Joseph Kessel, dell&#8217;Accademia di Francia, e illustrato da Marc Chagall, \u00e8 stato realizzato in occasione del 25\u00b0 anniversario della creazione dello Stato","og_url":"https:\/\/www.iemj.org\/it\/renaissance-dune-nation\/","og_site_name":"Institut Europ\u00e9en des Musiques Juives","article_publisher":"https:\/\/www.facebook.com\/MusiquesJuives\/","article_published_time":"2019-05-09T07:18:00+00:00","article_modified_time":"2025-05-27T09:34:13+00:00","og_image":[{"width":350,"height":361,"url":"https:\/\/www.iemj.org\/wp-content\/uploads\/2019\/05\/arton4121-e1618590438966.jpg","type":"image\/jpeg"}],"author":"Lea Couderc","twitter_card":"summary_large_image","twitter_misc":{"Scritto da":"Lea Couderc","Tempo di lettura stimato":"4 minuti"},"schema":{"@context":"https:\/\/schema.org","@graph":[{"@type":"Article","@id":"https:\/\/www.iemj.org\/it\/renaissance-dune-nation\/#article","isPartOf":{"@id":"https:\/\/www.iemj.org\/it\/renaissance-dune-nation\/"},"author":{"name":"Lea Couderc","@id":"https:\/\/www.iemj.org\/it\/#\/schema\/person\/e2ad57f2c4be119c7ed8ab79036807a9"},"headline":"Rinascita di una Nazione","datePublished":"2019-05-09T07:18:00+00:00","dateModified":"2025-05-27T09:34:13+00:00","mainEntityOfPage":{"@id":"https:\/\/www.iemj.org\/it\/renaissance-dune-nation\/"},"wordCount":387,"publisher":{"@id":"https:\/\/www.iemj.org\/it\/#organization"},"image":{"@id":"https:\/\/www.iemj.org\/it\/renaissance-dune-nation\/#primaryimage"},"thumbnailUrl":"https:\/\/www.iemj.org\/wp-content\/uploads\/2019\/05\/arton4121-e1618590438966.jpg","articleSection":["Indispensabili"],"inLanguage":"it-IT"},{"@type":"WebPage","@id":"https:\/\/www.iemj.org\/it\/renaissance-dune-nation\/","url":"https:\/\/www.iemj.org\/it\/renaissance-dune-nation\/","name":"Rinascita di una Nazione - Institut Europ\u00e9en des Musiques Juives","isPartOf":{"@id":"https:\/\/www.iemj.org\/it\/#website"},"primaryImageOfPage":{"@id":"https:\/\/www.iemj.org\/it\/renaissance-dune-nation\/#primaryimage"},"image":{"@id":"https:\/\/www.iemj.org\/it\/renaissance-dune-nation\/#primaryimage"},"thumbnailUrl":"https:\/\/www.iemj.org\/wp-content\/uploads\/2019\/05\/arton4121-e1618590438966.jpg","datePublished":"2019-05-09T07:18:00+00:00","dateModified":"2025-05-27T09:34:13+00:00","breadcrumb":{"@id":"https:\/\/www.iemj.org\/it\/renaissance-dune-nation\/#breadcrumb"},"inLanguage":"it-IT","potentialAction":[{"@type":"ReadAction","target":["https:\/\/www.iemj.org\/it\/renaissance-dune-nation\/"]}]},{"@type":"ImageObject","inLanguage":"it-IT","@id":"https:\/\/www.iemj.org\/it\/renaissance-dune-nation\/#primaryimage","url":"https:\/\/www.iemj.org\/wp-content\/uploads\/2019\/05\/arton4121-e1618590438966.jpg","contentUrl":"https:\/\/www.iemj.org\/wp-content\/uploads\/2019\/05\/arton4121-e1618590438966.jpg","width":350,"height":361},{"@type":"BreadcrumbList","@id":"https:\/\/www.iemj.org\/it\/renaissance-dune-nation\/#breadcrumb","itemListElement":[{"@type":"ListItem","position":1,"name":"Accueil","item":"https:\/\/www.iemj.org\/it\/"},{"@type":"ListItem","position":2,"name":"Rinascita di una Nazione"}]},{"@type":"WebSite","@id":"https:\/\/www.iemj.org\/it\/#website","url":"https:\/\/www.iemj.org\/it\/","name":"Institut Europ\u00e9en des Musiques Juives","description":"Des traditions musicales \u00e0 la port\u00e9e de tous","publisher":{"@id":"https:\/\/www.iemj.org\/it\/#organization"},"potentialAction":[{"@type":"SearchAction","target":{"@type":"EntryPoint","urlTemplate":"https:\/\/www.iemj.org\/it\/?s={search_term_string}"},"query-input":{"@type":"PropertyValueSpecification","valueRequired":true,"valueName":"search_term_string"}}],"inLanguage":"it-IT"},{"@type":"Organization","@id":"https:\/\/www.iemj.org\/it\/#organization","name":"Institut Europ\u00e9en des Musiques Juives","url":"https:\/\/www.iemj.org\/it\/","logo":{"@type":"ImageObject","inLanguage":"it-IT","@id":"https:\/\/www.iemj.org\/it\/#\/schema\/logo\/image\/","url":"https:\/\/www.iemj.org\/wp-content\/uploads\/2021\/09\/Logo-IEMJ-Paypal.jpg","contentUrl":"https:\/\/www.iemj.org\/wp-content\/uploads\/2021\/09\/Logo-IEMJ-Paypal.jpg","width":150,"height":50,"caption":"Institut Europ\u00e9en des Musiques Juives"},"image":{"@id":"https:\/\/www.iemj.org\/it\/#\/schema\/logo\/image\/"},"sameAs":["https:\/\/www.facebook.com\/MusiquesJuives\/","https:\/\/www.instagram.com\/musiquesjuives\/","https:\/\/www.youtube.com\/user\/musiquesjuives"]},{"@type":"Person","@id":"https:\/\/www.iemj.org\/it\/#\/schema\/person\/e2ad57f2c4be119c7ed8ab79036807a9","name":"Lea Couderc","image":{"@type":"ImageObject","inLanguage":"it-IT","@id":"https:\/\/secure.gravatar.com\/avatar\/46ee021475d60aeff17a7e490b79dea5a5684bb392ab7fd1494027411df8ba23?s=96&d=mm&r=g","url":"https:\/\/secure.gravatar.com\/avatar\/46ee021475d60aeff17a7e490b79dea5a5684bb392ab7fd1494027411df8ba23?s=96&d=mm&r=g","contentUrl":"https:\/\/secure.gravatar.com\/avatar\/46ee021475d60aeff17a7e490b79dea5a5684bb392ab7fd1494027411df8ba23?s=96&d=mm&r=g","caption":"Lea Couderc"}}]}},"_links":{"self":[{"href":"https:\/\/www.iemj.org\/it\/wp-json\/wp\/v2\/posts\/82893","targetHints":{"allow":["GET"]}}],"collection":[{"href":"https:\/\/www.iemj.org\/it\/wp-json\/wp\/v2\/posts"}],"about":[{"href":"https:\/\/www.iemj.org\/it\/wp-json\/wp\/v2\/types\/post"}],"author":[{"embeddable":true,"href":"https:\/\/www.iemj.org\/it\/wp-json\/wp\/v2\/users\/1052"}],"replies":[{"embeddable":true,"href":"https:\/\/www.iemj.org\/it\/wp-json\/wp\/v2\/comments?post=82893"}],"version-history":[{"count":0,"href":"https:\/\/www.iemj.org\/it\/wp-json\/wp\/v2\/posts\/82893\/revisions"}],"wp:featuredmedia":[{"embeddable":true,"href":"https:\/\/www.iemj.org\/it\/wp-json\/wp\/v2\/media\/82894"}],"wp:attachment":[{"href":"https:\/\/www.iemj.org\/it\/wp-json\/wp\/v2\/media?parent=82893"}],"wp:term":[{"taxonomy":"category","embeddable":true,"href":"https:\/\/www.iemj.org\/it\/wp-json\/wp\/v2\/categories?post=82893"},{"taxonomy":"post_tag","embeddable":true,"href":"https:\/\/www.iemj.org\/it\/wp-json\/wp\/v2\/tags?post=82893"},{"taxonomy":"technique","embeddable":true,"href":"https:\/\/www.iemj.org\/it\/wp-json\/wp\/v2\/technique?post=82893"},{"taxonomy":"squelettes","embeddable":true,"href":"https:\/\/www.iemj.org\/it\/wp-json\/wp\/v2\/squelettes?post=82893"},{"taxonomy":"sujet","embeddable":true,"href":"https:\/\/www.iemj.org\/it\/wp-json\/wp\/v2\/sujet?post=82893"},{"taxonomy":"formation","embeddable":true,"href":"https:\/\/www.iemj.org\/it\/wp-json\/wp\/v2\/formation?post=82893"},{"taxonomy":"genre","embeddable":true,"href":"https:\/\/www.iemj.org\/it\/wp-json\/wp\/v2\/genre?post=82893"},{"taxonomy":"fonds","embeddable":true,"href":"https:\/\/www.iemj.org\/it\/wp-json\/wp\/v2\/fonds?post=82893"},{"taxonomy":"tradition","embeddable":true,"href":"https:\/\/www.iemj.org\/it\/wp-json\/wp\/v2\/tradition?post=82893"},{"taxonomy":"type-de-contenu","embeddable":true,"href":"https:\/\/www.iemj.org\/it\/wp-json\/wp\/v2\/type-de-contenu?post=82893"},{"taxonomy":"interprete-compositeur","embeddable":true,"href":"https:\/\/www.iemj.org\/it\/wp-json\/wp\/v2\/interprete-compositeur?post=82893"},{"taxonomy":"frise","embeddable":true,"href":"https:\/\/www.iemj.org\/it\/wp-json\/wp\/v2\/frise?post=82893"},{"taxonomy":"type-devenement","embeddable":true,"href":"https:\/\/www.iemj.org\/it\/wp-json\/wp\/v2\/type-devenement?post=82893"},{"taxonomy":"tableaux-liens-externes","embeddable":true,"href":"https:\/\/www.iemj.org\/it\/wp-json\/wp\/v2\/tableaux-liens-externes?post=82893"}],"curies":[{"name":"wp","href":"https:\/\/api.w.org\/{rel}","templated":true}]}}