{"id":82910,"date":"2020-11-30T11:08:12","date_gmt":"2020-11-30T10:08:12","guid":{"rendered":"https:\/\/www.iemj.org\/berceuses-du-monde-entier\/"},"modified":"2025-10-07T17:10:02","modified_gmt":"2025-10-07T15:10:02","slug":"berceuses-du-monde-entier","status":"publish","type":"post","link":"https:\/\/www.iemj.org\/it\/berceuses-du-monde-entier\/","title":{"rendered":"Ninne nanne da tutto il mondo"},"content":{"rendered":"<p>Il disco vinile 33 giri <em>Ninne nanne da tutto il mondo<\/em>, che sembra piuttosto semplice ed affinato, ha una specificit\u00e0 nascosta: un&#8217;illustrazione in rilievo di\u00a0<a href=\"https:\/\/fr.wikipedia.org\/wiki\/Henri_Galeron\">Henri Galeron<\/a>.<\/p>\n<p><img fetchpriority=\"high\" decoding=\"async\" class=\" aligncenter size-full wp-image-30144\" src=\"https:\/\/www.iemj.org\/wp-content\/uploads\/2020\/11\/doc1_berceuses_du_monde_entier.jpg\" alt=\"doc1_berceuses_du_monde_entier.jpg\" width=\"724\" height=\"347\" align=\"middle\" srcset=\"https:\/\/www.iemj.org\/wp-content\/uploads\/2020\/11\/doc1_berceuses_du_monde_entier.jpg 724w, https:\/\/www.iemj.org\/wp-content\/uploads\/2020\/11\/doc1_berceuses_du_monde_entier-300x144.jpg 300w, https:\/\/www.iemj.org\/wp-content\/uploads\/2020\/11\/doc1_berceuses_du_monde_entier-600x288.jpg 600w\" sizes=\"(max-width: 724px) 100vw, 724px\" \/><\/p>\n<p>Questo tipo di contenuto in rilievo viene solitamente utilizzato per dei libri di gran lusso per bambini piuttosto che per copertine di dischi, il che conferisce a questo documento un&#8217;innegabile rarit\u00e0 e fascino.<\/p>\n<p><img decoding=\"async\" class=\" aligncenter size-full wp-image-30146\" src=\"https:\/\/www.iemj.org\/wp-content\/uploads\/2020\/11\/doc2_berceuses_du_monde_entier.jpg\" alt=\"doc2_berceuses_du_monde_entier.jpg\" width=\"500\" height=\"256\" align=\"middle\" srcset=\"https:\/\/www.iemj.org\/wp-content\/uploads\/2020\/11\/doc2_berceuses_du_monde_entier.jpg 500w, https:\/\/www.iemj.org\/wp-content\/uploads\/2020\/11\/doc2_berceuses_du_monde_entier-300x154.jpg 300w\" sizes=\"(max-width: 500px) 100vw, 500px\" \/><\/p>\n<p>Questo disco, pubblicato dalla casa discografica <em>Le Chant du Monde<\/em> nel 1995, contiene 15 ninne nanne classiche del folklore francese, yiddish, russo, britannico, africano o creolo. \u00c8 il frutto della collaborazione di artisti prestigiosi : Colette Magny, Naomi Moody, Talila, Marina Vlady e Brenda Wootton.<\/p>\n<p>Che piacere ascoltare questo disco pieno di dolcezza contemplando, nello stesso tempo, i dettagli 3D della custodia interna !<\/p>\n<p><img decoding=\"async\" class=\" aligncenter size-full wp-image-30148\" src=\"https:\/\/www.iemj.org\/wp-content\/uploads\/2020\/11\/doc3_berceuses_du_monde_entier-2.jpg\" alt=\"doc3_berceuses_du_monde_entier-2.jpg\" width=\"1800\" height=\"840\" align=\"middle\" srcset=\"https:\/\/www.iemj.org\/wp-content\/uploads\/2020\/11\/doc3_berceuses_du_monde_entier-2.jpg 1800w, https:\/\/www.iemj.org\/wp-content\/uploads\/2020\/11\/doc3_berceuses_du_monde_entier-2-300x140.jpg 300w, https:\/\/www.iemj.org\/wp-content\/uploads\/2020\/11\/doc3_berceuses_du_monde_entier-2-1024x478.jpg 1024w, https:\/\/www.iemj.org\/wp-content\/uploads\/2020\/11\/doc3_berceuses_du_monde_entier-2-768x358.jpg 768w, https:\/\/www.iemj.org\/wp-content\/uploads\/2020\/11\/doc3_berceuses_du_monde_entier-2-1536x717.jpg 1536w, https:\/\/www.iemj.org\/wp-content\/uploads\/2020\/11\/doc3_berceuses_du_monde_entier-2-600x280.jpg 600w\" sizes=\"(max-width: 1800px) 100vw, 1800px\" \/><\/p>\n\n<div class=\"wp-block-image\">\n<figure class=\"aligncenter size-large\"><img loading=\"lazy\" decoding=\"async\" width=\"1024\" height=\"133\" src=\"https:\/\/www.iemj.org\/wp-content\/uploads\/2024\/03\/AUDIO-PLAYER-1024x133.png\" alt=\"\" class=\"wp-image-110609\" srcset=\"https:\/\/www.iemj.org\/wp-content\/uploads\/2024\/03\/AUDIO-PLAYER-1024x133.png 1024w, https:\/\/www.iemj.org\/wp-content\/uploads\/2024\/03\/AUDIO-PLAYER-300x39.png 300w, https:\/\/www.iemj.org\/wp-content\/uploads\/2024\/03\/AUDIO-PLAYER-768x100.png 768w, https:\/\/www.iemj.org\/wp-content\/uploads\/2024\/03\/AUDIO-PLAYER-600x78.png 600w, https:\/\/www.iemj.org\/wp-content\/uploads\/2024\/03\/AUDIO-PLAYER.png 1210w\" sizes=\"(max-width: 1024px) 100vw, 1024px\" \/><\/figure>\n<\/div>\n\n\n<div class=\"wp-block-file\"><a id=\"wp-block-file--media-8cab5b6c-d2c2-4c53-91e9-da8b5da12feb\" href=\"https:\/\/www.iemj.org\/wp-content\/uploads\/2020\/11\/le_p_tit_quinquin_desrousseaux_-_colette_magny_extrait_.mp3\">1) Le p&#8217;tit Quinquin (Desrousseaux) &#8211; Colette Magny (Extrait)<\/a><\/div>\n\n\n\n<div class=\"wp-block-file\"><a id=\"wp-block-file--media-0db1d880-2102-4ab3-bc47-dd2bd153025d\" href=\"https:\/\/www.iemj.org\/wp-content\/uploads\/2020\/11\/chlof_mein_kind_dors_mon_enfant_-_talila_extrait_.mp3\">2) Chlof mein kind (Dors mon enfant) &#8211; Talila (Extrait)<\/a><\/div>\n\n\n\n<div class=\"wp-block-file\"><a id=\"wp-block-file--media-3e6e32dd-21f8-471e-8c55-1fdb373278db\" href=\"https:\/\/www.iemj.org\/wp-content\/uploads\/2020\/11\/berceuse_cosaque_-_marina_vlady_extrait_.mp3\">3) Berceuse cosaque &#8211; Marina Vlady (Extrait)<\/a><\/div>\n\n\n\n<div class=\"wp-block-file\"><a id=\"wp-block-file--media-a38916de-169e-4256-8815-eb46ab0d5448\" href=\"https:\/\/www.iemj.org\/wp-content\/uploads\/2020\/11\/suo_gan_cradle_song_-_brenda_wootton_extrait_.mp3\">4) Suo Gan (Cradle song) &#8211; Brenda Wootton (Extrait)<\/a><\/div>\n\n\n\n<div class=\"wp-block-file\"><a id=\"wp-block-file--media-ff770f15-d6c9-42af-a282-4a767018f980\" href=\"https:\/\/www.iemj.org\/wp-content\/uploads\/2020\/11\/who_dat_-_naomi_moody_extrait_.mp3\">5) Who dat ? &#8211; Naomi Moody (Extrait)<\/a><\/div>\n","protected":false},"excerpt":{"rendered":"<p>Il disco vinile 33 giri Ninne nanne da tutto il mondo, che sembra piuttosto semplice ed affinato, ha una specificit\u00e0 nascosta: un&#8217;illustrazione in rilievo di\u00a0Henri Galeron. Questo tipo di contenuto<\/p>\n","protected":false},"author":1052,"featured_media":82911,"comment_status":"closed","ping_status":"closed","sticky":false,"template":"","format":"standard","meta":{"_acf_changed":false,"footnotes":""},"categories":[1567],"tags":[],"technique":[],"squelettes":[],"sujet":[],"formation":[],"genre":[],"fonds":[],"tradition":[],"type-de-contenu":[],"interprete-compositeur":[],"frise":[],"type-devenement":[],"tableaux-liens-externes":[],"class_list":["post-82910","post","type-post","status-publish","format-standard","has-post-thumbnail","hentry","category-indispensabili-it"],"acf":[],"yoast_head":"<!-- This site is optimized with the Yoast SEO plugin v27.3 - https:\/\/yoast.com\/product\/yoast-seo-wordpress\/ -->\n<title>Ninne nanne da tutto il mondo - Institut Europ\u00e9en des Musiques Juives<\/title>\n<meta name=\"robots\" content=\"index, follow, max-snippet:-1, max-image-preview:large, max-video-preview:-1\" \/>\n<link rel=\"canonical\" href=\"https:\/\/www.iemj.org\/it\/berceuses-du-monde-entier\/\" \/>\n<meta property=\"og:locale\" content=\"it_IT\" \/>\n<meta property=\"og:type\" content=\"article\" \/>\n<meta property=\"og:title\" content=\"Ninne nanne da tutto il mondo - Institut Europ\u00e9en des Musiques Juives\" \/>\n<meta property=\"og:description\" content=\"Il disco vinile 33 giri Ninne nanne da tutto il mondo, che sembra piuttosto semplice ed affinato, ha una specificit\u00e0 nascosta: un&#8217;illustrazione in rilievo di\u00a0Henri Galeron. Questo tipo di contenuto\" \/>\n<meta property=\"og:url\" content=\"https:\/\/www.iemj.org\/it\/berceuses-du-monde-entier\/\" \/>\n<meta property=\"og:site_name\" content=\"Institut Europ\u00e9en des Musiques Juives\" \/>\n<meta property=\"article:publisher\" content=\"https:\/\/www.facebook.com\/MusiquesJuives\/\" \/>\n<meta property=\"article:published_time\" content=\"2020-11-30T10:08:12+00:00\" \/>\n<meta property=\"article:modified_time\" content=\"2025-10-07T15:10:02+00:00\" \/>\n<meta property=\"og:image\" content=\"https:\/\/www.iemj.org\/wp-content\/uploads\/2020\/11\/arton4927-e1618505992123.jpg\" \/>\n\t<meta property=\"og:image:width\" content=\"350\" \/>\n\t<meta property=\"og:image:height\" content=\"350\" \/>\n\t<meta property=\"og:image:type\" content=\"image\/jpeg\" \/>\n<meta name=\"author\" content=\"Lea Couderc\" \/>\n<meta name=\"twitter:card\" content=\"summary_large_image\" \/>\n<meta name=\"twitter:label1\" content=\"Scritto da\" \/>\n\t<meta name=\"twitter:data1\" content=\"Lea Couderc\" \/>\n\t<meta name=\"twitter:label2\" content=\"Tempo di lettura stimato\" \/>\n\t<meta name=\"twitter:data2\" content=\"2 minuti\" \/>\n<script type=\"application\/ld+json\" class=\"yoast-schema-graph\">{\"@context\":\"https:\\\/\\\/schema.org\",\"@graph\":[{\"@type\":\"Article\",\"@id\":\"https:\\\/\\\/www.iemj.org\\\/it\\\/berceuses-du-monde-entier\\\/#article\",\"isPartOf\":{\"@id\":\"https:\\\/\\\/www.iemj.org\\\/it\\\/berceuses-du-monde-entier\\\/\"},\"author\":{\"name\":\"Lea Couderc\",\"@id\":\"https:\\\/\\\/www.iemj.org\\\/it\\\/#\\\/schema\\\/person\\\/e2ad57f2c4be119c7ed8ab79036807a9\"},\"headline\":\"Ninne nanne da tutto il mondo\",\"datePublished\":\"2020-11-30T10:08:12+00:00\",\"dateModified\":\"2025-10-07T15:10:02+00:00\",\"mainEntityOfPage\":{\"@id\":\"https:\\\/\\\/www.iemj.org\\\/it\\\/berceuses-du-monde-entier\\\/\"},\"wordCount\":164,\"publisher\":{\"@id\":\"https:\\\/\\\/www.iemj.org\\\/it\\\/#organization\"},\"image\":{\"@id\":\"https:\\\/\\\/www.iemj.org\\\/it\\\/berceuses-du-monde-entier\\\/#primaryimage\"},\"thumbnailUrl\":\"https:\\\/\\\/www.iemj.org\\\/wp-content\\\/uploads\\\/2020\\\/11\\\/arton4927-e1618505992123.jpg\",\"articleSection\":[\"Indispensabili\"],\"inLanguage\":\"it-IT\"},{\"@type\":\"WebPage\",\"@id\":\"https:\\\/\\\/www.iemj.org\\\/it\\\/berceuses-du-monde-entier\\\/\",\"url\":\"https:\\\/\\\/www.iemj.org\\\/it\\\/berceuses-du-monde-entier\\\/\",\"name\":\"Ninne nanne da tutto il mondo - Institut Europ\u00e9en des Musiques Juives\",\"isPartOf\":{\"@id\":\"https:\\\/\\\/www.iemj.org\\\/it\\\/#website\"},\"primaryImageOfPage\":{\"@id\":\"https:\\\/\\\/www.iemj.org\\\/it\\\/berceuses-du-monde-entier\\\/#primaryimage\"},\"image\":{\"@id\":\"https:\\\/\\\/www.iemj.org\\\/it\\\/berceuses-du-monde-entier\\\/#primaryimage\"},\"thumbnailUrl\":\"https:\\\/\\\/www.iemj.org\\\/wp-content\\\/uploads\\\/2020\\\/11\\\/arton4927-e1618505992123.jpg\",\"datePublished\":\"2020-11-30T10:08:12+00:00\",\"dateModified\":\"2025-10-07T15:10:02+00:00\",\"breadcrumb\":{\"@id\":\"https:\\\/\\\/www.iemj.org\\\/it\\\/berceuses-du-monde-entier\\\/#breadcrumb\"},\"inLanguage\":\"it-IT\",\"potentialAction\":[{\"@type\":\"ReadAction\",\"target\":[\"https:\\\/\\\/www.iemj.org\\\/it\\\/berceuses-du-monde-entier\\\/\"]}]},{\"@type\":\"ImageObject\",\"inLanguage\":\"it-IT\",\"@id\":\"https:\\\/\\\/www.iemj.org\\\/it\\\/berceuses-du-monde-entier\\\/#primaryimage\",\"url\":\"https:\\\/\\\/www.iemj.org\\\/wp-content\\\/uploads\\\/2020\\\/11\\\/arton4927-e1618505992123.jpg\",\"contentUrl\":\"https:\\\/\\\/www.iemj.org\\\/wp-content\\\/uploads\\\/2020\\\/11\\\/arton4927-e1618505992123.jpg\",\"width\":350,\"height\":350},{\"@type\":\"BreadcrumbList\",\"@id\":\"https:\\\/\\\/www.iemj.org\\\/it\\\/berceuses-du-monde-entier\\\/#breadcrumb\",\"itemListElement\":[{\"@type\":\"ListItem\",\"position\":1,\"name\":\"Accueil\",\"item\":\"https:\\\/\\\/www.iemj.org\\\/it\\\/\"},{\"@type\":\"ListItem\",\"position\":2,\"name\":\"Ninne nanne da tutto il mondo\"}]},{\"@type\":\"WebSite\",\"@id\":\"https:\\\/\\\/www.iemj.org\\\/it\\\/#website\",\"url\":\"https:\\\/\\\/www.iemj.org\\\/it\\\/\",\"name\":\"Institut Europ\u00e9en des Musiques Juives\",\"description\":\"Des traditions musicales \u00e0 la port\u00e9e de tous\",\"publisher\":{\"@id\":\"https:\\\/\\\/www.iemj.org\\\/it\\\/#organization\"},\"potentialAction\":[{\"@type\":\"SearchAction\",\"target\":{\"@type\":\"EntryPoint\",\"urlTemplate\":\"https:\\\/\\\/www.iemj.org\\\/it\\\/?s={search_term_string}\"},\"query-input\":{\"@type\":\"PropertyValueSpecification\",\"valueRequired\":true,\"valueName\":\"search_term_string\"}}],\"inLanguage\":\"it-IT\"},{\"@type\":\"Organization\",\"@id\":\"https:\\\/\\\/www.iemj.org\\\/it\\\/#organization\",\"name\":\"Institut Europ\u00e9en des Musiques Juives\",\"url\":\"https:\\\/\\\/www.iemj.org\\\/it\\\/\",\"logo\":{\"@type\":\"ImageObject\",\"inLanguage\":\"it-IT\",\"@id\":\"https:\\\/\\\/www.iemj.org\\\/it\\\/#\\\/schema\\\/logo\\\/image\\\/\",\"url\":\"https:\\\/\\\/www.iemj.org\\\/wp-content\\\/uploads\\\/2021\\\/09\\\/Logo-IEMJ-Paypal.jpg\",\"contentUrl\":\"https:\\\/\\\/www.iemj.org\\\/wp-content\\\/uploads\\\/2021\\\/09\\\/Logo-IEMJ-Paypal.jpg\",\"width\":150,\"height\":50,\"caption\":\"Institut Europ\u00e9en des Musiques Juives\"},\"image\":{\"@id\":\"https:\\\/\\\/www.iemj.org\\\/it\\\/#\\\/schema\\\/logo\\\/image\\\/\"},\"sameAs\":[\"https:\\\/\\\/www.facebook.com\\\/MusiquesJuives\\\/\",\"https:\\\/\\\/www.instagram.com\\\/musiquesjuives\\\/\",\"https:\\\/\\\/www.youtube.com\\\/user\\\/musiquesjuives\"]},{\"@type\":\"Person\",\"@id\":\"https:\\\/\\\/www.iemj.org\\\/it\\\/#\\\/schema\\\/person\\\/e2ad57f2c4be119c7ed8ab79036807a9\",\"name\":\"Lea Couderc\",\"image\":{\"@type\":\"ImageObject\",\"inLanguage\":\"it-IT\",\"@id\":\"https:\\\/\\\/secure.gravatar.com\\\/avatar\\\/46ee021475d60aeff17a7e490b79dea5a5684bb392ab7fd1494027411df8ba23?s=96&d=mm&r=g\",\"url\":\"https:\\\/\\\/secure.gravatar.com\\\/avatar\\\/46ee021475d60aeff17a7e490b79dea5a5684bb392ab7fd1494027411df8ba23?s=96&d=mm&r=g\",\"contentUrl\":\"https:\\\/\\\/secure.gravatar.com\\\/avatar\\\/46ee021475d60aeff17a7e490b79dea5a5684bb392ab7fd1494027411df8ba23?s=96&d=mm&r=g\",\"caption\":\"Lea Couderc\"}}]}<\/script>\n<!-- \/ Yoast SEO plugin. -->","yoast_head_json":{"title":"Ninne nanne da tutto il mondo - Institut Europ\u00e9en des Musiques Juives","robots":{"index":"index","follow":"follow","max-snippet":"max-snippet:-1","max-image-preview":"max-image-preview:large","max-video-preview":"max-video-preview:-1"},"canonical":"https:\/\/www.iemj.org\/it\/berceuses-du-monde-entier\/","og_locale":"it_IT","og_type":"article","og_title":"Ninne nanne da tutto il mondo - Institut Europ\u00e9en des Musiques Juives","og_description":"Il disco vinile 33 giri Ninne nanne da tutto il mondo, che sembra piuttosto semplice ed affinato, ha una specificit\u00e0 nascosta: un&#8217;illustrazione in rilievo di\u00a0Henri Galeron. Questo tipo di contenuto","og_url":"https:\/\/www.iemj.org\/it\/berceuses-du-monde-entier\/","og_site_name":"Institut Europ\u00e9en des Musiques Juives","article_publisher":"https:\/\/www.facebook.com\/MusiquesJuives\/","article_published_time":"2020-11-30T10:08:12+00:00","article_modified_time":"2025-10-07T15:10:02+00:00","og_image":[{"width":350,"height":350,"url":"https:\/\/www.iemj.org\/wp-content\/uploads\/2020\/11\/arton4927-e1618505992123.jpg","type":"image\/jpeg"}],"author":"Lea Couderc","twitter_card":"summary_large_image","twitter_misc":{"Scritto da":"Lea Couderc","Tempo di lettura stimato":"2 minuti"},"schema":{"@context":"https:\/\/schema.org","@graph":[{"@type":"Article","@id":"https:\/\/www.iemj.org\/it\/berceuses-du-monde-entier\/#article","isPartOf":{"@id":"https:\/\/www.iemj.org\/it\/berceuses-du-monde-entier\/"},"author":{"name":"Lea Couderc","@id":"https:\/\/www.iemj.org\/it\/#\/schema\/person\/e2ad57f2c4be119c7ed8ab79036807a9"},"headline":"Ninne nanne da tutto il mondo","datePublished":"2020-11-30T10:08:12+00:00","dateModified":"2025-10-07T15:10:02+00:00","mainEntityOfPage":{"@id":"https:\/\/www.iemj.org\/it\/berceuses-du-monde-entier\/"},"wordCount":164,"publisher":{"@id":"https:\/\/www.iemj.org\/it\/#organization"},"image":{"@id":"https:\/\/www.iemj.org\/it\/berceuses-du-monde-entier\/#primaryimage"},"thumbnailUrl":"https:\/\/www.iemj.org\/wp-content\/uploads\/2020\/11\/arton4927-e1618505992123.jpg","articleSection":["Indispensabili"],"inLanguage":"it-IT"},{"@type":"WebPage","@id":"https:\/\/www.iemj.org\/it\/berceuses-du-monde-entier\/","url":"https:\/\/www.iemj.org\/it\/berceuses-du-monde-entier\/","name":"Ninne nanne da tutto il mondo - Institut Europ\u00e9en des Musiques Juives","isPartOf":{"@id":"https:\/\/www.iemj.org\/it\/#website"},"primaryImageOfPage":{"@id":"https:\/\/www.iemj.org\/it\/berceuses-du-monde-entier\/#primaryimage"},"image":{"@id":"https:\/\/www.iemj.org\/it\/berceuses-du-monde-entier\/#primaryimage"},"thumbnailUrl":"https:\/\/www.iemj.org\/wp-content\/uploads\/2020\/11\/arton4927-e1618505992123.jpg","datePublished":"2020-11-30T10:08:12+00:00","dateModified":"2025-10-07T15:10:02+00:00","breadcrumb":{"@id":"https:\/\/www.iemj.org\/it\/berceuses-du-monde-entier\/#breadcrumb"},"inLanguage":"it-IT","potentialAction":[{"@type":"ReadAction","target":["https:\/\/www.iemj.org\/it\/berceuses-du-monde-entier\/"]}]},{"@type":"ImageObject","inLanguage":"it-IT","@id":"https:\/\/www.iemj.org\/it\/berceuses-du-monde-entier\/#primaryimage","url":"https:\/\/www.iemj.org\/wp-content\/uploads\/2020\/11\/arton4927-e1618505992123.jpg","contentUrl":"https:\/\/www.iemj.org\/wp-content\/uploads\/2020\/11\/arton4927-e1618505992123.jpg","width":350,"height":350},{"@type":"BreadcrumbList","@id":"https:\/\/www.iemj.org\/it\/berceuses-du-monde-entier\/#breadcrumb","itemListElement":[{"@type":"ListItem","position":1,"name":"Accueil","item":"https:\/\/www.iemj.org\/it\/"},{"@type":"ListItem","position":2,"name":"Ninne nanne da tutto il mondo"}]},{"@type":"WebSite","@id":"https:\/\/www.iemj.org\/it\/#website","url":"https:\/\/www.iemj.org\/it\/","name":"Institut Europ\u00e9en des Musiques Juives","description":"Des traditions musicales \u00e0 la port\u00e9e de tous","publisher":{"@id":"https:\/\/www.iemj.org\/it\/#organization"},"potentialAction":[{"@type":"SearchAction","target":{"@type":"EntryPoint","urlTemplate":"https:\/\/www.iemj.org\/it\/?s={search_term_string}"},"query-input":{"@type":"PropertyValueSpecification","valueRequired":true,"valueName":"search_term_string"}}],"inLanguage":"it-IT"},{"@type":"Organization","@id":"https:\/\/www.iemj.org\/it\/#organization","name":"Institut Europ\u00e9en des Musiques Juives","url":"https:\/\/www.iemj.org\/it\/","logo":{"@type":"ImageObject","inLanguage":"it-IT","@id":"https:\/\/www.iemj.org\/it\/#\/schema\/logo\/image\/","url":"https:\/\/www.iemj.org\/wp-content\/uploads\/2021\/09\/Logo-IEMJ-Paypal.jpg","contentUrl":"https:\/\/www.iemj.org\/wp-content\/uploads\/2021\/09\/Logo-IEMJ-Paypal.jpg","width":150,"height":50,"caption":"Institut Europ\u00e9en des Musiques Juives"},"image":{"@id":"https:\/\/www.iemj.org\/it\/#\/schema\/logo\/image\/"},"sameAs":["https:\/\/www.facebook.com\/MusiquesJuives\/","https:\/\/www.instagram.com\/musiquesjuives\/","https:\/\/www.youtube.com\/user\/musiquesjuives"]},{"@type":"Person","@id":"https:\/\/www.iemj.org\/it\/#\/schema\/person\/e2ad57f2c4be119c7ed8ab79036807a9","name":"Lea Couderc","image":{"@type":"ImageObject","inLanguage":"it-IT","@id":"https:\/\/secure.gravatar.com\/avatar\/46ee021475d60aeff17a7e490b79dea5a5684bb392ab7fd1494027411df8ba23?s=96&d=mm&r=g","url":"https:\/\/secure.gravatar.com\/avatar\/46ee021475d60aeff17a7e490b79dea5a5684bb392ab7fd1494027411df8ba23?s=96&d=mm&r=g","contentUrl":"https:\/\/secure.gravatar.com\/avatar\/46ee021475d60aeff17a7e490b79dea5a5684bb392ab7fd1494027411df8ba23?s=96&d=mm&r=g","caption":"Lea Couderc"}}]}},"_links":{"self":[{"href":"https:\/\/www.iemj.org\/it\/wp-json\/wp\/v2\/posts\/82910","targetHints":{"allow":["GET"]}}],"collection":[{"href":"https:\/\/www.iemj.org\/it\/wp-json\/wp\/v2\/posts"}],"about":[{"href":"https:\/\/www.iemj.org\/it\/wp-json\/wp\/v2\/types\/post"}],"author":[{"embeddable":true,"href":"https:\/\/www.iemj.org\/it\/wp-json\/wp\/v2\/users\/1052"}],"replies":[{"embeddable":true,"href":"https:\/\/www.iemj.org\/it\/wp-json\/wp\/v2\/comments?post=82910"}],"version-history":[{"count":1,"href":"https:\/\/www.iemj.org\/it\/wp-json\/wp\/v2\/posts\/82910\/revisions"}],"predecessor-version":[{"id":126479,"href":"https:\/\/www.iemj.org\/it\/wp-json\/wp\/v2\/posts\/82910\/revisions\/126479"}],"wp:featuredmedia":[{"embeddable":true,"href":"https:\/\/www.iemj.org\/it\/wp-json\/wp\/v2\/media\/82911"}],"wp:attachment":[{"href":"https:\/\/www.iemj.org\/it\/wp-json\/wp\/v2\/media?parent=82910"}],"wp:term":[{"taxonomy":"category","embeddable":true,"href":"https:\/\/www.iemj.org\/it\/wp-json\/wp\/v2\/categories?post=82910"},{"taxonomy":"post_tag","embeddable":true,"href":"https:\/\/www.iemj.org\/it\/wp-json\/wp\/v2\/tags?post=82910"},{"taxonomy":"technique","embeddable":true,"href":"https:\/\/www.iemj.org\/it\/wp-json\/wp\/v2\/technique?post=82910"},{"taxonomy":"squelettes","embeddable":true,"href":"https:\/\/www.iemj.org\/it\/wp-json\/wp\/v2\/squelettes?post=82910"},{"taxonomy":"sujet","embeddable":true,"href":"https:\/\/www.iemj.org\/it\/wp-json\/wp\/v2\/sujet?post=82910"},{"taxonomy":"formation","embeddable":true,"href":"https:\/\/www.iemj.org\/it\/wp-json\/wp\/v2\/formation?post=82910"},{"taxonomy":"genre","embeddable":true,"href":"https:\/\/www.iemj.org\/it\/wp-json\/wp\/v2\/genre?post=82910"},{"taxonomy":"fonds","embeddable":true,"href":"https:\/\/www.iemj.org\/it\/wp-json\/wp\/v2\/fonds?post=82910"},{"taxonomy":"tradition","embeddable":true,"href":"https:\/\/www.iemj.org\/it\/wp-json\/wp\/v2\/tradition?post=82910"},{"taxonomy":"type-de-contenu","embeddable":true,"href":"https:\/\/www.iemj.org\/it\/wp-json\/wp\/v2\/type-de-contenu?post=82910"},{"taxonomy":"interprete-compositeur","embeddable":true,"href":"https:\/\/www.iemj.org\/it\/wp-json\/wp\/v2\/interprete-compositeur?post=82910"},{"taxonomy":"frise","embeddable":true,"href":"https:\/\/www.iemj.org\/it\/wp-json\/wp\/v2\/frise?post=82910"},{"taxonomy":"type-devenement","embeddable":true,"href":"https:\/\/www.iemj.org\/it\/wp-json\/wp\/v2\/type-devenement?post=82910"},{"taxonomy":"tableaux-liens-externes","embeddable":true,"href":"https:\/\/www.iemj.org\/it\/wp-json\/wp\/v2\/tableaux-liens-externes?post=82910"}],"curies":[{"name":"wp","href":"https:\/\/api.w.org\/{rel}","templated":true}]}}