{"id":82976,"date":"2018-09-17T12:09:20","date_gmt":"2018-09-17T10:09:20","guid":{"rendered":"https:\/\/www.iemj.org\/recueil-des-chants-hebraiques-anciens-et-modernes\/"},"modified":"2022-09-22T10:06:53","modified_gmt":"2022-09-22T08:06:53","slug":"recueil-des-chants-hebraiques-anciens-et-modernes","status":"publish","type":"post","link":"https:\/\/www.iemj.org\/it\/recueil-des-chants-hebraiques-anciens-et-modernes\/","title":{"rendered":"Recueil des Chants H\u00e9bra\u00efques du rite S\u00e9fardi, dit portugais"},"content":{"rendered":"<p><em><strong>Raccolta di Canti Ebraici di rito S\u00e9fardita, detto portoghese<\/strong><\/em><\/p>\n<p>Questa raccolta di spartiti di 1\u200e4\u200e6 pagine fu compilata e annotata nel maggio 1928 da Salomon Foy, direttore del Coro del Tempio Ebraico di Bordeaux, su iniziativa del Gran Rabbino di Bordeaux, Joseph Cohen e pubblicata dal concistoro israelita della Gironda.<\/p>\n<p>Si tratta di una raccolta di spartiti relativi alle funzioni dello Shabbat e dei giorni di festa, un vero e proprio monumento della musica religiosa sefardita.<\/p>\n<p>Salomon Foy ha annotato musicalmente tutte queste vecchie melodie secondo la tradizione portoghese in uso da pi\u00f9 di un secolo nella comunit\u00e0 di Bordeaux.<\/p>\n<p>Alla fine di questa raccolta, troviamo delle arie meno conosciute della generazione attuale, le Bacachot che sono dei canti liturgici recitati prima della preghiera del mattino.<\/p>\n<p><strong>Scoprite pi\u00f9 avanti un estratto di questa raccolta:<\/strong><\/p>\n<div style=\"text-align: center;\">\n<p><iframe style=\"margin: 0 auto;\" src=\"\/\/v.calameo.com\/?bkcode=004612749442db665cc9e&amp;mode=mini\" width=\"480\" height=\"300\" frameborder=\"0\" scrolling=\"no\" allowfullscreen=\"allowfullscreen\"><\/iframe><\/p>\n<div style=\"margin: 4px 0px 8px;\"><a href=\"http:\/\/www.calameo.com\/\" target=\"_blank\" rel=\"noopener noreferrer\">Leggere altre pubblicazioni su Calam\u00e9o<br \/>\n<\/a><\/div>\n<\/div>\n<p><a href=\"https:\/\/www.iemj.org\/it\/manuel-detude-et-dapplication-de-la-liturgie-hebraique-du-rite-sefardi-dit-portugais\/\" target=\"_blank\" rel=\"noopener\">Consultate anche il manuale per lo studio e l&#8217;applicazione della liturgia ebraica di rito sefardita detto portoghese, registrato e compilato da Gilbert L\u00e9on<\/a><\/p>\n","protected":false},"excerpt":{"rendered":"<p>Raccolta di Canti Ebraici di rito S\u00e9fardita, detto portoghese Questa raccolta di spartiti di 1\u200e4\u200e6 pagine fu compilata e annotata nel maggio 1928 da Salomon Foy, direttore del Coro del<\/p>\n","protected":false},"author":1052,"featured_media":82977,"comment_status":"closed","ping_status":"open","sticky":false,"template":"","format":"standard","meta":{"_acf_changed":false,"footnotes":""},"categories":[1567],"tags":[],"technique":[],"squelettes":[],"sujet":[],"formation":[],"genre":[1892],"fonds":[],"tradition":[1974],"type-de-contenu":[],"interprete-compositeur":[],"frise":[],"type-devenement":[],"tableaux-liens-externes":[],"class_list":["post-82976","post","type-post","status-publish","format-standard","has-post-thumbnail","hentry","category-indispensabili-it","genre-liturgia-it","tradition-rito-giudeo-portoghese-it"],"acf":[],"yoast_head":"<!-- This site is optimized with the Yoast SEO plugin v27.3 - https:\/\/yoast.com\/product\/yoast-seo-wordpress\/ -->\n<title>Recueil des Chants H\u00e9bra\u00efques du rite S\u00e9fardi, dit portugais - Institut Europ\u00e9en des Musiques Juives<\/title>\n<meta name=\"robots\" content=\"index, follow, max-snippet:-1, max-image-preview:large, max-video-preview:-1\" \/>\n<link rel=\"canonical\" href=\"https:\/\/www.iemj.org\/it\/recueil-des-chants-hebraiques-anciens-et-modernes\/\" \/>\n<meta property=\"og:locale\" content=\"it_IT\" \/>\n<meta property=\"og:type\" content=\"article\" \/>\n<meta property=\"og:title\" content=\"Recueil des Chants H\u00e9bra\u00efques du rite S\u00e9fardi, dit portugais - Institut Europ\u00e9en des Musiques Juives\" \/>\n<meta property=\"og:description\" content=\"Raccolta di Canti Ebraici di rito S\u00e9fardita, detto portoghese Questa raccolta di spartiti di 1\u200e4\u200e6 pagine fu compilata e annotata nel maggio 1928 da Salomon Foy, direttore del Coro del\" \/>\n<meta property=\"og:url\" content=\"https:\/\/www.iemj.org\/it\/recueil-des-chants-hebraiques-anciens-et-modernes\/\" \/>\n<meta property=\"og:site_name\" content=\"Institut Europ\u00e9en des Musiques Juives\" \/>\n<meta property=\"article:publisher\" content=\"https:\/\/www.facebook.com\/MusiquesJuives\/\" \/>\n<meta property=\"article:published_time\" content=\"2018-09-17T10:09:20+00:00\" \/>\n<meta property=\"article:modified_time\" content=\"2022-09-22T08:06:53+00:00\" \/>\n<meta property=\"og:image\" content=\"https:\/\/www.iemj.org\/wp-content\/uploads\/2018\/09\/arton3616-e1618597681540.jpg\" \/>\n\t<meta property=\"og:image:width\" content=\"350\" \/>\n\t<meta property=\"og:image:height\" content=\"326\" \/>\n\t<meta property=\"og:image:type\" content=\"image\/jpeg\" \/>\n<meta name=\"author\" content=\"Lea Couderc\" \/>\n<meta name=\"twitter:card\" content=\"summary_large_image\" \/>\n<meta name=\"twitter:label1\" content=\"Scritto da\" \/>\n\t<meta name=\"twitter:data1\" content=\"Lea Couderc\" \/>\n\t<meta name=\"twitter:label2\" content=\"Tempo di lettura stimato\" \/>\n\t<meta name=\"twitter:data2\" content=\"1 minuto\" \/>\n<script type=\"application\/ld+json\" class=\"yoast-schema-graph\">{\"@context\":\"https:\\\/\\\/schema.org\",\"@graph\":[{\"@type\":\"Article\",\"@id\":\"https:\\\/\\\/www.iemj.org\\\/it\\\/recueil-des-chants-hebraiques-anciens-et-modernes\\\/#article\",\"isPartOf\":{\"@id\":\"https:\\\/\\\/www.iemj.org\\\/it\\\/recueil-des-chants-hebraiques-anciens-et-modernes\\\/\"},\"author\":{\"name\":\"Lea Couderc\",\"@id\":\"https:\\\/\\\/www.iemj.org\\\/it\\\/#\\\/schema\\\/person\\\/e2ad57f2c4be119c7ed8ab79036807a9\"},\"headline\":\"Recueil des Chants H\u00e9bra\u00efques du rite S\u00e9fardi, dit portugais\",\"datePublished\":\"2018-09-17T10:09:20+00:00\",\"dateModified\":\"2022-09-22T08:06:53+00:00\",\"mainEntityOfPage\":{\"@id\":\"https:\\\/\\\/www.iemj.org\\\/it\\\/recueil-des-chants-hebraiques-anciens-et-modernes\\\/\"},\"wordCount\":176,\"publisher\":{\"@id\":\"https:\\\/\\\/www.iemj.org\\\/it\\\/#organization\"},\"image\":{\"@id\":\"https:\\\/\\\/www.iemj.org\\\/it\\\/recueil-des-chants-hebraiques-anciens-et-modernes\\\/#primaryimage\"},\"thumbnailUrl\":\"https:\\\/\\\/www.iemj.org\\\/wp-content\\\/uploads\\\/2018\\\/09\\\/arton3616-e1618597681540.jpg\",\"articleSection\":[\"Indispensabili\"],\"inLanguage\":\"it-IT\"},{\"@type\":\"WebPage\",\"@id\":\"https:\\\/\\\/www.iemj.org\\\/it\\\/recueil-des-chants-hebraiques-anciens-et-modernes\\\/\",\"url\":\"https:\\\/\\\/www.iemj.org\\\/it\\\/recueil-des-chants-hebraiques-anciens-et-modernes\\\/\",\"name\":\"Recueil des Chants H\u00e9bra\u00efques du rite S\u00e9fardi, dit portugais - Institut Europ\u00e9en des Musiques Juives\",\"isPartOf\":{\"@id\":\"https:\\\/\\\/www.iemj.org\\\/it\\\/#website\"},\"primaryImageOfPage\":{\"@id\":\"https:\\\/\\\/www.iemj.org\\\/it\\\/recueil-des-chants-hebraiques-anciens-et-modernes\\\/#primaryimage\"},\"image\":{\"@id\":\"https:\\\/\\\/www.iemj.org\\\/it\\\/recueil-des-chants-hebraiques-anciens-et-modernes\\\/#primaryimage\"},\"thumbnailUrl\":\"https:\\\/\\\/www.iemj.org\\\/wp-content\\\/uploads\\\/2018\\\/09\\\/arton3616-e1618597681540.jpg\",\"datePublished\":\"2018-09-17T10:09:20+00:00\",\"dateModified\":\"2022-09-22T08:06:53+00:00\",\"breadcrumb\":{\"@id\":\"https:\\\/\\\/www.iemj.org\\\/it\\\/recueil-des-chants-hebraiques-anciens-et-modernes\\\/#breadcrumb\"},\"inLanguage\":\"it-IT\",\"potentialAction\":[{\"@type\":\"ReadAction\",\"target\":[\"https:\\\/\\\/www.iemj.org\\\/it\\\/recueil-des-chants-hebraiques-anciens-et-modernes\\\/\"]}]},{\"@type\":\"ImageObject\",\"inLanguage\":\"it-IT\",\"@id\":\"https:\\\/\\\/www.iemj.org\\\/it\\\/recueil-des-chants-hebraiques-anciens-et-modernes\\\/#primaryimage\",\"url\":\"https:\\\/\\\/www.iemj.org\\\/wp-content\\\/uploads\\\/2018\\\/09\\\/arton3616-e1618597681540.jpg\",\"contentUrl\":\"https:\\\/\\\/www.iemj.org\\\/wp-content\\\/uploads\\\/2018\\\/09\\\/arton3616-e1618597681540.jpg\",\"width\":350,\"height\":326},{\"@type\":\"BreadcrumbList\",\"@id\":\"https:\\\/\\\/www.iemj.org\\\/it\\\/recueil-des-chants-hebraiques-anciens-et-modernes\\\/#breadcrumb\",\"itemListElement\":[{\"@type\":\"ListItem\",\"position\":1,\"name\":\"Accueil\",\"item\":\"https:\\\/\\\/www.iemj.org\\\/it\\\/\"},{\"@type\":\"ListItem\",\"position\":2,\"name\":\"Recueil des Chants H\u00e9bra\u00efques du rite S\u00e9fardi, dit portugais\"}]},{\"@type\":\"WebSite\",\"@id\":\"https:\\\/\\\/www.iemj.org\\\/it\\\/#website\",\"url\":\"https:\\\/\\\/www.iemj.org\\\/it\\\/\",\"name\":\"Institut Europ\u00e9en des Musiques Juives\",\"description\":\"Des traditions musicales \u00e0 la port\u00e9e de tous\",\"publisher\":{\"@id\":\"https:\\\/\\\/www.iemj.org\\\/it\\\/#organization\"},\"potentialAction\":[{\"@type\":\"SearchAction\",\"target\":{\"@type\":\"EntryPoint\",\"urlTemplate\":\"https:\\\/\\\/www.iemj.org\\\/it\\\/?s={search_term_string}\"},\"query-input\":{\"@type\":\"PropertyValueSpecification\",\"valueRequired\":true,\"valueName\":\"search_term_string\"}}],\"inLanguage\":\"it-IT\"},{\"@type\":\"Organization\",\"@id\":\"https:\\\/\\\/www.iemj.org\\\/it\\\/#organization\",\"name\":\"Institut Europ\u00e9en des Musiques Juives\",\"url\":\"https:\\\/\\\/www.iemj.org\\\/it\\\/\",\"logo\":{\"@type\":\"ImageObject\",\"inLanguage\":\"it-IT\",\"@id\":\"https:\\\/\\\/www.iemj.org\\\/it\\\/#\\\/schema\\\/logo\\\/image\\\/\",\"url\":\"https:\\\/\\\/www.iemj.org\\\/wp-content\\\/uploads\\\/2021\\\/09\\\/Logo-IEMJ-Paypal.jpg\",\"contentUrl\":\"https:\\\/\\\/www.iemj.org\\\/wp-content\\\/uploads\\\/2021\\\/09\\\/Logo-IEMJ-Paypal.jpg\",\"width\":150,\"height\":50,\"caption\":\"Institut Europ\u00e9en des Musiques Juives\"},\"image\":{\"@id\":\"https:\\\/\\\/www.iemj.org\\\/it\\\/#\\\/schema\\\/logo\\\/image\\\/\"},\"sameAs\":[\"https:\\\/\\\/www.facebook.com\\\/MusiquesJuives\\\/\",\"https:\\\/\\\/www.instagram.com\\\/musiquesjuives\\\/\",\"https:\\\/\\\/www.youtube.com\\\/user\\\/musiquesjuives\"]},{\"@type\":\"Person\",\"@id\":\"https:\\\/\\\/www.iemj.org\\\/it\\\/#\\\/schema\\\/person\\\/e2ad57f2c4be119c7ed8ab79036807a9\",\"name\":\"Lea Couderc\",\"image\":{\"@type\":\"ImageObject\",\"inLanguage\":\"it-IT\",\"@id\":\"https:\\\/\\\/secure.gravatar.com\\\/avatar\\\/46ee021475d60aeff17a7e490b79dea5a5684bb392ab7fd1494027411df8ba23?s=96&d=mm&r=g\",\"url\":\"https:\\\/\\\/secure.gravatar.com\\\/avatar\\\/46ee021475d60aeff17a7e490b79dea5a5684bb392ab7fd1494027411df8ba23?s=96&d=mm&r=g\",\"contentUrl\":\"https:\\\/\\\/secure.gravatar.com\\\/avatar\\\/46ee021475d60aeff17a7e490b79dea5a5684bb392ab7fd1494027411df8ba23?s=96&d=mm&r=g\",\"caption\":\"Lea Couderc\"}}]}<\/script>\n<!-- \/ Yoast SEO plugin. -->","yoast_head_json":{"title":"Recueil des Chants H\u00e9bra\u00efques du rite S\u00e9fardi, dit portugais - Institut Europ\u00e9en des Musiques Juives","robots":{"index":"index","follow":"follow","max-snippet":"max-snippet:-1","max-image-preview":"max-image-preview:large","max-video-preview":"max-video-preview:-1"},"canonical":"https:\/\/www.iemj.org\/it\/recueil-des-chants-hebraiques-anciens-et-modernes\/","og_locale":"it_IT","og_type":"article","og_title":"Recueil des Chants H\u00e9bra\u00efques du rite S\u00e9fardi, dit portugais - Institut Europ\u00e9en des Musiques Juives","og_description":"Raccolta di Canti Ebraici di rito S\u00e9fardita, detto portoghese Questa raccolta di spartiti di 1\u200e4\u200e6 pagine fu compilata e annotata nel maggio 1928 da Salomon Foy, direttore del Coro del","og_url":"https:\/\/www.iemj.org\/it\/recueil-des-chants-hebraiques-anciens-et-modernes\/","og_site_name":"Institut Europ\u00e9en des Musiques Juives","article_publisher":"https:\/\/www.facebook.com\/MusiquesJuives\/","article_published_time":"2018-09-17T10:09:20+00:00","article_modified_time":"2022-09-22T08:06:53+00:00","og_image":[{"width":350,"height":326,"url":"https:\/\/www.iemj.org\/wp-content\/uploads\/2018\/09\/arton3616-e1618597681540.jpg","type":"image\/jpeg"}],"author":"Lea Couderc","twitter_card":"summary_large_image","twitter_misc":{"Scritto da":"Lea Couderc","Tempo di lettura stimato":"1 minuto"},"schema":{"@context":"https:\/\/schema.org","@graph":[{"@type":"Article","@id":"https:\/\/www.iemj.org\/it\/recueil-des-chants-hebraiques-anciens-et-modernes\/#article","isPartOf":{"@id":"https:\/\/www.iemj.org\/it\/recueil-des-chants-hebraiques-anciens-et-modernes\/"},"author":{"name":"Lea Couderc","@id":"https:\/\/www.iemj.org\/it\/#\/schema\/person\/e2ad57f2c4be119c7ed8ab79036807a9"},"headline":"Recueil des Chants H\u00e9bra\u00efques du rite S\u00e9fardi, dit portugais","datePublished":"2018-09-17T10:09:20+00:00","dateModified":"2022-09-22T08:06:53+00:00","mainEntityOfPage":{"@id":"https:\/\/www.iemj.org\/it\/recueil-des-chants-hebraiques-anciens-et-modernes\/"},"wordCount":176,"publisher":{"@id":"https:\/\/www.iemj.org\/it\/#organization"},"image":{"@id":"https:\/\/www.iemj.org\/it\/recueil-des-chants-hebraiques-anciens-et-modernes\/#primaryimage"},"thumbnailUrl":"https:\/\/www.iemj.org\/wp-content\/uploads\/2018\/09\/arton3616-e1618597681540.jpg","articleSection":["Indispensabili"],"inLanguage":"it-IT"},{"@type":"WebPage","@id":"https:\/\/www.iemj.org\/it\/recueil-des-chants-hebraiques-anciens-et-modernes\/","url":"https:\/\/www.iemj.org\/it\/recueil-des-chants-hebraiques-anciens-et-modernes\/","name":"Recueil des Chants H\u00e9bra\u00efques du rite S\u00e9fardi, dit portugais - Institut Europ\u00e9en des Musiques Juives","isPartOf":{"@id":"https:\/\/www.iemj.org\/it\/#website"},"primaryImageOfPage":{"@id":"https:\/\/www.iemj.org\/it\/recueil-des-chants-hebraiques-anciens-et-modernes\/#primaryimage"},"image":{"@id":"https:\/\/www.iemj.org\/it\/recueil-des-chants-hebraiques-anciens-et-modernes\/#primaryimage"},"thumbnailUrl":"https:\/\/www.iemj.org\/wp-content\/uploads\/2018\/09\/arton3616-e1618597681540.jpg","datePublished":"2018-09-17T10:09:20+00:00","dateModified":"2022-09-22T08:06:53+00:00","breadcrumb":{"@id":"https:\/\/www.iemj.org\/it\/recueil-des-chants-hebraiques-anciens-et-modernes\/#breadcrumb"},"inLanguage":"it-IT","potentialAction":[{"@type":"ReadAction","target":["https:\/\/www.iemj.org\/it\/recueil-des-chants-hebraiques-anciens-et-modernes\/"]}]},{"@type":"ImageObject","inLanguage":"it-IT","@id":"https:\/\/www.iemj.org\/it\/recueil-des-chants-hebraiques-anciens-et-modernes\/#primaryimage","url":"https:\/\/www.iemj.org\/wp-content\/uploads\/2018\/09\/arton3616-e1618597681540.jpg","contentUrl":"https:\/\/www.iemj.org\/wp-content\/uploads\/2018\/09\/arton3616-e1618597681540.jpg","width":350,"height":326},{"@type":"BreadcrumbList","@id":"https:\/\/www.iemj.org\/it\/recueil-des-chants-hebraiques-anciens-et-modernes\/#breadcrumb","itemListElement":[{"@type":"ListItem","position":1,"name":"Accueil","item":"https:\/\/www.iemj.org\/it\/"},{"@type":"ListItem","position":2,"name":"Recueil des Chants H\u00e9bra\u00efques du rite S\u00e9fardi, dit portugais"}]},{"@type":"WebSite","@id":"https:\/\/www.iemj.org\/it\/#website","url":"https:\/\/www.iemj.org\/it\/","name":"Institut Europ\u00e9en des Musiques Juives","description":"Des traditions musicales \u00e0 la port\u00e9e de tous","publisher":{"@id":"https:\/\/www.iemj.org\/it\/#organization"},"potentialAction":[{"@type":"SearchAction","target":{"@type":"EntryPoint","urlTemplate":"https:\/\/www.iemj.org\/it\/?s={search_term_string}"},"query-input":{"@type":"PropertyValueSpecification","valueRequired":true,"valueName":"search_term_string"}}],"inLanguage":"it-IT"},{"@type":"Organization","@id":"https:\/\/www.iemj.org\/it\/#organization","name":"Institut Europ\u00e9en des Musiques Juives","url":"https:\/\/www.iemj.org\/it\/","logo":{"@type":"ImageObject","inLanguage":"it-IT","@id":"https:\/\/www.iemj.org\/it\/#\/schema\/logo\/image\/","url":"https:\/\/www.iemj.org\/wp-content\/uploads\/2021\/09\/Logo-IEMJ-Paypal.jpg","contentUrl":"https:\/\/www.iemj.org\/wp-content\/uploads\/2021\/09\/Logo-IEMJ-Paypal.jpg","width":150,"height":50,"caption":"Institut Europ\u00e9en des Musiques Juives"},"image":{"@id":"https:\/\/www.iemj.org\/it\/#\/schema\/logo\/image\/"},"sameAs":["https:\/\/www.facebook.com\/MusiquesJuives\/","https:\/\/www.instagram.com\/musiquesjuives\/","https:\/\/www.youtube.com\/user\/musiquesjuives"]},{"@type":"Person","@id":"https:\/\/www.iemj.org\/it\/#\/schema\/person\/e2ad57f2c4be119c7ed8ab79036807a9","name":"Lea Couderc","image":{"@type":"ImageObject","inLanguage":"it-IT","@id":"https:\/\/secure.gravatar.com\/avatar\/46ee021475d60aeff17a7e490b79dea5a5684bb392ab7fd1494027411df8ba23?s=96&d=mm&r=g","url":"https:\/\/secure.gravatar.com\/avatar\/46ee021475d60aeff17a7e490b79dea5a5684bb392ab7fd1494027411df8ba23?s=96&d=mm&r=g","contentUrl":"https:\/\/secure.gravatar.com\/avatar\/46ee021475d60aeff17a7e490b79dea5a5684bb392ab7fd1494027411df8ba23?s=96&d=mm&r=g","caption":"Lea Couderc"}}]}},"_links":{"self":[{"href":"https:\/\/www.iemj.org\/it\/wp-json\/wp\/v2\/posts\/82976","targetHints":{"allow":["GET"]}}],"collection":[{"href":"https:\/\/www.iemj.org\/it\/wp-json\/wp\/v2\/posts"}],"about":[{"href":"https:\/\/www.iemj.org\/it\/wp-json\/wp\/v2\/types\/post"}],"author":[{"embeddable":true,"href":"https:\/\/www.iemj.org\/it\/wp-json\/wp\/v2\/users\/1052"}],"replies":[{"embeddable":true,"href":"https:\/\/www.iemj.org\/it\/wp-json\/wp\/v2\/comments?post=82976"}],"version-history":[{"count":0,"href":"https:\/\/www.iemj.org\/it\/wp-json\/wp\/v2\/posts\/82976\/revisions"}],"wp:featuredmedia":[{"embeddable":true,"href":"https:\/\/www.iemj.org\/it\/wp-json\/wp\/v2\/media\/82977"}],"wp:attachment":[{"href":"https:\/\/www.iemj.org\/it\/wp-json\/wp\/v2\/media?parent=82976"}],"wp:term":[{"taxonomy":"category","embeddable":true,"href":"https:\/\/www.iemj.org\/it\/wp-json\/wp\/v2\/categories?post=82976"},{"taxonomy":"post_tag","embeddable":true,"href":"https:\/\/www.iemj.org\/it\/wp-json\/wp\/v2\/tags?post=82976"},{"taxonomy":"technique","embeddable":true,"href":"https:\/\/www.iemj.org\/it\/wp-json\/wp\/v2\/technique?post=82976"},{"taxonomy":"squelettes","embeddable":true,"href":"https:\/\/www.iemj.org\/it\/wp-json\/wp\/v2\/squelettes?post=82976"},{"taxonomy":"sujet","embeddable":true,"href":"https:\/\/www.iemj.org\/it\/wp-json\/wp\/v2\/sujet?post=82976"},{"taxonomy":"formation","embeddable":true,"href":"https:\/\/www.iemj.org\/it\/wp-json\/wp\/v2\/formation?post=82976"},{"taxonomy":"genre","embeddable":true,"href":"https:\/\/www.iemj.org\/it\/wp-json\/wp\/v2\/genre?post=82976"},{"taxonomy":"fonds","embeddable":true,"href":"https:\/\/www.iemj.org\/it\/wp-json\/wp\/v2\/fonds?post=82976"},{"taxonomy":"tradition","embeddable":true,"href":"https:\/\/www.iemj.org\/it\/wp-json\/wp\/v2\/tradition?post=82976"},{"taxonomy":"type-de-contenu","embeddable":true,"href":"https:\/\/www.iemj.org\/it\/wp-json\/wp\/v2\/type-de-contenu?post=82976"},{"taxonomy":"interprete-compositeur","embeddable":true,"href":"https:\/\/www.iemj.org\/it\/wp-json\/wp\/v2\/interprete-compositeur?post=82976"},{"taxonomy":"frise","embeddable":true,"href":"https:\/\/www.iemj.org\/it\/wp-json\/wp\/v2\/frise?post=82976"},{"taxonomy":"type-devenement","embeddable":true,"href":"https:\/\/www.iemj.org\/it\/wp-json\/wp\/v2\/type-devenement?post=82976"},{"taxonomy":"tableaux-liens-externes","embeddable":true,"href":"https:\/\/www.iemj.org\/it\/wp-json\/wp\/v2\/tableaux-liens-externes?post=82976"}],"curies":[{"name":"wp","href":"https:\/\/api.w.org\/{rel}","templated":true}]}}