{"id":82982,"date":"2018-07-04T13:00:55","date_gmt":"2018-07-04T11:00:55","guid":{"rendered":"https:\/\/www.iemj.org\/dzigan-shumacher\/"},"modified":"2025-12-29T13:11:56","modified_gmt":"2025-12-29T12:11:56","slug":"dzigan-shumacher","status":"publish","type":"post","link":"https:\/\/www.iemj.org\/it\/dzigan-shumacher\/","title":{"rendered":"Dzigan &#038; Shumacher"},"content":{"rendered":"<p>Gli archivi dell&#8217;IEMJ contengono molte registrazioni del famoso duo comico yiddish <a href=\"https:\/\/www.iemj.org\/it\/dzigan-et-shumacher\/\">Dzigan et Shumacher<\/a>.<\/p>\n<p>Shimen (Szymon) Dzigan e Yisroel Shumacher (o Szumacher), nati rispettivamente nel 1905 e nel 1908, nacquero entrambi a \u0141\u00f3d\u017a, dove ha vissuto dalla fine del XIX secolo alla Seconda Guerra mondiale la pi\u00f9 importante comunit\u00e0 ebraica polacca, dopo Varsavia.<\/p>\n<p>Le registrazioni, pubblicate sotto l&#8217;etichetta OSI, sono principalmente nella forma 33 giri ma vi sono anche alcuni 78 giri, \u00ab super 45 giri\u00a0\u00bb&#8221; (durata maggiore) e audiocassette. Le copertine dei dischi, di una composizione piuttosto minimalista, si assomigliano tutte, con solo il colore di sfondo che cambia da una all&#8217;altra.<\/p>\n<p><img fetchpriority=\"high\" decoding=\"async\" class=\" aligncenter  wp-image-20342\" src=\"https:\/\/www.iemj.org\/wp-content\/uploads\/2018\/07\/doc_dzigan_500px.jpg\" alt=\"doc_dzigan_500px.jpg\" width=\"675\" height=\"403\" align=\"middle\" srcset=\"https:\/\/www.iemj.org\/wp-content\/uploads\/2018\/07\/doc_dzigan_500px.jpg 500w, https:\/\/www.iemj.org\/wp-content\/uploads\/2018\/07\/doc_dzigan_500px-300x179.jpg 300w\" sizes=\"(max-width: 675px) 100vw, 675px\" \/><em>(Non sono dei comici che fanno soltanto ridere, il loro umorismo ha un fondo sociale, un animo profondo, una portata morale.)<\/em><\/p>\n<p>Ciascuno dei due artisti incarna un personaggio distinto: Dzigan \u00e8 loquace, nervoso e piagnucoloso mentre Shumacher \u00e8 pi\u00f9 flemmatico e datore di ammaestamenti\/lezioni.<\/p>\n<p><img decoding=\"async\" class=\"wp-image-20344 aligncenter\" src=\"https:\/\/www.iemj.org\/wp-content\/uploads\/2018\/07\/dzigan_2.jpg\" alt=\"dzigan_2.jpg\" width=\"490\" height=\"178\" align=\"middle\" srcset=\"https:\/\/www.iemj.org\/wp-content\/uploads\/2018\/07\/dzigan_2.jpg 627w, https:\/\/www.iemj.org\/wp-content\/uploads\/2018\/07\/dzigan_2-300x109.jpg 300w, https:\/\/www.iemj.org\/wp-content\/uploads\/2018\/07\/dzigan_2-600x217.jpg 600w\" sizes=\"(max-width: 490px) 100vw, 490px\" \/><\/p>\n<p><img decoding=\"async\" class=\"wp-image-20346 aligncenter\" src=\"https:\/\/www.iemj.org\/wp-content\/uploads\/2018\/07\/dzigan_heb.jpg\" alt=\"dzigan_heb.jpg\" width=\"489\" height=\"68\" align=\"middle\" srcset=\"https:\/\/www.iemj.org\/wp-content\/uploads\/2018\/07\/dzigan_heb.jpg 541w, https:\/\/www.iemj.org\/wp-content\/uploads\/2018\/07\/dzigan_heb-300x42.jpg 300w\" sizes=\"(max-width: 489px) 100vw, 489px\" \/><\/p>\n<p>Queste registrazioni sono rivolte a un pubblico di lingua yiddish.<\/p>\n<p>Ma per coloro che non capiscono lo yiddish, ascoltarle con le loro intonazioni caratteristiche pu\u00f2 far venire voglia di imparare questa lingua e quindi apprezzare questo umorismo direttamente arrivato dallo yiddishland.<\/p>\n<p><a href=\"https:\/\/www.iemj.org\/it\/dzigan-et-shumacher\/\" target=\"_blank\" rel=\"noopener\">Leggere le loro biografie<\/a><br \/><a href=\"http:\/\/www.rachelnet.net\/F\/?func=find-c&amp;ccl_term=WRD%3Ddzigan+et+Szumacher&amp;local_base=cfmcg&amp;x=0&amp;y=0\" target=\"_blank\" rel=\"noopener\">Consultare i documenti catalogati riguardanti Dzigan e Shumacher<\/a><\/p>\n\n\n<h2 class=\"wp-block-heading\"><\/h2>\n\n\n<div class=\"wp-block-image\">\n<figure class=\"aligncenter size-large\"><img loading=\"lazy\" decoding=\"async\" width=\"1024\" height=\"133\" src=\"https:\/\/www.iemj.org\/wp-content\/uploads\/2024\/03\/AUDIO-PLAYER-1024x133.png\" alt=\"\" class=\"wp-image-110609\" srcset=\"https:\/\/www.iemj.org\/wp-content\/uploads\/2024\/03\/AUDIO-PLAYER-1024x133.png 1024w, https:\/\/www.iemj.org\/wp-content\/uploads\/2024\/03\/AUDIO-PLAYER-300x39.png 300w, https:\/\/www.iemj.org\/wp-content\/uploads\/2024\/03\/AUDIO-PLAYER-768x100.png 768w, https:\/\/www.iemj.org\/wp-content\/uploads\/2024\/03\/AUDIO-PLAYER-600x78.png 600w, https:\/\/www.iemj.org\/wp-content\/uploads\/2024\/03\/AUDIO-PLAYER.png 1210w\" sizes=\"(max-width: 1024px) 100vw, 1024px\" \/><\/figure>\n<\/div>\n\n\n<div class=\"wp-block-file\"><a id=\"wp-block-file--media-5fc6b4df-27eb-4163-bd60-1d7b3c2ec563\" href=\"https:\/\/www.iemj.org\/wp-content\/uploads\/2018\/07\/einstein_waynstein_extrait_.mp3\">Einstein Waynstein (Extrait)<\/a><\/div>\n\n\n\n<div class=\"wp-block-file\"><a id=\"wp-block-file--media-72b37380-5f80-4f06-87eb-b4581414befa\" href=\"https:\/\/www.iemj.org\/wp-content\/uploads\/2018\/07\/vifl_ir_farshteyt_extrait_.mp3\">Vifl ir farshteyt (Extrait)<\/a><\/div>\n\n\n\n<p><\/p>\n","protected":false},"excerpt":{"rendered":"<p>Gli archivi dell&#8217;IEMJ contengono molte registrazioni del famoso duo comico yiddish Dzigan et Shumacher. Shimen (Szymon) Dzigan e Yisroel Shumacher (o Szumacher), nati rispettivamente nel 1905 e nel 1908, nacquero<\/p>\n","protected":false},"author":1052,"featured_media":128630,"comment_status":"closed","ping_status":"closed","sticky":false,"template":"","format":"standard","meta":{"_acf_changed":false,"footnotes":""},"categories":[1567],"tags":[],"technique":[],"squelettes":[],"sujet":[],"formation":[],"genre":[],"fonds":[],"tradition":[],"type-de-contenu":[],"interprete-compositeur":[],"frise":[],"type-devenement":[],"tableaux-liens-externes":[],"class_list":["post-82982","post","type-post","status-publish","format-standard","has-post-thumbnail","hentry","category-indispensabili-it"],"acf":[],"yoast_head":"<!-- This site is optimized with the Yoast SEO plugin v27.3 - https:\/\/yoast.com\/product\/yoast-seo-wordpress\/ -->\n<title>Dzigan &amp; Shumacher - Institut Europ\u00e9en des Musiques Juives<\/title>\n<meta name=\"robots\" content=\"index, follow, max-snippet:-1, max-image-preview:large, max-video-preview:-1\" \/>\n<link rel=\"canonical\" href=\"https:\/\/www.iemj.org\/it\/dzigan-shumacher\/\" \/>\n<meta property=\"og:locale\" content=\"it_IT\" \/>\n<meta property=\"og:type\" content=\"article\" \/>\n<meta property=\"og:title\" content=\"Dzigan &amp; Shumacher - Institut Europ\u00e9en des Musiques Juives\" \/>\n<meta property=\"og:description\" content=\"Gli archivi dell&#8217;IEMJ contengono molte registrazioni del famoso duo comico yiddish Dzigan et Shumacher. Shimen (Szymon) Dzigan e Yisroel Shumacher (o Szumacher), nati rispettivamente nel 1905 e nel 1908, nacquero\" \/>\n<meta property=\"og:url\" content=\"https:\/\/www.iemj.org\/it\/dzigan-shumacher\/\" \/>\n<meta property=\"og:site_name\" content=\"Institut Europ\u00e9en des Musiques Juives\" \/>\n<meta property=\"article:publisher\" content=\"https:\/\/www.facebook.com\/MusiquesJuives\/\" \/>\n<meta property=\"article:published_time\" content=\"2018-07-04T11:00:55+00:00\" \/>\n<meta property=\"article:modified_time\" content=\"2025-12-29T12:11:56+00:00\" \/>\n<meta property=\"og:image\" content=\"https:\/\/www.iemj.org\/wp-content\/uploads\/2018\/07\/Logo-Dzigan-Shumacher.jpg\" \/>\n\t<meta property=\"og:image:width\" content=\"500\" \/>\n\t<meta property=\"og:image:height\" content=\"500\" \/>\n\t<meta property=\"og:image:type\" content=\"image\/jpeg\" \/>\n<meta name=\"author\" content=\"Lea Couderc\" \/>\n<meta name=\"twitter:card\" content=\"summary_large_image\" \/>\n<meta name=\"twitter:label1\" content=\"Scritto da\" \/>\n\t<meta name=\"twitter:data1\" content=\"Lea Couderc\" \/>\n\t<meta name=\"twitter:label2\" content=\"Tempo di lettura stimato\" \/>\n\t<meta name=\"twitter:data2\" content=\"3 minuti\" \/>\n<script type=\"application\/ld+json\" class=\"yoast-schema-graph\">{\"@context\":\"https:\\\/\\\/schema.org\",\"@graph\":[{\"@type\":\"Article\",\"@id\":\"https:\\\/\\\/www.iemj.org\\\/it\\\/dzigan-shumacher\\\/#article\",\"isPartOf\":{\"@id\":\"https:\\\/\\\/www.iemj.org\\\/it\\\/dzigan-shumacher\\\/\"},\"author\":{\"name\":\"Lea Couderc\",\"@id\":\"https:\\\/\\\/www.iemj.org\\\/it\\\/#\\\/schema\\\/person\\\/e2ad57f2c4be119c7ed8ab79036807a9\"},\"headline\":\"Dzigan &#038; Shumacher\",\"datePublished\":\"2018-07-04T11:00:55+00:00\",\"dateModified\":\"2025-12-29T12:11:56+00:00\",\"mainEntityOfPage\":{\"@id\":\"https:\\\/\\\/www.iemj.org\\\/it\\\/dzigan-shumacher\\\/\"},\"wordCount\":205,\"publisher\":{\"@id\":\"https:\\\/\\\/www.iemj.org\\\/it\\\/#organization\"},\"image\":{\"@id\":\"https:\\\/\\\/www.iemj.org\\\/it\\\/dzigan-shumacher\\\/#primaryimage\"},\"thumbnailUrl\":\"https:\\\/\\\/www.iemj.org\\\/wp-content\\\/uploads\\\/2018\\\/07\\\/Logo-Dzigan-Shumacher.jpg\",\"articleSection\":[\"Indispensabili\"],\"inLanguage\":\"it-IT\"},{\"@type\":\"WebPage\",\"@id\":\"https:\\\/\\\/www.iemj.org\\\/it\\\/dzigan-shumacher\\\/\",\"url\":\"https:\\\/\\\/www.iemj.org\\\/it\\\/dzigan-shumacher\\\/\",\"name\":\"Dzigan & Shumacher - Institut Europ\u00e9en des Musiques Juives\",\"isPartOf\":{\"@id\":\"https:\\\/\\\/www.iemj.org\\\/it\\\/#website\"},\"primaryImageOfPage\":{\"@id\":\"https:\\\/\\\/www.iemj.org\\\/it\\\/dzigan-shumacher\\\/#primaryimage\"},\"image\":{\"@id\":\"https:\\\/\\\/www.iemj.org\\\/it\\\/dzigan-shumacher\\\/#primaryimage\"},\"thumbnailUrl\":\"https:\\\/\\\/www.iemj.org\\\/wp-content\\\/uploads\\\/2018\\\/07\\\/Logo-Dzigan-Shumacher.jpg\",\"datePublished\":\"2018-07-04T11:00:55+00:00\",\"dateModified\":\"2025-12-29T12:11:56+00:00\",\"breadcrumb\":{\"@id\":\"https:\\\/\\\/www.iemj.org\\\/it\\\/dzigan-shumacher\\\/#breadcrumb\"},\"inLanguage\":\"it-IT\",\"potentialAction\":[{\"@type\":\"ReadAction\",\"target\":[\"https:\\\/\\\/www.iemj.org\\\/it\\\/dzigan-shumacher\\\/\"]}]},{\"@type\":\"ImageObject\",\"inLanguage\":\"it-IT\",\"@id\":\"https:\\\/\\\/www.iemj.org\\\/it\\\/dzigan-shumacher\\\/#primaryimage\",\"url\":\"https:\\\/\\\/www.iemj.org\\\/wp-content\\\/uploads\\\/2018\\\/07\\\/Logo-Dzigan-Shumacher.jpg\",\"contentUrl\":\"https:\\\/\\\/www.iemj.org\\\/wp-content\\\/uploads\\\/2018\\\/07\\\/Logo-Dzigan-Shumacher.jpg\",\"width\":500,\"height\":500},{\"@type\":\"BreadcrumbList\",\"@id\":\"https:\\\/\\\/www.iemj.org\\\/it\\\/dzigan-shumacher\\\/#breadcrumb\",\"itemListElement\":[{\"@type\":\"ListItem\",\"position\":1,\"name\":\"Accueil\",\"item\":\"https:\\\/\\\/www.iemj.org\\\/it\\\/\"},{\"@type\":\"ListItem\",\"position\":2,\"name\":\"Dzigan &#038; Shumacher\"}]},{\"@type\":\"WebSite\",\"@id\":\"https:\\\/\\\/www.iemj.org\\\/it\\\/#website\",\"url\":\"https:\\\/\\\/www.iemj.org\\\/it\\\/\",\"name\":\"Institut Europ\u00e9en des Musiques Juives\",\"description\":\"Des traditions musicales \u00e0 la port\u00e9e de tous\",\"publisher\":{\"@id\":\"https:\\\/\\\/www.iemj.org\\\/it\\\/#organization\"},\"potentialAction\":[{\"@type\":\"SearchAction\",\"target\":{\"@type\":\"EntryPoint\",\"urlTemplate\":\"https:\\\/\\\/www.iemj.org\\\/it\\\/?s={search_term_string}\"},\"query-input\":{\"@type\":\"PropertyValueSpecification\",\"valueRequired\":true,\"valueName\":\"search_term_string\"}}],\"inLanguage\":\"it-IT\"},{\"@type\":\"Organization\",\"@id\":\"https:\\\/\\\/www.iemj.org\\\/it\\\/#organization\",\"name\":\"Institut Europ\u00e9en des Musiques Juives\",\"url\":\"https:\\\/\\\/www.iemj.org\\\/it\\\/\",\"logo\":{\"@type\":\"ImageObject\",\"inLanguage\":\"it-IT\",\"@id\":\"https:\\\/\\\/www.iemj.org\\\/it\\\/#\\\/schema\\\/logo\\\/image\\\/\",\"url\":\"https:\\\/\\\/www.iemj.org\\\/wp-content\\\/uploads\\\/2021\\\/09\\\/Logo-IEMJ-Paypal.jpg\",\"contentUrl\":\"https:\\\/\\\/www.iemj.org\\\/wp-content\\\/uploads\\\/2021\\\/09\\\/Logo-IEMJ-Paypal.jpg\",\"width\":150,\"height\":50,\"caption\":\"Institut Europ\u00e9en des Musiques Juives\"},\"image\":{\"@id\":\"https:\\\/\\\/www.iemj.org\\\/it\\\/#\\\/schema\\\/logo\\\/image\\\/\"},\"sameAs\":[\"https:\\\/\\\/www.facebook.com\\\/MusiquesJuives\\\/\",\"https:\\\/\\\/www.instagram.com\\\/musiquesjuives\\\/\",\"https:\\\/\\\/www.youtube.com\\\/user\\\/musiquesjuives\"]},{\"@type\":\"Person\",\"@id\":\"https:\\\/\\\/www.iemj.org\\\/it\\\/#\\\/schema\\\/person\\\/e2ad57f2c4be119c7ed8ab79036807a9\",\"name\":\"Lea Couderc\",\"image\":{\"@type\":\"ImageObject\",\"inLanguage\":\"it-IT\",\"@id\":\"https:\\\/\\\/secure.gravatar.com\\\/avatar\\\/46ee021475d60aeff17a7e490b79dea5a5684bb392ab7fd1494027411df8ba23?s=96&d=mm&r=g\",\"url\":\"https:\\\/\\\/secure.gravatar.com\\\/avatar\\\/46ee021475d60aeff17a7e490b79dea5a5684bb392ab7fd1494027411df8ba23?s=96&d=mm&r=g\",\"contentUrl\":\"https:\\\/\\\/secure.gravatar.com\\\/avatar\\\/46ee021475d60aeff17a7e490b79dea5a5684bb392ab7fd1494027411df8ba23?s=96&d=mm&r=g\",\"caption\":\"Lea Couderc\"}}]}<\/script>\n<!-- \/ Yoast SEO plugin. -->","yoast_head_json":{"title":"Dzigan & Shumacher - Institut Europ\u00e9en des Musiques Juives","robots":{"index":"index","follow":"follow","max-snippet":"max-snippet:-1","max-image-preview":"max-image-preview:large","max-video-preview":"max-video-preview:-1"},"canonical":"https:\/\/www.iemj.org\/it\/dzigan-shumacher\/","og_locale":"it_IT","og_type":"article","og_title":"Dzigan & Shumacher - Institut Europ\u00e9en des Musiques Juives","og_description":"Gli archivi dell&#8217;IEMJ contengono molte registrazioni del famoso duo comico yiddish Dzigan et Shumacher. Shimen (Szymon) Dzigan e Yisroel Shumacher (o Szumacher), nati rispettivamente nel 1905 e nel 1908, nacquero","og_url":"https:\/\/www.iemj.org\/it\/dzigan-shumacher\/","og_site_name":"Institut Europ\u00e9en des Musiques Juives","article_publisher":"https:\/\/www.facebook.com\/MusiquesJuives\/","article_published_time":"2018-07-04T11:00:55+00:00","article_modified_time":"2025-12-29T12:11:56+00:00","og_image":[{"width":500,"height":500,"url":"https:\/\/www.iemj.org\/wp-content\/uploads\/2018\/07\/Logo-Dzigan-Shumacher.jpg","type":"image\/jpeg"}],"author":"Lea Couderc","twitter_card":"summary_large_image","twitter_misc":{"Scritto da":"Lea Couderc","Tempo di lettura stimato":"3 minuti"},"schema":{"@context":"https:\/\/schema.org","@graph":[{"@type":"Article","@id":"https:\/\/www.iemj.org\/it\/dzigan-shumacher\/#article","isPartOf":{"@id":"https:\/\/www.iemj.org\/it\/dzigan-shumacher\/"},"author":{"name":"Lea Couderc","@id":"https:\/\/www.iemj.org\/it\/#\/schema\/person\/e2ad57f2c4be119c7ed8ab79036807a9"},"headline":"Dzigan &#038; Shumacher","datePublished":"2018-07-04T11:00:55+00:00","dateModified":"2025-12-29T12:11:56+00:00","mainEntityOfPage":{"@id":"https:\/\/www.iemj.org\/it\/dzigan-shumacher\/"},"wordCount":205,"publisher":{"@id":"https:\/\/www.iemj.org\/it\/#organization"},"image":{"@id":"https:\/\/www.iemj.org\/it\/dzigan-shumacher\/#primaryimage"},"thumbnailUrl":"https:\/\/www.iemj.org\/wp-content\/uploads\/2018\/07\/Logo-Dzigan-Shumacher.jpg","articleSection":["Indispensabili"],"inLanguage":"it-IT"},{"@type":"WebPage","@id":"https:\/\/www.iemj.org\/it\/dzigan-shumacher\/","url":"https:\/\/www.iemj.org\/it\/dzigan-shumacher\/","name":"Dzigan & Shumacher - Institut Europ\u00e9en des Musiques Juives","isPartOf":{"@id":"https:\/\/www.iemj.org\/it\/#website"},"primaryImageOfPage":{"@id":"https:\/\/www.iemj.org\/it\/dzigan-shumacher\/#primaryimage"},"image":{"@id":"https:\/\/www.iemj.org\/it\/dzigan-shumacher\/#primaryimage"},"thumbnailUrl":"https:\/\/www.iemj.org\/wp-content\/uploads\/2018\/07\/Logo-Dzigan-Shumacher.jpg","datePublished":"2018-07-04T11:00:55+00:00","dateModified":"2025-12-29T12:11:56+00:00","breadcrumb":{"@id":"https:\/\/www.iemj.org\/it\/dzigan-shumacher\/#breadcrumb"},"inLanguage":"it-IT","potentialAction":[{"@type":"ReadAction","target":["https:\/\/www.iemj.org\/it\/dzigan-shumacher\/"]}]},{"@type":"ImageObject","inLanguage":"it-IT","@id":"https:\/\/www.iemj.org\/it\/dzigan-shumacher\/#primaryimage","url":"https:\/\/www.iemj.org\/wp-content\/uploads\/2018\/07\/Logo-Dzigan-Shumacher.jpg","contentUrl":"https:\/\/www.iemj.org\/wp-content\/uploads\/2018\/07\/Logo-Dzigan-Shumacher.jpg","width":500,"height":500},{"@type":"BreadcrumbList","@id":"https:\/\/www.iemj.org\/it\/dzigan-shumacher\/#breadcrumb","itemListElement":[{"@type":"ListItem","position":1,"name":"Accueil","item":"https:\/\/www.iemj.org\/it\/"},{"@type":"ListItem","position":2,"name":"Dzigan &#038; Shumacher"}]},{"@type":"WebSite","@id":"https:\/\/www.iemj.org\/it\/#website","url":"https:\/\/www.iemj.org\/it\/","name":"Institut Europ\u00e9en des Musiques Juives","description":"Des traditions musicales \u00e0 la port\u00e9e de tous","publisher":{"@id":"https:\/\/www.iemj.org\/it\/#organization"},"potentialAction":[{"@type":"SearchAction","target":{"@type":"EntryPoint","urlTemplate":"https:\/\/www.iemj.org\/it\/?s={search_term_string}"},"query-input":{"@type":"PropertyValueSpecification","valueRequired":true,"valueName":"search_term_string"}}],"inLanguage":"it-IT"},{"@type":"Organization","@id":"https:\/\/www.iemj.org\/it\/#organization","name":"Institut Europ\u00e9en des Musiques Juives","url":"https:\/\/www.iemj.org\/it\/","logo":{"@type":"ImageObject","inLanguage":"it-IT","@id":"https:\/\/www.iemj.org\/it\/#\/schema\/logo\/image\/","url":"https:\/\/www.iemj.org\/wp-content\/uploads\/2021\/09\/Logo-IEMJ-Paypal.jpg","contentUrl":"https:\/\/www.iemj.org\/wp-content\/uploads\/2021\/09\/Logo-IEMJ-Paypal.jpg","width":150,"height":50,"caption":"Institut Europ\u00e9en des Musiques Juives"},"image":{"@id":"https:\/\/www.iemj.org\/it\/#\/schema\/logo\/image\/"},"sameAs":["https:\/\/www.facebook.com\/MusiquesJuives\/","https:\/\/www.instagram.com\/musiquesjuives\/","https:\/\/www.youtube.com\/user\/musiquesjuives"]},{"@type":"Person","@id":"https:\/\/www.iemj.org\/it\/#\/schema\/person\/e2ad57f2c4be119c7ed8ab79036807a9","name":"Lea Couderc","image":{"@type":"ImageObject","inLanguage":"it-IT","@id":"https:\/\/secure.gravatar.com\/avatar\/46ee021475d60aeff17a7e490b79dea5a5684bb392ab7fd1494027411df8ba23?s=96&d=mm&r=g","url":"https:\/\/secure.gravatar.com\/avatar\/46ee021475d60aeff17a7e490b79dea5a5684bb392ab7fd1494027411df8ba23?s=96&d=mm&r=g","contentUrl":"https:\/\/secure.gravatar.com\/avatar\/46ee021475d60aeff17a7e490b79dea5a5684bb392ab7fd1494027411df8ba23?s=96&d=mm&r=g","caption":"Lea Couderc"}}]}},"_links":{"self":[{"href":"https:\/\/www.iemj.org\/it\/wp-json\/wp\/v2\/posts\/82982","targetHints":{"allow":["GET"]}}],"collection":[{"href":"https:\/\/www.iemj.org\/it\/wp-json\/wp\/v2\/posts"}],"about":[{"href":"https:\/\/www.iemj.org\/it\/wp-json\/wp\/v2\/types\/post"}],"author":[{"embeddable":true,"href":"https:\/\/www.iemj.org\/it\/wp-json\/wp\/v2\/users\/1052"}],"replies":[{"embeddable":true,"href":"https:\/\/www.iemj.org\/it\/wp-json\/wp\/v2\/comments?post=82982"}],"version-history":[{"count":1,"href":"https:\/\/www.iemj.org\/it\/wp-json\/wp\/v2\/posts\/82982\/revisions"}],"predecessor-version":[{"id":128634,"href":"https:\/\/www.iemj.org\/it\/wp-json\/wp\/v2\/posts\/82982\/revisions\/128634"}],"wp:featuredmedia":[{"embeddable":true,"href":"https:\/\/www.iemj.org\/it\/wp-json\/wp\/v2\/media\/128630"}],"wp:attachment":[{"href":"https:\/\/www.iemj.org\/it\/wp-json\/wp\/v2\/media?parent=82982"}],"wp:term":[{"taxonomy":"category","embeddable":true,"href":"https:\/\/www.iemj.org\/it\/wp-json\/wp\/v2\/categories?post=82982"},{"taxonomy":"post_tag","embeddable":true,"href":"https:\/\/www.iemj.org\/it\/wp-json\/wp\/v2\/tags?post=82982"},{"taxonomy":"technique","embeddable":true,"href":"https:\/\/www.iemj.org\/it\/wp-json\/wp\/v2\/technique?post=82982"},{"taxonomy":"squelettes","embeddable":true,"href":"https:\/\/www.iemj.org\/it\/wp-json\/wp\/v2\/squelettes?post=82982"},{"taxonomy":"sujet","embeddable":true,"href":"https:\/\/www.iemj.org\/it\/wp-json\/wp\/v2\/sujet?post=82982"},{"taxonomy":"formation","embeddable":true,"href":"https:\/\/www.iemj.org\/it\/wp-json\/wp\/v2\/formation?post=82982"},{"taxonomy":"genre","embeddable":true,"href":"https:\/\/www.iemj.org\/it\/wp-json\/wp\/v2\/genre?post=82982"},{"taxonomy":"fonds","embeddable":true,"href":"https:\/\/www.iemj.org\/it\/wp-json\/wp\/v2\/fonds?post=82982"},{"taxonomy":"tradition","embeddable":true,"href":"https:\/\/www.iemj.org\/it\/wp-json\/wp\/v2\/tradition?post=82982"},{"taxonomy":"type-de-contenu","embeddable":true,"href":"https:\/\/www.iemj.org\/it\/wp-json\/wp\/v2\/type-de-contenu?post=82982"},{"taxonomy":"interprete-compositeur","embeddable":true,"href":"https:\/\/www.iemj.org\/it\/wp-json\/wp\/v2\/interprete-compositeur?post=82982"},{"taxonomy":"frise","embeddable":true,"href":"https:\/\/www.iemj.org\/it\/wp-json\/wp\/v2\/frise?post=82982"},{"taxonomy":"type-devenement","embeddable":true,"href":"https:\/\/www.iemj.org\/it\/wp-json\/wp\/v2\/type-devenement?post=82982"},{"taxonomy":"tableaux-liens-externes","embeddable":true,"href":"https:\/\/www.iemj.org\/it\/wp-json\/wp\/v2\/tableaux-liens-externes?post=82982"}],"curies":[{"name":"wp","href":"https:\/\/api.w.org\/{rel}","templated":true}]}}