{"id":83111,"date":"2022-04-18T18:24:12","date_gmt":"2022-04-18T16:24:12","guid":{"rendered":"https:\/\/www.iemj.org\/piattelli-elio-1910-2001\/"},"modified":"2022-04-21T10:04:48","modified_gmt":"2022-04-21T08:04:48","slug":"piattelli-elio-1910-2001","status":"publish","type":"post","link":"https:\/\/www.iemj.org\/it\/piattelli-elio-1910-2001\/","title":{"rendered":"Piattelli, Elio (1910-2001)"},"content":{"rendered":"<p>Nato a Roma il 30 maggio 1910, Elio Piattelli si laurea in Lettere all&#8217;Universit\u00e0 di Roma nel 1931 con il massimo dei voti \u201c110 su 110\u201d. Studia con il M\u00b0 Cesare Dobici (1873-1944) e si diploma in composizione al Conservatorio Santa Cecilia di Roma nel 1941. Nello stesso anno partecipa al concorso della Regia Accademia Filarmonica Romana con due opere per coro. Sempre nel 1941, la sua opera teatrale in quattro atti, <em>In\u00e9s de Su\u00e0rez<\/em> (libretto di G. Guerra) \u00e8 rappresentata a Santiago del Cile in occasione del quarto centenario della fondazione della citt\u00e0 di Santiago.<\/p>\n<p>Nell&#8217;immediato dopoguerra Piattelli \u00e8 stato maestro responsabile del Coro del Politeama di Palermo. Ha tenuto corsi di canto liturgico in ebraico in Italia (Roma, Palestrina, Torino, Milano, Firenze, Napoli\u2026) ed in Francia (Abbazia di S\u00e9nanque presso Avignone, Saint-Louis a Parigi, Strasburgo).<\/p>\n<p>Maestro del Coro del Tempio Maggiore di Roma, dal 1948 al 1984, ha animato la vita liturgica sinagogale con il Coro che cantava melodie di tradizione orale dei diversi riti della comunit\u00e0 ebraica romana e composizioni di sue melodie per liturgia delle feste e per le feste ebraiche. Tutte queste produzioni musicali, letterarie e musicologiche sono conservate in 44 raccoglitori che costituiscono il Fondo Piattelli presso l&#8217;<a href=\"https:\/\/ibimus.eu\/tour\" target=\"_blank\" rel=\"noopener\">IBIMUS<\/a> a Roma, grazie all\u2019ospitalit\u00e0 del prof. Giancarlo Rostirola, all\u2019interesse appassionato del M\u00b0 Lino Bianchi (1920-2013), alla donazione della figlia, dott.ssa Daniela Piattelli, e al lavoro di prima catalogazione del prof. Pasquale Tro\u00eca.<\/p>\n<p><img fetchpriority=\"high\" decoding=\"async\" class=\"size-full wp-image-83008 alignright\" src=\"https:\/\/www.iemj.org\/wp-content\/uploads\/2022\/04\/canti-liturgici-Piattelli_COUV-redim.jpg\" alt=\"\" width=\"219\" height=\"300\" \/>Nel corso della sua lunga carriera, le attivit\u00e0 di Elio Piattelli si sono svolte in almeno quattro ambiti specifici:<\/p>\n<ol>\n<li><strong>La trascrizione dei canti di tradizione orale <\/strong>dalla viva voce degli anziani chazzan\u00eem dei diversi riti e tradizioni ebraiche italiane (attivit\u00e0 continuata fino agli ultimi anni della sua vita).<\/li>\n<li><strong>La composizione di canti<\/strong> che rinnovano il senso ed il valore delle tradizioni vocali liturgiche ebraiche, canti che ancora oggi sono eseguiti dal Coro del Tempio Maggiore di Roma.<\/li>\n<li><strong>Un\u2019attivit\u00e0 ed una produzione letteraria<\/strong> di traduttore, facilitate dalla sua conoscenza dell&#8217;ebraico e delle lingue europee (molti lo ricordano ancora come insegnante di inglese) e da quella versatilit\u00e0 narrativa al semplice ed al sintetico che gli conferiva il suo carattere.<\/li>\n<li><strong>Un&#8217;attivit\u00e0 ed una produzione musicologica<\/strong>: Maestro del Coro del Tempio Maggiore di Roma, dal 1948 al 1984, ha animato la vita liturgica sinagogale (e non solo) con il Coro che \u2013 come sopra indicato \u2013 cantava melodie di tradizione orale dei diversi riti della comunit\u00e0 ebraica romana e composizioni di sue melodie per la liturgia delle feste e per le feste ebraiche.<\/li>\n<\/ol>\n<p>Ha inoltre pubblicato 4 raccolte di canti liturgici basati su trascrizioni fatte dai vari fautori della tradizione orale ebraica italiana:<\/p>\n<ul>\n<li><em>Canti liturgici ebraici di rito italiano <\/em>(Liturgical Jewish Chants of the Italian Rite), trascritti e commentati da E. Piattelli Edizioni De Santis, Rome 1967;<\/li>\n<li><em>Canti liturgici ebraici del Piemonte <\/em>(Jewish Liturgical Chants from Piedmont), E. trascritti e commentati da Piattelli, Edizioni De Santis, Rome 1986;<\/li>\n<li><em>Canti liturgici di rito spagnolo del Tempio Israelitico di Firenze <\/em>(Liturgical Chants of the Sephardic Rite of the Israelite Temple in Florence), trascritti e commentati da E. Piattelli, Editrice La Giuntina, Florence 1992;<\/li>\n<li><em>Canti liturgici ebraici di rito spagnolo di Roma <\/em>(Jewish Liturgical Chants of the Sephardi Rite of Rome) trascritti da Elio Piattelli (edited by P. Tro\u00eca), Fondazione Istituto Italiano per la Storia della Musica, Rome 2003-5763.<\/li>\n<\/ul>\n<p>Elio Piattelli muore a Roma il 13 gennaio 2001.<\/p>\n<p><strong>Fonti:<\/strong><\/p>\n<p>Giacomo BAROFFIO, Pasquale TROIA, <em>Elio Piattelli in memoriam<\/em>, <em>Rivista Liturgica<\/em>, anno LXXXVIII, Terza serie, n\u00b0 5 settembre-ottobre 2001, 669-677. Prossimamante altre informazioni in P. TROIA, <em>Canti del Tempio Maggiore di Roma<\/em>, tomo II, Gangemi Editore, Roma, 2022.<\/p>\n<p><a href=\"https:\/\/jewish-music.huji.ac.il\/content\/elio-piattelli\" target=\"_blank\" rel=\"noopener\">Scopri di pi\u00f9 su Elio Piattelli<\/a><\/p>\n<p><a href=\"https:\/\/www.shalom.it\/blog\/editoriali-bc9\/il-ma-elio-piattelli-un-ricordo-ed-una-testimonianza-nel-ventesimo-della-sua-scomparsa-b1105351\" target=\"_blank\" rel=\"noopener\">Leggere l&#8217;articolo Il M\u00b0 Elio Piattelli: un ricordo ed una testimonianza nel ventesimo della sua scomparsa (<em>Elio Piattelli: Un ricordo e una testimonianza nel ventesimo anniversario della sua morte<\/em>)<\/a><\/p>\n<p><a href=\"https:\/\/www.pasqualetroia.it\/\" target=\"_blank\" rel=\"noopener\">Scopri di pi\u00f9 su Pasquale Tro\u00eca<\/a><\/p>\n\n\n<figure class=\"wp-block-embed is-type-video is-provider-youtube wp-block-embed-youtube wp-embed-aspect-16-9 wp-has-aspect-ratio\"><div class=\"wp-block-embed__wrapper\">\n<iframe title=\"Elio Piattelli - Quartetto d&#039;archi - Canti liturgici di rito italiano - Roma, dicembre 2000\" width=\"640\" height=\"360\" src=\"https:\/\/www.youtube.com\/embed\/P7-bSF39qiE?feature=oembed\" frameborder=\"0\" allow=\"accelerometer; autoplay; clipboard-write; encrypted-media; gyroscope; picture-in-picture; web-share\" referrerpolicy=\"strict-origin-when-cross-origin\" allowfullscreen><\/iframe>\n<\/div><figcaption><strong><em>Quartetto per archi<\/em> di Elio Piatelli, con motivi tratti da melodie liturgiche ebraiche di rito italiano<\/strong><\/figcaption><\/figure>\n","protected":false},"excerpt":{"rendered":"<p>Nato a Roma il 30 maggio 1910, Elio Piattelli si laurea in Lettere all&#8217;Universit\u00e0 di Roma nel 1931 con il massimo dei voti \u201c110 su 110\u201d. Studia con il M\u00b0<\/p>\n","protected":false},"author":5,"featured_media":83002,"comment_status":"closed","ping_status":"closed","sticky":false,"template":"","format":"standard","meta":{"_acf_changed":false,"footnotes":""},"categories":[1416],"tags":[2091],"technique":[],"squelettes":[],"sujet":[],"formation":[],"genre":[],"fonds":[],"tradition":[],"type-de-contenu":[],"interprete-compositeur":[],"frise":[],"type-devenement":[],"tableaux-liens-externes":[],"class_list":["post-83111","post","type-post","status-publish","format-standard","has-post-thumbnail","hentry","category-biografie-it","tag-italia-it"],"acf":[],"yoast_head":"<!-- This site is optimized with the Yoast SEO plugin v27.3 - https:\/\/yoast.com\/product\/yoast-seo-wordpress\/ -->\n<title>Piattelli, Elio (1910-2001) - Institut Europ\u00e9en des Musiques Juives<\/title>\n<meta name=\"robots\" content=\"index, follow, max-snippet:-1, max-image-preview:large, max-video-preview:-1\" \/>\n<link rel=\"canonical\" href=\"https:\/\/www.iemj.org\/it\/piattelli-elio-1910-2001\/\" \/>\n<meta property=\"og:locale\" content=\"it_IT\" \/>\n<meta property=\"og:type\" content=\"article\" \/>\n<meta property=\"og:title\" content=\"Piattelli, Elio (1910-2001) - Institut Europ\u00e9en des Musiques Juives\" \/>\n<meta property=\"og:description\" content=\"Nato a Roma il 30 maggio 1910, Elio Piattelli si laurea in Lettere all&#8217;Universit\u00e0 di Roma nel 1931 con il massimo dei voti \u201c110 su 110\u201d. Studia con il M\u00b0\" \/>\n<meta property=\"og:url\" content=\"https:\/\/www.iemj.org\/it\/piattelli-elio-1910-2001\/\" \/>\n<meta property=\"og:site_name\" content=\"Institut Europ\u00e9en des Musiques Juives\" \/>\n<meta property=\"article:publisher\" content=\"https:\/\/www.facebook.com\/MusiquesJuives\/\" \/>\n<meta property=\"article:published_time\" content=\"2022-04-18T16:24:12+00:00\" \/>\n<meta property=\"article:modified_time\" content=\"2022-04-21T08:04:48+00:00\" \/>\n<meta property=\"og:image\" content=\"https:\/\/www.iemj.org\/wp-content\/uploads\/2022\/04\/Logo-Bio-Piattelli-1.png\" \/>\n\t<meta property=\"og:image:width\" content=\"172\" \/>\n\t<meta property=\"og:image:height\" content=\"218\" \/>\n\t<meta property=\"og:image:type\" content=\"image\/png\" \/>\n<meta name=\"author\" content=\"Jacqueline ROTEN\" \/>\n<meta name=\"twitter:card\" content=\"summary_large_image\" \/>\n<meta name=\"twitter:label1\" content=\"Scritto da\" \/>\n\t<meta name=\"twitter:data1\" content=\"Jacqueline ROTEN\" \/>\n\t<meta name=\"twitter:label2\" content=\"Tempo di lettura stimato\" \/>\n\t<meta name=\"twitter:data2\" content=\"4 minuti\" \/>\n<script type=\"application\/ld+json\" class=\"yoast-schema-graph\">{\"@context\":\"https:\\\/\\\/schema.org\",\"@graph\":[{\"@type\":\"Article\",\"@id\":\"https:\\\/\\\/www.iemj.org\\\/it\\\/piattelli-elio-1910-2001\\\/#article\",\"isPartOf\":{\"@id\":\"https:\\\/\\\/www.iemj.org\\\/it\\\/piattelli-elio-1910-2001\\\/\"},\"author\":{\"name\":\"Jacqueline ROTEN\",\"@id\":\"https:\\\/\\\/www.iemj.org\\\/it\\\/#\\\/schema\\\/person\\\/358e26c18aca017fcc4cc15437f7279c\"},\"headline\":\"Piattelli, Elio (1910-2001)\",\"datePublished\":\"2022-04-18T16:24:12+00:00\",\"dateModified\":\"2022-04-21T08:04:48+00:00\",\"mainEntityOfPage\":{\"@id\":\"https:\\\/\\\/www.iemj.org\\\/it\\\/piattelli-elio-1910-2001\\\/\"},\"wordCount\":656,\"publisher\":{\"@id\":\"https:\\\/\\\/www.iemj.org\\\/it\\\/#organization\"},\"image\":{\"@id\":\"https:\\\/\\\/www.iemj.org\\\/it\\\/piattelli-elio-1910-2001\\\/#primaryimage\"},\"thumbnailUrl\":\"https:\\\/\\\/www.iemj.org\\\/wp-content\\\/uploads\\\/2022\\\/04\\\/Logo-Bio-Piattelli-1.png\",\"keywords\":[\"Italia\"],\"articleSection\":[\"Biografie\"],\"inLanguage\":\"it-IT\"},{\"@type\":\"WebPage\",\"@id\":\"https:\\\/\\\/www.iemj.org\\\/it\\\/piattelli-elio-1910-2001\\\/\",\"url\":\"https:\\\/\\\/www.iemj.org\\\/it\\\/piattelli-elio-1910-2001\\\/\",\"name\":\"Piattelli, Elio (1910-2001) - Institut Europ\u00e9en des Musiques Juives\",\"isPartOf\":{\"@id\":\"https:\\\/\\\/www.iemj.org\\\/it\\\/#website\"},\"primaryImageOfPage\":{\"@id\":\"https:\\\/\\\/www.iemj.org\\\/it\\\/piattelli-elio-1910-2001\\\/#primaryimage\"},\"image\":{\"@id\":\"https:\\\/\\\/www.iemj.org\\\/it\\\/piattelli-elio-1910-2001\\\/#primaryimage\"},\"thumbnailUrl\":\"https:\\\/\\\/www.iemj.org\\\/wp-content\\\/uploads\\\/2022\\\/04\\\/Logo-Bio-Piattelli-1.png\",\"datePublished\":\"2022-04-18T16:24:12+00:00\",\"dateModified\":\"2022-04-21T08:04:48+00:00\",\"breadcrumb\":{\"@id\":\"https:\\\/\\\/www.iemj.org\\\/it\\\/piattelli-elio-1910-2001\\\/#breadcrumb\"},\"inLanguage\":\"it-IT\",\"potentialAction\":[{\"@type\":\"ReadAction\",\"target\":[\"https:\\\/\\\/www.iemj.org\\\/it\\\/piattelli-elio-1910-2001\\\/\"]}]},{\"@type\":\"ImageObject\",\"inLanguage\":\"it-IT\",\"@id\":\"https:\\\/\\\/www.iemj.org\\\/it\\\/piattelli-elio-1910-2001\\\/#primaryimage\",\"url\":\"https:\\\/\\\/www.iemj.org\\\/wp-content\\\/uploads\\\/2022\\\/04\\\/Logo-Bio-Piattelli-1.png\",\"contentUrl\":\"https:\\\/\\\/www.iemj.org\\\/wp-content\\\/uploads\\\/2022\\\/04\\\/Logo-Bio-Piattelli-1.png\",\"width\":172,\"height\":218},{\"@type\":\"BreadcrumbList\",\"@id\":\"https:\\\/\\\/www.iemj.org\\\/it\\\/piattelli-elio-1910-2001\\\/#breadcrumb\",\"itemListElement\":[{\"@type\":\"ListItem\",\"position\":1,\"name\":\"Accueil\",\"item\":\"https:\\\/\\\/www.iemj.org\\\/it\\\/\"},{\"@type\":\"ListItem\",\"position\":2,\"name\":\"Piattelli, Elio (1910-2001)\"}]},{\"@type\":\"WebSite\",\"@id\":\"https:\\\/\\\/www.iemj.org\\\/it\\\/#website\",\"url\":\"https:\\\/\\\/www.iemj.org\\\/it\\\/\",\"name\":\"Institut Europ\u00e9en des Musiques Juives\",\"description\":\"Des traditions musicales \u00e0 la port\u00e9e de tous\",\"publisher\":{\"@id\":\"https:\\\/\\\/www.iemj.org\\\/it\\\/#organization\"},\"potentialAction\":[{\"@type\":\"SearchAction\",\"target\":{\"@type\":\"EntryPoint\",\"urlTemplate\":\"https:\\\/\\\/www.iemj.org\\\/it\\\/?s={search_term_string}\"},\"query-input\":{\"@type\":\"PropertyValueSpecification\",\"valueRequired\":true,\"valueName\":\"search_term_string\"}}],\"inLanguage\":\"it-IT\"},{\"@type\":\"Organization\",\"@id\":\"https:\\\/\\\/www.iemj.org\\\/it\\\/#organization\",\"name\":\"Institut Europ\u00e9en des Musiques Juives\",\"url\":\"https:\\\/\\\/www.iemj.org\\\/it\\\/\",\"logo\":{\"@type\":\"ImageObject\",\"inLanguage\":\"it-IT\",\"@id\":\"https:\\\/\\\/www.iemj.org\\\/it\\\/#\\\/schema\\\/logo\\\/image\\\/\",\"url\":\"https:\\\/\\\/www.iemj.org\\\/wp-content\\\/uploads\\\/2021\\\/09\\\/Logo-IEMJ-Paypal.jpg\",\"contentUrl\":\"https:\\\/\\\/www.iemj.org\\\/wp-content\\\/uploads\\\/2021\\\/09\\\/Logo-IEMJ-Paypal.jpg\",\"width\":150,\"height\":50,\"caption\":\"Institut Europ\u00e9en des Musiques Juives\"},\"image\":{\"@id\":\"https:\\\/\\\/www.iemj.org\\\/it\\\/#\\\/schema\\\/logo\\\/image\\\/\"},\"sameAs\":[\"https:\\\/\\\/www.facebook.com\\\/MusiquesJuives\\\/\",\"https:\\\/\\\/www.instagram.com\\\/musiquesjuives\\\/\",\"https:\\\/\\\/www.youtube.com\\\/user\\\/musiquesjuives\"]},{\"@type\":\"Person\",\"@id\":\"https:\\\/\\\/www.iemj.org\\\/it\\\/#\\\/schema\\\/person\\\/358e26c18aca017fcc4cc15437f7279c\",\"name\":\"Jacqueline ROTEN\",\"image\":{\"@type\":\"ImageObject\",\"inLanguage\":\"it-IT\",\"@id\":\"https:\\\/\\\/secure.gravatar.com\\\/avatar\\\/5964256d6c6957de3a3505278957e0fb2a35119ac47ea41827a65301213c810b?s=96&d=mm&r=g\",\"url\":\"https:\\\/\\\/secure.gravatar.com\\\/avatar\\\/5964256d6c6957de3a3505278957e0fb2a35119ac47ea41827a65301213c810b?s=96&d=mm&r=g\",\"contentUrl\":\"https:\\\/\\\/secure.gravatar.com\\\/avatar\\\/5964256d6c6957de3a3505278957e0fb2a35119ac47ea41827a65301213c810b?s=96&d=mm&r=g\",\"caption\":\"Jacqueline ROTEN\"}}]}<\/script>\n<!-- \/ Yoast SEO plugin. -->","yoast_head_json":{"title":"Piattelli, Elio (1910-2001) - Institut Europ\u00e9en des Musiques Juives","robots":{"index":"index","follow":"follow","max-snippet":"max-snippet:-1","max-image-preview":"max-image-preview:large","max-video-preview":"max-video-preview:-1"},"canonical":"https:\/\/www.iemj.org\/it\/piattelli-elio-1910-2001\/","og_locale":"it_IT","og_type":"article","og_title":"Piattelli, Elio (1910-2001) - Institut Europ\u00e9en des Musiques Juives","og_description":"Nato a Roma il 30 maggio 1910, Elio Piattelli si laurea in Lettere all&#8217;Universit\u00e0 di Roma nel 1931 con il massimo dei voti \u201c110 su 110\u201d. Studia con il M\u00b0","og_url":"https:\/\/www.iemj.org\/it\/piattelli-elio-1910-2001\/","og_site_name":"Institut Europ\u00e9en des Musiques Juives","article_publisher":"https:\/\/www.facebook.com\/MusiquesJuives\/","article_published_time":"2022-04-18T16:24:12+00:00","article_modified_time":"2022-04-21T08:04:48+00:00","og_image":[{"width":172,"height":218,"url":"https:\/\/www.iemj.org\/wp-content\/uploads\/2022\/04\/Logo-Bio-Piattelli-1.png","type":"image\/png"}],"author":"Jacqueline ROTEN","twitter_card":"summary_large_image","twitter_misc":{"Scritto da":"Jacqueline ROTEN","Tempo di lettura stimato":"4 minuti"},"schema":{"@context":"https:\/\/schema.org","@graph":[{"@type":"Article","@id":"https:\/\/www.iemj.org\/it\/piattelli-elio-1910-2001\/#article","isPartOf":{"@id":"https:\/\/www.iemj.org\/it\/piattelli-elio-1910-2001\/"},"author":{"name":"Jacqueline ROTEN","@id":"https:\/\/www.iemj.org\/it\/#\/schema\/person\/358e26c18aca017fcc4cc15437f7279c"},"headline":"Piattelli, Elio (1910-2001)","datePublished":"2022-04-18T16:24:12+00:00","dateModified":"2022-04-21T08:04:48+00:00","mainEntityOfPage":{"@id":"https:\/\/www.iemj.org\/it\/piattelli-elio-1910-2001\/"},"wordCount":656,"publisher":{"@id":"https:\/\/www.iemj.org\/it\/#organization"},"image":{"@id":"https:\/\/www.iemj.org\/it\/piattelli-elio-1910-2001\/#primaryimage"},"thumbnailUrl":"https:\/\/www.iemj.org\/wp-content\/uploads\/2022\/04\/Logo-Bio-Piattelli-1.png","keywords":["Italia"],"articleSection":["Biografie"],"inLanguage":"it-IT"},{"@type":"WebPage","@id":"https:\/\/www.iemj.org\/it\/piattelli-elio-1910-2001\/","url":"https:\/\/www.iemj.org\/it\/piattelli-elio-1910-2001\/","name":"Piattelli, Elio (1910-2001) - Institut Europ\u00e9en des Musiques Juives","isPartOf":{"@id":"https:\/\/www.iemj.org\/it\/#website"},"primaryImageOfPage":{"@id":"https:\/\/www.iemj.org\/it\/piattelli-elio-1910-2001\/#primaryimage"},"image":{"@id":"https:\/\/www.iemj.org\/it\/piattelli-elio-1910-2001\/#primaryimage"},"thumbnailUrl":"https:\/\/www.iemj.org\/wp-content\/uploads\/2022\/04\/Logo-Bio-Piattelli-1.png","datePublished":"2022-04-18T16:24:12+00:00","dateModified":"2022-04-21T08:04:48+00:00","breadcrumb":{"@id":"https:\/\/www.iemj.org\/it\/piattelli-elio-1910-2001\/#breadcrumb"},"inLanguage":"it-IT","potentialAction":[{"@type":"ReadAction","target":["https:\/\/www.iemj.org\/it\/piattelli-elio-1910-2001\/"]}]},{"@type":"ImageObject","inLanguage":"it-IT","@id":"https:\/\/www.iemj.org\/it\/piattelli-elio-1910-2001\/#primaryimage","url":"https:\/\/www.iemj.org\/wp-content\/uploads\/2022\/04\/Logo-Bio-Piattelli-1.png","contentUrl":"https:\/\/www.iemj.org\/wp-content\/uploads\/2022\/04\/Logo-Bio-Piattelli-1.png","width":172,"height":218},{"@type":"BreadcrumbList","@id":"https:\/\/www.iemj.org\/it\/piattelli-elio-1910-2001\/#breadcrumb","itemListElement":[{"@type":"ListItem","position":1,"name":"Accueil","item":"https:\/\/www.iemj.org\/it\/"},{"@type":"ListItem","position":2,"name":"Piattelli, Elio (1910-2001)"}]},{"@type":"WebSite","@id":"https:\/\/www.iemj.org\/it\/#website","url":"https:\/\/www.iemj.org\/it\/","name":"Institut Europ\u00e9en des Musiques Juives","description":"Des traditions musicales \u00e0 la port\u00e9e de tous","publisher":{"@id":"https:\/\/www.iemj.org\/it\/#organization"},"potentialAction":[{"@type":"SearchAction","target":{"@type":"EntryPoint","urlTemplate":"https:\/\/www.iemj.org\/it\/?s={search_term_string}"},"query-input":{"@type":"PropertyValueSpecification","valueRequired":true,"valueName":"search_term_string"}}],"inLanguage":"it-IT"},{"@type":"Organization","@id":"https:\/\/www.iemj.org\/it\/#organization","name":"Institut Europ\u00e9en des Musiques Juives","url":"https:\/\/www.iemj.org\/it\/","logo":{"@type":"ImageObject","inLanguage":"it-IT","@id":"https:\/\/www.iemj.org\/it\/#\/schema\/logo\/image\/","url":"https:\/\/www.iemj.org\/wp-content\/uploads\/2021\/09\/Logo-IEMJ-Paypal.jpg","contentUrl":"https:\/\/www.iemj.org\/wp-content\/uploads\/2021\/09\/Logo-IEMJ-Paypal.jpg","width":150,"height":50,"caption":"Institut Europ\u00e9en des Musiques Juives"},"image":{"@id":"https:\/\/www.iemj.org\/it\/#\/schema\/logo\/image\/"},"sameAs":["https:\/\/www.facebook.com\/MusiquesJuives\/","https:\/\/www.instagram.com\/musiquesjuives\/","https:\/\/www.youtube.com\/user\/musiquesjuives"]},{"@type":"Person","@id":"https:\/\/www.iemj.org\/it\/#\/schema\/person\/358e26c18aca017fcc4cc15437f7279c","name":"Jacqueline ROTEN","image":{"@type":"ImageObject","inLanguage":"it-IT","@id":"https:\/\/secure.gravatar.com\/avatar\/5964256d6c6957de3a3505278957e0fb2a35119ac47ea41827a65301213c810b?s=96&d=mm&r=g","url":"https:\/\/secure.gravatar.com\/avatar\/5964256d6c6957de3a3505278957e0fb2a35119ac47ea41827a65301213c810b?s=96&d=mm&r=g","contentUrl":"https:\/\/secure.gravatar.com\/avatar\/5964256d6c6957de3a3505278957e0fb2a35119ac47ea41827a65301213c810b?s=96&d=mm&r=g","caption":"Jacqueline ROTEN"}}]}},"_links":{"self":[{"href":"https:\/\/www.iemj.org\/it\/wp-json\/wp\/v2\/posts\/83111","targetHints":{"allow":["GET"]}}],"collection":[{"href":"https:\/\/www.iemj.org\/it\/wp-json\/wp\/v2\/posts"}],"about":[{"href":"https:\/\/www.iemj.org\/it\/wp-json\/wp\/v2\/types\/post"}],"author":[{"embeddable":true,"href":"https:\/\/www.iemj.org\/it\/wp-json\/wp\/v2\/users\/5"}],"replies":[{"embeddable":true,"href":"https:\/\/www.iemj.org\/it\/wp-json\/wp\/v2\/comments?post=83111"}],"version-history":[{"count":0,"href":"https:\/\/www.iemj.org\/it\/wp-json\/wp\/v2\/posts\/83111\/revisions"}],"wp:featuredmedia":[{"embeddable":true,"href":"https:\/\/www.iemj.org\/it\/wp-json\/wp\/v2\/media\/83002"}],"wp:attachment":[{"href":"https:\/\/www.iemj.org\/it\/wp-json\/wp\/v2\/media?parent=83111"}],"wp:term":[{"taxonomy":"category","embeddable":true,"href":"https:\/\/www.iemj.org\/it\/wp-json\/wp\/v2\/categories?post=83111"},{"taxonomy":"post_tag","embeddable":true,"href":"https:\/\/www.iemj.org\/it\/wp-json\/wp\/v2\/tags?post=83111"},{"taxonomy":"technique","embeddable":true,"href":"https:\/\/www.iemj.org\/it\/wp-json\/wp\/v2\/technique?post=83111"},{"taxonomy":"squelettes","embeddable":true,"href":"https:\/\/www.iemj.org\/it\/wp-json\/wp\/v2\/squelettes?post=83111"},{"taxonomy":"sujet","embeddable":true,"href":"https:\/\/www.iemj.org\/it\/wp-json\/wp\/v2\/sujet?post=83111"},{"taxonomy":"formation","embeddable":true,"href":"https:\/\/www.iemj.org\/it\/wp-json\/wp\/v2\/formation?post=83111"},{"taxonomy":"genre","embeddable":true,"href":"https:\/\/www.iemj.org\/it\/wp-json\/wp\/v2\/genre?post=83111"},{"taxonomy":"fonds","embeddable":true,"href":"https:\/\/www.iemj.org\/it\/wp-json\/wp\/v2\/fonds?post=83111"},{"taxonomy":"tradition","embeddable":true,"href":"https:\/\/www.iemj.org\/it\/wp-json\/wp\/v2\/tradition?post=83111"},{"taxonomy":"type-de-contenu","embeddable":true,"href":"https:\/\/www.iemj.org\/it\/wp-json\/wp\/v2\/type-de-contenu?post=83111"},{"taxonomy":"interprete-compositeur","embeddable":true,"href":"https:\/\/www.iemj.org\/it\/wp-json\/wp\/v2\/interprete-compositeur?post=83111"},{"taxonomy":"frise","embeddable":true,"href":"https:\/\/www.iemj.org\/it\/wp-json\/wp\/v2\/frise?post=83111"},{"taxonomy":"type-devenement","embeddable":true,"href":"https:\/\/www.iemj.org\/it\/wp-json\/wp\/v2\/type-devenement?post=83111"},{"taxonomy":"tableaux-liens-externes","embeddable":true,"href":"https:\/\/www.iemj.org\/it\/wp-json\/wp\/v2\/tableaux-liens-externes?post=83111"}],"curies":[{"name":"wp","href":"https:\/\/api.w.org\/{rel}","templated":true}]}}