{"id":83129,"date":"2022-04-19T10:25:54","date_gmt":"2022-04-19T08:25:54","guid":{"rendered":"https:\/\/www.iemj.org\/canti-del-tempio-maggiore-di-roma-i-tomo\/"},"modified":"2025-10-16T17:28:15","modified_gmt":"2025-10-16T15:28:15","slug":"canti-del-tempio-maggiore-di-roma-i-tomo","status":"publish","type":"post","link":"https:\/\/www.iemj.org\/it\/canti-del-tempio-maggiore-di-roma-i-tomo\/","title":{"rendered":"Canti del Tempio Maggiore di Roma"},"content":{"rendered":"<p><strong>Gangemi Editore International<\/strong><\/p>\n<p><strong>volume I<\/strong> di Pasquale, Alberto Funaro, Claudio Di Segni, Angelo Spizzichino, Roma, novembre 2021, 188 pp., 1 CD audio allegato<\/p>\n<p><strong>volume II<\/strong> di Pasquale Tro\u00eca, Roma, dicembre 2021.2024, 183 pp.<\/p>\n<p>Questo lavoro in due volumi di Pasquale Tro\u00eca <span class=\"footnote_referrer\"><a role=\"button\" tabindex=\"0\" onclick=\"footnote_moveToReference_83129_1('footnote_plugin_reference_83129_1_1');\" onkeypress=\"footnote_moveToReference_83129_1('footnote_plugin_reference_83129_1_1');\" ><sup id=\"footnote_plugin_tooltip_83129_1_1\" class=\"footnote_plugin_tooltip_text\">[1]<\/sup><\/a><span id=\"footnote_plugin_tooltip_text_83129_1_1\" class=\"footnote_tooltip\">Pasquale Tro\u00eca \u00e8 professore di Bibbia e Musica all&#8217;ISSR Mater Ecclesiae ed alla Pontificia Universit\u00e0 San Tommaso d&#8217;Aquino, Angelicum, Roma.<\/span><\/span><script type=\"text\/javascript\"> jQuery('#footnote_plugin_tooltip_83129_1_1').tooltip({ tip: '#footnote_plugin_tooltip_text_83129_1_1', tipClass: 'footnote_tooltip', effect: 'fade', predelay: 0, fadeInSpeed: 200, delay: 400, fadeOutSpeed: 200, position: 'top center', relative: true, offset: [-7, 0], });<\/script>, Alberto Funaro, Claudio Di Segni e Angelo Spizzichino studia per la prima volta i manoscritti musicali dell&#8217;Archivio Storico della Comunit\u00e0 Ebraica di Roma. Questi archivi contengono soprattutto partiture che rappresentano le tradizioni delle cinque sinagoghe di Roma (Cinque Scole): due sinagoghe erano destinate agli immigrati dalla Spagna nel 1492 (Scola Catalana e Scola Castigliana), una a quelli provenienti dalla Sicilia (Scola Siciliana), e altre due agli ebrei gi\u00e0 presenti a Roma al tempo di queste migrazioni e prima della creazione del Ghetto nel 1555 (Scola Tempio e Scola Nova). Gli archivi della comunit\u00e0 ebraica di Roma contengono anche partiture manoscritte composte da musicisti ebrei e non ebrei a partire dal 27 luglio 1904, data di inaugurazione del Tempio Maggiore di Roma. Questi manoscritti musicali raccontano l&#8217;identit\u00e0 religiosa, storica e culturale degli ebrei romani. Nel cd allegato \u00e8 registrata una esemplificativa testimonianza dei canti di questo patrimonio, interpretati dal Coro del Tempio Maggiore di Roma, diretto dal M\u00b0 Claudio Di Segni, con la partecipazione del chazzan (cantore) rav Avraham Alberto Funaro e dell&#8217;organista del Tempio Maggiore M\u00b0 Angelo Spizzichino. I canti sono presentati nel testo originale ebraico, tradotti e &#8216;corredati&#8217; da commenti biblici, liturgici, musicali (anche con partiture) e di tradizioni ebraiche romane valorizzando il pi\u00f9 possibile la letteratura di Autori della Comunit\u00e0 di Roma.<\/p>\n<p>Le interviste ai protagonisti della registrazione (rav Funaro, M\u00b0 Di Segni, M\u00b0 Spizzichino) permettono di comprendere la funzione del Chazzan, del Direttore del Coro e dell&#8217;Organista durante la <em>tefillah<\/em> (preghiera) nelle feste, nelle festivit\u00e0 annuali e negli eventi che segnano la storia della comunit\u00e0 ebraica romana.<\/p>\n<p>Il secondo volume integra e completa gli argomenti del primo. Vengono presentate per la prima volta le biografie e le composizioni dei Direttori del Coro del Tempio Maggiore (dal 1904, anno della sua consacrazione e inaugurazione) e delle Cinque Scole. \u00c8 presente un indice dei canti pi\u00f9 frequentemente eseguiti nel ciclo delle principali feste e festivit\u00e0 dell\u2019anno liturgico. Sono documentate puntualmente tutte le registrazioni attualmente esistenti dei canti della Comunit\u00e0 ebraica di Roma e alcuni eventi storici e culturali (con il programma dei canti eseguiti) dei quali il Coro del Tempio Maggiore \u00e8 stato protagonista.<\/p>\n<p>Per la prima volta si presenta l\u2019organo del Tempio Maggiore ed una prima ricognizione delle presenze o meno di organi o armonium nelle principali sinagoghe italiane<\/p>\n<p>Inoltre si ricordano parole ed espressioni idiomatiche in giudaico-romanesco derivate dalla tefill\u0101h che gli ebrei romani utilizzano per caratterizzare momenti della vita quotidiana.<\/p>\n<p>Un\u2019ampia bibliografia documenta gli argomenti del II volume e completa quella del I volume.<\/p>\n<p>Infine un album fotografico a colori permette di \u2018vedere\u2019 i volti dei protagonisti dei canti, gli eventi e i luoghi in cui sono eseguiti.<\/p>\n<p>Ordinare <a href=\"https:\/\/gangemi.com\/prodotto\/canti-del-tempio-maggiore-di-roma\/\" target=\"_blank\" rel=\"noopener\">il primo<\/a> e <a href=\"https:\/\/gangemi.com\/prodotto\/canti-del-tempio-maggiore-di-roma-2\/\" target=\"_blank\" rel=\"noopener\">il secondo<\/a> volume<\/p>\n<p><a href=\"http:\/\/www.rachelnet.net\/F\/?func=find-c&amp;ccl_term=WHOL+%3D+Troia&amp;local_base=iemcg\" target=\"_blank\" rel=\"noopener\">Consultare gli archivi su Pasquale Tro\u00eca<\/a><\/p>\n<p><a href=\"https:\/\/www.pasqualetroia.it\/\" target=\"_blank\" rel=\"noopener\">Visita il blog di Pasquale Tro\u00eca<\/a><\/p>\n\n\n<figure class=\"wp-block-embed is-type-video is-provider-youtube wp-block-embed-youtube wp-embed-aspect-4-3 wp-has-aspect-ratio\"><div class=\"wp-block-embed__wrapper\">\n<iframe title=\"B\u0101r\u00fbk habba\u2019 \/ Benedetto colui che viene, Sal 118,26, E. Piattelli Coro del Tempio Maggiore di Roma\" width=\"640\" height=\"480\" src=\"https:\/\/www.youtube.com\/embed\/n-vQtxckLLg?feature=oembed\" frameborder=\"0\" allow=\"accelerometer; autoplay; clipboard-write; encrypted-media; gyroscope; picture-in-picture; web-share\" referrerpolicy=\"strict-origin-when-cross-origin\" allowfullscreen><\/iframe>\n<\/div><\/figure>\n\n\n<div class=\"wp-block-image\">\n<figure class=\"aligncenter size-large\"><img fetchpriority=\"high\" decoding=\"async\" width=\"1024\" height=\"133\" src=\"https:\/\/www.iemj.org\/wp-content\/uploads\/2024\/03\/AUDIO-PLAYER-1024x133.png\" alt=\"\" class=\"wp-image-110609\" srcset=\"https:\/\/www.iemj.org\/wp-content\/uploads\/2024\/03\/AUDIO-PLAYER-1024x133.png 1024w, https:\/\/www.iemj.org\/wp-content\/uploads\/2024\/03\/AUDIO-PLAYER-300x39.png 300w, https:\/\/www.iemj.org\/wp-content\/uploads\/2024\/03\/AUDIO-PLAYER-768x100.png 768w, https:\/\/www.iemj.org\/wp-content\/uploads\/2024\/03\/AUDIO-PLAYER-600x78.png 600w, https:\/\/www.iemj.org\/wp-content\/uploads\/2024\/03\/AUDIO-PLAYER.png 1210w\" sizes=\"(max-width: 1024px) 100vw, 1024px\" \/><\/figure>\n<\/div><div class=\"speaker-mute footnotes_reference_container\"> <div class=\"footnote_container_prepare\"><p><span role=\"button\" tabindex=\"0\" class=\"footnote_reference_container_label pointer\" onclick=\"footnote_expand_collapse_reference_container_83129_1();\">&#x202F;<\/span><span role=\"button\" tabindex=\"0\" class=\"footnote_reference_container_collapse_button\" style=\"display: none;\" onclick=\"footnote_expand_collapse_reference_container_83129_1();\">[<a id=\"footnote_reference_container_collapse_button_83129_1\">+<\/a>]<\/span><\/p><\/div> <div id=\"footnote_references_container_83129_1\" style=\"\"><table class=\"footnotes_table footnote-reference-container\"><caption class=\"accessibility\">References<\/caption> <tbody> \r\n\r\n<tr class=\"footnotes_plugin_reference_row\"> <th scope=\"row\" class=\"footnote_plugin_index_combi pointer\"  onclick=\"footnote_moveToAnchor_83129_1('footnote_plugin_tooltip_83129_1_1');\"><a id=\"footnote_plugin_reference_83129_1_1\" class=\"footnote_backlink\">1<\/a><\/th> <td class=\"footnote_plugin_text\">Pasquale Tro\u00eca \u00e8 professore di Bibbia e Musica all&#8217;ISSR Mater Ecclesiae ed alla Pontificia Universit\u00e0 San Tommaso d&#8217;Aquino, Angelicum, Roma.<\/td><\/tr>\r\n\r\n <\/tbody> <\/table> <\/div><\/div><script type=\"text\/javascript\"> function footnote_expand_reference_container_83129_1() { jQuery('#footnote_references_container_83129_1').show(); jQuery('#footnote_reference_container_collapse_button_83129_1').text('\u2212'); } function footnote_collapse_reference_container_83129_1() { jQuery('#footnote_references_container_83129_1').hide(); jQuery('#footnote_reference_container_collapse_button_83129_1').text('+'); } function footnote_expand_collapse_reference_container_83129_1() { if (jQuery('#footnote_references_container_83129_1').is(':hidden')) { footnote_expand_reference_container_83129_1(); } else { footnote_collapse_reference_container_83129_1(); } } function footnote_moveToReference_83129_1(p_str_TargetID) { footnote_expand_reference_container_83129_1(); var l_obj_Target = jQuery('#' + p_str_TargetID); if (l_obj_Target.length) { jQuery( 'html, body' ).delay( 0 ); jQuery('html, body').animate({ scrollTop: l_obj_Target.offset().top - window.innerHeight * 0.2 }, 380); } } function footnote_moveToAnchor_83129_1(p_str_TargetID) { footnote_expand_reference_container_83129_1(); var l_obj_Target = jQuery('#' + p_str_TargetID); if (l_obj_Target.length) { jQuery( 'html, body' ).delay( 0 ); jQuery('html, body').animate({ scrollTop: l_obj_Target.offset().top - window.innerHeight * 0.2 }, 380); } }<\/script>","protected":false},"excerpt":{"rendered":"<p>Gangemi Editore International volume I di Pasquale, Alberto Funaro, Claudio Di Segni, Angelo Spizzichino, Roma, novembre 2021, 188 pp., 1 CD audio allegato volume II di Pasquale Tro\u00eca, Roma, dicembre<\/p>\n","protected":false},"author":5,"featured_media":83030,"comment_status":"closed","ping_status":"closed","sticky":false,"template":"","format":"standard","meta":{"_acf_changed":false,"footnotes":""},"categories":[1576,1564],"tags":[2091],"technique":[],"squelettes":[],"sujet":[],"formation":[],"genre":[],"fonds":[],"tradition":[1977],"type-de-contenu":[],"interprete-compositeur":[],"frise":[],"type-devenement":[],"tableaux-liens-externes":[],"class_list":["post-83129","post","type-post","status-publish","format-standard","has-post-thumbnail","hentry","category-libri-articoli-it","category-ultimi-acquisti-it","tag-italia-it","tradition-rito-italiano-it"],"acf":[],"yoast_head":"<!-- This site is optimized with the Yoast SEO plugin v27.3 - https:\/\/yoast.com\/product\/yoast-seo-wordpress\/ -->\n<title>Canti del Tempio Maggiore di Roma - Institut Europ\u00e9en des Musiques Juives<\/title>\n<meta name=\"robots\" content=\"index, follow, max-snippet:-1, max-image-preview:large, max-video-preview:-1\" \/>\n<link rel=\"canonical\" href=\"https:\/\/www.iemj.org\/it\/canti-del-tempio-maggiore-di-roma-i-tomo\/\" \/>\n<meta property=\"og:locale\" content=\"it_IT\" \/>\n<meta property=\"og:type\" content=\"article\" \/>\n<meta property=\"og:title\" content=\"Canti del Tempio Maggiore di Roma - Institut Europ\u00e9en des Musiques Juives\" \/>\n<meta property=\"og:description\" content=\"Gangemi Editore International volume I di Pasquale, Alberto Funaro, Claudio Di Segni, Angelo Spizzichino, Roma, novembre 2021, 188 pp., 1 CD audio allegato volume II di Pasquale Tro\u00eca, Roma, dicembre\" \/>\n<meta property=\"og:url\" content=\"https:\/\/www.iemj.org\/it\/canti-del-tempio-maggiore-di-roma-i-tomo\/\" \/>\n<meta property=\"og:site_name\" content=\"Institut Europ\u00e9en des Musiques Juives\" \/>\n<meta property=\"article:publisher\" content=\"https:\/\/www.facebook.com\/MusiquesJuives\/\" \/>\n<meta property=\"article:published_time\" content=\"2022-04-19T08:25:54+00:00\" \/>\n<meta property=\"article:modified_time\" content=\"2025-10-16T15:28:15+00:00\" \/>\n<meta property=\"og:image\" content=\"https:\/\/www.iemj.org\/wp-content\/uploads\/2022\/04\/logo-article_redim.jpg\" \/>\n\t<meta property=\"og:image:width\" content=\"319\" \/>\n\t<meta property=\"og:image:height\" content=\"450\" \/>\n\t<meta property=\"og:image:type\" content=\"image\/jpeg\" \/>\n<meta name=\"author\" content=\"Jacqueline ROTEN\" \/>\n<meta name=\"twitter:card\" content=\"summary_large_image\" \/>\n<meta name=\"twitter:label1\" content=\"Scritto da\" \/>\n\t<meta name=\"twitter:data1\" content=\"Jacqueline ROTEN\" \/>\n\t<meta name=\"twitter:label2\" content=\"Tempo di lettura stimato\" \/>\n\t<meta name=\"twitter:data2\" content=\"4 minuti\" \/>\n<script type=\"application\/ld+json\" class=\"yoast-schema-graph\">{\"@context\":\"https:\\\/\\\/schema.org\",\"@graph\":[{\"@type\":\"Article\",\"@id\":\"https:\\\/\\\/www.iemj.org\\\/it\\\/canti-del-tempio-maggiore-di-roma-i-tomo\\\/#article\",\"isPartOf\":{\"@id\":\"https:\\\/\\\/www.iemj.org\\\/it\\\/canti-del-tempio-maggiore-di-roma-i-tomo\\\/\"},\"author\":{\"name\":\"Jacqueline ROTEN\",\"@id\":\"https:\\\/\\\/www.iemj.org\\\/it\\\/#\\\/schema\\\/person\\\/358e26c18aca017fcc4cc15437f7279c\"},\"headline\":\"Canti del Tempio Maggiore di Roma\",\"datePublished\":\"2022-04-19T08:25:54+00:00\",\"dateModified\":\"2025-10-16T15:28:15+00:00\",\"mainEntityOfPage\":{\"@id\":\"https:\\\/\\\/www.iemj.org\\\/it\\\/canti-del-tempio-maggiore-di-roma-i-tomo\\\/\"},\"wordCount\":533,\"publisher\":{\"@id\":\"https:\\\/\\\/www.iemj.org\\\/it\\\/#organization\"},\"image\":{\"@id\":\"https:\\\/\\\/www.iemj.org\\\/it\\\/canti-del-tempio-maggiore-di-roma-i-tomo\\\/#primaryimage\"},\"thumbnailUrl\":\"https:\\\/\\\/www.iemj.org\\\/wp-content\\\/uploads\\\/2022\\\/04\\\/logo-article_redim.jpg\",\"keywords\":[\"Italia\"],\"articleSection\":[\"Libri, articoli\",\"Ultimi acquisti\"],\"inLanguage\":\"it-IT\"},{\"@type\":\"WebPage\",\"@id\":\"https:\\\/\\\/www.iemj.org\\\/it\\\/canti-del-tempio-maggiore-di-roma-i-tomo\\\/\",\"url\":\"https:\\\/\\\/www.iemj.org\\\/it\\\/canti-del-tempio-maggiore-di-roma-i-tomo\\\/\",\"name\":\"Canti del Tempio Maggiore di Roma - Institut Europ\u00e9en des Musiques Juives\",\"isPartOf\":{\"@id\":\"https:\\\/\\\/www.iemj.org\\\/it\\\/#website\"},\"primaryImageOfPage\":{\"@id\":\"https:\\\/\\\/www.iemj.org\\\/it\\\/canti-del-tempio-maggiore-di-roma-i-tomo\\\/#primaryimage\"},\"image\":{\"@id\":\"https:\\\/\\\/www.iemj.org\\\/it\\\/canti-del-tempio-maggiore-di-roma-i-tomo\\\/#primaryimage\"},\"thumbnailUrl\":\"https:\\\/\\\/www.iemj.org\\\/wp-content\\\/uploads\\\/2022\\\/04\\\/logo-article_redim.jpg\",\"datePublished\":\"2022-04-19T08:25:54+00:00\",\"dateModified\":\"2025-10-16T15:28:15+00:00\",\"breadcrumb\":{\"@id\":\"https:\\\/\\\/www.iemj.org\\\/it\\\/canti-del-tempio-maggiore-di-roma-i-tomo\\\/#breadcrumb\"},\"inLanguage\":\"it-IT\",\"potentialAction\":[{\"@type\":\"ReadAction\",\"target\":[\"https:\\\/\\\/www.iemj.org\\\/it\\\/canti-del-tempio-maggiore-di-roma-i-tomo\\\/\"]}]},{\"@type\":\"ImageObject\",\"inLanguage\":\"it-IT\",\"@id\":\"https:\\\/\\\/www.iemj.org\\\/it\\\/canti-del-tempio-maggiore-di-roma-i-tomo\\\/#primaryimage\",\"url\":\"https:\\\/\\\/www.iemj.org\\\/wp-content\\\/uploads\\\/2022\\\/04\\\/logo-article_redim.jpg\",\"contentUrl\":\"https:\\\/\\\/www.iemj.org\\\/wp-content\\\/uploads\\\/2022\\\/04\\\/logo-article_redim.jpg\",\"width\":319,\"height\":450,\"caption\":\"Couv Canti del Tempio Maggiore\"},{\"@type\":\"BreadcrumbList\",\"@id\":\"https:\\\/\\\/www.iemj.org\\\/it\\\/canti-del-tempio-maggiore-di-roma-i-tomo\\\/#breadcrumb\",\"itemListElement\":[{\"@type\":\"ListItem\",\"position\":1,\"name\":\"Accueil\",\"item\":\"https:\\\/\\\/www.iemj.org\\\/it\\\/\"},{\"@type\":\"ListItem\",\"position\":2,\"name\":\"Canti del Tempio Maggiore di Roma\"}]},{\"@type\":\"WebSite\",\"@id\":\"https:\\\/\\\/www.iemj.org\\\/it\\\/#website\",\"url\":\"https:\\\/\\\/www.iemj.org\\\/it\\\/\",\"name\":\"Institut Europ\u00e9en des Musiques Juives\",\"description\":\"Des traditions musicales \u00e0 la port\u00e9e de tous\",\"publisher\":{\"@id\":\"https:\\\/\\\/www.iemj.org\\\/it\\\/#organization\"},\"potentialAction\":[{\"@type\":\"SearchAction\",\"target\":{\"@type\":\"EntryPoint\",\"urlTemplate\":\"https:\\\/\\\/www.iemj.org\\\/it\\\/?s={search_term_string}\"},\"query-input\":{\"@type\":\"PropertyValueSpecification\",\"valueRequired\":true,\"valueName\":\"search_term_string\"}}],\"inLanguage\":\"it-IT\"},{\"@type\":\"Organization\",\"@id\":\"https:\\\/\\\/www.iemj.org\\\/it\\\/#organization\",\"name\":\"Institut Europ\u00e9en des Musiques Juives\",\"url\":\"https:\\\/\\\/www.iemj.org\\\/it\\\/\",\"logo\":{\"@type\":\"ImageObject\",\"inLanguage\":\"it-IT\",\"@id\":\"https:\\\/\\\/www.iemj.org\\\/it\\\/#\\\/schema\\\/logo\\\/image\\\/\",\"url\":\"https:\\\/\\\/www.iemj.org\\\/wp-content\\\/uploads\\\/2021\\\/09\\\/Logo-IEMJ-Paypal.jpg\",\"contentUrl\":\"https:\\\/\\\/www.iemj.org\\\/wp-content\\\/uploads\\\/2021\\\/09\\\/Logo-IEMJ-Paypal.jpg\",\"width\":150,\"height\":50,\"caption\":\"Institut Europ\u00e9en des Musiques Juives\"},\"image\":{\"@id\":\"https:\\\/\\\/www.iemj.org\\\/it\\\/#\\\/schema\\\/logo\\\/image\\\/\"},\"sameAs\":[\"https:\\\/\\\/www.facebook.com\\\/MusiquesJuives\\\/\",\"https:\\\/\\\/www.instagram.com\\\/musiquesjuives\\\/\",\"https:\\\/\\\/www.youtube.com\\\/user\\\/musiquesjuives\"]},{\"@type\":\"Person\",\"@id\":\"https:\\\/\\\/www.iemj.org\\\/it\\\/#\\\/schema\\\/person\\\/358e26c18aca017fcc4cc15437f7279c\",\"name\":\"Jacqueline ROTEN\",\"image\":{\"@type\":\"ImageObject\",\"inLanguage\":\"it-IT\",\"@id\":\"https:\\\/\\\/secure.gravatar.com\\\/avatar\\\/5964256d6c6957de3a3505278957e0fb2a35119ac47ea41827a65301213c810b?s=96&d=mm&r=g\",\"url\":\"https:\\\/\\\/secure.gravatar.com\\\/avatar\\\/5964256d6c6957de3a3505278957e0fb2a35119ac47ea41827a65301213c810b?s=96&d=mm&r=g\",\"contentUrl\":\"https:\\\/\\\/secure.gravatar.com\\\/avatar\\\/5964256d6c6957de3a3505278957e0fb2a35119ac47ea41827a65301213c810b?s=96&d=mm&r=g\",\"caption\":\"Jacqueline ROTEN\"}}]}<\/script>\n<!-- \/ Yoast SEO plugin. -->","yoast_head_json":{"title":"Canti del Tempio Maggiore di Roma - Institut Europ\u00e9en des Musiques Juives","robots":{"index":"index","follow":"follow","max-snippet":"max-snippet:-1","max-image-preview":"max-image-preview:large","max-video-preview":"max-video-preview:-1"},"canonical":"https:\/\/www.iemj.org\/it\/canti-del-tempio-maggiore-di-roma-i-tomo\/","og_locale":"it_IT","og_type":"article","og_title":"Canti del Tempio Maggiore di Roma - Institut Europ\u00e9en des Musiques Juives","og_description":"Gangemi Editore International volume I di Pasquale, Alberto Funaro, Claudio Di Segni, Angelo Spizzichino, Roma, novembre 2021, 188 pp., 1 CD audio allegato volume II di Pasquale Tro\u00eca, Roma, dicembre","og_url":"https:\/\/www.iemj.org\/it\/canti-del-tempio-maggiore-di-roma-i-tomo\/","og_site_name":"Institut Europ\u00e9en des Musiques Juives","article_publisher":"https:\/\/www.facebook.com\/MusiquesJuives\/","article_published_time":"2022-04-19T08:25:54+00:00","article_modified_time":"2025-10-16T15:28:15+00:00","og_image":[{"width":319,"height":450,"url":"https:\/\/www.iemj.org\/wp-content\/uploads\/2022\/04\/logo-article_redim.jpg","type":"image\/jpeg"}],"author":"Jacqueline ROTEN","twitter_card":"summary_large_image","twitter_misc":{"Scritto da":"Jacqueline ROTEN","Tempo di lettura stimato":"4 minuti"},"schema":{"@context":"https:\/\/schema.org","@graph":[{"@type":"Article","@id":"https:\/\/www.iemj.org\/it\/canti-del-tempio-maggiore-di-roma-i-tomo\/#article","isPartOf":{"@id":"https:\/\/www.iemj.org\/it\/canti-del-tempio-maggiore-di-roma-i-tomo\/"},"author":{"name":"Jacqueline ROTEN","@id":"https:\/\/www.iemj.org\/it\/#\/schema\/person\/358e26c18aca017fcc4cc15437f7279c"},"headline":"Canti del Tempio Maggiore di Roma","datePublished":"2022-04-19T08:25:54+00:00","dateModified":"2025-10-16T15:28:15+00:00","mainEntityOfPage":{"@id":"https:\/\/www.iemj.org\/it\/canti-del-tempio-maggiore-di-roma-i-tomo\/"},"wordCount":533,"publisher":{"@id":"https:\/\/www.iemj.org\/it\/#organization"},"image":{"@id":"https:\/\/www.iemj.org\/it\/canti-del-tempio-maggiore-di-roma-i-tomo\/#primaryimage"},"thumbnailUrl":"https:\/\/www.iemj.org\/wp-content\/uploads\/2022\/04\/logo-article_redim.jpg","keywords":["Italia"],"articleSection":["Libri, articoli","Ultimi acquisti"],"inLanguage":"it-IT"},{"@type":"WebPage","@id":"https:\/\/www.iemj.org\/it\/canti-del-tempio-maggiore-di-roma-i-tomo\/","url":"https:\/\/www.iemj.org\/it\/canti-del-tempio-maggiore-di-roma-i-tomo\/","name":"Canti del Tempio Maggiore di Roma - Institut Europ\u00e9en des Musiques Juives","isPartOf":{"@id":"https:\/\/www.iemj.org\/it\/#website"},"primaryImageOfPage":{"@id":"https:\/\/www.iemj.org\/it\/canti-del-tempio-maggiore-di-roma-i-tomo\/#primaryimage"},"image":{"@id":"https:\/\/www.iemj.org\/it\/canti-del-tempio-maggiore-di-roma-i-tomo\/#primaryimage"},"thumbnailUrl":"https:\/\/www.iemj.org\/wp-content\/uploads\/2022\/04\/logo-article_redim.jpg","datePublished":"2022-04-19T08:25:54+00:00","dateModified":"2025-10-16T15:28:15+00:00","breadcrumb":{"@id":"https:\/\/www.iemj.org\/it\/canti-del-tempio-maggiore-di-roma-i-tomo\/#breadcrumb"},"inLanguage":"it-IT","potentialAction":[{"@type":"ReadAction","target":["https:\/\/www.iemj.org\/it\/canti-del-tempio-maggiore-di-roma-i-tomo\/"]}]},{"@type":"ImageObject","inLanguage":"it-IT","@id":"https:\/\/www.iemj.org\/it\/canti-del-tempio-maggiore-di-roma-i-tomo\/#primaryimage","url":"https:\/\/www.iemj.org\/wp-content\/uploads\/2022\/04\/logo-article_redim.jpg","contentUrl":"https:\/\/www.iemj.org\/wp-content\/uploads\/2022\/04\/logo-article_redim.jpg","width":319,"height":450,"caption":"Couv Canti del Tempio Maggiore"},{"@type":"BreadcrumbList","@id":"https:\/\/www.iemj.org\/it\/canti-del-tempio-maggiore-di-roma-i-tomo\/#breadcrumb","itemListElement":[{"@type":"ListItem","position":1,"name":"Accueil","item":"https:\/\/www.iemj.org\/it\/"},{"@type":"ListItem","position":2,"name":"Canti del Tempio Maggiore di Roma"}]},{"@type":"WebSite","@id":"https:\/\/www.iemj.org\/it\/#website","url":"https:\/\/www.iemj.org\/it\/","name":"Institut Europ\u00e9en des Musiques Juives","description":"Des traditions musicales \u00e0 la port\u00e9e de tous","publisher":{"@id":"https:\/\/www.iemj.org\/it\/#organization"},"potentialAction":[{"@type":"SearchAction","target":{"@type":"EntryPoint","urlTemplate":"https:\/\/www.iemj.org\/it\/?s={search_term_string}"},"query-input":{"@type":"PropertyValueSpecification","valueRequired":true,"valueName":"search_term_string"}}],"inLanguage":"it-IT"},{"@type":"Organization","@id":"https:\/\/www.iemj.org\/it\/#organization","name":"Institut Europ\u00e9en des Musiques Juives","url":"https:\/\/www.iemj.org\/it\/","logo":{"@type":"ImageObject","inLanguage":"it-IT","@id":"https:\/\/www.iemj.org\/it\/#\/schema\/logo\/image\/","url":"https:\/\/www.iemj.org\/wp-content\/uploads\/2021\/09\/Logo-IEMJ-Paypal.jpg","contentUrl":"https:\/\/www.iemj.org\/wp-content\/uploads\/2021\/09\/Logo-IEMJ-Paypal.jpg","width":150,"height":50,"caption":"Institut Europ\u00e9en des Musiques Juives"},"image":{"@id":"https:\/\/www.iemj.org\/it\/#\/schema\/logo\/image\/"},"sameAs":["https:\/\/www.facebook.com\/MusiquesJuives\/","https:\/\/www.instagram.com\/musiquesjuives\/","https:\/\/www.youtube.com\/user\/musiquesjuives"]},{"@type":"Person","@id":"https:\/\/www.iemj.org\/it\/#\/schema\/person\/358e26c18aca017fcc4cc15437f7279c","name":"Jacqueline ROTEN","image":{"@type":"ImageObject","inLanguage":"it-IT","@id":"https:\/\/secure.gravatar.com\/avatar\/5964256d6c6957de3a3505278957e0fb2a35119ac47ea41827a65301213c810b?s=96&d=mm&r=g","url":"https:\/\/secure.gravatar.com\/avatar\/5964256d6c6957de3a3505278957e0fb2a35119ac47ea41827a65301213c810b?s=96&d=mm&r=g","contentUrl":"https:\/\/secure.gravatar.com\/avatar\/5964256d6c6957de3a3505278957e0fb2a35119ac47ea41827a65301213c810b?s=96&d=mm&r=g","caption":"Jacqueline ROTEN"}}]}},"_links":{"self":[{"href":"https:\/\/www.iemj.org\/it\/wp-json\/wp\/v2\/posts\/83129","targetHints":{"allow":["GET"]}}],"collection":[{"href":"https:\/\/www.iemj.org\/it\/wp-json\/wp\/v2\/posts"}],"about":[{"href":"https:\/\/www.iemj.org\/it\/wp-json\/wp\/v2\/types\/post"}],"author":[{"embeddable":true,"href":"https:\/\/www.iemj.org\/it\/wp-json\/wp\/v2\/users\/5"}],"replies":[{"embeddable":true,"href":"https:\/\/www.iemj.org\/it\/wp-json\/wp\/v2\/comments?post=83129"}],"version-history":[{"count":1,"href":"https:\/\/www.iemj.org\/it\/wp-json\/wp\/v2\/posts\/83129\/revisions"}],"predecessor-version":[{"id":127069,"href":"https:\/\/www.iemj.org\/it\/wp-json\/wp\/v2\/posts\/83129\/revisions\/127069"}],"wp:featuredmedia":[{"embeddable":true,"href":"https:\/\/www.iemj.org\/it\/wp-json\/wp\/v2\/media\/83030"}],"wp:attachment":[{"href":"https:\/\/www.iemj.org\/it\/wp-json\/wp\/v2\/media?parent=83129"}],"wp:term":[{"taxonomy":"category","embeddable":true,"href":"https:\/\/www.iemj.org\/it\/wp-json\/wp\/v2\/categories?post=83129"},{"taxonomy":"post_tag","embeddable":true,"href":"https:\/\/www.iemj.org\/it\/wp-json\/wp\/v2\/tags?post=83129"},{"taxonomy":"technique","embeddable":true,"href":"https:\/\/www.iemj.org\/it\/wp-json\/wp\/v2\/technique?post=83129"},{"taxonomy":"squelettes","embeddable":true,"href":"https:\/\/www.iemj.org\/it\/wp-json\/wp\/v2\/squelettes?post=83129"},{"taxonomy":"sujet","embeddable":true,"href":"https:\/\/www.iemj.org\/it\/wp-json\/wp\/v2\/sujet?post=83129"},{"taxonomy":"formation","embeddable":true,"href":"https:\/\/www.iemj.org\/it\/wp-json\/wp\/v2\/formation?post=83129"},{"taxonomy":"genre","embeddable":true,"href":"https:\/\/www.iemj.org\/it\/wp-json\/wp\/v2\/genre?post=83129"},{"taxonomy":"fonds","embeddable":true,"href":"https:\/\/www.iemj.org\/it\/wp-json\/wp\/v2\/fonds?post=83129"},{"taxonomy":"tradition","embeddable":true,"href":"https:\/\/www.iemj.org\/it\/wp-json\/wp\/v2\/tradition?post=83129"},{"taxonomy":"type-de-contenu","embeddable":true,"href":"https:\/\/www.iemj.org\/it\/wp-json\/wp\/v2\/type-de-contenu?post=83129"},{"taxonomy":"interprete-compositeur","embeddable":true,"href":"https:\/\/www.iemj.org\/it\/wp-json\/wp\/v2\/interprete-compositeur?post=83129"},{"taxonomy":"frise","embeddable":true,"href":"https:\/\/www.iemj.org\/it\/wp-json\/wp\/v2\/frise?post=83129"},{"taxonomy":"type-devenement","embeddable":true,"href":"https:\/\/www.iemj.org\/it\/wp-json\/wp\/v2\/type-devenement?post=83129"},{"taxonomy":"tableaux-liens-externes","embeddable":true,"href":"https:\/\/www.iemj.org\/it\/wp-json\/wp\/v2\/tableaux-liens-externes?post=83129"}],"curies":[{"name":"wp","href":"https:\/\/api.w.org\/{rel}","templated":true}]}}