{"id":83650,"date":"2018-03-27T11:30:32","date_gmt":"2018-03-27T09:30:32","guid":{"rendered":"https:\/\/www.iemj.org\/adler-israel-1925-2009\/"},"modified":"2022-05-05T15:02:26","modified_gmt":"2022-05-05T13:02:26","slug":"adler-israel-1925-2009","status":"publish","type":"post","link":"https:\/\/www.iemj.org\/it\/adler-israel-1925-2009\/","title":{"rendered":"Adler, Israel (1925-2009)"},"content":{"rendered":"<p>Nato nel 1925 a Berlino in una famiglia di tre figli, Israel Adler emigra in Palestina con i suoi genitori all&#8217;et\u00e0 di undici anni. L\u00ec prosegue gli studi religiosi nelle yeshivot di Gerusalemme e poi di Petah Tikva. A 23 anni alla creazione dello Stato di Israele, partecipa alla guerra d&#8217;indipendenza all&#8217;interno del Palmach. Ma attratto dalla musica, si trasferisce a Parigi nel 1950 per seguire i corsi di pianoforte di Lazare L\u00e9vy (Scuola Normale Superiore di Musica) ed i corsi di armonia di Georges Dandelot (Conservatorio Nazionale di Musica). Contemporaneamente si iscrive alla Scuola Pratica di Studi Superiori e all&#8217;Istituto di Musicologia della Sorbona dove ottiene il dottorato nel 1963 per il suo fondamentale lavoro sulla pratica musicale erudita delle comunit\u00e0 ebraiche in Europa nel XVII secolo e XVIII secolo.<\/p>\n<p>Durante i suoi tredici anni di studio a Parigi (1950-1963), \u00e8 nominato assistente del musicologo Jacques Chailley alla Sorbona e responsabile dei manoscritti ebraici della Biblioteca Nazionale. E\u2019 anche in Francia che conosce sua moglie, Mich\u00e8le, che gli dar\u00e0 un figlio, Elie.<\/p>\n<p>Nel 1963 l&#8217;Universit\u00e0 Ebraica di Gerusalemme gli offre la carica di Direttore del nuovo Dipartimento di Musica della Biblioteca Nazionale Ebraica e Universitaria (JNUL). Poco dopo la sua nomina, Adler fonda nel 1964 il Centro di Ricerche sulle Musiche Ebraiche, poi nel 1965 la Fonoteca Nazionale d\u2019Israele (le&#8217;umit Fonoteca), basata sul modello della Fonoteca della BNF. Questa istituzione \u00e8 oggi riconosciuta come uno dei principali centri di documentazione sulle tradizioni musicali orali, ebraiche e non-ebraiche, di Israele, della Palestina e pi\u00f9 in generale del Medio Oriente.<\/p>\n<p>Fondatore anche della Societ\u00e0 di Musicologia israeliana nel 1967, Adler non per questo trascura i suoi doveri di ricerca e d\u2019insegnamento. Nel 1971 \u00e8 nominato Professore Associato di Musicologia all&#8217;Universit\u00e0 di Tel Aviv, poi dal 1975 al 1989 Professore all&#8217;Universit\u00e0 Ebraica di Gerusalemme dove ottiene nel 1994 il titolo di &#8220;professore emerito&#8221;.<\/p>\n<p>Spinto da un&#8217;energia non comune, Adler \u00e8 autore di lavori importanti sulle musiche ebraiche. Bibliotecario di cuore, sogna di redigere, nella continuit\u00e0 dei lavori di Abraham Zvi Idelsohn, l&#8217;inventario il pi\u00f9 completo possibile delle fonti musicali ebraiche. E\u2019 con questo spirito che lavora per quasi 20 anni, con l&#8217;aiuto di L\u00e9a Shalem, alla pubblicazione di un&#8217;opera che elenca tutti i manoscritti musicali ebraici prima del 1840. Un\u2019altra delle sue grandi realizzazioni \u00e8 la pubblicazione di una raccolta che elenca tutti gli scritti in ebraico sulla musica dal periodo dei Geonim (589) fino al 1800.<\/p>\n<p>Un altro tratto forte del carattere di Adler \u00e8 il suo carattere pugnace. Mentre dirige il Dipartimento di Musica della Biblioteca Nazionale Ebraica e Universitaria, viene a sapere che una donna residente a Parigi possiede un&#8217;importante collezione di manoscritti della Genizah del Cairo. A forza di tenacia, riesce a convincerla a permettergli di microfilmare questi documenti, a volte vecchi di pi\u00f9 di 1.000 anni. Nell&#8217;arco di pochi giorni, migliaia di manoscritti unici sono estratti da una cassa alta pi\u00f9 di 2 metri e larga 1,20 per essere inventariati e poi microfilmati!<\/p>\n<p>Negli ultimi anni della sua vita, Israel Adler si sforza di ottenere dalle autorit\u00e0 ucraine una copia della straordinaria collezione del musicologo ebreo russo Moise Beregovski, dimenticata durante il periodo stalinista, e ritrovata nella Biblioteca nazionale Vernadski a Kiev.<\/p>\n<p>Tra le sue attivit\u00e0 va ricordata anche la sua attivit\u00e0 editoriale di numerosi spartiti di musiche barocche ebraiche, tra cui l&#8217;Oratorio di Ester (1774) \u2013 opera scritta da Cristiano Giuseppe Lidarti su libretto in ebraico del rabbino Jacob Raphael Saraval \u2013 di cui \u00e8 all&#8217;origine della riscoperta.<\/p>\n","protected":false},"excerpt":{"rendered":"<p>Nato nel 1925 a Berlino in una famiglia di tre figli, Israel Adler emigra in Palestina con i suoi genitori all&#8217;et\u00e0 di undici anni. L\u00ec prosegue gli studi religiosi nelle<\/p>\n","protected":false},"author":1052,"featured_media":83651,"comment_status":"closed","ping_status":"open","sticky":false,"template":"","format":"standard","meta":{"_acf_changed":false,"footnotes":""},"categories":[1416],"tags":[],"technique":[],"squelettes":[],"sujet":[],"formation":[],"genre":[],"fonds":[],"tradition":[],"type-de-contenu":[],"interprete-compositeur":[],"frise":[],"type-devenement":[],"tableaux-liens-externes":[],"class_list":["post-83650","post","type-post","status-publish","format-standard","has-post-thumbnail","hentry","category-biografie-it"],"acf":[],"yoast_head":"<!-- This site is optimized with the Yoast SEO plugin v27.3 - https:\/\/yoast.com\/product\/yoast-seo-wordpress\/ -->\n<title>Adler, Israel (1925-2009) - Institut Europ\u00e9en des Musiques Juives<\/title>\n<meta name=\"robots\" content=\"index, follow, max-snippet:-1, max-image-preview:large, max-video-preview:-1\" \/>\n<link rel=\"canonical\" href=\"https:\/\/www.iemj.org\/it\/adler-israel-1925-2009\/\" \/>\n<meta property=\"og:locale\" content=\"it_IT\" \/>\n<meta property=\"og:type\" content=\"article\" \/>\n<meta property=\"og:title\" content=\"Adler, Israel (1925-2009) - Institut Europ\u00e9en des Musiques Juives\" \/>\n<meta property=\"og:description\" content=\"Nato nel 1925 a Berlino in una famiglia di tre figli, Israel Adler emigra in Palestina con i suoi genitori all&#8217;et\u00e0 di undici anni. L\u00ec prosegue gli studi religiosi nelle\" \/>\n<meta property=\"og:url\" content=\"https:\/\/www.iemj.org\/it\/adler-israel-1925-2009\/\" \/>\n<meta property=\"og:site_name\" content=\"Institut Europ\u00e9en des Musiques Juives\" \/>\n<meta property=\"article:publisher\" content=\"https:\/\/www.facebook.com\/MusiquesJuives\/\" \/>\n<meta property=\"article:published_time\" content=\"2018-03-27T09:30:32+00:00\" \/>\n<meta property=\"article:modified_time\" content=\"2022-05-05T13:02:26+00:00\" \/>\n<meta property=\"og:image\" content=\"https:\/\/www.iemj.org\/wp-content\/uploads\/2018\/03\/arton3276-e1617024073851.jpg\" \/>\n\t<meta property=\"og:image:width\" content=\"167\" \/>\n\t<meta property=\"og:image:height\" content=\"218\" \/>\n\t<meta property=\"og:image:type\" content=\"image\/jpeg\" \/>\n<meta name=\"author\" content=\"Lea Couderc\" \/>\n<meta name=\"twitter:card\" content=\"summary_large_image\" \/>\n<meta name=\"twitter:label1\" content=\"Scritto da\" \/>\n\t<meta name=\"twitter:data1\" content=\"Lea Couderc\" \/>\n\t<meta name=\"twitter:label2\" content=\"Tempo di lettura stimato\" \/>\n\t<meta name=\"twitter:data2\" content=\"3 minuti\" \/>\n<script type=\"application\/ld+json\" class=\"yoast-schema-graph\">{\"@context\":\"https:\\\/\\\/schema.org\",\"@graph\":[{\"@type\":\"Article\",\"@id\":\"https:\\\/\\\/www.iemj.org\\\/it\\\/adler-israel-1925-2009\\\/#article\",\"isPartOf\":{\"@id\":\"https:\\\/\\\/www.iemj.org\\\/it\\\/adler-israel-1925-2009\\\/\"},\"author\":{\"name\":\"Lea Couderc\",\"@id\":\"https:\\\/\\\/www.iemj.org\\\/it\\\/#\\\/schema\\\/person\\\/e2ad57f2c4be119c7ed8ab79036807a9\"},\"headline\":\"Adler, Israel (1925-2009)\",\"datePublished\":\"2018-03-27T09:30:32+00:00\",\"dateModified\":\"2022-05-05T13:02:26+00:00\",\"mainEntityOfPage\":{\"@id\":\"https:\\\/\\\/www.iemj.org\\\/it\\\/adler-israel-1925-2009\\\/\"},\"wordCount\":578,\"publisher\":{\"@id\":\"https:\\\/\\\/www.iemj.org\\\/it\\\/#organization\"},\"image\":{\"@id\":\"https:\\\/\\\/www.iemj.org\\\/it\\\/adler-israel-1925-2009\\\/#primaryimage\"},\"thumbnailUrl\":\"https:\\\/\\\/www.iemj.org\\\/wp-content\\\/uploads\\\/2018\\\/03\\\/arton3276-e1617024073851.jpg\",\"articleSection\":[\"Biografie\"],\"inLanguage\":\"it-IT\"},{\"@type\":\"WebPage\",\"@id\":\"https:\\\/\\\/www.iemj.org\\\/it\\\/adler-israel-1925-2009\\\/\",\"url\":\"https:\\\/\\\/www.iemj.org\\\/it\\\/adler-israel-1925-2009\\\/\",\"name\":\"Adler, Israel (1925-2009) - Institut Europ\u00e9en des Musiques Juives\",\"isPartOf\":{\"@id\":\"https:\\\/\\\/www.iemj.org\\\/it\\\/#website\"},\"primaryImageOfPage\":{\"@id\":\"https:\\\/\\\/www.iemj.org\\\/it\\\/adler-israel-1925-2009\\\/#primaryimage\"},\"image\":{\"@id\":\"https:\\\/\\\/www.iemj.org\\\/it\\\/adler-israel-1925-2009\\\/#primaryimage\"},\"thumbnailUrl\":\"https:\\\/\\\/www.iemj.org\\\/wp-content\\\/uploads\\\/2018\\\/03\\\/arton3276-e1617024073851.jpg\",\"datePublished\":\"2018-03-27T09:30:32+00:00\",\"dateModified\":\"2022-05-05T13:02:26+00:00\",\"breadcrumb\":{\"@id\":\"https:\\\/\\\/www.iemj.org\\\/it\\\/adler-israel-1925-2009\\\/#breadcrumb\"},\"inLanguage\":\"it-IT\",\"potentialAction\":[{\"@type\":\"ReadAction\",\"target\":[\"https:\\\/\\\/www.iemj.org\\\/it\\\/adler-israel-1925-2009\\\/\"]}]},{\"@type\":\"ImageObject\",\"inLanguage\":\"it-IT\",\"@id\":\"https:\\\/\\\/www.iemj.org\\\/it\\\/adler-israel-1925-2009\\\/#primaryimage\",\"url\":\"https:\\\/\\\/www.iemj.org\\\/wp-content\\\/uploads\\\/2018\\\/03\\\/arton3276-e1617024073851.jpg\",\"contentUrl\":\"https:\\\/\\\/www.iemj.org\\\/wp-content\\\/uploads\\\/2018\\\/03\\\/arton3276-e1617024073851.jpg\",\"width\":167,\"height\":218},{\"@type\":\"BreadcrumbList\",\"@id\":\"https:\\\/\\\/www.iemj.org\\\/it\\\/adler-israel-1925-2009\\\/#breadcrumb\",\"itemListElement\":[{\"@type\":\"ListItem\",\"position\":1,\"name\":\"Accueil\",\"item\":\"https:\\\/\\\/www.iemj.org\\\/it\\\/\"},{\"@type\":\"ListItem\",\"position\":2,\"name\":\"Adler, Israel (1925-2009)\"}]},{\"@type\":\"WebSite\",\"@id\":\"https:\\\/\\\/www.iemj.org\\\/it\\\/#website\",\"url\":\"https:\\\/\\\/www.iemj.org\\\/it\\\/\",\"name\":\"Institut Europ\u00e9en des Musiques Juives\",\"description\":\"Des traditions musicales \u00e0 la port\u00e9e de tous\",\"publisher\":{\"@id\":\"https:\\\/\\\/www.iemj.org\\\/it\\\/#organization\"},\"potentialAction\":[{\"@type\":\"SearchAction\",\"target\":{\"@type\":\"EntryPoint\",\"urlTemplate\":\"https:\\\/\\\/www.iemj.org\\\/it\\\/?s={search_term_string}\"},\"query-input\":{\"@type\":\"PropertyValueSpecification\",\"valueRequired\":true,\"valueName\":\"search_term_string\"}}],\"inLanguage\":\"it-IT\"},{\"@type\":\"Organization\",\"@id\":\"https:\\\/\\\/www.iemj.org\\\/it\\\/#organization\",\"name\":\"Institut Europ\u00e9en des Musiques Juives\",\"url\":\"https:\\\/\\\/www.iemj.org\\\/it\\\/\",\"logo\":{\"@type\":\"ImageObject\",\"inLanguage\":\"it-IT\",\"@id\":\"https:\\\/\\\/www.iemj.org\\\/it\\\/#\\\/schema\\\/logo\\\/image\\\/\",\"url\":\"https:\\\/\\\/www.iemj.org\\\/wp-content\\\/uploads\\\/2021\\\/09\\\/Logo-IEMJ-Paypal.jpg\",\"contentUrl\":\"https:\\\/\\\/www.iemj.org\\\/wp-content\\\/uploads\\\/2021\\\/09\\\/Logo-IEMJ-Paypal.jpg\",\"width\":150,\"height\":50,\"caption\":\"Institut Europ\u00e9en des Musiques Juives\"},\"image\":{\"@id\":\"https:\\\/\\\/www.iemj.org\\\/it\\\/#\\\/schema\\\/logo\\\/image\\\/\"},\"sameAs\":[\"https:\\\/\\\/www.facebook.com\\\/MusiquesJuives\\\/\",\"https:\\\/\\\/www.instagram.com\\\/musiquesjuives\\\/\",\"https:\\\/\\\/www.youtube.com\\\/user\\\/musiquesjuives\"]},{\"@type\":\"Person\",\"@id\":\"https:\\\/\\\/www.iemj.org\\\/it\\\/#\\\/schema\\\/person\\\/e2ad57f2c4be119c7ed8ab79036807a9\",\"name\":\"Lea Couderc\",\"image\":{\"@type\":\"ImageObject\",\"inLanguage\":\"it-IT\",\"@id\":\"https:\\\/\\\/secure.gravatar.com\\\/avatar\\\/46ee021475d60aeff17a7e490b79dea5a5684bb392ab7fd1494027411df8ba23?s=96&d=mm&r=g\",\"url\":\"https:\\\/\\\/secure.gravatar.com\\\/avatar\\\/46ee021475d60aeff17a7e490b79dea5a5684bb392ab7fd1494027411df8ba23?s=96&d=mm&r=g\",\"contentUrl\":\"https:\\\/\\\/secure.gravatar.com\\\/avatar\\\/46ee021475d60aeff17a7e490b79dea5a5684bb392ab7fd1494027411df8ba23?s=96&d=mm&r=g\",\"caption\":\"Lea Couderc\"}}]}<\/script>\n<!-- \/ Yoast SEO plugin. -->","yoast_head_json":{"title":"Adler, Israel (1925-2009) - Institut Europ\u00e9en des Musiques Juives","robots":{"index":"index","follow":"follow","max-snippet":"max-snippet:-1","max-image-preview":"max-image-preview:large","max-video-preview":"max-video-preview:-1"},"canonical":"https:\/\/www.iemj.org\/it\/adler-israel-1925-2009\/","og_locale":"it_IT","og_type":"article","og_title":"Adler, Israel (1925-2009) - Institut Europ\u00e9en des Musiques Juives","og_description":"Nato nel 1925 a Berlino in una famiglia di tre figli, Israel Adler emigra in Palestina con i suoi genitori all&#8217;et\u00e0 di undici anni. L\u00ec prosegue gli studi religiosi nelle","og_url":"https:\/\/www.iemj.org\/it\/adler-israel-1925-2009\/","og_site_name":"Institut Europ\u00e9en des Musiques Juives","article_publisher":"https:\/\/www.facebook.com\/MusiquesJuives\/","article_published_time":"2018-03-27T09:30:32+00:00","article_modified_time":"2022-05-05T13:02:26+00:00","og_image":[{"width":167,"height":218,"url":"https:\/\/www.iemj.org\/wp-content\/uploads\/2018\/03\/arton3276-e1617024073851.jpg","type":"image\/jpeg"}],"author":"Lea Couderc","twitter_card":"summary_large_image","twitter_misc":{"Scritto da":"Lea Couderc","Tempo di lettura stimato":"3 minuti"},"schema":{"@context":"https:\/\/schema.org","@graph":[{"@type":"Article","@id":"https:\/\/www.iemj.org\/it\/adler-israel-1925-2009\/#article","isPartOf":{"@id":"https:\/\/www.iemj.org\/it\/adler-israel-1925-2009\/"},"author":{"name":"Lea Couderc","@id":"https:\/\/www.iemj.org\/it\/#\/schema\/person\/e2ad57f2c4be119c7ed8ab79036807a9"},"headline":"Adler, Israel (1925-2009)","datePublished":"2018-03-27T09:30:32+00:00","dateModified":"2022-05-05T13:02:26+00:00","mainEntityOfPage":{"@id":"https:\/\/www.iemj.org\/it\/adler-israel-1925-2009\/"},"wordCount":578,"publisher":{"@id":"https:\/\/www.iemj.org\/it\/#organization"},"image":{"@id":"https:\/\/www.iemj.org\/it\/adler-israel-1925-2009\/#primaryimage"},"thumbnailUrl":"https:\/\/www.iemj.org\/wp-content\/uploads\/2018\/03\/arton3276-e1617024073851.jpg","articleSection":["Biografie"],"inLanguage":"it-IT"},{"@type":"WebPage","@id":"https:\/\/www.iemj.org\/it\/adler-israel-1925-2009\/","url":"https:\/\/www.iemj.org\/it\/adler-israel-1925-2009\/","name":"Adler, Israel (1925-2009) - Institut Europ\u00e9en des Musiques Juives","isPartOf":{"@id":"https:\/\/www.iemj.org\/it\/#website"},"primaryImageOfPage":{"@id":"https:\/\/www.iemj.org\/it\/adler-israel-1925-2009\/#primaryimage"},"image":{"@id":"https:\/\/www.iemj.org\/it\/adler-israel-1925-2009\/#primaryimage"},"thumbnailUrl":"https:\/\/www.iemj.org\/wp-content\/uploads\/2018\/03\/arton3276-e1617024073851.jpg","datePublished":"2018-03-27T09:30:32+00:00","dateModified":"2022-05-05T13:02:26+00:00","breadcrumb":{"@id":"https:\/\/www.iemj.org\/it\/adler-israel-1925-2009\/#breadcrumb"},"inLanguage":"it-IT","potentialAction":[{"@type":"ReadAction","target":["https:\/\/www.iemj.org\/it\/adler-israel-1925-2009\/"]}]},{"@type":"ImageObject","inLanguage":"it-IT","@id":"https:\/\/www.iemj.org\/it\/adler-israel-1925-2009\/#primaryimage","url":"https:\/\/www.iemj.org\/wp-content\/uploads\/2018\/03\/arton3276-e1617024073851.jpg","contentUrl":"https:\/\/www.iemj.org\/wp-content\/uploads\/2018\/03\/arton3276-e1617024073851.jpg","width":167,"height":218},{"@type":"BreadcrumbList","@id":"https:\/\/www.iemj.org\/it\/adler-israel-1925-2009\/#breadcrumb","itemListElement":[{"@type":"ListItem","position":1,"name":"Accueil","item":"https:\/\/www.iemj.org\/it\/"},{"@type":"ListItem","position":2,"name":"Adler, Israel (1925-2009)"}]},{"@type":"WebSite","@id":"https:\/\/www.iemj.org\/it\/#website","url":"https:\/\/www.iemj.org\/it\/","name":"Institut Europ\u00e9en des Musiques Juives","description":"Des traditions musicales \u00e0 la port\u00e9e de tous","publisher":{"@id":"https:\/\/www.iemj.org\/it\/#organization"},"potentialAction":[{"@type":"SearchAction","target":{"@type":"EntryPoint","urlTemplate":"https:\/\/www.iemj.org\/it\/?s={search_term_string}"},"query-input":{"@type":"PropertyValueSpecification","valueRequired":true,"valueName":"search_term_string"}}],"inLanguage":"it-IT"},{"@type":"Organization","@id":"https:\/\/www.iemj.org\/it\/#organization","name":"Institut Europ\u00e9en des Musiques Juives","url":"https:\/\/www.iemj.org\/it\/","logo":{"@type":"ImageObject","inLanguage":"it-IT","@id":"https:\/\/www.iemj.org\/it\/#\/schema\/logo\/image\/","url":"https:\/\/www.iemj.org\/wp-content\/uploads\/2021\/09\/Logo-IEMJ-Paypal.jpg","contentUrl":"https:\/\/www.iemj.org\/wp-content\/uploads\/2021\/09\/Logo-IEMJ-Paypal.jpg","width":150,"height":50,"caption":"Institut Europ\u00e9en des Musiques Juives"},"image":{"@id":"https:\/\/www.iemj.org\/it\/#\/schema\/logo\/image\/"},"sameAs":["https:\/\/www.facebook.com\/MusiquesJuives\/","https:\/\/www.instagram.com\/musiquesjuives\/","https:\/\/www.youtube.com\/user\/musiquesjuives"]},{"@type":"Person","@id":"https:\/\/www.iemj.org\/it\/#\/schema\/person\/e2ad57f2c4be119c7ed8ab79036807a9","name":"Lea Couderc","image":{"@type":"ImageObject","inLanguage":"it-IT","@id":"https:\/\/secure.gravatar.com\/avatar\/46ee021475d60aeff17a7e490b79dea5a5684bb392ab7fd1494027411df8ba23?s=96&d=mm&r=g","url":"https:\/\/secure.gravatar.com\/avatar\/46ee021475d60aeff17a7e490b79dea5a5684bb392ab7fd1494027411df8ba23?s=96&d=mm&r=g","contentUrl":"https:\/\/secure.gravatar.com\/avatar\/46ee021475d60aeff17a7e490b79dea5a5684bb392ab7fd1494027411df8ba23?s=96&d=mm&r=g","caption":"Lea Couderc"}}]}},"_links":{"self":[{"href":"https:\/\/www.iemj.org\/it\/wp-json\/wp\/v2\/posts\/83650","targetHints":{"allow":["GET"]}}],"collection":[{"href":"https:\/\/www.iemj.org\/it\/wp-json\/wp\/v2\/posts"}],"about":[{"href":"https:\/\/www.iemj.org\/it\/wp-json\/wp\/v2\/types\/post"}],"author":[{"embeddable":true,"href":"https:\/\/www.iemj.org\/it\/wp-json\/wp\/v2\/users\/1052"}],"replies":[{"embeddable":true,"href":"https:\/\/www.iemj.org\/it\/wp-json\/wp\/v2\/comments?post=83650"}],"version-history":[{"count":0,"href":"https:\/\/www.iemj.org\/it\/wp-json\/wp\/v2\/posts\/83650\/revisions"}],"wp:featuredmedia":[{"embeddable":true,"href":"https:\/\/www.iemj.org\/it\/wp-json\/wp\/v2\/media\/83651"}],"wp:attachment":[{"href":"https:\/\/www.iemj.org\/it\/wp-json\/wp\/v2\/media?parent=83650"}],"wp:term":[{"taxonomy":"category","embeddable":true,"href":"https:\/\/www.iemj.org\/it\/wp-json\/wp\/v2\/categories?post=83650"},{"taxonomy":"post_tag","embeddable":true,"href":"https:\/\/www.iemj.org\/it\/wp-json\/wp\/v2\/tags?post=83650"},{"taxonomy":"technique","embeddable":true,"href":"https:\/\/www.iemj.org\/it\/wp-json\/wp\/v2\/technique?post=83650"},{"taxonomy":"squelettes","embeddable":true,"href":"https:\/\/www.iemj.org\/it\/wp-json\/wp\/v2\/squelettes?post=83650"},{"taxonomy":"sujet","embeddable":true,"href":"https:\/\/www.iemj.org\/it\/wp-json\/wp\/v2\/sujet?post=83650"},{"taxonomy":"formation","embeddable":true,"href":"https:\/\/www.iemj.org\/it\/wp-json\/wp\/v2\/formation?post=83650"},{"taxonomy":"genre","embeddable":true,"href":"https:\/\/www.iemj.org\/it\/wp-json\/wp\/v2\/genre?post=83650"},{"taxonomy":"fonds","embeddable":true,"href":"https:\/\/www.iemj.org\/it\/wp-json\/wp\/v2\/fonds?post=83650"},{"taxonomy":"tradition","embeddable":true,"href":"https:\/\/www.iemj.org\/it\/wp-json\/wp\/v2\/tradition?post=83650"},{"taxonomy":"type-de-contenu","embeddable":true,"href":"https:\/\/www.iemj.org\/it\/wp-json\/wp\/v2\/type-de-contenu?post=83650"},{"taxonomy":"interprete-compositeur","embeddable":true,"href":"https:\/\/www.iemj.org\/it\/wp-json\/wp\/v2\/interprete-compositeur?post=83650"},{"taxonomy":"frise","embeddable":true,"href":"https:\/\/www.iemj.org\/it\/wp-json\/wp\/v2\/frise?post=83650"},{"taxonomy":"type-devenement","embeddable":true,"href":"https:\/\/www.iemj.org\/it\/wp-json\/wp\/v2\/type-devenement?post=83650"},{"taxonomy":"tableaux-liens-externes","embeddable":true,"href":"https:\/\/www.iemj.org\/it\/wp-json\/wp\/v2\/tableaux-liens-externes?post=83650"}],"curies":[{"name":"wp","href":"https:\/\/api.w.org\/{rel}","templated":true}]}}